{"id":6253,"date":"2021-09-27T14:40:00","date_gmt":"2021-09-27T17:40:00","guid":{"rendered":"https:\/\/fadeu.urantiacos.cl\/?p=6253"},"modified":"2023-09-07T14:42:07","modified_gmt":"2023-09-07T17:42:07","slug":"continua-el-ciclo-reflexiones-de-futuro-el-segundo-semestre-del-2021","status":"publish","type":"post","link":"https:\/\/fadeu.urantiacos.cl\/en\/2021\/09\/27\/continua-el-ciclo-reflexiones-de-futuro-el-segundo-semestre-del-2021\/","title":{"rendered":"Contin\u00faa el Ciclo \u201cReflexiones de Futuro\u201d el segundo semestre del 2021"},"content":{"rendered":"\n<figure class=\"wp-block-image size-full\"><img decoding=\"async\" width=\"350\" height=\"250\" src=\"https:\/\/fadeu.urantiacos.cl\/wp-content\/uploads\/2023\/09\/LCD_OCTUBRE2021_WEB.png\" alt=\"\" class=\"wp-image-6255\" srcset=\"https:\/\/fadeu.urantiacos.cl\/wp-content\/uploads\/2023\/09\/LCD_OCTUBRE2021_WEB.png 350w, https:\/\/fadeu.urantiacos.cl\/wp-content\/uploads\/2023\/09\/LCD_OCTUBRE2021_WEB-300x214.png 300w\" sizes=\"(max-width: 350px) 100vw, 350px\" \/><\/figure>\n\n\n\n<p>Las conferencias consideradas en esta instancia entregar\u00e1n conocimientos de avanzada, para cuestionar el estado de las disciplinas proyectuales, desde la complejidad y expansi\u00f3n de sus l\u00edmites, que en la actualidad interact\u00faan con otras disciplinas, oficios y materias.<\/p>\n\n\n\n<p>As\u00ed se propone reflexionar sobre el futuro del Dise\u00f1o y la Arquitectura a trav\u00e9s de la visi\u00f3n de algunos jefes de programa y docentes de la Facultad.<\/p>\n\n\n\n<p>La instancia comenz\u00f3 el 21 de septiembre, con la exposici\u00f3n de Hugo Mondrag\u00f3n y Guillermo Marini, titulada \u201cBack to School\u201d, abordando \u00bfde qu\u00e9 modo el dise\u00f1o y construcci\u00f3n del edificio escolar dialoga con las necesidades pedag\u00f3gicas de la comunidad educativa? \u00bfQu\u00e9 recursos poseen directivos, profesores y estudiantes para adecuar espacialmente su escuela?<\/p>\n\n\n\n<p><br>Lo anterior, ya que el cierre y reapertura de escuelas producto de la pandemia Covid-19 ha hecho evidente la necesidad de enfrentar estas preguntas, explorando el lenguaje que comparten -o que no comparten- quienes construyen y habitan la escuela.<\/p>\n\n\n\n<p>En esta charla, se revisaron las condiciones hist\u00f3ricas, administrativas y est\u00e9ticas que han ido modelando las funciones de arquitectos y educadores en la tarea de dar forma a la escuela. (Puedes ver la charla en este link de Facebook:&nbsp;<a href=\"https:\/\/www.facebook.com\/fadeuuc\/videos\/1007205009823063\">https:\/\/www.facebook.com\/fadeuuc\/videos\/1007205009823063<\/a>).<\/p>\n\n\n\n<p>La invitaci\u00f3n es para las jornadas que vienen:<\/p>\n\n\n\n<p>&#8211;&nbsp;&nbsp;&nbsp;&nbsp;&nbsp;&nbsp; 13 de octubre: MADA, a cargo de Eduardo Moraga.<\/p>\n\n\n\n<p>&#8211;&nbsp;&nbsp;&nbsp;&nbsp;&nbsp;&nbsp; 20 de octubre: Animaci\u00f3n 3D, a cargo de Hugo Sep\u00falveda.<\/p>\n\n\n\n<p>&#8211;&nbsp;&nbsp;&nbsp;&nbsp;&nbsp;&nbsp; 27 de octubre: Calzado, a cargo de Isabel Miranda.<\/p>\n\n\n\n<p>&#8211;&nbsp;&nbsp;&nbsp;&nbsp;&nbsp;&nbsp; 4 de noviembre: MARQ, a cargo de Paula Velasco.<\/p>\n\n\n\n<p>&#8211;&nbsp;&nbsp;&nbsp;&nbsp;&nbsp;&nbsp; 11 de noviembre: MARQ, a cargo de Cristi\u00e1n Izquierdo.<\/p>\n\n\n\n<p>&#8211;&nbsp;&nbsp;&nbsp;&nbsp;&nbsp;&nbsp; 16 de noviembre: MAPC, a cargo de Elvira P\u00e9rez.<\/p>\n\n\n\n<p>&#8211;&nbsp;&nbsp;&nbsp;&nbsp;&nbsp;&nbsp; 25 de noviembre: MASE, a cargo de Claudio V\u00e1squez.<\/p>\n\n\n\n<p>&#8211;&nbsp;&nbsp;&nbsp;&nbsp;&nbsp;&nbsp; 30 de noviembre: MAPA, a cargo de Osvaldo Moreno.<\/p>\n\n\n\n<p>&#8211;&nbsp; &nbsp; &nbsp; &nbsp;7 de diciembre: MPUR, a cargo de Jos\u00e9 Di Gir\u00f3lamo.<\/p>\n\n\n\n<p>Todas las instancias ser\u00e1n realizadas y transmitidas a las 18.00hrs. En el caso de las transmisiones online, \u00e9stas se realizar\u00e1n a trav\u00e9s del Facebook LIVE de FADEU&nbsp;(<a href=\"https:\/\/www.facebook.com\/fadeuuc\">https:\/\/www.facebook.com\/fadeuuc<\/a>).<\/p>\n\n\n\n<p>Organizaci\u00f3n<\/p>\n\n\n\n<p>La instancia ha sido impulsada a trav\u00e9s de una gesti\u00f3n conjunta que ha involucrado a la Direcci\u00f3n de Extensi\u00f3n y Comunicaciones FADEU UC, y a las unidades de educaci\u00f3n continua de las escuelas de Arquitectura y Dise\u00f1o, a trav\u00e9s sus coordinadoras Carmen Freed y Constanza Almarza, generando una valiosa instancia de reflexi\u00f3n disciplinar y de adelanto de futuras tendencias para ambas profesiones. En la conducci\u00f3n del espacio est\u00e1 el arquitecto Marcial del R\u00edo de Las Condes Design.<\/p>\n\n\n\n<p>INFORMACI\u00d3N PERIOD\u00cdSTICA<br>JUAN ANDR\u00c9S INZUNZA<\/p>\n","protected":false},"excerpt":{"rendered":"<p>A modo de continuidad de su versi\u00f3n 2020, ya ha comenzado el ciclo organizado por la FADEU y Las Condes Design, el cual propone posicionar temas contempor\u00e1neos a trav\u00e9s de una serie de charlas asociadas a los cursos de educaci\u00f3n continua y, en esta oportunidad, se han sumado adem\u00e1s los diversos mag\u00edsteres que se imparten en las escuelas de Arquitectura y Dise\u00f1o.<\/p>\n","protected":false},"author":1,"featured_media":6255,"comment_status":"open","ping_status":"open","sticky":false,"template":"","format":"standard","meta":{"_acf_changed":false,"footnotes":""},"categories":[1],"tags":[],"class_list":["post-6253","post","type-post","status-publish","format-standard","has-post-thumbnail","hentry","category-sin-categorizar"],"acf":[],"yoast_head":"<!-- This site is optimized with the Yoast SEO plugin v27.1.1 - https:\/\/yoast.com\/product\/yoast-seo-wordpress\/ -->\n<title>Contin\u00faa el Ciclo \u201cReflexiones de Futuro\u201d el segundo semestre del 2021 - Facultad de Arquitectura, Dise\u00f1o y Estudios Urbanos<\/title>\n<meta name=\"description\" content=\"A modo de continuidad de su versi\u00f3n 2020, ya ha comenzado el ciclo organizado por la FADEU y Las Condes Design, el cual propone posicionar temas contempor\u00e1neos a trav\u00e9s de una serie de charlas asociadas a los cursos de educaci\u00f3n continua y, en esta oportunidad, se han sumado adem\u00e1s los diversos mag\u00edsteres que se imparten en las escuelas de Arquitectura y Dise\u00f1o.\" \/>\n<meta name=\"robots\" content=\"index, follow, max-snippet:-1, max-image-preview:large, max-video-preview:-1\" \/>\n<link rel=\"canonical\" href=\"https:\/\/fadeu.urantiacos.cl\/en\/2021\/09\/27\/continua-el-ciclo-reflexiones-de-futuro-el-segundo-semestre-del-2021\/\" \/>\n<meta property=\"og:locale\" content=\"en_US\" \/>\n<meta property=\"og:type\" content=\"article\" \/>\n<meta property=\"og:title\" content=\"Contin\u00faa el Ciclo \u201cReflexiones de Futuro\u201d el segundo semestre del 2021 - Facultad de Arquitectura, Dise\u00f1o y Estudios Urbanos\" \/>\n<meta property=\"og:description\" content=\"A modo de continuidad de su versi\u00f3n 2020, ya ha comenzado el ciclo organizado por la FADEU y Las Condes Design, el cual propone posicionar temas contempor\u00e1neos a trav\u00e9s de una serie de charlas asociadas a los cursos de educaci\u00f3n continua y, en esta oportunidad, se han sumado adem\u00e1s los diversos mag\u00edsteres que se imparten en las escuelas de Arquitectura y Dise\u00f1o.\" \/>\n<meta property=\"og:url\" content=\"https:\/\/fadeu.urantiacos.cl\/en\/2021\/09\/27\/continua-el-ciclo-reflexiones-de-futuro-el-segundo-semestre-del-2021\/\" \/>\n<meta property=\"og:site_name\" content=\"Facultad de Arquitectura, Dise\u00f1o y Estudios Urbanos\" \/>\n<meta property=\"article:published_time\" content=\"2021-09-27T17:40:00+00:00\" \/>\n<meta property=\"article:modified_time\" content=\"2023-09-07T17:42:07+00:00\" \/>\n<meta property=\"og:image\" content=\"https:\/\/fadeu.urantiacos.cl\/wp-content\/uploads\/2023\/09\/LCD_OCTUBRE2021_WEB.png\" \/>\n\t<meta property=\"og:image:width\" content=\"350\" \/>\n\t<meta property=\"og:image:height\" content=\"250\" \/>\n\t<meta property=\"og:image:type\" content=\"image\/png\" \/>\n<meta name=\"author\" content=\"manadmin\" \/>\n<meta name=\"twitter:card\" content=\"summary_large_image\" \/>\n<meta name=\"twitter:label1\" content=\"Written by\" \/>\n\t<meta name=\"twitter:data1\" content=\"manadmin\" \/>\n\t<meta name=\"twitter:label2\" content=\"Est. reading time\" \/>\n\t<meta name=\"twitter:data2\" content=\"2 minutes\" \/>\n<script type=\"application\/ld+json\" class=\"yoast-schema-graph\">{\"@context\":\"https:\/\/schema.org\",\"@graph\":[{\"@type\":\"Article\",\"@id\":\"https:\/\/fadeu.urantiacos.cl\/en\/2021\/09\/27\/continua-el-ciclo-reflexiones-de-futuro-el-segundo-semestre-del-2021\/#article\",\"isPartOf\":{\"@id\":\"https:\/\/fadeu.urantiacos.cl\/en\/2021\/09\/27\/continua-el-ciclo-reflexiones-de-futuro-el-segundo-semestre-del-2021\/\"},\"author\":{\"name\":\"manadmin\",\"@id\":\"https:\/\/fadeu.urantiacos.cl\/en\/#\/schema\/person\/d203e2e84b1c40275eac77b3061a19a2\"},\"headline\":\"Contin\u00faa el Ciclo \u201cReflexiones de Futuro\u201d el segundo semestre del 2021\",\"datePublished\":\"2021-09-27T17:40:00+00:00\",\"dateModified\":\"2023-09-07T17:42:07+00:00\",\"mainEntityOfPage\":{\"@id\":\"https:\/\/fadeu.urantiacos.cl\/en\/2021\/09\/27\/continua-el-ciclo-reflexiones-de-futuro-el-segundo-semestre-del-2021\/\"},\"wordCount\":507,\"commentCount\":0,\"image\":{\"@id\":\"https:\/\/fadeu.urantiacos.cl\/en\/2021\/09\/27\/continua-el-ciclo-reflexiones-de-futuro-el-segundo-semestre-del-2021\/#primaryimage\"},\"thumbnailUrl\":\"https:\/\/fadeu.urantiacos.cl\/wp-content\/uploads\/2023\/09\/LCD_OCTUBRE2021_WEB.png\",\"articleSection\":[\"Sin categorizar\"],\"inLanguage\":\"en-US\",\"potentialAction\":[{\"@type\":\"CommentAction\",\"name\":\"Comment\",\"target\":[\"https:\/\/fadeu.urantiacos.cl\/en\/2021\/09\/27\/continua-el-ciclo-reflexiones-de-futuro-el-segundo-semestre-del-2021\/#respond\"]}]},{\"@type\":\"WebPage\",\"@id\":\"https:\/\/fadeu.urantiacos.cl\/en\/2021\/09\/27\/continua-el-ciclo-reflexiones-de-futuro-el-segundo-semestre-del-2021\/\",\"url\":\"https:\/\/fadeu.urantiacos.cl\/en\/2021\/09\/27\/continua-el-ciclo-reflexiones-de-futuro-el-segundo-semestre-del-2021\/\",\"name\":\"Contin\u00faa el Ciclo \u201cReflexiones de Futuro\u201d el segundo semestre del 2021 - Facultad de Arquitectura, Dise\u00f1o y Estudios Urbanos\",\"isPartOf\":{\"@id\":\"https:\/\/fadeu.urantiacos.cl\/en\/#website\"},\"primaryImageOfPage\":{\"@id\":\"https:\/\/fadeu.urantiacos.cl\/en\/2021\/09\/27\/continua-el-ciclo-reflexiones-de-futuro-el-segundo-semestre-del-2021\/#primaryimage\"},\"image\":{\"@id\":\"https:\/\/fadeu.urantiacos.cl\/en\/2021\/09\/27\/continua-el-ciclo-reflexiones-de-futuro-el-segundo-semestre-del-2021\/#primaryimage\"},\"thumbnailUrl\":\"https:\/\/fadeu.urantiacos.cl\/wp-content\/uploads\/2023\/09\/LCD_OCTUBRE2021_WEB.png\",\"datePublished\":\"2021-09-27T17:40:00+00:00\",\"dateModified\":\"2023-09-07T17:42:07+00:00\",\"author\":{\"@id\":\"https:\/\/fadeu.urantiacos.cl\/en\/#\/schema\/person\/d203e2e84b1c40275eac77b3061a19a2\"},\"description\":\"A modo de continuidad de su versi\u00f3n 2020, ya ha comenzado el ciclo organizado por la FADEU y Las Condes Design, el cual propone posicionar temas contempor\u00e1neos a trav\u00e9s de una serie de charlas asociadas a los cursos de educaci\u00f3n continua y, en esta oportunidad, se han sumado adem\u00e1s los diversos mag\u00edsteres que se imparten en las escuelas de Arquitectura y Dise\u00f1o.\",\"breadcrumb\":{\"@id\":\"https:\/\/fadeu.urantiacos.cl\/en\/2021\/09\/27\/continua-el-ciclo-reflexiones-de-futuro-el-segundo-semestre-del-2021\/#breadcrumb\"},\"inLanguage\":\"en-US\",\"potentialAction\":[{\"@type\":\"ReadAction\",\"target\":[\"https:\/\/fadeu.urantiacos.cl\/en\/2021\/09\/27\/continua-el-ciclo-reflexiones-de-futuro-el-segundo-semestre-del-2021\/\"]}]},{\"@type\":\"ImageObject\",\"inLanguage\":\"en-US\",\"@id\":\"https:\/\/fadeu.urantiacos.cl\/en\/2021\/09\/27\/continua-el-ciclo-reflexiones-de-futuro-el-segundo-semestre-del-2021\/#primaryimage\",\"url\":\"https:\/\/fadeu.urantiacos.cl\/wp-content\/uploads\/2023\/09\/LCD_OCTUBRE2021_WEB.png\",\"contentUrl\":\"https:\/\/fadeu.urantiacos.cl\/wp-content\/uploads\/2023\/09\/LCD_OCTUBRE2021_WEB.png\",\"width\":350,\"height\":250},{\"@type\":\"BreadcrumbList\",\"@id\":\"https:\/\/fadeu.urantiacos.cl\/en\/2021\/09\/27\/continua-el-ciclo-reflexiones-de-futuro-el-segundo-semestre-del-2021\/#breadcrumb\",\"itemListElement\":[{\"@type\":\"ListItem\",\"position\":1,\"name\":\"Portada\",\"item\":\"https:\/\/fadeu.urantiacos.cl\/en\/\"},{\"@type\":\"ListItem\",\"position\":2,\"name\":\"Contin\u00faa el Ciclo \u201cReflexiones de Futuro\u201d el segundo semestre del 2021\"}]},{\"@type\":\"WebSite\",\"@id\":\"https:\/\/fadeu.urantiacos.cl\/en\/#website\",\"url\":\"https:\/\/fadeu.urantiacos.cl\/en\/\",\"name\":\"Facultad de Arquitectura, Dise\u00f1o y Estudios Urbanos\",\"description\":\"Campus Lo Contador\",\"potentialAction\":[{\"@type\":\"SearchAction\",\"target\":{\"@type\":\"EntryPoint\",\"urlTemplate\":\"https:\/\/fadeu.urantiacos.cl\/en\/?s={search_term_string}\"},\"query-input\":{\"@type\":\"PropertyValueSpecification\",\"valueRequired\":true,\"valueName\":\"search_term_string\"}}],\"inLanguage\":\"en-US\"},{\"@type\":\"Person\",\"@id\":\"https:\/\/fadeu.urantiacos.cl\/en\/#\/schema\/person\/d203e2e84b1c40275eac77b3061a19a2\",\"name\":\"manadmin\",\"image\":{\"@type\":\"ImageObject\",\"inLanguage\":\"en-US\",\"@id\":\"https:\/\/fadeu.urantiacos.cl\/en\/#\/schema\/person\/image\/\",\"url\":\"https:\/\/secure.gravatar.com\/avatar\/4b1d8e3303b4a9d8968ac578947d8bc80d9aea359f388cdd4aac15cadc0e8447?s=96&d=mm&r=g\",\"contentUrl\":\"https:\/\/secure.gravatar.com\/avatar\/4b1d8e3303b4a9d8968ac578947d8bc80d9aea359f388cdd4aac15cadc0e8447?s=96&d=mm&r=g\",\"caption\":\"manadmin\"},\"sameAs\":[\"https:\/\/fadeu.urantiacos.cl\"]}]}<\/script>\n<!-- \/ Yoast SEO plugin. -->","yoast_head_json":{"title":"Contin\u00faa el Ciclo \u201cReflexiones de Futuro\u201d el segundo semestre del 2021 - Facultad de Arquitectura, Dise\u00f1o y Estudios Urbanos","description":"A modo de continuidad de su versi\u00f3n 2020, ya ha comenzado el ciclo organizado por la FADEU y Las Condes Design, el cual propone posicionar temas contempor\u00e1neos a trav\u00e9s de una serie de charlas asociadas a los cursos de educaci\u00f3n continua y, en esta oportunidad, se han sumado adem\u00e1s los diversos mag\u00edsteres que se imparten en las escuelas de Arquitectura y Dise\u00f1o.","robots":{"index":"index","follow":"follow","max-snippet":"max-snippet:-1","max-image-preview":"max-image-preview:large","max-video-preview":"max-video-preview:-1"},"canonical":"https:\/\/fadeu.urantiacos.cl\/en\/2021\/09\/27\/continua-el-ciclo-reflexiones-de-futuro-el-segundo-semestre-del-2021\/","og_locale":"en_US","og_type":"article","og_title":"Contin\u00faa el Ciclo \u201cReflexiones de Futuro\u201d el segundo semestre del 2021 - Facultad de Arquitectura, Dise\u00f1o y Estudios Urbanos","og_description":"A modo de continuidad de su versi\u00f3n 2020, ya ha comenzado el ciclo organizado por la FADEU y Las Condes Design, el cual propone posicionar temas contempor\u00e1neos a trav\u00e9s de una serie de charlas asociadas a los cursos de educaci\u00f3n continua y, en esta oportunidad, se han sumado adem\u00e1s los diversos mag\u00edsteres que se imparten en las escuelas de Arquitectura y Dise\u00f1o.","og_url":"https:\/\/fadeu.urantiacos.cl\/en\/2021\/09\/27\/continua-el-ciclo-reflexiones-de-futuro-el-segundo-semestre-del-2021\/","og_site_name":"Facultad de Arquitectura, Dise\u00f1o y Estudios Urbanos","article_published_time":"2021-09-27T17:40:00+00:00","article_modified_time":"2023-09-07T17:42:07+00:00","og_image":[{"width":350,"height":250,"url":"https:\/\/fadeu.urantiacos.cl\/wp-content\/uploads\/2023\/09\/LCD_OCTUBRE2021_WEB.png","type":"image\/png"}],"author":"manadmin","twitter_card":"summary_large_image","twitter_misc":{"Written by":"manadmin","Est. reading time":"2 minutes"},"schema":{"@context":"https:\/\/schema.org","@graph":[{"@type":"Article","@id":"https:\/\/fadeu.urantiacos.cl\/en\/2021\/09\/27\/continua-el-ciclo-reflexiones-de-futuro-el-segundo-semestre-del-2021\/#article","isPartOf":{"@id":"https:\/\/fadeu.urantiacos.cl\/en\/2021\/09\/27\/continua-el-ciclo-reflexiones-de-futuro-el-segundo-semestre-del-2021\/"},"author":{"name":"manadmin","@id":"https:\/\/fadeu.urantiacos.cl\/en\/#\/schema\/person\/d203e2e84b1c40275eac77b3061a19a2"},"headline":"Contin\u00faa el Ciclo \u201cReflexiones de Futuro\u201d el segundo semestre del 2021","datePublished":"2021-09-27T17:40:00+00:00","dateModified":"2023-09-07T17:42:07+00:00","mainEntityOfPage":{"@id":"https:\/\/fadeu.urantiacos.cl\/en\/2021\/09\/27\/continua-el-ciclo-reflexiones-de-futuro-el-segundo-semestre-del-2021\/"},"wordCount":507,"commentCount":0,"image":{"@id":"https:\/\/fadeu.urantiacos.cl\/en\/2021\/09\/27\/continua-el-ciclo-reflexiones-de-futuro-el-segundo-semestre-del-2021\/#primaryimage"},"thumbnailUrl":"https:\/\/fadeu.urantiacos.cl\/wp-content\/uploads\/2023\/09\/LCD_OCTUBRE2021_WEB.png","articleSection":["Sin categorizar"],"inLanguage":"en-US","potentialAction":[{"@type":"CommentAction","name":"Comment","target":["https:\/\/fadeu.urantiacos.cl\/en\/2021\/09\/27\/continua-el-ciclo-reflexiones-de-futuro-el-segundo-semestre-del-2021\/#respond"]}]},{"@type":"WebPage","@id":"https:\/\/fadeu.urantiacos.cl\/en\/2021\/09\/27\/continua-el-ciclo-reflexiones-de-futuro-el-segundo-semestre-del-2021\/","url":"https:\/\/fadeu.urantiacos.cl\/en\/2021\/09\/27\/continua-el-ciclo-reflexiones-de-futuro-el-segundo-semestre-del-2021\/","name":"Contin\u00faa el Ciclo \u201cReflexiones de Futuro\u201d el segundo semestre del 2021 - Facultad de Arquitectura, Dise\u00f1o y Estudios Urbanos","isPartOf":{"@id":"https:\/\/fadeu.urantiacos.cl\/en\/#website"},"primaryImageOfPage":{"@id":"https:\/\/fadeu.urantiacos.cl\/en\/2021\/09\/27\/continua-el-ciclo-reflexiones-de-futuro-el-segundo-semestre-del-2021\/#primaryimage"},"image":{"@id":"https:\/\/fadeu.urantiacos.cl\/en\/2021\/09\/27\/continua-el-ciclo-reflexiones-de-futuro-el-segundo-semestre-del-2021\/#primaryimage"},"thumbnailUrl":"https:\/\/fadeu.urantiacos.cl\/wp-content\/uploads\/2023\/09\/LCD_OCTUBRE2021_WEB.png","datePublished":"2021-09-27T17:40:00+00:00","dateModified":"2023-09-07T17:42:07+00:00","author":{"@id":"https:\/\/fadeu.urantiacos.cl\/en\/#\/schema\/person\/d203e2e84b1c40275eac77b3061a19a2"},"description":"A modo de continuidad de su versi\u00f3n 2020, ya ha comenzado el ciclo organizado por la FADEU y Las Condes Design, el cual propone posicionar temas contempor\u00e1neos a trav\u00e9s de una serie de charlas asociadas a los cursos de educaci\u00f3n continua y, en esta oportunidad, se han sumado adem\u00e1s los diversos mag\u00edsteres que se imparten en las escuelas de Arquitectura y Dise\u00f1o.","breadcrumb":{"@id":"https:\/\/fadeu.urantiacos.cl\/en\/2021\/09\/27\/continua-el-ciclo-reflexiones-de-futuro-el-segundo-semestre-del-2021\/#breadcrumb"},"inLanguage":"en-US","potentialAction":[{"@type":"ReadAction","target":["https:\/\/fadeu.urantiacos.cl\/en\/2021\/09\/27\/continua-el-ciclo-reflexiones-de-futuro-el-segundo-semestre-del-2021\/"]}]},{"@type":"ImageObject","inLanguage":"en-US","@id":"https:\/\/fadeu.urantiacos.cl\/en\/2021\/09\/27\/continua-el-ciclo-reflexiones-de-futuro-el-segundo-semestre-del-2021\/#primaryimage","url":"https:\/\/fadeu.urantiacos.cl\/wp-content\/uploads\/2023\/09\/LCD_OCTUBRE2021_WEB.png","contentUrl":"https:\/\/fadeu.urantiacos.cl\/wp-content\/uploads\/2023\/09\/LCD_OCTUBRE2021_WEB.png","width":350,"height":250},{"@type":"BreadcrumbList","@id":"https:\/\/fadeu.urantiacos.cl\/en\/2021\/09\/27\/continua-el-ciclo-reflexiones-de-futuro-el-segundo-semestre-del-2021\/#breadcrumb","itemListElement":[{"@type":"ListItem","position":1,"name":"Portada","item":"https:\/\/fadeu.urantiacos.cl\/en\/"},{"@type":"ListItem","position":2,"name":"Contin\u00faa el Ciclo \u201cReflexiones de Futuro\u201d el segundo semestre del 2021"}]},{"@type":"WebSite","@id":"https:\/\/fadeu.urantiacos.cl\/en\/#website","url":"https:\/\/fadeu.urantiacos.cl\/en\/","name":"Facultad de Arquitectura, Dise\u00f1o y Estudios Urbanos","description":"Campus Lo Contador","potentialAction":[{"@type":"SearchAction","target":{"@type":"EntryPoint","urlTemplate":"https:\/\/fadeu.urantiacos.cl\/en\/?s={search_term_string}"},"query-input":{"@type":"PropertyValueSpecification","valueRequired":true,"valueName":"search_term_string"}}],"inLanguage":"en-US"},{"@type":"Person","@id":"https:\/\/fadeu.urantiacos.cl\/en\/#\/schema\/person\/d203e2e84b1c40275eac77b3061a19a2","name":"manadmin","image":{"@type":"ImageObject","inLanguage":"en-US","@id":"https:\/\/fadeu.urantiacos.cl\/en\/#\/schema\/person\/image\/","url":"https:\/\/secure.gravatar.com\/avatar\/4b1d8e3303b4a9d8968ac578947d8bc80d9aea359f388cdd4aac15cadc0e8447?s=96&d=mm&r=g","contentUrl":"https:\/\/secure.gravatar.com\/avatar\/4b1d8e3303b4a9d8968ac578947d8bc80d9aea359f388cdd4aac15cadc0e8447?s=96&d=mm&r=g","caption":"manadmin"},"sameAs":["https:\/\/fadeu.urantiacos.cl"]}]}},"_links":{"self":[{"href":"https:\/\/fadeu.urantiacos.cl\/en\/wp-json\/wp\/v2\/posts\/6253","targetHints":{"allow":["GET"]}}],"collection":[{"href":"https:\/\/fadeu.urantiacos.cl\/en\/wp-json\/wp\/v2\/posts"}],"about":[{"href":"https:\/\/fadeu.urantiacos.cl\/en\/wp-json\/wp\/v2\/types\/post"}],"author":[{"embeddable":true,"href":"https:\/\/fadeu.urantiacos.cl\/en\/wp-json\/wp\/v2\/users\/1"}],"replies":[{"embeddable":true,"href":"https:\/\/fadeu.urantiacos.cl\/en\/wp-json\/wp\/v2\/comments?post=6253"}],"version-history":[{"count":1,"href":"https:\/\/fadeu.urantiacos.cl\/en\/wp-json\/wp\/v2\/posts\/6253\/revisions"}],"predecessor-version":[{"id":6256,"href":"https:\/\/fadeu.urantiacos.cl\/en\/wp-json\/wp\/v2\/posts\/6253\/revisions\/6256"}],"wp:featuredmedia":[{"embeddable":true,"href":"https:\/\/fadeu.urantiacos.cl\/en\/wp-json\/wp\/v2\/media\/6255"}],"wp:attachment":[{"href":"https:\/\/fadeu.urantiacos.cl\/en\/wp-json\/wp\/v2\/media?parent=6253"}],"wp:term":[{"taxonomy":"category","embeddable":true,"href":"https:\/\/fadeu.urantiacos.cl\/en\/wp-json\/wp\/v2\/categories?post=6253"},{"taxonomy":"post_tag","embeddable":true,"href":"https:\/\/fadeu.urantiacos.cl\/en\/wp-json\/wp\/v2\/tags?post=6253"}],"curies":[{"name":"wp","href":"https:\/\/api.w.org\/{rel}","templated":true}]}}