{"id":6247,"date":"2021-09-30T14:34:00","date_gmt":"2021-09-30T17:34:00","guid":{"rendered":"https:\/\/fadeu.urantiacos.cl\/?p=6247"},"modified":"2023-09-07T14:38:33","modified_gmt":"2023-09-07T17:38:33","slug":"docentes-e-investigadores-as-uc-se-dieron-cita-en-el-foro-chile-italia","status":"publish","type":"post","link":"https:\/\/fadeu.urantiacos.cl\/en\/2021\/09\/30\/docentes-e-investigadores-as-uc-se-dieron-cita-en-el-foro-chile-italia\/","title":{"rendered":"Docentes e Investigadores\/as UC se dieron cita en el Foro Chile-Italia"},"content":{"rendered":"\n<figure class=\"wp-block-image size-full\"><img decoding=\"async\" width=\"350\" height=\"250\" src=\"https:\/\/fadeu.urantiacos.cl\/wp-content\/uploads\/2023\/09\/WEB_PHOTO-2021-09-27-21-49-30.jpg\" alt=\"\" class=\"wp-image-6248\" srcset=\"https:\/\/fadeu.urantiacos.cl\/wp-content\/uploads\/2023\/09\/WEB_PHOTO-2021-09-27-21-49-30.jpg 350w, https:\/\/fadeu.urantiacos.cl\/wp-content\/uploads\/2023\/09\/WEB_PHOTO-2021-09-27-21-49-30-300x214.jpg 300w\" sizes=\"(max-width: 350px) 100vw, 350px\" \/><\/figure>\n\n\n\n<p>Las universidades presentes fueron la Cat\u00f3lica de Chile; Universidad de Chile; Universit\u00e0 di Bologna; Universidad Tecnol\u00f3gica Metropolitana; Universidad de Valpara\u00edso; DUOC UC; La Sapienza; y el Polit\u00e9cnico de Milano.<\/p>\n\n\n\n<p>Los profesores y profesoras de la Facultad de Arquitectura, Dise\u00f1o y Estudios Urbanos, y sus respectivas exposiciones, presentes en la actividad fueron:<\/p>\n\n\n\n<p>&#8211;&nbsp;&nbsp;&nbsp;&nbsp;&nbsp;&nbsp; Rodrigo Ram\u00edrez (ecuela de Dise\u00f1o): \u201cDise\u00f1o de Informaci\u00f3n para Cr\u00edsis y Emergencias\u201d.<\/p>\n\n\n\n<p>&#8211;&nbsp;&nbsp;&nbsp;&nbsp;&nbsp;&nbsp; Jos\u00e9 Allard (escuela de Dise\u00f1o): \u201cWorkshops de Laurea magistrale: casos de estudio\u201d.<\/p>\n\n\n\n<p>&#8211;&nbsp;&nbsp;&nbsp;&nbsp;&nbsp;&nbsp; Alberto Gonz\u00e1lez, Daniela Bianchi, Rodrigo Ram\u00edrez (escuela de Dise\u00f1o): \u201cMADA UC: Posibilidades de doble graduaci\u00f3n a nivel de mag\u00edster\u201d.<\/p>\n\n\n\n<p>&#8211;&nbsp;&nbsp;&nbsp;&nbsp;&nbsp;&nbsp; Hugo Mondrag\u00f3n (escuela de Arquitectura): \u201cEl paisaje ferroviario y el patrimonio cultural miradas cruzadas Italia-Chile\u201d.<\/p>\n\n\n\n<p>&#8211;&nbsp;&nbsp;&nbsp;&nbsp;&nbsp;&nbsp; Elvira P\u00e9rez (escuela de Arquitectura): \u201cPatrimonio, Proyecto y Ciudad\u201d.<\/p>\n\n\n\n<p>&#8211;&nbsp;&nbsp;&nbsp;&nbsp;&nbsp;&nbsp; Eugenio Garc\u00e9s, Carlos Silva y Umberto Bonomo (escuela de Arquitectura y Centro del Patrimonio Cultural UC): \u201cPaisaje Cultural de Magallanes: territorio sin frontera\u201d.<\/p>\n\n\n\n<p>&#8211;&nbsp;&nbsp;&nbsp;&nbsp;&nbsp;&nbsp; Elena Alfaro (escuela de Dise\u00f1o): \u201cArtesan\u00eda: identidad, territorio y patrimonio\u201d.<\/p>\n\n\n\n<p>&#8211;&nbsp;&nbsp;&nbsp;&nbsp;&nbsp;&nbsp; Macarena Cort\u00e9s (escuela de Arquitectura): \u201cColonias de Verano, Salubridad y Patrimonio: experiencias italianas y chilenas\u201d.<\/p>\n\n\n\n<p>&#8211;&nbsp;&nbsp;&nbsp;&nbsp;&nbsp;&nbsp; Chiara Palazzi (escuela de Arquitectura): \u201cIntegrated Risk Analysis of historical urban landscape. Case of study Yungay\u201d.<\/p>\n\n\n\n<p>&#8211;&nbsp;&nbsp;&nbsp;&nbsp;&nbsp;&nbsp; Marco Barrientos (escuela de Arquitectura): \u201cBetween historic unreinforced masonry buildings and historic reinforced concrete structures: The Recoleta Dominica basilica case study in Santiago, Chile (1853-1928)\u201d.<\/p>\n\n\n\n<p>\u201cEl Foro Chile-Italia fue la segunda versi\u00f3n, desarrollado entre ambos pa\u00edses, y es una instancia muy importante porque permite conocer el trabajo de investigadores de ambos pa\u00edses y establecer redes de trabajo y contactos para postulaciones de proyectos conjuntos, lo que hoy en un mundo globalizado que trabaja de manera h\u00edper conectada las 24 horas del d\u00eda, adquiere vital relevancia para establecer puntos de uni\u00f3n entre investigadores e investigaciones y contribuir desde ah\u00ed al desarrollo del conocimiento\u201d, advirti\u00f3 Umberto Bonomo, acad\u00e9mico de la escuela de Arquitectura, Director del Centro del Patrimonio Cultural UC y co-organizador de la instancia.<\/p>\n\n\n\n<p>El evento contribuy\u00f3 a difundir, en l\u00edneas generales, el trabajo de cada uno de los participantes a fin de facilitar la constituci\u00f3n de grupos de trabajo binacionales. Se privilegi\u00f3 la consolidaci\u00f3n de producciones binacionales en desarrollo o con potencial de cooperaci\u00f3n. Por esta raz\u00f3n, se decidi\u00f3 convocar por invitaci\u00f3n a colegas vinculados de alguna manera a las contrapartes, ya sean chilenas o italianas. Las presentaciones se desarrollaron en cinco minutos y los investigadores comunicaron, en tres dispositivas, el problema que enfrent\u00f3 el trabajo respectivo y los resultados obtenidos.<\/p>\n\n\n\n<p>INFORMACI\u00d3N PERIOD\u00cdSTICA<br>JUAN ANDR\u00c9S INZUNZA<\/p>\n","protected":false},"excerpt":{"rendered":"<p>La semana pasada se llev\u00f3 a cabo el Foro Chile-Italia, instancia que reuni\u00f3 a docentes y e investigadores\/as de diversas universidades de Chile e Italia, para exponer y trabajar en torno al concepto de \u201cDise\u00f1o, Arquitectura y Patrimonio: el tiempo y la emoci\u00f3n en la construcci\u00f3n de la identidad\u201d.<\/p>\n","protected":false},"author":1,"featured_media":6248,"comment_status":"open","ping_status":"open","sticky":false,"template":"","format":"standard","meta":{"_acf_changed":false,"footnotes":""},"categories":[1],"tags":[],"class_list":["post-6247","post","type-post","status-publish","format-standard","has-post-thumbnail","hentry","category-sin-categorizar"],"acf":[],"yoast_head":"<!-- This site is optimized with the Yoast SEO plugin v27.1.1 - https:\/\/yoast.com\/product\/yoast-seo-wordpress\/ -->\n<title>Docentes e Investigadores\/as UC se dieron cita en el Foro Chile-Italia - Facultad de Arquitectura, Dise\u00f1o y Estudios Urbanos<\/title>\n<meta name=\"description\" content=\"La semana pasada se llev\u00f3 a cabo el Foro Chile-Italia, instancia que reuni\u00f3 a docentes y e investigadores\/as de diversas universidades de Chile e Italia, para exponer y trabajar en torno al concepto de \u201cDise\u00f1o, Arquitectura y Patrimonio: el tiempo y la emoci\u00f3n en la construcci\u00f3n de la identidad\u201d.\" \/>\n<meta name=\"robots\" content=\"index, follow, max-snippet:-1, max-image-preview:large, max-video-preview:-1\" \/>\n<link rel=\"canonical\" href=\"https:\/\/fadeu.urantiacos.cl\/en\/2021\/09\/30\/docentes-e-investigadores-as-uc-se-dieron-cita-en-el-foro-chile-italia\/\" \/>\n<meta property=\"og:locale\" content=\"en_US\" \/>\n<meta property=\"og:type\" content=\"article\" \/>\n<meta property=\"og:title\" content=\"Docentes e Investigadores\/as UC se dieron cita en el Foro Chile-Italia - Facultad de Arquitectura, Dise\u00f1o y Estudios Urbanos\" \/>\n<meta property=\"og:description\" content=\"La semana pasada se llev\u00f3 a cabo el Foro Chile-Italia, instancia que reuni\u00f3 a docentes y e investigadores\/as de diversas universidades de Chile e Italia, para exponer y trabajar en torno al concepto de \u201cDise\u00f1o, Arquitectura y Patrimonio: el tiempo y la emoci\u00f3n en la construcci\u00f3n de la identidad\u201d.\" \/>\n<meta property=\"og:url\" content=\"https:\/\/fadeu.urantiacos.cl\/en\/2021\/09\/30\/docentes-e-investigadores-as-uc-se-dieron-cita-en-el-foro-chile-italia\/\" \/>\n<meta property=\"og:site_name\" content=\"Facultad de Arquitectura, Dise\u00f1o y Estudios Urbanos\" \/>\n<meta property=\"article:published_time\" content=\"2021-09-30T17:34:00+00:00\" \/>\n<meta property=\"article:modified_time\" content=\"2023-09-07T17:38:33+00:00\" \/>\n<meta property=\"og:image\" content=\"https:\/\/fadeu.urantiacos.cl\/wp-content\/uploads\/2023\/09\/WEB_PHOTO-2021-09-27-21-49-30.jpg\" \/>\n\t<meta property=\"og:image:width\" content=\"350\" \/>\n\t<meta property=\"og:image:height\" content=\"250\" \/>\n\t<meta property=\"og:image:type\" content=\"image\/jpeg\" \/>\n<meta name=\"author\" content=\"manadmin\" \/>\n<meta name=\"twitter:card\" content=\"summary_large_image\" \/>\n<meta name=\"twitter:label1\" content=\"Written by\" \/>\n\t<meta name=\"twitter:data1\" content=\"manadmin\" \/>\n\t<meta name=\"twitter:label2\" content=\"Est. reading time\" \/>\n\t<meta name=\"twitter:data2\" content=\"3 minutes\" \/>\n<script type=\"application\/ld+json\" class=\"yoast-schema-graph\">{\"@context\":\"https:\/\/schema.org\",\"@graph\":[{\"@type\":\"Article\",\"@id\":\"https:\/\/fadeu.urantiacos.cl\/en\/2021\/09\/30\/docentes-e-investigadores-as-uc-se-dieron-cita-en-el-foro-chile-italia\/#article\",\"isPartOf\":{\"@id\":\"https:\/\/fadeu.urantiacos.cl\/en\/2021\/09\/30\/docentes-e-investigadores-as-uc-se-dieron-cita-en-el-foro-chile-italia\/\"},\"author\":{\"name\":\"manadmin\",\"@id\":\"https:\/\/fadeu.urantiacos.cl\/en\/#\/schema\/person\/d203e2e84b1c40275eac77b3061a19a2\"},\"headline\":\"Docentes e Investigadores\/as UC se dieron cita en el Foro Chile-Italia\",\"datePublished\":\"2021-09-30T17:34:00+00:00\",\"dateModified\":\"2023-09-07T17:38:33+00:00\",\"mainEntityOfPage\":{\"@id\":\"https:\/\/fadeu.urantiacos.cl\/en\/2021\/09\/30\/docentes-e-investigadores-as-uc-se-dieron-cita-en-el-foro-chile-italia\/\"},\"wordCount\":516,\"commentCount\":0,\"image\":{\"@id\":\"https:\/\/fadeu.urantiacos.cl\/en\/2021\/09\/30\/docentes-e-investigadores-as-uc-se-dieron-cita-en-el-foro-chile-italia\/#primaryimage\"},\"thumbnailUrl\":\"https:\/\/fadeu.urantiacos.cl\/wp-content\/uploads\/2023\/09\/WEB_PHOTO-2021-09-27-21-49-30.jpg\",\"articleSection\":[\"Sin categorizar\"],\"inLanguage\":\"en-US\",\"potentialAction\":[{\"@type\":\"CommentAction\",\"name\":\"Comment\",\"target\":[\"https:\/\/fadeu.urantiacos.cl\/en\/2021\/09\/30\/docentes-e-investigadores-as-uc-se-dieron-cita-en-el-foro-chile-italia\/#respond\"]}]},{\"@type\":\"WebPage\",\"@id\":\"https:\/\/fadeu.urantiacos.cl\/en\/2021\/09\/30\/docentes-e-investigadores-as-uc-se-dieron-cita-en-el-foro-chile-italia\/\",\"url\":\"https:\/\/fadeu.urantiacos.cl\/en\/2021\/09\/30\/docentes-e-investigadores-as-uc-se-dieron-cita-en-el-foro-chile-italia\/\",\"name\":\"Docentes e Investigadores\/as UC se dieron cita en el Foro Chile-Italia - Facultad de Arquitectura, Dise\u00f1o y Estudios Urbanos\",\"isPartOf\":{\"@id\":\"https:\/\/fadeu.urantiacos.cl\/en\/#website\"},\"primaryImageOfPage\":{\"@id\":\"https:\/\/fadeu.urantiacos.cl\/en\/2021\/09\/30\/docentes-e-investigadores-as-uc-se-dieron-cita-en-el-foro-chile-italia\/#primaryimage\"},\"image\":{\"@id\":\"https:\/\/fadeu.urantiacos.cl\/en\/2021\/09\/30\/docentes-e-investigadores-as-uc-se-dieron-cita-en-el-foro-chile-italia\/#primaryimage\"},\"thumbnailUrl\":\"https:\/\/fadeu.urantiacos.cl\/wp-content\/uploads\/2023\/09\/WEB_PHOTO-2021-09-27-21-49-30.jpg\",\"datePublished\":\"2021-09-30T17:34:00+00:00\",\"dateModified\":\"2023-09-07T17:38:33+00:00\",\"author\":{\"@id\":\"https:\/\/fadeu.urantiacos.cl\/en\/#\/schema\/person\/d203e2e84b1c40275eac77b3061a19a2\"},\"description\":\"La semana pasada se llev\u00f3 a cabo el Foro Chile-Italia, instancia que reuni\u00f3 a docentes y e investigadores\/as de diversas universidades de Chile e Italia, para exponer y trabajar en torno al concepto de \u201cDise\u00f1o, Arquitectura y Patrimonio: el tiempo y la emoci\u00f3n en la construcci\u00f3n de la identidad\u201d.\",\"breadcrumb\":{\"@id\":\"https:\/\/fadeu.urantiacos.cl\/en\/2021\/09\/30\/docentes-e-investigadores-as-uc-se-dieron-cita-en-el-foro-chile-italia\/#breadcrumb\"},\"inLanguage\":\"en-US\",\"potentialAction\":[{\"@type\":\"ReadAction\",\"target\":[\"https:\/\/fadeu.urantiacos.cl\/en\/2021\/09\/30\/docentes-e-investigadores-as-uc-se-dieron-cita-en-el-foro-chile-italia\/\"]}]},{\"@type\":\"ImageObject\",\"inLanguage\":\"en-US\",\"@id\":\"https:\/\/fadeu.urantiacos.cl\/en\/2021\/09\/30\/docentes-e-investigadores-as-uc-se-dieron-cita-en-el-foro-chile-italia\/#primaryimage\",\"url\":\"https:\/\/fadeu.urantiacos.cl\/wp-content\/uploads\/2023\/09\/WEB_PHOTO-2021-09-27-21-49-30.jpg\",\"contentUrl\":\"https:\/\/fadeu.urantiacos.cl\/wp-content\/uploads\/2023\/09\/WEB_PHOTO-2021-09-27-21-49-30.jpg\",\"width\":350,\"height\":250},{\"@type\":\"BreadcrumbList\",\"@id\":\"https:\/\/fadeu.urantiacos.cl\/en\/2021\/09\/30\/docentes-e-investigadores-as-uc-se-dieron-cita-en-el-foro-chile-italia\/#breadcrumb\",\"itemListElement\":[{\"@type\":\"ListItem\",\"position\":1,\"name\":\"Portada\",\"item\":\"https:\/\/fadeu.urantiacos.cl\/en\/\"},{\"@type\":\"ListItem\",\"position\":2,\"name\":\"Docentes e Investigadores\/as UC se dieron cita en el Foro Chile-Italia\"}]},{\"@type\":\"WebSite\",\"@id\":\"https:\/\/fadeu.urantiacos.cl\/en\/#website\",\"url\":\"https:\/\/fadeu.urantiacos.cl\/en\/\",\"name\":\"Facultad de Arquitectura, Dise\u00f1o y Estudios Urbanos\",\"description\":\"Campus Lo Contador\",\"potentialAction\":[{\"@type\":\"SearchAction\",\"target\":{\"@type\":\"EntryPoint\",\"urlTemplate\":\"https:\/\/fadeu.urantiacos.cl\/en\/?s={search_term_string}\"},\"query-input\":{\"@type\":\"PropertyValueSpecification\",\"valueRequired\":true,\"valueName\":\"search_term_string\"}}],\"inLanguage\":\"en-US\"},{\"@type\":\"Person\",\"@id\":\"https:\/\/fadeu.urantiacos.cl\/en\/#\/schema\/person\/d203e2e84b1c40275eac77b3061a19a2\",\"name\":\"manadmin\",\"image\":{\"@type\":\"ImageObject\",\"inLanguage\":\"en-US\",\"@id\":\"https:\/\/fadeu.urantiacos.cl\/en\/#\/schema\/person\/image\/\",\"url\":\"https:\/\/secure.gravatar.com\/avatar\/4b1d8e3303b4a9d8968ac578947d8bc80d9aea359f388cdd4aac15cadc0e8447?s=96&d=mm&r=g\",\"contentUrl\":\"https:\/\/secure.gravatar.com\/avatar\/4b1d8e3303b4a9d8968ac578947d8bc80d9aea359f388cdd4aac15cadc0e8447?s=96&d=mm&r=g\",\"caption\":\"manadmin\"},\"sameAs\":[\"https:\/\/fadeu.urantiacos.cl\"]}]}<\/script>\n<!-- \/ Yoast SEO plugin. -->","yoast_head_json":{"title":"Docentes e Investigadores\/as UC se dieron cita en el Foro Chile-Italia - Facultad de Arquitectura, Dise\u00f1o y Estudios Urbanos","description":"La semana pasada se llev\u00f3 a cabo el Foro Chile-Italia, instancia que reuni\u00f3 a docentes y e investigadores\/as de diversas universidades de Chile e Italia, para exponer y trabajar en torno al concepto de \u201cDise\u00f1o, Arquitectura y Patrimonio: el tiempo y la emoci\u00f3n en la construcci\u00f3n de la identidad\u201d.","robots":{"index":"index","follow":"follow","max-snippet":"max-snippet:-1","max-image-preview":"max-image-preview:large","max-video-preview":"max-video-preview:-1"},"canonical":"https:\/\/fadeu.urantiacos.cl\/en\/2021\/09\/30\/docentes-e-investigadores-as-uc-se-dieron-cita-en-el-foro-chile-italia\/","og_locale":"en_US","og_type":"article","og_title":"Docentes e Investigadores\/as UC se dieron cita en el Foro Chile-Italia - Facultad de Arquitectura, Dise\u00f1o y Estudios Urbanos","og_description":"La semana pasada se llev\u00f3 a cabo el Foro Chile-Italia, instancia que reuni\u00f3 a docentes y e investigadores\/as de diversas universidades de Chile e Italia, para exponer y trabajar en torno al concepto de \u201cDise\u00f1o, Arquitectura y Patrimonio: el tiempo y la emoci\u00f3n en la construcci\u00f3n de la identidad\u201d.","og_url":"https:\/\/fadeu.urantiacos.cl\/en\/2021\/09\/30\/docentes-e-investigadores-as-uc-se-dieron-cita-en-el-foro-chile-italia\/","og_site_name":"Facultad de Arquitectura, Dise\u00f1o y Estudios Urbanos","article_published_time":"2021-09-30T17:34:00+00:00","article_modified_time":"2023-09-07T17:38:33+00:00","og_image":[{"width":350,"height":250,"url":"https:\/\/fadeu.urantiacos.cl\/wp-content\/uploads\/2023\/09\/WEB_PHOTO-2021-09-27-21-49-30.jpg","type":"image\/jpeg"}],"author":"manadmin","twitter_card":"summary_large_image","twitter_misc":{"Written by":"manadmin","Est. reading time":"3 minutes"},"schema":{"@context":"https:\/\/schema.org","@graph":[{"@type":"Article","@id":"https:\/\/fadeu.urantiacos.cl\/en\/2021\/09\/30\/docentes-e-investigadores-as-uc-se-dieron-cita-en-el-foro-chile-italia\/#article","isPartOf":{"@id":"https:\/\/fadeu.urantiacos.cl\/en\/2021\/09\/30\/docentes-e-investigadores-as-uc-se-dieron-cita-en-el-foro-chile-italia\/"},"author":{"name":"manadmin","@id":"https:\/\/fadeu.urantiacos.cl\/en\/#\/schema\/person\/d203e2e84b1c40275eac77b3061a19a2"},"headline":"Docentes e Investigadores\/as UC se dieron cita en el Foro Chile-Italia","datePublished":"2021-09-30T17:34:00+00:00","dateModified":"2023-09-07T17:38:33+00:00","mainEntityOfPage":{"@id":"https:\/\/fadeu.urantiacos.cl\/en\/2021\/09\/30\/docentes-e-investigadores-as-uc-se-dieron-cita-en-el-foro-chile-italia\/"},"wordCount":516,"commentCount":0,"image":{"@id":"https:\/\/fadeu.urantiacos.cl\/en\/2021\/09\/30\/docentes-e-investigadores-as-uc-se-dieron-cita-en-el-foro-chile-italia\/#primaryimage"},"thumbnailUrl":"https:\/\/fadeu.urantiacos.cl\/wp-content\/uploads\/2023\/09\/WEB_PHOTO-2021-09-27-21-49-30.jpg","articleSection":["Sin categorizar"],"inLanguage":"en-US","potentialAction":[{"@type":"CommentAction","name":"Comment","target":["https:\/\/fadeu.urantiacos.cl\/en\/2021\/09\/30\/docentes-e-investigadores-as-uc-se-dieron-cita-en-el-foro-chile-italia\/#respond"]}]},{"@type":"WebPage","@id":"https:\/\/fadeu.urantiacos.cl\/en\/2021\/09\/30\/docentes-e-investigadores-as-uc-se-dieron-cita-en-el-foro-chile-italia\/","url":"https:\/\/fadeu.urantiacos.cl\/en\/2021\/09\/30\/docentes-e-investigadores-as-uc-se-dieron-cita-en-el-foro-chile-italia\/","name":"Docentes e Investigadores\/as UC se dieron cita en el Foro Chile-Italia - Facultad de Arquitectura, Dise\u00f1o y Estudios Urbanos","isPartOf":{"@id":"https:\/\/fadeu.urantiacos.cl\/en\/#website"},"primaryImageOfPage":{"@id":"https:\/\/fadeu.urantiacos.cl\/en\/2021\/09\/30\/docentes-e-investigadores-as-uc-se-dieron-cita-en-el-foro-chile-italia\/#primaryimage"},"image":{"@id":"https:\/\/fadeu.urantiacos.cl\/en\/2021\/09\/30\/docentes-e-investigadores-as-uc-se-dieron-cita-en-el-foro-chile-italia\/#primaryimage"},"thumbnailUrl":"https:\/\/fadeu.urantiacos.cl\/wp-content\/uploads\/2023\/09\/WEB_PHOTO-2021-09-27-21-49-30.jpg","datePublished":"2021-09-30T17:34:00+00:00","dateModified":"2023-09-07T17:38:33+00:00","author":{"@id":"https:\/\/fadeu.urantiacos.cl\/en\/#\/schema\/person\/d203e2e84b1c40275eac77b3061a19a2"},"description":"La semana pasada se llev\u00f3 a cabo el Foro Chile-Italia, instancia que reuni\u00f3 a docentes y e investigadores\/as de diversas universidades de Chile e Italia, para exponer y trabajar en torno al concepto de \u201cDise\u00f1o, Arquitectura y Patrimonio: el tiempo y la emoci\u00f3n en la construcci\u00f3n de la identidad\u201d.","breadcrumb":{"@id":"https:\/\/fadeu.urantiacos.cl\/en\/2021\/09\/30\/docentes-e-investigadores-as-uc-se-dieron-cita-en-el-foro-chile-italia\/#breadcrumb"},"inLanguage":"en-US","potentialAction":[{"@type":"ReadAction","target":["https:\/\/fadeu.urantiacos.cl\/en\/2021\/09\/30\/docentes-e-investigadores-as-uc-se-dieron-cita-en-el-foro-chile-italia\/"]}]},{"@type":"ImageObject","inLanguage":"en-US","@id":"https:\/\/fadeu.urantiacos.cl\/en\/2021\/09\/30\/docentes-e-investigadores-as-uc-se-dieron-cita-en-el-foro-chile-italia\/#primaryimage","url":"https:\/\/fadeu.urantiacos.cl\/wp-content\/uploads\/2023\/09\/WEB_PHOTO-2021-09-27-21-49-30.jpg","contentUrl":"https:\/\/fadeu.urantiacos.cl\/wp-content\/uploads\/2023\/09\/WEB_PHOTO-2021-09-27-21-49-30.jpg","width":350,"height":250},{"@type":"BreadcrumbList","@id":"https:\/\/fadeu.urantiacos.cl\/en\/2021\/09\/30\/docentes-e-investigadores-as-uc-se-dieron-cita-en-el-foro-chile-italia\/#breadcrumb","itemListElement":[{"@type":"ListItem","position":1,"name":"Portada","item":"https:\/\/fadeu.urantiacos.cl\/en\/"},{"@type":"ListItem","position":2,"name":"Docentes e Investigadores\/as UC se dieron cita en el Foro Chile-Italia"}]},{"@type":"WebSite","@id":"https:\/\/fadeu.urantiacos.cl\/en\/#website","url":"https:\/\/fadeu.urantiacos.cl\/en\/","name":"Facultad de Arquitectura, Dise\u00f1o y Estudios Urbanos","description":"Campus Lo Contador","potentialAction":[{"@type":"SearchAction","target":{"@type":"EntryPoint","urlTemplate":"https:\/\/fadeu.urantiacos.cl\/en\/?s={search_term_string}"},"query-input":{"@type":"PropertyValueSpecification","valueRequired":true,"valueName":"search_term_string"}}],"inLanguage":"en-US"},{"@type":"Person","@id":"https:\/\/fadeu.urantiacos.cl\/en\/#\/schema\/person\/d203e2e84b1c40275eac77b3061a19a2","name":"manadmin","image":{"@type":"ImageObject","inLanguage":"en-US","@id":"https:\/\/fadeu.urantiacos.cl\/en\/#\/schema\/person\/image\/","url":"https:\/\/secure.gravatar.com\/avatar\/4b1d8e3303b4a9d8968ac578947d8bc80d9aea359f388cdd4aac15cadc0e8447?s=96&d=mm&r=g","contentUrl":"https:\/\/secure.gravatar.com\/avatar\/4b1d8e3303b4a9d8968ac578947d8bc80d9aea359f388cdd4aac15cadc0e8447?s=96&d=mm&r=g","caption":"manadmin"},"sameAs":["https:\/\/fadeu.urantiacos.cl"]}]}},"_links":{"self":[{"href":"https:\/\/fadeu.urantiacos.cl\/en\/wp-json\/wp\/v2\/posts\/6247","targetHints":{"allow":["GET"]}}],"collection":[{"href":"https:\/\/fadeu.urantiacos.cl\/en\/wp-json\/wp\/v2\/posts"}],"about":[{"href":"https:\/\/fadeu.urantiacos.cl\/en\/wp-json\/wp\/v2\/types\/post"}],"author":[{"embeddable":true,"href":"https:\/\/fadeu.urantiacos.cl\/en\/wp-json\/wp\/v2\/users\/1"}],"replies":[{"embeddable":true,"href":"https:\/\/fadeu.urantiacos.cl\/en\/wp-json\/wp\/v2\/comments?post=6247"}],"version-history":[{"count":1,"href":"https:\/\/fadeu.urantiacos.cl\/en\/wp-json\/wp\/v2\/posts\/6247\/revisions"}],"predecessor-version":[{"id":6249,"href":"https:\/\/fadeu.urantiacos.cl\/en\/wp-json\/wp\/v2\/posts\/6247\/revisions\/6249"}],"wp:featuredmedia":[{"embeddable":true,"href":"https:\/\/fadeu.urantiacos.cl\/en\/wp-json\/wp\/v2\/media\/6248"}],"wp:attachment":[{"href":"https:\/\/fadeu.urantiacos.cl\/en\/wp-json\/wp\/v2\/media?parent=6247"}],"wp:term":[{"taxonomy":"category","embeddable":true,"href":"https:\/\/fadeu.urantiacos.cl\/en\/wp-json\/wp\/v2\/categories?post=6247"},{"taxonomy":"post_tag","embeddable":true,"href":"https:\/\/fadeu.urantiacos.cl\/en\/wp-json\/wp\/v2\/tags?post=6247"}],"curies":[{"name":"wp","href":"https:\/\/api.w.org\/{rel}","templated":true}]}}