{"id":6230,"date":"2021-10-04T12:18:00","date_gmt":"2021-10-04T15:18:00","guid":{"rendered":"https:\/\/fadeu.urantiacos.cl\/?p=6230"},"modified":"2023-10-23T16:28:51","modified_gmt":"2023-10-23T19:28:51","slug":"se-inaugura-exposicion-que-celebra-la-primera-decada-de-la-fundacion-cerros-isla","status":"publish","type":"post","link":"https:\/\/fadeu.urantiacos.cl\/en\/2021\/10\/04\/se-inaugura-exposicion-que-celebra-la-primera-decada-de-la-fundacion-cerros-isla\/","title":{"rendered":"Se inaugura exposici\u00f3n que celebra la primera d\u00e9cada de la Fundaci\u00f3n Cerros Isla"},"content":{"rendered":"\n<figure class=\"wp-block-image size-full\"><img decoding=\"async\" width=\"350\" height=\"250\" src=\"https:\/\/fadeu.urantiacos.cl\/wp-content\/uploads\/2023\/09\/montaje_con_maqueta_web.jpg\" alt=\"\" class=\"wp-image-6231\" srcset=\"https:\/\/fadeu.urantiacos.cl\/wp-content\/uploads\/2023\/09\/montaje_con_maqueta_web.jpg 350w, https:\/\/fadeu.urantiacos.cl\/wp-content\/uploads\/2023\/09\/montaje_con_maqueta_web-300x214.jpg 300w\" sizes=\"(max-width: 350px) 100vw, 350px\" \/><\/figure>\n\n\n\n<p>Junto con celebrar este hito fundacional, la exposici\u00f3n busca reconectar la ciudad y la naturaleza a trav\u00e9s de una vista panor\u00e1mica de los 26 cerros islas de la capital. La gesti\u00f3n e idea original de la muestra fue desarrollada por los miembros de la fundaci\u00f3n, entre ellos, Fernanda Ruiz, Benjam\u00edn Garc\u00eda, Javiera Pizarro, Consuelo Contreras Maya y la profesora ARQ UC Catalina Picon. La curator\u00eda de las piezas expuestas estuvo a cargo de Catalina Vald\u00e9s y Fernanda Ruiz.<\/p>\n\n\n\n<p>La exposici\u00f3n ocupa el Torre\u00f3n Victoria del Parque Metropolitano, cercano a la plaza Tupahue del cerro San Crist\u00f3bal, y estar\u00e1 abierta al p\u00fablico \u2014con entrada liberada pero aforo limitado\u2014 hasta el 20 de diciembre de 2021, de lunes a domingo entre 10:00 y 18:00 h.<\/p>\n\n\n\n<p><strong>M\u00e1s sobre la exposici\u00f3n_<\/strong><br>Con esta muestra, la Fundaci\u00f3n Cerros Isla celebra los logros de una d\u00e9cada de trabajo y hace un balance de los desaf\u00edos que se avecinan; reuniendo a las comunidades, organismos p\u00fablicos y actores privados que suben, miran y cuidan los cerros islas de Santiago. Con la participaci\u00f3n de una gran red de colaboradores, formada por municipalidades, agrupaciones ciudadanas e investigadores de distintas \u00e1reas del conocimiento, se forma una colecci\u00f3n de objetos, textos e im\u00e1genes que dan cuenta de las historias del pasado y del presente de estas formaciones geol\u00f3gicas tan particulares que, de tan presentes en la ciudad, pasan casi desapercibidas.<\/p>\n\n\n\n<p><br>Ver entrevista sobre la exposici\u00f3n en Radio Duna en el siguiente\u00a0<a href=\"https:\/\/www.duna.cl\/programa\/santiago-adicto\/2021\/09\/27\/fundacion-cerros-isla-nuestro-mayor-logro-es-posicionar-en-la-agenda-publica-y-ciudadana-la-necesidad-de-recuperar-los-cerros-isla\/\" target=\"_blank\" rel=\"noreferrer noopener\">link<\/a>\u00a0<\/p>\n\n\n\n<figure class=\"wp-block-image size-large\"><img decoding=\"async\" width=\"1024\" height=\"683\" src=\"https:\/\/fadeu.urantiacos.cl\/wp-content\/uploads\/2023\/09\/DSC_0323-1024x683.jpg\" alt=\"\" class=\"wp-image-6232\" srcset=\"https:\/\/fadeu.urantiacos.cl\/wp-content\/uploads\/2023\/09\/DSC_0323-1024x683.jpg 1024w, https:\/\/fadeu.urantiacos.cl\/wp-content\/uploads\/2023\/09\/DSC_0323-300x200.jpg 300w, https:\/\/fadeu.urantiacos.cl\/wp-content\/uploads\/2023\/09\/DSC_0323-768x512.jpg 768w, https:\/\/fadeu.urantiacos.cl\/wp-content\/uploads\/2023\/09\/DSC_0323-1536x1024.jpg 1536w, https:\/\/fadeu.urantiacos.cl\/wp-content\/uploads\/2023\/09\/DSC_0323-2048x1365.jpg 2048w, https:\/\/fadeu.urantiacos.cl\/wp-content\/uploads\/2023\/09\/DSC_0323-scaled.jpg 1600w\" sizes=\"(max-width: 1024px) 100vw, 1024px\" \/><\/figure>\n\n\n\n<figure class=\"wp-block-image size-large\"><img decoding=\"async\" width=\"1024\" height=\"683\" src=\"https:\/\/fadeu.urantiacos.cl\/wp-content\/uploads\/2023\/09\/DSC_0324-1024x683.jpg\" alt=\"\" class=\"wp-image-6233\" srcset=\"https:\/\/fadeu.urantiacos.cl\/wp-content\/uploads\/2023\/09\/DSC_0324-1024x683.jpg 1024w, https:\/\/fadeu.urantiacos.cl\/wp-content\/uploads\/2023\/09\/DSC_0324-300x200.jpg 300w, https:\/\/fadeu.urantiacos.cl\/wp-content\/uploads\/2023\/09\/DSC_0324-768x512.jpg 768w, https:\/\/fadeu.urantiacos.cl\/wp-content\/uploads\/2023\/09\/DSC_0324-1536x1024.jpg 1536w, https:\/\/fadeu.urantiacos.cl\/wp-content\/uploads\/2023\/09\/DSC_0324-2048x1365.jpg 2048w, https:\/\/fadeu.urantiacos.cl\/wp-content\/uploads\/2023\/09\/DSC_0324-scaled.jpg 1600w\" sizes=\"(max-width: 1024px) 100vw, 1024px\" \/><\/figure>\n\n\n\n<figure class=\"wp-block-image size-large\"><img decoding=\"async\" width=\"1024\" height=\"683\" src=\"https:\/\/fadeu.urantiacos.cl\/wp-content\/uploads\/2023\/09\/montaje_con_maqueta-1024x683.jpg\" alt=\"\" class=\"wp-image-6234\" srcset=\"https:\/\/fadeu.urantiacos.cl\/wp-content\/uploads\/2023\/09\/montaje_con_maqueta-1024x683.jpg 1024w, https:\/\/fadeu.urantiacos.cl\/wp-content\/uploads\/2023\/09\/montaje_con_maqueta-300x200.jpg 300w, https:\/\/fadeu.urantiacos.cl\/wp-content\/uploads\/2023\/09\/montaje_con_maqueta-768x512.jpg 768w, https:\/\/fadeu.urantiacos.cl\/wp-content\/uploads\/2023\/09\/montaje_con_maqueta-1536x1024.jpg 1536w, https:\/\/fadeu.urantiacos.cl\/wp-content\/uploads\/2023\/09\/montaje_con_maqueta-2048x1365.jpg 2048w, https:\/\/fadeu.urantiacos.cl\/wp-content\/uploads\/2023\/09\/montaje_con_maqueta-scaled.jpg 1600w\" sizes=\"(max-width: 1024px) 100vw, 1024px\" \/><\/figure>\n\n\n\n<figure class=\"wp-block-image size-large\"><img decoding=\"async\" width=\"1024\" height=\"683\" src=\"https:\/\/fadeu.urantiacos.cl\/wp-content\/uploads\/2023\/09\/DSC_0219-1024x683.jpg\" alt=\"\" class=\"wp-image-6235\" srcset=\"https:\/\/fadeu.urantiacos.cl\/wp-content\/uploads\/2023\/09\/DSC_0219-1024x683.jpg 1024w, https:\/\/fadeu.urantiacos.cl\/wp-content\/uploads\/2023\/09\/DSC_0219-300x200.jpg 300w, https:\/\/fadeu.urantiacos.cl\/wp-content\/uploads\/2023\/09\/DSC_0219-768x512.jpg 768w, https:\/\/fadeu.urantiacos.cl\/wp-content\/uploads\/2023\/09\/DSC_0219-1536x1024.jpg 1536w, https:\/\/fadeu.urantiacos.cl\/wp-content\/uploads\/2023\/09\/DSC_0219-2048x1365.jpg 2048w, https:\/\/fadeu.urantiacos.cl\/wp-content\/uploads\/2023\/09\/DSC_0219-scaled.jpg 1600w\" sizes=\"(max-width: 1024px) 100vw, 1024px\" \/><\/figure>\n\n\n\n<p>Fotograf\u00edas Archipi\u00e9lago Invisible, cortes\u00eda Catalina Vald\u00e9s<\/p>\n\n\n\n<p>Noticias<br>Contacto:&nbsp;<a href=\"mailto:redesarq@uc.cl\">redesarq@uc.cl<\/a>&nbsp;| +56 2 2354 7747<br>www.arquitectura.uc.cl<\/p>\n","protected":false},"excerpt":{"rendered":"<p>La muestra se titula \u201cArchipi\u00e9lago invisible\u201d, y celebra los diez a\u00f1os que lleva la fundaci\u00f3n \u2014cofundada por la profesora ARQ UC Catalina Picon y apoyada por la Escuela de Arquitectura UC\u2014 trabajando en la transformaci\u00f3n de los cerros de Santiago en parques naturales urbanos.<\/p>\n","protected":false},"author":1,"featured_media":6231,"comment_status":"open","ping_status":"open","sticky":false,"template":"","format":"standard","meta":{"_acf_changed":false,"footnotes":""},"categories":[1],"tags":[],"class_list":["post-6230","post","type-post","status-publish","format-standard","has-post-thumbnail","hentry","category-sin-categorizar"],"acf":[],"yoast_head":"<!-- This site is optimized with the Yoast SEO plugin v27.1.1 - https:\/\/yoast.com\/product\/yoast-seo-wordpress\/ -->\n<title>Se inaugura exposici\u00f3n que celebra la primera d\u00e9cada de la Fundaci\u00f3n Cerros Isla - Facultad de Arquitectura, Dise\u00f1o y Estudios Urbanos<\/title>\n<meta name=\"description\" content=\"La muestra se titula \u201cArchipi\u00e9lago invisible\u201d, y celebra los diez a\u00f1os que lleva la fundaci\u00f3n \u2014cofundada por la profesora ARQ UC Catalina Picon y apoyada por la Escuela de Arquitectura UC\u2014 trabajando en la transformaci\u00f3n de los cerros de Santiago en parques naturales urbanos.\" \/>\n<meta name=\"robots\" content=\"index, follow, max-snippet:-1, max-image-preview:large, max-video-preview:-1\" \/>\n<link rel=\"canonical\" href=\"https:\/\/fadeu.urantiacos.cl\/en\/2021\/10\/04\/se-inaugura-exposicion-que-celebra-la-primera-decada-de-la-fundacion-cerros-isla\/\" \/>\n<meta property=\"og:locale\" content=\"en_US\" \/>\n<meta property=\"og:type\" content=\"article\" \/>\n<meta property=\"og:title\" content=\"Se inaugura exposici\u00f3n que celebra la primera d\u00e9cada de la Fundaci\u00f3n Cerros Isla - Facultad de Arquitectura, Dise\u00f1o y Estudios Urbanos\" \/>\n<meta property=\"og:description\" content=\"La muestra se titula \u201cArchipi\u00e9lago invisible\u201d, y celebra los diez a\u00f1os que lleva la fundaci\u00f3n \u2014cofundada por la profesora ARQ UC Catalina Picon y apoyada por la Escuela de Arquitectura UC\u2014 trabajando en la transformaci\u00f3n de los cerros de Santiago en parques naturales urbanos.\" \/>\n<meta property=\"og:url\" content=\"https:\/\/fadeu.urantiacos.cl\/en\/2021\/10\/04\/se-inaugura-exposicion-que-celebra-la-primera-decada-de-la-fundacion-cerros-isla\/\" \/>\n<meta property=\"og:site_name\" content=\"Facultad de Arquitectura, Dise\u00f1o y Estudios Urbanos\" \/>\n<meta property=\"article:published_time\" content=\"2021-10-04T15:18:00+00:00\" \/>\n<meta property=\"article:modified_time\" content=\"2023-10-23T19:28:51+00:00\" \/>\n<meta property=\"og:image\" content=\"https:\/\/fadeu.urantiacos.cl\/wp-content\/uploads\/2023\/09\/montaje_con_maqueta_web.jpg\" \/>\n\t<meta property=\"og:image:width\" content=\"350\" \/>\n\t<meta property=\"og:image:height\" content=\"250\" \/>\n\t<meta property=\"og:image:type\" content=\"image\/jpeg\" \/>\n<meta name=\"author\" content=\"manadmin\" \/>\n<meta name=\"twitter:card\" content=\"summary_large_image\" \/>\n<meta name=\"twitter:label1\" content=\"Written by\" \/>\n\t<meta name=\"twitter:data1\" content=\"manadmin\" \/>\n\t<meta name=\"twitter:label2\" content=\"Est. reading time\" \/>\n\t<meta name=\"twitter:data2\" content=\"3 minutes\" \/>\n<script type=\"application\/ld+json\" class=\"yoast-schema-graph\">{\"@context\":\"https:\/\/schema.org\",\"@graph\":[{\"@type\":\"Article\",\"@id\":\"https:\/\/fadeu.urantiacos.cl\/en\/2021\/10\/04\/se-inaugura-exposicion-que-celebra-la-primera-decada-de-la-fundacion-cerros-isla\/#article\",\"isPartOf\":{\"@id\":\"https:\/\/fadeu.urantiacos.cl\/en\/2021\/10\/04\/se-inaugura-exposicion-que-celebra-la-primera-decada-de-la-fundacion-cerros-isla\/\"},\"author\":{\"name\":\"manadmin\",\"@id\":\"https:\/\/fadeu.urantiacos.cl\/en\/#\/schema\/person\/d203e2e84b1c40275eac77b3061a19a2\"},\"headline\":\"Se inaugura exposici\u00f3n que celebra la primera d\u00e9cada de la Fundaci\u00f3n Cerros Isla\",\"datePublished\":\"2021-10-04T15:18:00+00:00\",\"dateModified\":\"2023-10-23T19:28:51+00:00\",\"mainEntityOfPage\":{\"@id\":\"https:\/\/fadeu.urantiacos.cl\/en\/2021\/10\/04\/se-inaugura-exposicion-que-celebra-la-primera-decada-de-la-fundacion-cerros-isla\/\"},\"wordCount\":295,\"commentCount\":0,\"image\":{\"@id\":\"https:\/\/fadeu.urantiacos.cl\/en\/2021\/10\/04\/se-inaugura-exposicion-que-celebra-la-primera-decada-de-la-fundacion-cerros-isla\/#primaryimage\"},\"thumbnailUrl\":\"https:\/\/fadeu.urantiacos.cl\/wp-content\/uploads\/2023\/09\/montaje_con_maqueta_web.jpg\",\"articleSection\":[\"Sin categorizar\"],\"inLanguage\":\"en-US\",\"potentialAction\":[{\"@type\":\"CommentAction\",\"name\":\"Comment\",\"target\":[\"https:\/\/fadeu.urantiacos.cl\/en\/2021\/10\/04\/se-inaugura-exposicion-que-celebra-la-primera-decada-de-la-fundacion-cerros-isla\/#respond\"]}]},{\"@type\":\"WebPage\",\"@id\":\"https:\/\/fadeu.urantiacos.cl\/en\/2021\/10\/04\/se-inaugura-exposicion-que-celebra-la-primera-decada-de-la-fundacion-cerros-isla\/\",\"url\":\"https:\/\/fadeu.urantiacos.cl\/en\/2021\/10\/04\/se-inaugura-exposicion-que-celebra-la-primera-decada-de-la-fundacion-cerros-isla\/\",\"name\":\"Se inaugura exposici\u00f3n que celebra la primera d\u00e9cada de la Fundaci\u00f3n Cerros Isla - Facultad de Arquitectura, Dise\u00f1o y Estudios Urbanos\",\"isPartOf\":{\"@id\":\"https:\/\/fadeu.urantiacos.cl\/en\/#website\"},\"primaryImageOfPage\":{\"@id\":\"https:\/\/fadeu.urantiacos.cl\/en\/2021\/10\/04\/se-inaugura-exposicion-que-celebra-la-primera-decada-de-la-fundacion-cerros-isla\/#primaryimage\"},\"image\":{\"@id\":\"https:\/\/fadeu.urantiacos.cl\/en\/2021\/10\/04\/se-inaugura-exposicion-que-celebra-la-primera-decada-de-la-fundacion-cerros-isla\/#primaryimage\"},\"thumbnailUrl\":\"https:\/\/fadeu.urantiacos.cl\/wp-content\/uploads\/2023\/09\/montaje_con_maqueta_web.jpg\",\"datePublished\":\"2021-10-04T15:18:00+00:00\",\"dateModified\":\"2023-10-23T19:28:51+00:00\",\"author\":{\"@id\":\"https:\/\/fadeu.urantiacos.cl\/en\/#\/schema\/person\/d203e2e84b1c40275eac77b3061a19a2\"},\"description\":\"La muestra se titula \u201cArchipi\u00e9lago invisible\u201d, y celebra los diez a\u00f1os que lleva la fundaci\u00f3n \u2014cofundada por la profesora ARQ UC Catalina Picon y apoyada por la Escuela de Arquitectura UC\u2014 trabajando en la transformaci\u00f3n de los cerros de Santiago en parques naturales urbanos.\",\"breadcrumb\":{\"@id\":\"https:\/\/fadeu.urantiacos.cl\/en\/2021\/10\/04\/se-inaugura-exposicion-que-celebra-la-primera-decada-de-la-fundacion-cerros-isla\/#breadcrumb\"},\"inLanguage\":\"en-US\",\"potentialAction\":[{\"@type\":\"ReadAction\",\"target\":[\"https:\/\/fadeu.urantiacos.cl\/en\/2021\/10\/04\/se-inaugura-exposicion-que-celebra-la-primera-decada-de-la-fundacion-cerros-isla\/\"]}]},{\"@type\":\"ImageObject\",\"inLanguage\":\"en-US\",\"@id\":\"https:\/\/fadeu.urantiacos.cl\/en\/2021\/10\/04\/se-inaugura-exposicion-que-celebra-la-primera-decada-de-la-fundacion-cerros-isla\/#primaryimage\",\"url\":\"https:\/\/fadeu.urantiacos.cl\/wp-content\/uploads\/2023\/09\/montaje_con_maqueta_web.jpg\",\"contentUrl\":\"https:\/\/fadeu.urantiacos.cl\/wp-content\/uploads\/2023\/09\/montaje_con_maqueta_web.jpg\",\"width\":350,\"height\":250},{\"@type\":\"BreadcrumbList\",\"@id\":\"https:\/\/fadeu.urantiacos.cl\/en\/2021\/10\/04\/se-inaugura-exposicion-que-celebra-la-primera-decada-de-la-fundacion-cerros-isla\/#breadcrumb\",\"itemListElement\":[{\"@type\":\"ListItem\",\"position\":1,\"name\":\"Portada\",\"item\":\"https:\/\/fadeu.urantiacos.cl\/en\/\"},{\"@type\":\"ListItem\",\"position\":2,\"name\":\"Se inaugura exposici\u00f3n que celebra la primera d\u00e9cada de la Fundaci\u00f3n Cerros Isla\"}]},{\"@type\":\"WebSite\",\"@id\":\"https:\/\/fadeu.urantiacos.cl\/en\/#website\",\"url\":\"https:\/\/fadeu.urantiacos.cl\/en\/\",\"name\":\"Facultad de Arquitectura, Dise\u00f1o y Estudios Urbanos\",\"description\":\"Campus Lo Contador\",\"potentialAction\":[{\"@type\":\"SearchAction\",\"target\":{\"@type\":\"EntryPoint\",\"urlTemplate\":\"https:\/\/fadeu.urantiacos.cl\/en\/?s={search_term_string}\"},\"query-input\":{\"@type\":\"PropertyValueSpecification\",\"valueRequired\":true,\"valueName\":\"search_term_string\"}}],\"inLanguage\":\"en-US\"},{\"@type\":\"Person\",\"@id\":\"https:\/\/fadeu.urantiacos.cl\/en\/#\/schema\/person\/d203e2e84b1c40275eac77b3061a19a2\",\"name\":\"manadmin\",\"image\":{\"@type\":\"ImageObject\",\"inLanguage\":\"en-US\",\"@id\":\"https:\/\/fadeu.urantiacos.cl\/en\/#\/schema\/person\/image\/\",\"url\":\"https:\/\/secure.gravatar.com\/avatar\/4b1d8e3303b4a9d8968ac578947d8bc80d9aea359f388cdd4aac15cadc0e8447?s=96&d=mm&r=g\",\"contentUrl\":\"https:\/\/secure.gravatar.com\/avatar\/4b1d8e3303b4a9d8968ac578947d8bc80d9aea359f388cdd4aac15cadc0e8447?s=96&d=mm&r=g\",\"caption\":\"manadmin\"},\"sameAs\":[\"https:\/\/fadeu.urantiacos.cl\"]}]}<\/script>\n<!-- \/ Yoast SEO plugin. -->","yoast_head_json":{"title":"Se inaugura exposici\u00f3n que celebra la primera d\u00e9cada de la Fundaci\u00f3n Cerros Isla - Facultad de Arquitectura, Dise\u00f1o y Estudios Urbanos","description":"La muestra se titula \u201cArchipi\u00e9lago invisible\u201d, y celebra los diez a\u00f1os que lleva la fundaci\u00f3n \u2014cofundada por la profesora ARQ UC Catalina Picon y apoyada por la Escuela de Arquitectura UC\u2014 trabajando en la transformaci\u00f3n de los cerros de Santiago en parques naturales urbanos.","robots":{"index":"index","follow":"follow","max-snippet":"max-snippet:-1","max-image-preview":"max-image-preview:large","max-video-preview":"max-video-preview:-1"},"canonical":"https:\/\/fadeu.urantiacos.cl\/en\/2021\/10\/04\/se-inaugura-exposicion-que-celebra-la-primera-decada-de-la-fundacion-cerros-isla\/","og_locale":"en_US","og_type":"article","og_title":"Se inaugura exposici\u00f3n que celebra la primera d\u00e9cada de la Fundaci\u00f3n Cerros Isla - Facultad de Arquitectura, Dise\u00f1o y Estudios Urbanos","og_description":"La muestra se titula \u201cArchipi\u00e9lago invisible\u201d, y celebra los diez a\u00f1os que lleva la fundaci\u00f3n \u2014cofundada por la profesora ARQ UC Catalina Picon y apoyada por la Escuela de Arquitectura UC\u2014 trabajando en la transformaci\u00f3n de los cerros de Santiago en parques naturales urbanos.","og_url":"https:\/\/fadeu.urantiacos.cl\/en\/2021\/10\/04\/se-inaugura-exposicion-que-celebra-la-primera-decada-de-la-fundacion-cerros-isla\/","og_site_name":"Facultad de Arquitectura, Dise\u00f1o y Estudios Urbanos","article_published_time":"2021-10-04T15:18:00+00:00","article_modified_time":"2023-10-23T19:28:51+00:00","og_image":[{"width":350,"height":250,"url":"https:\/\/fadeu.urantiacos.cl\/wp-content\/uploads\/2023\/09\/montaje_con_maqueta_web.jpg","type":"image\/jpeg"}],"author":"manadmin","twitter_card":"summary_large_image","twitter_misc":{"Written by":"manadmin","Est. reading time":"3 minutes"},"schema":{"@context":"https:\/\/schema.org","@graph":[{"@type":"Article","@id":"https:\/\/fadeu.urantiacos.cl\/en\/2021\/10\/04\/se-inaugura-exposicion-que-celebra-la-primera-decada-de-la-fundacion-cerros-isla\/#article","isPartOf":{"@id":"https:\/\/fadeu.urantiacos.cl\/en\/2021\/10\/04\/se-inaugura-exposicion-que-celebra-la-primera-decada-de-la-fundacion-cerros-isla\/"},"author":{"name":"manadmin","@id":"https:\/\/fadeu.urantiacos.cl\/en\/#\/schema\/person\/d203e2e84b1c40275eac77b3061a19a2"},"headline":"Se inaugura exposici\u00f3n que celebra la primera d\u00e9cada de la Fundaci\u00f3n Cerros Isla","datePublished":"2021-10-04T15:18:00+00:00","dateModified":"2023-10-23T19:28:51+00:00","mainEntityOfPage":{"@id":"https:\/\/fadeu.urantiacos.cl\/en\/2021\/10\/04\/se-inaugura-exposicion-que-celebra-la-primera-decada-de-la-fundacion-cerros-isla\/"},"wordCount":295,"commentCount":0,"image":{"@id":"https:\/\/fadeu.urantiacos.cl\/en\/2021\/10\/04\/se-inaugura-exposicion-que-celebra-la-primera-decada-de-la-fundacion-cerros-isla\/#primaryimage"},"thumbnailUrl":"https:\/\/fadeu.urantiacos.cl\/wp-content\/uploads\/2023\/09\/montaje_con_maqueta_web.jpg","articleSection":["Sin categorizar"],"inLanguage":"en-US","potentialAction":[{"@type":"CommentAction","name":"Comment","target":["https:\/\/fadeu.urantiacos.cl\/en\/2021\/10\/04\/se-inaugura-exposicion-que-celebra-la-primera-decada-de-la-fundacion-cerros-isla\/#respond"]}]},{"@type":"WebPage","@id":"https:\/\/fadeu.urantiacos.cl\/en\/2021\/10\/04\/se-inaugura-exposicion-que-celebra-la-primera-decada-de-la-fundacion-cerros-isla\/","url":"https:\/\/fadeu.urantiacos.cl\/en\/2021\/10\/04\/se-inaugura-exposicion-que-celebra-la-primera-decada-de-la-fundacion-cerros-isla\/","name":"Se inaugura exposici\u00f3n que celebra la primera d\u00e9cada de la Fundaci\u00f3n Cerros Isla - Facultad de Arquitectura, Dise\u00f1o y Estudios Urbanos","isPartOf":{"@id":"https:\/\/fadeu.urantiacos.cl\/en\/#website"},"primaryImageOfPage":{"@id":"https:\/\/fadeu.urantiacos.cl\/en\/2021\/10\/04\/se-inaugura-exposicion-que-celebra-la-primera-decada-de-la-fundacion-cerros-isla\/#primaryimage"},"image":{"@id":"https:\/\/fadeu.urantiacos.cl\/en\/2021\/10\/04\/se-inaugura-exposicion-que-celebra-la-primera-decada-de-la-fundacion-cerros-isla\/#primaryimage"},"thumbnailUrl":"https:\/\/fadeu.urantiacos.cl\/wp-content\/uploads\/2023\/09\/montaje_con_maqueta_web.jpg","datePublished":"2021-10-04T15:18:00+00:00","dateModified":"2023-10-23T19:28:51+00:00","author":{"@id":"https:\/\/fadeu.urantiacos.cl\/en\/#\/schema\/person\/d203e2e84b1c40275eac77b3061a19a2"},"description":"La muestra se titula \u201cArchipi\u00e9lago invisible\u201d, y celebra los diez a\u00f1os que lleva la fundaci\u00f3n \u2014cofundada por la profesora ARQ UC Catalina Picon y apoyada por la Escuela de Arquitectura UC\u2014 trabajando en la transformaci\u00f3n de los cerros de Santiago en parques naturales urbanos.","breadcrumb":{"@id":"https:\/\/fadeu.urantiacos.cl\/en\/2021\/10\/04\/se-inaugura-exposicion-que-celebra-la-primera-decada-de-la-fundacion-cerros-isla\/#breadcrumb"},"inLanguage":"en-US","potentialAction":[{"@type":"ReadAction","target":["https:\/\/fadeu.urantiacos.cl\/en\/2021\/10\/04\/se-inaugura-exposicion-que-celebra-la-primera-decada-de-la-fundacion-cerros-isla\/"]}]},{"@type":"ImageObject","inLanguage":"en-US","@id":"https:\/\/fadeu.urantiacos.cl\/en\/2021\/10\/04\/se-inaugura-exposicion-que-celebra-la-primera-decada-de-la-fundacion-cerros-isla\/#primaryimage","url":"https:\/\/fadeu.urantiacos.cl\/wp-content\/uploads\/2023\/09\/montaje_con_maqueta_web.jpg","contentUrl":"https:\/\/fadeu.urantiacos.cl\/wp-content\/uploads\/2023\/09\/montaje_con_maqueta_web.jpg","width":350,"height":250},{"@type":"BreadcrumbList","@id":"https:\/\/fadeu.urantiacos.cl\/en\/2021\/10\/04\/se-inaugura-exposicion-que-celebra-la-primera-decada-de-la-fundacion-cerros-isla\/#breadcrumb","itemListElement":[{"@type":"ListItem","position":1,"name":"Portada","item":"https:\/\/fadeu.urantiacos.cl\/en\/"},{"@type":"ListItem","position":2,"name":"Se inaugura exposici\u00f3n que celebra la primera d\u00e9cada de la Fundaci\u00f3n Cerros Isla"}]},{"@type":"WebSite","@id":"https:\/\/fadeu.urantiacos.cl\/en\/#website","url":"https:\/\/fadeu.urantiacos.cl\/en\/","name":"Facultad de Arquitectura, Dise\u00f1o y Estudios Urbanos","description":"Campus Lo Contador","potentialAction":[{"@type":"SearchAction","target":{"@type":"EntryPoint","urlTemplate":"https:\/\/fadeu.urantiacos.cl\/en\/?s={search_term_string}"},"query-input":{"@type":"PropertyValueSpecification","valueRequired":true,"valueName":"search_term_string"}}],"inLanguage":"en-US"},{"@type":"Person","@id":"https:\/\/fadeu.urantiacos.cl\/en\/#\/schema\/person\/d203e2e84b1c40275eac77b3061a19a2","name":"manadmin","image":{"@type":"ImageObject","inLanguage":"en-US","@id":"https:\/\/fadeu.urantiacos.cl\/en\/#\/schema\/person\/image\/","url":"https:\/\/secure.gravatar.com\/avatar\/4b1d8e3303b4a9d8968ac578947d8bc80d9aea359f388cdd4aac15cadc0e8447?s=96&d=mm&r=g","contentUrl":"https:\/\/secure.gravatar.com\/avatar\/4b1d8e3303b4a9d8968ac578947d8bc80d9aea359f388cdd4aac15cadc0e8447?s=96&d=mm&r=g","caption":"manadmin"},"sameAs":["https:\/\/fadeu.urantiacos.cl"]}]}},"_links":{"self":[{"href":"https:\/\/fadeu.urantiacos.cl\/en\/wp-json\/wp\/v2\/posts\/6230","targetHints":{"allow":["GET"]}}],"collection":[{"href":"https:\/\/fadeu.urantiacos.cl\/en\/wp-json\/wp\/v2\/posts"}],"about":[{"href":"https:\/\/fadeu.urantiacos.cl\/en\/wp-json\/wp\/v2\/types\/post"}],"author":[{"embeddable":true,"href":"https:\/\/fadeu.urantiacos.cl\/en\/wp-json\/wp\/v2\/users\/1"}],"replies":[{"embeddable":true,"href":"https:\/\/fadeu.urantiacos.cl\/en\/wp-json\/wp\/v2\/comments?post=6230"}],"version-history":[{"count":2,"href":"https:\/\/fadeu.urantiacos.cl\/en\/wp-json\/wp\/v2\/posts\/6230\/revisions"}],"predecessor-version":[{"id":17589,"href":"https:\/\/fadeu.urantiacos.cl\/en\/wp-json\/wp\/v2\/posts\/6230\/revisions\/17589"}],"wp:featuredmedia":[{"embeddable":true,"href":"https:\/\/fadeu.urantiacos.cl\/en\/wp-json\/wp\/v2\/media\/6231"}],"wp:attachment":[{"href":"https:\/\/fadeu.urantiacos.cl\/en\/wp-json\/wp\/v2\/media?parent=6230"}],"wp:term":[{"taxonomy":"category","embeddable":true,"href":"https:\/\/fadeu.urantiacos.cl\/en\/wp-json\/wp\/v2\/categories?post=6230"},{"taxonomy":"post_tag","embeddable":true,"href":"https:\/\/fadeu.urantiacos.cl\/en\/wp-json\/wp\/v2\/tags?post=6230"}],"curies":[{"name":"wp","href":"https:\/\/api.w.org\/{rel}","templated":true}]}}