{"id":6201,"date":"2021-10-08T11:59:00","date_gmt":"2021-10-08T14:59:00","guid":{"rendered":"https:\/\/fadeu.urantiacos.cl\/?p=6201"},"modified":"2023-09-07T12:03:46","modified_gmt":"2023-09-07T15:03:46","slug":"profesora-elvira-perez-expuso-proyecto-fondecyt-en-el-laboratorio-de-urbanismo-de-barcelona-de-la-etsab","status":"publish","type":"post","link":"https:\/\/fadeu.urantiacos.cl\/en\/2021\/10\/08\/profesora-elvira-perez-expuso-proyecto-fondecyt-en-el-laboratorio-de-urbanismo-de-barcelona-de-la-etsab\/","title":{"rendered":"Profesora Elvira P\u00e9rez expuso proyecto Fondecyt en el Laboratorio de Urbanismo de Barcelona de la ETSAB"},"content":{"rendered":"\n<figure class=\"wp-block-image size-full\"><img decoding=\"async\" width=\"350\" height=\"250\" src=\"https:\/\/fadeu.urantiacos.cl\/wp-content\/uploads\/2023\/09\/elvira_perez_octubre.jpg\" alt=\"\" class=\"wp-image-6202\" srcset=\"https:\/\/fadeu.urantiacos.cl\/wp-content\/uploads\/2023\/09\/elvira_perez_octubre.jpg 350w, https:\/\/fadeu.urantiacos.cl\/wp-content\/uploads\/2023\/09\/elvira_perez_octubre-300x214.jpg 300w\" sizes=\"(max-width: 350px) 100vw, 350px\" \/><\/figure>\n\n\n\n<p>La presentaci\u00f3n dio cuenta de los resultados finales de la investigaci\u00f3n desarrollada durante los a\u00f1os 2019-2021, cuyo&nbsp;objetivo era analizar y concluir el estado de las relaciones entre el patrimonio y las transformaciones urbanas en el centro hist\u00f3rico de Santiago.&nbsp;&nbsp;<\/p>\n\n\n\n<p>El centro de Santiago \u201cno se puede definir como un territorio homog\u00e9neo, a pesar de tener l\u00edmites bastante establecidos, como el Cerro Santa Luc\u00eda, el r\u00edo Mapocho y la Alameda, se ha desarrollado en el tiempo a partir de piezas de diversas tipolog\u00edas, estilos y per\u00edodos hist\u00f3ricos\u201d, se advierte en el proyecto.<\/p>\n\n\n\n<p>&nbsp;La investigaci\u00f3n estudia, a partir de las piezas m\u00e1s antiguas que se conservan en Santiago, c\u00f3mo su permanencia y posterior transformaci\u00f3n ha permitido cualificar sus entornos. Hoy es posible identificar 14 inmuebles de origen colonial en el centro hist\u00f3rico, entendido como el tri\u00e1ngulo fundacional y el borde sur de la Alameda: 6 son de origen religioso, 4 edificios p\u00fablicos y 4 viviendas urbanas.<\/p>\n\n\n\n<p>Estas piezas en su mayor\u00eda han cambiado sus usos y programas, lo que ha permitido, a partir de su transformaci\u00f3n, permanecer y mutar a partir de las l\u00f3gicas de evoluci\u00f3n de la ciudad. En este sentido la investigaci\u00f3n registr\u00f3 los cambios y transformaciones de cuatro casos de conservaci\u00f3n de edificios patrimoniales coloniales: La iglesia y claustro de San Francisco, el Palacio de la Moneda, la Casa Colorada y el Palacio de la Real Aduana.&nbsp;<\/p>\n\n\n\n<p>El estudio incluy\u00f3 tanto las piezas arquitect\u00f3nicas como su entorno pr\u00f3ximo, para comprender c\u00f3mo la normativa, la modernizaci\u00f3n urbana y los nuevos usos han aportado a la transformaci\u00f3n de la ciudad, entendiendo al patrimonio como una oportunidad de desarrollo urbano sostenible.<\/p>\n\n\n\n<p>En la exposici\u00f3n se presentaron adem\u00e1s 4 animaciones hechas a partir de ilustraciones que dan cuenta de la evoluci\u00f3n de los casos que se pueden ver en la siguiente cuenta:<\/p>\n\n\n\n<p><a href=\"https:\/\/www.instagram.com\/patrimonioproyectoyciudad\/\">https:\/\/www.instagram.com\/patrimonioproyectoyciudad\/<\/a><\/p>\n\n\n\n<figure class=\"wp-block-image size-large\"><img decoding=\"async\" width=\"1024\" height=\"768\" src=\"https:\/\/fadeu.urantiacos.cl\/wp-content\/uploads\/2023\/09\/image4-1024x768.jpeg\" alt=\"\" class=\"wp-image-6204\" srcset=\"https:\/\/fadeu.urantiacos.cl\/wp-content\/uploads\/2023\/09\/image4-1024x768.jpeg 1024w, https:\/\/fadeu.urantiacos.cl\/wp-content\/uploads\/2023\/09\/image4-300x225.jpeg 300w, https:\/\/fadeu.urantiacos.cl\/wp-content\/uploads\/2023\/09\/image4-768x576.jpeg 768w, https:\/\/fadeu.urantiacos.cl\/wp-content\/uploads\/2023\/09\/image4-1536x1152.jpeg 1536w, https:\/\/fadeu.urantiacos.cl\/wp-content\/uploads\/2023\/09\/image4.jpeg 1600w\" sizes=\"(max-width: 1024px) 100vw, 1024px\" \/><\/figure>\n\n\n\n<figure class=\"wp-block-image size-large\"><img decoding=\"async\" width=\"1024\" height=\"758\" src=\"https:\/\/fadeu.urantiacos.cl\/wp-content\/uploads\/2023\/09\/WhatsApp_Image_2021-10-05_at_12.34.17-1024x758.jpeg\" alt=\"\" class=\"wp-image-6205\" srcset=\"https:\/\/fadeu.urantiacos.cl\/wp-content\/uploads\/2023\/09\/WhatsApp_Image_2021-10-05_at_12.34.17-1024x758.jpeg 1024w, https:\/\/fadeu.urantiacos.cl\/wp-content\/uploads\/2023\/09\/WhatsApp_Image_2021-10-05_at_12.34.17-300x222.jpeg 300w, https:\/\/fadeu.urantiacos.cl\/wp-content\/uploads\/2023\/09\/WhatsApp_Image_2021-10-05_at_12.34.17-768x568.jpeg 768w, https:\/\/fadeu.urantiacos.cl\/wp-content\/uploads\/2023\/09\/WhatsApp_Image_2021-10-05_at_12.34.17.jpeg 1280w\" sizes=\"(max-width: 1024px) 100vw, 1024px\" \/><\/figure>\n\n\n\n<figure class=\"wp-block-image size-large\"><img decoding=\"async\" width=\"1024\" height=\"709\" src=\"https:\/\/fadeu.urantiacos.cl\/wp-content\/uploads\/2023\/09\/WhatsApp_Image_2021-09-27_at_12.46.42-1024x709.jpeg\" alt=\"\" class=\"wp-image-6206\" srcset=\"https:\/\/fadeu.urantiacos.cl\/wp-content\/uploads\/2023\/09\/WhatsApp_Image_2021-09-27_at_12.46.42-1024x709.jpeg 1024w, https:\/\/fadeu.urantiacos.cl\/wp-content\/uploads\/2023\/09\/WhatsApp_Image_2021-09-27_at_12.46.42-300x208.jpeg 300w, https:\/\/fadeu.urantiacos.cl\/wp-content\/uploads\/2023\/09\/WhatsApp_Image_2021-09-27_at_12.46.42-768x532.jpeg 768w, https:\/\/fadeu.urantiacos.cl\/wp-content\/uploads\/2023\/09\/WhatsApp_Image_2021-09-27_at_12.46.42.jpeg 1280w\" sizes=\"(max-width: 1024px) 100vw, 1024px\" \/><\/figure>\n","protected":false},"excerpt":{"rendered":"<p>\u201cPatrimonio, Proyecto y Ciudad: Casos de Transformaci\u00f3n Sostenible en el Centro de Santiago, Chile\u201d es el nombre del proyecto FONDECYT Iniciaci\u00f3n (11180518), que dirige la profesora Elvira P\u00e9rez, que fue expuesto el pasado 30 de septiembre en el Laboratorio de Urbanismo de Barcelona de la ETSAB.<\/p>\n","protected":false},"author":1,"featured_media":6202,"comment_status":"open","ping_status":"open","sticky":false,"template":"","format":"standard","meta":{"_acf_changed":false,"footnotes":""},"categories":[1],"tags":[],"class_list":["post-6201","post","type-post","status-publish","format-standard","has-post-thumbnail","hentry","category-sin-categorizar"],"acf":[],"yoast_head":"<!-- This site is optimized with the Yoast SEO plugin v27.1.1 - https:\/\/yoast.com\/product\/yoast-seo-wordpress\/ -->\n<title>Profesora Elvira P\u00e9rez expuso proyecto Fondecyt en el Laboratorio de Urbanismo de Barcelona de la ETSAB - Facultad de Arquitectura, Dise\u00f1o y Estudios Urbanos<\/title>\n<meta name=\"description\" content=\"\u201cPatrimonio, Proyecto y Ciudad: Casos de Transformaci\u00f3n Sostenible en el Centro de Santiago, Chile\u201d es el nombre del proyecto FONDECYT Iniciaci\u00f3n (11180518), que dirige la profesora Elvira P\u00e9rez, que fue expuesto el pasado 30 de septiembre en el Laboratorio de Urbanismo de Barcelona de la ETSAB.\" \/>\n<meta name=\"robots\" content=\"index, follow, max-snippet:-1, max-image-preview:large, max-video-preview:-1\" \/>\n<link rel=\"canonical\" href=\"https:\/\/fadeu.urantiacos.cl\/en\/2021\/10\/08\/profesora-elvira-perez-expuso-proyecto-fondecyt-en-el-laboratorio-de-urbanismo-de-barcelona-de-la-etsab\/\" \/>\n<meta property=\"og:locale\" content=\"en_US\" \/>\n<meta property=\"og:type\" content=\"article\" \/>\n<meta property=\"og:title\" content=\"Profesora Elvira P\u00e9rez expuso proyecto Fondecyt en el Laboratorio de Urbanismo de Barcelona de la ETSAB - Facultad de Arquitectura, Dise\u00f1o y Estudios Urbanos\" \/>\n<meta property=\"og:description\" content=\"\u201cPatrimonio, Proyecto y Ciudad: Casos de Transformaci\u00f3n Sostenible en el Centro de Santiago, Chile\u201d es el nombre del proyecto FONDECYT Iniciaci\u00f3n (11180518), que dirige la profesora Elvira P\u00e9rez, que fue expuesto el pasado 30 de septiembre en el Laboratorio de Urbanismo de Barcelona de la ETSAB.\" \/>\n<meta property=\"og:url\" content=\"https:\/\/fadeu.urantiacos.cl\/en\/2021\/10\/08\/profesora-elvira-perez-expuso-proyecto-fondecyt-en-el-laboratorio-de-urbanismo-de-barcelona-de-la-etsab\/\" \/>\n<meta property=\"og:site_name\" content=\"Facultad de Arquitectura, Dise\u00f1o y Estudios Urbanos\" \/>\n<meta property=\"article:published_time\" content=\"2021-10-08T14:59:00+00:00\" \/>\n<meta property=\"article:modified_time\" content=\"2023-09-07T15:03:46+00:00\" \/>\n<meta property=\"og:image\" content=\"https:\/\/fadeu.urantiacos.cl\/wp-content\/uploads\/2023\/09\/elvira_perez_octubre.jpg\" \/>\n\t<meta property=\"og:image:width\" content=\"350\" \/>\n\t<meta property=\"og:image:height\" content=\"250\" \/>\n\t<meta property=\"og:image:type\" content=\"image\/jpeg\" \/>\n<meta name=\"author\" content=\"manadmin\" \/>\n<meta name=\"twitter:card\" content=\"summary_large_image\" \/>\n<meta name=\"twitter:label1\" content=\"Written by\" \/>\n\t<meta name=\"twitter:data1\" content=\"manadmin\" \/>\n\t<meta name=\"twitter:label2\" content=\"Est. reading time\" \/>\n\t<meta name=\"twitter:data2\" content=\"2 minutes\" \/>\n<script type=\"application\/ld+json\" class=\"yoast-schema-graph\">{\"@context\":\"https:\/\/schema.org\",\"@graph\":[{\"@type\":\"Article\",\"@id\":\"https:\/\/fadeu.urantiacos.cl\/en\/2021\/10\/08\/profesora-elvira-perez-expuso-proyecto-fondecyt-en-el-laboratorio-de-urbanismo-de-barcelona-de-la-etsab\/#article\",\"isPartOf\":{\"@id\":\"https:\/\/fadeu.urantiacos.cl\/en\/2021\/10\/08\/profesora-elvira-perez-expuso-proyecto-fondecyt-en-el-laboratorio-de-urbanismo-de-barcelona-de-la-etsab\/\"},\"author\":{\"name\":\"manadmin\",\"@id\":\"https:\/\/fadeu.urantiacos.cl\/en\/#\/schema\/person\/d203e2e84b1c40275eac77b3061a19a2\"},\"headline\":\"Profesora Elvira P\u00e9rez expuso proyecto Fondecyt en el Laboratorio de Urbanismo de Barcelona de la ETSAB\",\"datePublished\":\"2021-10-08T14:59:00+00:00\",\"dateModified\":\"2023-09-07T15:03:46+00:00\",\"mainEntityOfPage\":{\"@id\":\"https:\/\/fadeu.urantiacos.cl\/en\/2021\/10\/08\/profesora-elvira-perez-expuso-proyecto-fondecyt-en-el-laboratorio-de-urbanismo-de-barcelona-de-la-etsab\/\"},\"wordCount\":354,\"commentCount\":0,\"image\":{\"@id\":\"https:\/\/fadeu.urantiacos.cl\/en\/2021\/10\/08\/profesora-elvira-perez-expuso-proyecto-fondecyt-en-el-laboratorio-de-urbanismo-de-barcelona-de-la-etsab\/#primaryimage\"},\"thumbnailUrl\":\"https:\/\/fadeu.urantiacos.cl\/wp-content\/uploads\/2023\/09\/elvira_perez_octubre.jpg\",\"articleSection\":[\"Sin categorizar\"],\"inLanguage\":\"en-US\",\"potentialAction\":[{\"@type\":\"CommentAction\",\"name\":\"Comment\",\"target\":[\"https:\/\/fadeu.urantiacos.cl\/en\/2021\/10\/08\/profesora-elvira-perez-expuso-proyecto-fondecyt-en-el-laboratorio-de-urbanismo-de-barcelona-de-la-etsab\/#respond\"]}]},{\"@type\":\"WebPage\",\"@id\":\"https:\/\/fadeu.urantiacos.cl\/en\/2021\/10\/08\/profesora-elvira-perez-expuso-proyecto-fondecyt-en-el-laboratorio-de-urbanismo-de-barcelona-de-la-etsab\/\",\"url\":\"https:\/\/fadeu.urantiacos.cl\/en\/2021\/10\/08\/profesora-elvira-perez-expuso-proyecto-fondecyt-en-el-laboratorio-de-urbanismo-de-barcelona-de-la-etsab\/\",\"name\":\"Profesora Elvira P\u00e9rez expuso proyecto Fondecyt en el Laboratorio de Urbanismo de Barcelona de la ETSAB - Facultad de Arquitectura, Dise\u00f1o y Estudios Urbanos\",\"isPartOf\":{\"@id\":\"https:\/\/fadeu.urantiacos.cl\/en\/#website\"},\"primaryImageOfPage\":{\"@id\":\"https:\/\/fadeu.urantiacos.cl\/en\/2021\/10\/08\/profesora-elvira-perez-expuso-proyecto-fondecyt-en-el-laboratorio-de-urbanismo-de-barcelona-de-la-etsab\/#primaryimage\"},\"image\":{\"@id\":\"https:\/\/fadeu.urantiacos.cl\/en\/2021\/10\/08\/profesora-elvira-perez-expuso-proyecto-fondecyt-en-el-laboratorio-de-urbanismo-de-barcelona-de-la-etsab\/#primaryimage\"},\"thumbnailUrl\":\"https:\/\/fadeu.urantiacos.cl\/wp-content\/uploads\/2023\/09\/elvira_perez_octubre.jpg\",\"datePublished\":\"2021-10-08T14:59:00+00:00\",\"dateModified\":\"2023-09-07T15:03:46+00:00\",\"author\":{\"@id\":\"https:\/\/fadeu.urantiacos.cl\/en\/#\/schema\/person\/d203e2e84b1c40275eac77b3061a19a2\"},\"description\":\"\u201cPatrimonio, Proyecto y Ciudad: Casos de Transformaci\u00f3n Sostenible en el Centro de Santiago, Chile\u201d es el nombre del proyecto FONDECYT Iniciaci\u00f3n (11180518), que dirige la profesora Elvira P\u00e9rez, que fue expuesto el pasado 30 de septiembre en el Laboratorio de Urbanismo de Barcelona de la ETSAB.\",\"breadcrumb\":{\"@id\":\"https:\/\/fadeu.urantiacos.cl\/en\/2021\/10\/08\/profesora-elvira-perez-expuso-proyecto-fondecyt-en-el-laboratorio-de-urbanismo-de-barcelona-de-la-etsab\/#breadcrumb\"},\"inLanguage\":\"en-US\",\"potentialAction\":[{\"@type\":\"ReadAction\",\"target\":[\"https:\/\/fadeu.urantiacos.cl\/en\/2021\/10\/08\/profesora-elvira-perez-expuso-proyecto-fondecyt-en-el-laboratorio-de-urbanismo-de-barcelona-de-la-etsab\/\"]}]},{\"@type\":\"ImageObject\",\"inLanguage\":\"en-US\",\"@id\":\"https:\/\/fadeu.urantiacos.cl\/en\/2021\/10\/08\/profesora-elvira-perez-expuso-proyecto-fondecyt-en-el-laboratorio-de-urbanismo-de-barcelona-de-la-etsab\/#primaryimage\",\"url\":\"https:\/\/fadeu.urantiacos.cl\/wp-content\/uploads\/2023\/09\/elvira_perez_octubre.jpg\",\"contentUrl\":\"https:\/\/fadeu.urantiacos.cl\/wp-content\/uploads\/2023\/09\/elvira_perez_octubre.jpg\",\"width\":350,\"height\":250},{\"@type\":\"BreadcrumbList\",\"@id\":\"https:\/\/fadeu.urantiacos.cl\/en\/2021\/10\/08\/profesora-elvira-perez-expuso-proyecto-fondecyt-en-el-laboratorio-de-urbanismo-de-barcelona-de-la-etsab\/#breadcrumb\",\"itemListElement\":[{\"@type\":\"ListItem\",\"position\":1,\"name\":\"Portada\",\"item\":\"https:\/\/fadeu.urantiacos.cl\/en\/\"},{\"@type\":\"ListItem\",\"position\":2,\"name\":\"Profesora Elvira P\u00e9rez expuso proyecto Fondecyt en el Laboratorio de Urbanismo de Barcelona de la ETSAB\"}]},{\"@type\":\"WebSite\",\"@id\":\"https:\/\/fadeu.urantiacos.cl\/en\/#website\",\"url\":\"https:\/\/fadeu.urantiacos.cl\/en\/\",\"name\":\"Facultad de Arquitectura, Dise\u00f1o y Estudios Urbanos\",\"description\":\"Campus Lo Contador\",\"potentialAction\":[{\"@type\":\"SearchAction\",\"target\":{\"@type\":\"EntryPoint\",\"urlTemplate\":\"https:\/\/fadeu.urantiacos.cl\/en\/?s={search_term_string}\"},\"query-input\":{\"@type\":\"PropertyValueSpecification\",\"valueRequired\":true,\"valueName\":\"search_term_string\"}}],\"inLanguage\":\"en-US\"},{\"@type\":\"Person\",\"@id\":\"https:\/\/fadeu.urantiacos.cl\/en\/#\/schema\/person\/d203e2e84b1c40275eac77b3061a19a2\",\"name\":\"manadmin\",\"image\":{\"@type\":\"ImageObject\",\"inLanguage\":\"en-US\",\"@id\":\"https:\/\/fadeu.urantiacos.cl\/en\/#\/schema\/person\/image\/\",\"url\":\"https:\/\/secure.gravatar.com\/avatar\/4b1d8e3303b4a9d8968ac578947d8bc80d9aea359f388cdd4aac15cadc0e8447?s=96&d=mm&r=g\",\"contentUrl\":\"https:\/\/secure.gravatar.com\/avatar\/4b1d8e3303b4a9d8968ac578947d8bc80d9aea359f388cdd4aac15cadc0e8447?s=96&d=mm&r=g\",\"caption\":\"manadmin\"},\"sameAs\":[\"https:\/\/fadeu.urantiacos.cl\"]}]}<\/script>\n<!-- \/ Yoast SEO plugin. -->","yoast_head_json":{"title":"Profesora Elvira P\u00e9rez expuso proyecto Fondecyt en el Laboratorio de Urbanismo de Barcelona de la ETSAB - Facultad de Arquitectura, Dise\u00f1o y Estudios Urbanos","description":"\u201cPatrimonio, Proyecto y Ciudad: Casos de Transformaci\u00f3n Sostenible en el Centro de Santiago, Chile\u201d es el nombre del proyecto FONDECYT Iniciaci\u00f3n (11180518), que dirige la profesora Elvira P\u00e9rez, que fue expuesto el pasado 30 de septiembre en el Laboratorio de Urbanismo de Barcelona de la ETSAB.","robots":{"index":"index","follow":"follow","max-snippet":"max-snippet:-1","max-image-preview":"max-image-preview:large","max-video-preview":"max-video-preview:-1"},"canonical":"https:\/\/fadeu.urantiacos.cl\/en\/2021\/10\/08\/profesora-elvira-perez-expuso-proyecto-fondecyt-en-el-laboratorio-de-urbanismo-de-barcelona-de-la-etsab\/","og_locale":"en_US","og_type":"article","og_title":"Profesora Elvira P\u00e9rez expuso proyecto Fondecyt en el Laboratorio de Urbanismo de Barcelona de la ETSAB - Facultad de Arquitectura, Dise\u00f1o y Estudios Urbanos","og_description":"\u201cPatrimonio, Proyecto y Ciudad: Casos de Transformaci\u00f3n Sostenible en el Centro de Santiago, Chile\u201d es el nombre del proyecto FONDECYT Iniciaci\u00f3n (11180518), que dirige la profesora Elvira P\u00e9rez, que fue expuesto el pasado 30 de septiembre en el Laboratorio de Urbanismo de Barcelona de la ETSAB.","og_url":"https:\/\/fadeu.urantiacos.cl\/en\/2021\/10\/08\/profesora-elvira-perez-expuso-proyecto-fondecyt-en-el-laboratorio-de-urbanismo-de-barcelona-de-la-etsab\/","og_site_name":"Facultad de Arquitectura, Dise\u00f1o y Estudios Urbanos","article_published_time":"2021-10-08T14:59:00+00:00","article_modified_time":"2023-09-07T15:03:46+00:00","og_image":[{"width":350,"height":250,"url":"https:\/\/fadeu.urantiacos.cl\/wp-content\/uploads\/2023\/09\/elvira_perez_octubre.jpg","type":"image\/jpeg"}],"author":"manadmin","twitter_card":"summary_large_image","twitter_misc":{"Written by":"manadmin","Est. reading time":"2 minutes"},"schema":{"@context":"https:\/\/schema.org","@graph":[{"@type":"Article","@id":"https:\/\/fadeu.urantiacos.cl\/en\/2021\/10\/08\/profesora-elvira-perez-expuso-proyecto-fondecyt-en-el-laboratorio-de-urbanismo-de-barcelona-de-la-etsab\/#article","isPartOf":{"@id":"https:\/\/fadeu.urantiacos.cl\/en\/2021\/10\/08\/profesora-elvira-perez-expuso-proyecto-fondecyt-en-el-laboratorio-de-urbanismo-de-barcelona-de-la-etsab\/"},"author":{"name":"manadmin","@id":"https:\/\/fadeu.urantiacos.cl\/en\/#\/schema\/person\/d203e2e84b1c40275eac77b3061a19a2"},"headline":"Profesora Elvira P\u00e9rez expuso proyecto Fondecyt en el Laboratorio de Urbanismo de Barcelona de la ETSAB","datePublished":"2021-10-08T14:59:00+00:00","dateModified":"2023-09-07T15:03:46+00:00","mainEntityOfPage":{"@id":"https:\/\/fadeu.urantiacos.cl\/en\/2021\/10\/08\/profesora-elvira-perez-expuso-proyecto-fondecyt-en-el-laboratorio-de-urbanismo-de-barcelona-de-la-etsab\/"},"wordCount":354,"commentCount":0,"image":{"@id":"https:\/\/fadeu.urantiacos.cl\/en\/2021\/10\/08\/profesora-elvira-perez-expuso-proyecto-fondecyt-en-el-laboratorio-de-urbanismo-de-barcelona-de-la-etsab\/#primaryimage"},"thumbnailUrl":"https:\/\/fadeu.urantiacos.cl\/wp-content\/uploads\/2023\/09\/elvira_perez_octubre.jpg","articleSection":["Sin categorizar"],"inLanguage":"en-US","potentialAction":[{"@type":"CommentAction","name":"Comment","target":["https:\/\/fadeu.urantiacos.cl\/en\/2021\/10\/08\/profesora-elvira-perez-expuso-proyecto-fondecyt-en-el-laboratorio-de-urbanismo-de-barcelona-de-la-etsab\/#respond"]}]},{"@type":"WebPage","@id":"https:\/\/fadeu.urantiacos.cl\/en\/2021\/10\/08\/profesora-elvira-perez-expuso-proyecto-fondecyt-en-el-laboratorio-de-urbanismo-de-barcelona-de-la-etsab\/","url":"https:\/\/fadeu.urantiacos.cl\/en\/2021\/10\/08\/profesora-elvira-perez-expuso-proyecto-fondecyt-en-el-laboratorio-de-urbanismo-de-barcelona-de-la-etsab\/","name":"Profesora Elvira P\u00e9rez expuso proyecto Fondecyt en el Laboratorio de Urbanismo de Barcelona de la ETSAB - Facultad de Arquitectura, Dise\u00f1o y Estudios Urbanos","isPartOf":{"@id":"https:\/\/fadeu.urantiacos.cl\/en\/#website"},"primaryImageOfPage":{"@id":"https:\/\/fadeu.urantiacos.cl\/en\/2021\/10\/08\/profesora-elvira-perez-expuso-proyecto-fondecyt-en-el-laboratorio-de-urbanismo-de-barcelona-de-la-etsab\/#primaryimage"},"image":{"@id":"https:\/\/fadeu.urantiacos.cl\/en\/2021\/10\/08\/profesora-elvira-perez-expuso-proyecto-fondecyt-en-el-laboratorio-de-urbanismo-de-barcelona-de-la-etsab\/#primaryimage"},"thumbnailUrl":"https:\/\/fadeu.urantiacos.cl\/wp-content\/uploads\/2023\/09\/elvira_perez_octubre.jpg","datePublished":"2021-10-08T14:59:00+00:00","dateModified":"2023-09-07T15:03:46+00:00","author":{"@id":"https:\/\/fadeu.urantiacos.cl\/en\/#\/schema\/person\/d203e2e84b1c40275eac77b3061a19a2"},"description":"\u201cPatrimonio, Proyecto y Ciudad: Casos de Transformaci\u00f3n Sostenible en el Centro de Santiago, Chile\u201d es el nombre del proyecto FONDECYT Iniciaci\u00f3n (11180518), que dirige la profesora Elvira P\u00e9rez, que fue expuesto el pasado 30 de septiembre en el Laboratorio de Urbanismo de Barcelona de la ETSAB.","breadcrumb":{"@id":"https:\/\/fadeu.urantiacos.cl\/en\/2021\/10\/08\/profesora-elvira-perez-expuso-proyecto-fondecyt-en-el-laboratorio-de-urbanismo-de-barcelona-de-la-etsab\/#breadcrumb"},"inLanguage":"en-US","potentialAction":[{"@type":"ReadAction","target":["https:\/\/fadeu.urantiacos.cl\/en\/2021\/10\/08\/profesora-elvira-perez-expuso-proyecto-fondecyt-en-el-laboratorio-de-urbanismo-de-barcelona-de-la-etsab\/"]}]},{"@type":"ImageObject","inLanguage":"en-US","@id":"https:\/\/fadeu.urantiacos.cl\/en\/2021\/10\/08\/profesora-elvira-perez-expuso-proyecto-fondecyt-en-el-laboratorio-de-urbanismo-de-barcelona-de-la-etsab\/#primaryimage","url":"https:\/\/fadeu.urantiacos.cl\/wp-content\/uploads\/2023\/09\/elvira_perez_octubre.jpg","contentUrl":"https:\/\/fadeu.urantiacos.cl\/wp-content\/uploads\/2023\/09\/elvira_perez_octubre.jpg","width":350,"height":250},{"@type":"BreadcrumbList","@id":"https:\/\/fadeu.urantiacos.cl\/en\/2021\/10\/08\/profesora-elvira-perez-expuso-proyecto-fondecyt-en-el-laboratorio-de-urbanismo-de-barcelona-de-la-etsab\/#breadcrumb","itemListElement":[{"@type":"ListItem","position":1,"name":"Portada","item":"https:\/\/fadeu.urantiacos.cl\/en\/"},{"@type":"ListItem","position":2,"name":"Profesora Elvira P\u00e9rez expuso proyecto Fondecyt en el Laboratorio de Urbanismo de Barcelona de la ETSAB"}]},{"@type":"WebSite","@id":"https:\/\/fadeu.urantiacos.cl\/en\/#website","url":"https:\/\/fadeu.urantiacos.cl\/en\/","name":"Facultad de Arquitectura, Dise\u00f1o y Estudios Urbanos","description":"Campus Lo Contador","potentialAction":[{"@type":"SearchAction","target":{"@type":"EntryPoint","urlTemplate":"https:\/\/fadeu.urantiacos.cl\/en\/?s={search_term_string}"},"query-input":{"@type":"PropertyValueSpecification","valueRequired":true,"valueName":"search_term_string"}}],"inLanguage":"en-US"},{"@type":"Person","@id":"https:\/\/fadeu.urantiacos.cl\/en\/#\/schema\/person\/d203e2e84b1c40275eac77b3061a19a2","name":"manadmin","image":{"@type":"ImageObject","inLanguage":"en-US","@id":"https:\/\/fadeu.urantiacos.cl\/en\/#\/schema\/person\/image\/","url":"https:\/\/secure.gravatar.com\/avatar\/4b1d8e3303b4a9d8968ac578947d8bc80d9aea359f388cdd4aac15cadc0e8447?s=96&d=mm&r=g","contentUrl":"https:\/\/secure.gravatar.com\/avatar\/4b1d8e3303b4a9d8968ac578947d8bc80d9aea359f388cdd4aac15cadc0e8447?s=96&d=mm&r=g","caption":"manadmin"},"sameAs":["https:\/\/fadeu.urantiacos.cl"]}]}},"_links":{"self":[{"href":"https:\/\/fadeu.urantiacos.cl\/en\/wp-json\/wp\/v2\/posts\/6201","targetHints":{"allow":["GET"]}}],"collection":[{"href":"https:\/\/fadeu.urantiacos.cl\/en\/wp-json\/wp\/v2\/posts"}],"about":[{"href":"https:\/\/fadeu.urantiacos.cl\/en\/wp-json\/wp\/v2\/types\/post"}],"author":[{"embeddable":true,"href":"https:\/\/fadeu.urantiacos.cl\/en\/wp-json\/wp\/v2\/users\/1"}],"replies":[{"embeddable":true,"href":"https:\/\/fadeu.urantiacos.cl\/en\/wp-json\/wp\/v2\/comments?post=6201"}],"version-history":[{"count":1,"href":"https:\/\/fadeu.urantiacos.cl\/en\/wp-json\/wp\/v2\/posts\/6201\/revisions"}],"predecessor-version":[{"id":6207,"href":"https:\/\/fadeu.urantiacos.cl\/en\/wp-json\/wp\/v2\/posts\/6201\/revisions\/6207"}],"wp:featuredmedia":[{"embeddable":true,"href":"https:\/\/fadeu.urantiacos.cl\/en\/wp-json\/wp\/v2\/media\/6202"}],"wp:attachment":[{"href":"https:\/\/fadeu.urantiacos.cl\/en\/wp-json\/wp\/v2\/media?parent=6201"}],"wp:term":[{"taxonomy":"category","embeddable":true,"href":"https:\/\/fadeu.urantiacos.cl\/en\/wp-json\/wp\/v2\/categories?post=6201"},{"taxonomy":"post_tag","embeddable":true,"href":"https:\/\/fadeu.urantiacos.cl\/en\/wp-json\/wp\/v2\/tags?post=6201"}],"curies":[{"name":"wp","href":"https:\/\/api.w.org\/{rel}","templated":true}]}}