{"id":6195,"date":"2021-10-08T11:55:00","date_gmt":"2021-10-08T14:55:00","guid":{"rendered":"https:\/\/fadeu.urantiacos.cl\/?p=6195"},"modified":"2023-09-07T11:58:58","modified_gmt":"2023-09-07T14:58:58","slug":"mapa-comunitario-permitira-la-gestion-del-riesgo-sismico-y-de-incendio-en-el-barrio-yungay","status":"publish","type":"post","link":"https:\/\/fadeu.urantiacos.cl\/en\/2021\/10\/08\/mapa-comunitario-permitira-la-gestion-del-riesgo-sismico-y-de-incendio-en-el-barrio-yungay\/","title":{"rendered":"Mapa comunitario permitir\u00e1 la gesti\u00f3n del riesgo s\u00edsmico y de incendio en el Barrio Yungay"},"content":{"rendered":"\n<figure class=\"wp-block-image size-full\"><img decoding=\"async\" width=\"350\" height=\"250\" src=\"https:\/\/fadeu.urantiacos.cl\/wp-content\/uploads\/2023\/09\/Cigiden_1_web.jpg\" alt=\"\" class=\"wp-image-6196\" srcset=\"https:\/\/fadeu.urantiacos.cl\/wp-content\/uploads\/2023\/09\/Cigiden_1_web.jpg 350w, https:\/\/fadeu.urantiacos.cl\/wp-content\/uploads\/2023\/09\/Cigiden_1_web-300x214.jpg 300w\" sizes=\"(max-width: 350px) 100vw, 350px\" \/><\/figure>\n\n\n\n<p>El Barrio Yungay fue fundado en 1839 en conmemoraci\u00f3n a la Batalla de Yungay y declarado Zona T\u00edpica de Chile en 2009. Esta&nbsp;declaraci\u00f3n se logr\u00f3 tras el trabajo de dos a\u00f1os del grupo ciudadano llamado \u201cVecinos por la defensa del Barrio Yungay\u201d y que present\u00f3 un \u201cEstudio del Patrimonio Arquitect\u00f3nico de Santiago Poniente\u201d; un expediente con cartas de apoyo con 2.577 firmas de propietarios, arrendatarios y 72 instituciones, que apoyaban la demanda.<\/p>\n\n\n\n<p>Son esos mismos vecinos que hoy participar\u00e1n del proyecto \u201cAn\u00e1lisis integrado del riesgo s\u00edsmico del Paisaje Urbano Hist\u00f3rico. El caso estudio de Barrio Yungay, Santiago, Chile&#8221;, financiado por ANID y desarrollado por la investigadora Nuria Chiara Palazzi del Centro de Investigaci\u00f3n para la Gesti\u00f3n Integrada del Riesgo de Desastre (CIGIDEN) y del Centro del Patrimonio Cultural UC, y Postdoctorante en el Doctorado de Arquitectura y Estudios Urbanos UC, junto con la Junta de Vecinos del Barrio Yungay y la Compa\u00f1\u00eda de Bomberos Esmeralda. \u201cEl estudio se enfoca en el riesgo s\u00edsmico, la vulnerabilidad socioecon\u00f3mica y el riesgo de incendio del patrimonio constru\u00eddo chileno\u201d, explica la experta.<\/p>\n\n\n\n<p>A inicios de abril la investigadora y doctora en ingenier\u00eda civil y en restauraci\u00f3n de la arquitectura Nuria Chiara Palazzi, se reuni\u00f3 con los vecinos del Barrio Yungay en la sede de la Junta de Vecinos. Durante el encuentro, los vecinos manifestaron un alto inter\u00e9s por recibir informaci\u00f3n que les ayude a reconocer el nivel de vulnerabilidad de sus viviendas hist\u00f3ricas ante un sismo y el riesgo de incendio, y c\u00f3mo poder intervenir frente a ello.&nbsp;<\/p>\n\n\n\n<p>La concejala de la Municipalidad de Santiago, Rosario Carvajal, quien estuvo presente en el encuentro, indic\u00f3 que el proyecto es muy necesario, ya que hace un levantamiento de la situaci\u00f3n de riesgo del Barrio Yungay y sus inmuebles: &#8220;El problema de los incendios es algo que hemos experimentado, pero no hab\u00eda una investigaci\u00f3n que se\u00f1ale claramente los tipos de riesgo a los que se enfrentan los vecinos y poder desde ah\u00ed generar una pol\u00edtica de intervenci\u00f3n.&nbsp;Generalmente, tenemos un incendio al mes, por lo que concretar esta iniciativa es algo muy urgente para la comunidad, tanto propietarios, como residentes, ya que es un proyecto que nos puede ayudar a salvar vidas&#8221;, asegur\u00f3.<\/p>\n\n\n\n<p><strong>Incendios en edificios hist\u00f3ricos<\/strong><\/p>\n\n\n\n<p>De hecho, solo en 2020 ocurri\u00f3 un incendio al mes en el barrio Yungay. Seg\u00fan datos de Bomberos de Chile en los \u00faltimos dos a\u00f1os el 7.5% de los edificios hist\u00f3ricos de la Zona t\u00edpica de Yungay ha tenido da\u00f1os irreparables despu\u00e9s de haberse incendiado y a causa de estos incendios 115 personas perdieron sus hogares y\/o sufrieron da\u00f1o f\u00edsico.&nbsp;<\/p>\n\n\n\n<p>\u201cLa alta vulnerabilidad socioecon\u00f3mica de sus habitantes, agrava los efectos directos causados por un evento s\u00edsmico o un incendio (como la pobreza, la inseguridad humana, la dependencia econ\u00f3mica, la disparidad social, el desempleo, etc). Unos de los mayores problemas detectados hasta ahora, son el hacinamiento y abandono de estos edificios; hay edificios que desde el terremoto de 2010 no han sido reparados y igualmente se vuelven a reutilizar en malas condiciones\u201d, advierte Nuria Palazzi. La investigadora est\u00e1 trabajando, desde principios de 2020, junto al investigador patrocinador Prof. Jos\u00e9 Rosas Vera de la Facultad de Arquitectura, Dise\u00f1o y Estudios Urbanos y del CENPUC, el decano de la facultad de ingenier\u00eda Juan Carlos de la Llera investigador principal de CIGIDEN, y el Prof. F. P\u00e9rez investigador del CENPUC y Asociado a la Escuela de Arquitectura, que cuenta con el soporte del CENPUC que dirige el profesor Umberto Bonomo en un mapa de riesgo s\u00edsmico y de incendios para el Barrio Yungay.&nbsp;<\/p>\n\n\n\n<p>De acuerdo a Palazzi, los vecinos reconocen en el Barrio Yungay caracter\u00edsticas hist\u00f3ricas, arquitect\u00f3nicas, culturales y sociales que son representativas de un momento preciso en Chile, pero advierten sobre el crecimiento inmobiliario con edificios de gran altura, que contrastan con la arquitectura que caracteriza al barrio. \u201cEl barrio hoy se usa mayoritariamente como vivienda o es de uso mixto (vivienda y comercio), por lo que su valoraci\u00f3n patrimonial es menor a la de los palacios, museos, conventos e iglesias. Los inmuebles son privados, por lo tanto, no cuentan con inversi\u00f3n estatal\u201d, advierte la experta.&nbsp;<br><\/p>\n\n\n\n<p><strong>Mapa de riesgo s\u00edsmico y de incendio&nbsp;<\/strong><\/p>\n\n\n\n<p>Para la elaboraci\u00f3n de un mapa con indicadores de riesgo s\u00edsmico y de incendio, los investigadores consideran dos categor\u00edas de edificios seg\u00fan su caracter\u00edsticas estructurales y constructivas -edificios de estilo Colonial y Clasicista- presentes en 43 manzanas del barrio. Estas estructuras suelen ser de adobe, ladrillo, alba\u00f1iler\u00eda no reforzada, tabiquer\u00eda de ladrillo y\/o adobe ,por lo tanto, su estructura es m\u00e1s susceptible a sismos e incendios. En efecto, se\u00f1ala Nuria Palazzi, los edificios con un segundo piso hecho en tabiquer\u00eda y con estructura de techo compartida, causa falta de compartimentaci\u00f3n y alta carga combustible, tienen un mayor riesgo de incendio, y en particular de una r\u00e1pida propagaci\u00f3n del fuego.<\/p>\n\n\n\n<p>Tambi\u00e9n se adaptaron los \u00e1bacos y las fichas de levantamiento de da\u00f1os frente a un sismo para edificios de alba\u00f1iler\u00eda simple utilizadas en Europa al contexto y peculiaridades de los edificios hist\u00f3ricos chilenos recolectando los da\u00f1os generados a partir del terremoto de 2010 en la Zona T\u00edpica de Yungay. Los resultados obtenidos ser\u00e1n compartidos en un mapa online con datos abiertos y diferentes \u00edndices de amenaza. \u201cNos gustar\u00eda generar un mapa de riesgos que indique la probabilidad del da\u00f1o que se generar\u00eda en las estructuras seg\u00fan diferentes magnitudes de terremotos\u201d, plantea la investigadora CIGIDEN.&nbsp;<\/p>\n\n\n\n<p>Los investigadores destacan que en el Barrio Yungay la mayor\u00eda de las edificaciones no presentan instalaciones el\u00e9ctricas en norma y el alto grado de hacinamiento determina, a menudo, una sobrecarga de los sistemas el\u00e9ctricos aumentando el riesgo de incendio que ya es alto por tratarse de estructuras hist\u00f3ricas de fachadas continuas. \u201cLas estructuras que est\u00e1n expuestas a riesgo moderado y alto de evacuaci\u00f3n durante un incendio, indica Palazzi, son los cit\u00e9s y las manzanas penetradas (modificadas en el tiempo en edificios hist\u00f3ricos) debido a que sus v\u00edas de escape tienen un tama\u00f1o insuficiente a garantizar el acceso directo a los carros de bomberos, y una distancia entre los grifos y los puntos de incendio major a lo que requiere la norma (NCh1646Of1998)\u201d.<\/p>\n\n\n\n<p>\u201cEl trabajo con los vecinos busca tener informaci\u00f3n m\u00e1s realista y por eso indaga en el estado de las actuales instalaciones el\u00e9ctricas de los edificios, el tipo de calefacci\u00f3n que se usa en su interior, como cilindros de gas que deber\u00edan ser ubicados en lugares ventilados para reducir el riesgo de incendio \u201c, espec\u00edfica la experta. &nbsp;Este proyecto \u2013que est\u00e1 en pleno desarrollo\u2013 cuenta con el apoyo de la Junta de Vecinos Barrio Yungay, CIGIDEN, CENPUC, la Compa\u00f1\u00eda de Bomberos Esmeralda y del \u00c1rea de Patrimonio en Riesgo del&nbsp;Consejo de Monumentos Nacionales (CMN).<\/p>\n\n\n\n<figure class=\"wp-block-image size-large\"><img decoding=\"async\" width=\"1024\" height=\"724\" src=\"https:\/\/fadeu.urantiacos.cl\/wp-content\/uploads\/2023\/09\/Cigiden_1-1024x724.jpeg\" alt=\"\" class=\"wp-image-6197\" srcset=\"https:\/\/fadeu.urantiacos.cl\/wp-content\/uploads\/2023\/09\/Cigiden_1-1024x724.jpeg 1024w, https:\/\/fadeu.urantiacos.cl\/wp-content\/uploads\/2023\/09\/Cigiden_1-300x212.jpeg 300w, https:\/\/fadeu.urantiacos.cl\/wp-content\/uploads\/2023\/09\/Cigiden_1-768x543.jpeg 768w, https:\/\/fadeu.urantiacos.cl\/wp-content\/uploads\/2023\/09\/Cigiden_1-1536x1086.jpeg 1536w, https:\/\/fadeu.urantiacos.cl\/wp-content\/uploads\/2023\/09\/Cigiden_1-2048x1448.jpeg 2048w, https:\/\/fadeu.urantiacos.cl\/wp-content\/uploads\/2023\/09\/Cigiden_1.jpeg 1600w\" sizes=\"(max-width: 1024px) 100vw, 1024px\" \/><\/figure>\n\n\n\n<figure class=\"wp-block-image size-full\"><img decoding=\"async\" width=\"960\" height=\"718\" src=\"https:\/\/fadeu.urantiacos.cl\/wp-content\/uploads\/2023\/09\/Cigiden_2.jpeg\" alt=\"\" class=\"wp-image-6198\" srcset=\"https:\/\/fadeu.urantiacos.cl\/wp-content\/uploads\/2023\/09\/Cigiden_2.jpeg 960w, https:\/\/fadeu.urantiacos.cl\/wp-content\/uploads\/2023\/09\/Cigiden_2-300x224.jpeg 300w, https:\/\/fadeu.urantiacos.cl\/wp-content\/uploads\/2023\/09\/Cigiden_2-768x574.jpeg 768w\" sizes=\"(max-width: 960px) 100vw, 960px\" \/><\/figure>\n\n\n\n<figure class=\"wp-block-image size-large\"><img decoding=\"async\" width=\"1024\" height=\"1024\" src=\"https:\/\/fadeu.urantiacos.cl\/wp-content\/uploads\/2023\/09\/Cigiden_3-1024x1024.jpeg\" alt=\"\" class=\"wp-image-6199\" srcset=\"https:\/\/fadeu.urantiacos.cl\/wp-content\/uploads\/2023\/09\/Cigiden_3-1024x1024.jpeg 1024w, https:\/\/fadeu.urantiacos.cl\/wp-content\/uploads\/2023\/09\/Cigiden_3-300x300.jpeg 300w, https:\/\/fadeu.urantiacos.cl\/wp-content\/uploads\/2023\/09\/Cigiden_3-150x150.jpeg 150w, https:\/\/fadeu.urantiacos.cl\/wp-content\/uploads\/2023\/09\/Cigiden_3-768x767.jpeg 768w, https:\/\/fadeu.urantiacos.cl\/wp-content\/uploads\/2023\/09\/Cigiden_3.jpeg 1201w\" sizes=\"(max-width: 1024px) 100vw, 1024px\" \/><\/figure>\n\n\n\n<p>INFORMACI\u00d3N PERIOD\u00cdSTICA<br>JUAN ANDR\u00c9S INZUNZA<\/p>\n","protected":false},"excerpt":{"rendered":"<p>La investigadora CIGIDEN, Nuria Chiara Palazzi, es parte del proyecto y se\u00f1ala que uno de los mayores problemas del barrio hist\u00f3rico, es el hacinamiento y el abandono de algunos edificios. \u201cHay edificios que desde el terremoto de 2010 no han sido reparados y en el caso de las estructuras incendiadas, quedan abandonadas o se vuelven a reutilizar en malas condiciones\u201d, advierte.<\/p>\n","protected":false},"author":1,"featured_media":6196,"comment_status":"open","ping_status":"open","sticky":false,"template":"","format":"standard","meta":{"_acf_changed":false,"footnotes":""},"categories":[1],"tags":[],"class_list":["post-6195","post","type-post","status-publish","format-standard","has-post-thumbnail","hentry","category-sin-categorizar"],"acf":[],"yoast_head":"<!-- This site is optimized with the Yoast SEO plugin v27.1.1 - https:\/\/yoast.com\/product\/yoast-seo-wordpress\/ -->\n<title>Mapa comunitario permitir\u00e1 la gesti\u00f3n del riesgo s\u00edsmico y de incendio en el Barrio Yungay - Facultad de Arquitectura, Dise\u00f1o y Estudios Urbanos<\/title>\n<meta name=\"description\" content=\"La investigadora CIGIDEN, Nuria Chiara Palazzi, es parte del proyecto y se\u00f1ala que uno de los mayores problemas del barrio hist\u00f3rico, es el hacinamiento y el abandono de algunos edificios. \u201cHay edificios que desde el terremoto de 2010 no han sido reparados y en el caso de las estructuras incendiadas, quedan abandonadas o se vuelven a reutilizar en malas condiciones\u201d, advierte.\" \/>\n<meta name=\"robots\" content=\"index, follow, max-snippet:-1, max-image-preview:large, max-video-preview:-1\" \/>\n<link rel=\"canonical\" href=\"https:\/\/fadeu.urantiacos.cl\/en\/2021\/10\/08\/mapa-comunitario-permitira-la-gestion-del-riesgo-sismico-y-de-incendio-en-el-barrio-yungay\/\" \/>\n<meta property=\"og:locale\" content=\"en_US\" \/>\n<meta property=\"og:type\" content=\"article\" \/>\n<meta property=\"og:title\" content=\"Mapa comunitario permitir\u00e1 la gesti\u00f3n del riesgo s\u00edsmico y de incendio en el Barrio Yungay - Facultad de Arquitectura, Dise\u00f1o y Estudios Urbanos\" \/>\n<meta property=\"og:description\" content=\"La investigadora CIGIDEN, Nuria Chiara Palazzi, es parte del proyecto y se\u00f1ala que uno de los mayores problemas del barrio hist\u00f3rico, es el hacinamiento y el abandono de algunos edificios. \u201cHay edificios que desde el terremoto de 2010 no han sido reparados y en el caso de las estructuras incendiadas, quedan abandonadas o se vuelven a reutilizar en malas condiciones\u201d, advierte.\" \/>\n<meta property=\"og:url\" content=\"https:\/\/fadeu.urantiacos.cl\/en\/2021\/10\/08\/mapa-comunitario-permitira-la-gestion-del-riesgo-sismico-y-de-incendio-en-el-barrio-yungay\/\" \/>\n<meta property=\"og:site_name\" content=\"Facultad de Arquitectura, Dise\u00f1o y Estudios Urbanos\" \/>\n<meta property=\"article:published_time\" content=\"2021-10-08T14:55:00+00:00\" \/>\n<meta property=\"article:modified_time\" content=\"2023-09-07T14:58:58+00:00\" \/>\n<meta property=\"og:image\" content=\"https:\/\/fadeu.urantiacos.cl\/wp-content\/uploads\/2023\/09\/Cigiden_1_web.jpg\" \/>\n\t<meta property=\"og:image:width\" content=\"350\" \/>\n\t<meta property=\"og:image:height\" content=\"250\" \/>\n\t<meta property=\"og:image:type\" content=\"image\/jpeg\" \/>\n<meta name=\"author\" content=\"manadmin\" \/>\n<meta name=\"twitter:card\" content=\"summary_large_image\" \/>\n<meta name=\"twitter:label1\" content=\"Written by\" \/>\n\t<meta name=\"twitter:data1\" content=\"manadmin\" \/>\n\t<meta name=\"twitter:label2\" content=\"Est. reading time\" \/>\n\t<meta name=\"twitter:data2\" content=\"6 minutes\" \/>\n<script type=\"application\/ld+json\" class=\"yoast-schema-graph\">{\"@context\":\"https:\/\/schema.org\",\"@graph\":[{\"@type\":\"Article\",\"@id\":\"https:\/\/fadeu.urantiacos.cl\/en\/2021\/10\/08\/mapa-comunitario-permitira-la-gestion-del-riesgo-sismico-y-de-incendio-en-el-barrio-yungay\/#article\",\"isPartOf\":{\"@id\":\"https:\/\/fadeu.urantiacos.cl\/en\/2021\/10\/08\/mapa-comunitario-permitira-la-gestion-del-riesgo-sismico-y-de-incendio-en-el-barrio-yungay\/\"},\"author\":{\"name\":\"manadmin\",\"@id\":\"https:\/\/fadeu.urantiacos.cl\/en\/#\/schema\/person\/d203e2e84b1c40275eac77b3061a19a2\"},\"headline\":\"Mapa comunitario permitir\u00e1 la gesti\u00f3n del riesgo s\u00edsmico y de incendio en el Barrio Yungay\",\"datePublished\":\"2021-10-08T14:55:00+00:00\",\"dateModified\":\"2023-09-07T14:58:58+00:00\",\"mainEntityOfPage\":{\"@id\":\"https:\/\/fadeu.urantiacos.cl\/en\/2021\/10\/08\/mapa-comunitario-permitira-la-gestion-del-riesgo-sismico-y-de-incendio-en-el-barrio-yungay\/\"},\"wordCount\":1227,\"commentCount\":0,\"image\":{\"@id\":\"https:\/\/fadeu.urantiacos.cl\/en\/2021\/10\/08\/mapa-comunitario-permitira-la-gestion-del-riesgo-sismico-y-de-incendio-en-el-barrio-yungay\/#primaryimage\"},\"thumbnailUrl\":\"https:\/\/fadeu.urantiacos.cl\/wp-content\/uploads\/2023\/09\/Cigiden_1_web.jpg\",\"articleSection\":[\"Sin categorizar\"],\"inLanguage\":\"en-US\",\"potentialAction\":[{\"@type\":\"CommentAction\",\"name\":\"Comment\",\"target\":[\"https:\/\/fadeu.urantiacos.cl\/en\/2021\/10\/08\/mapa-comunitario-permitira-la-gestion-del-riesgo-sismico-y-de-incendio-en-el-barrio-yungay\/#respond\"]}]},{\"@type\":\"WebPage\",\"@id\":\"https:\/\/fadeu.urantiacos.cl\/en\/2021\/10\/08\/mapa-comunitario-permitira-la-gestion-del-riesgo-sismico-y-de-incendio-en-el-barrio-yungay\/\",\"url\":\"https:\/\/fadeu.urantiacos.cl\/en\/2021\/10\/08\/mapa-comunitario-permitira-la-gestion-del-riesgo-sismico-y-de-incendio-en-el-barrio-yungay\/\",\"name\":\"Mapa comunitario permitir\u00e1 la gesti\u00f3n del riesgo s\u00edsmico y de incendio en el Barrio Yungay - Facultad de Arquitectura, Dise\u00f1o y Estudios Urbanos\",\"isPartOf\":{\"@id\":\"https:\/\/fadeu.urantiacos.cl\/en\/#website\"},\"primaryImageOfPage\":{\"@id\":\"https:\/\/fadeu.urantiacos.cl\/en\/2021\/10\/08\/mapa-comunitario-permitira-la-gestion-del-riesgo-sismico-y-de-incendio-en-el-barrio-yungay\/#primaryimage\"},\"image\":{\"@id\":\"https:\/\/fadeu.urantiacos.cl\/en\/2021\/10\/08\/mapa-comunitario-permitira-la-gestion-del-riesgo-sismico-y-de-incendio-en-el-barrio-yungay\/#primaryimage\"},\"thumbnailUrl\":\"https:\/\/fadeu.urantiacos.cl\/wp-content\/uploads\/2023\/09\/Cigiden_1_web.jpg\",\"datePublished\":\"2021-10-08T14:55:00+00:00\",\"dateModified\":\"2023-09-07T14:58:58+00:00\",\"author\":{\"@id\":\"https:\/\/fadeu.urantiacos.cl\/en\/#\/schema\/person\/d203e2e84b1c40275eac77b3061a19a2\"},\"description\":\"La investigadora CIGIDEN, Nuria Chiara Palazzi, es parte del proyecto y se\u00f1ala que uno de los mayores problemas del barrio hist\u00f3rico, es el hacinamiento y el abandono de algunos edificios. \u201cHay edificios que desde el terremoto de 2010 no han sido reparados y en el caso de las estructuras incendiadas, quedan abandonadas o se vuelven a reutilizar en malas condiciones\u201d, advierte.\",\"breadcrumb\":{\"@id\":\"https:\/\/fadeu.urantiacos.cl\/en\/2021\/10\/08\/mapa-comunitario-permitira-la-gestion-del-riesgo-sismico-y-de-incendio-en-el-barrio-yungay\/#breadcrumb\"},\"inLanguage\":\"en-US\",\"potentialAction\":[{\"@type\":\"ReadAction\",\"target\":[\"https:\/\/fadeu.urantiacos.cl\/en\/2021\/10\/08\/mapa-comunitario-permitira-la-gestion-del-riesgo-sismico-y-de-incendio-en-el-barrio-yungay\/\"]}]},{\"@type\":\"ImageObject\",\"inLanguage\":\"en-US\",\"@id\":\"https:\/\/fadeu.urantiacos.cl\/en\/2021\/10\/08\/mapa-comunitario-permitira-la-gestion-del-riesgo-sismico-y-de-incendio-en-el-barrio-yungay\/#primaryimage\",\"url\":\"https:\/\/fadeu.urantiacos.cl\/wp-content\/uploads\/2023\/09\/Cigiden_1_web.jpg\",\"contentUrl\":\"https:\/\/fadeu.urantiacos.cl\/wp-content\/uploads\/2023\/09\/Cigiden_1_web.jpg\",\"width\":350,\"height\":250},{\"@type\":\"BreadcrumbList\",\"@id\":\"https:\/\/fadeu.urantiacos.cl\/en\/2021\/10\/08\/mapa-comunitario-permitira-la-gestion-del-riesgo-sismico-y-de-incendio-en-el-barrio-yungay\/#breadcrumb\",\"itemListElement\":[{\"@type\":\"ListItem\",\"position\":1,\"name\":\"Portada\",\"item\":\"https:\/\/fadeu.urantiacos.cl\/en\/\"},{\"@type\":\"ListItem\",\"position\":2,\"name\":\"Mapa comunitario permitir\u00e1 la gesti\u00f3n del riesgo s\u00edsmico y de incendio en el Barrio Yungay\"}]},{\"@type\":\"WebSite\",\"@id\":\"https:\/\/fadeu.urantiacos.cl\/en\/#website\",\"url\":\"https:\/\/fadeu.urantiacos.cl\/en\/\",\"name\":\"Facultad de Arquitectura, Dise\u00f1o y Estudios Urbanos\",\"description\":\"Campus Lo Contador\",\"potentialAction\":[{\"@type\":\"SearchAction\",\"target\":{\"@type\":\"EntryPoint\",\"urlTemplate\":\"https:\/\/fadeu.urantiacos.cl\/en\/?s={search_term_string}\"},\"query-input\":{\"@type\":\"PropertyValueSpecification\",\"valueRequired\":true,\"valueName\":\"search_term_string\"}}],\"inLanguage\":\"en-US\"},{\"@type\":\"Person\",\"@id\":\"https:\/\/fadeu.urantiacos.cl\/en\/#\/schema\/person\/d203e2e84b1c40275eac77b3061a19a2\",\"name\":\"manadmin\",\"image\":{\"@type\":\"ImageObject\",\"inLanguage\":\"en-US\",\"@id\":\"https:\/\/fadeu.urantiacos.cl\/en\/#\/schema\/person\/image\/\",\"url\":\"https:\/\/secure.gravatar.com\/avatar\/4b1d8e3303b4a9d8968ac578947d8bc80d9aea359f388cdd4aac15cadc0e8447?s=96&d=mm&r=g\",\"contentUrl\":\"https:\/\/secure.gravatar.com\/avatar\/4b1d8e3303b4a9d8968ac578947d8bc80d9aea359f388cdd4aac15cadc0e8447?s=96&d=mm&r=g\",\"caption\":\"manadmin\"},\"sameAs\":[\"https:\/\/fadeu.urantiacos.cl\"]}]}<\/script>\n<!-- \/ Yoast SEO plugin. -->","yoast_head_json":{"title":"Mapa comunitario permitir\u00e1 la gesti\u00f3n del riesgo s\u00edsmico y de incendio en el Barrio Yungay - Facultad de Arquitectura, Dise\u00f1o y Estudios Urbanos","description":"La investigadora CIGIDEN, Nuria Chiara Palazzi, es parte del proyecto y se\u00f1ala que uno de los mayores problemas del barrio hist\u00f3rico, es el hacinamiento y el abandono de algunos edificios. \u201cHay edificios que desde el terremoto de 2010 no han sido reparados y en el caso de las estructuras incendiadas, quedan abandonadas o se vuelven a reutilizar en malas condiciones\u201d, advierte.","robots":{"index":"index","follow":"follow","max-snippet":"max-snippet:-1","max-image-preview":"max-image-preview:large","max-video-preview":"max-video-preview:-1"},"canonical":"https:\/\/fadeu.urantiacos.cl\/en\/2021\/10\/08\/mapa-comunitario-permitira-la-gestion-del-riesgo-sismico-y-de-incendio-en-el-barrio-yungay\/","og_locale":"en_US","og_type":"article","og_title":"Mapa comunitario permitir\u00e1 la gesti\u00f3n del riesgo s\u00edsmico y de incendio en el Barrio Yungay - Facultad de Arquitectura, Dise\u00f1o y Estudios Urbanos","og_description":"La investigadora CIGIDEN, Nuria Chiara Palazzi, es parte del proyecto y se\u00f1ala que uno de los mayores problemas del barrio hist\u00f3rico, es el hacinamiento y el abandono de algunos edificios. \u201cHay edificios que desde el terremoto de 2010 no han sido reparados y en el caso de las estructuras incendiadas, quedan abandonadas o se vuelven a reutilizar en malas condiciones\u201d, advierte.","og_url":"https:\/\/fadeu.urantiacos.cl\/en\/2021\/10\/08\/mapa-comunitario-permitira-la-gestion-del-riesgo-sismico-y-de-incendio-en-el-barrio-yungay\/","og_site_name":"Facultad de Arquitectura, Dise\u00f1o y Estudios Urbanos","article_published_time":"2021-10-08T14:55:00+00:00","article_modified_time":"2023-09-07T14:58:58+00:00","og_image":[{"width":350,"height":250,"url":"https:\/\/fadeu.urantiacos.cl\/wp-content\/uploads\/2023\/09\/Cigiden_1_web.jpg","type":"image\/jpeg"}],"author":"manadmin","twitter_card":"summary_large_image","twitter_misc":{"Written by":"manadmin","Est. reading time":"6 minutes"},"schema":{"@context":"https:\/\/schema.org","@graph":[{"@type":"Article","@id":"https:\/\/fadeu.urantiacos.cl\/en\/2021\/10\/08\/mapa-comunitario-permitira-la-gestion-del-riesgo-sismico-y-de-incendio-en-el-barrio-yungay\/#article","isPartOf":{"@id":"https:\/\/fadeu.urantiacos.cl\/en\/2021\/10\/08\/mapa-comunitario-permitira-la-gestion-del-riesgo-sismico-y-de-incendio-en-el-barrio-yungay\/"},"author":{"name":"manadmin","@id":"https:\/\/fadeu.urantiacos.cl\/en\/#\/schema\/person\/d203e2e84b1c40275eac77b3061a19a2"},"headline":"Mapa comunitario permitir\u00e1 la gesti\u00f3n del riesgo s\u00edsmico y de incendio en el Barrio Yungay","datePublished":"2021-10-08T14:55:00+00:00","dateModified":"2023-09-07T14:58:58+00:00","mainEntityOfPage":{"@id":"https:\/\/fadeu.urantiacos.cl\/en\/2021\/10\/08\/mapa-comunitario-permitira-la-gestion-del-riesgo-sismico-y-de-incendio-en-el-barrio-yungay\/"},"wordCount":1227,"commentCount":0,"image":{"@id":"https:\/\/fadeu.urantiacos.cl\/en\/2021\/10\/08\/mapa-comunitario-permitira-la-gestion-del-riesgo-sismico-y-de-incendio-en-el-barrio-yungay\/#primaryimage"},"thumbnailUrl":"https:\/\/fadeu.urantiacos.cl\/wp-content\/uploads\/2023\/09\/Cigiden_1_web.jpg","articleSection":["Sin categorizar"],"inLanguage":"en-US","potentialAction":[{"@type":"CommentAction","name":"Comment","target":["https:\/\/fadeu.urantiacos.cl\/en\/2021\/10\/08\/mapa-comunitario-permitira-la-gestion-del-riesgo-sismico-y-de-incendio-en-el-barrio-yungay\/#respond"]}]},{"@type":"WebPage","@id":"https:\/\/fadeu.urantiacos.cl\/en\/2021\/10\/08\/mapa-comunitario-permitira-la-gestion-del-riesgo-sismico-y-de-incendio-en-el-barrio-yungay\/","url":"https:\/\/fadeu.urantiacos.cl\/en\/2021\/10\/08\/mapa-comunitario-permitira-la-gestion-del-riesgo-sismico-y-de-incendio-en-el-barrio-yungay\/","name":"Mapa comunitario permitir\u00e1 la gesti\u00f3n del riesgo s\u00edsmico y de incendio en el Barrio Yungay - Facultad de Arquitectura, Dise\u00f1o y Estudios Urbanos","isPartOf":{"@id":"https:\/\/fadeu.urantiacos.cl\/en\/#website"},"primaryImageOfPage":{"@id":"https:\/\/fadeu.urantiacos.cl\/en\/2021\/10\/08\/mapa-comunitario-permitira-la-gestion-del-riesgo-sismico-y-de-incendio-en-el-barrio-yungay\/#primaryimage"},"image":{"@id":"https:\/\/fadeu.urantiacos.cl\/en\/2021\/10\/08\/mapa-comunitario-permitira-la-gestion-del-riesgo-sismico-y-de-incendio-en-el-barrio-yungay\/#primaryimage"},"thumbnailUrl":"https:\/\/fadeu.urantiacos.cl\/wp-content\/uploads\/2023\/09\/Cigiden_1_web.jpg","datePublished":"2021-10-08T14:55:00+00:00","dateModified":"2023-09-07T14:58:58+00:00","author":{"@id":"https:\/\/fadeu.urantiacos.cl\/en\/#\/schema\/person\/d203e2e84b1c40275eac77b3061a19a2"},"description":"La investigadora CIGIDEN, Nuria Chiara Palazzi, es parte del proyecto y se\u00f1ala que uno de los mayores problemas del barrio hist\u00f3rico, es el hacinamiento y el abandono de algunos edificios. \u201cHay edificios que desde el terremoto de 2010 no han sido reparados y en el caso de las estructuras incendiadas, quedan abandonadas o se vuelven a reutilizar en malas condiciones\u201d, advierte.","breadcrumb":{"@id":"https:\/\/fadeu.urantiacos.cl\/en\/2021\/10\/08\/mapa-comunitario-permitira-la-gestion-del-riesgo-sismico-y-de-incendio-en-el-barrio-yungay\/#breadcrumb"},"inLanguage":"en-US","potentialAction":[{"@type":"ReadAction","target":["https:\/\/fadeu.urantiacos.cl\/en\/2021\/10\/08\/mapa-comunitario-permitira-la-gestion-del-riesgo-sismico-y-de-incendio-en-el-barrio-yungay\/"]}]},{"@type":"ImageObject","inLanguage":"en-US","@id":"https:\/\/fadeu.urantiacos.cl\/en\/2021\/10\/08\/mapa-comunitario-permitira-la-gestion-del-riesgo-sismico-y-de-incendio-en-el-barrio-yungay\/#primaryimage","url":"https:\/\/fadeu.urantiacos.cl\/wp-content\/uploads\/2023\/09\/Cigiden_1_web.jpg","contentUrl":"https:\/\/fadeu.urantiacos.cl\/wp-content\/uploads\/2023\/09\/Cigiden_1_web.jpg","width":350,"height":250},{"@type":"BreadcrumbList","@id":"https:\/\/fadeu.urantiacos.cl\/en\/2021\/10\/08\/mapa-comunitario-permitira-la-gestion-del-riesgo-sismico-y-de-incendio-en-el-barrio-yungay\/#breadcrumb","itemListElement":[{"@type":"ListItem","position":1,"name":"Portada","item":"https:\/\/fadeu.urantiacos.cl\/en\/"},{"@type":"ListItem","position":2,"name":"Mapa comunitario permitir\u00e1 la gesti\u00f3n del riesgo s\u00edsmico y de incendio en el Barrio Yungay"}]},{"@type":"WebSite","@id":"https:\/\/fadeu.urantiacos.cl\/en\/#website","url":"https:\/\/fadeu.urantiacos.cl\/en\/","name":"Facultad de Arquitectura, Dise\u00f1o y Estudios Urbanos","description":"Campus Lo Contador","potentialAction":[{"@type":"SearchAction","target":{"@type":"EntryPoint","urlTemplate":"https:\/\/fadeu.urantiacos.cl\/en\/?s={search_term_string}"},"query-input":{"@type":"PropertyValueSpecification","valueRequired":true,"valueName":"search_term_string"}}],"inLanguage":"en-US"},{"@type":"Person","@id":"https:\/\/fadeu.urantiacos.cl\/en\/#\/schema\/person\/d203e2e84b1c40275eac77b3061a19a2","name":"manadmin","image":{"@type":"ImageObject","inLanguage":"en-US","@id":"https:\/\/fadeu.urantiacos.cl\/en\/#\/schema\/person\/image\/","url":"https:\/\/secure.gravatar.com\/avatar\/4b1d8e3303b4a9d8968ac578947d8bc80d9aea359f388cdd4aac15cadc0e8447?s=96&d=mm&r=g","contentUrl":"https:\/\/secure.gravatar.com\/avatar\/4b1d8e3303b4a9d8968ac578947d8bc80d9aea359f388cdd4aac15cadc0e8447?s=96&d=mm&r=g","caption":"manadmin"},"sameAs":["https:\/\/fadeu.urantiacos.cl"]}]}},"_links":{"self":[{"href":"https:\/\/fadeu.urantiacos.cl\/en\/wp-json\/wp\/v2\/posts\/6195","targetHints":{"allow":["GET"]}}],"collection":[{"href":"https:\/\/fadeu.urantiacos.cl\/en\/wp-json\/wp\/v2\/posts"}],"about":[{"href":"https:\/\/fadeu.urantiacos.cl\/en\/wp-json\/wp\/v2\/types\/post"}],"author":[{"embeddable":true,"href":"https:\/\/fadeu.urantiacos.cl\/en\/wp-json\/wp\/v2\/users\/1"}],"replies":[{"embeddable":true,"href":"https:\/\/fadeu.urantiacos.cl\/en\/wp-json\/wp\/v2\/comments?post=6195"}],"version-history":[{"count":1,"href":"https:\/\/fadeu.urantiacos.cl\/en\/wp-json\/wp\/v2\/posts\/6195\/revisions"}],"predecessor-version":[{"id":6200,"href":"https:\/\/fadeu.urantiacos.cl\/en\/wp-json\/wp\/v2\/posts\/6195\/revisions\/6200"}],"wp:featuredmedia":[{"embeddable":true,"href":"https:\/\/fadeu.urantiacos.cl\/en\/wp-json\/wp\/v2\/media\/6196"}],"wp:attachment":[{"href":"https:\/\/fadeu.urantiacos.cl\/en\/wp-json\/wp\/v2\/media?parent=6195"}],"wp:term":[{"taxonomy":"category","embeddable":true,"href":"https:\/\/fadeu.urantiacos.cl\/en\/wp-json\/wp\/v2\/categories?post=6195"},{"taxonomy":"post_tag","embeddable":true,"href":"https:\/\/fadeu.urantiacos.cl\/en\/wp-json\/wp\/v2\/tags?post=6195"}],"curies":[{"name":"wp","href":"https:\/\/api.w.org\/{rel}","templated":true}]}}