{"id":6190,"date":"2021-10-08T11:51:00","date_gmt":"2021-10-08T14:51:00","guid":{"rendered":"https:\/\/fadeu.urantiacos.cl\/?p=6190"},"modified":"2023-10-23T16:16:34","modified_gmt":"2023-10-23T19:16:34","slug":"universidad-inaugura-el-nuevo-centro-de-extension-oriente","status":"publish","type":"post","link":"https:\/\/fadeu.urantiacos.cl\/en\/2021\/10\/08\/universidad-inaugura-el-nuevo-centro-de-extension-oriente\/","title":{"rendered":"Universidad inaugura el nuevo Centro de Extensi\u00f3n Oriente"},"content":{"rendered":"\n<figure class=\"wp-block-image size-full\"><img decoding=\"async\" width=\"350\" height=\"250\" src=\"https:\/\/fadeu.urantiacos.cl\/wp-content\/uploads\/2023\/09\/WEB_centro_ext_oriente_cinta.700x532.jpg\" alt=\"\" class=\"wp-image-6191\" srcset=\"https:\/\/fadeu.urantiacos.cl\/wp-content\/uploads\/2023\/09\/WEB_centro_ext_oriente_cinta.700x532.jpg 350w, https:\/\/fadeu.urantiacos.cl\/wp-content\/uploads\/2023\/09\/WEB_centro_ext_oriente_cinta.700x532-300x214.jpg 300w\" sizes=\"(max-width: 350px) 100vw, 350px\" \/><\/figure>\n\n\n\n<p>Es el inicio de una nueva etapa universitaria. Tras finalizar su construcci\u00f3n el 2020 y esperar tiempos pand\u00e9micos m\u00e1s presenciales,&nbsp;este 8 de octubre unas cincuenta personas se reunieron para la inauguraci\u00f3n del nuevo&nbsp;Centro de Extensi\u00f3n Oriente.<\/p>\n\n\n\n<p>Este espacio se proyecta como un polo para eventos, conferencias y expresiones culturales, con la meta de abrirse a Santiago y acercar las artes al p\u00fablico. Con ese objetivo en mente, la ceremonia de apertura fue iniciada por el rector Ignacio S\u00e1nchez, y cont\u00f3 con las palabras de la&nbsp;<a href=\"https:\/\/www.uc.cl\/universidad\/vicerrectorias\/vicerrectoria-de-comunicaciones\/\" target=\"_blank\" rel=\"noreferrer noopener\">vicerrectora de Comunicaciones y Extensi\u00f3n Cultural&nbsp;<\/a>Magdalena Amen\u00e1bar; la&nbsp;<a href=\"https:\/\/www.uc.cl\/universidad\/vicerrectorias\/vicerrectoria-economica\/\" target=\"_blank\" rel=\"noreferrer noopener\">vicerrectora Econ\u00f3mica<\/a>&nbsp;Loreto Massan\u00e9s y el Vice Gran Canciller Tom\u00e1s Scherz, quienes apuntaron a la necesidad de este reencuentro y de abrir nuevos puentes entre la UC y el entorno ciudadano.<\/p>\n\n\n\n<p>&#8220;Es una alegr\u00eda estar aqu\u00ed hoy, despu\u00e9s de tanto tiempo pensando en este objetivo. El Centro de Extensi\u00f3n Oriente viene a consolidar la decisi\u00f3n de la universidad por profundizar su vinculaci\u00f3n con el mundo de la cultura y el arte y sus m\u00faltiples dimensiones. Este es un sitio que seguir\u00e1 aportando a la comunidad desde su vocaci\u00f3n de compromiso p\u00fablico&#8221;, dijo el rector Ignacio S\u00e1nchez, quien destac\u00f3 tambi\u00e9n la labor del prorrector Patricio Donoso en la realizaci\u00f3n de este proyecto.<br><br>Al cierre de los discursos y previo al corte de cinta de la inauguraci\u00f3n, el patio central de este recinto refugi\u00f3 los sonidos, ecos y aplausos que vinieron con la performance del&nbsp;Ensamble de Guitarras Oriente, integrado por los profesores Luis Castro y Luis Orlandini y los estudiantes Andr\u00e9s Bizarro y Raimundo Luco.<\/p>\n\n\n\n<figure class=\"wp-block-image size-full\"><img decoding=\"async\" width=\"700\" height=\"532\" src=\"https:\/\/fadeu.urantiacos.cl\/wp-content\/uploads\/2023\/09\/0b0a3131_1.jpg\" alt=\"\" class=\"wp-image-6192\" srcset=\"https:\/\/fadeu.urantiacos.cl\/wp-content\/uploads\/2023\/09\/0b0a3131_1.jpg 700w, https:\/\/fadeu.urantiacos.cl\/wp-content\/uploads\/2023\/09\/0b0a3131_1-300x228.jpg 300w\" sizes=\"(max-width: 700px) 100vw, 700px\" \/><\/figure>\n\n\n\n<p>El&nbsp;Ensamble de Guitarras Oriente&nbsp;fue el acto principal de esta ceremonia.<\/p>\n\n\n\n<p>La interpretaci\u00f3n de&nbsp;&#8220;Paisaje cubano con lluvia&#8221;&nbsp;-del compositor cubano Leo Brouwer-, tuvo una mezcla de rasgueos que viajaban entre la delicadeza y la potencia, dejando al p\u00fablico abstra\u00eddo en algunos segundos de silencio antes de aplaudir la pieza: al fin llegaba esta esperada apertura, al fin se o\u00eda el rebote de aplausos en este espacio hecho para las artes y el encuentro con la gente.<\/p>\n\n\n\n<p>&#8220;Para 2022, nuestro desaf\u00edo es que el\u00a0Centro de Extensi\u00f3n Oriente\u00a0se articule\u00a0con el\u00a0Centro de Extensi\u00f3n de Alameda, y con las iniciativas que la universidad tiene, desde\u00a0<a href=\"https:\/\/teatrouc.uc.cl\/\" target=\"_blank\" rel=\"noreferrer noopener\">Teatro UC<\/a>\u00a0a las temporadas musicales del\u00a0<a href=\"https:\/\/musica.uc.cl\/\" target=\"_blank\" rel=\"noreferrer noopener\">IMUC<\/a>. \u00a0Es un espacio que se convertir\u00e1 en un n\u00facelo para la universidad, la cultura y la gente&#8221;,\u00a0dijo Magdalena Amen\u00e1bar.<br><br>Adem\u00e1s del\u00a0vicerrector de Investigaci\u00f3n\u00a0Pedro Bouchon, decanos y\u00a0decanas que representaron a las facultades de la UC, y la\u00a0<a href=\"https:\/\/extension.uc.cl\/\" target=\"_blank\" rel=\"noreferrer noopener\">Directora de Extensi\u00f3n Cultural<\/a>\u00a0Daniela Rosenfeld, tambi\u00e9n hubo un p\u00fablico de invitadas e invitados que formaron parte de uno de los primeros grupos en recorrer el nuevo\u00a0Centro de Extensi\u00f3n Oriente.\u00a0<a href=\"https:\/\/www.uc.cl\/site\/assets\/files\/14878\/0b0a3318_1.jpg\"><\/a><\/p>\n\n\n\n<figure class=\"wp-block-image size-full\"><img decoding=\"async\" width=\"700\" height=\"532\" src=\"https:\/\/fadeu.urantiacos.cl\/wp-content\/uploads\/2023\/09\/0b0a3318_1.jpg\" alt=\"\" class=\"wp-image-6193\" srcset=\"https:\/\/fadeu.urantiacos.cl\/wp-content\/uploads\/2023\/09\/0b0a3318_1.jpg 700w, https:\/\/fadeu.urantiacos.cl\/wp-content\/uploads\/2023\/09\/0b0a3318_1-300x228.jpg 300w\" sizes=\"(max-width: 700px) 100vw, 700px\" \/><\/figure>\n\n\n\n<p>Desde octubre, el&nbsp;Centro de Extensi\u00f3n Oriente comienza a deplesgar una programaci\u00f3n de actividades teatrales y eventos como el pr\u00f3ximo&nbsp;Festival de M\u00fasica Contempor\u00e1nea, entre el 9 y 13 de noviembre.<\/p>\n\n\n\n<p>La caminata fue liderada por el arquitecto Fernando P\u00e9rez, quien orient\u00f3 a los y las asistentes en los detalles de esta construcci\u00f3n, con su auditorio para 240 personas, cafeter\u00eda y un patio central de 490 metros cuadrados. P\u00e9rez, junto al tambi\u00e9n profesor Jos\u00e9 Quintanilla, hab\u00edan comenzado hace unos cinco a\u00f1os el dise\u00f1o de este espacio ubicado entre las comunas de Providencia y \u00d1u\u00f1oa.<br><br>&#8220;Es una satisfacci\u00f3n llegar finalmente a la meta de este objetivo so\u00f1ado hace tanto tiempo, y poder reencontrarnos con las personas, cara a cara con nuestro p\u00fablico y espectadores. Para la mayor\u00eda de las artes, ya sean esc\u00e9nicas o pl\u00e1sticas, necesitan de una presencia concreta, no electr\u00f3nica. Y esto es el inicio de ese reencuentro&#8221;, dijo Daniela Rosenfeld, directora de Extensi\u00f3n Cultural.<\/p>\n\n\n\n<p>El nuevo&nbsp;Centro de Extensi\u00f3n Oriente&nbsp;comenz\u00f3 sus actividades presenciales abiertas al p\u00fablico a inicios de este mes, y desde ahora se espera una cartelera donde se volver\u00e1 a disfrutar presencialmente de eventos como el&nbsp;Festival de M\u00fasica Contempor\u00e1nea&nbsp;en noviembre y la&nbsp;Feria de Artesan\u00eda&nbsp;en diciembre, entre otras actividades.<\/p>\n\n\n\n<p>INFORMACI\u00d3N PERIOD\u00cdSTICA<\/p>\n\n\n\n<p>Ana Callejas Bustos<\/p>\n","protected":false},"excerpt":{"rendered":"<p>Con 490 metros cuadrados \u00fatiles, y un teatro con capacidad para 240 personas, el recinto est\u00e1 pensado para albergar eventos y cumplir un rol similar al del Centro de Extensi\u00f3n de Casa Central.<\/p>\n","protected":false},"author":1,"featured_media":6191,"comment_status":"open","ping_status":"open","sticky":false,"template":"","format":"standard","meta":{"_acf_changed":false,"footnotes":""},"categories":[1],"tags":[],"class_list":["post-6190","post","type-post","status-publish","format-standard","has-post-thumbnail","hentry","category-sin-categorizar"],"acf":[],"yoast_head":"<!-- This site is optimized with the Yoast SEO plugin v27.1.1 - https:\/\/yoast.com\/product\/yoast-seo-wordpress\/ -->\n<title>Universidad inaugura el nuevo Centro de Extensi\u00f3n Oriente - Facultad de Arquitectura, Dise\u00f1o y Estudios Urbanos<\/title>\n<meta name=\"description\" content=\"Con 490 metros cuadrados \u00fatiles, y un teatro con capacidad para 240 personas, el recinto est\u00e1 pensado para albergar eventos y cumplir un rol similar al del Centro de Extensi\u00f3n de Casa Central.\" \/>\n<meta name=\"robots\" content=\"index, follow, max-snippet:-1, max-image-preview:large, max-video-preview:-1\" \/>\n<link rel=\"canonical\" href=\"https:\/\/fadeu.urantiacos.cl\/en\/2021\/10\/08\/universidad-inaugura-el-nuevo-centro-de-extension-oriente\/\" \/>\n<meta property=\"og:locale\" content=\"en_US\" \/>\n<meta property=\"og:type\" content=\"article\" \/>\n<meta property=\"og:title\" content=\"Universidad inaugura el nuevo Centro de Extensi\u00f3n Oriente - Facultad de Arquitectura, Dise\u00f1o y Estudios Urbanos\" \/>\n<meta property=\"og:description\" content=\"Con 490 metros cuadrados \u00fatiles, y un teatro con capacidad para 240 personas, el recinto est\u00e1 pensado para albergar eventos y cumplir un rol similar al del Centro de Extensi\u00f3n de Casa Central.\" \/>\n<meta property=\"og:url\" content=\"https:\/\/fadeu.urantiacos.cl\/en\/2021\/10\/08\/universidad-inaugura-el-nuevo-centro-de-extension-oriente\/\" \/>\n<meta property=\"og:site_name\" content=\"Facultad de Arquitectura, Dise\u00f1o y Estudios Urbanos\" \/>\n<meta property=\"article:published_time\" content=\"2021-10-08T14:51:00+00:00\" \/>\n<meta property=\"article:modified_time\" content=\"2023-10-23T19:16:34+00:00\" \/>\n<meta property=\"og:image\" content=\"https:\/\/fadeu.urantiacos.cl\/wp-content\/uploads\/2023\/09\/WEB_centro_ext_oriente_cinta.700x532.jpg\" \/>\n\t<meta property=\"og:image:width\" content=\"350\" \/>\n\t<meta property=\"og:image:height\" content=\"250\" \/>\n\t<meta property=\"og:image:type\" content=\"image\/jpeg\" \/>\n<meta name=\"author\" content=\"manadmin\" \/>\n<meta name=\"twitter:card\" content=\"summary_large_image\" \/>\n<meta name=\"twitter:label1\" content=\"Written by\" \/>\n\t<meta name=\"twitter:data1\" content=\"manadmin\" \/>\n\t<meta name=\"twitter:label2\" content=\"Est. reading time\" \/>\n\t<meta name=\"twitter:data2\" content=\"4 minutes\" \/>\n<script type=\"application\/ld+json\" class=\"yoast-schema-graph\">{\"@context\":\"https:\/\/schema.org\",\"@graph\":[{\"@type\":\"Article\",\"@id\":\"https:\/\/fadeu.urantiacos.cl\/en\/2021\/10\/08\/universidad-inaugura-el-nuevo-centro-de-extension-oriente\/#article\",\"isPartOf\":{\"@id\":\"https:\/\/fadeu.urantiacos.cl\/en\/2021\/10\/08\/universidad-inaugura-el-nuevo-centro-de-extension-oriente\/\"},\"author\":{\"name\":\"manadmin\",\"@id\":\"https:\/\/fadeu.urantiacos.cl\/en\/#\/schema\/person\/d203e2e84b1c40275eac77b3061a19a2\"},\"headline\":\"Universidad inaugura el nuevo Centro de Extensi\u00f3n Oriente\",\"datePublished\":\"2021-10-08T14:51:00+00:00\",\"dateModified\":\"2023-10-23T19:16:34+00:00\",\"mainEntityOfPage\":{\"@id\":\"https:\/\/fadeu.urantiacos.cl\/en\/2021\/10\/08\/universidad-inaugura-el-nuevo-centro-de-extension-oriente\/\"},\"wordCount\":748,\"commentCount\":0,\"image\":{\"@id\":\"https:\/\/fadeu.urantiacos.cl\/en\/2021\/10\/08\/universidad-inaugura-el-nuevo-centro-de-extension-oriente\/#primaryimage\"},\"thumbnailUrl\":\"https:\/\/fadeu.urantiacos.cl\/wp-content\/uploads\/2023\/09\/WEB_centro_ext_oriente_cinta.700x532.jpg\",\"articleSection\":[\"Sin categorizar\"],\"inLanguage\":\"en-US\",\"potentialAction\":[{\"@type\":\"CommentAction\",\"name\":\"Comment\",\"target\":[\"https:\/\/fadeu.urantiacos.cl\/en\/2021\/10\/08\/universidad-inaugura-el-nuevo-centro-de-extension-oriente\/#respond\"]}]},{\"@type\":\"WebPage\",\"@id\":\"https:\/\/fadeu.urantiacos.cl\/en\/2021\/10\/08\/universidad-inaugura-el-nuevo-centro-de-extension-oriente\/\",\"url\":\"https:\/\/fadeu.urantiacos.cl\/en\/2021\/10\/08\/universidad-inaugura-el-nuevo-centro-de-extension-oriente\/\",\"name\":\"Universidad inaugura el nuevo Centro de Extensi\u00f3n Oriente - Facultad de Arquitectura, Dise\u00f1o y Estudios Urbanos\",\"isPartOf\":{\"@id\":\"https:\/\/fadeu.urantiacos.cl\/en\/#website\"},\"primaryImageOfPage\":{\"@id\":\"https:\/\/fadeu.urantiacos.cl\/en\/2021\/10\/08\/universidad-inaugura-el-nuevo-centro-de-extension-oriente\/#primaryimage\"},\"image\":{\"@id\":\"https:\/\/fadeu.urantiacos.cl\/en\/2021\/10\/08\/universidad-inaugura-el-nuevo-centro-de-extension-oriente\/#primaryimage\"},\"thumbnailUrl\":\"https:\/\/fadeu.urantiacos.cl\/wp-content\/uploads\/2023\/09\/WEB_centro_ext_oriente_cinta.700x532.jpg\",\"datePublished\":\"2021-10-08T14:51:00+00:00\",\"dateModified\":\"2023-10-23T19:16:34+00:00\",\"author\":{\"@id\":\"https:\/\/fadeu.urantiacos.cl\/en\/#\/schema\/person\/d203e2e84b1c40275eac77b3061a19a2\"},\"description\":\"Con 490 metros cuadrados \u00fatiles, y un teatro con capacidad para 240 personas, el recinto est\u00e1 pensado para albergar eventos y cumplir un rol similar al del Centro de Extensi\u00f3n de Casa Central.\",\"breadcrumb\":{\"@id\":\"https:\/\/fadeu.urantiacos.cl\/en\/2021\/10\/08\/universidad-inaugura-el-nuevo-centro-de-extension-oriente\/#breadcrumb\"},\"inLanguage\":\"en-US\",\"potentialAction\":[{\"@type\":\"ReadAction\",\"target\":[\"https:\/\/fadeu.urantiacos.cl\/en\/2021\/10\/08\/universidad-inaugura-el-nuevo-centro-de-extension-oriente\/\"]}]},{\"@type\":\"ImageObject\",\"inLanguage\":\"en-US\",\"@id\":\"https:\/\/fadeu.urantiacos.cl\/en\/2021\/10\/08\/universidad-inaugura-el-nuevo-centro-de-extension-oriente\/#primaryimage\",\"url\":\"https:\/\/fadeu.urantiacos.cl\/wp-content\/uploads\/2023\/09\/WEB_centro_ext_oriente_cinta.700x532.jpg\",\"contentUrl\":\"https:\/\/fadeu.urantiacos.cl\/wp-content\/uploads\/2023\/09\/WEB_centro_ext_oriente_cinta.700x532.jpg\",\"width\":350,\"height\":250},{\"@type\":\"BreadcrumbList\",\"@id\":\"https:\/\/fadeu.urantiacos.cl\/en\/2021\/10\/08\/universidad-inaugura-el-nuevo-centro-de-extension-oriente\/#breadcrumb\",\"itemListElement\":[{\"@type\":\"ListItem\",\"position\":1,\"name\":\"Portada\",\"item\":\"https:\/\/fadeu.urantiacos.cl\/en\/\"},{\"@type\":\"ListItem\",\"position\":2,\"name\":\"Universidad inaugura el nuevo Centro de Extensi\u00f3n Oriente\"}]},{\"@type\":\"WebSite\",\"@id\":\"https:\/\/fadeu.urantiacos.cl\/en\/#website\",\"url\":\"https:\/\/fadeu.urantiacos.cl\/en\/\",\"name\":\"Facultad de Arquitectura, Dise\u00f1o y Estudios Urbanos\",\"description\":\"Campus Lo Contador\",\"potentialAction\":[{\"@type\":\"SearchAction\",\"target\":{\"@type\":\"EntryPoint\",\"urlTemplate\":\"https:\/\/fadeu.urantiacos.cl\/en\/?s={search_term_string}\"},\"query-input\":{\"@type\":\"PropertyValueSpecification\",\"valueRequired\":true,\"valueName\":\"search_term_string\"}}],\"inLanguage\":\"en-US\"},{\"@type\":\"Person\",\"@id\":\"https:\/\/fadeu.urantiacos.cl\/en\/#\/schema\/person\/d203e2e84b1c40275eac77b3061a19a2\",\"name\":\"manadmin\",\"image\":{\"@type\":\"ImageObject\",\"inLanguage\":\"en-US\",\"@id\":\"https:\/\/fadeu.urantiacos.cl\/en\/#\/schema\/person\/image\/\",\"url\":\"https:\/\/secure.gravatar.com\/avatar\/4b1d8e3303b4a9d8968ac578947d8bc80d9aea359f388cdd4aac15cadc0e8447?s=96&d=mm&r=g\",\"contentUrl\":\"https:\/\/secure.gravatar.com\/avatar\/4b1d8e3303b4a9d8968ac578947d8bc80d9aea359f388cdd4aac15cadc0e8447?s=96&d=mm&r=g\",\"caption\":\"manadmin\"},\"sameAs\":[\"https:\/\/fadeu.urantiacos.cl\"]}]}<\/script>\n<!-- \/ Yoast SEO plugin. -->","yoast_head_json":{"title":"Universidad inaugura el nuevo Centro de Extensi\u00f3n Oriente - Facultad de Arquitectura, Dise\u00f1o y Estudios Urbanos","description":"Con 490 metros cuadrados \u00fatiles, y un teatro con capacidad para 240 personas, el recinto est\u00e1 pensado para albergar eventos y cumplir un rol similar al del Centro de Extensi\u00f3n de Casa Central.","robots":{"index":"index","follow":"follow","max-snippet":"max-snippet:-1","max-image-preview":"max-image-preview:large","max-video-preview":"max-video-preview:-1"},"canonical":"https:\/\/fadeu.urantiacos.cl\/en\/2021\/10\/08\/universidad-inaugura-el-nuevo-centro-de-extension-oriente\/","og_locale":"en_US","og_type":"article","og_title":"Universidad inaugura el nuevo Centro de Extensi\u00f3n Oriente - Facultad de Arquitectura, Dise\u00f1o y Estudios Urbanos","og_description":"Con 490 metros cuadrados \u00fatiles, y un teatro con capacidad para 240 personas, el recinto est\u00e1 pensado para albergar eventos y cumplir un rol similar al del Centro de Extensi\u00f3n de Casa Central.","og_url":"https:\/\/fadeu.urantiacos.cl\/en\/2021\/10\/08\/universidad-inaugura-el-nuevo-centro-de-extension-oriente\/","og_site_name":"Facultad de Arquitectura, Dise\u00f1o y Estudios Urbanos","article_published_time":"2021-10-08T14:51:00+00:00","article_modified_time":"2023-10-23T19:16:34+00:00","og_image":[{"width":350,"height":250,"url":"https:\/\/fadeu.urantiacos.cl\/wp-content\/uploads\/2023\/09\/WEB_centro_ext_oriente_cinta.700x532.jpg","type":"image\/jpeg"}],"author":"manadmin","twitter_card":"summary_large_image","twitter_misc":{"Written by":"manadmin","Est. reading time":"4 minutes"},"schema":{"@context":"https:\/\/schema.org","@graph":[{"@type":"Article","@id":"https:\/\/fadeu.urantiacos.cl\/en\/2021\/10\/08\/universidad-inaugura-el-nuevo-centro-de-extension-oriente\/#article","isPartOf":{"@id":"https:\/\/fadeu.urantiacos.cl\/en\/2021\/10\/08\/universidad-inaugura-el-nuevo-centro-de-extension-oriente\/"},"author":{"name":"manadmin","@id":"https:\/\/fadeu.urantiacos.cl\/en\/#\/schema\/person\/d203e2e84b1c40275eac77b3061a19a2"},"headline":"Universidad inaugura el nuevo Centro de Extensi\u00f3n Oriente","datePublished":"2021-10-08T14:51:00+00:00","dateModified":"2023-10-23T19:16:34+00:00","mainEntityOfPage":{"@id":"https:\/\/fadeu.urantiacos.cl\/en\/2021\/10\/08\/universidad-inaugura-el-nuevo-centro-de-extension-oriente\/"},"wordCount":748,"commentCount":0,"image":{"@id":"https:\/\/fadeu.urantiacos.cl\/en\/2021\/10\/08\/universidad-inaugura-el-nuevo-centro-de-extension-oriente\/#primaryimage"},"thumbnailUrl":"https:\/\/fadeu.urantiacos.cl\/wp-content\/uploads\/2023\/09\/WEB_centro_ext_oriente_cinta.700x532.jpg","articleSection":["Sin categorizar"],"inLanguage":"en-US","potentialAction":[{"@type":"CommentAction","name":"Comment","target":["https:\/\/fadeu.urantiacos.cl\/en\/2021\/10\/08\/universidad-inaugura-el-nuevo-centro-de-extension-oriente\/#respond"]}]},{"@type":"WebPage","@id":"https:\/\/fadeu.urantiacos.cl\/en\/2021\/10\/08\/universidad-inaugura-el-nuevo-centro-de-extension-oriente\/","url":"https:\/\/fadeu.urantiacos.cl\/en\/2021\/10\/08\/universidad-inaugura-el-nuevo-centro-de-extension-oriente\/","name":"Universidad inaugura el nuevo Centro de Extensi\u00f3n Oriente - Facultad de Arquitectura, Dise\u00f1o y Estudios Urbanos","isPartOf":{"@id":"https:\/\/fadeu.urantiacos.cl\/en\/#website"},"primaryImageOfPage":{"@id":"https:\/\/fadeu.urantiacos.cl\/en\/2021\/10\/08\/universidad-inaugura-el-nuevo-centro-de-extension-oriente\/#primaryimage"},"image":{"@id":"https:\/\/fadeu.urantiacos.cl\/en\/2021\/10\/08\/universidad-inaugura-el-nuevo-centro-de-extension-oriente\/#primaryimage"},"thumbnailUrl":"https:\/\/fadeu.urantiacos.cl\/wp-content\/uploads\/2023\/09\/WEB_centro_ext_oriente_cinta.700x532.jpg","datePublished":"2021-10-08T14:51:00+00:00","dateModified":"2023-10-23T19:16:34+00:00","author":{"@id":"https:\/\/fadeu.urantiacos.cl\/en\/#\/schema\/person\/d203e2e84b1c40275eac77b3061a19a2"},"description":"Con 490 metros cuadrados \u00fatiles, y un teatro con capacidad para 240 personas, el recinto est\u00e1 pensado para albergar eventos y cumplir un rol similar al del Centro de Extensi\u00f3n de Casa Central.","breadcrumb":{"@id":"https:\/\/fadeu.urantiacos.cl\/en\/2021\/10\/08\/universidad-inaugura-el-nuevo-centro-de-extension-oriente\/#breadcrumb"},"inLanguage":"en-US","potentialAction":[{"@type":"ReadAction","target":["https:\/\/fadeu.urantiacos.cl\/en\/2021\/10\/08\/universidad-inaugura-el-nuevo-centro-de-extension-oriente\/"]}]},{"@type":"ImageObject","inLanguage":"en-US","@id":"https:\/\/fadeu.urantiacos.cl\/en\/2021\/10\/08\/universidad-inaugura-el-nuevo-centro-de-extension-oriente\/#primaryimage","url":"https:\/\/fadeu.urantiacos.cl\/wp-content\/uploads\/2023\/09\/WEB_centro_ext_oriente_cinta.700x532.jpg","contentUrl":"https:\/\/fadeu.urantiacos.cl\/wp-content\/uploads\/2023\/09\/WEB_centro_ext_oriente_cinta.700x532.jpg","width":350,"height":250},{"@type":"BreadcrumbList","@id":"https:\/\/fadeu.urantiacos.cl\/en\/2021\/10\/08\/universidad-inaugura-el-nuevo-centro-de-extension-oriente\/#breadcrumb","itemListElement":[{"@type":"ListItem","position":1,"name":"Portada","item":"https:\/\/fadeu.urantiacos.cl\/en\/"},{"@type":"ListItem","position":2,"name":"Universidad inaugura el nuevo Centro de Extensi\u00f3n Oriente"}]},{"@type":"WebSite","@id":"https:\/\/fadeu.urantiacos.cl\/en\/#website","url":"https:\/\/fadeu.urantiacos.cl\/en\/","name":"Facultad de Arquitectura, Dise\u00f1o y Estudios Urbanos","description":"Campus Lo Contador","potentialAction":[{"@type":"SearchAction","target":{"@type":"EntryPoint","urlTemplate":"https:\/\/fadeu.urantiacos.cl\/en\/?s={search_term_string}"},"query-input":{"@type":"PropertyValueSpecification","valueRequired":true,"valueName":"search_term_string"}}],"inLanguage":"en-US"},{"@type":"Person","@id":"https:\/\/fadeu.urantiacos.cl\/en\/#\/schema\/person\/d203e2e84b1c40275eac77b3061a19a2","name":"manadmin","image":{"@type":"ImageObject","inLanguage":"en-US","@id":"https:\/\/fadeu.urantiacos.cl\/en\/#\/schema\/person\/image\/","url":"https:\/\/secure.gravatar.com\/avatar\/4b1d8e3303b4a9d8968ac578947d8bc80d9aea359f388cdd4aac15cadc0e8447?s=96&d=mm&r=g","contentUrl":"https:\/\/secure.gravatar.com\/avatar\/4b1d8e3303b4a9d8968ac578947d8bc80d9aea359f388cdd4aac15cadc0e8447?s=96&d=mm&r=g","caption":"manadmin"},"sameAs":["https:\/\/fadeu.urantiacos.cl"]}]}},"_links":{"self":[{"href":"https:\/\/fadeu.urantiacos.cl\/en\/wp-json\/wp\/v2\/posts\/6190","targetHints":{"allow":["GET"]}}],"collection":[{"href":"https:\/\/fadeu.urantiacos.cl\/en\/wp-json\/wp\/v2\/posts"}],"about":[{"href":"https:\/\/fadeu.urantiacos.cl\/en\/wp-json\/wp\/v2\/types\/post"}],"author":[{"embeddable":true,"href":"https:\/\/fadeu.urantiacos.cl\/en\/wp-json\/wp\/v2\/users\/1"}],"replies":[{"embeddable":true,"href":"https:\/\/fadeu.urantiacos.cl\/en\/wp-json\/wp\/v2\/comments?post=6190"}],"version-history":[{"count":2,"href":"https:\/\/fadeu.urantiacos.cl\/en\/wp-json\/wp\/v2\/posts\/6190\/revisions"}],"predecessor-version":[{"id":17580,"href":"https:\/\/fadeu.urantiacos.cl\/en\/wp-json\/wp\/v2\/posts\/6190\/revisions\/17580"}],"wp:featuredmedia":[{"embeddable":true,"href":"https:\/\/fadeu.urantiacos.cl\/en\/wp-json\/wp\/v2\/media\/6191"}],"wp:attachment":[{"href":"https:\/\/fadeu.urantiacos.cl\/en\/wp-json\/wp\/v2\/media?parent=6190"}],"wp:term":[{"taxonomy":"category","embeddable":true,"href":"https:\/\/fadeu.urantiacos.cl\/en\/wp-json\/wp\/v2\/categories?post=6190"},{"taxonomy":"post_tag","embeddable":true,"href":"https:\/\/fadeu.urantiacos.cl\/en\/wp-json\/wp\/v2\/tags?post=6190"}],"curies":[{"name":"wp","href":"https:\/\/api.w.org\/{rel}","templated":true}]}}