{"id":6161,"date":"2021-10-14T11:30:00","date_gmt":"2021-10-14T14:30:00","guid":{"rendered":"https:\/\/fadeu.urantiacos.cl\/?p=6161"},"modified":"2023-09-07T11:38:14","modified_gmt":"2023-09-07T14:38:14","slug":"asumen-oficialmente-las-nuevas-autoridades-del-doctorado-en-arquitectura-y-estudios-urbanos","status":"publish","type":"post","link":"https:\/\/fadeu.urantiacos.cl\/en\/2021\/10\/14\/asumen-oficialmente-las-nuevas-autoridades-del-doctorado-en-arquitectura-y-estudios-urbanos\/","title":{"rendered":"Asumen oficialmente las nuevas autoridades del Doctorado en Arquitectura y Estudios Urbanos"},"content":{"rendered":"\n<figure class=\"wp-block-image size-full\"><img decoding=\"async\" width=\"350\" height=\"250\" src=\"https:\/\/fadeu.urantiacos.cl\/wp-content\/uploads\/2023\/09\/WEB_IMG-8045.jpg\" alt=\"\" class=\"wp-image-6162\" srcset=\"https:\/\/fadeu.urantiacos.cl\/wp-content\/uploads\/2023\/09\/WEB_IMG-8045.jpg 350w, https:\/\/fadeu.urantiacos.cl\/wp-content\/uploads\/2023\/09\/WEB_IMG-8045-300x214.jpg 300w\" sizes=\"(max-width: 350px) 100vw, 350px\" \/><\/figure>\n\n\n\n<p>La instancia fue presidida por el Decano de la Facultad de Arquitectura, Dise\u00f1o y Estudios Urbanos, Mario Ubilla; el Director de la Escuela de Graduados, Diego Cosmelli; &nbsp;la Directora de Investigaci\u00f3n y Postgrado de la Facultad, Magdalena Vicu\u00f1a; y los directores de las escuelas de Arquitectura, Dise\u00f1o y del Instituto de Estudios Urbanos y Territoriales, Luis Eduardo Bresciani, Rodrigo Ram\u00edrez y Luis Fuentes, respectivamente.<\/p>\n\n\n\n<p>Se trata de los profesores de la escuela de Arquitectura, Pedro Alonso, y del Instituto de Estudios Urbanos y Territoriales, Arturo Orellana, que asumen la Jefatura del Programa y la Jefatura de Gesti\u00f3n Acad\u00e9mica, respectivamente, quienes conducir\u00e1n el Doctorado en adelante, que hasta esta fecha era dirigido por el profesor Jos\u00e9 Rosas.<\/p>\n\n\n\n<p><strong>Impresiones<\/strong><\/p>\n\n\n\n<p>El Decano Ubilla elogi\u00f3 las capacidades tanto del profesor Rosas, como de los profesores Alonso y Orellana. \u201cAgradezco y felicito la decisi\u00f3n de los profesores Alonso y Orellana, que asumen enormes desaf\u00edos, entre muchos, por supuesto, la nueva acreditaci\u00f3n, para la cual creamos la figura que comprende el reforzamiento de la gesti\u00f3n, proponiendo cercan\u00eda y mayor v\u00ednculo con los doctorandos\u201d.<\/p>\n\n\n\n<p>\u201cRelevante y sostenido ha sido el trabajo realizado hasta ahora por el profesor Jos\u00e9 Rosas, que se aventur\u00f3 a crear conocimiento y mantener con mucho esfuerzo una consistente l\u00ednea de estudio e investigaci\u00f3n, poniendo en ello la vida y su experiencia\u201d, advirti\u00f3 Ubilla.<\/p>\n\n\n\n<p>Por su parte, la profesora Vicu\u00f1a elogi\u00f3 y relev\u00f3 la labor del profesor Rosas, advirtiendo que \u201csu contribuci\u00f3n no solo se refleja en el prestigio nacional e internacional del programa o en su reconocida experiencia acad\u00e9mica, sino tambi\u00e9n en la construcci\u00f3n de una comunidad acad\u00e9mica de primer nivel y cercana, que propicia la conversaci\u00f3n amena y en confianza. Felicitamos a los nuevos jefes de programa y gesti\u00f3n acad\u00e9mica, les deseamos el mayor de los \u00e9xitos, confiamos en su talento y compromiso institucional para trabajar en equipo\u201d.<\/p>\n\n\n\n<p>El nuevo Jefe de Programa, profesor Pedro Alonso, agradeci\u00f3 la confianza y las palabras de las autoridades de la Facultad, y tuvo palabras para los estudiantes. \u201cLos doctorandos son quienes ayudan a correr las barreras del conocimiento y a empujar hacia adelante el estado de la ciencia y el estado del arte, circunstancias que se fraguan en la soledad y en estar con uno mismo, soledad que no supone originalidad en abstracto, sino que est\u00e1 vinculada a la generosidad, ya que lo que las tesis proponen es para otros, por su car\u00e1cter colectivo, que va mucho m\u00e1s all\u00e1 de establecer verdades a partir de la supuesta objetividad de la ciencia\u201d, dijo.<\/p>\n\n\n\n<p>Por su parte, el jefe saliente del programa, profesor Jos\u00e9 Rosas, destac\u00f3 la relevancia del programa en \u201cforos internacionales, seminarios y actividades de docencia e investigaci\u00f3n en esta y otras universidades, y tambi\u00e9n de su influencia en los mag\u00edsteres de nuestra Facultad\u201d.<\/p>\n\n\n\n<p>\u201cEstamos en un \u00e1mbito educativo del m\u00e1s alto nivel acad\u00e9mico y profesional, donde se cultiva la reflexi\u00f3n sobre la arquitectura, ciudad, paisaje y territorio, y se estimulan miradas m\u00e1s profundas y cr\u00edticas sobre los procesos sociales y su correlato espacial, y viceversa\u201d, agreg\u00f3.<\/p>\n\n\n\n<p><strong>Doctorado<\/strong><\/p>\n\n\n\n<p>El Doctorado en Arquitectura y Estudios Urbanos fue creado como una respuesta a la necesidad de formar investigadores calificados capaces de enfrentar el desaf\u00edo de la investigaci\u00f3n b\u00e1sica y aplicada de los problemas vinculados al territorio, el paisaje, la ciudad y la arquitectura. Dichos problemas han dejado de ser s\u00f3lo preocupaci\u00f3n de especialistas. Hoy se reconocen como parte de pol\u00edticas p\u00fablicas que afectan a la mayor\u00eda de la poblaci\u00f3n y forman parte integral de un desarrollo sustentable.<\/p>\n\n\n\n<p>Los problemas ligados a la ciudad y el territorio incluyen un conjunto sumamente complejo de fen\u00f3menos, que abarcan desde los derechos ambientales de los ciudadanos, hasta las condiciones del comercio internacional; alrededor de ellos se da una articulaci\u00f3n de problemas t\u00e9cnicos culturales y pol\u00edticos. Es por esta y otras razones que se opt\u00f3 por un programa interdisciplinario en el que conviven y dialogan un conjunto variado de l\u00edneas de investigaci\u00f3n.<\/p>\n\n\n\n<p>Si quieres conocer m\u00e1s sobre este programa, puedes visitar el siguiente link:&nbsp;<a href=\"https:\/\/doctoradofadeu.urantiacos.cl\/index.php\">https:\/\/doctoradofadeu.urantiacos.cl\/index.php<\/a><\/p>\n\n\n\n<figure class=\"wp-block-image size-large\"><img decoding=\"async\" width=\"1024\" height=\"768\" src=\"https:\/\/fadeu.urantiacos.cl\/wp-content\/uploads\/2023\/09\/IMG-8042-1024x768.jpg\" alt=\"\" class=\"wp-image-6163\" srcset=\"https:\/\/fadeu.urantiacos.cl\/wp-content\/uploads\/2023\/09\/IMG-8042-1024x768.jpg 1024w, https:\/\/fadeu.urantiacos.cl\/wp-content\/uploads\/2023\/09\/IMG-8042-300x225.jpg 300w, https:\/\/fadeu.urantiacos.cl\/wp-content\/uploads\/2023\/09\/IMG-8042-768x576.jpg 768w, https:\/\/fadeu.urantiacos.cl\/wp-content\/uploads\/2023\/09\/IMG-8042-1536x1152.jpg 1536w, https:\/\/fadeu.urantiacos.cl\/wp-content\/uploads\/2023\/09\/IMG-8042-2048x1536.jpg 2048w, https:\/\/fadeu.urantiacos.cl\/wp-content\/uploads\/2023\/09\/IMG-8042-scaled.jpg 1600w\" sizes=\"(max-width: 1024px) 100vw, 1024px\" \/><\/figure>\n\n\n\n<figure class=\"wp-block-image size-large\"><img decoding=\"async\" width=\"1024\" height=\"768\" src=\"https:\/\/fadeu.urantiacos.cl\/wp-content\/uploads\/2023\/09\/IMG-8040-1024x768.jpg\" alt=\"\" class=\"wp-image-6164\" srcset=\"https:\/\/fadeu.urantiacos.cl\/wp-content\/uploads\/2023\/09\/IMG-8040-1024x768.jpg 1024w, https:\/\/fadeu.urantiacos.cl\/wp-content\/uploads\/2023\/09\/IMG-8040-300x225.jpg 300w, https:\/\/fadeu.urantiacos.cl\/wp-content\/uploads\/2023\/09\/IMG-8040-768x576.jpg 768w, https:\/\/fadeu.urantiacos.cl\/wp-content\/uploads\/2023\/09\/IMG-8040-1536x1152.jpg 1536w, https:\/\/fadeu.urantiacos.cl\/wp-content\/uploads\/2023\/09\/IMG-8040-2048x1536.jpg 2048w, https:\/\/fadeu.urantiacos.cl\/wp-content\/uploads\/2023\/09\/IMG-8040-scaled.jpg 1600w\" sizes=\"(max-width: 1024px) 100vw, 1024px\" \/><\/figure>\n\n\n\n<figure class=\"wp-block-image size-large\"><img decoding=\"async\" width=\"768\" height=\"1024\" src=\"https:\/\/fadeu.urantiacos.cl\/wp-content\/uploads\/2023\/09\/IMG-8047-768x1024.jpg\" alt=\"\" class=\"wp-image-6165\" srcset=\"https:\/\/fadeu.urantiacos.cl\/wp-content\/uploads\/2023\/09\/IMG-8047-768x1024.jpg 768w, https:\/\/fadeu.urantiacos.cl\/wp-content\/uploads\/2023\/09\/IMG-8047-225x300.jpg 225w, https:\/\/fadeu.urantiacos.cl\/wp-content\/uploads\/2023\/09\/IMG-8047-1152x1536.jpg 1152w, https:\/\/fadeu.urantiacos.cl\/wp-content\/uploads\/2023\/09\/IMG-8047-1536x2048.jpg 1536w, https:\/\/fadeu.urantiacos.cl\/wp-content\/uploads\/2023\/09\/IMG-8047-scaled.jpg 900w\" sizes=\"(max-width: 768px) 100vw, 768px\" \/><\/figure>\n\n\n\n<figure class=\"wp-block-image size-large\"><img decoding=\"async\" width=\"768\" height=\"1024\" src=\"https:\/\/fadeu.urantiacos.cl\/wp-content\/uploads\/2023\/09\/IMG-8050-768x1024.jpg\" alt=\"\" class=\"wp-image-6166\" srcset=\"https:\/\/fadeu.urantiacos.cl\/wp-content\/uploads\/2023\/09\/IMG-8050-768x1024.jpg 768w, https:\/\/fadeu.urantiacos.cl\/wp-content\/uploads\/2023\/09\/IMG-8050-225x300.jpg 225w, https:\/\/fadeu.urantiacos.cl\/wp-content\/uploads\/2023\/09\/IMG-8050-1152x1536.jpg 1152w, https:\/\/fadeu.urantiacos.cl\/wp-content\/uploads\/2023\/09\/IMG-8050-1536x2048.jpg 1536w, https:\/\/fadeu.urantiacos.cl\/wp-content\/uploads\/2023\/09\/IMG-8050-scaled.jpg 900w\" sizes=\"(max-width: 768px) 100vw, 768px\" \/><\/figure>\n\n\n\n<figure class=\"wp-block-image size-large\"><img decoding=\"async\" width=\"768\" height=\"1024\" src=\"https:\/\/fadeu.urantiacos.cl\/wp-content\/uploads\/2023\/09\/IMG-8052-768x1024.jpg\" alt=\"\" class=\"wp-image-6167\" srcset=\"https:\/\/fadeu.urantiacos.cl\/wp-content\/uploads\/2023\/09\/IMG-8052-768x1024.jpg 768w, https:\/\/fadeu.urantiacos.cl\/wp-content\/uploads\/2023\/09\/IMG-8052-225x300.jpg 225w, https:\/\/fadeu.urantiacos.cl\/wp-content\/uploads\/2023\/09\/IMG-8052-1152x1536.jpg 1152w, https:\/\/fadeu.urantiacos.cl\/wp-content\/uploads\/2023\/09\/IMG-8052-1536x2048.jpg 1536w, https:\/\/fadeu.urantiacos.cl\/wp-content\/uploads\/2023\/09\/IMG-8052-scaled.jpg 900w\" sizes=\"(max-width: 768px) 100vw, 768px\" \/><\/figure>\n\n\n\n<figure class=\"wp-block-image size-full\"><img decoding=\"async\" width=\"768\" height=\"1024\" src=\"https:\/\/fadeu.urantiacos.cl\/wp-content\/uploads\/2023\/09\/WhatsApp_Image_2021-10-12_at_12.48.50.jpeg\" alt=\"\" class=\"wp-image-6168\" srcset=\"https:\/\/fadeu.urantiacos.cl\/wp-content\/uploads\/2023\/09\/WhatsApp_Image_2021-10-12_at_12.48.50.jpeg 768w, https:\/\/fadeu.urantiacos.cl\/wp-content\/uploads\/2023\/09\/WhatsApp_Image_2021-10-12_at_12.48.50-225x300.jpeg 225w\" sizes=\"(max-width: 768px) 100vw, 768px\" \/><\/figure>\n\n\n\n<p>INFORMACI\u00d3N PERIOD\u00cdSTICA<br>JUAN ANDR\u00c9S INZUNZA<\/p>\n","protected":false},"excerpt":{"rendered":"<p>En una ceremonia llevada a cabo en la Sala Capilla de la casona del Campus Lo Contador, se desarroll\u00f3 el cambio de mando en la direcci\u00f3n del Doctorado en Arquitectura y Estudios Urbanos de la Universidad Cat\u00f3lica.<\/p>\n","protected":false},"author":1,"featured_media":6162,"comment_status":"open","ping_status":"open","sticky":false,"template":"","format":"standard","meta":{"_acf_changed":false,"footnotes":""},"categories":[1],"tags":[],"class_list":["post-6161","post","type-post","status-publish","format-standard","has-post-thumbnail","hentry","category-sin-categorizar"],"acf":[],"yoast_head":"<!-- This site is optimized with the Yoast SEO plugin v27.1.1 - https:\/\/yoast.com\/product\/yoast-seo-wordpress\/ -->\n<title>Asumen oficialmente las nuevas autoridades del Doctorado en Arquitectura y Estudios Urbanos - Facultad de Arquitectura, Dise\u00f1o y Estudios Urbanos<\/title>\n<meta name=\"description\" content=\"En una ceremonia llevada a cabo en la Sala Capilla de la casona del Campus Lo Contador, se desarroll\u00f3 el cambio de mando en la direcci\u00f3n del Doctorado en Arquitectura y Estudios Urbanos de la Universidad Cat\u00f3lica.\" \/>\n<meta name=\"robots\" content=\"index, follow, max-snippet:-1, max-image-preview:large, max-video-preview:-1\" \/>\n<link rel=\"canonical\" href=\"https:\/\/fadeu.urantiacos.cl\/en\/2021\/10\/14\/asumen-oficialmente-las-nuevas-autoridades-del-doctorado-en-arquitectura-y-estudios-urbanos\/\" \/>\n<meta property=\"og:locale\" content=\"en_US\" \/>\n<meta property=\"og:type\" content=\"article\" \/>\n<meta property=\"og:title\" content=\"Asumen oficialmente las nuevas autoridades del Doctorado en Arquitectura y Estudios Urbanos - Facultad de Arquitectura, Dise\u00f1o y Estudios Urbanos\" \/>\n<meta property=\"og:description\" content=\"En una ceremonia llevada a cabo en la Sala Capilla de la casona del Campus Lo Contador, se desarroll\u00f3 el cambio de mando en la direcci\u00f3n del Doctorado en Arquitectura y Estudios Urbanos de la Universidad Cat\u00f3lica.\" \/>\n<meta property=\"og:url\" content=\"https:\/\/fadeu.urantiacos.cl\/en\/2021\/10\/14\/asumen-oficialmente-las-nuevas-autoridades-del-doctorado-en-arquitectura-y-estudios-urbanos\/\" \/>\n<meta property=\"og:site_name\" content=\"Facultad de Arquitectura, Dise\u00f1o y Estudios Urbanos\" \/>\n<meta property=\"article:published_time\" content=\"2021-10-14T14:30:00+00:00\" \/>\n<meta property=\"article:modified_time\" content=\"2023-09-07T14:38:14+00:00\" \/>\n<meta property=\"og:image\" content=\"https:\/\/fadeu.urantiacos.cl\/wp-content\/uploads\/2023\/09\/WEB_IMG-8045.jpg\" \/>\n\t<meta property=\"og:image:width\" content=\"350\" \/>\n\t<meta property=\"og:image:height\" content=\"250\" \/>\n\t<meta property=\"og:image:type\" content=\"image\/jpeg\" \/>\n<meta name=\"author\" content=\"manadmin\" \/>\n<meta name=\"twitter:card\" content=\"summary_large_image\" \/>\n<meta name=\"twitter:label1\" content=\"Written by\" \/>\n\t<meta name=\"twitter:data1\" content=\"manadmin\" \/>\n\t<meta name=\"twitter:label2\" content=\"Est. reading time\" \/>\n\t<meta name=\"twitter:data2\" content=\"4 minutes\" \/>\n<script type=\"application\/ld+json\" class=\"yoast-schema-graph\">{\"@context\":\"https:\/\/schema.org\",\"@graph\":[{\"@type\":\"Article\",\"@id\":\"https:\/\/fadeu.urantiacos.cl\/en\/2021\/10\/14\/asumen-oficialmente-las-nuevas-autoridades-del-doctorado-en-arquitectura-y-estudios-urbanos\/#article\",\"isPartOf\":{\"@id\":\"https:\/\/fadeu.urantiacos.cl\/en\/2021\/10\/14\/asumen-oficialmente-las-nuevas-autoridades-del-doctorado-en-arquitectura-y-estudios-urbanos\/\"},\"author\":{\"name\":\"manadmin\",\"@id\":\"https:\/\/fadeu.urantiacos.cl\/en\/#\/schema\/person\/d203e2e84b1c40275eac77b3061a19a2\"},\"headline\":\"Asumen oficialmente las nuevas autoridades del Doctorado en Arquitectura y Estudios Urbanos\",\"datePublished\":\"2021-10-14T14:30:00+00:00\",\"dateModified\":\"2023-09-07T14:38:14+00:00\",\"mainEntityOfPage\":{\"@id\":\"https:\/\/fadeu.urantiacos.cl\/en\/2021\/10\/14\/asumen-oficialmente-las-nuevas-autoridades-del-doctorado-en-arquitectura-y-estudios-urbanos\/\"},\"wordCount\":740,\"commentCount\":0,\"image\":{\"@id\":\"https:\/\/fadeu.urantiacos.cl\/en\/2021\/10\/14\/asumen-oficialmente-las-nuevas-autoridades-del-doctorado-en-arquitectura-y-estudios-urbanos\/#primaryimage\"},\"thumbnailUrl\":\"https:\/\/fadeu.urantiacos.cl\/wp-content\/uploads\/2023\/09\/WEB_IMG-8045.jpg\",\"articleSection\":[\"Sin categorizar\"],\"inLanguage\":\"en-US\",\"potentialAction\":[{\"@type\":\"CommentAction\",\"name\":\"Comment\",\"target\":[\"https:\/\/fadeu.urantiacos.cl\/en\/2021\/10\/14\/asumen-oficialmente-las-nuevas-autoridades-del-doctorado-en-arquitectura-y-estudios-urbanos\/#respond\"]}]},{\"@type\":\"WebPage\",\"@id\":\"https:\/\/fadeu.urantiacos.cl\/en\/2021\/10\/14\/asumen-oficialmente-las-nuevas-autoridades-del-doctorado-en-arquitectura-y-estudios-urbanos\/\",\"url\":\"https:\/\/fadeu.urantiacos.cl\/en\/2021\/10\/14\/asumen-oficialmente-las-nuevas-autoridades-del-doctorado-en-arquitectura-y-estudios-urbanos\/\",\"name\":\"Asumen oficialmente las nuevas autoridades del Doctorado en Arquitectura y Estudios Urbanos - Facultad de Arquitectura, Dise\u00f1o y Estudios Urbanos\",\"isPartOf\":{\"@id\":\"https:\/\/fadeu.urantiacos.cl\/en\/#website\"},\"primaryImageOfPage\":{\"@id\":\"https:\/\/fadeu.urantiacos.cl\/en\/2021\/10\/14\/asumen-oficialmente-las-nuevas-autoridades-del-doctorado-en-arquitectura-y-estudios-urbanos\/#primaryimage\"},\"image\":{\"@id\":\"https:\/\/fadeu.urantiacos.cl\/en\/2021\/10\/14\/asumen-oficialmente-las-nuevas-autoridades-del-doctorado-en-arquitectura-y-estudios-urbanos\/#primaryimage\"},\"thumbnailUrl\":\"https:\/\/fadeu.urantiacos.cl\/wp-content\/uploads\/2023\/09\/WEB_IMG-8045.jpg\",\"datePublished\":\"2021-10-14T14:30:00+00:00\",\"dateModified\":\"2023-09-07T14:38:14+00:00\",\"author\":{\"@id\":\"https:\/\/fadeu.urantiacos.cl\/en\/#\/schema\/person\/d203e2e84b1c40275eac77b3061a19a2\"},\"description\":\"En una ceremonia llevada a cabo en la Sala Capilla de la casona del Campus Lo Contador, se desarroll\u00f3 el cambio de mando en la direcci\u00f3n del Doctorado en Arquitectura y Estudios Urbanos de la Universidad Cat\u00f3lica.\",\"breadcrumb\":{\"@id\":\"https:\/\/fadeu.urantiacos.cl\/en\/2021\/10\/14\/asumen-oficialmente-las-nuevas-autoridades-del-doctorado-en-arquitectura-y-estudios-urbanos\/#breadcrumb\"},\"inLanguage\":\"en-US\",\"potentialAction\":[{\"@type\":\"ReadAction\",\"target\":[\"https:\/\/fadeu.urantiacos.cl\/en\/2021\/10\/14\/asumen-oficialmente-las-nuevas-autoridades-del-doctorado-en-arquitectura-y-estudios-urbanos\/\"]}]},{\"@type\":\"ImageObject\",\"inLanguage\":\"en-US\",\"@id\":\"https:\/\/fadeu.urantiacos.cl\/en\/2021\/10\/14\/asumen-oficialmente-las-nuevas-autoridades-del-doctorado-en-arquitectura-y-estudios-urbanos\/#primaryimage\",\"url\":\"https:\/\/fadeu.urantiacos.cl\/wp-content\/uploads\/2023\/09\/WEB_IMG-8045.jpg\",\"contentUrl\":\"https:\/\/fadeu.urantiacos.cl\/wp-content\/uploads\/2023\/09\/WEB_IMG-8045.jpg\",\"width\":350,\"height\":250},{\"@type\":\"BreadcrumbList\",\"@id\":\"https:\/\/fadeu.urantiacos.cl\/en\/2021\/10\/14\/asumen-oficialmente-las-nuevas-autoridades-del-doctorado-en-arquitectura-y-estudios-urbanos\/#breadcrumb\",\"itemListElement\":[{\"@type\":\"ListItem\",\"position\":1,\"name\":\"Portada\",\"item\":\"https:\/\/fadeu.urantiacos.cl\/en\/\"},{\"@type\":\"ListItem\",\"position\":2,\"name\":\"Asumen oficialmente las nuevas autoridades del Doctorado en Arquitectura y Estudios Urbanos\"}]},{\"@type\":\"WebSite\",\"@id\":\"https:\/\/fadeu.urantiacos.cl\/en\/#website\",\"url\":\"https:\/\/fadeu.urantiacos.cl\/en\/\",\"name\":\"Facultad de Arquitectura, Dise\u00f1o y Estudios Urbanos\",\"description\":\"Campus Lo Contador\",\"potentialAction\":[{\"@type\":\"SearchAction\",\"target\":{\"@type\":\"EntryPoint\",\"urlTemplate\":\"https:\/\/fadeu.urantiacos.cl\/en\/?s={search_term_string}\"},\"query-input\":{\"@type\":\"PropertyValueSpecification\",\"valueRequired\":true,\"valueName\":\"search_term_string\"}}],\"inLanguage\":\"en-US\"},{\"@type\":\"Person\",\"@id\":\"https:\/\/fadeu.urantiacos.cl\/en\/#\/schema\/person\/d203e2e84b1c40275eac77b3061a19a2\",\"name\":\"manadmin\",\"image\":{\"@type\":\"ImageObject\",\"inLanguage\":\"en-US\",\"@id\":\"https:\/\/fadeu.urantiacos.cl\/en\/#\/schema\/person\/image\/\",\"url\":\"https:\/\/secure.gravatar.com\/avatar\/4b1d8e3303b4a9d8968ac578947d8bc80d9aea359f388cdd4aac15cadc0e8447?s=96&d=mm&r=g\",\"contentUrl\":\"https:\/\/secure.gravatar.com\/avatar\/4b1d8e3303b4a9d8968ac578947d8bc80d9aea359f388cdd4aac15cadc0e8447?s=96&d=mm&r=g\",\"caption\":\"manadmin\"},\"sameAs\":[\"https:\/\/fadeu.urantiacos.cl\"]}]}<\/script>\n<!-- \/ Yoast SEO plugin. -->","yoast_head_json":{"title":"Asumen oficialmente las nuevas autoridades del Doctorado en Arquitectura y Estudios Urbanos - Facultad de Arquitectura, Dise\u00f1o y Estudios Urbanos","description":"En una ceremonia llevada a cabo en la Sala Capilla de la casona del Campus Lo Contador, se desarroll\u00f3 el cambio de mando en la direcci\u00f3n del Doctorado en Arquitectura y Estudios Urbanos de la Universidad Cat\u00f3lica.","robots":{"index":"index","follow":"follow","max-snippet":"max-snippet:-1","max-image-preview":"max-image-preview:large","max-video-preview":"max-video-preview:-1"},"canonical":"https:\/\/fadeu.urantiacos.cl\/en\/2021\/10\/14\/asumen-oficialmente-las-nuevas-autoridades-del-doctorado-en-arquitectura-y-estudios-urbanos\/","og_locale":"en_US","og_type":"article","og_title":"Asumen oficialmente las nuevas autoridades del Doctorado en Arquitectura y Estudios Urbanos - Facultad de Arquitectura, Dise\u00f1o y Estudios Urbanos","og_description":"En una ceremonia llevada a cabo en la Sala Capilla de la casona del Campus Lo Contador, se desarroll\u00f3 el cambio de mando en la direcci\u00f3n del Doctorado en Arquitectura y Estudios Urbanos de la Universidad Cat\u00f3lica.","og_url":"https:\/\/fadeu.urantiacos.cl\/en\/2021\/10\/14\/asumen-oficialmente-las-nuevas-autoridades-del-doctorado-en-arquitectura-y-estudios-urbanos\/","og_site_name":"Facultad de Arquitectura, Dise\u00f1o y Estudios Urbanos","article_published_time":"2021-10-14T14:30:00+00:00","article_modified_time":"2023-09-07T14:38:14+00:00","og_image":[{"width":350,"height":250,"url":"https:\/\/fadeu.urantiacos.cl\/wp-content\/uploads\/2023\/09\/WEB_IMG-8045.jpg","type":"image\/jpeg"}],"author":"manadmin","twitter_card":"summary_large_image","twitter_misc":{"Written by":"manadmin","Est. reading time":"4 minutes"},"schema":{"@context":"https:\/\/schema.org","@graph":[{"@type":"Article","@id":"https:\/\/fadeu.urantiacos.cl\/en\/2021\/10\/14\/asumen-oficialmente-las-nuevas-autoridades-del-doctorado-en-arquitectura-y-estudios-urbanos\/#article","isPartOf":{"@id":"https:\/\/fadeu.urantiacos.cl\/en\/2021\/10\/14\/asumen-oficialmente-las-nuevas-autoridades-del-doctorado-en-arquitectura-y-estudios-urbanos\/"},"author":{"name":"manadmin","@id":"https:\/\/fadeu.urantiacos.cl\/en\/#\/schema\/person\/d203e2e84b1c40275eac77b3061a19a2"},"headline":"Asumen oficialmente las nuevas autoridades del Doctorado en Arquitectura y Estudios Urbanos","datePublished":"2021-10-14T14:30:00+00:00","dateModified":"2023-09-07T14:38:14+00:00","mainEntityOfPage":{"@id":"https:\/\/fadeu.urantiacos.cl\/en\/2021\/10\/14\/asumen-oficialmente-las-nuevas-autoridades-del-doctorado-en-arquitectura-y-estudios-urbanos\/"},"wordCount":740,"commentCount":0,"image":{"@id":"https:\/\/fadeu.urantiacos.cl\/en\/2021\/10\/14\/asumen-oficialmente-las-nuevas-autoridades-del-doctorado-en-arquitectura-y-estudios-urbanos\/#primaryimage"},"thumbnailUrl":"https:\/\/fadeu.urantiacos.cl\/wp-content\/uploads\/2023\/09\/WEB_IMG-8045.jpg","articleSection":["Sin categorizar"],"inLanguage":"en-US","potentialAction":[{"@type":"CommentAction","name":"Comment","target":["https:\/\/fadeu.urantiacos.cl\/en\/2021\/10\/14\/asumen-oficialmente-las-nuevas-autoridades-del-doctorado-en-arquitectura-y-estudios-urbanos\/#respond"]}]},{"@type":"WebPage","@id":"https:\/\/fadeu.urantiacos.cl\/en\/2021\/10\/14\/asumen-oficialmente-las-nuevas-autoridades-del-doctorado-en-arquitectura-y-estudios-urbanos\/","url":"https:\/\/fadeu.urantiacos.cl\/en\/2021\/10\/14\/asumen-oficialmente-las-nuevas-autoridades-del-doctorado-en-arquitectura-y-estudios-urbanos\/","name":"Asumen oficialmente las nuevas autoridades del Doctorado en Arquitectura y Estudios Urbanos - Facultad de Arquitectura, Dise\u00f1o y Estudios Urbanos","isPartOf":{"@id":"https:\/\/fadeu.urantiacos.cl\/en\/#website"},"primaryImageOfPage":{"@id":"https:\/\/fadeu.urantiacos.cl\/en\/2021\/10\/14\/asumen-oficialmente-las-nuevas-autoridades-del-doctorado-en-arquitectura-y-estudios-urbanos\/#primaryimage"},"image":{"@id":"https:\/\/fadeu.urantiacos.cl\/en\/2021\/10\/14\/asumen-oficialmente-las-nuevas-autoridades-del-doctorado-en-arquitectura-y-estudios-urbanos\/#primaryimage"},"thumbnailUrl":"https:\/\/fadeu.urantiacos.cl\/wp-content\/uploads\/2023\/09\/WEB_IMG-8045.jpg","datePublished":"2021-10-14T14:30:00+00:00","dateModified":"2023-09-07T14:38:14+00:00","author":{"@id":"https:\/\/fadeu.urantiacos.cl\/en\/#\/schema\/person\/d203e2e84b1c40275eac77b3061a19a2"},"description":"En una ceremonia llevada a cabo en la Sala Capilla de la casona del Campus Lo Contador, se desarroll\u00f3 el cambio de mando en la direcci\u00f3n del Doctorado en Arquitectura y Estudios Urbanos de la Universidad Cat\u00f3lica.","breadcrumb":{"@id":"https:\/\/fadeu.urantiacos.cl\/en\/2021\/10\/14\/asumen-oficialmente-las-nuevas-autoridades-del-doctorado-en-arquitectura-y-estudios-urbanos\/#breadcrumb"},"inLanguage":"en-US","potentialAction":[{"@type":"ReadAction","target":["https:\/\/fadeu.urantiacos.cl\/en\/2021\/10\/14\/asumen-oficialmente-las-nuevas-autoridades-del-doctorado-en-arquitectura-y-estudios-urbanos\/"]}]},{"@type":"ImageObject","inLanguage":"en-US","@id":"https:\/\/fadeu.urantiacos.cl\/en\/2021\/10\/14\/asumen-oficialmente-las-nuevas-autoridades-del-doctorado-en-arquitectura-y-estudios-urbanos\/#primaryimage","url":"https:\/\/fadeu.urantiacos.cl\/wp-content\/uploads\/2023\/09\/WEB_IMG-8045.jpg","contentUrl":"https:\/\/fadeu.urantiacos.cl\/wp-content\/uploads\/2023\/09\/WEB_IMG-8045.jpg","width":350,"height":250},{"@type":"BreadcrumbList","@id":"https:\/\/fadeu.urantiacos.cl\/en\/2021\/10\/14\/asumen-oficialmente-las-nuevas-autoridades-del-doctorado-en-arquitectura-y-estudios-urbanos\/#breadcrumb","itemListElement":[{"@type":"ListItem","position":1,"name":"Portada","item":"https:\/\/fadeu.urantiacos.cl\/en\/"},{"@type":"ListItem","position":2,"name":"Asumen oficialmente las nuevas autoridades del Doctorado en Arquitectura y Estudios Urbanos"}]},{"@type":"WebSite","@id":"https:\/\/fadeu.urantiacos.cl\/en\/#website","url":"https:\/\/fadeu.urantiacos.cl\/en\/","name":"Facultad de Arquitectura, Dise\u00f1o y Estudios Urbanos","description":"Campus Lo Contador","potentialAction":[{"@type":"SearchAction","target":{"@type":"EntryPoint","urlTemplate":"https:\/\/fadeu.urantiacos.cl\/en\/?s={search_term_string}"},"query-input":{"@type":"PropertyValueSpecification","valueRequired":true,"valueName":"search_term_string"}}],"inLanguage":"en-US"},{"@type":"Person","@id":"https:\/\/fadeu.urantiacos.cl\/en\/#\/schema\/person\/d203e2e84b1c40275eac77b3061a19a2","name":"manadmin","image":{"@type":"ImageObject","inLanguage":"en-US","@id":"https:\/\/fadeu.urantiacos.cl\/en\/#\/schema\/person\/image\/","url":"https:\/\/secure.gravatar.com\/avatar\/4b1d8e3303b4a9d8968ac578947d8bc80d9aea359f388cdd4aac15cadc0e8447?s=96&d=mm&r=g","contentUrl":"https:\/\/secure.gravatar.com\/avatar\/4b1d8e3303b4a9d8968ac578947d8bc80d9aea359f388cdd4aac15cadc0e8447?s=96&d=mm&r=g","caption":"manadmin"},"sameAs":["https:\/\/fadeu.urantiacos.cl"]}]}},"_links":{"self":[{"href":"https:\/\/fadeu.urantiacos.cl\/en\/wp-json\/wp\/v2\/posts\/6161","targetHints":{"allow":["GET"]}}],"collection":[{"href":"https:\/\/fadeu.urantiacos.cl\/en\/wp-json\/wp\/v2\/posts"}],"about":[{"href":"https:\/\/fadeu.urantiacos.cl\/en\/wp-json\/wp\/v2\/types\/post"}],"author":[{"embeddable":true,"href":"https:\/\/fadeu.urantiacos.cl\/en\/wp-json\/wp\/v2\/users\/1"}],"replies":[{"embeddable":true,"href":"https:\/\/fadeu.urantiacos.cl\/en\/wp-json\/wp\/v2\/comments?post=6161"}],"version-history":[{"count":1,"href":"https:\/\/fadeu.urantiacos.cl\/en\/wp-json\/wp\/v2\/posts\/6161\/revisions"}],"predecessor-version":[{"id":6169,"href":"https:\/\/fadeu.urantiacos.cl\/en\/wp-json\/wp\/v2\/posts\/6161\/revisions\/6169"}],"wp:featuredmedia":[{"embeddable":true,"href":"https:\/\/fadeu.urantiacos.cl\/en\/wp-json\/wp\/v2\/media\/6162"}],"wp:attachment":[{"href":"https:\/\/fadeu.urantiacos.cl\/en\/wp-json\/wp\/v2\/media?parent=6161"}],"wp:term":[{"taxonomy":"category","embeddable":true,"href":"https:\/\/fadeu.urantiacos.cl\/en\/wp-json\/wp\/v2\/categories?post=6161"},{"taxonomy":"post_tag","embeddable":true,"href":"https:\/\/fadeu.urantiacos.cl\/en\/wp-json\/wp\/v2\/tags?post=6161"}],"curies":[{"name":"wp","href":"https:\/\/api.w.org\/{rel}","templated":true}]}}