{"id":6154,"date":"2021-10-18T11:27:00","date_gmt":"2021-10-18T14:27:00","guid":{"rendered":"https:\/\/fadeu.urantiacos.cl\/?p=6154"},"modified":"2023-09-07T11:28:46","modified_gmt":"2023-09-07T14:28:46","slug":"plus-chile-presento-en-el-colegio-de-arquitectos-de-tarragona","status":"publish","type":"post","link":"https:\/\/fadeu.urantiacos.cl\/en\/2021\/10\/18\/plus-chile-presento-en-el-colegio-de-arquitectos-de-tarragona\/","title":{"rendered":"Plus Chile present\u00f3 en el Colegio de Arquitectos de Tarragona"},"content":{"rendered":"\n<figure class=\"wp-block-image size-full\"><img decoding=\"async\" width=\"350\" height=\"250\" src=\"https:\/\/fadeu.urantiacos.cl\/wp-content\/uploads\/2023\/09\/WEB_Captura_de_Pantalla_2021-10-18_a_las_11.26.55.png\" alt=\"\" class=\"wp-image-6155\" srcset=\"https:\/\/fadeu.urantiacos.cl\/wp-content\/uploads\/2023\/09\/WEB_Captura_de_Pantalla_2021-10-18_a_las_11.26.55.png 350w, https:\/\/fadeu.urantiacos.cl\/wp-content\/uploads\/2023\/09\/WEB_Captura_de_Pantalla_2021-10-18_a_las_11.26.55-300x214.png 300w\" sizes=\"(max-width: 350px) 100vw, 350px\" \/><\/figure>\n\n\n\n<p>La Demarcaci\u00f3n de Tarragona del Colegio de Arquitectos de Catalu\u00f1a invit\u00f3 a Francisco Chateau a presentar la iniciativa &#8220;PLUS-Chile: Oportunidades para la rehabilitaci\u00f3n de la vivienda social en altura en Chile&#8221;, en representaci\u00f3n de los profesores ARQ UC Paula Mart\u00ednez, Cristi\u00e1n Schmitt, Waldo Bustamante y Thomas Batzenschlager, acad\u00e9micos que forman parte del equipo PLUS Chile.<\/p>\n\n\n\n<p>En la conferencia, que se dio en el contexto del lanzamiento del n\u00famero 23 de la revista AT, particip\u00f3 del arquitecto Roger Miralles, director de la publicaci\u00f3n. Esta \u00faltima edici\u00f3n de AT \u2014fundada en 2002 por el organismo espa\u00f1ol\u2014 \u200btuvo por t\u00edtulo &#8220;Re-pensar, re-usar la arquitectura&#8221;.<\/p>\n\n\n\n<p>El evento se realiz\u00f3 el d\u00eda jueves 7 de octubre de 2021 de forma remota.<\/p>\n\n\n\n<p>M\u00e1s sobre el evento en el siguiente&nbsp;<a href=\"https:\/\/arquitectes.cat\/es\/node\/36405\" target=\"_blank\" rel=\"noreferrer noopener\">link<br><\/a>M\u00e1s sobre la revista AT en el siguiente&nbsp;<a href=\"https:\/\/www.arquitectes.cat\/es\/arquitectes-de-tarragona-en-linea\" target=\"_blank\" rel=\"noreferrer noopener\">link<\/a><\/p>\n\n\n\n<p>Noticias<br>Contacto:&nbsp;<a href=\"mailto:redesarq@uc.cl\">redesarq@uc.cl<\/a>&nbsp;| +56 2 2354 7747<br>www.arquitectura.uc.cl&nbsp;<\/p>\n","protected":false},"excerpt":{"rendered":"<p>En representaci\u00f3n del equipo, el profesor ARQ UC Francisco Chateau dict\u00f3 una conferencia sobre el proyecto PLUS Chile en el marco del lanzamiento del n\u00famero 23 de la revista AT del Colegio de Arquitectos de Tarragona en Catalu\u00f1a.<\/p>\n","protected":false},"author":1,"featured_media":6155,"comment_status":"open","ping_status":"open","sticky":false,"template":"","format":"standard","meta":{"_acf_changed":false,"footnotes":""},"categories":[1],"tags":[],"class_list":["post-6154","post","type-post","status-publish","format-standard","has-post-thumbnail","hentry","category-sin-categorizar"],"acf":[],"yoast_head":"<!-- This site is optimized with the Yoast SEO plugin v27.1.1 - https:\/\/yoast.com\/product\/yoast-seo-wordpress\/ -->\n<title>Plus Chile present\u00f3 en el Colegio de Arquitectos de Tarragona - Facultad de Arquitectura, Dise\u00f1o y Estudios Urbanos<\/title>\n<meta name=\"description\" content=\"En representaci\u00f3n del equipo, el profesor ARQ UC Francisco Chateau dict\u00f3 una conferencia sobre el proyecto PLUS Chile en el marco del lanzamiento del n\u00famero 23 de la revista AT del Colegio de Arquitectos de Tarragona en Catalu\u00f1a.\" \/>\n<meta name=\"robots\" content=\"index, follow, max-snippet:-1, max-image-preview:large, max-video-preview:-1\" \/>\n<link rel=\"canonical\" href=\"https:\/\/fadeu.urantiacos.cl\/en\/2021\/10\/18\/plus-chile-presento-en-el-colegio-de-arquitectos-de-tarragona\/\" \/>\n<meta property=\"og:locale\" content=\"en_US\" \/>\n<meta property=\"og:type\" content=\"article\" \/>\n<meta property=\"og:title\" content=\"Plus Chile present\u00f3 en el Colegio de Arquitectos de Tarragona - Facultad de Arquitectura, Dise\u00f1o y Estudios Urbanos\" \/>\n<meta property=\"og:description\" content=\"En representaci\u00f3n del equipo, el profesor ARQ UC Francisco Chateau dict\u00f3 una conferencia sobre el proyecto PLUS Chile en el marco del lanzamiento del n\u00famero 23 de la revista AT del Colegio de Arquitectos de Tarragona en Catalu\u00f1a.\" \/>\n<meta property=\"og:url\" content=\"https:\/\/fadeu.urantiacos.cl\/en\/2021\/10\/18\/plus-chile-presento-en-el-colegio-de-arquitectos-de-tarragona\/\" \/>\n<meta property=\"og:site_name\" content=\"Facultad de Arquitectura, Dise\u00f1o y Estudios Urbanos\" \/>\n<meta property=\"article:published_time\" content=\"2021-10-18T14:27:00+00:00\" \/>\n<meta property=\"article:modified_time\" content=\"2023-09-07T14:28:46+00:00\" \/>\n<meta property=\"og:image\" content=\"https:\/\/fadeu.urantiacos.cl\/wp-content\/uploads\/2023\/09\/WEB_Captura_de_Pantalla_2021-10-18_a_las_11.26.55.png\" \/>\n\t<meta property=\"og:image:width\" content=\"350\" \/>\n\t<meta property=\"og:image:height\" content=\"250\" \/>\n\t<meta property=\"og:image:type\" content=\"image\/png\" \/>\n<meta name=\"author\" content=\"manadmin\" \/>\n<meta name=\"twitter:card\" content=\"summary_large_image\" \/>\n<meta name=\"twitter:label1\" content=\"Written by\" \/>\n\t<meta name=\"twitter:data1\" content=\"manadmin\" \/>\n\t<meta name=\"twitter:label2\" content=\"Est. reading time\" \/>\n\t<meta name=\"twitter:data2\" content=\"1 minute\" \/>\n<script type=\"application\/ld+json\" class=\"yoast-schema-graph\">{\"@context\":\"https:\/\/schema.org\",\"@graph\":[{\"@type\":\"Article\",\"@id\":\"https:\/\/fadeu.urantiacos.cl\/en\/2021\/10\/18\/plus-chile-presento-en-el-colegio-de-arquitectos-de-tarragona\/#article\",\"isPartOf\":{\"@id\":\"https:\/\/fadeu.urantiacos.cl\/en\/2021\/10\/18\/plus-chile-presento-en-el-colegio-de-arquitectos-de-tarragona\/\"},\"author\":{\"name\":\"manadmin\",\"@id\":\"https:\/\/fadeu.urantiacos.cl\/en\/#\/schema\/person\/d203e2e84b1c40275eac77b3061a19a2\"},\"headline\":\"Plus Chile present\u00f3 en el Colegio de Arquitectos de Tarragona\",\"datePublished\":\"2021-10-18T14:27:00+00:00\",\"dateModified\":\"2023-09-07T14:28:46+00:00\",\"mainEntityOfPage\":{\"@id\":\"https:\/\/fadeu.urantiacos.cl\/en\/2021\/10\/18\/plus-chile-presento-en-el-colegio-de-arquitectos-de-tarragona\/\"},\"wordCount\":167,\"commentCount\":0,\"image\":{\"@id\":\"https:\/\/fadeu.urantiacos.cl\/en\/2021\/10\/18\/plus-chile-presento-en-el-colegio-de-arquitectos-de-tarragona\/#primaryimage\"},\"thumbnailUrl\":\"https:\/\/fadeu.urantiacos.cl\/wp-content\/uploads\/2023\/09\/WEB_Captura_de_Pantalla_2021-10-18_a_las_11.26.55.png\",\"articleSection\":[\"Sin categorizar\"],\"inLanguage\":\"en-US\",\"potentialAction\":[{\"@type\":\"CommentAction\",\"name\":\"Comment\",\"target\":[\"https:\/\/fadeu.urantiacos.cl\/en\/2021\/10\/18\/plus-chile-presento-en-el-colegio-de-arquitectos-de-tarragona\/#respond\"]}]},{\"@type\":\"WebPage\",\"@id\":\"https:\/\/fadeu.urantiacos.cl\/en\/2021\/10\/18\/plus-chile-presento-en-el-colegio-de-arquitectos-de-tarragona\/\",\"url\":\"https:\/\/fadeu.urantiacos.cl\/en\/2021\/10\/18\/plus-chile-presento-en-el-colegio-de-arquitectos-de-tarragona\/\",\"name\":\"Plus Chile present\u00f3 en el Colegio de Arquitectos de Tarragona - Facultad de Arquitectura, Dise\u00f1o y Estudios Urbanos\",\"isPartOf\":{\"@id\":\"https:\/\/fadeu.urantiacos.cl\/en\/#website\"},\"primaryImageOfPage\":{\"@id\":\"https:\/\/fadeu.urantiacos.cl\/en\/2021\/10\/18\/plus-chile-presento-en-el-colegio-de-arquitectos-de-tarragona\/#primaryimage\"},\"image\":{\"@id\":\"https:\/\/fadeu.urantiacos.cl\/en\/2021\/10\/18\/plus-chile-presento-en-el-colegio-de-arquitectos-de-tarragona\/#primaryimage\"},\"thumbnailUrl\":\"https:\/\/fadeu.urantiacos.cl\/wp-content\/uploads\/2023\/09\/WEB_Captura_de_Pantalla_2021-10-18_a_las_11.26.55.png\",\"datePublished\":\"2021-10-18T14:27:00+00:00\",\"dateModified\":\"2023-09-07T14:28:46+00:00\",\"author\":{\"@id\":\"https:\/\/fadeu.urantiacos.cl\/en\/#\/schema\/person\/d203e2e84b1c40275eac77b3061a19a2\"},\"description\":\"En representaci\u00f3n del equipo, el profesor ARQ UC Francisco Chateau dict\u00f3 una conferencia sobre el proyecto PLUS Chile en el marco del lanzamiento del n\u00famero 23 de la revista AT del Colegio de Arquitectos de Tarragona en Catalu\u00f1a.\",\"breadcrumb\":{\"@id\":\"https:\/\/fadeu.urantiacos.cl\/en\/2021\/10\/18\/plus-chile-presento-en-el-colegio-de-arquitectos-de-tarragona\/#breadcrumb\"},\"inLanguage\":\"en-US\",\"potentialAction\":[{\"@type\":\"ReadAction\",\"target\":[\"https:\/\/fadeu.urantiacos.cl\/en\/2021\/10\/18\/plus-chile-presento-en-el-colegio-de-arquitectos-de-tarragona\/\"]}]},{\"@type\":\"ImageObject\",\"inLanguage\":\"en-US\",\"@id\":\"https:\/\/fadeu.urantiacos.cl\/en\/2021\/10\/18\/plus-chile-presento-en-el-colegio-de-arquitectos-de-tarragona\/#primaryimage\",\"url\":\"https:\/\/fadeu.urantiacos.cl\/wp-content\/uploads\/2023\/09\/WEB_Captura_de_Pantalla_2021-10-18_a_las_11.26.55.png\",\"contentUrl\":\"https:\/\/fadeu.urantiacos.cl\/wp-content\/uploads\/2023\/09\/WEB_Captura_de_Pantalla_2021-10-18_a_las_11.26.55.png\",\"width\":350,\"height\":250},{\"@type\":\"BreadcrumbList\",\"@id\":\"https:\/\/fadeu.urantiacos.cl\/en\/2021\/10\/18\/plus-chile-presento-en-el-colegio-de-arquitectos-de-tarragona\/#breadcrumb\",\"itemListElement\":[{\"@type\":\"ListItem\",\"position\":1,\"name\":\"Portada\",\"item\":\"https:\/\/fadeu.urantiacos.cl\/en\/\"},{\"@type\":\"ListItem\",\"position\":2,\"name\":\"Plus Chile present\u00f3 en el Colegio de Arquitectos de Tarragona\"}]},{\"@type\":\"WebSite\",\"@id\":\"https:\/\/fadeu.urantiacos.cl\/en\/#website\",\"url\":\"https:\/\/fadeu.urantiacos.cl\/en\/\",\"name\":\"Facultad de Arquitectura, Dise\u00f1o y Estudios Urbanos\",\"description\":\"Campus Lo Contador\",\"potentialAction\":[{\"@type\":\"SearchAction\",\"target\":{\"@type\":\"EntryPoint\",\"urlTemplate\":\"https:\/\/fadeu.urantiacos.cl\/en\/?s={search_term_string}\"},\"query-input\":{\"@type\":\"PropertyValueSpecification\",\"valueRequired\":true,\"valueName\":\"search_term_string\"}}],\"inLanguage\":\"en-US\"},{\"@type\":\"Person\",\"@id\":\"https:\/\/fadeu.urantiacos.cl\/en\/#\/schema\/person\/d203e2e84b1c40275eac77b3061a19a2\",\"name\":\"manadmin\",\"image\":{\"@type\":\"ImageObject\",\"inLanguage\":\"en-US\",\"@id\":\"https:\/\/fadeu.urantiacos.cl\/en\/#\/schema\/person\/image\/\",\"url\":\"https:\/\/secure.gravatar.com\/avatar\/4b1d8e3303b4a9d8968ac578947d8bc80d9aea359f388cdd4aac15cadc0e8447?s=96&d=mm&r=g\",\"contentUrl\":\"https:\/\/secure.gravatar.com\/avatar\/4b1d8e3303b4a9d8968ac578947d8bc80d9aea359f388cdd4aac15cadc0e8447?s=96&d=mm&r=g\",\"caption\":\"manadmin\"},\"sameAs\":[\"https:\/\/fadeu.urantiacos.cl\"]}]}<\/script>\n<!-- \/ Yoast SEO plugin. -->","yoast_head_json":{"title":"Plus Chile present\u00f3 en el Colegio de Arquitectos de Tarragona - Facultad de Arquitectura, Dise\u00f1o y Estudios Urbanos","description":"En representaci\u00f3n del equipo, el profesor ARQ UC Francisco Chateau dict\u00f3 una conferencia sobre el proyecto PLUS Chile en el marco del lanzamiento del n\u00famero 23 de la revista AT del Colegio de Arquitectos de Tarragona en Catalu\u00f1a.","robots":{"index":"index","follow":"follow","max-snippet":"max-snippet:-1","max-image-preview":"max-image-preview:large","max-video-preview":"max-video-preview:-1"},"canonical":"https:\/\/fadeu.urantiacos.cl\/en\/2021\/10\/18\/plus-chile-presento-en-el-colegio-de-arquitectos-de-tarragona\/","og_locale":"en_US","og_type":"article","og_title":"Plus Chile present\u00f3 en el Colegio de Arquitectos de Tarragona - Facultad de Arquitectura, Dise\u00f1o y Estudios Urbanos","og_description":"En representaci\u00f3n del equipo, el profesor ARQ UC Francisco Chateau dict\u00f3 una conferencia sobre el proyecto PLUS Chile en el marco del lanzamiento del n\u00famero 23 de la revista AT del Colegio de Arquitectos de Tarragona en Catalu\u00f1a.","og_url":"https:\/\/fadeu.urantiacos.cl\/en\/2021\/10\/18\/plus-chile-presento-en-el-colegio-de-arquitectos-de-tarragona\/","og_site_name":"Facultad de Arquitectura, Dise\u00f1o y Estudios Urbanos","article_published_time":"2021-10-18T14:27:00+00:00","article_modified_time":"2023-09-07T14:28:46+00:00","og_image":[{"width":350,"height":250,"url":"https:\/\/fadeu.urantiacos.cl\/wp-content\/uploads\/2023\/09\/WEB_Captura_de_Pantalla_2021-10-18_a_las_11.26.55.png","type":"image\/png"}],"author":"manadmin","twitter_card":"summary_large_image","twitter_misc":{"Written by":"manadmin","Est. reading time":"1 minute"},"schema":{"@context":"https:\/\/schema.org","@graph":[{"@type":"Article","@id":"https:\/\/fadeu.urantiacos.cl\/en\/2021\/10\/18\/plus-chile-presento-en-el-colegio-de-arquitectos-de-tarragona\/#article","isPartOf":{"@id":"https:\/\/fadeu.urantiacos.cl\/en\/2021\/10\/18\/plus-chile-presento-en-el-colegio-de-arquitectos-de-tarragona\/"},"author":{"name":"manadmin","@id":"https:\/\/fadeu.urantiacos.cl\/en\/#\/schema\/person\/d203e2e84b1c40275eac77b3061a19a2"},"headline":"Plus Chile present\u00f3 en el Colegio de Arquitectos de Tarragona","datePublished":"2021-10-18T14:27:00+00:00","dateModified":"2023-09-07T14:28:46+00:00","mainEntityOfPage":{"@id":"https:\/\/fadeu.urantiacos.cl\/en\/2021\/10\/18\/plus-chile-presento-en-el-colegio-de-arquitectos-de-tarragona\/"},"wordCount":167,"commentCount":0,"image":{"@id":"https:\/\/fadeu.urantiacos.cl\/en\/2021\/10\/18\/plus-chile-presento-en-el-colegio-de-arquitectos-de-tarragona\/#primaryimage"},"thumbnailUrl":"https:\/\/fadeu.urantiacos.cl\/wp-content\/uploads\/2023\/09\/WEB_Captura_de_Pantalla_2021-10-18_a_las_11.26.55.png","articleSection":["Sin categorizar"],"inLanguage":"en-US","potentialAction":[{"@type":"CommentAction","name":"Comment","target":["https:\/\/fadeu.urantiacos.cl\/en\/2021\/10\/18\/plus-chile-presento-en-el-colegio-de-arquitectos-de-tarragona\/#respond"]}]},{"@type":"WebPage","@id":"https:\/\/fadeu.urantiacos.cl\/en\/2021\/10\/18\/plus-chile-presento-en-el-colegio-de-arquitectos-de-tarragona\/","url":"https:\/\/fadeu.urantiacos.cl\/en\/2021\/10\/18\/plus-chile-presento-en-el-colegio-de-arquitectos-de-tarragona\/","name":"Plus Chile present\u00f3 en el Colegio de Arquitectos de Tarragona - Facultad de Arquitectura, Dise\u00f1o y Estudios Urbanos","isPartOf":{"@id":"https:\/\/fadeu.urantiacos.cl\/en\/#website"},"primaryImageOfPage":{"@id":"https:\/\/fadeu.urantiacos.cl\/en\/2021\/10\/18\/plus-chile-presento-en-el-colegio-de-arquitectos-de-tarragona\/#primaryimage"},"image":{"@id":"https:\/\/fadeu.urantiacos.cl\/en\/2021\/10\/18\/plus-chile-presento-en-el-colegio-de-arquitectos-de-tarragona\/#primaryimage"},"thumbnailUrl":"https:\/\/fadeu.urantiacos.cl\/wp-content\/uploads\/2023\/09\/WEB_Captura_de_Pantalla_2021-10-18_a_las_11.26.55.png","datePublished":"2021-10-18T14:27:00+00:00","dateModified":"2023-09-07T14:28:46+00:00","author":{"@id":"https:\/\/fadeu.urantiacos.cl\/en\/#\/schema\/person\/d203e2e84b1c40275eac77b3061a19a2"},"description":"En representaci\u00f3n del equipo, el profesor ARQ UC Francisco Chateau dict\u00f3 una conferencia sobre el proyecto PLUS Chile en el marco del lanzamiento del n\u00famero 23 de la revista AT del Colegio de Arquitectos de Tarragona en Catalu\u00f1a.","breadcrumb":{"@id":"https:\/\/fadeu.urantiacos.cl\/en\/2021\/10\/18\/plus-chile-presento-en-el-colegio-de-arquitectos-de-tarragona\/#breadcrumb"},"inLanguage":"en-US","potentialAction":[{"@type":"ReadAction","target":["https:\/\/fadeu.urantiacos.cl\/en\/2021\/10\/18\/plus-chile-presento-en-el-colegio-de-arquitectos-de-tarragona\/"]}]},{"@type":"ImageObject","inLanguage":"en-US","@id":"https:\/\/fadeu.urantiacos.cl\/en\/2021\/10\/18\/plus-chile-presento-en-el-colegio-de-arquitectos-de-tarragona\/#primaryimage","url":"https:\/\/fadeu.urantiacos.cl\/wp-content\/uploads\/2023\/09\/WEB_Captura_de_Pantalla_2021-10-18_a_las_11.26.55.png","contentUrl":"https:\/\/fadeu.urantiacos.cl\/wp-content\/uploads\/2023\/09\/WEB_Captura_de_Pantalla_2021-10-18_a_las_11.26.55.png","width":350,"height":250},{"@type":"BreadcrumbList","@id":"https:\/\/fadeu.urantiacos.cl\/en\/2021\/10\/18\/plus-chile-presento-en-el-colegio-de-arquitectos-de-tarragona\/#breadcrumb","itemListElement":[{"@type":"ListItem","position":1,"name":"Portada","item":"https:\/\/fadeu.urantiacos.cl\/en\/"},{"@type":"ListItem","position":2,"name":"Plus Chile present\u00f3 en el Colegio de Arquitectos de Tarragona"}]},{"@type":"WebSite","@id":"https:\/\/fadeu.urantiacos.cl\/en\/#website","url":"https:\/\/fadeu.urantiacos.cl\/en\/","name":"Facultad de Arquitectura, Dise\u00f1o y Estudios Urbanos","description":"Campus Lo Contador","potentialAction":[{"@type":"SearchAction","target":{"@type":"EntryPoint","urlTemplate":"https:\/\/fadeu.urantiacos.cl\/en\/?s={search_term_string}"},"query-input":{"@type":"PropertyValueSpecification","valueRequired":true,"valueName":"search_term_string"}}],"inLanguage":"en-US"},{"@type":"Person","@id":"https:\/\/fadeu.urantiacos.cl\/en\/#\/schema\/person\/d203e2e84b1c40275eac77b3061a19a2","name":"manadmin","image":{"@type":"ImageObject","inLanguage":"en-US","@id":"https:\/\/fadeu.urantiacos.cl\/en\/#\/schema\/person\/image\/","url":"https:\/\/secure.gravatar.com\/avatar\/4b1d8e3303b4a9d8968ac578947d8bc80d9aea359f388cdd4aac15cadc0e8447?s=96&d=mm&r=g","contentUrl":"https:\/\/secure.gravatar.com\/avatar\/4b1d8e3303b4a9d8968ac578947d8bc80d9aea359f388cdd4aac15cadc0e8447?s=96&d=mm&r=g","caption":"manadmin"},"sameAs":["https:\/\/fadeu.urantiacos.cl"]}]}},"_links":{"self":[{"href":"https:\/\/fadeu.urantiacos.cl\/en\/wp-json\/wp\/v2\/posts\/6154","targetHints":{"allow":["GET"]}}],"collection":[{"href":"https:\/\/fadeu.urantiacos.cl\/en\/wp-json\/wp\/v2\/posts"}],"about":[{"href":"https:\/\/fadeu.urantiacos.cl\/en\/wp-json\/wp\/v2\/types\/post"}],"author":[{"embeddable":true,"href":"https:\/\/fadeu.urantiacos.cl\/en\/wp-json\/wp\/v2\/users\/1"}],"replies":[{"embeddable":true,"href":"https:\/\/fadeu.urantiacos.cl\/en\/wp-json\/wp\/v2\/comments?post=6154"}],"version-history":[{"count":1,"href":"https:\/\/fadeu.urantiacos.cl\/en\/wp-json\/wp\/v2\/posts\/6154\/revisions"}],"predecessor-version":[{"id":6156,"href":"https:\/\/fadeu.urantiacos.cl\/en\/wp-json\/wp\/v2\/posts\/6154\/revisions\/6156"}],"wp:featuredmedia":[{"embeddable":true,"href":"https:\/\/fadeu.urantiacos.cl\/en\/wp-json\/wp\/v2\/media\/6155"}],"wp:attachment":[{"href":"https:\/\/fadeu.urantiacos.cl\/en\/wp-json\/wp\/v2\/media?parent=6154"}],"wp:term":[{"taxonomy":"category","embeddable":true,"href":"https:\/\/fadeu.urantiacos.cl\/en\/wp-json\/wp\/v2\/categories?post=6154"},{"taxonomy":"post_tag","embeddable":true,"href":"https:\/\/fadeu.urantiacos.cl\/en\/wp-json\/wp\/v2\/tags?post=6154"}],"curies":[{"name":"wp","href":"https:\/\/api.w.org\/{rel}","templated":true}]}}