{"id":6150,"date":"2021-10-18T11:24:00","date_gmt":"2021-10-18T14:24:00","guid":{"rendered":"https:\/\/fadeu.urantiacos.cl\/?p=6150"},"modified":"2023-09-07T11:27:06","modified_gmt":"2023-09-07T14:27:06","slug":"urbannext-destaca-el-trabajo-del-taller-marq-mapa-de-umwelt-pilar-garcia","status":"publish","type":"post","link":"https:\/\/fadeu.urantiacos.cl\/en\/2021\/10\/18\/urbannext-destaca-el-trabajo-del-taller-marq-mapa-de-umwelt-pilar-garcia\/","title":{"rendered":"UrbanNext destaca el trabajo del taller MARQ-MAPA de UMWELT + Pilar Garc\u00eda"},"content":{"rendered":"\n<figure class=\"wp-block-image size-full\"><img decoding=\"async\" width=\"350\" height=\"250\" src=\"https:\/\/fadeu.urantiacos.cl\/wp-content\/uploads\/2023\/09\/WEB_umwelt-energy-and-territory_04_altoandino.jpg\" alt=\"\" class=\"wp-image-6151\" srcset=\"https:\/\/fadeu.urantiacos.cl\/wp-content\/uploads\/2023\/09\/WEB_umwelt-energy-and-territory_04_altoandino.jpg 350w, https:\/\/fadeu.urantiacos.cl\/wp-content\/uploads\/2023\/09\/WEB_umwelt-energy-and-territory_04_altoandino-300x214.jpg 300w\" sizes=\"(max-width: 350px) 100vw, 350px\" \/><\/figure>\n\n\n\n<p>Con el t\u00edtulo &#8220;Energy and Territory: Production Infrastructures in Chile&#8221;, y en base al trabajo de alumnos destacados de las diferentes iteraciones del taller, el texto discute el potencial de transformaci\u00f3n territorial de los proyectos de producci\u00f3n energ\u00e9tica renovable que se implementar\u00e1n durante las siguientes d\u00e9cadas a lo largo del pa\u00eds.<\/p>\n\n\n\n<p>En el marco de este taller, que se dicta de manera conjunta dentro de los mag\u00edsteres en Arquitectura UC (MARQ) y en Arquitectura del Paisaje UC (MAPA), los profesores ARQ UC han realizado una serie de instancias de investigaci\u00f3n, incluyendo, por ejemplo, el ciclo de conferencias &#8220;Arquitecturas infraestructurales\/Infraestructuras arquitect\u00f3nicas&#8221;, desarrollado durante 2021.<\/p>\n\n\n\n<p>UrbanNext es una plataforma web en ingl\u00e9s desarrollada por la editorial Actar de Barcelona.<\/p>\n\n\n\n<p>Leer el art\u00edculo en el siguiente&nbsp;<a href=\"https:\/\/urbannext.net\/energy-and-territory\/\" target=\"_blank\" rel=\"noreferrer noopener\">link<\/a><\/p>\n\n\n\n<figure class=\"wp-block-image size-large\"><img decoding=\"async\" width=\"1024\" height=\"673\" src=\"https:\/\/fadeu.urantiacos.cl\/wp-content\/uploads\/2023\/09\/umwelt-energy-and-territory_04_altoandino-1024x673.jpeg\" alt=\"\" class=\"wp-image-6152\" srcset=\"https:\/\/fadeu.urantiacos.cl\/wp-content\/uploads\/2023\/09\/umwelt-energy-and-territory_04_altoandino-1024x673.jpeg 1024w, https:\/\/fadeu.urantiacos.cl\/wp-content\/uploads\/2023\/09\/umwelt-energy-and-territory_04_altoandino-300x197.jpeg 300w, https:\/\/fadeu.urantiacos.cl\/wp-content\/uploads\/2023\/09\/umwelt-energy-and-territory_04_altoandino-768x505.jpeg 768w, https:\/\/fadeu.urantiacos.cl\/wp-content\/uploads\/2023\/09\/umwelt-energy-and-territory_04_altoandino.jpeg 1100w\" sizes=\"(max-width: 1024px) 100vw, 1024px\" \/><\/figure>\n\n\n\n<p><em>&#8220;Parque Meteorol\u00f3gico Altoandino&#8221;, proyecto en el r\u00edo Juncalito en Atacama. Estudiante: Constanza Bianchini<\/em><\/p>\n\n\n\n<p>Noticias<br>Contacto:&nbsp;<a href=\"mailto:redesarq@uc.cl\">redesarq@uc.cl<\/a>&nbsp;| +56 2 2354 7747<br>www.arquitectura.uc.cl&nbsp;<\/p>\n","protected":false},"excerpt":{"rendered":"<p>El art\u00edculo, escrito por Ignacio Garc\u00eda y Arturo Scheidegger (UMWELT), recoge las experiencias del Taller de Investigaci\u00f3n y Proyecto (TIP) que los profesores realizan junto a la profesora Pilar Garc\u00eda desde 2016.<\/p>\n","protected":false},"author":1,"featured_media":6151,"comment_status":"open","ping_status":"open","sticky":false,"template":"","format":"standard","meta":{"_acf_changed":false,"footnotes":""},"categories":[1],"tags":[],"class_list":["post-6150","post","type-post","status-publish","format-standard","has-post-thumbnail","hentry","category-sin-categorizar"],"acf":[],"yoast_head":"<!-- This site is optimized with the Yoast SEO plugin v27.1.1 - https:\/\/yoast.com\/product\/yoast-seo-wordpress\/ -->\n<title>UrbanNext destaca el trabajo del taller MARQ-MAPA de UMWELT + Pilar Garc\u00eda - Facultad de Arquitectura, Dise\u00f1o y Estudios Urbanos<\/title>\n<meta name=\"description\" content=\"El art\u00edculo, escrito por Ignacio Garc\u00eda y Arturo Scheidegger (UMWELT), recoge las experiencias del Taller de Investigaci\u00f3n y Proyecto (TIP) que los profesores realizan junto a la profesora Pilar Garc\u00eda desde 2016.\" \/>\n<meta name=\"robots\" content=\"index, follow, max-snippet:-1, max-image-preview:large, max-video-preview:-1\" \/>\n<link rel=\"canonical\" href=\"https:\/\/fadeu.urantiacos.cl\/en\/2021\/10\/18\/urbannext-destaca-el-trabajo-del-taller-marq-mapa-de-umwelt-pilar-garcia\/\" \/>\n<meta property=\"og:locale\" content=\"en_US\" \/>\n<meta property=\"og:type\" content=\"article\" \/>\n<meta property=\"og:title\" content=\"UrbanNext destaca el trabajo del taller MARQ-MAPA de UMWELT + Pilar Garc\u00eda - Facultad de Arquitectura, Dise\u00f1o y Estudios Urbanos\" \/>\n<meta property=\"og:description\" content=\"El art\u00edculo, escrito por Ignacio Garc\u00eda y Arturo Scheidegger (UMWELT), recoge las experiencias del Taller de Investigaci\u00f3n y Proyecto (TIP) que los profesores realizan junto a la profesora Pilar Garc\u00eda desde 2016.\" \/>\n<meta property=\"og:url\" content=\"https:\/\/fadeu.urantiacos.cl\/en\/2021\/10\/18\/urbannext-destaca-el-trabajo-del-taller-marq-mapa-de-umwelt-pilar-garcia\/\" \/>\n<meta property=\"og:site_name\" content=\"Facultad de Arquitectura, Dise\u00f1o y Estudios Urbanos\" \/>\n<meta property=\"article:published_time\" content=\"2021-10-18T14:24:00+00:00\" \/>\n<meta property=\"article:modified_time\" content=\"2023-09-07T14:27:06+00:00\" \/>\n<meta property=\"og:image\" content=\"https:\/\/fadeu.urantiacos.cl\/wp-content\/uploads\/2023\/09\/WEB_umwelt-energy-and-territory_04_altoandino.jpg\" \/>\n\t<meta property=\"og:image:width\" content=\"350\" \/>\n\t<meta property=\"og:image:height\" content=\"250\" \/>\n\t<meta property=\"og:image:type\" content=\"image\/jpeg\" \/>\n<meta name=\"author\" content=\"manadmin\" \/>\n<meta name=\"twitter:card\" content=\"summary_large_image\" \/>\n<meta name=\"twitter:label1\" content=\"Written by\" \/>\n\t<meta name=\"twitter:data1\" content=\"manadmin\" \/>\n\t<meta name=\"twitter:label2\" content=\"Est. reading time\" \/>\n\t<meta name=\"twitter:data2\" content=\"1 minute\" \/>\n<script type=\"application\/ld+json\" class=\"yoast-schema-graph\">{\"@context\":\"https:\/\/schema.org\",\"@graph\":[{\"@type\":\"Article\",\"@id\":\"https:\/\/fadeu.urantiacos.cl\/en\/2021\/10\/18\/urbannext-destaca-el-trabajo-del-taller-marq-mapa-de-umwelt-pilar-garcia\/#article\",\"isPartOf\":{\"@id\":\"https:\/\/fadeu.urantiacos.cl\/en\/2021\/10\/18\/urbannext-destaca-el-trabajo-del-taller-marq-mapa-de-umwelt-pilar-garcia\/\"},\"author\":{\"name\":\"manadmin\",\"@id\":\"https:\/\/fadeu.urantiacos.cl\/en\/#\/schema\/person\/d203e2e84b1c40275eac77b3061a19a2\"},\"headline\":\"UrbanNext destaca el trabajo del taller MARQ-MAPA de UMWELT + Pilar Garc\u00eda\",\"datePublished\":\"2021-10-18T14:24:00+00:00\",\"dateModified\":\"2023-09-07T14:27:06+00:00\",\"mainEntityOfPage\":{\"@id\":\"https:\/\/fadeu.urantiacos.cl\/en\/2021\/10\/18\/urbannext-destaca-el-trabajo-del-taller-marq-mapa-de-umwelt-pilar-garcia\/\"},\"wordCount\":175,\"commentCount\":0,\"image\":{\"@id\":\"https:\/\/fadeu.urantiacos.cl\/en\/2021\/10\/18\/urbannext-destaca-el-trabajo-del-taller-marq-mapa-de-umwelt-pilar-garcia\/#primaryimage\"},\"thumbnailUrl\":\"https:\/\/fadeu.urantiacos.cl\/wp-content\/uploads\/2023\/09\/WEB_umwelt-energy-and-territory_04_altoandino.jpg\",\"articleSection\":[\"Sin categorizar\"],\"inLanguage\":\"en-US\",\"potentialAction\":[{\"@type\":\"CommentAction\",\"name\":\"Comment\",\"target\":[\"https:\/\/fadeu.urantiacos.cl\/en\/2021\/10\/18\/urbannext-destaca-el-trabajo-del-taller-marq-mapa-de-umwelt-pilar-garcia\/#respond\"]}]},{\"@type\":\"WebPage\",\"@id\":\"https:\/\/fadeu.urantiacos.cl\/en\/2021\/10\/18\/urbannext-destaca-el-trabajo-del-taller-marq-mapa-de-umwelt-pilar-garcia\/\",\"url\":\"https:\/\/fadeu.urantiacos.cl\/en\/2021\/10\/18\/urbannext-destaca-el-trabajo-del-taller-marq-mapa-de-umwelt-pilar-garcia\/\",\"name\":\"UrbanNext destaca el trabajo del taller MARQ-MAPA de UMWELT + Pilar Garc\u00eda - Facultad de Arquitectura, Dise\u00f1o y Estudios Urbanos\",\"isPartOf\":{\"@id\":\"https:\/\/fadeu.urantiacos.cl\/en\/#website\"},\"primaryImageOfPage\":{\"@id\":\"https:\/\/fadeu.urantiacos.cl\/en\/2021\/10\/18\/urbannext-destaca-el-trabajo-del-taller-marq-mapa-de-umwelt-pilar-garcia\/#primaryimage\"},\"image\":{\"@id\":\"https:\/\/fadeu.urantiacos.cl\/en\/2021\/10\/18\/urbannext-destaca-el-trabajo-del-taller-marq-mapa-de-umwelt-pilar-garcia\/#primaryimage\"},\"thumbnailUrl\":\"https:\/\/fadeu.urantiacos.cl\/wp-content\/uploads\/2023\/09\/WEB_umwelt-energy-and-territory_04_altoandino.jpg\",\"datePublished\":\"2021-10-18T14:24:00+00:00\",\"dateModified\":\"2023-09-07T14:27:06+00:00\",\"author\":{\"@id\":\"https:\/\/fadeu.urantiacos.cl\/en\/#\/schema\/person\/d203e2e84b1c40275eac77b3061a19a2\"},\"description\":\"El art\u00edculo, escrito por Ignacio Garc\u00eda y Arturo Scheidegger (UMWELT), recoge las experiencias del Taller de Investigaci\u00f3n y Proyecto (TIP) que los profesores realizan junto a la profesora Pilar Garc\u00eda desde 2016.\",\"breadcrumb\":{\"@id\":\"https:\/\/fadeu.urantiacos.cl\/en\/2021\/10\/18\/urbannext-destaca-el-trabajo-del-taller-marq-mapa-de-umwelt-pilar-garcia\/#breadcrumb\"},\"inLanguage\":\"en-US\",\"potentialAction\":[{\"@type\":\"ReadAction\",\"target\":[\"https:\/\/fadeu.urantiacos.cl\/en\/2021\/10\/18\/urbannext-destaca-el-trabajo-del-taller-marq-mapa-de-umwelt-pilar-garcia\/\"]}]},{\"@type\":\"ImageObject\",\"inLanguage\":\"en-US\",\"@id\":\"https:\/\/fadeu.urantiacos.cl\/en\/2021\/10\/18\/urbannext-destaca-el-trabajo-del-taller-marq-mapa-de-umwelt-pilar-garcia\/#primaryimage\",\"url\":\"https:\/\/fadeu.urantiacos.cl\/wp-content\/uploads\/2023\/09\/WEB_umwelt-energy-and-territory_04_altoandino.jpg\",\"contentUrl\":\"https:\/\/fadeu.urantiacos.cl\/wp-content\/uploads\/2023\/09\/WEB_umwelt-energy-and-territory_04_altoandino.jpg\",\"width\":350,\"height\":250},{\"@type\":\"BreadcrumbList\",\"@id\":\"https:\/\/fadeu.urantiacos.cl\/en\/2021\/10\/18\/urbannext-destaca-el-trabajo-del-taller-marq-mapa-de-umwelt-pilar-garcia\/#breadcrumb\",\"itemListElement\":[{\"@type\":\"ListItem\",\"position\":1,\"name\":\"Portada\",\"item\":\"https:\/\/fadeu.urantiacos.cl\/en\/\"},{\"@type\":\"ListItem\",\"position\":2,\"name\":\"UrbanNext destaca el trabajo del taller MARQ-MAPA de UMWELT + Pilar Garc\u00eda\"}]},{\"@type\":\"WebSite\",\"@id\":\"https:\/\/fadeu.urantiacos.cl\/en\/#website\",\"url\":\"https:\/\/fadeu.urantiacos.cl\/en\/\",\"name\":\"Facultad de Arquitectura, Dise\u00f1o y Estudios Urbanos\",\"description\":\"Campus Lo Contador\",\"potentialAction\":[{\"@type\":\"SearchAction\",\"target\":{\"@type\":\"EntryPoint\",\"urlTemplate\":\"https:\/\/fadeu.urantiacos.cl\/en\/?s={search_term_string}\"},\"query-input\":{\"@type\":\"PropertyValueSpecification\",\"valueRequired\":true,\"valueName\":\"search_term_string\"}}],\"inLanguage\":\"en-US\"},{\"@type\":\"Person\",\"@id\":\"https:\/\/fadeu.urantiacos.cl\/en\/#\/schema\/person\/d203e2e84b1c40275eac77b3061a19a2\",\"name\":\"manadmin\",\"image\":{\"@type\":\"ImageObject\",\"inLanguage\":\"en-US\",\"@id\":\"https:\/\/fadeu.urantiacos.cl\/en\/#\/schema\/person\/image\/\",\"url\":\"https:\/\/secure.gravatar.com\/avatar\/4b1d8e3303b4a9d8968ac578947d8bc80d9aea359f388cdd4aac15cadc0e8447?s=96&d=mm&r=g\",\"contentUrl\":\"https:\/\/secure.gravatar.com\/avatar\/4b1d8e3303b4a9d8968ac578947d8bc80d9aea359f388cdd4aac15cadc0e8447?s=96&d=mm&r=g\",\"caption\":\"manadmin\"},\"sameAs\":[\"https:\/\/fadeu.urantiacos.cl\"]}]}<\/script>\n<!-- \/ Yoast SEO plugin. -->","yoast_head_json":{"title":"UrbanNext destaca el trabajo del taller MARQ-MAPA de UMWELT + Pilar Garc\u00eda - Facultad de Arquitectura, Dise\u00f1o y Estudios Urbanos","description":"El art\u00edculo, escrito por Ignacio Garc\u00eda y Arturo Scheidegger (UMWELT), recoge las experiencias del Taller de Investigaci\u00f3n y Proyecto (TIP) que los profesores realizan junto a la profesora Pilar Garc\u00eda desde 2016.","robots":{"index":"index","follow":"follow","max-snippet":"max-snippet:-1","max-image-preview":"max-image-preview:large","max-video-preview":"max-video-preview:-1"},"canonical":"https:\/\/fadeu.urantiacos.cl\/en\/2021\/10\/18\/urbannext-destaca-el-trabajo-del-taller-marq-mapa-de-umwelt-pilar-garcia\/","og_locale":"en_US","og_type":"article","og_title":"UrbanNext destaca el trabajo del taller MARQ-MAPA de UMWELT + Pilar Garc\u00eda - Facultad de Arquitectura, Dise\u00f1o y Estudios Urbanos","og_description":"El art\u00edculo, escrito por Ignacio Garc\u00eda y Arturo Scheidegger (UMWELT), recoge las experiencias del Taller de Investigaci\u00f3n y Proyecto (TIP) que los profesores realizan junto a la profesora Pilar Garc\u00eda desde 2016.","og_url":"https:\/\/fadeu.urantiacos.cl\/en\/2021\/10\/18\/urbannext-destaca-el-trabajo-del-taller-marq-mapa-de-umwelt-pilar-garcia\/","og_site_name":"Facultad de Arquitectura, Dise\u00f1o y Estudios Urbanos","article_published_time":"2021-10-18T14:24:00+00:00","article_modified_time":"2023-09-07T14:27:06+00:00","og_image":[{"width":350,"height":250,"url":"https:\/\/fadeu.urantiacos.cl\/wp-content\/uploads\/2023\/09\/WEB_umwelt-energy-and-territory_04_altoandino.jpg","type":"image\/jpeg"}],"author":"manadmin","twitter_card":"summary_large_image","twitter_misc":{"Written by":"manadmin","Est. reading time":"1 minute"},"schema":{"@context":"https:\/\/schema.org","@graph":[{"@type":"Article","@id":"https:\/\/fadeu.urantiacos.cl\/en\/2021\/10\/18\/urbannext-destaca-el-trabajo-del-taller-marq-mapa-de-umwelt-pilar-garcia\/#article","isPartOf":{"@id":"https:\/\/fadeu.urantiacos.cl\/en\/2021\/10\/18\/urbannext-destaca-el-trabajo-del-taller-marq-mapa-de-umwelt-pilar-garcia\/"},"author":{"name":"manadmin","@id":"https:\/\/fadeu.urantiacos.cl\/en\/#\/schema\/person\/d203e2e84b1c40275eac77b3061a19a2"},"headline":"UrbanNext destaca el trabajo del taller MARQ-MAPA de UMWELT + Pilar Garc\u00eda","datePublished":"2021-10-18T14:24:00+00:00","dateModified":"2023-09-07T14:27:06+00:00","mainEntityOfPage":{"@id":"https:\/\/fadeu.urantiacos.cl\/en\/2021\/10\/18\/urbannext-destaca-el-trabajo-del-taller-marq-mapa-de-umwelt-pilar-garcia\/"},"wordCount":175,"commentCount":0,"image":{"@id":"https:\/\/fadeu.urantiacos.cl\/en\/2021\/10\/18\/urbannext-destaca-el-trabajo-del-taller-marq-mapa-de-umwelt-pilar-garcia\/#primaryimage"},"thumbnailUrl":"https:\/\/fadeu.urantiacos.cl\/wp-content\/uploads\/2023\/09\/WEB_umwelt-energy-and-territory_04_altoandino.jpg","articleSection":["Sin categorizar"],"inLanguage":"en-US","potentialAction":[{"@type":"CommentAction","name":"Comment","target":["https:\/\/fadeu.urantiacos.cl\/en\/2021\/10\/18\/urbannext-destaca-el-trabajo-del-taller-marq-mapa-de-umwelt-pilar-garcia\/#respond"]}]},{"@type":"WebPage","@id":"https:\/\/fadeu.urantiacos.cl\/en\/2021\/10\/18\/urbannext-destaca-el-trabajo-del-taller-marq-mapa-de-umwelt-pilar-garcia\/","url":"https:\/\/fadeu.urantiacos.cl\/en\/2021\/10\/18\/urbannext-destaca-el-trabajo-del-taller-marq-mapa-de-umwelt-pilar-garcia\/","name":"UrbanNext destaca el trabajo del taller MARQ-MAPA de UMWELT + Pilar Garc\u00eda - Facultad de Arquitectura, Dise\u00f1o y Estudios Urbanos","isPartOf":{"@id":"https:\/\/fadeu.urantiacos.cl\/en\/#website"},"primaryImageOfPage":{"@id":"https:\/\/fadeu.urantiacos.cl\/en\/2021\/10\/18\/urbannext-destaca-el-trabajo-del-taller-marq-mapa-de-umwelt-pilar-garcia\/#primaryimage"},"image":{"@id":"https:\/\/fadeu.urantiacos.cl\/en\/2021\/10\/18\/urbannext-destaca-el-trabajo-del-taller-marq-mapa-de-umwelt-pilar-garcia\/#primaryimage"},"thumbnailUrl":"https:\/\/fadeu.urantiacos.cl\/wp-content\/uploads\/2023\/09\/WEB_umwelt-energy-and-territory_04_altoandino.jpg","datePublished":"2021-10-18T14:24:00+00:00","dateModified":"2023-09-07T14:27:06+00:00","author":{"@id":"https:\/\/fadeu.urantiacos.cl\/en\/#\/schema\/person\/d203e2e84b1c40275eac77b3061a19a2"},"description":"El art\u00edculo, escrito por Ignacio Garc\u00eda y Arturo Scheidegger (UMWELT), recoge las experiencias del Taller de Investigaci\u00f3n y Proyecto (TIP) que los profesores realizan junto a la profesora Pilar Garc\u00eda desde 2016.","breadcrumb":{"@id":"https:\/\/fadeu.urantiacos.cl\/en\/2021\/10\/18\/urbannext-destaca-el-trabajo-del-taller-marq-mapa-de-umwelt-pilar-garcia\/#breadcrumb"},"inLanguage":"en-US","potentialAction":[{"@type":"ReadAction","target":["https:\/\/fadeu.urantiacos.cl\/en\/2021\/10\/18\/urbannext-destaca-el-trabajo-del-taller-marq-mapa-de-umwelt-pilar-garcia\/"]}]},{"@type":"ImageObject","inLanguage":"en-US","@id":"https:\/\/fadeu.urantiacos.cl\/en\/2021\/10\/18\/urbannext-destaca-el-trabajo-del-taller-marq-mapa-de-umwelt-pilar-garcia\/#primaryimage","url":"https:\/\/fadeu.urantiacos.cl\/wp-content\/uploads\/2023\/09\/WEB_umwelt-energy-and-territory_04_altoandino.jpg","contentUrl":"https:\/\/fadeu.urantiacos.cl\/wp-content\/uploads\/2023\/09\/WEB_umwelt-energy-and-territory_04_altoandino.jpg","width":350,"height":250},{"@type":"BreadcrumbList","@id":"https:\/\/fadeu.urantiacos.cl\/en\/2021\/10\/18\/urbannext-destaca-el-trabajo-del-taller-marq-mapa-de-umwelt-pilar-garcia\/#breadcrumb","itemListElement":[{"@type":"ListItem","position":1,"name":"Portada","item":"https:\/\/fadeu.urantiacos.cl\/en\/"},{"@type":"ListItem","position":2,"name":"UrbanNext destaca el trabajo del taller MARQ-MAPA de UMWELT + Pilar Garc\u00eda"}]},{"@type":"WebSite","@id":"https:\/\/fadeu.urantiacos.cl\/en\/#website","url":"https:\/\/fadeu.urantiacos.cl\/en\/","name":"Facultad de Arquitectura, Dise\u00f1o y Estudios Urbanos","description":"Campus Lo Contador","potentialAction":[{"@type":"SearchAction","target":{"@type":"EntryPoint","urlTemplate":"https:\/\/fadeu.urantiacos.cl\/en\/?s={search_term_string}"},"query-input":{"@type":"PropertyValueSpecification","valueRequired":true,"valueName":"search_term_string"}}],"inLanguage":"en-US"},{"@type":"Person","@id":"https:\/\/fadeu.urantiacos.cl\/en\/#\/schema\/person\/d203e2e84b1c40275eac77b3061a19a2","name":"manadmin","image":{"@type":"ImageObject","inLanguage":"en-US","@id":"https:\/\/fadeu.urantiacos.cl\/en\/#\/schema\/person\/image\/","url":"https:\/\/secure.gravatar.com\/avatar\/4b1d8e3303b4a9d8968ac578947d8bc80d9aea359f388cdd4aac15cadc0e8447?s=96&d=mm&r=g","contentUrl":"https:\/\/secure.gravatar.com\/avatar\/4b1d8e3303b4a9d8968ac578947d8bc80d9aea359f388cdd4aac15cadc0e8447?s=96&d=mm&r=g","caption":"manadmin"},"sameAs":["https:\/\/fadeu.urantiacos.cl"]}]}},"_links":{"self":[{"href":"https:\/\/fadeu.urantiacos.cl\/en\/wp-json\/wp\/v2\/posts\/6150","targetHints":{"allow":["GET"]}}],"collection":[{"href":"https:\/\/fadeu.urantiacos.cl\/en\/wp-json\/wp\/v2\/posts"}],"about":[{"href":"https:\/\/fadeu.urantiacos.cl\/en\/wp-json\/wp\/v2\/types\/post"}],"author":[{"embeddable":true,"href":"https:\/\/fadeu.urantiacos.cl\/en\/wp-json\/wp\/v2\/users\/1"}],"replies":[{"embeddable":true,"href":"https:\/\/fadeu.urantiacos.cl\/en\/wp-json\/wp\/v2\/comments?post=6150"}],"version-history":[{"count":1,"href":"https:\/\/fadeu.urantiacos.cl\/en\/wp-json\/wp\/v2\/posts\/6150\/revisions"}],"predecessor-version":[{"id":6153,"href":"https:\/\/fadeu.urantiacos.cl\/en\/wp-json\/wp\/v2\/posts\/6150\/revisions\/6153"}],"wp:featuredmedia":[{"embeddable":true,"href":"https:\/\/fadeu.urantiacos.cl\/en\/wp-json\/wp\/v2\/media\/6151"}],"wp:attachment":[{"href":"https:\/\/fadeu.urantiacos.cl\/en\/wp-json\/wp\/v2\/media?parent=6150"}],"wp:term":[{"taxonomy":"category","embeddable":true,"href":"https:\/\/fadeu.urantiacos.cl\/en\/wp-json\/wp\/v2\/categories?post=6150"},{"taxonomy":"post_tag","embeddable":true,"href":"https:\/\/fadeu.urantiacos.cl\/en\/wp-json\/wp\/v2\/tags?post=6150"}],"curies":[{"name":"wp","href":"https:\/\/api.w.org\/{rel}","templated":true}]}}