{"id":6146,"date":"2021-10-18T11:21:00","date_gmt":"2021-10-18T14:21:00","guid":{"rendered":"https:\/\/fadeu.urantiacos.cl\/?p=6146"},"modified":"2023-09-07T11:24:39","modified_gmt":"2023-09-07T14:24:39","slug":"diseno-y-simulacion-en-contextos-de-emergencia","status":"publish","type":"post","link":"https:\/\/fadeu.urantiacos.cl\/en\/2021\/10\/18\/diseno-y-simulacion-en-contextos-de-emergencia\/","title":{"rendered":"Dise\u00f1o y simulaci\u00f3n en contextos de emergencia"},"content":{"rendered":"\n<figure class=\"wp-block-image size-full\"><img decoding=\"async\" width=\"350\" height=\"250\" src=\"https:\/\/fadeu.urantiacos.cl\/wp-content\/uploads\/2023\/09\/Diseno_y_simulacion_en_contextos_de_emergencia.png\" alt=\"\" class=\"wp-image-6147\" srcset=\"https:\/\/fadeu.urantiacos.cl\/wp-content\/uploads\/2023\/09\/Diseno_y_simulacion_en_contextos_de_emergencia.png 350w, https:\/\/fadeu.urantiacos.cl\/wp-content\/uploads\/2023\/09\/Diseno_y_simulacion_en_contextos_de_emergencia-300x214.png 300w\" sizes=\"(max-width: 350px) 100vw, 350px\" \/><\/figure>\n\n\n\n<p>Gracias a la colaboraci\u00f3n entre las facultades de dise\u00f1o y medicina de nuestra universidad, se puso en marcha un concurso de investigaci\u00f3n y desarrollo (I+D) para desarrollar simuladores de SVB de bajo coste que pudieran construirse en entornos rurales o de bajos ingresos. Los estudiantes de tercer a\u00f1o del curso de Mercado I del&nbsp;profesor Iv\u00e1n Caro de Dise\u00f1o presentaron soluciones novedosas y asequibles para construir maniqu\u00edes con materiales caseros y una funcionalidad adecuada de ventilaci\u00f3n con bolsa-m\u00e1scara y compresi\u00f3n tor\u00e1cica.&nbsp;<\/p>\n\n\n\n<p>Tres expertos elaboraron una herramienta de evaluaci\u00f3n mediante un proceso de iteraci\u00f3n de dos rondas. La que validaban el tiempo de construcci\u00f3n, materialidad, funcionalidad y una puntuaci\u00f3n de apreciaci\u00f3n global. Las pruebas de los simuladores fueron realizadas por diez expertos de los departamentos de Anestesia, Urgencias y Cuidados Intensivos de nuestra Universidad. Se subi\u00f3 a la plataforma&nbsp;para el entrenamiento de habilidades motoras de acceso a distancia mediante simulaci\u00f3n con retroalimentaci\u00f3n remota y as\u00edncrona (Vera et al. Simulation in Healthcare: doi: 10.1097\/SIH.0000000000000550)&nbsp;del curso BLS un breve v\u00eddeo que&nbsp;detallaba&nbsp;el proceso de construcci\u00f3n y montaje del maniqu\u00ed.<\/p>\n\n\n\n<p>A pesar de las preocupaciones sobre las diferencias entre los maniqu\u00edes fabricados y los caseros, esta soluci\u00f3n permitir\u00e1 a los alumnos practicar las habilidades de SVB a trav\u00e9s de un programa basado en la simulaci\u00f3n a distancia con retroalimentaci\u00f3n as\u00edncrona a trav\u00e9s de nuestra plataforma basada en la web.<\/p>\n\n\n\n<figure class=\"wp-block-image size-full\"><img decoding=\"async\" width=\"1024\" height=\"467\" src=\"https:\/\/fadeu.urantiacos.cl\/wp-content\/uploads\/2023\/09\/image_3.png\" alt=\"\" class=\"wp-image-6148\" srcset=\"https:\/\/fadeu.urantiacos.cl\/wp-content\/uploads\/2023\/09\/image_3.png 1024w, https:\/\/fadeu.urantiacos.cl\/wp-content\/uploads\/2023\/09\/image_3-300x137.png 300w, https:\/\/fadeu.urantiacos.cl\/wp-content\/uploads\/2023\/09\/image_3-768x350.png 768w\" sizes=\"(max-width: 1024px) 100vw, 1024px\" \/><\/figure>\n\n\n\n<p>Foto: estudiantes del Caribe entrenando con los maniqu\u00edes fabricados por ellos&nbsp;dise\u00f1ados por Agustina Silva y Pablo Larrain.<\/p>\n\n\n\n<p>INFORMACI\u00d3N<br>IV\u00c1N CARO, ACAD\u00c9MICO DE LA ESCUELA DE DISE\u00d1O UC.<\/p>\n","protected":false},"excerpt":{"rendered":"<p>La pandemia mundial de COVID-19 tuvo una fuerte repercusi\u00f3n en la educaci\u00f3n basada en la simulaci\u00f3n sanitaria en todo el mundo. Se han desarrollado diferentes adaptaciones a las restricciones impuestas, como el distanciamiento social, para abordar las necesidades educativas de los profesionales sanitarios. Sin embargo, la falta de acceso a los simuladores en los pa\u00edses de bajos ingresos o en las zonas rurales puede restringir el acceso a la formaci\u00f3n basada en la simulaci\u00f3n a distancia. Es as\u00ed que el equipo del Centro de Simulaci\u00f3n liderado por Marcia Corvetto, Julian Varas, Fernando Altermatt y Eduardo Kattan se propuso investigar al respecto.<\/p>\n","protected":false},"author":1,"featured_media":6147,"comment_status":"open","ping_status":"open","sticky":false,"template":"","format":"standard","meta":{"_acf_changed":false,"footnotes":""},"categories":[1],"tags":[],"class_list":["post-6146","post","type-post","status-publish","format-standard","has-post-thumbnail","hentry","category-sin-categorizar"],"acf":[],"yoast_head":"<!-- This site is optimized with the Yoast SEO plugin v27.1.1 - https:\/\/yoast.com\/product\/yoast-seo-wordpress\/ -->\n<title>Dise\u00f1o y simulaci\u00f3n en contextos de emergencia - Facultad de Arquitectura, Dise\u00f1o y Estudios Urbanos<\/title>\n<meta name=\"description\" content=\"La pandemia mundial de COVID-19 tuvo una fuerte repercusi\u00f3n en la educaci\u00f3n basada en la simulaci\u00f3n sanitaria en todo el mundo. Se han desarrollado diferentes adaptaciones a las restricciones impuestas, como el distanciamiento social, para abordar las necesidades educativas de los profesionales sanitarios. Sin embargo, la falta de acceso a los simuladores en los pa\u00edses de bajos ingresos o en las zonas rurales puede restringir el acceso a la formaci\u00f3n basada en la simulaci\u00f3n a distancia. Es as\u00ed que el equipo del Centro de Simulaci\u00f3n liderado por Marcia Corvetto, Julian Varas, Fernando Altermatt y Eduardo Kattan se propuso investigar al respecto.\" \/>\n<meta name=\"robots\" content=\"index, follow, max-snippet:-1, max-image-preview:large, max-video-preview:-1\" \/>\n<link rel=\"canonical\" href=\"https:\/\/fadeu.urantiacos.cl\/en\/2021\/10\/18\/diseno-y-simulacion-en-contextos-de-emergencia\/\" \/>\n<meta property=\"og:locale\" content=\"en_US\" \/>\n<meta property=\"og:type\" content=\"article\" \/>\n<meta property=\"og:title\" content=\"Dise\u00f1o y simulaci\u00f3n en contextos de emergencia - Facultad de Arquitectura, Dise\u00f1o y Estudios Urbanos\" \/>\n<meta property=\"og:description\" content=\"La pandemia mundial de COVID-19 tuvo una fuerte repercusi\u00f3n en la educaci\u00f3n basada en la simulaci\u00f3n sanitaria en todo el mundo. Se han desarrollado diferentes adaptaciones a las restricciones impuestas, como el distanciamiento social, para abordar las necesidades educativas de los profesionales sanitarios. Sin embargo, la falta de acceso a los simuladores en los pa\u00edses de bajos ingresos o en las zonas rurales puede restringir el acceso a la formaci\u00f3n basada en la simulaci\u00f3n a distancia. Es as\u00ed que el equipo del Centro de Simulaci\u00f3n liderado por Marcia Corvetto, Julian Varas, Fernando Altermatt y Eduardo Kattan se propuso investigar al respecto.\" \/>\n<meta property=\"og:url\" content=\"https:\/\/fadeu.urantiacos.cl\/en\/2021\/10\/18\/diseno-y-simulacion-en-contextos-de-emergencia\/\" \/>\n<meta property=\"og:site_name\" content=\"Facultad de Arquitectura, Dise\u00f1o y Estudios Urbanos\" \/>\n<meta property=\"article:published_time\" content=\"2021-10-18T14:21:00+00:00\" \/>\n<meta property=\"article:modified_time\" content=\"2023-09-07T14:24:39+00:00\" \/>\n<meta property=\"og:image\" content=\"https:\/\/fadeu.urantiacos.cl\/wp-content\/uploads\/2023\/09\/Diseno_y_simulacion_en_contextos_de_emergencia.png\" \/>\n\t<meta property=\"og:image:width\" content=\"350\" \/>\n\t<meta property=\"og:image:height\" content=\"250\" \/>\n\t<meta property=\"og:image:type\" content=\"image\/png\" \/>\n<meta name=\"author\" content=\"manadmin\" \/>\n<meta name=\"twitter:card\" content=\"summary_large_image\" \/>\n<meta name=\"twitter:label1\" content=\"Written by\" \/>\n\t<meta name=\"twitter:data1\" content=\"manadmin\" \/>\n\t<meta name=\"twitter:label2\" content=\"Est. reading time\" \/>\n\t<meta name=\"twitter:data2\" content=\"1 minute\" \/>\n<script type=\"application\/ld+json\" class=\"yoast-schema-graph\">{\"@context\":\"https:\/\/schema.org\",\"@graph\":[{\"@type\":\"Article\",\"@id\":\"https:\/\/fadeu.urantiacos.cl\/en\/2021\/10\/18\/diseno-y-simulacion-en-contextos-de-emergencia\/#article\",\"isPartOf\":{\"@id\":\"https:\/\/fadeu.urantiacos.cl\/en\/2021\/10\/18\/diseno-y-simulacion-en-contextos-de-emergencia\/\"},\"author\":{\"name\":\"manadmin\",\"@id\":\"https:\/\/fadeu.urantiacos.cl\/en\/#\/schema\/person\/d203e2e84b1c40275eac77b3061a19a2\"},\"headline\":\"Dise\u00f1o y simulaci\u00f3n en contextos de emergencia\",\"datePublished\":\"2021-10-18T14:21:00+00:00\",\"dateModified\":\"2023-09-07T14:24:39+00:00\",\"mainEntityOfPage\":{\"@id\":\"https:\/\/fadeu.urantiacos.cl\/en\/2021\/10\/18\/diseno-y-simulacion-en-contextos-de-emergencia\/\"},\"wordCount\":306,\"commentCount\":0,\"image\":{\"@id\":\"https:\/\/fadeu.urantiacos.cl\/en\/2021\/10\/18\/diseno-y-simulacion-en-contextos-de-emergencia\/#primaryimage\"},\"thumbnailUrl\":\"https:\/\/fadeu.urantiacos.cl\/wp-content\/uploads\/2023\/09\/Diseno_y_simulacion_en_contextos_de_emergencia.png\",\"articleSection\":[\"Sin categorizar\"],\"inLanguage\":\"en-US\",\"potentialAction\":[{\"@type\":\"CommentAction\",\"name\":\"Comment\",\"target\":[\"https:\/\/fadeu.urantiacos.cl\/en\/2021\/10\/18\/diseno-y-simulacion-en-contextos-de-emergencia\/#respond\"]}]},{\"@type\":\"WebPage\",\"@id\":\"https:\/\/fadeu.urantiacos.cl\/en\/2021\/10\/18\/diseno-y-simulacion-en-contextos-de-emergencia\/\",\"url\":\"https:\/\/fadeu.urantiacos.cl\/en\/2021\/10\/18\/diseno-y-simulacion-en-contextos-de-emergencia\/\",\"name\":\"Dise\u00f1o y simulaci\u00f3n en contextos de emergencia - Facultad de Arquitectura, Dise\u00f1o y Estudios Urbanos\",\"isPartOf\":{\"@id\":\"https:\/\/fadeu.urantiacos.cl\/en\/#website\"},\"primaryImageOfPage\":{\"@id\":\"https:\/\/fadeu.urantiacos.cl\/en\/2021\/10\/18\/diseno-y-simulacion-en-contextos-de-emergencia\/#primaryimage\"},\"image\":{\"@id\":\"https:\/\/fadeu.urantiacos.cl\/en\/2021\/10\/18\/diseno-y-simulacion-en-contextos-de-emergencia\/#primaryimage\"},\"thumbnailUrl\":\"https:\/\/fadeu.urantiacos.cl\/wp-content\/uploads\/2023\/09\/Diseno_y_simulacion_en_contextos_de_emergencia.png\",\"datePublished\":\"2021-10-18T14:21:00+00:00\",\"dateModified\":\"2023-09-07T14:24:39+00:00\",\"author\":{\"@id\":\"https:\/\/fadeu.urantiacos.cl\/en\/#\/schema\/person\/d203e2e84b1c40275eac77b3061a19a2\"},\"description\":\"La pandemia mundial de COVID-19 tuvo una fuerte repercusi\u00f3n en la educaci\u00f3n basada en la simulaci\u00f3n sanitaria en todo el mundo. Se han desarrollado diferentes adaptaciones a las restricciones impuestas, como el distanciamiento social, para abordar las necesidades educativas de los profesionales sanitarios. Sin embargo, la falta de acceso a los simuladores en los pa\u00edses de bajos ingresos o en las zonas rurales puede restringir el acceso a la formaci\u00f3n basada en la simulaci\u00f3n a distancia. Es as\u00ed que el equipo del Centro de Simulaci\u00f3n liderado por Marcia Corvetto, Julian Varas, Fernando Altermatt y Eduardo Kattan se propuso investigar al respecto.\",\"breadcrumb\":{\"@id\":\"https:\/\/fadeu.urantiacos.cl\/en\/2021\/10\/18\/diseno-y-simulacion-en-contextos-de-emergencia\/#breadcrumb\"},\"inLanguage\":\"en-US\",\"potentialAction\":[{\"@type\":\"ReadAction\",\"target\":[\"https:\/\/fadeu.urantiacos.cl\/en\/2021\/10\/18\/diseno-y-simulacion-en-contextos-de-emergencia\/\"]}]},{\"@type\":\"ImageObject\",\"inLanguage\":\"en-US\",\"@id\":\"https:\/\/fadeu.urantiacos.cl\/en\/2021\/10\/18\/diseno-y-simulacion-en-contextos-de-emergencia\/#primaryimage\",\"url\":\"https:\/\/fadeu.urantiacos.cl\/wp-content\/uploads\/2023\/09\/Diseno_y_simulacion_en_contextos_de_emergencia.png\",\"contentUrl\":\"https:\/\/fadeu.urantiacos.cl\/wp-content\/uploads\/2023\/09\/Diseno_y_simulacion_en_contextos_de_emergencia.png\",\"width\":350,\"height\":250},{\"@type\":\"BreadcrumbList\",\"@id\":\"https:\/\/fadeu.urantiacos.cl\/en\/2021\/10\/18\/diseno-y-simulacion-en-contextos-de-emergencia\/#breadcrumb\",\"itemListElement\":[{\"@type\":\"ListItem\",\"position\":1,\"name\":\"Portada\",\"item\":\"https:\/\/fadeu.urantiacos.cl\/en\/\"},{\"@type\":\"ListItem\",\"position\":2,\"name\":\"Dise\u00f1o y simulaci\u00f3n en contextos de emergencia\"}]},{\"@type\":\"WebSite\",\"@id\":\"https:\/\/fadeu.urantiacos.cl\/en\/#website\",\"url\":\"https:\/\/fadeu.urantiacos.cl\/en\/\",\"name\":\"Facultad de Arquitectura, Dise\u00f1o y Estudios Urbanos\",\"description\":\"Campus Lo Contador\",\"potentialAction\":[{\"@type\":\"SearchAction\",\"target\":{\"@type\":\"EntryPoint\",\"urlTemplate\":\"https:\/\/fadeu.urantiacos.cl\/en\/?s={search_term_string}\"},\"query-input\":{\"@type\":\"PropertyValueSpecification\",\"valueRequired\":true,\"valueName\":\"search_term_string\"}}],\"inLanguage\":\"en-US\"},{\"@type\":\"Person\",\"@id\":\"https:\/\/fadeu.urantiacos.cl\/en\/#\/schema\/person\/d203e2e84b1c40275eac77b3061a19a2\",\"name\":\"manadmin\",\"image\":{\"@type\":\"ImageObject\",\"inLanguage\":\"en-US\",\"@id\":\"https:\/\/fadeu.urantiacos.cl\/en\/#\/schema\/person\/image\/\",\"url\":\"https:\/\/secure.gravatar.com\/avatar\/4b1d8e3303b4a9d8968ac578947d8bc80d9aea359f388cdd4aac15cadc0e8447?s=96&d=mm&r=g\",\"contentUrl\":\"https:\/\/secure.gravatar.com\/avatar\/4b1d8e3303b4a9d8968ac578947d8bc80d9aea359f388cdd4aac15cadc0e8447?s=96&d=mm&r=g\",\"caption\":\"manadmin\"},\"sameAs\":[\"https:\/\/fadeu.urantiacos.cl\"]}]}<\/script>\n<!-- \/ Yoast SEO plugin. -->","yoast_head_json":{"title":"Dise\u00f1o y simulaci\u00f3n en contextos de emergencia - Facultad de Arquitectura, Dise\u00f1o y Estudios Urbanos","description":"La pandemia mundial de COVID-19 tuvo una fuerte repercusi\u00f3n en la educaci\u00f3n basada en la simulaci\u00f3n sanitaria en todo el mundo. Se han desarrollado diferentes adaptaciones a las restricciones impuestas, como el distanciamiento social, para abordar las necesidades educativas de los profesionales sanitarios. Sin embargo, la falta de acceso a los simuladores en los pa\u00edses de bajos ingresos o en las zonas rurales puede restringir el acceso a la formaci\u00f3n basada en la simulaci\u00f3n a distancia. Es as\u00ed que el equipo del Centro de Simulaci\u00f3n liderado por Marcia Corvetto, Julian Varas, Fernando Altermatt y Eduardo Kattan se propuso investigar al respecto.","robots":{"index":"index","follow":"follow","max-snippet":"max-snippet:-1","max-image-preview":"max-image-preview:large","max-video-preview":"max-video-preview:-1"},"canonical":"https:\/\/fadeu.urantiacos.cl\/en\/2021\/10\/18\/diseno-y-simulacion-en-contextos-de-emergencia\/","og_locale":"en_US","og_type":"article","og_title":"Dise\u00f1o y simulaci\u00f3n en contextos de emergencia - Facultad de Arquitectura, Dise\u00f1o y Estudios Urbanos","og_description":"La pandemia mundial de COVID-19 tuvo una fuerte repercusi\u00f3n en la educaci\u00f3n basada en la simulaci\u00f3n sanitaria en todo el mundo. Se han desarrollado diferentes adaptaciones a las restricciones impuestas, como el distanciamiento social, para abordar las necesidades educativas de los profesionales sanitarios. Sin embargo, la falta de acceso a los simuladores en los pa\u00edses de bajos ingresos o en las zonas rurales puede restringir el acceso a la formaci\u00f3n basada en la simulaci\u00f3n a distancia. Es as\u00ed que el equipo del Centro de Simulaci\u00f3n liderado por Marcia Corvetto, Julian Varas, Fernando Altermatt y Eduardo Kattan se propuso investigar al respecto.","og_url":"https:\/\/fadeu.urantiacos.cl\/en\/2021\/10\/18\/diseno-y-simulacion-en-contextos-de-emergencia\/","og_site_name":"Facultad de Arquitectura, Dise\u00f1o y Estudios Urbanos","article_published_time":"2021-10-18T14:21:00+00:00","article_modified_time":"2023-09-07T14:24:39+00:00","og_image":[{"width":350,"height":250,"url":"https:\/\/fadeu.urantiacos.cl\/wp-content\/uploads\/2023\/09\/Diseno_y_simulacion_en_contextos_de_emergencia.png","type":"image\/png"}],"author":"manadmin","twitter_card":"summary_large_image","twitter_misc":{"Written by":"manadmin","Est. reading time":"1 minute"},"schema":{"@context":"https:\/\/schema.org","@graph":[{"@type":"Article","@id":"https:\/\/fadeu.urantiacos.cl\/en\/2021\/10\/18\/diseno-y-simulacion-en-contextos-de-emergencia\/#article","isPartOf":{"@id":"https:\/\/fadeu.urantiacos.cl\/en\/2021\/10\/18\/diseno-y-simulacion-en-contextos-de-emergencia\/"},"author":{"name":"manadmin","@id":"https:\/\/fadeu.urantiacos.cl\/en\/#\/schema\/person\/d203e2e84b1c40275eac77b3061a19a2"},"headline":"Dise\u00f1o y simulaci\u00f3n en contextos de emergencia","datePublished":"2021-10-18T14:21:00+00:00","dateModified":"2023-09-07T14:24:39+00:00","mainEntityOfPage":{"@id":"https:\/\/fadeu.urantiacos.cl\/en\/2021\/10\/18\/diseno-y-simulacion-en-contextos-de-emergencia\/"},"wordCount":306,"commentCount":0,"image":{"@id":"https:\/\/fadeu.urantiacos.cl\/en\/2021\/10\/18\/diseno-y-simulacion-en-contextos-de-emergencia\/#primaryimage"},"thumbnailUrl":"https:\/\/fadeu.urantiacos.cl\/wp-content\/uploads\/2023\/09\/Diseno_y_simulacion_en_contextos_de_emergencia.png","articleSection":["Sin categorizar"],"inLanguage":"en-US","potentialAction":[{"@type":"CommentAction","name":"Comment","target":["https:\/\/fadeu.urantiacos.cl\/en\/2021\/10\/18\/diseno-y-simulacion-en-contextos-de-emergencia\/#respond"]}]},{"@type":"WebPage","@id":"https:\/\/fadeu.urantiacos.cl\/en\/2021\/10\/18\/diseno-y-simulacion-en-contextos-de-emergencia\/","url":"https:\/\/fadeu.urantiacos.cl\/en\/2021\/10\/18\/diseno-y-simulacion-en-contextos-de-emergencia\/","name":"Dise\u00f1o y simulaci\u00f3n en contextos de emergencia - Facultad de Arquitectura, Dise\u00f1o y Estudios Urbanos","isPartOf":{"@id":"https:\/\/fadeu.urantiacos.cl\/en\/#website"},"primaryImageOfPage":{"@id":"https:\/\/fadeu.urantiacos.cl\/en\/2021\/10\/18\/diseno-y-simulacion-en-contextos-de-emergencia\/#primaryimage"},"image":{"@id":"https:\/\/fadeu.urantiacos.cl\/en\/2021\/10\/18\/diseno-y-simulacion-en-contextos-de-emergencia\/#primaryimage"},"thumbnailUrl":"https:\/\/fadeu.urantiacos.cl\/wp-content\/uploads\/2023\/09\/Diseno_y_simulacion_en_contextos_de_emergencia.png","datePublished":"2021-10-18T14:21:00+00:00","dateModified":"2023-09-07T14:24:39+00:00","author":{"@id":"https:\/\/fadeu.urantiacos.cl\/en\/#\/schema\/person\/d203e2e84b1c40275eac77b3061a19a2"},"description":"La pandemia mundial de COVID-19 tuvo una fuerte repercusi\u00f3n en la educaci\u00f3n basada en la simulaci\u00f3n sanitaria en todo el mundo. Se han desarrollado diferentes adaptaciones a las restricciones impuestas, como el distanciamiento social, para abordar las necesidades educativas de los profesionales sanitarios. Sin embargo, la falta de acceso a los simuladores en los pa\u00edses de bajos ingresos o en las zonas rurales puede restringir el acceso a la formaci\u00f3n basada en la simulaci\u00f3n a distancia. Es as\u00ed que el equipo del Centro de Simulaci\u00f3n liderado por Marcia Corvetto, Julian Varas, Fernando Altermatt y Eduardo Kattan se propuso investigar al respecto.","breadcrumb":{"@id":"https:\/\/fadeu.urantiacos.cl\/en\/2021\/10\/18\/diseno-y-simulacion-en-contextos-de-emergencia\/#breadcrumb"},"inLanguage":"en-US","potentialAction":[{"@type":"ReadAction","target":["https:\/\/fadeu.urantiacos.cl\/en\/2021\/10\/18\/diseno-y-simulacion-en-contextos-de-emergencia\/"]}]},{"@type":"ImageObject","inLanguage":"en-US","@id":"https:\/\/fadeu.urantiacos.cl\/en\/2021\/10\/18\/diseno-y-simulacion-en-contextos-de-emergencia\/#primaryimage","url":"https:\/\/fadeu.urantiacos.cl\/wp-content\/uploads\/2023\/09\/Diseno_y_simulacion_en_contextos_de_emergencia.png","contentUrl":"https:\/\/fadeu.urantiacos.cl\/wp-content\/uploads\/2023\/09\/Diseno_y_simulacion_en_contextos_de_emergencia.png","width":350,"height":250},{"@type":"BreadcrumbList","@id":"https:\/\/fadeu.urantiacos.cl\/en\/2021\/10\/18\/diseno-y-simulacion-en-contextos-de-emergencia\/#breadcrumb","itemListElement":[{"@type":"ListItem","position":1,"name":"Portada","item":"https:\/\/fadeu.urantiacos.cl\/en\/"},{"@type":"ListItem","position":2,"name":"Dise\u00f1o y simulaci\u00f3n en contextos de emergencia"}]},{"@type":"WebSite","@id":"https:\/\/fadeu.urantiacos.cl\/en\/#website","url":"https:\/\/fadeu.urantiacos.cl\/en\/","name":"Facultad de Arquitectura, Dise\u00f1o y Estudios Urbanos","description":"Campus Lo Contador","potentialAction":[{"@type":"SearchAction","target":{"@type":"EntryPoint","urlTemplate":"https:\/\/fadeu.urantiacos.cl\/en\/?s={search_term_string}"},"query-input":{"@type":"PropertyValueSpecification","valueRequired":true,"valueName":"search_term_string"}}],"inLanguage":"en-US"},{"@type":"Person","@id":"https:\/\/fadeu.urantiacos.cl\/en\/#\/schema\/person\/d203e2e84b1c40275eac77b3061a19a2","name":"manadmin","image":{"@type":"ImageObject","inLanguage":"en-US","@id":"https:\/\/fadeu.urantiacos.cl\/en\/#\/schema\/person\/image\/","url":"https:\/\/secure.gravatar.com\/avatar\/4b1d8e3303b4a9d8968ac578947d8bc80d9aea359f388cdd4aac15cadc0e8447?s=96&d=mm&r=g","contentUrl":"https:\/\/secure.gravatar.com\/avatar\/4b1d8e3303b4a9d8968ac578947d8bc80d9aea359f388cdd4aac15cadc0e8447?s=96&d=mm&r=g","caption":"manadmin"},"sameAs":["https:\/\/fadeu.urantiacos.cl"]}]}},"_links":{"self":[{"href":"https:\/\/fadeu.urantiacos.cl\/en\/wp-json\/wp\/v2\/posts\/6146","targetHints":{"allow":["GET"]}}],"collection":[{"href":"https:\/\/fadeu.urantiacos.cl\/en\/wp-json\/wp\/v2\/posts"}],"about":[{"href":"https:\/\/fadeu.urantiacos.cl\/en\/wp-json\/wp\/v2\/types\/post"}],"author":[{"embeddable":true,"href":"https:\/\/fadeu.urantiacos.cl\/en\/wp-json\/wp\/v2\/users\/1"}],"replies":[{"embeddable":true,"href":"https:\/\/fadeu.urantiacos.cl\/en\/wp-json\/wp\/v2\/comments?post=6146"}],"version-history":[{"count":1,"href":"https:\/\/fadeu.urantiacos.cl\/en\/wp-json\/wp\/v2\/posts\/6146\/revisions"}],"predecessor-version":[{"id":6149,"href":"https:\/\/fadeu.urantiacos.cl\/en\/wp-json\/wp\/v2\/posts\/6146\/revisions\/6149"}],"wp:featuredmedia":[{"embeddable":true,"href":"https:\/\/fadeu.urantiacos.cl\/en\/wp-json\/wp\/v2\/media\/6147"}],"wp:attachment":[{"href":"https:\/\/fadeu.urantiacos.cl\/en\/wp-json\/wp\/v2\/media?parent=6146"}],"wp:term":[{"taxonomy":"category","embeddable":true,"href":"https:\/\/fadeu.urantiacos.cl\/en\/wp-json\/wp\/v2\/categories?post=6146"},{"taxonomy":"post_tag","embeddable":true,"href":"https:\/\/fadeu.urantiacos.cl\/en\/wp-json\/wp\/v2\/tags?post=6146"}],"curies":[{"name":"wp","href":"https:\/\/api.w.org\/{rel}","templated":true}]}}