{"id":6133,"date":"2021-10-20T11:15:00","date_gmt":"2021-10-20T14:15:00","guid":{"rendered":"https:\/\/fadeu.urantiacos.cl\/?p=6133"},"modified":"2023-09-07T11:17:08","modified_gmt":"2023-09-07T14:17:08","slug":"cim-uc-realiza-su-primer-evento-fisico-desde-el-inicio-de-la-pandemia","status":"publish","type":"post","link":"https:\/\/fadeu.urantiacos.cl\/en\/2021\/10\/20\/cim-uc-realiza-su-primer-evento-fisico-desde-el-inicio-de-la-pandemia\/","title":{"rendered":"CIM UC realiza su primer evento f\u00edsico desde el inicio de la pandemia"},"content":{"rendered":"\n<figure class=\"wp-block-image size-full\"><img decoding=\"async\" width=\"350\" height=\"250\" src=\"https:\/\/fadeu.urantiacos.cl\/wp-content\/uploads\/2023\/09\/CIM_UC.png\" alt=\"\" class=\"wp-image-6136\" srcset=\"https:\/\/fadeu.urantiacos.cl\/wp-content\/uploads\/2023\/09\/CIM_UC.png 350w, https:\/\/fadeu.urantiacos.cl\/wp-content\/uploads\/2023\/09\/CIM_UC-300x214.png 300w\" sizes=\"(max-width: 350px) 100vw, 350px\" \/><\/figure>\n\n\n\n<p>El pasado lunes 4 de octubre el Centro UC de Innovaci\u00f3n en Madera llev\u00f3 a cabo su primer&nbsp;evento en formato f\u00edsico desde el inicio de la pandemia, que consisti\u00f3 en una ceremonia de&nbsp;conmemoraci\u00f3n al trabajo realizado por el Centro en sus distintas fases y direcciones,&nbsp;desde su fundaci\u00f3n en 2001 hasta el periodo actual.<\/p>\n\n\n\n<p>El objetivo de esta instancia fue celebrar los resultados y logros que el Centro ha alcanzado&nbsp;en sus m\u00e1s de 10 a\u00f1os de existencia, a partir de su surgimiento en 2001 bajo el nombre de&nbsp;Centro de Innovaci\u00f3n y Desarrollo en Madera (CIDM), pasando por su renombramiento en&nbsp;2014, e incluyendo la obra realizada en los \u00faltimos meses de confinamiento.<\/p>\n\n\n\n<p>El evento cont\u00f3 con la presencia de autoridades universitarias como el rector de la&nbsp;Universidad Cat\u00f3lica, Ignacio S\u00e1nchez, y los decanos de las Facultades de Arquitectura e&nbsp;Ingenier\u00eda, entre otros directores y acad\u00e9micos. Junto a estos tambi\u00e9n estuvieron&nbsp;representantes de las distintas empresas socias del Centro y colaboradores como el&nbsp;Ministerio de Vivienda.<\/p>\n\n\n\n<p>\u201cQueremos reconocer la trayectoria de una iniciativa con un largo desarrollo, que se ha&nbsp;orientado a abordar los desaf\u00edos tecnol\u00f3gicos de la construcci\u00f3n en madera\u201d declar\u00f3 el&nbsp;Rector durante el discurso de apertura del acto, \u201cel Centro se ha erigido como un centro de&nbsp;interacci\u00f3n entre instituciones p\u00fablicas y privadas\u201d.<\/p>\n\n\n\n<p>\u201cDesde un comienzo todos compart\u00edamos el prop\u00f3sito de construir nuevos valores alrededor de la madera\u201d se\u00f1al\u00f3 por su parte el Presidente del directorio del Centro, Francisco Lozano,&nbsp;\u201cpero a\u00fan m\u00e1s importante, era el buscar el mejorar la calidad de vida de las personas\u201d. El&nbsp;centro se ha enmarcado con este objetivo a trav\u00e9s de la generaci\u00f3n de investigaci\u00f3n,&nbsp;transferencia y difusi\u00f3n de su trabajo, avanzando d\u00eda a d\u00eda en la creaci\u00f3n de una base&nbsp;tecnol\u00f3gica para la construcci\u00f3n con madera en el pa\u00eds.<\/p>\n\n\n\n<p>\u201cLa colaboraci\u00f3n con el Centro es una parte muy relevante (para el Ministerio de Vivienda),&nbsp;porque ayuda a hacer muchas iniciativas que hemos logrado para satisfacer las&nbsp;necesidades de vivienda y confort para las familias\u201d se\u00f1al\u00f3 la representante de MINVU en el&nbsp;evento, Susana Jara. Los socios privados respaldan esta importancia de este trabajo&nbsp;colaborativo, \u201cver despu\u00e9s de 20 a\u00f1os la envergadura del Centro nos llena de orgullo. Es un&nbsp;eterno compromiso\u201d declar\u00f3 Juan Pablo Pereira, Gerente Comercial y de Desarrollo de&nbsp;CMPC.<\/p>\n\n\n\n<p>El evento, que se realiz\u00f3 en la capilla de la escuela de arquitectura UC, consisti\u00f3 en una&nbsp;serie de discursos de diversas autoridades universitarias y provenientes del Centro, adem\u00e1s&nbsp;de la entrega de una distinci\u00f3n al ex director entre los a\u00f1os 2014 &#8211; 2019, y actual presidente&nbsp;de la CORMA, Juan Jos\u00e9 Ugarte. El cierre del evento vino de la mano del actual Director&nbsp;Ejecutivo del Centro, Cristi\u00e1n Vial, que present\u00f3 los antecedentes y acciones del nuevo gran&nbsp;paso a seguir: el surgimiento de Cenamad.<\/p>\n\n\n\n<p>El nacimiento de un nuevo centro nacional de la madera&nbsp;La sigla CENAMAD corresponde a Centro Nacional de excelencia para la industria de la&nbsp;Madera, y su nacimiento se da a ra\u00edz de una postulaci\u00f3n al Cuarto Concurso Nacional de&nbsp;Financiamiento Basal para Centros Cient\u00edficos y Tecnol\u00f3gicos realizado por la Agencia&nbsp;Nacional de Investigaci\u00f3n y Desarrollo, ANID. Este concurso tiene por objetivo apoyar la&nbsp;creaci\u00f3n o avance de centros cuya intenci\u00f3n sea potenciar el desarrollo econ\u00f3mico y social&nbsp;del pa\u00eds a trav\u00e9s de la investigaci\u00f3n.<\/p>\n\n\n\n<p>Este instrumento de incentivo existe desde el a\u00f1o 2006 y ha permitido la creaci\u00f3n de 16&nbsp;centros basales, a los que se suman m\u00e1s cada siete a\u00f1os. En la convocatoria 2020, CIM&nbsp;UC present\u00f3 una propuesta bajo la premisa de tomar uno de los dos recursos naturales m\u00e1s&nbsp;importantes de la producci\u00f3n nacional, y evolucionar su industria, generando una base&nbsp;tecnol\u00f3gica que aumente el valor agregado de la madera nacional y permita su crecimiento&nbsp;desde una perspectiva sustentable.<\/p>\n\n\n\n<p>Esto pues es conocido el poder que la industria forestal tiene en nuestra econom\u00eda,&nbsp;generando 2,9% del PIB y 1,3% de los empleos circulantes hoy en el pa\u00eds. Sin embargo, y a&nbsp;pesar de ser actualmente el 9\u00ba mayor exportador de madera en el mundo, su valor a\u00f1adido&nbsp;es de un \u215b respecto de la riqueza generada por otros pa\u00edses con vol\u00famenes de producci\u00f3n&nbsp;similares. Esto se hace expl\u00edcito al compararlo con pa\u00edses como Austria, que genera 8,29&nbsp;mil millones de euros anuales con su producci\u00f3n, muy lejos de los mil millones de nuestro&nbsp;pa\u00eds.<\/p>\n\n\n\n<p>Para alcanzar este objetivo de desarrollar una industria de alto valor, el Centro se asoci\u00f3&nbsp;con diversas entidades del sector p\u00fablico, privado, y casas de estudio de todo el pa\u00eds, entre&nbsp;los que se cuentan el Ministerio de Vivienda, CORMA, el Instituto Forestal, y las&nbsp;Universidades de Concepci\u00f3n, Bio B\u00edo, Talca, y de la Frontera, junto a la fundaci\u00f3n LEITAT.<\/p>\n\n\n\n<p>Con seis l\u00edneas de investigaci\u00f3n que incluyen desarrollo de herramientas silv\u00edcolas para&nbsp;optimizar el valor maderero, tecnolog\u00eda en manufactura y funcionalidad de la madera en&nbsp;construcci\u00f3n, ingenier\u00eda s\u00edsmica de estructuras en madera, industrializaci\u00f3n y digitalizaci\u00f3n,&nbsp;sostenibilidad y preservaci\u00f3n de construcciones org\u00e1nicas, y desarrollo de productos no&nbsp;estructurales, se espera que el centro entre en funcionamiento dentro de este a\u00f1o, con la&nbsp;firma del acuerdo y un lanzamiento oficial entre todos los involucrados.<\/p>\n\n\n\n<p>Al respecto, el actual&nbsp;director ejecutivo de CIM&nbsp;UC se\u00f1al\u00f3 que \u201cnosotros&nbsp;creemos que en todo&nbsp;este desarrollo tiene que&nbsp;haber colaboraci\u00f3n\u201d a lo&nbsp;que agrega \u201cpor un lado,&nbsp;del mundo p\u00fablico y&nbsp;privado; y por otro lado,&nbsp;c\u00f3mo aprendemos a&nbsp;colaborar con otras&nbsp;universidades\u201d.<\/p>\n\n\n\n<p>Los actores con que&nbsp;actualmente trabaja el&nbsp;Centro ven este nuevo&nbsp;paso de manera positiva, \u201ccon mucho anhelo de lograr mayores cosas; empezar a ser&nbsp;activos actores de la construcci\u00f3n en general, que la madera lo sea\u201d describe Jara, mientras&nbsp;que empresas socias como Simpson ven este nuevo desarrollo como \u201ces un paso m\u00e1s en&nbsp;t\u00e9rminos \u201c Se\u00f1ala Cristi\u00e1n Bravo,<\/p>\n\n\n\n<p>INFORMACI\u00d3N PERIOD\u00cdSTICA<br>CIMUC<\/p>\n","protected":false},"excerpt":{"rendered":"<p>El centro conmemor\u00f3 sus m\u00e1s de 10 a\u00f1os de trabajo en el avance de la construcci\u00f3n en madera en nuestro pa\u00eds, y present\u00f3 su pr\u00f3ximo paso, el centro de excelencia CENAMAD.<\/p>\n","protected":false},"author":1,"featured_media":6136,"comment_status":"open","ping_status":"open","sticky":false,"template":"","format":"standard","meta":{"_acf_changed":false,"footnotes":""},"categories":[1],"tags":[],"class_list":["post-6133","post","type-post","status-publish","format-standard","has-post-thumbnail","hentry","category-sin-categorizar"],"acf":[],"yoast_head":"<!-- This site is optimized with the Yoast SEO plugin v27.1.1 - https:\/\/yoast.com\/product\/yoast-seo-wordpress\/ -->\n<title>CIM UC realiza su primer evento f\u00edsico desde el inicio de la pandemia - Facultad de Arquitectura, Dise\u00f1o y Estudios Urbanos<\/title>\n<meta name=\"description\" content=\"El centro conmemor\u00f3 sus m\u00e1s de 10 a\u00f1os de trabajo en el avance de la construcci\u00f3n en madera en nuestro pa\u00eds, y present\u00f3 su pr\u00f3ximo paso, el centro de excelencia CENAMAD.\" \/>\n<meta name=\"robots\" content=\"index, follow, max-snippet:-1, max-image-preview:large, max-video-preview:-1\" \/>\n<link rel=\"canonical\" href=\"https:\/\/fadeu.urantiacos.cl\/en\/2021\/10\/20\/cim-uc-realiza-su-primer-evento-fisico-desde-el-inicio-de-la-pandemia\/\" \/>\n<meta property=\"og:locale\" content=\"en_US\" \/>\n<meta property=\"og:type\" content=\"article\" \/>\n<meta property=\"og:title\" content=\"CIM UC realiza su primer evento f\u00edsico desde el inicio de la pandemia - Facultad de Arquitectura, Dise\u00f1o y Estudios Urbanos\" \/>\n<meta property=\"og:description\" content=\"El centro conmemor\u00f3 sus m\u00e1s de 10 a\u00f1os de trabajo en el avance de la construcci\u00f3n en madera en nuestro pa\u00eds, y present\u00f3 su pr\u00f3ximo paso, el centro de excelencia CENAMAD.\" \/>\n<meta property=\"og:url\" content=\"https:\/\/fadeu.urantiacos.cl\/en\/2021\/10\/20\/cim-uc-realiza-su-primer-evento-fisico-desde-el-inicio-de-la-pandemia\/\" \/>\n<meta property=\"og:site_name\" content=\"Facultad de Arquitectura, Dise\u00f1o y Estudios Urbanos\" \/>\n<meta property=\"article:published_time\" content=\"2021-10-20T14:15:00+00:00\" \/>\n<meta property=\"article:modified_time\" content=\"2023-09-07T14:17:08+00:00\" \/>\n<meta property=\"og:image\" content=\"https:\/\/fadeu.urantiacos.cl\/wp-content\/uploads\/2023\/09\/CIM_UC.png\" \/>\n\t<meta property=\"og:image:width\" content=\"350\" \/>\n\t<meta property=\"og:image:height\" content=\"250\" \/>\n\t<meta property=\"og:image:type\" content=\"image\/png\" \/>\n<meta name=\"author\" content=\"manadmin\" \/>\n<meta name=\"twitter:card\" content=\"summary_large_image\" \/>\n<meta name=\"twitter:label1\" content=\"Written by\" \/>\n\t<meta name=\"twitter:data1\" content=\"manadmin\" \/>\n\t<meta name=\"twitter:label2\" content=\"Est. reading time\" \/>\n\t<meta name=\"twitter:data2\" content=\"6 minutes\" \/>\n<script type=\"application\/ld+json\" class=\"yoast-schema-graph\">{\"@context\":\"https:\/\/schema.org\",\"@graph\":[{\"@type\":\"Article\",\"@id\":\"https:\/\/fadeu.urantiacos.cl\/en\/2021\/10\/20\/cim-uc-realiza-su-primer-evento-fisico-desde-el-inicio-de-la-pandemia\/#article\",\"isPartOf\":{\"@id\":\"https:\/\/fadeu.urantiacos.cl\/en\/2021\/10\/20\/cim-uc-realiza-su-primer-evento-fisico-desde-el-inicio-de-la-pandemia\/\"},\"author\":{\"name\":\"manadmin\",\"@id\":\"https:\/\/fadeu.urantiacos.cl\/en\/#\/schema\/person\/d203e2e84b1c40275eac77b3061a19a2\"},\"headline\":\"CIM UC realiza su primer evento f\u00edsico desde el inicio de la pandemia\",\"datePublished\":\"2021-10-20T14:15:00+00:00\",\"dateModified\":\"2023-09-07T14:17:08+00:00\",\"mainEntityOfPage\":{\"@id\":\"https:\/\/fadeu.urantiacos.cl\/en\/2021\/10\/20\/cim-uc-realiza-su-primer-evento-fisico-desde-el-inicio-de-la-pandemia\/\"},\"wordCount\":1130,\"commentCount\":0,\"image\":{\"@id\":\"https:\/\/fadeu.urantiacos.cl\/en\/2021\/10\/20\/cim-uc-realiza-su-primer-evento-fisico-desde-el-inicio-de-la-pandemia\/#primaryimage\"},\"thumbnailUrl\":\"https:\/\/fadeu.urantiacos.cl\/wp-content\/uploads\/2023\/09\/CIM_UC.png\",\"articleSection\":[\"Sin categorizar\"],\"inLanguage\":\"en-US\",\"potentialAction\":[{\"@type\":\"CommentAction\",\"name\":\"Comment\",\"target\":[\"https:\/\/fadeu.urantiacos.cl\/en\/2021\/10\/20\/cim-uc-realiza-su-primer-evento-fisico-desde-el-inicio-de-la-pandemia\/#respond\"]}]},{\"@type\":\"WebPage\",\"@id\":\"https:\/\/fadeu.urantiacos.cl\/en\/2021\/10\/20\/cim-uc-realiza-su-primer-evento-fisico-desde-el-inicio-de-la-pandemia\/\",\"url\":\"https:\/\/fadeu.urantiacos.cl\/en\/2021\/10\/20\/cim-uc-realiza-su-primer-evento-fisico-desde-el-inicio-de-la-pandemia\/\",\"name\":\"CIM UC realiza su primer evento f\u00edsico desde el inicio de la pandemia - Facultad de Arquitectura, Dise\u00f1o y Estudios Urbanos\",\"isPartOf\":{\"@id\":\"https:\/\/fadeu.urantiacos.cl\/en\/#website\"},\"primaryImageOfPage\":{\"@id\":\"https:\/\/fadeu.urantiacos.cl\/en\/2021\/10\/20\/cim-uc-realiza-su-primer-evento-fisico-desde-el-inicio-de-la-pandemia\/#primaryimage\"},\"image\":{\"@id\":\"https:\/\/fadeu.urantiacos.cl\/en\/2021\/10\/20\/cim-uc-realiza-su-primer-evento-fisico-desde-el-inicio-de-la-pandemia\/#primaryimage\"},\"thumbnailUrl\":\"https:\/\/fadeu.urantiacos.cl\/wp-content\/uploads\/2023\/09\/CIM_UC.png\",\"datePublished\":\"2021-10-20T14:15:00+00:00\",\"dateModified\":\"2023-09-07T14:17:08+00:00\",\"author\":{\"@id\":\"https:\/\/fadeu.urantiacos.cl\/en\/#\/schema\/person\/d203e2e84b1c40275eac77b3061a19a2\"},\"description\":\"El centro conmemor\u00f3 sus m\u00e1s de 10 a\u00f1os de trabajo en el avance de la construcci\u00f3n en madera en nuestro pa\u00eds, y present\u00f3 su pr\u00f3ximo paso, el centro de excelencia CENAMAD.\",\"breadcrumb\":{\"@id\":\"https:\/\/fadeu.urantiacos.cl\/en\/2021\/10\/20\/cim-uc-realiza-su-primer-evento-fisico-desde-el-inicio-de-la-pandemia\/#breadcrumb\"},\"inLanguage\":\"en-US\",\"potentialAction\":[{\"@type\":\"ReadAction\",\"target\":[\"https:\/\/fadeu.urantiacos.cl\/en\/2021\/10\/20\/cim-uc-realiza-su-primer-evento-fisico-desde-el-inicio-de-la-pandemia\/\"]}]},{\"@type\":\"ImageObject\",\"inLanguage\":\"en-US\",\"@id\":\"https:\/\/fadeu.urantiacos.cl\/en\/2021\/10\/20\/cim-uc-realiza-su-primer-evento-fisico-desde-el-inicio-de-la-pandemia\/#primaryimage\",\"url\":\"https:\/\/fadeu.urantiacos.cl\/wp-content\/uploads\/2023\/09\/CIM_UC.png\",\"contentUrl\":\"https:\/\/fadeu.urantiacos.cl\/wp-content\/uploads\/2023\/09\/CIM_UC.png\",\"width\":350,\"height\":250},{\"@type\":\"BreadcrumbList\",\"@id\":\"https:\/\/fadeu.urantiacos.cl\/en\/2021\/10\/20\/cim-uc-realiza-su-primer-evento-fisico-desde-el-inicio-de-la-pandemia\/#breadcrumb\",\"itemListElement\":[{\"@type\":\"ListItem\",\"position\":1,\"name\":\"Portada\",\"item\":\"https:\/\/fadeu.urantiacos.cl\/en\/\"},{\"@type\":\"ListItem\",\"position\":2,\"name\":\"CIM UC realiza su primer evento f\u00edsico desde el inicio de la pandemia\"}]},{\"@type\":\"WebSite\",\"@id\":\"https:\/\/fadeu.urantiacos.cl\/en\/#website\",\"url\":\"https:\/\/fadeu.urantiacos.cl\/en\/\",\"name\":\"Facultad de Arquitectura, Dise\u00f1o y Estudios Urbanos\",\"description\":\"Campus Lo Contador\",\"potentialAction\":[{\"@type\":\"SearchAction\",\"target\":{\"@type\":\"EntryPoint\",\"urlTemplate\":\"https:\/\/fadeu.urantiacos.cl\/en\/?s={search_term_string}\"},\"query-input\":{\"@type\":\"PropertyValueSpecification\",\"valueRequired\":true,\"valueName\":\"search_term_string\"}}],\"inLanguage\":\"en-US\"},{\"@type\":\"Person\",\"@id\":\"https:\/\/fadeu.urantiacos.cl\/en\/#\/schema\/person\/d203e2e84b1c40275eac77b3061a19a2\",\"name\":\"manadmin\",\"image\":{\"@type\":\"ImageObject\",\"inLanguage\":\"en-US\",\"@id\":\"https:\/\/fadeu.urantiacos.cl\/en\/#\/schema\/person\/image\/\",\"url\":\"https:\/\/secure.gravatar.com\/avatar\/4b1d8e3303b4a9d8968ac578947d8bc80d9aea359f388cdd4aac15cadc0e8447?s=96&d=mm&r=g\",\"contentUrl\":\"https:\/\/secure.gravatar.com\/avatar\/4b1d8e3303b4a9d8968ac578947d8bc80d9aea359f388cdd4aac15cadc0e8447?s=96&d=mm&r=g\",\"caption\":\"manadmin\"},\"sameAs\":[\"https:\/\/fadeu.urantiacos.cl\"]}]}<\/script>\n<!-- \/ Yoast SEO plugin. -->","yoast_head_json":{"title":"CIM UC realiza su primer evento f\u00edsico desde el inicio de la pandemia - Facultad de Arquitectura, Dise\u00f1o y Estudios Urbanos","description":"El centro conmemor\u00f3 sus m\u00e1s de 10 a\u00f1os de trabajo en el avance de la construcci\u00f3n en madera en nuestro pa\u00eds, y present\u00f3 su pr\u00f3ximo paso, el centro de excelencia CENAMAD.","robots":{"index":"index","follow":"follow","max-snippet":"max-snippet:-1","max-image-preview":"max-image-preview:large","max-video-preview":"max-video-preview:-1"},"canonical":"https:\/\/fadeu.urantiacos.cl\/en\/2021\/10\/20\/cim-uc-realiza-su-primer-evento-fisico-desde-el-inicio-de-la-pandemia\/","og_locale":"en_US","og_type":"article","og_title":"CIM UC realiza su primer evento f\u00edsico desde el inicio de la pandemia - Facultad de Arquitectura, Dise\u00f1o y Estudios Urbanos","og_description":"El centro conmemor\u00f3 sus m\u00e1s de 10 a\u00f1os de trabajo en el avance de la construcci\u00f3n en madera en nuestro pa\u00eds, y present\u00f3 su pr\u00f3ximo paso, el centro de excelencia CENAMAD.","og_url":"https:\/\/fadeu.urantiacos.cl\/en\/2021\/10\/20\/cim-uc-realiza-su-primer-evento-fisico-desde-el-inicio-de-la-pandemia\/","og_site_name":"Facultad de Arquitectura, Dise\u00f1o y Estudios Urbanos","article_published_time":"2021-10-20T14:15:00+00:00","article_modified_time":"2023-09-07T14:17:08+00:00","og_image":[{"width":350,"height":250,"url":"https:\/\/fadeu.urantiacos.cl\/wp-content\/uploads\/2023\/09\/CIM_UC.png","type":"image\/png"}],"author":"manadmin","twitter_card":"summary_large_image","twitter_misc":{"Written by":"manadmin","Est. reading time":"6 minutes"},"schema":{"@context":"https:\/\/schema.org","@graph":[{"@type":"Article","@id":"https:\/\/fadeu.urantiacos.cl\/en\/2021\/10\/20\/cim-uc-realiza-su-primer-evento-fisico-desde-el-inicio-de-la-pandemia\/#article","isPartOf":{"@id":"https:\/\/fadeu.urantiacos.cl\/en\/2021\/10\/20\/cim-uc-realiza-su-primer-evento-fisico-desde-el-inicio-de-la-pandemia\/"},"author":{"name":"manadmin","@id":"https:\/\/fadeu.urantiacos.cl\/en\/#\/schema\/person\/d203e2e84b1c40275eac77b3061a19a2"},"headline":"CIM UC realiza su primer evento f\u00edsico desde el inicio de la pandemia","datePublished":"2021-10-20T14:15:00+00:00","dateModified":"2023-09-07T14:17:08+00:00","mainEntityOfPage":{"@id":"https:\/\/fadeu.urantiacos.cl\/en\/2021\/10\/20\/cim-uc-realiza-su-primer-evento-fisico-desde-el-inicio-de-la-pandemia\/"},"wordCount":1130,"commentCount":0,"image":{"@id":"https:\/\/fadeu.urantiacos.cl\/en\/2021\/10\/20\/cim-uc-realiza-su-primer-evento-fisico-desde-el-inicio-de-la-pandemia\/#primaryimage"},"thumbnailUrl":"https:\/\/fadeu.urantiacos.cl\/wp-content\/uploads\/2023\/09\/CIM_UC.png","articleSection":["Sin categorizar"],"inLanguage":"en-US","potentialAction":[{"@type":"CommentAction","name":"Comment","target":["https:\/\/fadeu.urantiacos.cl\/en\/2021\/10\/20\/cim-uc-realiza-su-primer-evento-fisico-desde-el-inicio-de-la-pandemia\/#respond"]}]},{"@type":"WebPage","@id":"https:\/\/fadeu.urantiacos.cl\/en\/2021\/10\/20\/cim-uc-realiza-su-primer-evento-fisico-desde-el-inicio-de-la-pandemia\/","url":"https:\/\/fadeu.urantiacos.cl\/en\/2021\/10\/20\/cim-uc-realiza-su-primer-evento-fisico-desde-el-inicio-de-la-pandemia\/","name":"CIM UC realiza su primer evento f\u00edsico desde el inicio de la pandemia - Facultad de Arquitectura, Dise\u00f1o y Estudios Urbanos","isPartOf":{"@id":"https:\/\/fadeu.urantiacos.cl\/en\/#website"},"primaryImageOfPage":{"@id":"https:\/\/fadeu.urantiacos.cl\/en\/2021\/10\/20\/cim-uc-realiza-su-primer-evento-fisico-desde-el-inicio-de-la-pandemia\/#primaryimage"},"image":{"@id":"https:\/\/fadeu.urantiacos.cl\/en\/2021\/10\/20\/cim-uc-realiza-su-primer-evento-fisico-desde-el-inicio-de-la-pandemia\/#primaryimage"},"thumbnailUrl":"https:\/\/fadeu.urantiacos.cl\/wp-content\/uploads\/2023\/09\/CIM_UC.png","datePublished":"2021-10-20T14:15:00+00:00","dateModified":"2023-09-07T14:17:08+00:00","author":{"@id":"https:\/\/fadeu.urantiacos.cl\/en\/#\/schema\/person\/d203e2e84b1c40275eac77b3061a19a2"},"description":"El centro conmemor\u00f3 sus m\u00e1s de 10 a\u00f1os de trabajo en el avance de la construcci\u00f3n en madera en nuestro pa\u00eds, y present\u00f3 su pr\u00f3ximo paso, el centro de excelencia CENAMAD.","breadcrumb":{"@id":"https:\/\/fadeu.urantiacos.cl\/en\/2021\/10\/20\/cim-uc-realiza-su-primer-evento-fisico-desde-el-inicio-de-la-pandemia\/#breadcrumb"},"inLanguage":"en-US","potentialAction":[{"@type":"ReadAction","target":["https:\/\/fadeu.urantiacos.cl\/en\/2021\/10\/20\/cim-uc-realiza-su-primer-evento-fisico-desde-el-inicio-de-la-pandemia\/"]}]},{"@type":"ImageObject","inLanguage":"en-US","@id":"https:\/\/fadeu.urantiacos.cl\/en\/2021\/10\/20\/cim-uc-realiza-su-primer-evento-fisico-desde-el-inicio-de-la-pandemia\/#primaryimage","url":"https:\/\/fadeu.urantiacos.cl\/wp-content\/uploads\/2023\/09\/CIM_UC.png","contentUrl":"https:\/\/fadeu.urantiacos.cl\/wp-content\/uploads\/2023\/09\/CIM_UC.png","width":350,"height":250},{"@type":"BreadcrumbList","@id":"https:\/\/fadeu.urantiacos.cl\/en\/2021\/10\/20\/cim-uc-realiza-su-primer-evento-fisico-desde-el-inicio-de-la-pandemia\/#breadcrumb","itemListElement":[{"@type":"ListItem","position":1,"name":"Portada","item":"https:\/\/fadeu.urantiacos.cl\/en\/"},{"@type":"ListItem","position":2,"name":"CIM UC realiza su primer evento f\u00edsico desde el inicio de la pandemia"}]},{"@type":"WebSite","@id":"https:\/\/fadeu.urantiacos.cl\/en\/#website","url":"https:\/\/fadeu.urantiacos.cl\/en\/","name":"Facultad de Arquitectura, Dise\u00f1o y Estudios Urbanos","description":"Campus Lo Contador","potentialAction":[{"@type":"SearchAction","target":{"@type":"EntryPoint","urlTemplate":"https:\/\/fadeu.urantiacos.cl\/en\/?s={search_term_string}"},"query-input":{"@type":"PropertyValueSpecification","valueRequired":true,"valueName":"search_term_string"}}],"inLanguage":"en-US"},{"@type":"Person","@id":"https:\/\/fadeu.urantiacos.cl\/en\/#\/schema\/person\/d203e2e84b1c40275eac77b3061a19a2","name":"manadmin","image":{"@type":"ImageObject","inLanguage":"en-US","@id":"https:\/\/fadeu.urantiacos.cl\/en\/#\/schema\/person\/image\/","url":"https:\/\/secure.gravatar.com\/avatar\/4b1d8e3303b4a9d8968ac578947d8bc80d9aea359f388cdd4aac15cadc0e8447?s=96&d=mm&r=g","contentUrl":"https:\/\/secure.gravatar.com\/avatar\/4b1d8e3303b4a9d8968ac578947d8bc80d9aea359f388cdd4aac15cadc0e8447?s=96&d=mm&r=g","caption":"manadmin"},"sameAs":["https:\/\/fadeu.urantiacos.cl"]}]}},"_links":{"self":[{"href":"https:\/\/fadeu.urantiacos.cl\/en\/wp-json\/wp\/v2\/posts\/6133","targetHints":{"allow":["GET"]}}],"collection":[{"href":"https:\/\/fadeu.urantiacos.cl\/en\/wp-json\/wp\/v2\/posts"}],"about":[{"href":"https:\/\/fadeu.urantiacos.cl\/en\/wp-json\/wp\/v2\/types\/post"}],"author":[{"embeddable":true,"href":"https:\/\/fadeu.urantiacos.cl\/en\/wp-json\/wp\/v2\/users\/1"}],"replies":[{"embeddable":true,"href":"https:\/\/fadeu.urantiacos.cl\/en\/wp-json\/wp\/v2\/comments?post=6133"}],"version-history":[{"count":1,"href":"https:\/\/fadeu.urantiacos.cl\/en\/wp-json\/wp\/v2\/posts\/6133\/revisions"}],"predecessor-version":[{"id":6137,"href":"https:\/\/fadeu.urantiacos.cl\/en\/wp-json\/wp\/v2\/posts\/6133\/revisions\/6137"}],"wp:featuredmedia":[{"embeddable":true,"href":"https:\/\/fadeu.urantiacos.cl\/en\/wp-json\/wp\/v2\/media\/6136"}],"wp:attachment":[{"href":"https:\/\/fadeu.urantiacos.cl\/en\/wp-json\/wp\/v2\/media?parent=6133"}],"wp:term":[{"taxonomy":"category","embeddable":true,"href":"https:\/\/fadeu.urantiacos.cl\/en\/wp-json\/wp\/v2\/categories?post=6133"},{"taxonomy":"post_tag","embeddable":true,"href":"https:\/\/fadeu.urantiacos.cl\/en\/wp-json\/wp\/v2\/tags?post=6133"}],"curies":[{"name":"wp","href":"https:\/\/api.w.org\/{rel}","templated":true}]}}