{"id":6129,"date":"2021-10-20T11:13:00","date_gmt":"2021-10-20T14:13:00","guid":{"rendered":"https:\/\/fadeu.urantiacos.cl\/?p=6129"},"modified":"2023-09-07T11:15:12","modified_gmt":"2023-09-07T14:15:12","slug":"centro-de-innovacion-en-madera-cim-uc-i-convocatoria-para-puesto-de-investigacion","status":"publish","type":"post","link":"https:\/\/fadeu.urantiacos.cl\/en\/2021\/10\/20\/centro-de-innovacion-en-madera-cim-uc-i-convocatoria-para-puesto-de-investigacion\/","title":{"rendered":"Centro de Innovaci\u00f3n en Madera CIM UC I Convocatoria para puesto de investigaci\u00f3n"},"content":{"rendered":"\n<figure class=\"wp-block-image size-full\"><img decoding=\"async\" width=\"350\" height=\"250\" src=\"https:\/\/fadeu.urantiacos.cl\/wp-content\/uploads\/2023\/09\/centro_de_la_madera_logo.jpeg\" alt=\"\" class=\"wp-image-6130\" srcset=\"https:\/\/fadeu.urantiacos.cl\/wp-content\/uploads\/2023\/09\/centro_de_la_madera_logo.jpeg 350w, https:\/\/fadeu.urantiacos.cl\/wp-content\/uploads\/2023\/09\/centro_de_la_madera_logo-300x214.jpeg 300w\" sizes=\"(max-width: 350px) 100vw, 350px\" \/><\/figure>\n\n\n\n<p>El proyecto, en fase de postulaci\u00f3n al Concurso de Investigaci\u00f3n Tecnol\u00f3gica IDeA 2021, est\u00e1 enfocado en el desarrollo de una propuesta de modelo de gesti\u00f3n, a trav\u00e9s del estudio de distintos modelos internacionales, que busque reducir el d\u00e9ficit habitacional nacional a trav\u00e9s del desarrollo efectivo de la construcci\u00f3n industrializada, con foco a futuro de la creaci\u00f3n e impacto de pol\u00edticas p\u00fablicas.&nbsp;<\/p>\n\n\n\n<p>I<strong>nformaci\u00f3n General&nbsp;<\/strong><\/p>\n\n\n\n<p>Localizaci\u00f3n: H\u00edbrido online-presencial. Pontificia Universidad Cat\u00f3lica de Chile Campus San Joaqu\u00edn, San Joaqu\u00edn, Santiago, Regi\u00f3n Metropolitana, Chile.&nbsp;<br>Tipo de contrato: Contrato&nbsp;<br>Jornada: Media jornada&nbsp;<br>Duraci\u00f3n del proyecto: 2 a\u00f1os&nbsp;<br>Requerimientos del cargo&nbsp;<\/p>\n\n\n\n<p><strong>1. Excluyentes&nbsp;<\/strong><\/p>\n\n\n\n<p>T\u00edtulo profesional vinculado a carreras del \u00e1rea de la construcci\u00f3n (Ingenier\u00eda, Construcci\u00f3n, Arquitectura).&nbsp;<br>Doctorado vinculado a \u00e1reas de gesti\u00f3n, obtenido hace no m\u00e1s de 5 a\u00f1os.&nbsp;<br>Capacidad de gesti\u00f3n de equipos, coordinaci\u00f3n de reuniones<br>Nivel medio, medio-alto de ingl\u00e9s, especialmente en escritura y redacci\u00f3n.&nbsp;<\/p>\n\n\n\n<p><strong>2. Deseables&nbsp;<\/strong><\/p>\n\n\n\n<p>Experiencia laboral en el sector p\u00fablico, en el desarrollo de viviendas y pol\u00edticas p\u00fablicas&nbsp;<br>Documentos requeridos&nbsp;<br>Carta de motivaci\u00f3n del postulante&nbsp;<br>Copia C\u00e9dula de Identidad&nbsp;<br>Copia de certificado que acredite nivel Educacional&nbsp;<br>Copia de Certificados o documentos que acrediten experiencia laboral&nbsp;<br>CV formato libre&nbsp;<\/p>\n\n\n\n<p><strong>Informaci\u00f3n importante&nbsp;<\/strong><\/p>\n\n\n\n<ul class=\"wp-block-list\">\n<li>Los documentos requeridos para postular deber\u00e1n ser enviados al correo&nbsp;<a href=\"mailto:hmesa@uc.cl\">hmesa@uc.cl<\/a>&nbsp;con copia a&nbsp;<a href=\"mailto:jorge.lagos@uc.cl\">jorge.lagos@uc.cl<\/a>&nbsp;, con asunto \u201cPostulaci\u00f3n Modelo de Gesti\u00f3n FONDEF I+D 2021\u201d&nbsp;<\/li>\n\n\n\n<li>La fecha l\u00edmite para las postulaciones es el d\u00eda 3 de diciembre a las 12:00 hrs. La postulaci\u00f3n podr\u00eda mantenerse abierta, en caso de que la posici\u00f3n a\u00fan no haya sido llenada.&nbsp;<\/li>\n\n\n\n<li>Los resultados se anunciar\u00e1n el d\u00eda 17 de diciembre, confirmando v\u00eda correo la obtenci\u00f3n del cargo una vez se encuentre aprobado el fondo para el proyecto.&nbsp;<\/li>\n\n\n\n<li>Para mayores consultas, favor dirigirse al profesor Harrison Mesa al correo&nbsp;<a href=\"mailto:%3Cspan%20id=\">Esta direcci\u00f3n de correo electr\u00f3nico est\u00e1 siendo protegida contra los robots de spam. Necesita tener JavaScript habilitado para poder verlo..&#8221;&gt;<\/a><a href=\"mailto:hmesa@uc.cl\">hmesa@uc.cl<\/a>.&nbsp;<\/li>\n<\/ul>\n","protected":false},"excerpt":{"rendered":"<p>En el marco del proyecto \u201cPropuesta y validaci\u00f3n de un modelo de gesti\u00f3n integrada para el desarrollo efectivo de la construcci\u00f3n industrializada que permita la reducci\u00f3n del d\u00e9ficit habitacional nacional\u201d, el Centro de Innovaci\u00f3n en Madera CIM UC, en Santiago, Chile, busca profesional vinculado al \u00e1rea de gesti\u00f3n de proyectos para incorporarse como parte de equipo de trabajo en el desarrollo del proyecto, a contar de enero 2022. <\/p>\n","protected":false},"author":1,"featured_media":6130,"comment_status":"open","ping_status":"open","sticky":false,"template":"","format":"standard","meta":{"_acf_changed":false,"footnotes":""},"categories":[1],"tags":[],"class_list":["post-6129","post","type-post","status-publish","format-standard","has-post-thumbnail","hentry","category-sin-categorizar"],"acf":[],"yoast_head":"<!-- This site is optimized with the Yoast SEO plugin v27.1.1 - https:\/\/yoast.com\/product\/yoast-seo-wordpress\/ -->\n<title>Centro de Innovaci\u00f3n en Madera CIM UC I Convocatoria para puesto de investigaci\u00f3n - Facultad de Arquitectura, Dise\u00f1o y Estudios Urbanos<\/title>\n<meta name=\"description\" content=\"En el marco del proyecto \u201cPropuesta y validaci\u00f3n de un modelo de gesti\u00f3n integrada para el desarrollo efectivo de la construcci\u00f3n industrializada que permita la reducci\u00f3n del d\u00e9ficit habitacional nacional\u201d, el Centro de Innovaci\u00f3n en Madera CIM UC, en Santiago, Chile, busca profesional vinculado al \u00e1rea de gesti\u00f3n de proyectos para incorporarse como parte de equipo de trabajo en el desarrollo del proyecto, a contar de enero 2022.\" \/>\n<meta name=\"robots\" content=\"index, follow, max-snippet:-1, max-image-preview:large, max-video-preview:-1\" \/>\n<link rel=\"canonical\" href=\"https:\/\/fadeu.urantiacos.cl\/en\/2021\/10\/20\/centro-de-innovacion-en-madera-cim-uc-i-convocatoria-para-puesto-de-investigacion\/\" \/>\n<meta property=\"og:locale\" content=\"en_US\" \/>\n<meta property=\"og:type\" content=\"article\" \/>\n<meta property=\"og:title\" content=\"Centro de Innovaci\u00f3n en Madera CIM UC I Convocatoria para puesto de investigaci\u00f3n - Facultad de Arquitectura, Dise\u00f1o y Estudios Urbanos\" \/>\n<meta property=\"og:description\" content=\"En el marco del proyecto \u201cPropuesta y validaci\u00f3n de un modelo de gesti\u00f3n integrada para el desarrollo efectivo de la construcci\u00f3n industrializada que permita la reducci\u00f3n del d\u00e9ficit habitacional nacional\u201d, el Centro de Innovaci\u00f3n en Madera CIM UC, en Santiago, Chile, busca profesional vinculado al \u00e1rea de gesti\u00f3n de proyectos para incorporarse como parte de equipo de trabajo en el desarrollo del proyecto, a contar de enero 2022.\" \/>\n<meta property=\"og:url\" content=\"https:\/\/fadeu.urantiacos.cl\/en\/2021\/10\/20\/centro-de-innovacion-en-madera-cim-uc-i-convocatoria-para-puesto-de-investigacion\/\" \/>\n<meta property=\"og:site_name\" content=\"Facultad de Arquitectura, Dise\u00f1o y Estudios Urbanos\" \/>\n<meta property=\"article:published_time\" content=\"2021-10-20T14:13:00+00:00\" \/>\n<meta property=\"article:modified_time\" content=\"2023-09-07T14:15:12+00:00\" \/>\n<meta property=\"og:image\" content=\"https:\/\/fadeu.urantiacos.cl\/wp-content\/uploads\/2023\/09\/centro_de_la_madera_logo.jpeg\" \/>\n\t<meta property=\"og:image:width\" content=\"350\" \/>\n\t<meta property=\"og:image:height\" content=\"250\" \/>\n\t<meta property=\"og:image:type\" content=\"image\/jpeg\" \/>\n<meta name=\"author\" content=\"manadmin\" \/>\n<meta name=\"twitter:card\" content=\"summary_large_image\" \/>\n<meta name=\"twitter:label1\" content=\"Written by\" \/>\n\t<meta name=\"twitter:data1\" content=\"manadmin\" \/>\n\t<meta name=\"twitter:label2\" content=\"Est. reading time\" \/>\n\t<meta name=\"twitter:data2\" content=\"2 minutes\" \/>\n<script type=\"application\/ld+json\" class=\"yoast-schema-graph\">{\"@context\":\"https:\/\/schema.org\",\"@graph\":[{\"@type\":\"Article\",\"@id\":\"https:\/\/fadeu.urantiacos.cl\/en\/2021\/10\/20\/centro-de-innovacion-en-madera-cim-uc-i-convocatoria-para-puesto-de-investigacion\/#article\",\"isPartOf\":{\"@id\":\"https:\/\/fadeu.urantiacos.cl\/en\/2021\/10\/20\/centro-de-innovacion-en-madera-cim-uc-i-convocatoria-para-puesto-de-investigacion\/\"},\"author\":{\"name\":\"manadmin\",\"@id\":\"https:\/\/fadeu.urantiacos.cl\/en\/#\/schema\/person\/d203e2e84b1c40275eac77b3061a19a2\"},\"headline\":\"Centro de Innovaci\u00f3n en Madera CIM UC I Convocatoria para puesto de investigaci\u00f3n\",\"datePublished\":\"2021-10-20T14:13:00+00:00\",\"dateModified\":\"2023-09-07T14:15:12+00:00\",\"mainEntityOfPage\":{\"@id\":\"https:\/\/fadeu.urantiacos.cl\/en\/2021\/10\/20\/centro-de-innovacion-en-madera-cim-uc-i-convocatoria-para-puesto-de-investigacion\/\"},\"wordCount\":398,\"commentCount\":0,\"image\":{\"@id\":\"https:\/\/fadeu.urantiacos.cl\/en\/2021\/10\/20\/centro-de-innovacion-en-madera-cim-uc-i-convocatoria-para-puesto-de-investigacion\/#primaryimage\"},\"thumbnailUrl\":\"https:\/\/fadeu.urantiacos.cl\/wp-content\/uploads\/2023\/09\/centro_de_la_madera_logo.jpeg\",\"articleSection\":[\"Sin categorizar\"],\"inLanguage\":\"en-US\",\"potentialAction\":[{\"@type\":\"CommentAction\",\"name\":\"Comment\",\"target\":[\"https:\/\/fadeu.urantiacos.cl\/en\/2021\/10\/20\/centro-de-innovacion-en-madera-cim-uc-i-convocatoria-para-puesto-de-investigacion\/#respond\"]}]},{\"@type\":\"WebPage\",\"@id\":\"https:\/\/fadeu.urantiacos.cl\/en\/2021\/10\/20\/centro-de-innovacion-en-madera-cim-uc-i-convocatoria-para-puesto-de-investigacion\/\",\"url\":\"https:\/\/fadeu.urantiacos.cl\/en\/2021\/10\/20\/centro-de-innovacion-en-madera-cim-uc-i-convocatoria-para-puesto-de-investigacion\/\",\"name\":\"Centro de Innovaci\u00f3n en Madera CIM UC I Convocatoria para puesto de investigaci\u00f3n - Facultad de Arquitectura, Dise\u00f1o y Estudios Urbanos\",\"isPartOf\":{\"@id\":\"https:\/\/fadeu.urantiacos.cl\/en\/#website\"},\"primaryImageOfPage\":{\"@id\":\"https:\/\/fadeu.urantiacos.cl\/en\/2021\/10\/20\/centro-de-innovacion-en-madera-cim-uc-i-convocatoria-para-puesto-de-investigacion\/#primaryimage\"},\"image\":{\"@id\":\"https:\/\/fadeu.urantiacos.cl\/en\/2021\/10\/20\/centro-de-innovacion-en-madera-cim-uc-i-convocatoria-para-puesto-de-investigacion\/#primaryimage\"},\"thumbnailUrl\":\"https:\/\/fadeu.urantiacos.cl\/wp-content\/uploads\/2023\/09\/centro_de_la_madera_logo.jpeg\",\"datePublished\":\"2021-10-20T14:13:00+00:00\",\"dateModified\":\"2023-09-07T14:15:12+00:00\",\"author\":{\"@id\":\"https:\/\/fadeu.urantiacos.cl\/en\/#\/schema\/person\/d203e2e84b1c40275eac77b3061a19a2\"},\"description\":\"En el marco del proyecto \u201cPropuesta y validaci\u00f3n de un modelo de gesti\u00f3n integrada para el desarrollo efectivo de la construcci\u00f3n industrializada que permita la reducci\u00f3n del d\u00e9ficit habitacional nacional\u201d, el Centro de Innovaci\u00f3n en Madera CIM UC, en Santiago, Chile, busca profesional vinculado al \u00e1rea de gesti\u00f3n de proyectos para incorporarse como parte de equipo de trabajo en el desarrollo del proyecto, a contar de enero 2022.\",\"breadcrumb\":{\"@id\":\"https:\/\/fadeu.urantiacos.cl\/en\/2021\/10\/20\/centro-de-innovacion-en-madera-cim-uc-i-convocatoria-para-puesto-de-investigacion\/#breadcrumb\"},\"inLanguage\":\"en-US\",\"potentialAction\":[{\"@type\":\"ReadAction\",\"target\":[\"https:\/\/fadeu.urantiacos.cl\/en\/2021\/10\/20\/centro-de-innovacion-en-madera-cim-uc-i-convocatoria-para-puesto-de-investigacion\/\"]}]},{\"@type\":\"ImageObject\",\"inLanguage\":\"en-US\",\"@id\":\"https:\/\/fadeu.urantiacos.cl\/en\/2021\/10\/20\/centro-de-innovacion-en-madera-cim-uc-i-convocatoria-para-puesto-de-investigacion\/#primaryimage\",\"url\":\"https:\/\/fadeu.urantiacos.cl\/wp-content\/uploads\/2023\/09\/centro_de_la_madera_logo.jpeg\",\"contentUrl\":\"https:\/\/fadeu.urantiacos.cl\/wp-content\/uploads\/2023\/09\/centro_de_la_madera_logo.jpeg\",\"width\":350,\"height\":250},{\"@type\":\"BreadcrumbList\",\"@id\":\"https:\/\/fadeu.urantiacos.cl\/en\/2021\/10\/20\/centro-de-innovacion-en-madera-cim-uc-i-convocatoria-para-puesto-de-investigacion\/#breadcrumb\",\"itemListElement\":[{\"@type\":\"ListItem\",\"position\":1,\"name\":\"Portada\",\"item\":\"https:\/\/fadeu.urantiacos.cl\/en\/\"},{\"@type\":\"ListItem\",\"position\":2,\"name\":\"Centro de Innovaci\u00f3n en Madera CIM UC I Convocatoria para puesto de investigaci\u00f3n\"}]},{\"@type\":\"WebSite\",\"@id\":\"https:\/\/fadeu.urantiacos.cl\/en\/#website\",\"url\":\"https:\/\/fadeu.urantiacos.cl\/en\/\",\"name\":\"Facultad de Arquitectura, Dise\u00f1o y Estudios Urbanos\",\"description\":\"Campus Lo Contador\",\"potentialAction\":[{\"@type\":\"SearchAction\",\"target\":{\"@type\":\"EntryPoint\",\"urlTemplate\":\"https:\/\/fadeu.urantiacos.cl\/en\/?s={search_term_string}\"},\"query-input\":{\"@type\":\"PropertyValueSpecification\",\"valueRequired\":true,\"valueName\":\"search_term_string\"}}],\"inLanguage\":\"en-US\"},{\"@type\":\"Person\",\"@id\":\"https:\/\/fadeu.urantiacos.cl\/en\/#\/schema\/person\/d203e2e84b1c40275eac77b3061a19a2\",\"name\":\"manadmin\",\"image\":{\"@type\":\"ImageObject\",\"inLanguage\":\"en-US\",\"@id\":\"https:\/\/fadeu.urantiacos.cl\/en\/#\/schema\/person\/image\/\",\"url\":\"https:\/\/secure.gravatar.com\/avatar\/4b1d8e3303b4a9d8968ac578947d8bc80d9aea359f388cdd4aac15cadc0e8447?s=96&d=mm&r=g\",\"contentUrl\":\"https:\/\/secure.gravatar.com\/avatar\/4b1d8e3303b4a9d8968ac578947d8bc80d9aea359f388cdd4aac15cadc0e8447?s=96&d=mm&r=g\",\"caption\":\"manadmin\"},\"sameAs\":[\"https:\/\/fadeu.urantiacos.cl\"]}]}<\/script>\n<!-- \/ Yoast SEO plugin. -->","yoast_head_json":{"title":"Centro de Innovaci\u00f3n en Madera CIM UC I Convocatoria para puesto de investigaci\u00f3n - Facultad de Arquitectura, Dise\u00f1o y Estudios Urbanos","description":"En el marco del proyecto \u201cPropuesta y validaci\u00f3n de un modelo de gesti\u00f3n integrada para el desarrollo efectivo de la construcci\u00f3n industrializada que permita la reducci\u00f3n del d\u00e9ficit habitacional nacional\u201d, el Centro de Innovaci\u00f3n en Madera CIM UC, en Santiago, Chile, busca profesional vinculado al \u00e1rea de gesti\u00f3n de proyectos para incorporarse como parte de equipo de trabajo en el desarrollo del proyecto, a contar de enero 2022.","robots":{"index":"index","follow":"follow","max-snippet":"max-snippet:-1","max-image-preview":"max-image-preview:large","max-video-preview":"max-video-preview:-1"},"canonical":"https:\/\/fadeu.urantiacos.cl\/en\/2021\/10\/20\/centro-de-innovacion-en-madera-cim-uc-i-convocatoria-para-puesto-de-investigacion\/","og_locale":"en_US","og_type":"article","og_title":"Centro de Innovaci\u00f3n en Madera CIM UC I Convocatoria para puesto de investigaci\u00f3n - Facultad de Arquitectura, Dise\u00f1o y Estudios Urbanos","og_description":"En el marco del proyecto \u201cPropuesta y validaci\u00f3n de un modelo de gesti\u00f3n integrada para el desarrollo efectivo de la construcci\u00f3n industrializada que permita la reducci\u00f3n del d\u00e9ficit habitacional nacional\u201d, el Centro de Innovaci\u00f3n en Madera CIM UC, en Santiago, Chile, busca profesional vinculado al \u00e1rea de gesti\u00f3n de proyectos para incorporarse como parte de equipo de trabajo en el desarrollo del proyecto, a contar de enero 2022.","og_url":"https:\/\/fadeu.urantiacos.cl\/en\/2021\/10\/20\/centro-de-innovacion-en-madera-cim-uc-i-convocatoria-para-puesto-de-investigacion\/","og_site_name":"Facultad de Arquitectura, Dise\u00f1o y Estudios Urbanos","article_published_time":"2021-10-20T14:13:00+00:00","article_modified_time":"2023-09-07T14:15:12+00:00","og_image":[{"width":350,"height":250,"url":"https:\/\/fadeu.urantiacos.cl\/wp-content\/uploads\/2023\/09\/centro_de_la_madera_logo.jpeg","type":"image\/jpeg"}],"author":"manadmin","twitter_card":"summary_large_image","twitter_misc":{"Written by":"manadmin","Est. reading time":"2 minutes"},"schema":{"@context":"https:\/\/schema.org","@graph":[{"@type":"Article","@id":"https:\/\/fadeu.urantiacos.cl\/en\/2021\/10\/20\/centro-de-innovacion-en-madera-cim-uc-i-convocatoria-para-puesto-de-investigacion\/#article","isPartOf":{"@id":"https:\/\/fadeu.urantiacos.cl\/en\/2021\/10\/20\/centro-de-innovacion-en-madera-cim-uc-i-convocatoria-para-puesto-de-investigacion\/"},"author":{"name":"manadmin","@id":"https:\/\/fadeu.urantiacos.cl\/en\/#\/schema\/person\/d203e2e84b1c40275eac77b3061a19a2"},"headline":"Centro de Innovaci\u00f3n en Madera CIM UC I Convocatoria para puesto de investigaci\u00f3n","datePublished":"2021-10-20T14:13:00+00:00","dateModified":"2023-09-07T14:15:12+00:00","mainEntityOfPage":{"@id":"https:\/\/fadeu.urantiacos.cl\/en\/2021\/10\/20\/centro-de-innovacion-en-madera-cim-uc-i-convocatoria-para-puesto-de-investigacion\/"},"wordCount":398,"commentCount":0,"image":{"@id":"https:\/\/fadeu.urantiacos.cl\/en\/2021\/10\/20\/centro-de-innovacion-en-madera-cim-uc-i-convocatoria-para-puesto-de-investigacion\/#primaryimage"},"thumbnailUrl":"https:\/\/fadeu.urantiacos.cl\/wp-content\/uploads\/2023\/09\/centro_de_la_madera_logo.jpeg","articleSection":["Sin categorizar"],"inLanguage":"en-US","potentialAction":[{"@type":"CommentAction","name":"Comment","target":["https:\/\/fadeu.urantiacos.cl\/en\/2021\/10\/20\/centro-de-innovacion-en-madera-cim-uc-i-convocatoria-para-puesto-de-investigacion\/#respond"]}]},{"@type":"WebPage","@id":"https:\/\/fadeu.urantiacos.cl\/en\/2021\/10\/20\/centro-de-innovacion-en-madera-cim-uc-i-convocatoria-para-puesto-de-investigacion\/","url":"https:\/\/fadeu.urantiacos.cl\/en\/2021\/10\/20\/centro-de-innovacion-en-madera-cim-uc-i-convocatoria-para-puesto-de-investigacion\/","name":"Centro de Innovaci\u00f3n en Madera CIM UC I Convocatoria para puesto de investigaci\u00f3n - Facultad de Arquitectura, Dise\u00f1o y Estudios Urbanos","isPartOf":{"@id":"https:\/\/fadeu.urantiacos.cl\/en\/#website"},"primaryImageOfPage":{"@id":"https:\/\/fadeu.urantiacos.cl\/en\/2021\/10\/20\/centro-de-innovacion-en-madera-cim-uc-i-convocatoria-para-puesto-de-investigacion\/#primaryimage"},"image":{"@id":"https:\/\/fadeu.urantiacos.cl\/en\/2021\/10\/20\/centro-de-innovacion-en-madera-cim-uc-i-convocatoria-para-puesto-de-investigacion\/#primaryimage"},"thumbnailUrl":"https:\/\/fadeu.urantiacos.cl\/wp-content\/uploads\/2023\/09\/centro_de_la_madera_logo.jpeg","datePublished":"2021-10-20T14:13:00+00:00","dateModified":"2023-09-07T14:15:12+00:00","author":{"@id":"https:\/\/fadeu.urantiacos.cl\/en\/#\/schema\/person\/d203e2e84b1c40275eac77b3061a19a2"},"description":"En el marco del proyecto \u201cPropuesta y validaci\u00f3n de un modelo de gesti\u00f3n integrada para el desarrollo efectivo de la construcci\u00f3n industrializada que permita la reducci\u00f3n del d\u00e9ficit habitacional nacional\u201d, el Centro de Innovaci\u00f3n en Madera CIM UC, en Santiago, Chile, busca profesional vinculado al \u00e1rea de gesti\u00f3n de proyectos para incorporarse como parte de equipo de trabajo en el desarrollo del proyecto, a contar de enero 2022.","breadcrumb":{"@id":"https:\/\/fadeu.urantiacos.cl\/en\/2021\/10\/20\/centro-de-innovacion-en-madera-cim-uc-i-convocatoria-para-puesto-de-investigacion\/#breadcrumb"},"inLanguage":"en-US","potentialAction":[{"@type":"ReadAction","target":["https:\/\/fadeu.urantiacos.cl\/en\/2021\/10\/20\/centro-de-innovacion-en-madera-cim-uc-i-convocatoria-para-puesto-de-investigacion\/"]}]},{"@type":"ImageObject","inLanguage":"en-US","@id":"https:\/\/fadeu.urantiacos.cl\/en\/2021\/10\/20\/centro-de-innovacion-en-madera-cim-uc-i-convocatoria-para-puesto-de-investigacion\/#primaryimage","url":"https:\/\/fadeu.urantiacos.cl\/wp-content\/uploads\/2023\/09\/centro_de_la_madera_logo.jpeg","contentUrl":"https:\/\/fadeu.urantiacos.cl\/wp-content\/uploads\/2023\/09\/centro_de_la_madera_logo.jpeg","width":350,"height":250},{"@type":"BreadcrumbList","@id":"https:\/\/fadeu.urantiacos.cl\/en\/2021\/10\/20\/centro-de-innovacion-en-madera-cim-uc-i-convocatoria-para-puesto-de-investigacion\/#breadcrumb","itemListElement":[{"@type":"ListItem","position":1,"name":"Portada","item":"https:\/\/fadeu.urantiacos.cl\/en\/"},{"@type":"ListItem","position":2,"name":"Centro de Innovaci\u00f3n en Madera CIM UC I Convocatoria para puesto de investigaci\u00f3n"}]},{"@type":"WebSite","@id":"https:\/\/fadeu.urantiacos.cl\/en\/#website","url":"https:\/\/fadeu.urantiacos.cl\/en\/","name":"Facultad de Arquitectura, Dise\u00f1o y Estudios Urbanos","description":"Campus Lo Contador","potentialAction":[{"@type":"SearchAction","target":{"@type":"EntryPoint","urlTemplate":"https:\/\/fadeu.urantiacos.cl\/en\/?s={search_term_string}"},"query-input":{"@type":"PropertyValueSpecification","valueRequired":true,"valueName":"search_term_string"}}],"inLanguage":"en-US"},{"@type":"Person","@id":"https:\/\/fadeu.urantiacos.cl\/en\/#\/schema\/person\/d203e2e84b1c40275eac77b3061a19a2","name":"manadmin","image":{"@type":"ImageObject","inLanguage":"en-US","@id":"https:\/\/fadeu.urantiacos.cl\/en\/#\/schema\/person\/image\/","url":"https:\/\/secure.gravatar.com\/avatar\/4b1d8e3303b4a9d8968ac578947d8bc80d9aea359f388cdd4aac15cadc0e8447?s=96&d=mm&r=g","contentUrl":"https:\/\/secure.gravatar.com\/avatar\/4b1d8e3303b4a9d8968ac578947d8bc80d9aea359f388cdd4aac15cadc0e8447?s=96&d=mm&r=g","caption":"manadmin"},"sameAs":["https:\/\/fadeu.urantiacos.cl"]}]}},"_links":{"self":[{"href":"https:\/\/fadeu.urantiacos.cl\/en\/wp-json\/wp\/v2\/posts\/6129","targetHints":{"allow":["GET"]}}],"collection":[{"href":"https:\/\/fadeu.urantiacos.cl\/en\/wp-json\/wp\/v2\/posts"}],"about":[{"href":"https:\/\/fadeu.urantiacos.cl\/en\/wp-json\/wp\/v2\/types\/post"}],"author":[{"embeddable":true,"href":"https:\/\/fadeu.urantiacos.cl\/en\/wp-json\/wp\/v2\/users\/1"}],"replies":[{"embeddable":true,"href":"https:\/\/fadeu.urantiacos.cl\/en\/wp-json\/wp\/v2\/comments?post=6129"}],"version-history":[{"count":1,"href":"https:\/\/fadeu.urantiacos.cl\/en\/wp-json\/wp\/v2\/posts\/6129\/revisions"}],"predecessor-version":[{"id":6131,"href":"https:\/\/fadeu.urantiacos.cl\/en\/wp-json\/wp\/v2\/posts\/6129\/revisions\/6131"}],"wp:featuredmedia":[{"embeddable":true,"href":"https:\/\/fadeu.urantiacos.cl\/en\/wp-json\/wp\/v2\/media\/6130"}],"wp:attachment":[{"href":"https:\/\/fadeu.urantiacos.cl\/en\/wp-json\/wp\/v2\/media?parent=6129"}],"wp:term":[{"taxonomy":"category","embeddable":true,"href":"https:\/\/fadeu.urantiacos.cl\/en\/wp-json\/wp\/v2\/categories?post=6129"},{"taxonomy":"post_tag","embeddable":true,"href":"https:\/\/fadeu.urantiacos.cl\/en\/wp-json\/wp\/v2\/tags?post=6129"}],"curies":[{"name":"wp","href":"https:\/\/api.w.org\/{rel}","templated":true}]}}