{"id":6124,"date":"2021-10-21T11:11:00","date_gmt":"2021-10-21T14:11:00","guid":{"rendered":"https:\/\/fadeu.urantiacos.cl\/?p=6124"},"modified":"2023-09-07T11:13:30","modified_gmt":"2023-09-07T14:13:30","slug":"instituto-de-estudios-urbanos-y-territoriales-retoma-las-jornadas-de-investigacion-en-su-version-2021","status":"publish","type":"post","link":"https:\/\/fadeu.urantiacos.cl\/en\/2021\/10\/21\/instituto-de-estudios-urbanos-y-territoriales-retoma-las-jornadas-de-investigacion-en-su-version-2021\/","title":{"rendered":"Instituto de Estudios Urbanos y Territoriales retoma las Jornadas de Investigaci\u00f3n en su versi\u00f3n 2021"},"content":{"rendered":"\n<figure class=\"wp-block-image size-full\"><img decoding=\"async\" width=\"350\" height=\"250\" src=\"https:\/\/fadeu.urantiacos.cl\/wp-content\/uploads\/2023\/09\/WEB_Afiche-general-series_2021-2048x1536-1.jpg\" alt=\"\" class=\"wp-image-6126\" srcset=\"https:\/\/fadeu.urantiacos.cl\/wp-content\/uploads\/2023\/09\/WEB_Afiche-general-series_2021-2048x1536-1.jpg 350w, https:\/\/fadeu.urantiacos.cl\/wp-content\/uploads\/2023\/09\/WEB_Afiche-general-series_2021-2048x1536-1-300x214.jpg 300w\" sizes=\"(max-width: 350px) 100vw, 350px\" \/><\/figure>\n\n\n\n<p>La instancia es concebida como una iniciativa para que la comunidad acad\u00e9mica del IEUT (docentes e investigadores) compartieran con los estudiantes de pre y postgrado (y visitantes del sector p\u00fablico, privado y de otras universidades) los principales alcances de sus investigaciones y\/o proyectos.<\/p>\n\n\n\n<p>As\u00ed lo ha manifestado el Subdirector de Investigaci\u00f3n del IEUT, profesor Felipe Link, quien recalca la importancia de generar sinergia y sinton\u00eda acad\u00e9mica interna entre estudiantes, profesores e investigadores, a trav\u00e9s de una instancia que ya viene desarroll\u00e1ndose desde 2018.<\/p>\n\n\n\n<p>\u201cVimos que era necesario para el Instituto generar un debate interno y especializado, que contribuya a la reflexi\u00f3n acad\u00e9mica entre todos quienes estamos involucrados en docencia e investigaci\u00f3n dentro de nuestra unidad, y poder proyectarlo hacia la Facultad y otras unidades\u201d, advirti\u00f3 Link, agregando adem\u00e1s que \u201ceste tipo de espacios de discusi\u00f3n nos permite tener una visi\u00f3n m\u00e1s amplia de nuestro trabajo, lo que repercute de manera positiva en la formaci\u00f3n de nuestros estudiantes de pre y postgrado y tambi\u00e9n en los programas de educaci\u00f3n continua\u00bb.<\/p>\n\n\n\n<p>\u201cEn el \u00faltimo tiempo, el Instituto de Estudios Urbanos y Territoriales se ha abierto a la sociedad aportando al debate p\u00fablico con opini\u00f3n basada en los resultados de nuestras investigaciones. En este contexto, es importante generar un debate interno y especializado, que contribuya a la reflexi\u00f3n acad\u00e9mica entre todos quienes estamos involucrados en docencia e investigaci\u00f3n dentro de nuestra unidad, y poder proyectarlo hacia la Facultad y otras unidades. Este tipo de espacios de discusi\u00f3n, nos permite tener una visi\u00f3n m\u00e1s amplia de nuestro trabajo, lo que repercute de manera positiva en la formaci\u00f3n de nuestros estudiantes de pre y postgrado\u201d, agreg\u00f3<\/p>\n\n\n\n<p>Las jornadas se realizar\u00e1n a las 13 horas, en un formato h\u00edbrido (presencial y online), en el sal\u00f3n Sergio Larra\u00edn, en las siguientes fechas:<\/p>\n\n\n\n<ul class=\"wp-block-list\">\n<li>Monitoreo de Capacidad de Carga para la Gesti\u00f3n Integrada Sustentable, a cargo de los profesores Kay Bergamini y Roberto Moris (26 de octubre).<\/li>\n\n\n\n<li>Las Consecuencias de la Reputaci\u00f3n Residencial en la Cohesi\u00f3n Barrial: Un estudio longitudinal en Santiago de Chile, a cargo del profesor Quentin Ramond y la profesor invitad, Gabriel Otero (9 de noviembre).<\/li>\n\n\n\n<li>Creaci\u00f3n de Lugar en el Persa Bio Bio \u2013 Barrio Franklin, a cargo de la investigadora Paz Concha (23 de noviembre).<\/li>\n\n\n\n<li>Habitar en la Espera: Acceso a la Vivienda y Pr\u00e1cticas Residenciales de Mujeres Venezolanas desde el Enfoque Intersectorial, a cargo de la investigadora Elizabeth Zenteno (7 de diciembre).<\/li>\n<\/ul>\n\n\n\n<p>Para inscribirte a la primera jornada, debes hacerlo a trav\u00e9s del siguiente link:&nbsp;<a href=\"https:\/\/estudiosurbanos.uc.cl\/agenda\/jornadas-de-investigacion-en-el-ieut-monitoreo-de-capacidad-de-carga-para-la-gestion-integrada-sustentable\/\">https:\/\/estudiosurbanos.uc.cl\/agenda\/jornadas-de-investigacion-en-el-ieut-monitoreo-de-capacidad-de-carga-para-la-gestion-integrada-sustentable\/<\/a><\/p>\n\n\n\n<p><strong>Instituto<\/strong><\/p>\n\n\n\n<p>El Instituto de Estudios Urbanos y Territoriales, unidad acad\u00e9mica de la Facultad de Arquitectura, Dise\u00f1o y Estudios Urbanos de la Pontificia Universidad Cat\u00f3lica de Chile, tiene como funci\u00f3n primordial la realizaci\u00f3n de actividades de docencia, investigaci\u00f3n, extensi\u00f3n y servicios externos en materia de organizaci\u00f3n y gesti\u00f3n territorial, en sus expresiones urbanas, regionales y locales, considerando sus dimensiones ambientales.<\/p>\n\n\n\n<p>Aborda sistem\u00e1ticamente sus actividades espec\u00edficas con un enfoque interdisciplinario, en el que se otorga especial atenci\u00f3n a los factores econ\u00f3micos, sociales, pol\u00edticos y culturales que inciden en la formaci\u00f3n y en la gesti\u00f3n sustentable de los diversos tipos de asentamientos humanos, tanto urbanos como rurales, privilegiando especialmente aquellos del \u00e1mbito latinoamericano.<\/p>\n\n\n\n<p>Adem\u00e1s, es la \u00fanica unidad acad\u00e9mica en Chile que ofrece el t\u00edtulo profesional de Planificador Urbano (que se estudia en la UC v\u00eda College) y que permite a los estudiantes obtener, adem\u00e1s, el grado de Mag\u00edster en Desarrollo Urbano.<\/p>\n\n\n\n<p>El Instituto cuenta, adem\u00e1s, con dos Mag\u00edsteres (en Desarrollo Urbano y en Asentamientos Humanos y Medio Ambiente, cuyo per\u00edodo de admisi\u00f3n para 2022 est\u00e1 abierto hasta el 10 de diciembre de este a\u00f1o); una oferta de Educaci\u00f3n Continua que considera 8 Diplomados en diversas materias; y es parte del Doctorado en Arquitectura y Estudios Urbanos UC.<\/p>\n\n\n\n<p>Si te interesa conocer m\u00e1s sobre la oferta acad\u00e9mica del Instituto, puedes revisar la secci\u00f3n \u00abProgramas Acad\u00e9micos\u00bb para interiorizarte de todos los detalles y\/o escribirnos a&nbsp;<a href=\"mailto:magisterieu@uc.cl\">magisterieu@uc.cl<\/a>&nbsp;(para el caso de Postgrados) o a ec_ieut@uc (para el caso de Diplomados y cursos).<\/p>\n\n\n\n<figure class=\"wp-block-image size-large\"><img decoding=\"async\" width=\"1024\" height=\"768\" src=\"https:\/\/fadeu.urantiacos.cl\/wp-content\/uploads\/2023\/09\/Afiche-general-series_2021-2048x1536-1-1024x768.jpeg\" alt=\"\" class=\"wp-image-6127\" srcset=\"https:\/\/fadeu.urantiacos.cl\/wp-content\/uploads\/2023\/09\/Afiche-general-series_2021-2048x1536-1-1024x768.jpeg 1024w, https:\/\/fadeu.urantiacos.cl\/wp-content\/uploads\/2023\/09\/Afiche-general-series_2021-2048x1536-1-300x225.jpeg 300w, https:\/\/fadeu.urantiacos.cl\/wp-content\/uploads\/2023\/09\/Afiche-general-series_2021-2048x1536-1-768x576.jpeg 768w, https:\/\/fadeu.urantiacos.cl\/wp-content\/uploads\/2023\/09\/Afiche-general-series_2021-2048x1536-1-1536x1152.jpeg 1536w, https:\/\/fadeu.urantiacos.cl\/wp-content\/uploads\/2023\/09\/Afiche-general-series_2021-2048x1536-1.jpeg 1600w\" sizes=\"(max-width: 1024px) 100vw, 1024px\" \/><\/figure>\n\n\n\n<p>INFORMACI\u00d3N PERIOD\u00cdSTICA<br>INSTITUTO DE ESTUDIOS URBANOS UC<\/p>\n","protected":false},"excerpt":{"rendered":"<p>Un total de cinco acad\u00e9micos\/as e investigadores\/as del Instituto de Estudios Urbanos y Territoriales (IEUT) de la Universidad Cat\u00f3lica dar\u00e1n vida a las Jornadas de Investigaci\u00f3n que se desarrollar\u00e1n durante este semestre de 2021.<\/p>\n","protected":false},"author":1,"featured_media":6126,"comment_status":"open","ping_status":"open","sticky":false,"template":"","format":"standard","meta":{"_acf_changed":false,"footnotes":""},"categories":[1],"tags":[],"class_list":["post-6124","post","type-post","status-publish","format-standard","has-post-thumbnail","hentry","category-sin-categorizar"],"acf":[],"yoast_head":"<!-- This site is optimized with the Yoast SEO plugin v27.1.1 - https:\/\/yoast.com\/product\/yoast-seo-wordpress\/ -->\n<title>Instituto de Estudios Urbanos y Territoriales retoma las Jornadas de Investigaci\u00f3n en su versi\u00f3n 2021 - Facultad de Arquitectura, Dise\u00f1o y Estudios Urbanos<\/title>\n<meta name=\"description\" content=\"Un total de cinco acad\u00e9micos\/as e investigadores\/as del Instituto de Estudios Urbanos y Territoriales (IEUT) de la Universidad Cat\u00f3lica dar\u00e1n vida a las Jornadas de Investigaci\u00f3n que se desarrollar\u00e1n durante este semestre de 2021.\" \/>\n<meta name=\"robots\" content=\"index, follow, max-snippet:-1, max-image-preview:large, max-video-preview:-1\" \/>\n<link rel=\"canonical\" href=\"https:\/\/fadeu.urantiacos.cl\/en\/2021\/10\/21\/instituto-de-estudios-urbanos-y-territoriales-retoma-las-jornadas-de-investigacion-en-su-version-2021\/\" \/>\n<meta property=\"og:locale\" content=\"en_US\" \/>\n<meta property=\"og:type\" content=\"article\" \/>\n<meta property=\"og:title\" content=\"Instituto de Estudios Urbanos y Territoriales retoma las Jornadas de Investigaci\u00f3n en su versi\u00f3n 2021 - Facultad de Arquitectura, Dise\u00f1o y Estudios Urbanos\" \/>\n<meta property=\"og:description\" content=\"Un total de cinco acad\u00e9micos\/as e investigadores\/as del Instituto de Estudios Urbanos y Territoriales (IEUT) de la Universidad Cat\u00f3lica dar\u00e1n vida a las Jornadas de Investigaci\u00f3n que se desarrollar\u00e1n durante este semestre de 2021.\" \/>\n<meta property=\"og:url\" content=\"https:\/\/fadeu.urantiacos.cl\/en\/2021\/10\/21\/instituto-de-estudios-urbanos-y-territoriales-retoma-las-jornadas-de-investigacion-en-su-version-2021\/\" \/>\n<meta property=\"og:site_name\" content=\"Facultad de Arquitectura, Dise\u00f1o y Estudios Urbanos\" \/>\n<meta property=\"article:published_time\" content=\"2021-10-21T14:11:00+00:00\" \/>\n<meta property=\"article:modified_time\" content=\"2023-09-07T14:13:30+00:00\" \/>\n<meta property=\"og:image\" content=\"https:\/\/fadeu.urantiacos.cl\/wp-content\/uploads\/2023\/09\/WEB_Afiche-general-series_2021-2048x1536-1.jpg\" \/>\n\t<meta property=\"og:image:width\" content=\"350\" \/>\n\t<meta property=\"og:image:height\" content=\"250\" \/>\n\t<meta property=\"og:image:type\" content=\"image\/jpeg\" \/>\n<meta name=\"author\" content=\"manadmin\" \/>\n<meta name=\"twitter:card\" content=\"summary_large_image\" \/>\n<meta name=\"twitter:label1\" content=\"Written by\" \/>\n\t<meta name=\"twitter:data1\" content=\"manadmin\" \/>\n\t<meta name=\"twitter:label2\" content=\"Est. reading time\" \/>\n\t<meta name=\"twitter:data2\" content=\"4 minutes\" \/>\n<script type=\"application\/ld+json\" class=\"yoast-schema-graph\">{\"@context\":\"https:\/\/schema.org\",\"@graph\":[{\"@type\":\"Article\",\"@id\":\"https:\/\/fadeu.urantiacos.cl\/en\/2021\/10\/21\/instituto-de-estudios-urbanos-y-territoriales-retoma-las-jornadas-de-investigacion-en-su-version-2021\/#article\",\"isPartOf\":{\"@id\":\"https:\/\/fadeu.urantiacos.cl\/en\/2021\/10\/21\/instituto-de-estudios-urbanos-y-territoriales-retoma-las-jornadas-de-investigacion-en-su-version-2021\/\"},\"author\":{\"name\":\"manadmin\",\"@id\":\"https:\/\/fadeu.urantiacos.cl\/en\/#\/schema\/person\/d203e2e84b1c40275eac77b3061a19a2\"},\"headline\":\"Instituto de Estudios Urbanos y Territoriales retoma las Jornadas de Investigaci\u00f3n en su versi\u00f3n 2021\",\"datePublished\":\"2021-10-21T14:11:00+00:00\",\"dateModified\":\"2023-09-07T14:13:30+00:00\",\"mainEntityOfPage\":{\"@id\":\"https:\/\/fadeu.urantiacos.cl\/en\/2021\/10\/21\/instituto-de-estudios-urbanos-y-territoriales-retoma-las-jornadas-de-investigacion-en-su-version-2021\/\"},\"wordCount\":756,\"commentCount\":0,\"image\":{\"@id\":\"https:\/\/fadeu.urantiacos.cl\/en\/2021\/10\/21\/instituto-de-estudios-urbanos-y-territoriales-retoma-las-jornadas-de-investigacion-en-su-version-2021\/#primaryimage\"},\"thumbnailUrl\":\"https:\/\/fadeu.urantiacos.cl\/wp-content\/uploads\/2023\/09\/WEB_Afiche-general-series_2021-2048x1536-1.jpg\",\"articleSection\":[\"Sin categorizar\"],\"inLanguage\":\"en-US\",\"potentialAction\":[{\"@type\":\"CommentAction\",\"name\":\"Comment\",\"target\":[\"https:\/\/fadeu.urantiacos.cl\/en\/2021\/10\/21\/instituto-de-estudios-urbanos-y-territoriales-retoma-las-jornadas-de-investigacion-en-su-version-2021\/#respond\"]}]},{\"@type\":\"WebPage\",\"@id\":\"https:\/\/fadeu.urantiacos.cl\/en\/2021\/10\/21\/instituto-de-estudios-urbanos-y-territoriales-retoma-las-jornadas-de-investigacion-en-su-version-2021\/\",\"url\":\"https:\/\/fadeu.urantiacos.cl\/en\/2021\/10\/21\/instituto-de-estudios-urbanos-y-territoriales-retoma-las-jornadas-de-investigacion-en-su-version-2021\/\",\"name\":\"Instituto de Estudios Urbanos y Territoriales retoma las Jornadas de Investigaci\u00f3n en su versi\u00f3n 2021 - Facultad de Arquitectura, Dise\u00f1o y Estudios Urbanos\",\"isPartOf\":{\"@id\":\"https:\/\/fadeu.urantiacos.cl\/en\/#website\"},\"primaryImageOfPage\":{\"@id\":\"https:\/\/fadeu.urantiacos.cl\/en\/2021\/10\/21\/instituto-de-estudios-urbanos-y-territoriales-retoma-las-jornadas-de-investigacion-en-su-version-2021\/#primaryimage\"},\"image\":{\"@id\":\"https:\/\/fadeu.urantiacos.cl\/en\/2021\/10\/21\/instituto-de-estudios-urbanos-y-territoriales-retoma-las-jornadas-de-investigacion-en-su-version-2021\/#primaryimage\"},\"thumbnailUrl\":\"https:\/\/fadeu.urantiacos.cl\/wp-content\/uploads\/2023\/09\/WEB_Afiche-general-series_2021-2048x1536-1.jpg\",\"datePublished\":\"2021-10-21T14:11:00+00:00\",\"dateModified\":\"2023-09-07T14:13:30+00:00\",\"author\":{\"@id\":\"https:\/\/fadeu.urantiacos.cl\/en\/#\/schema\/person\/d203e2e84b1c40275eac77b3061a19a2\"},\"description\":\"Un total de cinco acad\u00e9micos\/as e investigadores\/as del Instituto de Estudios Urbanos y Territoriales (IEUT) de la Universidad Cat\u00f3lica dar\u00e1n vida a las Jornadas de Investigaci\u00f3n que se desarrollar\u00e1n durante este semestre de 2021.\",\"breadcrumb\":{\"@id\":\"https:\/\/fadeu.urantiacos.cl\/en\/2021\/10\/21\/instituto-de-estudios-urbanos-y-territoriales-retoma-las-jornadas-de-investigacion-en-su-version-2021\/#breadcrumb\"},\"inLanguage\":\"en-US\",\"potentialAction\":[{\"@type\":\"ReadAction\",\"target\":[\"https:\/\/fadeu.urantiacos.cl\/en\/2021\/10\/21\/instituto-de-estudios-urbanos-y-territoriales-retoma-las-jornadas-de-investigacion-en-su-version-2021\/\"]}]},{\"@type\":\"ImageObject\",\"inLanguage\":\"en-US\",\"@id\":\"https:\/\/fadeu.urantiacos.cl\/en\/2021\/10\/21\/instituto-de-estudios-urbanos-y-territoriales-retoma-las-jornadas-de-investigacion-en-su-version-2021\/#primaryimage\",\"url\":\"https:\/\/fadeu.urantiacos.cl\/wp-content\/uploads\/2023\/09\/WEB_Afiche-general-series_2021-2048x1536-1.jpg\",\"contentUrl\":\"https:\/\/fadeu.urantiacos.cl\/wp-content\/uploads\/2023\/09\/WEB_Afiche-general-series_2021-2048x1536-1.jpg\",\"width\":350,\"height\":250},{\"@type\":\"BreadcrumbList\",\"@id\":\"https:\/\/fadeu.urantiacos.cl\/en\/2021\/10\/21\/instituto-de-estudios-urbanos-y-territoriales-retoma-las-jornadas-de-investigacion-en-su-version-2021\/#breadcrumb\",\"itemListElement\":[{\"@type\":\"ListItem\",\"position\":1,\"name\":\"Portada\",\"item\":\"https:\/\/fadeu.urantiacos.cl\/en\/\"},{\"@type\":\"ListItem\",\"position\":2,\"name\":\"Instituto de Estudios Urbanos y Territoriales retoma las Jornadas de Investigaci\u00f3n en su versi\u00f3n 2021\"}]},{\"@type\":\"WebSite\",\"@id\":\"https:\/\/fadeu.urantiacos.cl\/en\/#website\",\"url\":\"https:\/\/fadeu.urantiacos.cl\/en\/\",\"name\":\"Facultad de Arquitectura, Dise\u00f1o y Estudios Urbanos\",\"description\":\"Campus Lo Contador\",\"potentialAction\":[{\"@type\":\"SearchAction\",\"target\":{\"@type\":\"EntryPoint\",\"urlTemplate\":\"https:\/\/fadeu.urantiacos.cl\/en\/?s={search_term_string}\"},\"query-input\":{\"@type\":\"PropertyValueSpecification\",\"valueRequired\":true,\"valueName\":\"search_term_string\"}}],\"inLanguage\":\"en-US\"},{\"@type\":\"Person\",\"@id\":\"https:\/\/fadeu.urantiacos.cl\/en\/#\/schema\/person\/d203e2e84b1c40275eac77b3061a19a2\",\"name\":\"manadmin\",\"image\":{\"@type\":\"ImageObject\",\"inLanguage\":\"en-US\",\"@id\":\"https:\/\/fadeu.urantiacos.cl\/en\/#\/schema\/person\/image\/\",\"url\":\"https:\/\/secure.gravatar.com\/avatar\/4b1d8e3303b4a9d8968ac578947d8bc80d9aea359f388cdd4aac15cadc0e8447?s=96&d=mm&r=g\",\"contentUrl\":\"https:\/\/secure.gravatar.com\/avatar\/4b1d8e3303b4a9d8968ac578947d8bc80d9aea359f388cdd4aac15cadc0e8447?s=96&d=mm&r=g\",\"caption\":\"manadmin\"},\"sameAs\":[\"https:\/\/fadeu.urantiacos.cl\"]}]}<\/script>\n<!-- \/ Yoast SEO plugin. -->","yoast_head_json":{"title":"Instituto de Estudios Urbanos y Territoriales retoma las Jornadas de Investigaci\u00f3n en su versi\u00f3n 2021 - Facultad de Arquitectura, Dise\u00f1o y Estudios Urbanos","description":"Un total de cinco acad\u00e9micos\/as e investigadores\/as del Instituto de Estudios Urbanos y Territoriales (IEUT) de la Universidad Cat\u00f3lica dar\u00e1n vida a las Jornadas de Investigaci\u00f3n que se desarrollar\u00e1n durante este semestre de 2021.","robots":{"index":"index","follow":"follow","max-snippet":"max-snippet:-1","max-image-preview":"max-image-preview:large","max-video-preview":"max-video-preview:-1"},"canonical":"https:\/\/fadeu.urantiacos.cl\/en\/2021\/10\/21\/instituto-de-estudios-urbanos-y-territoriales-retoma-las-jornadas-de-investigacion-en-su-version-2021\/","og_locale":"en_US","og_type":"article","og_title":"Instituto de Estudios Urbanos y Territoriales retoma las Jornadas de Investigaci\u00f3n en su versi\u00f3n 2021 - Facultad de Arquitectura, Dise\u00f1o y Estudios Urbanos","og_description":"Un total de cinco acad\u00e9micos\/as e investigadores\/as del Instituto de Estudios Urbanos y Territoriales (IEUT) de la Universidad Cat\u00f3lica dar\u00e1n vida a las Jornadas de Investigaci\u00f3n que se desarrollar\u00e1n durante este semestre de 2021.","og_url":"https:\/\/fadeu.urantiacos.cl\/en\/2021\/10\/21\/instituto-de-estudios-urbanos-y-territoriales-retoma-las-jornadas-de-investigacion-en-su-version-2021\/","og_site_name":"Facultad de Arquitectura, Dise\u00f1o y Estudios Urbanos","article_published_time":"2021-10-21T14:11:00+00:00","article_modified_time":"2023-09-07T14:13:30+00:00","og_image":[{"width":350,"height":250,"url":"https:\/\/fadeu.urantiacos.cl\/wp-content\/uploads\/2023\/09\/WEB_Afiche-general-series_2021-2048x1536-1.jpg","type":"image\/jpeg"}],"author":"manadmin","twitter_card":"summary_large_image","twitter_misc":{"Written by":"manadmin","Est. reading time":"4 minutes"},"schema":{"@context":"https:\/\/schema.org","@graph":[{"@type":"Article","@id":"https:\/\/fadeu.urantiacos.cl\/en\/2021\/10\/21\/instituto-de-estudios-urbanos-y-territoriales-retoma-las-jornadas-de-investigacion-en-su-version-2021\/#article","isPartOf":{"@id":"https:\/\/fadeu.urantiacos.cl\/en\/2021\/10\/21\/instituto-de-estudios-urbanos-y-territoriales-retoma-las-jornadas-de-investigacion-en-su-version-2021\/"},"author":{"name":"manadmin","@id":"https:\/\/fadeu.urantiacos.cl\/en\/#\/schema\/person\/d203e2e84b1c40275eac77b3061a19a2"},"headline":"Instituto de Estudios Urbanos y Territoriales retoma las Jornadas de Investigaci\u00f3n en su versi\u00f3n 2021","datePublished":"2021-10-21T14:11:00+00:00","dateModified":"2023-09-07T14:13:30+00:00","mainEntityOfPage":{"@id":"https:\/\/fadeu.urantiacos.cl\/en\/2021\/10\/21\/instituto-de-estudios-urbanos-y-territoriales-retoma-las-jornadas-de-investigacion-en-su-version-2021\/"},"wordCount":756,"commentCount":0,"image":{"@id":"https:\/\/fadeu.urantiacos.cl\/en\/2021\/10\/21\/instituto-de-estudios-urbanos-y-territoriales-retoma-las-jornadas-de-investigacion-en-su-version-2021\/#primaryimage"},"thumbnailUrl":"https:\/\/fadeu.urantiacos.cl\/wp-content\/uploads\/2023\/09\/WEB_Afiche-general-series_2021-2048x1536-1.jpg","articleSection":["Sin categorizar"],"inLanguage":"en-US","potentialAction":[{"@type":"CommentAction","name":"Comment","target":["https:\/\/fadeu.urantiacos.cl\/en\/2021\/10\/21\/instituto-de-estudios-urbanos-y-territoriales-retoma-las-jornadas-de-investigacion-en-su-version-2021\/#respond"]}]},{"@type":"WebPage","@id":"https:\/\/fadeu.urantiacos.cl\/en\/2021\/10\/21\/instituto-de-estudios-urbanos-y-territoriales-retoma-las-jornadas-de-investigacion-en-su-version-2021\/","url":"https:\/\/fadeu.urantiacos.cl\/en\/2021\/10\/21\/instituto-de-estudios-urbanos-y-territoriales-retoma-las-jornadas-de-investigacion-en-su-version-2021\/","name":"Instituto de Estudios Urbanos y Territoriales retoma las Jornadas de Investigaci\u00f3n en su versi\u00f3n 2021 - Facultad de Arquitectura, Dise\u00f1o y Estudios Urbanos","isPartOf":{"@id":"https:\/\/fadeu.urantiacos.cl\/en\/#website"},"primaryImageOfPage":{"@id":"https:\/\/fadeu.urantiacos.cl\/en\/2021\/10\/21\/instituto-de-estudios-urbanos-y-territoriales-retoma-las-jornadas-de-investigacion-en-su-version-2021\/#primaryimage"},"image":{"@id":"https:\/\/fadeu.urantiacos.cl\/en\/2021\/10\/21\/instituto-de-estudios-urbanos-y-territoriales-retoma-las-jornadas-de-investigacion-en-su-version-2021\/#primaryimage"},"thumbnailUrl":"https:\/\/fadeu.urantiacos.cl\/wp-content\/uploads\/2023\/09\/WEB_Afiche-general-series_2021-2048x1536-1.jpg","datePublished":"2021-10-21T14:11:00+00:00","dateModified":"2023-09-07T14:13:30+00:00","author":{"@id":"https:\/\/fadeu.urantiacos.cl\/en\/#\/schema\/person\/d203e2e84b1c40275eac77b3061a19a2"},"description":"Un total de cinco acad\u00e9micos\/as e investigadores\/as del Instituto de Estudios Urbanos y Territoriales (IEUT) de la Universidad Cat\u00f3lica dar\u00e1n vida a las Jornadas de Investigaci\u00f3n que se desarrollar\u00e1n durante este semestre de 2021.","breadcrumb":{"@id":"https:\/\/fadeu.urantiacos.cl\/en\/2021\/10\/21\/instituto-de-estudios-urbanos-y-territoriales-retoma-las-jornadas-de-investigacion-en-su-version-2021\/#breadcrumb"},"inLanguage":"en-US","potentialAction":[{"@type":"ReadAction","target":["https:\/\/fadeu.urantiacos.cl\/en\/2021\/10\/21\/instituto-de-estudios-urbanos-y-territoriales-retoma-las-jornadas-de-investigacion-en-su-version-2021\/"]}]},{"@type":"ImageObject","inLanguage":"en-US","@id":"https:\/\/fadeu.urantiacos.cl\/en\/2021\/10\/21\/instituto-de-estudios-urbanos-y-territoriales-retoma-las-jornadas-de-investigacion-en-su-version-2021\/#primaryimage","url":"https:\/\/fadeu.urantiacos.cl\/wp-content\/uploads\/2023\/09\/WEB_Afiche-general-series_2021-2048x1536-1.jpg","contentUrl":"https:\/\/fadeu.urantiacos.cl\/wp-content\/uploads\/2023\/09\/WEB_Afiche-general-series_2021-2048x1536-1.jpg","width":350,"height":250},{"@type":"BreadcrumbList","@id":"https:\/\/fadeu.urantiacos.cl\/en\/2021\/10\/21\/instituto-de-estudios-urbanos-y-territoriales-retoma-las-jornadas-de-investigacion-en-su-version-2021\/#breadcrumb","itemListElement":[{"@type":"ListItem","position":1,"name":"Portada","item":"https:\/\/fadeu.urantiacos.cl\/en\/"},{"@type":"ListItem","position":2,"name":"Instituto de Estudios Urbanos y Territoriales retoma las Jornadas de Investigaci\u00f3n en su versi\u00f3n 2021"}]},{"@type":"WebSite","@id":"https:\/\/fadeu.urantiacos.cl\/en\/#website","url":"https:\/\/fadeu.urantiacos.cl\/en\/","name":"Facultad de Arquitectura, Dise\u00f1o y Estudios Urbanos","description":"Campus Lo Contador","potentialAction":[{"@type":"SearchAction","target":{"@type":"EntryPoint","urlTemplate":"https:\/\/fadeu.urantiacos.cl\/en\/?s={search_term_string}"},"query-input":{"@type":"PropertyValueSpecification","valueRequired":true,"valueName":"search_term_string"}}],"inLanguage":"en-US"},{"@type":"Person","@id":"https:\/\/fadeu.urantiacos.cl\/en\/#\/schema\/person\/d203e2e84b1c40275eac77b3061a19a2","name":"manadmin","image":{"@type":"ImageObject","inLanguage":"en-US","@id":"https:\/\/fadeu.urantiacos.cl\/en\/#\/schema\/person\/image\/","url":"https:\/\/secure.gravatar.com\/avatar\/4b1d8e3303b4a9d8968ac578947d8bc80d9aea359f388cdd4aac15cadc0e8447?s=96&d=mm&r=g","contentUrl":"https:\/\/secure.gravatar.com\/avatar\/4b1d8e3303b4a9d8968ac578947d8bc80d9aea359f388cdd4aac15cadc0e8447?s=96&d=mm&r=g","caption":"manadmin"},"sameAs":["https:\/\/fadeu.urantiacos.cl"]}]}},"_links":{"self":[{"href":"https:\/\/fadeu.urantiacos.cl\/en\/wp-json\/wp\/v2\/posts\/6124","targetHints":{"allow":["GET"]}}],"collection":[{"href":"https:\/\/fadeu.urantiacos.cl\/en\/wp-json\/wp\/v2\/posts"}],"about":[{"href":"https:\/\/fadeu.urantiacos.cl\/en\/wp-json\/wp\/v2\/types\/post"}],"author":[{"embeddable":true,"href":"https:\/\/fadeu.urantiacos.cl\/en\/wp-json\/wp\/v2\/users\/1"}],"replies":[{"embeddable":true,"href":"https:\/\/fadeu.urantiacos.cl\/en\/wp-json\/wp\/v2\/comments?post=6124"}],"version-history":[{"count":1,"href":"https:\/\/fadeu.urantiacos.cl\/en\/wp-json\/wp\/v2\/posts\/6124\/revisions"}],"predecessor-version":[{"id":6128,"href":"https:\/\/fadeu.urantiacos.cl\/en\/wp-json\/wp\/v2\/posts\/6124\/revisions\/6128"}],"wp:featuredmedia":[{"embeddable":true,"href":"https:\/\/fadeu.urantiacos.cl\/en\/wp-json\/wp\/v2\/media\/6126"}],"wp:attachment":[{"href":"https:\/\/fadeu.urantiacos.cl\/en\/wp-json\/wp\/v2\/media?parent=6124"}],"wp:term":[{"taxonomy":"category","embeddable":true,"href":"https:\/\/fadeu.urantiacos.cl\/en\/wp-json\/wp\/v2\/categories?post=6124"},{"taxonomy":"post_tag","embeddable":true,"href":"https:\/\/fadeu.urantiacos.cl\/en\/wp-json\/wp\/v2\/tags?post=6124"}],"curies":[{"name":"wp","href":"https:\/\/api.w.org\/{rel}","templated":true}]}}