{"id":6116,"date":"2021-10-21T11:06:00","date_gmt":"2021-10-21T14:06:00","guid":{"rendered":"https:\/\/fadeu.urantiacos.cl\/?p=6116"},"modified":"2023-09-07T11:08:47","modified_gmt":"2023-09-07T14:08:47","slug":"fallece-el-destacado-arquitecto-y-docente-puc-florentino-toro","status":"publish","type":"post","link":"https:\/\/fadeu.urantiacos.cl\/en\/2021\/10\/21\/fallece-el-destacado-arquitecto-y-docente-puc-florentino-toro\/","title":{"rendered":"Fallece el destacado arquitecto y docente PUC, Florentino Toro"},"content":{"rendered":"\n<figure class=\"wp-block-image size-full\"><img decoding=\"async\" width=\"350\" height=\"250\" src=\"https:\/\/fadeu.urantiacos.cl\/wp-content\/uploads\/2023\/09\/Florentino_Toro.png\" alt=\"\" class=\"wp-image-6117\" srcset=\"https:\/\/fadeu.urantiacos.cl\/wp-content\/uploads\/2023\/09\/Florentino_Toro.png 350w, https:\/\/fadeu.urantiacos.cl\/wp-content\/uploads\/2023\/09\/Florentino_Toro-300x214.png 300w\" sizes=\"(max-width: 350px) 100vw, 350px\" \/><\/figure>\n\n\n\n<p>Al inicio de su carrera profesional, colabor\u00f3 con Emilio Duhart en el desarrollo y construcci\u00f3n del edificio de la CEPAL entre 1960 a 1965.<\/p>\n\n\n\n<p>Adem\u00e1s, se le reconoce por su contribuci\u00f3n en la Sociedad Constructora de Establecimientos Educacionales (SCEE), que durante cincuenta a\u00f1os tuvo a su cargo el grueso de la construcci\u00f3n escolar p\u00fablica, teniendo como meta principal abordar el gran d\u00e9ficit de infraestructura educacional escolar existente en la \u00e9poca en el pa\u00eds.<\/p>\n\n\n\n<p>Los arquitectos Florentino Toro y Ferm\u00edn Marticorena, fueron miembros del equipo de Investigaci\u00f3n y Experimentaci\u00f3n de la Sociedad, y en dicho contexto desarrollaron el Proyecto Experimental Tipo 801, que propuso una manera distinta de entender la flexibilidad espacial en el proyecto escolar. El proyecto fue desarrollado en 1969, por encargo del el Ministerio de Educaci\u00f3n, y con dicho modelo se realizaron los proyectos; La Escuela B\u00e1sica No7 y el Liceo de Ni\u00f1as de Puerto Montt.<\/p>\n\n\n\n<p>Valiosa ha sido tambi\u00e9n, su contribuci\u00f3n arquitect\u00f3nica en el campus San Joaqu\u00edn de la Universidad Cat\u00f3lica de Chile, a trav\u00e9s de los edificios de la Biblioteca de Humanidades, y el de la Facultad de Historia y Ciencia Pol\u00edtica, y el Instituto de Letras.<\/p>\n\n\n\n<p>Toro formaba parte de la oficina de arquitectos Toro Cox Hermosilla, a cargo de importantes obras de infraestructura educacional, habitacionales y otras.<\/p>\n\n\n\n<p>El Decanato de la Facultad de Arquitectura, Dise\u00f1o y Estudios Urbanos de la Pontificia Universidad Cat\u00f3lica de Chile hace llegar sus condolencias a la familia, amigos\/as y seres queridos.<\/p>\n\n\n\n<p>INFORMACI\u00d3N PERIOD\u00cdSTICA<br>JUAN ANDR\u00c9S INZUNZA<\/p>\n","protected":false},"excerpt":{"rendered":"<p>La Facultad de Arquitectura, Dise\u00f1o y Estudios Urbanos lamenta el sensible fallecimiento del destacado arquitecto y docente de la escuela de Arquitectura PUC Florentino Toro, responsable de notables y reconocidos avances en materia de construcci\u00f3n de infraestructura educacional.<\/p>\n","protected":false},"author":1,"featured_media":6117,"comment_status":"open","ping_status":"open","sticky":false,"template":"","format":"standard","meta":{"_acf_changed":false,"footnotes":""},"categories":[1],"tags":[],"class_list":["post-6116","post","type-post","status-publish","format-standard","has-post-thumbnail","hentry","category-sin-categorizar"],"acf":[],"yoast_head":"<!-- This site is optimized with the Yoast SEO plugin v27.1.1 - https:\/\/yoast.com\/product\/yoast-seo-wordpress\/ -->\n<title>Fallece el destacado arquitecto y docente PUC, Florentino Toro - Facultad de Arquitectura, Dise\u00f1o y Estudios Urbanos<\/title>\n<meta name=\"description\" content=\"La Facultad de Arquitectura, Dise\u00f1o y Estudios Urbanos lamenta el sensible fallecimiento del destacado arquitecto y docente de la escuela de Arquitectura PUC Florentino Toro, responsable de notables y reconocidos avances en materia de construcci\u00f3n de infraestructura educacional.\" \/>\n<meta name=\"robots\" content=\"index, follow, max-snippet:-1, max-image-preview:large, max-video-preview:-1\" \/>\n<link rel=\"canonical\" href=\"https:\/\/fadeu.urantiacos.cl\/en\/2021\/10\/21\/fallece-el-destacado-arquitecto-y-docente-puc-florentino-toro\/\" \/>\n<meta property=\"og:locale\" content=\"en_US\" \/>\n<meta property=\"og:type\" content=\"article\" \/>\n<meta property=\"og:title\" content=\"Fallece el destacado arquitecto y docente PUC, Florentino Toro - Facultad de Arquitectura, Dise\u00f1o y Estudios Urbanos\" \/>\n<meta property=\"og:description\" content=\"La Facultad de Arquitectura, Dise\u00f1o y Estudios Urbanos lamenta el sensible fallecimiento del destacado arquitecto y docente de la escuela de Arquitectura PUC Florentino Toro, responsable de notables y reconocidos avances en materia de construcci\u00f3n de infraestructura educacional.\" \/>\n<meta property=\"og:url\" content=\"https:\/\/fadeu.urantiacos.cl\/en\/2021\/10\/21\/fallece-el-destacado-arquitecto-y-docente-puc-florentino-toro\/\" \/>\n<meta property=\"og:site_name\" content=\"Facultad de Arquitectura, Dise\u00f1o y Estudios Urbanos\" \/>\n<meta property=\"article:published_time\" content=\"2021-10-21T14:06:00+00:00\" \/>\n<meta property=\"article:modified_time\" content=\"2023-09-07T14:08:47+00:00\" \/>\n<meta property=\"og:image\" content=\"https:\/\/fadeu.urantiacos.cl\/wp-content\/uploads\/2023\/09\/Florentino_Toro.png\" \/>\n\t<meta property=\"og:image:width\" content=\"350\" \/>\n\t<meta property=\"og:image:height\" content=\"250\" \/>\n\t<meta property=\"og:image:type\" content=\"image\/png\" \/>\n<meta name=\"author\" content=\"manadmin\" \/>\n<meta name=\"twitter:card\" content=\"summary_large_image\" \/>\n<meta name=\"twitter:label1\" content=\"Written by\" \/>\n\t<meta name=\"twitter:data1\" content=\"manadmin\" \/>\n\t<meta name=\"twitter:label2\" content=\"Est. reading time\" \/>\n\t<meta name=\"twitter:data2\" content=\"1 minute\" \/>\n<script type=\"application\/ld+json\" class=\"yoast-schema-graph\">{\"@context\":\"https:\/\/schema.org\",\"@graph\":[{\"@type\":\"Article\",\"@id\":\"https:\/\/fadeu.urantiacos.cl\/en\/2021\/10\/21\/fallece-el-destacado-arquitecto-y-docente-puc-florentino-toro\/#article\",\"isPartOf\":{\"@id\":\"https:\/\/fadeu.urantiacos.cl\/en\/2021\/10\/21\/fallece-el-destacado-arquitecto-y-docente-puc-florentino-toro\/\"},\"author\":{\"name\":\"manadmin\",\"@id\":\"https:\/\/fadeu.urantiacos.cl\/en\/#\/schema\/person\/d203e2e84b1c40275eac77b3061a19a2\"},\"headline\":\"Fallece el destacado arquitecto y docente PUC, Florentino Toro\",\"datePublished\":\"2021-10-21T14:06:00+00:00\",\"dateModified\":\"2023-09-07T14:08:47+00:00\",\"mainEntityOfPage\":{\"@id\":\"https:\/\/fadeu.urantiacos.cl\/en\/2021\/10\/21\/fallece-el-destacado-arquitecto-y-docente-puc-florentino-toro\/\"},\"wordCount\":278,\"commentCount\":0,\"image\":{\"@id\":\"https:\/\/fadeu.urantiacos.cl\/en\/2021\/10\/21\/fallece-el-destacado-arquitecto-y-docente-puc-florentino-toro\/#primaryimage\"},\"thumbnailUrl\":\"https:\/\/fadeu.urantiacos.cl\/wp-content\/uploads\/2023\/09\/Florentino_Toro.png\",\"articleSection\":[\"Sin categorizar\"],\"inLanguage\":\"en-US\",\"potentialAction\":[{\"@type\":\"CommentAction\",\"name\":\"Comment\",\"target\":[\"https:\/\/fadeu.urantiacos.cl\/en\/2021\/10\/21\/fallece-el-destacado-arquitecto-y-docente-puc-florentino-toro\/#respond\"]}]},{\"@type\":\"WebPage\",\"@id\":\"https:\/\/fadeu.urantiacos.cl\/en\/2021\/10\/21\/fallece-el-destacado-arquitecto-y-docente-puc-florentino-toro\/\",\"url\":\"https:\/\/fadeu.urantiacos.cl\/en\/2021\/10\/21\/fallece-el-destacado-arquitecto-y-docente-puc-florentino-toro\/\",\"name\":\"Fallece el destacado arquitecto y docente PUC, Florentino Toro - Facultad de Arquitectura, Dise\u00f1o y Estudios Urbanos\",\"isPartOf\":{\"@id\":\"https:\/\/fadeu.urantiacos.cl\/en\/#website\"},\"primaryImageOfPage\":{\"@id\":\"https:\/\/fadeu.urantiacos.cl\/en\/2021\/10\/21\/fallece-el-destacado-arquitecto-y-docente-puc-florentino-toro\/#primaryimage\"},\"image\":{\"@id\":\"https:\/\/fadeu.urantiacos.cl\/en\/2021\/10\/21\/fallece-el-destacado-arquitecto-y-docente-puc-florentino-toro\/#primaryimage\"},\"thumbnailUrl\":\"https:\/\/fadeu.urantiacos.cl\/wp-content\/uploads\/2023\/09\/Florentino_Toro.png\",\"datePublished\":\"2021-10-21T14:06:00+00:00\",\"dateModified\":\"2023-09-07T14:08:47+00:00\",\"author\":{\"@id\":\"https:\/\/fadeu.urantiacos.cl\/en\/#\/schema\/person\/d203e2e84b1c40275eac77b3061a19a2\"},\"description\":\"La Facultad de Arquitectura, Dise\u00f1o y Estudios Urbanos lamenta el sensible fallecimiento del destacado arquitecto y docente de la escuela de Arquitectura PUC Florentino Toro, responsable de notables y reconocidos avances en materia de construcci\u00f3n de infraestructura educacional.\",\"breadcrumb\":{\"@id\":\"https:\/\/fadeu.urantiacos.cl\/en\/2021\/10\/21\/fallece-el-destacado-arquitecto-y-docente-puc-florentino-toro\/#breadcrumb\"},\"inLanguage\":\"en-US\",\"potentialAction\":[{\"@type\":\"ReadAction\",\"target\":[\"https:\/\/fadeu.urantiacos.cl\/en\/2021\/10\/21\/fallece-el-destacado-arquitecto-y-docente-puc-florentino-toro\/\"]}]},{\"@type\":\"ImageObject\",\"inLanguage\":\"en-US\",\"@id\":\"https:\/\/fadeu.urantiacos.cl\/en\/2021\/10\/21\/fallece-el-destacado-arquitecto-y-docente-puc-florentino-toro\/#primaryimage\",\"url\":\"https:\/\/fadeu.urantiacos.cl\/wp-content\/uploads\/2023\/09\/Florentino_Toro.png\",\"contentUrl\":\"https:\/\/fadeu.urantiacos.cl\/wp-content\/uploads\/2023\/09\/Florentino_Toro.png\",\"width\":350,\"height\":250},{\"@type\":\"BreadcrumbList\",\"@id\":\"https:\/\/fadeu.urantiacos.cl\/en\/2021\/10\/21\/fallece-el-destacado-arquitecto-y-docente-puc-florentino-toro\/#breadcrumb\",\"itemListElement\":[{\"@type\":\"ListItem\",\"position\":1,\"name\":\"Portada\",\"item\":\"https:\/\/fadeu.urantiacos.cl\/en\/\"},{\"@type\":\"ListItem\",\"position\":2,\"name\":\"Fallece el destacado arquitecto y docente PUC, Florentino Toro\"}]},{\"@type\":\"WebSite\",\"@id\":\"https:\/\/fadeu.urantiacos.cl\/en\/#website\",\"url\":\"https:\/\/fadeu.urantiacos.cl\/en\/\",\"name\":\"Facultad de Arquitectura, Dise\u00f1o y Estudios Urbanos\",\"description\":\"Campus Lo Contador\",\"potentialAction\":[{\"@type\":\"SearchAction\",\"target\":{\"@type\":\"EntryPoint\",\"urlTemplate\":\"https:\/\/fadeu.urantiacos.cl\/en\/?s={search_term_string}\"},\"query-input\":{\"@type\":\"PropertyValueSpecification\",\"valueRequired\":true,\"valueName\":\"search_term_string\"}}],\"inLanguage\":\"en-US\"},{\"@type\":\"Person\",\"@id\":\"https:\/\/fadeu.urantiacos.cl\/en\/#\/schema\/person\/d203e2e84b1c40275eac77b3061a19a2\",\"name\":\"manadmin\",\"image\":{\"@type\":\"ImageObject\",\"inLanguage\":\"en-US\",\"@id\":\"https:\/\/fadeu.urantiacos.cl\/en\/#\/schema\/person\/image\/\",\"url\":\"https:\/\/secure.gravatar.com\/avatar\/4b1d8e3303b4a9d8968ac578947d8bc80d9aea359f388cdd4aac15cadc0e8447?s=96&d=mm&r=g\",\"contentUrl\":\"https:\/\/secure.gravatar.com\/avatar\/4b1d8e3303b4a9d8968ac578947d8bc80d9aea359f388cdd4aac15cadc0e8447?s=96&d=mm&r=g\",\"caption\":\"manadmin\"},\"sameAs\":[\"https:\/\/fadeu.urantiacos.cl\"]}]}<\/script>\n<!-- \/ Yoast SEO plugin. -->","yoast_head_json":{"title":"Fallece el destacado arquitecto y docente PUC, Florentino Toro - Facultad de Arquitectura, Dise\u00f1o y Estudios Urbanos","description":"La Facultad de Arquitectura, Dise\u00f1o y Estudios Urbanos lamenta el sensible fallecimiento del destacado arquitecto y docente de la escuela de Arquitectura PUC Florentino Toro, responsable de notables y reconocidos avances en materia de construcci\u00f3n de infraestructura educacional.","robots":{"index":"index","follow":"follow","max-snippet":"max-snippet:-1","max-image-preview":"max-image-preview:large","max-video-preview":"max-video-preview:-1"},"canonical":"https:\/\/fadeu.urantiacos.cl\/en\/2021\/10\/21\/fallece-el-destacado-arquitecto-y-docente-puc-florentino-toro\/","og_locale":"en_US","og_type":"article","og_title":"Fallece el destacado arquitecto y docente PUC, Florentino Toro - Facultad de Arquitectura, Dise\u00f1o y Estudios Urbanos","og_description":"La Facultad de Arquitectura, Dise\u00f1o y Estudios Urbanos lamenta el sensible fallecimiento del destacado arquitecto y docente de la escuela de Arquitectura PUC Florentino Toro, responsable de notables y reconocidos avances en materia de construcci\u00f3n de infraestructura educacional.","og_url":"https:\/\/fadeu.urantiacos.cl\/en\/2021\/10\/21\/fallece-el-destacado-arquitecto-y-docente-puc-florentino-toro\/","og_site_name":"Facultad de Arquitectura, Dise\u00f1o y Estudios Urbanos","article_published_time":"2021-10-21T14:06:00+00:00","article_modified_time":"2023-09-07T14:08:47+00:00","og_image":[{"width":350,"height":250,"url":"https:\/\/fadeu.urantiacos.cl\/wp-content\/uploads\/2023\/09\/Florentino_Toro.png","type":"image\/png"}],"author":"manadmin","twitter_card":"summary_large_image","twitter_misc":{"Written by":"manadmin","Est. reading time":"1 minute"},"schema":{"@context":"https:\/\/schema.org","@graph":[{"@type":"Article","@id":"https:\/\/fadeu.urantiacos.cl\/en\/2021\/10\/21\/fallece-el-destacado-arquitecto-y-docente-puc-florentino-toro\/#article","isPartOf":{"@id":"https:\/\/fadeu.urantiacos.cl\/en\/2021\/10\/21\/fallece-el-destacado-arquitecto-y-docente-puc-florentino-toro\/"},"author":{"name":"manadmin","@id":"https:\/\/fadeu.urantiacos.cl\/en\/#\/schema\/person\/d203e2e84b1c40275eac77b3061a19a2"},"headline":"Fallece el destacado arquitecto y docente PUC, Florentino Toro","datePublished":"2021-10-21T14:06:00+00:00","dateModified":"2023-09-07T14:08:47+00:00","mainEntityOfPage":{"@id":"https:\/\/fadeu.urantiacos.cl\/en\/2021\/10\/21\/fallece-el-destacado-arquitecto-y-docente-puc-florentino-toro\/"},"wordCount":278,"commentCount":0,"image":{"@id":"https:\/\/fadeu.urantiacos.cl\/en\/2021\/10\/21\/fallece-el-destacado-arquitecto-y-docente-puc-florentino-toro\/#primaryimage"},"thumbnailUrl":"https:\/\/fadeu.urantiacos.cl\/wp-content\/uploads\/2023\/09\/Florentino_Toro.png","articleSection":["Sin categorizar"],"inLanguage":"en-US","potentialAction":[{"@type":"CommentAction","name":"Comment","target":["https:\/\/fadeu.urantiacos.cl\/en\/2021\/10\/21\/fallece-el-destacado-arquitecto-y-docente-puc-florentino-toro\/#respond"]}]},{"@type":"WebPage","@id":"https:\/\/fadeu.urantiacos.cl\/en\/2021\/10\/21\/fallece-el-destacado-arquitecto-y-docente-puc-florentino-toro\/","url":"https:\/\/fadeu.urantiacos.cl\/en\/2021\/10\/21\/fallece-el-destacado-arquitecto-y-docente-puc-florentino-toro\/","name":"Fallece el destacado arquitecto y docente PUC, Florentino Toro - Facultad de Arquitectura, Dise\u00f1o y Estudios Urbanos","isPartOf":{"@id":"https:\/\/fadeu.urantiacos.cl\/en\/#website"},"primaryImageOfPage":{"@id":"https:\/\/fadeu.urantiacos.cl\/en\/2021\/10\/21\/fallece-el-destacado-arquitecto-y-docente-puc-florentino-toro\/#primaryimage"},"image":{"@id":"https:\/\/fadeu.urantiacos.cl\/en\/2021\/10\/21\/fallece-el-destacado-arquitecto-y-docente-puc-florentino-toro\/#primaryimage"},"thumbnailUrl":"https:\/\/fadeu.urantiacos.cl\/wp-content\/uploads\/2023\/09\/Florentino_Toro.png","datePublished":"2021-10-21T14:06:00+00:00","dateModified":"2023-09-07T14:08:47+00:00","author":{"@id":"https:\/\/fadeu.urantiacos.cl\/en\/#\/schema\/person\/d203e2e84b1c40275eac77b3061a19a2"},"description":"La Facultad de Arquitectura, Dise\u00f1o y Estudios Urbanos lamenta el sensible fallecimiento del destacado arquitecto y docente de la escuela de Arquitectura PUC Florentino Toro, responsable de notables y reconocidos avances en materia de construcci\u00f3n de infraestructura educacional.","breadcrumb":{"@id":"https:\/\/fadeu.urantiacos.cl\/en\/2021\/10\/21\/fallece-el-destacado-arquitecto-y-docente-puc-florentino-toro\/#breadcrumb"},"inLanguage":"en-US","potentialAction":[{"@type":"ReadAction","target":["https:\/\/fadeu.urantiacos.cl\/en\/2021\/10\/21\/fallece-el-destacado-arquitecto-y-docente-puc-florentino-toro\/"]}]},{"@type":"ImageObject","inLanguage":"en-US","@id":"https:\/\/fadeu.urantiacos.cl\/en\/2021\/10\/21\/fallece-el-destacado-arquitecto-y-docente-puc-florentino-toro\/#primaryimage","url":"https:\/\/fadeu.urantiacos.cl\/wp-content\/uploads\/2023\/09\/Florentino_Toro.png","contentUrl":"https:\/\/fadeu.urantiacos.cl\/wp-content\/uploads\/2023\/09\/Florentino_Toro.png","width":350,"height":250},{"@type":"BreadcrumbList","@id":"https:\/\/fadeu.urantiacos.cl\/en\/2021\/10\/21\/fallece-el-destacado-arquitecto-y-docente-puc-florentino-toro\/#breadcrumb","itemListElement":[{"@type":"ListItem","position":1,"name":"Portada","item":"https:\/\/fadeu.urantiacos.cl\/en\/"},{"@type":"ListItem","position":2,"name":"Fallece el destacado arquitecto y docente PUC, Florentino Toro"}]},{"@type":"WebSite","@id":"https:\/\/fadeu.urantiacos.cl\/en\/#website","url":"https:\/\/fadeu.urantiacos.cl\/en\/","name":"Facultad de Arquitectura, Dise\u00f1o y Estudios Urbanos","description":"Campus Lo Contador","potentialAction":[{"@type":"SearchAction","target":{"@type":"EntryPoint","urlTemplate":"https:\/\/fadeu.urantiacos.cl\/en\/?s={search_term_string}"},"query-input":{"@type":"PropertyValueSpecification","valueRequired":true,"valueName":"search_term_string"}}],"inLanguage":"en-US"},{"@type":"Person","@id":"https:\/\/fadeu.urantiacos.cl\/en\/#\/schema\/person\/d203e2e84b1c40275eac77b3061a19a2","name":"manadmin","image":{"@type":"ImageObject","inLanguage":"en-US","@id":"https:\/\/fadeu.urantiacos.cl\/en\/#\/schema\/person\/image\/","url":"https:\/\/secure.gravatar.com\/avatar\/4b1d8e3303b4a9d8968ac578947d8bc80d9aea359f388cdd4aac15cadc0e8447?s=96&d=mm&r=g","contentUrl":"https:\/\/secure.gravatar.com\/avatar\/4b1d8e3303b4a9d8968ac578947d8bc80d9aea359f388cdd4aac15cadc0e8447?s=96&d=mm&r=g","caption":"manadmin"},"sameAs":["https:\/\/fadeu.urantiacos.cl"]}]}},"_links":{"self":[{"href":"https:\/\/fadeu.urantiacos.cl\/en\/wp-json\/wp\/v2\/posts\/6116","targetHints":{"allow":["GET"]}}],"collection":[{"href":"https:\/\/fadeu.urantiacos.cl\/en\/wp-json\/wp\/v2\/posts"}],"about":[{"href":"https:\/\/fadeu.urantiacos.cl\/en\/wp-json\/wp\/v2\/types\/post"}],"author":[{"embeddable":true,"href":"https:\/\/fadeu.urantiacos.cl\/en\/wp-json\/wp\/v2\/users\/1"}],"replies":[{"embeddable":true,"href":"https:\/\/fadeu.urantiacos.cl\/en\/wp-json\/wp\/v2\/comments?post=6116"}],"version-history":[{"count":1,"href":"https:\/\/fadeu.urantiacos.cl\/en\/wp-json\/wp\/v2\/posts\/6116\/revisions"}],"predecessor-version":[{"id":6118,"href":"https:\/\/fadeu.urantiacos.cl\/en\/wp-json\/wp\/v2\/posts\/6116\/revisions\/6118"}],"wp:featuredmedia":[{"embeddable":true,"href":"https:\/\/fadeu.urantiacos.cl\/en\/wp-json\/wp\/v2\/media\/6117"}],"wp:attachment":[{"href":"https:\/\/fadeu.urantiacos.cl\/en\/wp-json\/wp\/v2\/media?parent=6116"}],"wp:term":[{"taxonomy":"category","embeddable":true,"href":"https:\/\/fadeu.urantiacos.cl\/en\/wp-json\/wp\/v2\/categories?post=6116"},{"taxonomy":"post_tag","embeddable":true,"href":"https:\/\/fadeu.urantiacos.cl\/en\/wp-json\/wp\/v2\/tags?post=6116"}],"curies":[{"name":"wp","href":"https:\/\/api.w.org\/{rel}","templated":true}]}}