{"id":6112,"date":"2021-10-21T11:02:00","date_gmt":"2021-10-21T14:02:00","guid":{"rendered":"https:\/\/fadeu.urantiacos.cl\/?p=6112"},"modified":"2023-09-07T11:06:01","modified_gmt":"2023-09-07T14:06:01","slug":"decanato-realizo-taller-sobre-buen-trato-y-convivencia-con-academicos-de-la-fadeu","status":"publish","type":"post","link":"https:\/\/fadeu.urantiacos.cl\/en\/2021\/10\/21\/decanato-realizo-taller-sobre-buen-trato-y-convivencia-con-academicos-de-la-fadeu\/","title":{"rendered":"Decanato realiz\u00f3 taller sobre Buen Trato y Convivencia con acad\u00e9micos de la FADEU"},"content":{"rendered":"\n<figure class=\"wp-block-image size-full\"><img decoding=\"async\" width=\"350\" height=\"250\" src=\"https:\/\/fadeu.urantiacos.cl\/wp-content\/uploads\/2023\/09\/WEB_Captura_de_pantalla_2021-10-18_a_las_12.29.08.png\" alt=\"\" class=\"wp-image-6113\" srcset=\"https:\/\/fadeu.urantiacos.cl\/wp-content\/uploads\/2023\/09\/WEB_Captura_de_pantalla_2021-10-18_a_las_12.29.08.png 350w, https:\/\/fadeu.urantiacos.cl\/wp-content\/uploads\/2023\/09\/WEB_Captura_de_pantalla_2021-10-18_a_las_12.29.08-300x214.png 300w\" sizes=\"(max-width: 350px) 100vw, 350px\" \/><\/figure>\n\n\n\n<p>El objetivo fue generar un espacio de conversaci\u00f3n y reencuentro, que servir\u00e1 como insumo para desarrollar buenas pr\u00e1cticas de trabajo colaborativo que fortalezcan la convivencia interna en la facultad.<\/p>\n\n\n\n<p>La actividad se llev\u00f3 a cabo en dos jornadas, durante la semana de receso para estudiantes, los d\u00edas lunes 18 y jueves 21 de octubre, y cont\u00f3 con la participaci\u00f3n de las psic\u00f3logas Ana Maria Aaron y Andrea Machuca, ambas fundadoras del Centro de Estudios y promoci\u00f3n del Buen Trato UC.<\/p>\n\n\n\n<p>La reflexi\u00f3n gir\u00f3 en torno a las expectativas de los profesores respecto al desarrollo de instancias que promuevan el buen trato; de c\u00f3mo es posible generar contextos o climas nutritivos para la convivencia; y posibles v\u00edas de trabajo futuro para desarrollar estas y otras iniciativas en mayor profundidad.&nbsp;<\/p>\n\n\n\n<p>El taller permiti\u00f3, adem\u00e1s, conversar sobre las distintas relaciones existentes en nuestra comunidad, entre profesores, alumnos y profesionales y administrativos, reconociendo la importancia del trabajo colaborativo, solidario y de cuidado que debe imperar en la construcci\u00f3n del buen trato en la FADEU.<\/p>\n\n\n\n<figure class=\"wp-block-image size-large\"><img decoding=\"async\" width=\"1024\" height=\"640\" src=\"https:\/\/fadeu.urantiacos.cl\/wp-content\/uploads\/2023\/09\/Captura_de_pantalla_2021-10-18_a_las_12.29.08-1024x640.png\" alt=\"\" class=\"wp-image-6114\" srcset=\"https:\/\/fadeu.urantiacos.cl\/wp-content\/uploads\/2023\/09\/Captura_de_pantalla_2021-10-18_a_las_12.29.08-1024x640.png 1024w, https:\/\/fadeu.urantiacos.cl\/wp-content\/uploads\/2023\/09\/Captura_de_pantalla_2021-10-18_a_las_12.29.08-300x188.png 300w, https:\/\/fadeu.urantiacos.cl\/wp-content\/uploads\/2023\/09\/Captura_de_pantalla_2021-10-18_a_las_12.29.08-768x480.png 768w, https:\/\/fadeu.urantiacos.cl\/wp-content\/uploads\/2023\/09\/Captura_de_pantalla_2021-10-18_a_las_12.29.08-1536x960.png 1536w, https:\/\/fadeu.urantiacos.cl\/wp-content\/uploads\/2023\/09\/Captura_de_pantalla_2021-10-18_a_las_12.29.08-2048x1280.png 2048w, https:\/\/fadeu.urantiacos.cl\/wp-content\/uploads\/2023\/09\/Captura_de_pantalla_2021-10-18_a_las_12.29.08.png 1600w\" sizes=\"(max-width: 1024px) 100vw, 1024px\" \/><\/figure>\n\n\n\n<p>INFORMACI\u00d3N PERIOD\u00cdSTICA<br>JUAN ANDR\u00c9S INZUNZA<\/p>\n","protected":false},"excerpt":{"rendered":"<p>Como una iniciativa de la Unidad de Equidad de G\u00e9nero y Buen Trato de la Facultad de Arquitectura, Dise\u00f1o y Estudios Urbanos, se realiz\u00f3 un \u201cTaller del Buen Trato y Convivencia\u201d, para acad\u00e9micos de planta ordinaria y especial.<\/p>\n","protected":false},"author":1,"featured_media":6113,"comment_status":"open","ping_status":"open","sticky":false,"template":"","format":"standard","meta":{"_acf_changed":false,"footnotes":""},"categories":[1],"tags":[],"class_list":["post-6112","post","type-post","status-publish","format-standard","has-post-thumbnail","hentry","category-sin-categorizar"],"acf":[],"yoast_head":"<!-- This site is optimized with the Yoast SEO plugin v27.1.1 - https:\/\/yoast.com\/product\/yoast-seo-wordpress\/ -->\n<title>Decanato realiz\u00f3 taller sobre Buen Trato y Convivencia con acad\u00e9micos de la FADEU - Facultad de Arquitectura, Dise\u00f1o y Estudios Urbanos<\/title>\n<meta name=\"description\" content=\"Como una iniciativa de la Unidad de Equidad de G\u00e9nero y Buen Trato de la Facultad de Arquitectura, Dise\u00f1o y Estudios Urbanos, se realiz\u00f3 un \u201cTaller del Buen Trato y Convivencia\u201d, para acad\u00e9micos de planta ordinaria y especial.\" \/>\n<meta name=\"robots\" content=\"index, follow, max-snippet:-1, max-image-preview:large, max-video-preview:-1\" \/>\n<link rel=\"canonical\" href=\"https:\/\/fadeu.urantiacos.cl\/en\/2021\/10\/21\/decanato-realizo-taller-sobre-buen-trato-y-convivencia-con-academicos-de-la-fadeu\/\" \/>\n<meta property=\"og:locale\" content=\"en_US\" \/>\n<meta property=\"og:type\" content=\"article\" \/>\n<meta property=\"og:title\" content=\"Decanato realiz\u00f3 taller sobre Buen Trato y Convivencia con acad\u00e9micos de la FADEU - Facultad de Arquitectura, Dise\u00f1o y Estudios Urbanos\" \/>\n<meta property=\"og:description\" content=\"Como una iniciativa de la Unidad de Equidad de G\u00e9nero y Buen Trato de la Facultad de Arquitectura, Dise\u00f1o y Estudios Urbanos, se realiz\u00f3 un \u201cTaller del Buen Trato y Convivencia\u201d, para acad\u00e9micos de planta ordinaria y especial.\" \/>\n<meta property=\"og:url\" content=\"https:\/\/fadeu.urantiacos.cl\/en\/2021\/10\/21\/decanato-realizo-taller-sobre-buen-trato-y-convivencia-con-academicos-de-la-fadeu\/\" \/>\n<meta property=\"og:site_name\" content=\"Facultad de Arquitectura, Dise\u00f1o y Estudios Urbanos\" \/>\n<meta property=\"article:published_time\" content=\"2021-10-21T14:02:00+00:00\" \/>\n<meta property=\"article:modified_time\" content=\"2023-09-07T14:06:01+00:00\" \/>\n<meta property=\"og:image\" content=\"https:\/\/fadeu.urantiacos.cl\/wp-content\/uploads\/2023\/09\/WEB_Captura_de_pantalla_2021-10-18_a_las_12.29.08.png\" \/>\n\t<meta property=\"og:image:width\" content=\"350\" \/>\n\t<meta property=\"og:image:height\" content=\"250\" \/>\n\t<meta property=\"og:image:type\" content=\"image\/png\" \/>\n<meta name=\"author\" content=\"manadmin\" \/>\n<meta name=\"twitter:card\" content=\"summary_large_image\" \/>\n<meta name=\"twitter:label1\" content=\"Written by\" \/>\n\t<meta name=\"twitter:data1\" content=\"manadmin\" \/>\n\t<meta name=\"twitter:label2\" content=\"Est. reading time\" \/>\n\t<meta name=\"twitter:data2\" content=\"1 minute\" \/>\n<script type=\"application\/ld+json\" class=\"yoast-schema-graph\">{\"@context\":\"https:\/\/schema.org\",\"@graph\":[{\"@type\":\"Article\",\"@id\":\"https:\/\/fadeu.urantiacos.cl\/en\/2021\/10\/21\/decanato-realizo-taller-sobre-buen-trato-y-convivencia-con-academicos-de-la-fadeu\/#article\",\"isPartOf\":{\"@id\":\"https:\/\/fadeu.urantiacos.cl\/en\/2021\/10\/21\/decanato-realizo-taller-sobre-buen-trato-y-convivencia-con-academicos-de-la-fadeu\/\"},\"author\":{\"name\":\"manadmin\",\"@id\":\"https:\/\/fadeu.urantiacos.cl\/en\/#\/schema\/person\/d203e2e84b1c40275eac77b3061a19a2\"},\"headline\":\"Decanato realiz\u00f3 taller sobre Buen Trato y Convivencia con acad\u00e9micos de la FADEU\",\"datePublished\":\"2021-10-21T14:02:00+00:00\",\"dateModified\":\"2023-09-07T14:06:01+00:00\",\"mainEntityOfPage\":{\"@id\":\"https:\/\/fadeu.urantiacos.cl\/en\/2021\/10\/21\/decanato-realizo-taller-sobre-buen-trato-y-convivencia-con-academicos-de-la-fadeu\/\"},\"wordCount\":201,\"commentCount\":0,\"image\":{\"@id\":\"https:\/\/fadeu.urantiacos.cl\/en\/2021\/10\/21\/decanato-realizo-taller-sobre-buen-trato-y-convivencia-con-academicos-de-la-fadeu\/#primaryimage\"},\"thumbnailUrl\":\"https:\/\/fadeu.urantiacos.cl\/wp-content\/uploads\/2023\/09\/WEB_Captura_de_pantalla_2021-10-18_a_las_12.29.08.png\",\"articleSection\":[\"Sin categorizar\"],\"inLanguage\":\"en-US\",\"potentialAction\":[{\"@type\":\"CommentAction\",\"name\":\"Comment\",\"target\":[\"https:\/\/fadeu.urantiacos.cl\/en\/2021\/10\/21\/decanato-realizo-taller-sobre-buen-trato-y-convivencia-con-academicos-de-la-fadeu\/#respond\"]}]},{\"@type\":\"WebPage\",\"@id\":\"https:\/\/fadeu.urantiacos.cl\/en\/2021\/10\/21\/decanato-realizo-taller-sobre-buen-trato-y-convivencia-con-academicos-de-la-fadeu\/\",\"url\":\"https:\/\/fadeu.urantiacos.cl\/en\/2021\/10\/21\/decanato-realizo-taller-sobre-buen-trato-y-convivencia-con-academicos-de-la-fadeu\/\",\"name\":\"Decanato realiz\u00f3 taller sobre Buen Trato y Convivencia con acad\u00e9micos de la FADEU - Facultad de Arquitectura, Dise\u00f1o y Estudios Urbanos\",\"isPartOf\":{\"@id\":\"https:\/\/fadeu.urantiacos.cl\/en\/#website\"},\"primaryImageOfPage\":{\"@id\":\"https:\/\/fadeu.urantiacos.cl\/en\/2021\/10\/21\/decanato-realizo-taller-sobre-buen-trato-y-convivencia-con-academicos-de-la-fadeu\/#primaryimage\"},\"image\":{\"@id\":\"https:\/\/fadeu.urantiacos.cl\/en\/2021\/10\/21\/decanato-realizo-taller-sobre-buen-trato-y-convivencia-con-academicos-de-la-fadeu\/#primaryimage\"},\"thumbnailUrl\":\"https:\/\/fadeu.urantiacos.cl\/wp-content\/uploads\/2023\/09\/WEB_Captura_de_pantalla_2021-10-18_a_las_12.29.08.png\",\"datePublished\":\"2021-10-21T14:02:00+00:00\",\"dateModified\":\"2023-09-07T14:06:01+00:00\",\"author\":{\"@id\":\"https:\/\/fadeu.urantiacos.cl\/en\/#\/schema\/person\/d203e2e84b1c40275eac77b3061a19a2\"},\"description\":\"Como una iniciativa de la Unidad de Equidad de G\u00e9nero y Buen Trato de la Facultad de Arquitectura, Dise\u00f1o y Estudios Urbanos, se realiz\u00f3 un \u201cTaller del Buen Trato y Convivencia\u201d, para acad\u00e9micos de planta ordinaria y especial.\",\"breadcrumb\":{\"@id\":\"https:\/\/fadeu.urantiacos.cl\/en\/2021\/10\/21\/decanato-realizo-taller-sobre-buen-trato-y-convivencia-con-academicos-de-la-fadeu\/#breadcrumb\"},\"inLanguage\":\"en-US\",\"potentialAction\":[{\"@type\":\"ReadAction\",\"target\":[\"https:\/\/fadeu.urantiacos.cl\/en\/2021\/10\/21\/decanato-realizo-taller-sobre-buen-trato-y-convivencia-con-academicos-de-la-fadeu\/\"]}]},{\"@type\":\"ImageObject\",\"inLanguage\":\"en-US\",\"@id\":\"https:\/\/fadeu.urantiacos.cl\/en\/2021\/10\/21\/decanato-realizo-taller-sobre-buen-trato-y-convivencia-con-academicos-de-la-fadeu\/#primaryimage\",\"url\":\"https:\/\/fadeu.urantiacos.cl\/wp-content\/uploads\/2023\/09\/WEB_Captura_de_pantalla_2021-10-18_a_las_12.29.08.png\",\"contentUrl\":\"https:\/\/fadeu.urantiacos.cl\/wp-content\/uploads\/2023\/09\/WEB_Captura_de_pantalla_2021-10-18_a_las_12.29.08.png\",\"width\":350,\"height\":250},{\"@type\":\"BreadcrumbList\",\"@id\":\"https:\/\/fadeu.urantiacos.cl\/en\/2021\/10\/21\/decanato-realizo-taller-sobre-buen-trato-y-convivencia-con-academicos-de-la-fadeu\/#breadcrumb\",\"itemListElement\":[{\"@type\":\"ListItem\",\"position\":1,\"name\":\"Portada\",\"item\":\"https:\/\/fadeu.urantiacos.cl\/en\/\"},{\"@type\":\"ListItem\",\"position\":2,\"name\":\"Decanato realiz\u00f3 taller sobre Buen Trato y Convivencia con acad\u00e9micos de la FADEU\"}]},{\"@type\":\"WebSite\",\"@id\":\"https:\/\/fadeu.urantiacos.cl\/en\/#website\",\"url\":\"https:\/\/fadeu.urantiacos.cl\/en\/\",\"name\":\"Facultad de Arquitectura, Dise\u00f1o y Estudios Urbanos\",\"description\":\"Campus Lo Contador\",\"potentialAction\":[{\"@type\":\"SearchAction\",\"target\":{\"@type\":\"EntryPoint\",\"urlTemplate\":\"https:\/\/fadeu.urantiacos.cl\/en\/?s={search_term_string}\"},\"query-input\":{\"@type\":\"PropertyValueSpecification\",\"valueRequired\":true,\"valueName\":\"search_term_string\"}}],\"inLanguage\":\"en-US\"},{\"@type\":\"Person\",\"@id\":\"https:\/\/fadeu.urantiacos.cl\/en\/#\/schema\/person\/d203e2e84b1c40275eac77b3061a19a2\",\"name\":\"manadmin\",\"image\":{\"@type\":\"ImageObject\",\"inLanguage\":\"en-US\",\"@id\":\"https:\/\/fadeu.urantiacos.cl\/en\/#\/schema\/person\/image\/\",\"url\":\"https:\/\/secure.gravatar.com\/avatar\/4b1d8e3303b4a9d8968ac578947d8bc80d9aea359f388cdd4aac15cadc0e8447?s=96&d=mm&r=g\",\"contentUrl\":\"https:\/\/secure.gravatar.com\/avatar\/4b1d8e3303b4a9d8968ac578947d8bc80d9aea359f388cdd4aac15cadc0e8447?s=96&d=mm&r=g\",\"caption\":\"manadmin\"},\"sameAs\":[\"https:\/\/fadeu.urantiacos.cl\"]}]}<\/script>\n<!-- \/ Yoast SEO plugin. -->","yoast_head_json":{"title":"Decanato realiz\u00f3 taller sobre Buen Trato y Convivencia con acad\u00e9micos de la FADEU - Facultad de Arquitectura, Dise\u00f1o y Estudios Urbanos","description":"Como una iniciativa de la Unidad de Equidad de G\u00e9nero y Buen Trato de la Facultad de Arquitectura, Dise\u00f1o y Estudios Urbanos, se realiz\u00f3 un \u201cTaller del Buen Trato y Convivencia\u201d, para acad\u00e9micos de planta ordinaria y especial.","robots":{"index":"index","follow":"follow","max-snippet":"max-snippet:-1","max-image-preview":"max-image-preview:large","max-video-preview":"max-video-preview:-1"},"canonical":"https:\/\/fadeu.urantiacos.cl\/en\/2021\/10\/21\/decanato-realizo-taller-sobre-buen-trato-y-convivencia-con-academicos-de-la-fadeu\/","og_locale":"en_US","og_type":"article","og_title":"Decanato realiz\u00f3 taller sobre Buen Trato y Convivencia con acad\u00e9micos de la FADEU - Facultad de Arquitectura, Dise\u00f1o y Estudios Urbanos","og_description":"Como una iniciativa de la Unidad de Equidad de G\u00e9nero y Buen Trato de la Facultad de Arquitectura, Dise\u00f1o y Estudios Urbanos, se realiz\u00f3 un \u201cTaller del Buen Trato y Convivencia\u201d, para acad\u00e9micos de planta ordinaria y especial.","og_url":"https:\/\/fadeu.urantiacos.cl\/en\/2021\/10\/21\/decanato-realizo-taller-sobre-buen-trato-y-convivencia-con-academicos-de-la-fadeu\/","og_site_name":"Facultad de Arquitectura, Dise\u00f1o y Estudios Urbanos","article_published_time":"2021-10-21T14:02:00+00:00","article_modified_time":"2023-09-07T14:06:01+00:00","og_image":[{"width":350,"height":250,"url":"https:\/\/fadeu.urantiacos.cl\/wp-content\/uploads\/2023\/09\/WEB_Captura_de_pantalla_2021-10-18_a_las_12.29.08.png","type":"image\/png"}],"author":"manadmin","twitter_card":"summary_large_image","twitter_misc":{"Written by":"manadmin","Est. reading time":"1 minute"},"schema":{"@context":"https:\/\/schema.org","@graph":[{"@type":"Article","@id":"https:\/\/fadeu.urantiacos.cl\/en\/2021\/10\/21\/decanato-realizo-taller-sobre-buen-trato-y-convivencia-con-academicos-de-la-fadeu\/#article","isPartOf":{"@id":"https:\/\/fadeu.urantiacos.cl\/en\/2021\/10\/21\/decanato-realizo-taller-sobre-buen-trato-y-convivencia-con-academicos-de-la-fadeu\/"},"author":{"name":"manadmin","@id":"https:\/\/fadeu.urantiacos.cl\/en\/#\/schema\/person\/d203e2e84b1c40275eac77b3061a19a2"},"headline":"Decanato realiz\u00f3 taller sobre Buen Trato y Convivencia con acad\u00e9micos de la FADEU","datePublished":"2021-10-21T14:02:00+00:00","dateModified":"2023-09-07T14:06:01+00:00","mainEntityOfPage":{"@id":"https:\/\/fadeu.urantiacos.cl\/en\/2021\/10\/21\/decanato-realizo-taller-sobre-buen-trato-y-convivencia-con-academicos-de-la-fadeu\/"},"wordCount":201,"commentCount":0,"image":{"@id":"https:\/\/fadeu.urantiacos.cl\/en\/2021\/10\/21\/decanato-realizo-taller-sobre-buen-trato-y-convivencia-con-academicos-de-la-fadeu\/#primaryimage"},"thumbnailUrl":"https:\/\/fadeu.urantiacos.cl\/wp-content\/uploads\/2023\/09\/WEB_Captura_de_pantalla_2021-10-18_a_las_12.29.08.png","articleSection":["Sin categorizar"],"inLanguage":"en-US","potentialAction":[{"@type":"CommentAction","name":"Comment","target":["https:\/\/fadeu.urantiacos.cl\/en\/2021\/10\/21\/decanato-realizo-taller-sobre-buen-trato-y-convivencia-con-academicos-de-la-fadeu\/#respond"]}]},{"@type":"WebPage","@id":"https:\/\/fadeu.urantiacos.cl\/en\/2021\/10\/21\/decanato-realizo-taller-sobre-buen-trato-y-convivencia-con-academicos-de-la-fadeu\/","url":"https:\/\/fadeu.urantiacos.cl\/en\/2021\/10\/21\/decanato-realizo-taller-sobre-buen-trato-y-convivencia-con-academicos-de-la-fadeu\/","name":"Decanato realiz\u00f3 taller sobre Buen Trato y Convivencia con acad\u00e9micos de la FADEU - Facultad de Arquitectura, Dise\u00f1o y Estudios Urbanos","isPartOf":{"@id":"https:\/\/fadeu.urantiacos.cl\/en\/#website"},"primaryImageOfPage":{"@id":"https:\/\/fadeu.urantiacos.cl\/en\/2021\/10\/21\/decanato-realizo-taller-sobre-buen-trato-y-convivencia-con-academicos-de-la-fadeu\/#primaryimage"},"image":{"@id":"https:\/\/fadeu.urantiacos.cl\/en\/2021\/10\/21\/decanato-realizo-taller-sobre-buen-trato-y-convivencia-con-academicos-de-la-fadeu\/#primaryimage"},"thumbnailUrl":"https:\/\/fadeu.urantiacos.cl\/wp-content\/uploads\/2023\/09\/WEB_Captura_de_pantalla_2021-10-18_a_las_12.29.08.png","datePublished":"2021-10-21T14:02:00+00:00","dateModified":"2023-09-07T14:06:01+00:00","author":{"@id":"https:\/\/fadeu.urantiacos.cl\/en\/#\/schema\/person\/d203e2e84b1c40275eac77b3061a19a2"},"description":"Como una iniciativa de la Unidad de Equidad de G\u00e9nero y Buen Trato de la Facultad de Arquitectura, Dise\u00f1o y Estudios Urbanos, se realiz\u00f3 un \u201cTaller del Buen Trato y Convivencia\u201d, para acad\u00e9micos de planta ordinaria y especial.","breadcrumb":{"@id":"https:\/\/fadeu.urantiacos.cl\/en\/2021\/10\/21\/decanato-realizo-taller-sobre-buen-trato-y-convivencia-con-academicos-de-la-fadeu\/#breadcrumb"},"inLanguage":"en-US","potentialAction":[{"@type":"ReadAction","target":["https:\/\/fadeu.urantiacos.cl\/en\/2021\/10\/21\/decanato-realizo-taller-sobre-buen-trato-y-convivencia-con-academicos-de-la-fadeu\/"]}]},{"@type":"ImageObject","inLanguage":"en-US","@id":"https:\/\/fadeu.urantiacos.cl\/en\/2021\/10\/21\/decanato-realizo-taller-sobre-buen-trato-y-convivencia-con-academicos-de-la-fadeu\/#primaryimage","url":"https:\/\/fadeu.urantiacos.cl\/wp-content\/uploads\/2023\/09\/WEB_Captura_de_pantalla_2021-10-18_a_las_12.29.08.png","contentUrl":"https:\/\/fadeu.urantiacos.cl\/wp-content\/uploads\/2023\/09\/WEB_Captura_de_pantalla_2021-10-18_a_las_12.29.08.png","width":350,"height":250},{"@type":"BreadcrumbList","@id":"https:\/\/fadeu.urantiacos.cl\/en\/2021\/10\/21\/decanato-realizo-taller-sobre-buen-trato-y-convivencia-con-academicos-de-la-fadeu\/#breadcrumb","itemListElement":[{"@type":"ListItem","position":1,"name":"Portada","item":"https:\/\/fadeu.urantiacos.cl\/en\/"},{"@type":"ListItem","position":2,"name":"Decanato realiz\u00f3 taller sobre Buen Trato y Convivencia con acad\u00e9micos de la FADEU"}]},{"@type":"WebSite","@id":"https:\/\/fadeu.urantiacos.cl\/en\/#website","url":"https:\/\/fadeu.urantiacos.cl\/en\/","name":"Facultad de Arquitectura, Dise\u00f1o y Estudios Urbanos","description":"Campus Lo Contador","potentialAction":[{"@type":"SearchAction","target":{"@type":"EntryPoint","urlTemplate":"https:\/\/fadeu.urantiacos.cl\/en\/?s={search_term_string}"},"query-input":{"@type":"PropertyValueSpecification","valueRequired":true,"valueName":"search_term_string"}}],"inLanguage":"en-US"},{"@type":"Person","@id":"https:\/\/fadeu.urantiacos.cl\/en\/#\/schema\/person\/d203e2e84b1c40275eac77b3061a19a2","name":"manadmin","image":{"@type":"ImageObject","inLanguage":"en-US","@id":"https:\/\/fadeu.urantiacos.cl\/en\/#\/schema\/person\/image\/","url":"https:\/\/secure.gravatar.com\/avatar\/4b1d8e3303b4a9d8968ac578947d8bc80d9aea359f388cdd4aac15cadc0e8447?s=96&d=mm&r=g","contentUrl":"https:\/\/secure.gravatar.com\/avatar\/4b1d8e3303b4a9d8968ac578947d8bc80d9aea359f388cdd4aac15cadc0e8447?s=96&d=mm&r=g","caption":"manadmin"},"sameAs":["https:\/\/fadeu.urantiacos.cl"]}]}},"_links":{"self":[{"href":"https:\/\/fadeu.urantiacos.cl\/en\/wp-json\/wp\/v2\/posts\/6112","targetHints":{"allow":["GET"]}}],"collection":[{"href":"https:\/\/fadeu.urantiacos.cl\/en\/wp-json\/wp\/v2\/posts"}],"about":[{"href":"https:\/\/fadeu.urantiacos.cl\/en\/wp-json\/wp\/v2\/types\/post"}],"author":[{"embeddable":true,"href":"https:\/\/fadeu.urantiacos.cl\/en\/wp-json\/wp\/v2\/users\/1"}],"replies":[{"embeddable":true,"href":"https:\/\/fadeu.urantiacos.cl\/en\/wp-json\/wp\/v2\/comments?post=6112"}],"version-history":[{"count":1,"href":"https:\/\/fadeu.urantiacos.cl\/en\/wp-json\/wp\/v2\/posts\/6112\/revisions"}],"predecessor-version":[{"id":6115,"href":"https:\/\/fadeu.urantiacos.cl\/en\/wp-json\/wp\/v2\/posts\/6112\/revisions\/6115"}],"wp:featuredmedia":[{"embeddable":true,"href":"https:\/\/fadeu.urantiacos.cl\/en\/wp-json\/wp\/v2\/media\/6113"}],"wp:attachment":[{"href":"https:\/\/fadeu.urantiacos.cl\/en\/wp-json\/wp\/v2\/media?parent=6112"}],"wp:term":[{"taxonomy":"category","embeddable":true,"href":"https:\/\/fadeu.urantiacos.cl\/en\/wp-json\/wp\/v2\/categories?post=6112"},{"taxonomy":"post_tag","embeddable":true,"href":"https:\/\/fadeu.urantiacos.cl\/en\/wp-json\/wp\/v2\/tags?post=6112"}],"curies":[{"name":"wp","href":"https:\/\/api.w.org\/{rel}","templated":true}]}}