{"id":6089,"date":"2021-10-25T10:50:00","date_gmt":"2021-10-25T13:50:00","guid":{"rendered":"https:\/\/fadeu.urantiacos.cl\/?p=6089"},"modified":"2023-09-07T10:53:29","modified_gmt":"2023-09-07T13:53:29","slug":"extension-convocatoria-i-publicacion-fadeu-26-octubre-2021","status":"publish","type":"post","link":"https:\/\/fadeu.urantiacos.cl\/en\/2021\/10\/25\/extension-convocatoria-i-publicacion-fadeu-26-octubre-2021\/","title":{"rendered":"Extensi\u00f3n Convocatoria I Publicaci\u00f3n FADEU &#8211; 26 OCTUBRE 2021"},"content":{"rendered":"\n<figure class=\"wp-block-image size-full\"><img decoding=\"async\" width=\"350\" height=\"250\" src=\"https:\/\/fadeu.urantiacos.cl\/wp-content\/uploads\/2023\/09\/convocatorialunes25_web.png\" alt=\"\" class=\"wp-image-6090\" srcset=\"https:\/\/fadeu.urantiacos.cl\/wp-content\/uploads\/2023\/09\/convocatorialunes25_web.png 350w, https:\/\/fadeu.urantiacos.cl\/wp-content\/uploads\/2023\/09\/convocatorialunes25_web-300x214.png 300w\" sizes=\"(max-width: 350px) 100vw, 350px\" \/><\/figure>\n\n\n\n<p>Esta publicaci\u00f3n, que incorporar\u00e1 reacciones y visiones desde la arquitectura, el dise\u00f1o, la planificaci\u00f3n y los estudios urbanos a trav\u00e9s de una convocatoria abierta, propone ser un testimonio y registro de estos momentos. As\u00ed se expuso en el mail enviado a los docentes desde la la Direcci\u00f3n de Comunicaciones (DECOM), y a trav\u00e9s de su Directora y responsable del proyecto editorial, Macarena Cort\u00e9s.<\/p>\n\n\n\n<p>Para efectos de representar a cada unidad acad\u00e9mica, se conform\u00f3 un Comit\u00e9 Editorial para el desarrollo de la publicaci\u00f3n. La instancia est\u00e1 integrada por Alejandra Celed\u00f3n (Escuela de Arquitectura); Pedro \u00c1lvarez (Escuela de Dise\u00f1o); y Ricardo Truffello (Instituto de Estudios Urbanos y Territoriales).<\/p>\n\n\n\n<p>Por ello, se convoca, hasta el&nbsp;<strong>Martes 26 de octubre hasta las 18:00 hrs<\/strong>, a los docentes e investigadores\/as de las unidades acad\u00e9micas de la FADEU a participar postulando iniciativas, obras y proyectos desarrollados durante el per\u00edodo 2020-2021 surgidos en el contexto COVID-19, o, que por motivos de la crisis sanitaria y social, hayan modificado su cronograma inicial o se vieran obligados a adaptar o replantear objetivos y otros aspectos.<\/p>\n\n\n\n<p>Para la presentaci\u00f3n, se solicita enviar en formato PDF al correo&nbsp;<a href=\"mailto:carolina.moya@uc.cl\">carolina.moya@uc.cl<\/a>, la siguiente informaci\u00f3n:<\/p>\n\n\n\n<p>&#8211; T\u00edtulo de la iniciativa, obra o proyecto<\/p>\n\n\n\n<p>&#8211; Nombres de acad\u00e9micos\/as e investigadores\/as a cargo<\/p>\n\n\n\n<p>&#8211; Nombres de Colaboradores<\/p>\n\n\n\n<p>&#8211; Abstract de no m\u00e1s de 300 palabras<\/p>\n\n\n\n<p>&#8211; 3 im\u00e1genes en buena resoluci\u00f3n (150 a 300 dpi).<\/p>\n\n\n\n<p>Los criterios de selecci\u00f3n ser\u00e1n: Los criterios de selecci\u00f3n ser\u00e1n:<\/p>\n\n\n\n<p>&#8211; Haber sido desarrollados durante el a\u00f1o 2020 y primer semestre del 2021 (criterio excluyente)<\/p>\n\n\n\n<p>&#8211; Haber sido concebidos en pandemia o abordar tem\u00e1ticas propias de las circunstancias actuales o<\/p>\n\n\n\n<p>&#8211; Haber tenido que lidiar con las condiciones adversas de la pandemia para redefinir objetivos y resultantes de los proyectos.<\/p>\n\n\n\n<p>Los proyectos seleccionados ser\u00e1n parte de un libro que ser\u00e1 publicado el primer semestre 2022 por Ediciones UC. Contar\u00e1 con financiamiento FADEU, y ser\u00e1 parte de una serie de iniciativas que la universidad promocionar\u00e1, con el objetivo de visibilizar la actividad acad\u00e9mica llevada a cabo, a pesar de las condiciones adversas que ha impuesto la pandemia.<\/p>\n\n\n\n<figure class=\"wp-block-image size-large\"><img decoding=\"async\" width=\"724\" height=\"1024\" src=\"https:\/\/fadeu.urantiacos.cl\/wp-content\/uploads\/2023\/09\/convocatorialunes25-724x1024.png\" alt=\"\" class=\"wp-image-6091\" srcset=\"https:\/\/fadeu.urantiacos.cl\/wp-content\/uploads\/2023\/09\/convocatorialunes25-724x1024.png 724w, https:\/\/fadeu.urantiacos.cl\/wp-content\/uploads\/2023\/09\/convocatorialunes25-212x300.png 212w, https:\/\/fadeu.urantiacos.cl\/wp-content\/uploads\/2023\/09\/convocatorialunes25-768x1086.png 768w, https:\/\/fadeu.urantiacos.cl\/wp-content\/uploads\/2023\/09\/convocatorialunes25-1086x1536.png 1086w, https:\/\/fadeu.urantiacos.cl\/wp-content\/uploads\/2023\/09\/convocatorialunes25-1448x2048.png 1448w, https:\/\/fadeu.urantiacos.cl\/wp-content\/uploads\/2023\/09\/convocatorialunes25.png 848w\" sizes=\"(max-width: 724px) 100vw, 724px\" \/><\/figure>\n","protected":false},"excerpt":{"rendered":"<p>La Facultad de Arquitectura, Dise\u00f1o y Estudios Urbanos de la Universidad Cat\u00f3lica, ha convocado a la realizaci\u00f3n de una publicaci\u00f3n, en formato impreso y digital, la cual dar\u00e1 cuenta de c\u00f3mo el COVID-19 ha impactado el quehacer de la academia, al transformar los modos de trabajo y temas de investigaci\u00f3n y pr\u00e1ctica, como tambi\u00e9n impulsado nuevas \u00e1reas de investigaci\u00f3n, permitiendo la generaci\u00f3n de nuevos conocimientos integrados a la sociedad.<\/p>\n","protected":false},"author":1,"featured_media":6090,"comment_status":"open","ping_status":"open","sticky":false,"template":"","format":"standard","meta":{"_acf_changed":false,"footnotes":""},"categories":[1],"tags":[],"class_list":["post-6089","post","type-post","status-publish","format-standard","has-post-thumbnail","hentry","category-sin-categorizar"],"acf":[],"yoast_head":"<!-- This site is optimized with the Yoast SEO plugin v27.1.1 - https:\/\/yoast.com\/product\/yoast-seo-wordpress\/ -->\n<title>Extensi\u00f3n Convocatoria I Publicaci\u00f3n FADEU - 26 OCTUBRE 2021 - Facultad de Arquitectura, Dise\u00f1o y Estudios Urbanos<\/title>\n<meta name=\"description\" content=\"La Facultad de Arquitectura, Dise\u00f1o y Estudios Urbanos de la Universidad Cat\u00f3lica, ha convocado a la realizaci\u00f3n de una publicaci\u00f3n, en formato impreso y digital, la cual dar\u00e1 cuenta de c\u00f3mo el COVID-19 ha impactado el quehacer de la academia, al transformar los modos de trabajo y temas de investigaci\u00f3n y pr\u00e1ctica, como tambi\u00e9n impulsado nuevas \u00e1reas de investigaci\u00f3n, permitiendo la generaci\u00f3n de nuevos conocimientos integrados a la sociedad.\" \/>\n<meta name=\"robots\" content=\"index, follow, max-snippet:-1, max-image-preview:large, max-video-preview:-1\" \/>\n<link rel=\"canonical\" href=\"https:\/\/fadeu.urantiacos.cl\/en\/2021\/10\/25\/extension-convocatoria-i-publicacion-fadeu-26-octubre-2021\/\" \/>\n<meta property=\"og:locale\" content=\"en_US\" \/>\n<meta property=\"og:type\" content=\"article\" \/>\n<meta property=\"og:title\" content=\"Extensi\u00f3n Convocatoria I Publicaci\u00f3n FADEU - 26 OCTUBRE 2021 - Facultad de Arquitectura, Dise\u00f1o y Estudios Urbanos\" \/>\n<meta property=\"og:description\" content=\"La Facultad de Arquitectura, Dise\u00f1o y Estudios Urbanos de la Universidad Cat\u00f3lica, ha convocado a la realizaci\u00f3n de una publicaci\u00f3n, en formato impreso y digital, la cual dar\u00e1 cuenta de c\u00f3mo el COVID-19 ha impactado el quehacer de la academia, al transformar los modos de trabajo y temas de investigaci\u00f3n y pr\u00e1ctica, como tambi\u00e9n impulsado nuevas \u00e1reas de investigaci\u00f3n, permitiendo la generaci\u00f3n de nuevos conocimientos integrados a la sociedad.\" \/>\n<meta property=\"og:url\" content=\"https:\/\/fadeu.urantiacos.cl\/en\/2021\/10\/25\/extension-convocatoria-i-publicacion-fadeu-26-octubre-2021\/\" \/>\n<meta property=\"og:site_name\" content=\"Facultad de Arquitectura, Dise\u00f1o y Estudios Urbanos\" \/>\n<meta property=\"article:published_time\" content=\"2021-10-25T13:50:00+00:00\" \/>\n<meta property=\"article:modified_time\" content=\"2023-09-07T13:53:29+00:00\" \/>\n<meta property=\"og:image\" content=\"https:\/\/fadeu.urantiacos.cl\/wp-content\/uploads\/2023\/09\/convocatorialunes25_web.png\" \/>\n\t<meta property=\"og:image:width\" content=\"350\" \/>\n\t<meta property=\"og:image:height\" content=\"250\" \/>\n\t<meta property=\"og:image:type\" content=\"image\/png\" \/>\n<meta name=\"author\" content=\"manadmin\" \/>\n<meta name=\"twitter:card\" content=\"summary_large_image\" \/>\n<meta name=\"twitter:label1\" content=\"Written by\" \/>\n\t<meta name=\"twitter:data1\" content=\"manadmin\" \/>\n\t<meta name=\"twitter:label2\" content=\"Est. reading time\" \/>\n\t<meta name=\"twitter:data2\" content=\"2 minutes\" \/>\n<script type=\"application\/ld+json\" class=\"yoast-schema-graph\">{\"@context\":\"https:\/\/schema.org\",\"@graph\":[{\"@type\":\"Article\",\"@id\":\"https:\/\/fadeu.urantiacos.cl\/en\/2021\/10\/25\/extension-convocatoria-i-publicacion-fadeu-26-octubre-2021\/#article\",\"isPartOf\":{\"@id\":\"https:\/\/fadeu.urantiacos.cl\/en\/2021\/10\/25\/extension-convocatoria-i-publicacion-fadeu-26-octubre-2021\/\"},\"author\":{\"name\":\"manadmin\",\"@id\":\"https:\/\/fadeu.urantiacos.cl\/en\/#\/schema\/person\/d203e2e84b1c40275eac77b3061a19a2\"},\"headline\":\"Extensi\u00f3n Convocatoria I Publicaci\u00f3n FADEU &#8211; 26 OCTUBRE 2021\",\"datePublished\":\"2021-10-25T13:50:00+00:00\",\"dateModified\":\"2023-09-07T13:53:29+00:00\",\"mainEntityOfPage\":{\"@id\":\"https:\/\/fadeu.urantiacos.cl\/en\/2021\/10\/25\/extension-convocatoria-i-publicacion-fadeu-26-octubre-2021\/\"},\"wordCount\":381,\"commentCount\":0,\"image\":{\"@id\":\"https:\/\/fadeu.urantiacos.cl\/en\/2021\/10\/25\/extension-convocatoria-i-publicacion-fadeu-26-octubre-2021\/#primaryimage\"},\"thumbnailUrl\":\"https:\/\/fadeu.urantiacos.cl\/wp-content\/uploads\/2023\/09\/convocatorialunes25_web.png\",\"articleSection\":[\"Sin categorizar\"],\"inLanguage\":\"en-US\",\"potentialAction\":[{\"@type\":\"CommentAction\",\"name\":\"Comment\",\"target\":[\"https:\/\/fadeu.urantiacos.cl\/en\/2021\/10\/25\/extension-convocatoria-i-publicacion-fadeu-26-octubre-2021\/#respond\"]}]},{\"@type\":\"WebPage\",\"@id\":\"https:\/\/fadeu.urantiacos.cl\/en\/2021\/10\/25\/extension-convocatoria-i-publicacion-fadeu-26-octubre-2021\/\",\"url\":\"https:\/\/fadeu.urantiacos.cl\/en\/2021\/10\/25\/extension-convocatoria-i-publicacion-fadeu-26-octubre-2021\/\",\"name\":\"Extensi\u00f3n Convocatoria I Publicaci\u00f3n FADEU - 26 OCTUBRE 2021 - Facultad de Arquitectura, Dise\u00f1o y Estudios Urbanos\",\"isPartOf\":{\"@id\":\"https:\/\/fadeu.urantiacos.cl\/en\/#website\"},\"primaryImageOfPage\":{\"@id\":\"https:\/\/fadeu.urantiacos.cl\/en\/2021\/10\/25\/extension-convocatoria-i-publicacion-fadeu-26-octubre-2021\/#primaryimage\"},\"image\":{\"@id\":\"https:\/\/fadeu.urantiacos.cl\/en\/2021\/10\/25\/extension-convocatoria-i-publicacion-fadeu-26-octubre-2021\/#primaryimage\"},\"thumbnailUrl\":\"https:\/\/fadeu.urantiacos.cl\/wp-content\/uploads\/2023\/09\/convocatorialunes25_web.png\",\"datePublished\":\"2021-10-25T13:50:00+00:00\",\"dateModified\":\"2023-09-07T13:53:29+00:00\",\"author\":{\"@id\":\"https:\/\/fadeu.urantiacos.cl\/en\/#\/schema\/person\/d203e2e84b1c40275eac77b3061a19a2\"},\"description\":\"La Facultad de Arquitectura, Dise\u00f1o y Estudios Urbanos de la Universidad Cat\u00f3lica, ha convocado a la realizaci\u00f3n de una publicaci\u00f3n, en formato impreso y digital, la cual dar\u00e1 cuenta de c\u00f3mo el COVID-19 ha impactado el quehacer de la academia, al transformar los modos de trabajo y temas de investigaci\u00f3n y pr\u00e1ctica, como tambi\u00e9n impulsado nuevas \u00e1reas de investigaci\u00f3n, permitiendo la generaci\u00f3n de nuevos conocimientos integrados a la sociedad.\",\"breadcrumb\":{\"@id\":\"https:\/\/fadeu.urantiacos.cl\/en\/2021\/10\/25\/extension-convocatoria-i-publicacion-fadeu-26-octubre-2021\/#breadcrumb\"},\"inLanguage\":\"en-US\",\"potentialAction\":[{\"@type\":\"ReadAction\",\"target\":[\"https:\/\/fadeu.urantiacos.cl\/en\/2021\/10\/25\/extension-convocatoria-i-publicacion-fadeu-26-octubre-2021\/\"]}]},{\"@type\":\"ImageObject\",\"inLanguage\":\"en-US\",\"@id\":\"https:\/\/fadeu.urantiacos.cl\/en\/2021\/10\/25\/extension-convocatoria-i-publicacion-fadeu-26-octubre-2021\/#primaryimage\",\"url\":\"https:\/\/fadeu.urantiacos.cl\/wp-content\/uploads\/2023\/09\/convocatorialunes25_web.png\",\"contentUrl\":\"https:\/\/fadeu.urantiacos.cl\/wp-content\/uploads\/2023\/09\/convocatorialunes25_web.png\",\"width\":350,\"height\":250},{\"@type\":\"BreadcrumbList\",\"@id\":\"https:\/\/fadeu.urantiacos.cl\/en\/2021\/10\/25\/extension-convocatoria-i-publicacion-fadeu-26-octubre-2021\/#breadcrumb\",\"itemListElement\":[{\"@type\":\"ListItem\",\"position\":1,\"name\":\"Portada\",\"item\":\"https:\/\/fadeu.urantiacos.cl\/en\/\"},{\"@type\":\"ListItem\",\"position\":2,\"name\":\"Extensi\u00f3n Convocatoria I Publicaci\u00f3n FADEU &#8211; 26 OCTUBRE 2021\"}]},{\"@type\":\"WebSite\",\"@id\":\"https:\/\/fadeu.urantiacos.cl\/en\/#website\",\"url\":\"https:\/\/fadeu.urantiacos.cl\/en\/\",\"name\":\"Facultad de Arquitectura, Dise\u00f1o y Estudios Urbanos\",\"description\":\"Campus Lo Contador\",\"potentialAction\":[{\"@type\":\"SearchAction\",\"target\":{\"@type\":\"EntryPoint\",\"urlTemplate\":\"https:\/\/fadeu.urantiacos.cl\/en\/?s={search_term_string}\"},\"query-input\":{\"@type\":\"PropertyValueSpecification\",\"valueRequired\":true,\"valueName\":\"search_term_string\"}}],\"inLanguage\":\"en-US\"},{\"@type\":\"Person\",\"@id\":\"https:\/\/fadeu.urantiacos.cl\/en\/#\/schema\/person\/d203e2e84b1c40275eac77b3061a19a2\",\"name\":\"manadmin\",\"image\":{\"@type\":\"ImageObject\",\"inLanguage\":\"en-US\",\"@id\":\"https:\/\/fadeu.urantiacos.cl\/en\/#\/schema\/person\/image\/\",\"url\":\"https:\/\/secure.gravatar.com\/avatar\/4b1d8e3303b4a9d8968ac578947d8bc80d9aea359f388cdd4aac15cadc0e8447?s=96&d=mm&r=g\",\"contentUrl\":\"https:\/\/secure.gravatar.com\/avatar\/4b1d8e3303b4a9d8968ac578947d8bc80d9aea359f388cdd4aac15cadc0e8447?s=96&d=mm&r=g\",\"caption\":\"manadmin\"},\"sameAs\":[\"https:\/\/fadeu.urantiacos.cl\"]}]}<\/script>\n<!-- \/ Yoast SEO plugin. -->","yoast_head_json":{"title":"Extensi\u00f3n Convocatoria I Publicaci\u00f3n FADEU - 26 OCTUBRE 2021 - Facultad de Arquitectura, Dise\u00f1o y Estudios Urbanos","description":"La Facultad de Arquitectura, Dise\u00f1o y Estudios Urbanos de la Universidad Cat\u00f3lica, ha convocado a la realizaci\u00f3n de una publicaci\u00f3n, en formato impreso y digital, la cual dar\u00e1 cuenta de c\u00f3mo el COVID-19 ha impactado el quehacer de la academia, al transformar los modos de trabajo y temas de investigaci\u00f3n y pr\u00e1ctica, como tambi\u00e9n impulsado nuevas \u00e1reas de investigaci\u00f3n, permitiendo la generaci\u00f3n de nuevos conocimientos integrados a la sociedad.","robots":{"index":"index","follow":"follow","max-snippet":"max-snippet:-1","max-image-preview":"max-image-preview:large","max-video-preview":"max-video-preview:-1"},"canonical":"https:\/\/fadeu.urantiacos.cl\/en\/2021\/10\/25\/extension-convocatoria-i-publicacion-fadeu-26-octubre-2021\/","og_locale":"en_US","og_type":"article","og_title":"Extensi\u00f3n Convocatoria I Publicaci\u00f3n FADEU - 26 OCTUBRE 2021 - Facultad de Arquitectura, Dise\u00f1o y Estudios Urbanos","og_description":"La Facultad de Arquitectura, Dise\u00f1o y Estudios Urbanos de la Universidad Cat\u00f3lica, ha convocado a la realizaci\u00f3n de una publicaci\u00f3n, en formato impreso y digital, la cual dar\u00e1 cuenta de c\u00f3mo el COVID-19 ha impactado el quehacer de la academia, al transformar los modos de trabajo y temas de investigaci\u00f3n y pr\u00e1ctica, como tambi\u00e9n impulsado nuevas \u00e1reas de investigaci\u00f3n, permitiendo la generaci\u00f3n de nuevos conocimientos integrados a la sociedad.","og_url":"https:\/\/fadeu.urantiacos.cl\/en\/2021\/10\/25\/extension-convocatoria-i-publicacion-fadeu-26-octubre-2021\/","og_site_name":"Facultad de Arquitectura, Dise\u00f1o y Estudios Urbanos","article_published_time":"2021-10-25T13:50:00+00:00","article_modified_time":"2023-09-07T13:53:29+00:00","og_image":[{"width":350,"height":250,"url":"https:\/\/fadeu.urantiacos.cl\/wp-content\/uploads\/2023\/09\/convocatorialunes25_web.png","type":"image\/png"}],"author":"manadmin","twitter_card":"summary_large_image","twitter_misc":{"Written by":"manadmin","Est. reading time":"2 minutes"},"schema":{"@context":"https:\/\/schema.org","@graph":[{"@type":"Article","@id":"https:\/\/fadeu.urantiacos.cl\/en\/2021\/10\/25\/extension-convocatoria-i-publicacion-fadeu-26-octubre-2021\/#article","isPartOf":{"@id":"https:\/\/fadeu.urantiacos.cl\/en\/2021\/10\/25\/extension-convocatoria-i-publicacion-fadeu-26-octubre-2021\/"},"author":{"name":"manadmin","@id":"https:\/\/fadeu.urantiacos.cl\/en\/#\/schema\/person\/d203e2e84b1c40275eac77b3061a19a2"},"headline":"Extensi\u00f3n Convocatoria I Publicaci\u00f3n FADEU &#8211; 26 OCTUBRE 2021","datePublished":"2021-10-25T13:50:00+00:00","dateModified":"2023-09-07T13:53:29+00:00","mainEntityOfPage":{"@id":"https:\/\/fadeu.urantiacos.cl\/en\/2021\/10\/25\/extension-convocatoria-i-publicacion-fadeu-26-octubre-2021\/"},"wordCount":381,"commentCount":0,"image":{"@id":"https:\/\/fadeu.urantiacos.cl\/en\/2021\/10\/25\/extension-convocatoria-i-publicacion-fadeu-26-octubre-2021\/#primaryimage"},"thumbnailUrl":"https:\/\/fadeu.urantiacos.cl\/wp-content\/uploads\/2023\/09\/convocatorialunes25_web.png","articleSection":["Sin categorizar"],"inLanguage":"en-US","potentialAction":[{"@type":"CommentAction","name":"Comment","target":["https:\/\/fadeu.urantiacos.cl\/en\/2021\/10\/25\/extension-convocatoria-i-publicacion-fadeu-26-octubre-2021\/#respond"]}]},{"@type":"WebPage","@id":"https:\/\/fadeu.urantiacos.cl\/en\/2021\/10\/25\/extension-convocatoria-i-publicacion-fadeu-26-octubre-2021\/","url":"https:\/\/fadeu.urantiacos.cl\/en\/2021\/10\/25\/extension-convocatoria-i-publicacion-fadeu-26-octubre-2021\/","name":"Extensi\u00f3n Convocatoria I Publicaci\u00f3n FADEU - 26 OCTUBRE 2021 - Facultad de Arquitectura, Dise\u00f1o y Estudios Urbanos","isPartOf":{"@id":"https:\/\/fadeu.urantiacos.cl\/en\/#website"},"primaryImageOfPage":{"@id":"https:\/\/fadeu.urantiacos.cl\/en\/2021\/10\/25\/extension-convocatoria-i-publicacion-fadeu-26-octubre-2021\/#primaryimage"},"image":{"@id":"https:\/\/fadeu.urantiacos.cl\/en\/2021\/10\/25\/extension-convocatoria-i-publicacion-fadeu-26-octubre-2021\/#primaryimage"},"thumbnailUrl":"https:\/\/fadeu.urantiacos.cl\/wp-content\/uploads\/2023\/09\/convocatorialunes25_web.png","datePublished":"2021-10-25T13:50:00+00:00","dateModified":"2023-09-07T13:53:29+00:00","author":{"@id":"https:\/\/fadeu.urantiacos.cl\/en\/#\/schema\/person\/d203e2e84b1c40275eac77b3061a19a2"},"description":"La Facultad de Arquitectura, Dise\u00f1o y Estudios Urbanos de la Universidad Cat\u00f3lica, ha convocado a la realizaci\u00f3n de una publicaci\u00f3n, en formato impreso y digital, la cual dar\u00e1 cuenta de c\u00f3mo el COVID-19 ha impactado el quehacer de la academia, al transformar los modos de trabajo y temas de investigaci\u00f3n y pr\u00e1ctica, como tambi\u00e9n impulsado nuevas \u00e1reas de investigaci\u00f3n, permitiendo la generaci\u00f3n de nuevos conocimientos integrados a la sociedad.","breadcrumb":{"@id":"https:\/\/fadeu.urantiacos.cl\/en\/2021\/10\/25\/extension-convocatoria-i-publicacion-fadeu-26-octubre-2021\/#breadcrumb"},"inLanguage":"en-US","potentialAction":[{"@type":"ReadAction","target":["https:\/\/fadeu.urantiacos.cl\/en\/2021\/10\/25\/extension-convocatoria-i-publicacion-fadeu-26-octubre-2021\/"]}]},{"@type":"ImageObject","inLanguage":"en-US","@id":"https:\/\/fadeu.urantiacos.cl\/en\/2021\/10\/25\/extension-convocatoria-i-publicacion-fadeu-26-octubre-2021\/#primaryimage","url":"https:\/\/fadeu.urantiacos.cl\/wp-content\/uploads\/2023\/09\/convocatorialunes25_web.png","contentUrl":"https:\/\/fadeu.urantiacos.cl\/wp-content\/uploads\/2023\/09\/convocatorialunes25_web.png","width":350,"height":250},{"@type":"BreadcrumbList","@id":"https:\/\/fadeu.urantiacos.cl\/en\/2021\/10\/25\/extension-convocatoria-i-publicacion-fadeu-26-octubre-2021\/#breadcrumb","itemListElement":[{"@type":"ListItem","position":1,"name":"Portada","item":"https:\/\/fadeu.urantiacos.cl\/en\/"},{"@type":"ListItem","position":2,"name":"Extensi\u00f3n Convocatoria I Publicaci\u00f3n FADEU &#8211; 26 OCTUBRE 2021"}]},{"@type":"WebSite","@id":"https:\/\/fadeu.urantiacos.cl\/en\/#website","url":"https:\/\/fadeu.urantiacos.cl\/en\/","name":"Facultad de Arquitectura, Dise\u00f1o y Estudios Urbanos","description":"Campus Lo Contador","potentialAction":[{"@type":"SearchAction","target":{"@type":"EntryPoint","urlTemplate":"https:\/\/fadeu.urantiacos.cl\/en\/?s={search_term_string}"},"query-input":{"@type":"PropertyValueSpecification","valueRequired":true,"valueName":"search_term_string"}}],"inLanguage":"en-US"},{"@type":"Person","@id":"https:\/\/fadeu.urantiacos.cl\/en\/#\/schema\/person\/d203e2e84b1c40275eac77b3061a19a2","name":"manadmin","image":{"@type":"ImageObject","inLanguage":"en-US","@id":"https:\/\/fadeu.urantiacos.cl\/en\/#\/schema\/person\/image\/","url":"https:\/\/secure.gravatar.com\/avatar\/4b1d8e3303b4a9d8968ac578947d8bc80d9aea359f388cdd4aac15cadc0e8447?s=96&d=mm&r=g","contentUrl":"https:\/\/secure.gravatar.com\/avatar\/4b1d8e3303b4a9d8968ac578947d8bc80d9aea359f388cdd4aac15cadc0e8447?s=96&d=mm&r=g","caption":"manadmin"},"sameAs":["https:\/\/fadeu.urantiacos.cl"]}]}},"_links":{"self":[{"href":"https:\/\/fadeu.urantiacos.cl\/en\/wp-json\/wp\/v2\/posts\/6089","targetHints":{"allow":["GET"]}}],"collection":[{"href":"https:\/\/fadeu.urantiacos.cl\/en\/wp-json\/wp\/v2\/posts"}],"about":[{"href":"https:\/\/fadeu.urantiacos.cl\/en\/wp-json\/wp\/v2\/types\/post"}],"author":[{"embeddable":true,"href":"https:\/\/fadeu.urantiacos.cl\/en\/wp-json\/wp\/v2\/users\/1"}],"replies":[{"embeddable":true,"href":"https:\/\/fadeu.urantiacos.cl\/en\/wp-json\/wp\/v2\/comments?post=6089"}],"version-history":[{"count":1,"href":"https:\/\/fadeu.urantiacos.cl\/en\/wp-json\/wp\/v2\/posts\/6089\/revisions"}],"predecessor-version":[{"id":6092,"href":"https:\/\/fadeu.urantiacos.cl\/en\/wp-json\/wp\/v2\/posts\/6089\/revisions\/6092"}],"wp:featuredmedia":[{"embeddable":true,"href":"https:\/\/fadeu.urantiacos.cl\/en\/wp-json\/wp\/v2\/media\/6090"}],"wp:attachment":[{"href":"https:\/\/fadeu.urantiacos.cl\/en\/wp-json\/wp\/v2\/media?parent=6089"}],"wp:term":[{"taxonomy":"category","embeddable":true,"href":"https:\/\/fadeu.urantiacos.cl\/en\/wp-json\/wp\/v2\/categories?post=6089"},{"taxonomy":"post_tag","embeddable":true,"href":"https:\/\/fadeu.urantiacos.cl\/en\/wp-json\/wp\/v2\/tags?post=6089"}],"curies":[{"name":"wp","href":"https:\/\/api.w.org\/{rel}","templated":true}]}}