{"id":6086,"date":"2021-10-25T10:47:00","date_gmt":"2021-10-25T13:47:00","guid":{"rendered":"https:\/\/fadeu.urantiacos.cl\/?p=6086"},"modified":"2023-09-07T10:50:24","modified_gmt":"2023-09-07T13:50:24","slug":"arquitectura-uc-se-une-a-la-campana-deficit-cero","status":"publish","type":"post","link":"https:\/\/fadeu.urantiacos.cl\/en\/2021\/10\/25\/arquitectura-uc-se-une-a-la-campana-deficit-cero\/","title":{"rendered":"Arquitectura UC se une a la campa\u00f1a D\u00e9ficit Cero"},"content":{"rendered":"\n<figure class=\"wp-block-image size-full\"><img decoding=\"async\" width=\"350\" height=\"250\" src=\"https:\/\/fadeu.urantiacos.cl\/wp-content\/uploads\/2023\/09\/WEB_Captura_de_Pantalla_2021-10-25_a_las_11.51.26.png\" alt=\"\" class=\"wp-image-6087\" srcset=\"https:\/\/fadeu.urantiacos.cl\/wp-content\/uploads\/2023\/09\/WEB_Captura_de_Pantalla_2021-10-25_a_las_11.51.26.png 350w, https:\/\/fadeu.urantiacos.cl\/wp-content\/uploads\/2023\/09\/WEB_Captura_de_Pantalla_2021-10-25_a_las_11.51.26-300x214.png 300w\" sizes=\"(max-width: 350px) 100vw, 350px\" \/><\/figure>\n\n\n\n<p>D\u00e9ficit cero est\u00e1 integrada por diversos actores sociales, acad\u00e9micos, privados, p\u00fablicos, ONG\u2019s y comit\u00e9s de vivienda que buscan trabajar colaborativamente para encauzar el encuentro entre la crisis y la oportunidad, planteando un &#8220;objetivo ambicioso, pero a la vez concreto y factible, que contenga un sentido de urgencia y una mirada de futuro al mismo tiempo&#8221;.<\/p>\n\n\n\n<p>La iniciativa se enmarca dentro de cuatro estrategias principales:<\/p>\n\n\n\n<p>1. Propuestas para una nueva pol\u00edtica habitacional<br>Se han identificado desaf\u00edos claves para alcanzar el d\u00e9ficit cero, desde el acceso al suelo, hasta la descentralizaci\u00f3n e innovaci\u00f3n. Para cada desaf\u00edo, se han conformado comit\u00e9s tem\u00e1ticos con distintos actores para desarrollar propuestas para una nueva pol\u00edtica habitacional.<\/p>\n\n\n\n<p>2. Planes estrat\u00e9gicos locales<br>El d\u00e9ficit habitacional se encuentra distribuido en determinados territorios del pa\u00eds, cada uno con particulares necesidades y oportunidades, por lo que se busca apoyar a las autoridades locales en el desarrollo de planes estrat\u00e9gicos.<\/p>\n\n\n\n<p>3. Soluciones habitacionales ic\u00f3nicas<br>Se toma en cuenta la diversidad de las familias y por tanto de las soluciones habitacionales. Se busca apoyar, visibilizar y escalar el desarrollo de proyectos que mejoren, diversifiquen o agilicen las soluciones habitacionales, transform\u00e1ndolas en soluciones ic\u00f3nicas para el d\u00e9ficit cero.<\/p>\n\n\n\n<p>4. Plan de participaci\u00f3n ciudadana<br>Se est\u00e1 desarrollando un plan de participaci\u00f3n ciudadana para que distintos actores puedan dialogar abiertamente. Tambi\u00e9n se busca fortalecer una Red de Dirigentes por el D\u00e9ficit Cero, en la cual se re\u00fanen y coordinan representantes de comit\u00e9s de vivienda, agrupaciones de allegados y campamentos, buscando hacer part\u00edcipe de todas las iniciativas la mirada de las familias.<\/p>\n\n\n\n<p>Ver m\u00e1s sobre la campa\u00f1a en el siguiente&nbsp;<a href=\"https:\/\/deficitcero.cl\/\" target=\"_blank\" rel=\"noreferrer noopener\">link<\/a><\/p>\n\n\n\n<figure class=\"wp-block-embed is-type-video is-provider-youtube wp-block-embed-youtube wp-embed-aspect-16-9 wp-has-aspect-ratio\"><div class=\"wp-block-embed__wrapper\">\n<iframe loading=\"lazy\" title=\"D\u00e9ficit Cero\" width=\"500\" height=\"281\" src=\"https:\/\/www.youtube.com\/embed\/bLiGrd7kdfw?feature=oembed\" frameborder=\"0\" allow=\"accelerometer; autoplay; clipboard-write; encrypted-media; gyroscope; picture-in-picture; web-share\" referrerpolicy=\"strict-origin-when-cross-origin\" allowfullscreen><\/iframe>\n<\/div><\/figure>\n\n\n\n<p>Noticias<br>Contacto:&nbsp;<a href=\"mailto:redesarq@uc.cl\">redesarq@uc.cl<\/a>&nbsp;| +56 2 2354 7747<br>www.arquitectura.uc.cl<\/p>\n","protected":false},"excerpt":{"rendered":"<p>La Escuela de Arquitectura UC est\u00e1 apoyando oficialmente la campa\u00f1a, impulsada por la Fundaci\u00f3n TECHO-Chile, que tiene como meta llegar a un d\u00e9ficit habitacional cero en Chile antes de que termine esta d\u00e9cada, garantizando que todas las familias tengan acceso a una vivienda adecuada.<\/p>\n","protected":false},"author":1,"featured_media":6087,"comment_status":"open","ping_status":"open","sticky":false,"template":"","format":"standard","meta":{"_acf_changed":false,"footnotes":""},"categories":[1],"tags":[],"class_list":["post-6086","post","type-post","status-publish","format-standard","has-post-thumbnail","hentry","category-sin-categorizar"],"acf":[],"yoast_head":"<!-- This site is optimized with the Yoast SEO plugin v27.1.1 - https:\/\/yoast.com\/product\/yoast-seo-wordpress\/ -->\n<title>Arquitectura UC se une a la campa\u00f1a D\u00e9ficit Cero - Facultad de Arquitectura, Dise\u00f1o y Estudios Urbanos<\/title>\n<meta name=\"description\" content=\"La Escuela de Arquitectura UC est\u00e1 apoyando oficialmente la campa\u00f1a, impulsada por la Fundaci\u00f3n TECHO-Chile, que tiene como meta llegar a un d\u00e9ficit habitacional cero en Chile antes de que termine esta d\u00e9cada, garantizando que todas las familias tengan acceso a una vivienda adecuada.\" \/>\n<meta name=\"robots\" content=\"index, follow, max-snippet:-1, max-image-preview:large, max-video-preview:-1\" \/>\n<link rel=\"canonical\" href=\"https:\/\/fadeu.urantiacos.cl\/en\/2021\/10\/25\/arquitectura-uc-se-une-a-la-campana-deficit-cero\/\" \/>\n<meta property=\"og:locale\" content=\"en_US\" \/>\n<meta property=\"og:type\" content=\"article\" \/>\n<meta property=\"og:title\" content=\"Arquitectura UC se une a la campa\u00f1a D\u00e9ficit Cero - Facultad de Arquitectura, Dise\u00f1o y Estudios Urbanos\" \/>\n<meta property=\"og:description\" content=\"La Escuela de Arquitectura UC est\u00e1 apoyando oficialmente la campa\u00f1a, impulsada por la Fundaci\u00f3n TECHO-Chile, que tiene como meta llegar a un d\u00e9ficit habitacional cero en Chile antes de que termine esta d\u00e9cada, garantizando que todas las familias tengan acceso a una vivienda adecuada.\" \/>\n<meta property=\"og:url\" content=\"https:\/\/fadeu.urantiacos.cl\/en\/2021\/10\/25\/arquitectura-uc-se-une-a-la-campana-deficit-cero\/\" \/>\n<meta property=\"og:site_name\" content=\"Facultad de Arquitectura, Dise\u00f1o y Estudios Urbanos\" \/>\n<meta property=\"article:published_time\" content=\"2021-10-25T13:47:00+00:00\" \/>\n<meta property=\"article:modified_time\" content=\"2023-09-07T13:50:24+00:00\" \/>\n<meta property=\"og:image\" content=\"https:\/\/fadeu.urantiacos.cl\/wp-content\/uploads\/2023\/09\/WEB_Captura_de_Pantalla_2021-10-25_a_las_11.51.26.png\" \/>\n\t<meta property=\"og:image:width\" content=\"350\" \/>\n\t<meta property=\"og:image:height\" content=\"250\" \/>\n\t<meta property=\"og:image:type\" content=\"image\/png\" \/>\n<meta name=\"author\" content=\"manadmin\" \/>\n<meta name=\"twitter:card\" content=\"summary_large_image\" \/>\n<meta name=\"twitter:label1\" content=\"Written by\" \/>\n\t<meta name=\"twitter:data1\" content=\"manadmin\" \/>\n\t<meta name=\"twitter:label2\" content=\"Est. reading time\" \/>\n\t<meta name=\"twitter:data2\" content=\"2 minutes\" \/>\n<script type=\"application\/ld+json\" class=\"yoast-schema-graph\">{\"@context\":\"https:\/\/schema.org\",\"@graph\":[{\"@type\":\"Article\",\"@id\":\"https:\/\/fadeu.urantiacos.cl\/en\/2021\/10\/25\/arquitectura-uc-se-une-a-la-campana-deficit-cero\/#article\",\"isPartOf\":{\"@id\":\"https:\/\/fadeu.urantiacos.cl\/en\/2021\/10\/25\/arquitectura-uc-se-une-a-la-campana-deficit-cero\/\"},\"author\":{\"name\":\"manadmin\",\"@id\":\"https:\/\/fadeu.urantiacos.cl\/en\/#\/schema\/person\/d203e2e84b1c40275eac77b3061a19a2\"},\"headline\":\"Arquitectura UC se une a la campa\u00f1a D\u00e9ficit Cero\",\"datePublished\":\"2021-10-25T13:47:00+00:00\",\"dateModified\":\"2023-09-07T13:50:24+00:00\",\"mainEntityOfPage\":{\"@id\":\"https:\/\/fadeu.urantiacos.cl\/en\/2021\/10\/25\/arquitectura-uc-se-une-a-la-campana-deficit-cero\/\"},\"wordCount\":314,\"commentCount\":0,\"image\":{\"@id\":\"https:\/\/fadeu.urantiacos.cl\/en\/2021\/10\/25\/arquitectura-uc-se-une-a-la-campana-deficit-cero\/#primaryimage\"},\"thumbnailUrl\":\"https:\/\/fadeu.urantiacos.cl\/wp-content\/uploads\/2023\/09\/WEB_Captura_de_Pantalla_2021-10-25_a_las_11.51.26.png\",\"articleSection\":[\"Sin categorizar\"],\"inLanguage\":\"en-US\",\"potentialAction\":[{\"@type\":\"CommentAction\",\"name\":\"Comment\",\"target\":[\"https:\/\/fadeu.urantiacos.cl\/en\/2021\/10\/25\/arquitectura-uc-se-une-a-la-campana-deficit-cero\/#respond\"]}]},{\"@type\":\"WebPage\",\"@id\":\"https:\/\/fadeu.urantiacos.cl\/en\/2021\/10\/25\/arquitectura-uc-se-une-a-la-campana-deficit-cero\/\",\"url\":\"https:\/\/fadeu.urantiacos.cl\/en\/2021\/10\/25\/arquitectura-uc-se-une-a-la-campana-deficit-cero\/\",\"name\":\"Arquitectura UC se une a la campa\u00f1a D\u00e9ficit Cero - Facultad de Arquitectura, Dise\u00f1o y Estudios Urbanos\",\"isPartOf\":{\"@id\":\"https:\/\/fadeu.urantiacos.cl\/en\/#website\"},\"primaryImageOfPage\":{\"@id\":\"https:\/\/fadeu.urantiacos.cl\/en\/2021\/10\/25\/arquitectura-uc-se-une-a-la-campana-deficit-cero\/#primaryimage\"},\"image\":{\"@id\":\"https:\/\/fadeu.urantiacos.cl\/en\/2021\/10\/25\/arquitectura-uc-se-une-a-la-campana-deficit-cero\/#primaryimage\"},\"thumbnailUrl\":\"https:\/\/fadeu.urantiacos.cl\/wp-content\/uploads\/2023\/09\/WEB_Captura_de_Pantalla_2021-10-25_a_las_11.51.26.png\",\"datePublished\":\"2021-10-25T13:47:00+00:00\",\"dateModified\":\"2023-09-07T13:50:24+00:00\",\"author\":{\"@id\":\"https:\/\/fadeu.urantiacos.cl\/en\/#\/schema\/person\/d203e2e84b1c40275eac77b3061a19a2\"},\"description\":\"La Escuela de Arquitectura UC est\u00e1 apoyando oficialmente la campa\u00f1a, impulsada por la Fundaci\u00f3n TECHO-Chile, que tiene como meta llegar a un d\u00e9ficit habitacional cero en Chile antes de que termine esta d\u00e9cada, garantizando que todas las familias tengan acceso a una vivienda adecuada.\",\"breadcrumb\":{\"@id\":\"https:\/\/fadeu.urantiacos.cl\/en\/2021\/10\/25\/arquitectura-uc-se-une-a-la-campana-deficit-cero\/#breadcrumb\"},\"inLanguage\":\"en-US\",\"potentialAction\":[{\"@type\":\"ReadAction\",\"target\":[\"https:\/\/fadeu.urantiacos.cl\/en\/2021\/10\/25\/arquitectura-uc-se-une-a-la-campana-deficit-cero\/\"]}]},{\"@type\":\"ImageObject\",\"inLanguage\":\"en-US\",\"@id\":\"https:\/\/fadeu.urantiacos.cl\/en\/2021\/10\/25\/arquitectura-uc-se-une-a-la-campana-deficit-cero\/#primaryimage\",\"url\":\"https:\/\/fadeu.urantiacos.cl\/wp-content\/uploads\/2023\/09\/WEB_Captura_de_Pantalla_2021-10-25_a_las_11.51.26.png\",\"contentUrl\":\"https:\/\/fadeu.urantiacos.cl\/wp-content\/uploads\/2023\/09\/WEB_Captura_de_Pantalla_2021-10-25_a_las_11.51.26.png\",\"width\":350,\"height\":250},{\"@type\":\"BreadcrumbList\",\"@id\":\"https:\/\/fadeu.urantiacos.cl\/en\/2021\/10\/25\/arquitectura-uc-se-une-a-la-campana-deficit-cero\/#breadcrumb\",\"itemListElement\":[{\"@type\":\"ListItem\",\"position\":1,\"name\":\"Portada\",\"item\":\"https:\/\/fadeu.urantiacos.cl\/en\/\"},{\"@type\":\"ListItem\",\"position\":2,\"name\":\"Arquitectura UC se une a la campa\u00f1a D\u00e9ficit Cero\"}]},{\"@type\":\"WebSite\",\"@id\":\"https:\/\/fadeu.urantiacos.cl\/en\/#website\",\"url\":\"https:\/\/fadeu.urantiacos.cl\/en\/\",\"name\":\"Facultad de Arquitectura, Dise\u00f1o y Estudios Urbanos\",\"description\":\"Campus Lo Contador\",\"potentialAction\":[{\"@type\":\"SearchAction\",\"target\":{\"@type\":\"EntryPoint\",\"urlTemplate\":\"https:\/\/fadeu.urantiacos.cl\/en\/?s={search_term_string}\"},\"query-input\":{\"@type\":\"PropertyValueSpecification\",\"valueRequired\":true,\"valueName\":\"search_term_string\"}}],\"inLanguage\":\"en-US\"},{\"@type\":\"Person\",\"@id\":\"https:\/\/fadeu.urantiacos.cl\/en\/#\/schema\/person\/d203e2e84b1c40275eac77b3061a19a2\",\"name\":\"manadmin\",\"image\":{\"@type\":\"ImageObject\",\"inLanguage\":\"en-US\",\"@id\":\"https:\/\/fadeu.urantiacos.cl\/en\/#\/schema\/person\/image\/\",\"url\":\"https:\/\/secure.gravatar.com\/avatar\/4b1d8e3303b4a9d8968ac578947d8bc80d9aea359f388cdd4aac15cadc0e8447?s=96&d=mm&r=g\",\"contentUrl\":\"https:\/\/secure.gravatar.com\/avatar\/4b1d8e3303b4a9d8968ac578947d8bc80d9aea359f388cdd4aac15cadc0e8447?s=96&d=mm&r=g\",\"caption\":\"manadmin\"},\"sameAs\":[\"https:\/\/fadeu.urantiacos.cl\"]}]}<\/script>\n<!-- \/ Yoast SEO plugin. -->","yoast_head_json":{"title":"Arquitectura UC se une a la campa\u00f1a D\u00e9ficit Cero - Facultad de Arquitectura, Dise\u00f1o y Estudios Urbanos","description":"La Escuela de Arquitectura UC est\u00e1 apoyando oficialmente la campa\u00f1a, impulsada por la Fundaci\u00f3n TECHO-Chile, que tiene como meta llegar a un d\u00e9ficit habitacional cero en Chile antes de que termine esta d\u00e9cada, garantizando que todas las familias tengan acceso a una vivienda adecuada.","robots":{"index":"index","follow":"follow","max-snippet":"max-snippet:-1","max-image-preview":"max-image-preview:large","max-video-preview":"max-video-preview:-1"},"canonical":"https:\/\/fadeu.urantiacos.cl\/en\/2021\/10\/25\/arquitectura-uc-se-une-a-la-campana-deficit-cero\/","og_locale":"en_US","og_type":"article","og_title":"Arquitectura UC se une a la campa\u00f1a D\u00e9ficit Cero - Facultad de Arquitectura, Dise\u00f1o y Estudios Urbanos","og_description":"La Escuela de Arquitectura UC est\u00e1 apoyando oficialmente la campa\u00f1a, impulsada por la Fundaci\u00f3n TECHO-Chile, que tiene como meta llegar a un d\u00e9ficit habitacional cero en Chile antes de que termine esta d\u00e9cada, garantizando que todas las familias tengan acceso a una vivienda adecuada.","og_url":"https:\/\/fadeu.urantiacos.cl\/en\/2021\/10\/25\/arquitectura-uc-se-une-a-la-campana-deficit-cero\/","og_site_name":"Facultad de Arquitectura, Dise\u00f1o y Estudios Urbanos","article_published_time":"2021-10-25T13:47:00+00:00","article_modified_time":"2023-09-07T13:50:24+00:00","og_image":[{"width":350,"height":250,"url":"https:\/\/fadeu.urantiacos.cl\/wp-content\/uploads\/2023\/09\/WEB_Captura_de_Pantalla_2021-10-25_a_las_11.51.26.png","type":"image\/png"}],"author":"manadmin","twitter_card":"summary_large_image","twitter_misc":{"Written by":"manadmin","Est. reading time":"2 minutes"},"schema":{"@context":"https:\/\/schema.org","@graph":[{"@type":"Article","@id":"https:\/\/fadeu.urantiacos.cl\/en\/2021\/10\/25\/arquitectura-uc-se-une-a-la-campana-deficit-cero\/#article","isPartOf":{"@id":"https:\/\/fadeu.urantiacos.cl\/en\/2021\/10\/25\/arquitectura-uc-se-une-a-la-campana-deficit-cero\/"},"author":{"name":"manadmin","@id":"https:\/\/fadeu.urantiacos.cl\/en\/#\/schema\/person\/d203e2e84b1c40275eac77b3061a19a2"},"headline":"Arquitectura UC se une a la campa\u00f1a D\u00e9ficit Cero","datePublished":"2021-10-25T13:47:00+00:00","dateModified":"2023-09-07T13:50:24+00:00","mainEntityOfPage":{"@id":"https:\/\/fadeu.urantiacos.cl\/en\/2021\/10\/25\/arquitectura-uc-se-une-a-la-campana-deficit-cero\/"},"wordCount":314,"commentCount":0,"image":{"@id":"https:\/\/fadeu.urantiacos.cl\/en\/2021\/10\/25\/arquitectura-uc-se-une-a-la-campana-deficit-cero\/#primaryimage"},"thumbnailUrl":"https:\/\/fadeu.urantiacos.cl\/wp-content\/uploads\/2023\/09\/WEB_Captura_de_Pantalla_2021-10-25_a_las_11.51.26.png","articleSection":["Sin categorizar"],"inLanguage":"en-US","potentialAction":[{"@type":"CommentAction","name":"Comment","target":["https:\/\/fadeu.urantiacos.cl\/en\/2021\/10\/25\/arquitectura-uc-se-une-a-la-campana-deficit-cero\/#respond"]}]},{"@type":"WebPage","@id":"https:\/\/fadeu.urantiacos.cl\/en\/2021\/10\/25\/arquitectura-uc-se-une-a-la-campana-deficit-cero\/","url":"https:\/\/fadeu.urantiacos.cl\/en\/2021\/10\/25\/arquitectura-uc-se-une-a-la-campana-deficit-cero\/","name":"Arquitectura UC se une a la campa\u00f1a D\u00e9ficit Cero - Facultad de Arquitectura, Dise\u00f1o y Estudios Urbanos","isPartOf":{"@id":"https:\/\/fadeu.urantiacos.cl\/en\/#website"},"primaryImageOfPage":{"@id":"https:\/\/fadeu.urantiacos.cl\/en\/2021\/10\/25\/arquitectura-uc-se-une-a-la-campana-deficit-cero\/#primaryimage"},"image":{"@id":"https:\/\/fadeu.urantiacos.cl\/en\/2021\/10\/25\/arquitectura-uc-se-une-a-la-campana-deficit-cero\/#primaryimage"},"thumbnailUrl":"https:\/\/fadeu.urantiacos.cl\/wp-content\/uploads\/2023\/09\/WEB_Captura_de_Pantalla_2021-10-25_a_las_11.51.26.png","datePublished":"2021-10-25T13:47:00+00:00","dateModified":"2023-09-07T13:50:24+00:00","author":{"@id":"https:\/\/fadeu.urantiacos.cl\/en\/#\/schema\/person\/d203e2e84b1c40275eac77b3061a19a2"},"description":"La Escuela de Arquitectura UC est\u00e1 apoyando oficialmente la campa\u00f1a, impulsada por la Fundaci\u00f3n TECHO-Chile, que tiene como meta llegar a un d\u00e9ficit habitacional cero en Chile antes de que termine esta d\u00e9cada, garantizando que todas las familias tengan acceso a una vivienda adecuada.","breadcrumb":{"@id":"https:\/\/fadeu.urantiacos.cl\/en\/2021\/10\/25\/arquitectura-uc-se-une-a-la-campana-deficit-cero\/#breadcrumb"},"inLanguage":"en-US","potentialAction":[{"@type":"ReadAction","target":["https:\/\/fadeu.urantiacos.cl\/en\/2021\/10\/25\/arquitectura-uc-se-une-a-la-campana-deficit-cero\/"]}]},{"@type":"ImageObject","inLanguage":"en-US","@id":"https:\/\/fadeu.urantiacos.cl\/en\/2021\/10\/25\/arquitectura-uc-se-une-a-la-campana-deficit-cero\/#primaryimage","url":"https:\/\/fadeu.urantiacos.cl\/wp-content\/uploads\/2023\/09\/WEB_Captura_de_Pantalla_2021-10-25_a_las_11.51.26.png","contentUrl":"https:\/\/fadeu.urantiacos.cl\/wp-content\/uploads\/2023\/09\/WEB_Captura_de_Pantalla_2021-10-25_a_las_11.51.26.png","width":350,"height":250},{"@type":"BreadcrumbList","@id":"https:\/\/fadeu.urantiacos.cl\/en\/2021\/10\/25\/arquitectura-uc-se-une-a-la-campana-deficit-cero\/#breadcrumb","itemListElement":[{"@type":"ListItem","position":1,"name":"Portada","item":"https:\/\/fadeu.urantiacos.cl\/en\/"},{"@type":"ListItem","position":2,"name":"Arquitectura UC se une a la campa\u00f1a D\u00e9ficit Cero"}]},{"@type":"WebSite","@id":"https:\/\/fadeu.urantiacos.cl\/en\/#website","url":"https:\/\/fadeu.urantiacos.cl\/en\/","name":"Facultad de Arquitectura, Dise\u00f1o y Estudios Urbanos","description":"Campus Lo Contador","potentialAction":[{"@type":"SearchAction","target":{"@type":"EntryPoint","urlTemplate":"https:\/\/fadeu.urantiacos.cl\/en\/?s={search_term_string}"},"query-input":{"@type":"PropertyValueSpecification","valueRequired":true,"valueName":"search_term_string"}}],"inLanguage":"en-US"},{"@type":"Person","@id":"https:\/\/fadeu.urantiacos.cl\/en\/#\/schema\/person\/d203e2e84b1c40275eac77b3061a19a2","name":"manadmin","image":{"@type":"ImageObject","inLanguage":"en-US","@id":"https:\/\/fadeu.urantiacos.cl\/en\/#\/schema\/person\/image\/","url":"https:\/\/secure.gravatar.com\/avatar\/4b1d8e3303b4a9d8968ac578947d8bc80d9aea359f388cdd4aac15cadc0e8447?s=96&d=mm&r=g","contentUrl":"https:\/\/secure.gravatar.com\/avatar\/4b1d8e3303b4a9d8968ac578947d8bc80d9aea359f388cdd4aac15cadc0e8447?s=96&d=mm&r=g","caption":"manadmin"},"sameAs":["https:\/\/fadeu.urantiacos.cl"]}]}},"_links":{"self":[{"href":"https:\/\/fadeu.urantiacos.cl\/en\/wp-json\/wp\/v2\/posts\/6086","targetHints":{"allow":["GET"]}}],"collection":[{"href":"https:\/\/fadeu.urantiacos.cl\/en\/wp-json\/wp\/v2\/posts"}],"about":[{"href":"https:\/\/fadeu.urantiacos.cl\/en\/wp-json\/wp\/v2\/types\/post"}],"author":[{"embeddable":true,"href":"https:\/\/fadeu.urantiacos.cl\/en\/wp-json\/wp\/v2\/users\/1"}],"replies":[{"embeddable":true,"href":"https:\/\/fadeu.urantiacos.cl\/en\/wp-json\/wp\/v2\/comments?post=6086"}],"version-history":[{"count":1,"href":"https:\/\/fadeu.urantiacos.cl\/en\/wp-json\/wp\/v2\/posts\/6086\/revisions"}],"predecessor-version":[{"id":6088,"href":"https:\/\/fadeu.urantiacos.cl\/en\/wp-json\/wp\/v2\/posts\/6086\/revisions\/6088"}],"wp:featuredmedia":[{"embeddable":true,"href":"https:\/\/fadeu.urantiacos.cl\/en\/wp-json\/wp\/v2\/media\/6087"}],"wp:attachment":[{"href":"https:\/\/fadeu.urantiacos.cl\/en\/wp-json\/wp\/v2\/media?parent=6086"}],"wp:term":[{"taxonomy":"category","embeddable":true,"href":"https:\/\/fadeu.urantiacos.cl\/en\/wp-json\/wp\/v2\/categories?post=6086"},{"taxonomy":"post_tag","embeddable":true,"href":"https:\/\/fadeu.urantiacos.cl\/en\/wp-json\/wp\/v2\/tags?post=6086"}],"curies":[{"name":"wp","href":"https:\/\/api.w.org\/{rel}","templated":true}]}}