{"id":6083,"date":"2021-10-25T10:44:00","date_gmt":"2021-10-25T13:44:00","guid":{"rendered":"https:\/\/fadeu.urantiacos.cl\/?p=6083"},"modified":"2023-09-07T10:47:01","modified_gmt":"2023-09-07T13:47:01","slug":"alejandra-celedon-y-sebastian-irarrazaval-participaron-en-arquisur","status":"publish","type":"post","link":"https:\/\/fadeu.urantiacos.cl\/en\/2021\/10\/25\/alejandra-celedon-y-sebastian-irarrazaval-participaron-en-arquisur\/","title":{"rendered":"Alejandra Celed\u00f3n y Sebasti\u00e1n Irarr\u00e1zaval participaron en Arquisur"},"content":{"rendered":"\n<figure class=\"wp-block-image size-full\"><img decoding=\"async\" width=\"350\" height=\"250\" src=\"https:\/\/fadeu.urantiacos.cl\/wp-content\/uploads\/2023\/09\/WEB_arquisur.jpg\" alt=\"\" class=\"wp-image-6084\" srcset=\"https:\/\/fadeu.urantiacos.cl\/wp-content\/uploads\/2023\/09\/WEB_arquisur.jpg 350w, https:\/\/fadeu.urantiacos.cl\/wp-content\/uploads\/2023\/09\/WEB_arquisur-300x214.jpg 300w\" sizes=\"(max-width: 350px) 100vw, 350px\" \/><\/figure>\n\n\n\n<p>En su vig\u00e9sima cuarta edici\u00f3n, el congreso Arquisur tuvo por t\u00edutlo &#8220;Universidad y sociedad en la pospandemia: Latinoam\u00e9rica y la construcci\u00f3n de espacios para un desarrollo rec\u00edproco&#8221; y cont\u00f3 con la participaci\u00f3n de los profesores ARQ UC Sebasti\u00e1n Irarr\u00e1zaval y Alejandra Celed\u00f3n, jefe del MARQ.<\/p>\n\n\n\n<p>Por su parte, Irarr\u00e1zaval dio una conferencia magistral titulada \u201cSimpat\u00eda por el traidor: La traducci\u00f3n como medio para la arquitectura\u201d. Con esto, el acad\u00e9mico se refiri\u00f3 a que la traducci\u00f3n promueve la creatividad porque requiere libertad: el traductor piensa cr\u00edticamente la relaci\u00f3n con el original. En sus palabras: \u201cLos arquitectos interpretamos los requerimientos de un cliente, reproducimos en piedra experiencias de terceros, damos voz a objetos inanimados, producimos s\u00edmbolos de identidad y pertenencia, transformamos dibujos en edificios\u201d.<\/p>\n\n\n\n<p>Por otro lado, Celed\u00f3n particip\u00f3 del conversatorio \u201cArquitectura y nuevas formas de relaci\u00f3n\u201d junto a las acad\u00e9micas Clara Ben y Paulina Villalobos. El di\u00e1logo se centr\u00f3 en las preguntas \u201c\u00bfcu\u00e1l es la arquitectura de este tiempo?, \u00bfcu\u00e1les ser\u00e1n los nuevos paradigmas en el uso del espacio construido?\u201d. Entre los puntos que se\u00f1al\u00f3 la profesora ARQ UC estuvo la forma en que la pandemia visibiliz\u00f3 a\u00fan m\u00e1s las diferencias a trav\u00e9s de la capacidad \u2014o falta de capacidad\u2014 de mantenerse separados, detallando: &#8220;El distanciamiento fue posible en casas c\u00f3modas pero no en sectores populares. Hay que repensarnos desde una arquitectura para el cuidado, como participar en una relaci\u00f3n con otros agentes, humanos y no humanos con los que compartimos nuestra vida, la luz, las plantas, los animales, las cosas.\u201d<\/p>\n\n\n\n<p>Fundada en 1992, Arquisur (Asociaci\u00f3n de Escuelas y Facultades de Arquitectura P\u00fablicas de Am\u00e9rica del Sur) est\u00e1 conformada por instituciones de Argentina, Bolivia, Brasil, Chile, Paraguay y Uruguay, y constituye un espacio acad\u00e9mico basado en la cooperaci\u00f3n cient\u00edfica, tecnol\u00f3gica, educativa y cultural de todos sus miembros.<\/p>\n\n\n\n<p>Ver la web del congreso en el siguiente&nbsp;<a href=\"http:\/\/arquisur.org\/congreso\/\" target=\"_blank\" rel=\"noreferrer noopener\">link<\/a>&nbsp;<\/p>\n\n\n\n<p>Noticias<br>Contacto:&nbsp;<a href=\"mailto:redesarq@uc.cl\">redesarq@uc.cl<\/a>&nbsp;| +56 2 2354 7747<br>www.arquitectura.uc.cl<\/p>\n","protected":false},"excerpt":{"rendered":"<p>Los profesores ARQ UC fueron invitados al XXIV Congreso Arquisur \u2014organizado por la Facultad de Arquitectura y Urbanismo (FAU) de la Universidad de Chile en conjunto con la Facultad de Arquitectura y Urbanismo de Tucum\u00e1n, Argentina\u2014, que se realiz\u00f3 en el mes de octubre de 2021 en formato virtual.<\/p>\n","protected":false},"author":1,"featured_media":6084,"comment_status":"open","ping_status":"open","sticky":false,"template":"","format":"standard","meta":{"_acf_changed":false,"footnotes":""},"categories":[1],"tags":[],"class_list":["post-6083","post","type-post","status-publish","format-standard","has-post-thumbnail","hentry","category-sin-categorizar"],"acf":[],"yoast_head":"<!-- This site is optimized with the Yoast SEO plugin v27.1.1 - https:\/\/yoast.com\/product\/yoast-seo-wordpress\/ -->\n<title>Alejandra Celed\u00f3n y Sebasti\u00e1n Irarr\u00e1zaval participaron en Arquisur - Facultad de Arquitectura, Dise\u00f1o y Estudios Urbanos<\/title>\n<meta name=\"description\" content=\"Los profesores ARQ UC fueron invitados al XXIV Congreso Arquisur \u2014organizado por la Facultad de Arquitectura y Urbanismo (FAU) de la Universidad de Chile en conjunto con la Facultad de Arquitectura y Urbanismo de Tucum\u00e1n, Argentina\u2014, que se realiz\u00f3 en el mes de octubre de 2021 en formato virtual.\" \/>\n<meta name=\"robots\" content=\"index, follow, max-snippet:-1, max-image-preview:large, max-video-preview:-1\" \/>\n<link rel=\"canonical\" href=\"https:\/\/fadeu.urantiacos.cl\/en\/2021\/10\/25\/alejandra-celedon-y-sebastian-irarrazaval-participaron-en-arquisur\/\" \/>\n<meta property=\"og:locale\" content=\"en_US\" \/>\n<meta property=\"og:type\" content=\"article\" \/>\n<meta property=\"og:title\" content=\"Alejandra Celed\u00f3n y Sebasti\u00e1n Irarr\u00e1zaval participaron en Arquisur - Facultad de Arquitectura, Dise\u00f1o y Estudios Urbanos\" \/>\n<meta property=\"og:description\" content=\"Los profesores ARQ UC fueron invitados al XXIV Congreso Arquisur \u2014organizado por la Facultad de Arquitectura y Urbanismo (FAU) de la Universidad de Chile en conjunto con la Facultad de Arquitectura y Urbanismo de Tucum\u00e1n, Argentina\u2014, que se realiz\u00f3 en el mes de octubre de 2021 en formato virtual.\" \/>\n<meta property=\"og:url\" content=\"https:\/\/fadeu.urantiacos.cl\/en\/2021\/10\/25\/alejandra-celedon-y-sebastian-irarrazaval-participaron-en-arquisur\/\" \/>\n<meta property=\"og:site_name\" content=\"Facultad de Arquitectura, Dise\u00f1o y Estudios Urbanos\" \/>\n<meta property=\"article:published_time\" content=\"2021-10-25T13:44:00+00:00\" \/>\n<meta property=\"article:modified_time\" content=\"2023-09-07T13:47:01+00:00\" \/>\n<meta property=\"og:image\" content=\"https:\/\/fadeu.urantiacos.cl\/wp-content\/uploads\/2023\/09\/WEB_arquisur.jpg\" \/>\n\t<meta property=\"og:image:width\" content=\"350\" \/>\n\t<meta property=\"og:image:height\" content=\"250\" \/>\n\t<meta property=\"og:image:type\" content=\"image\/jpeg\" \/>\n<meta name=\"author\" content=\"manadmin\" \/>\n<meta name=\"twitter:card\" content=\"summary_large_image\" \/>\n<meta name=\"twitter:label1\" content=\"Written by\" \/>\n\t<meta name=\"twitter:data1\" content=\"manadmin\" \/>\n\t<meta name=\"twitter:label2\" content=\"Est. reading time\" \/>\n\t<meta name=\"twitter:data2\" content=\"2 minutes\" \/>\n<script type=\"application\/ld+json\" class=\"yoast-schema-graph\">{\"@context\":\"https:\/\/schema.org\",\"@graph\":[{\"@type\":\"Article\",\"@id\":\"https:\/\/fadeu.urantiacos.cl\/en\/2021\/10\/25\/alejandra-celedon-y-sebastian-irarrazaval-participaron-en-arquisur\/#article\",\"isPartOf\":{\"@id\":\"https:\/\/fadeu.urantiacos.cl\/en\/2021\/10\/25\/alejandra-celedon-y-sebastian-irarrazaval-participaron-en-arquisur\/\"},\"author\":{\"name\":\"manadmin\",\"@id\":\"https:\/\/fadeu.urantiacos.cl\/en\/#\/schema\/person\/d203e2e84b1c40275eac77b3061a19a2\"},\"headline\":\"Alejandra Celed\u00f3n y Sebasti\u00e1n Irarr\u00e1zaval participaron en Arquisur\",\"datePublished\":\"2021-10-25T13:44:00+00:00\",\"dateModified\":\"2023-09-07T13:47:01+00:00\",\"mainEntityOfPage\":{\"@id\":\"https:\/\/fadeu.urantiacos.cl\/en\/2021\/10\/25\/alejandra-celedon-y-sebastian-irarrazaval-participaron-en-arquisur\/\"},\"wordCount\":365,\"commentCount\":0,\"image\":{\"@id\":\"https:\/\/fadeu.urantiacos.cl\/en\/2021\/10\/25\/alejandra-celedon-y-sebastian-irarrazaval-participaron-en-arquisur\/#primaryimage\"},\"thumbnailUrl\":\"https:\/\/fadeu.urantiacos.cl\/wp-content\/uploads\/2023\/09\/WEB_arquisur.jpg\",\"articleSection\":[\"Sin categorizar\"],\"inLanguage\":\"en-US\",\"potentialAction\":[{\"@type\":\"CommentAction\",\"name\":\"Comment\",\"target\":[\"https:\/\/fadeu.urantiacos.cl\/en\/2021\/10\/25\/alejandra-celedon-y-sebastian-irarrazaval-participaron-en-arquisur\/#respond\"]}]},{\"@type\":\"WebPage\",\"@id\":\"https:\/\/fadeu.urantiacos.cl\/en\/2021\/10\/25\/alejandra-celedon-y-sebastian-irarrazaval-participaron-en-arquisur\/\",\"url\":\"https:\/\/fadeu.urantiacos.cl\/en\/2021\/10\/25\/alejandra-celedon-y-sebastian-irarrazaval-participaron-en-arquisur\/\",\"name\":\"Alejandra Celed\u00f3n y Sebasti\u00e1n Irarr\u00e1zaval participaron en Arquisur - Facultad de Arquitectura, Dise\u00f1o y Estudios Urbanos\",\"isPartOf\":{\"@id\":\"https:\/\/fadeu.urantiacos.cl\/en\/#website\"},\"primaryImageOfPage\":{\"@id\":\"https:\/\/fadeu.urantiacos.cl\/en\/2021\/10\/25\/alejandra-celedon-y-sebastian-irarrazaval-participaron-en-arquisur\/#primaryimage\"},\"image\":{\"@id\":\"https:\/\/fadeu.urantiacos.cl\/en\/2021\/10\/25\/alejandra-celedon-y-sebastian-irarrazaval-participaron-en-arquisur\/#primaryimage\"},\"thumbnailUrl\":\"https:\/\/fadeu.urantiacos.cl\/wp-content\/uploads\/2023\/09\/WEB_arquisur.jpg\",\"datePublished\":\"2021-10-25T13:44:00+00:00\",\"dateModified\":\"2023-09-07T13:47:01+00:00\",\"author\":{\"@id\":\"https:\/\/fadeu.urantiacos.cl\/en\/#\/schema\/person\/d203e2e84b1c40275eac77b3061a19a2\"},\"description\":\"Los profesores ARQ UC fueron invitados al XXIV Congreso Arquisur \u2014organizado por la Facultad de Arquitectura y Urbanismo (FAU) de la Universidad de Chile en conjunto con la Facultad de Arquitectura y Urbanismo de Tucum\u00e1n, Argentina\u2014, que se realiz\u00f3 en el mes de octubre de 2021 en formato virtual.\",\"breadcrumb\":{\"@id\":\"https:\/\/fadeu.urantiacos.cl\/en\/2021\/10\/25\/alejandra-celedon-y-sebastian-irarrazaval-participaron-en-arquisur\/#breadcrumb\"},\"inLanguage\":\"en-US\",\"potentialAction\":[{\"@type\":\"ReadAction\",\"target\":[\"https:\/\/fadeu.urantiacos.cl\/en\/2021\/10\/25\/alejandra-celedon-y-sebastian-irarrazaval-participaron-en-arquisur\/\"]}]},{\"@type\":\"ImageObject\",\"inLanguage\":\"en-US\",\"@id\":\"https:\/\/fadeu.urantiacos.cl\/en\/2021\/10\/25\/alejandra-celedon-y-sebastian-irarrazaval-participaron-en-arquisur\/#primaryimage\",\"url\":\"https:\/\/fadeu.urantiacos.cl\/wp-content\/uploads\/2023\/09\/WEB_arquisur.jpg\",\"contentUrl\":\"https:\/\/fadeu.urantiacos.cl\/wp-content\/uploads\/2023\/09\/WEB_arquisur.jpg\",\"width\":350,\"height\":250},{\"@type\":\"BreadcrumbList\",\"@id\":\"https:\/\/fadeu.urantiacos.cl\/en\/2021\/10\/25\/alejandra-celedon-y-sebastian-irarrazaval-participaron-en-arquisur\/#breadcrumb\",\"itemListElement\":[{\"@type\":\"ListItem\",\"position\":1,\"name\":\"Portada\",\"item\":\"https:\/\/fadeu.urantiacos.cl\/en\/\"},{\"@type\":\"ListItem\",\"position\":2,\"name\":\"Alejandra Celed\u00f3n y Sebasti\u00e1n Irarr\u00e1zaval participaron en Arquisur\"}]},{\"@type\":\"WebSite\",\"@id\":\"https:\/\/fadeu.urantiacos.cl\/en\/#website\",\"url\":\"https:\/\/fadeu.urantiacos.cl\/en\/\",\"name\":\"Facultad de Arquitectura, Dise\u00f1o y Estudios Urbanos\",\"description\":\"Campus Lo Contador\",\"potentialAction\":[{\"@type\":\"SearchAction\",\"target\":{\"@type\":\"EntryPoint\",\"urlTemplate\":\"https:\/\/fadeu.urantiacos.cl\/en\/?s={search_term_string}\"},\"query-input\":{\"@type\":\"PropertyValueSpecification\",\"valueRequired\":true,\"valueName\":\"search_term_string\"}}],\"inLanguage\":\"en-US\"},{\"@type\":\"Person\",\"@id\":\"https:\/\/fadeu.urantiacos.cl\/en\/#\/schema\/person\/d203e2e84b1c40275eac77b3061a19a2\",\"name\":\"manadmin\",\"image\":{\"@type\":\"ImageObject\",\"inLanguage\":\"en-US\",\"@id\":\"https:\/\/fadeu.urantiacos.cl\/en\/#\/schema\/person\/image\/\",\"url\":\"https:\/\/secure.gravatar.com\/avatar\/4b1d8e3303b4a9d8968ac578947d8bc80d9aea359f388cdd4aac15cadc0e8447?s=96&d=mm&r=g\",\"contentUrl\":\"https:\/\/secure.gravatar.com\/avatar\/4b1d8e3303b4a9d8968ac578947d8bc80d9aea359f388cdd4aac15cadc0e8447?s=96&d=mm&r=g\",\"caption\":\"manadmin\"},\"sameAs\":[\"https:\/\/fadeu.urantiacos.cl\"]}]}<\/script>\n<!-- \/ Yoast SEO plugin. -->","yoast_head_json":{"title":"Alejandra Celed\u00f3n y Sebasti\u00e1n Irarr\u00e1zaval participaron en Arquisur - Facultad de Arquitectura, Dise\u00f1o y Estudios Urbanos","description":"Los profesores ARQ UC fueron invitados al XXIV Congreso Arquisur \u2014organizado por la Facultad de Arquitectura y Urbanismo (FAU) de la Universidad de Chile en conjunto con la Facultad de Arquitectura y Urbanismo de Tucum\u00e1n, Argentina\u2014, que se realiz\u00f3 en el mes de octubre de 2021 en formato virtual.","robots":{"index":"index","follow":"follow","max-snippet":"max-snippet:-1","max-image-preview":"max-image-preview:large","max-video-preview":"max-video-preview:-1"},"canonical":"https:\/\/fadeu.urantiacos.cl\/en\/2021\/10\/25\/alejandra-celedon-y-sebastian-irarrazaval-participaron-en-arquisur\/","og_locale":"en_US","og_type":"article","og_title":"Alejandra Celed\u00f3n y Sebasti\u00e1n Irarr\u00e1zaval participaron en Arquisur - Facultad de Arquitectura, Dise\u00f1o y Estudios Urbanos","og_description":"Los profesores ARQ UC fueron invitados al XXIV Congreso Arquisur \u2014organizado por la Facultad de Arquitectura y Urbanismo (FAU) de la Universidad de Chile en conjunto con la Facultad de Arquitectura y Urbanismo de Tucum\u00e1n, Argentina\u2014, que se realiz\u00f3 en el mes de octubre de 2021 en formato virtual.","og_url":"https:\/\/fadeu.urantiacos.cl\/en\/2021\/10\/25\/alejandra-celedon-y-sebastian-irarrazaval-participaron-en-arquisur\/","og_site_name":"Facultad de Arquitectura, Dise\u00f1o y Estudios Urbanos","article_published_time":"2021-10-25T13:44:00+00:00","article_modified_time":"2023-09-07T13:47:01+00:00","og_image":[{"width":350,"height":250,"url":"https:\/\/fadeu.urantiacos.cl\/wp-content\/uploads\/2023\/09\/WEB_arquisur.jpg","type":"image\/jpeg"}],"author":"manadmin","twitter_card":"summary_large_image","twitter_misc":{"Written by":"manadmin","Est. reading time":"2 minutes"},"schema":{"@context":"https:\/\/schema.org","@graph":[{"@type":"Article","@id":"https:\/\/fadeu.urantiacos.cl\/en\/2021\/10\/25\/alejandra-celedon-y-sebastian-irarrazaval-participaron-en-arquisur\/#article","isPartOf":{"@id":"https:\/\/fadeu.urantiacos.cl\/en\/2021\/10\/25\/alejandra-celedon-y-sebastian-irarrazaval-participaron-en-arquisur\/"},"author":{"name":"manadmin","@id":"https:\/\/fadeu.urantiacos.cl\/en\/#\/schema\/person\/d203e2e84b1c40275eac77b3061a19a2"},"headline":"Alejandra Celed\u00f3n y Sebasti\u00e1n Irarr\u00e1zaval participaron en Arquisur","datePublished":"2021-10-25T13:44:00+00:00","dateModified":"2023-09-07T13:47:01+00:00","mainEntityOfPage":{"@id":"https:\/\/fadeu.urantiacos.cl\/en\/2021\/10\/25\/alejandra-celedon-y-sebastian-irarrazaval-participaron-en-arquisur\/"},"wordCount":365,"commentCount":0,"image":{"@id":"https:\/\/fadeu.urantiacos.cl\/en\/2021\/10\/25\/alejandra-celedon-y-sebastian-irarrazaval-participaron-en-arquisur\/#primaryimage"},"thumbnailUrl":"https:\/\/fadeu.urantiacos.cl\/wp-content\/uploads\/2023\/09\/WEB_arquisur.jpg","articleSection":["Sin categorizar"],"inLanguage":"en-US","potentialAction":[{"@type":"CommentAction","name":"Comment","target":["https:\/\/fadeu.urantiacos.cl\/en\/2021\/10\/25\/alejandra-celedon-y-sebastian-irarrazaval-participaron-en-arquisur\/#respond"]}]},{"@type":"WebPage","@id":"https:\/\/fadeu.urantiacos.cl\/en\/2021\/10\/25\/alejandra-celedon-y-sebastian-irarrazaval-participaron-en-arquisur\/","url":"https:\/\/fadeu.urantiacos.cl\/en\/2021\/10\/25\/alejandra-celedon-y-sebastian-irarrazaval-participaron-en-arquisur\/","name":"Alejandra Celed\u00f3n y Sebasti\u00e1n Irarr\u00e1zaval participaron en Arquisur - Facultad de Arquitectura, Dise\u00f1o y Estudios Urbanos","isPartOf":{"@id":"https:\/\/fadeu.urantiacos.cl\/en\/#website"},"primaryImageOfPage":{"@id":"https:\/\/fadeu.urantiacos.cl\/en\/2021\/10\/25\/alejandra-celedon-y-sebastian-irarrazaval-participaron-en-arquisur\/#primaryimage"},"image":{"@id":"https:\/\/fadeu.urantiacos.cl\/en\/2021\/10\/25\/alejandra-celedon-y-sebastian-irarrazaval-participaron-en-arquisur\/#primaryimage"},"thumbnailUrl":"https:\/\/fadeu.urantiacos.cl\/wp-content\/uploads\/2023\/09\/WEB_arquisur.jpg","datePublished":"2021-10-25T13:44:00+00:00","dateModified":"2023-09-07T13:47:01+00:00","author":{"@id":"https:\/\/fadeu.urantiacos.cl\/en\/#\/schema\/person\/d203e2e84b1c40275eac77b3061a19a2"},"description":"Los profesores ARQ UC fueron invitados al XXIV Congreso Arquisur \u2014organizado por la Facultad de Arquitectura y Urbanismo (FAU) de la Universidad de Chile en conjunto con la Facultad de Arquitectura y Urbanismo de Tucum\u00e1n, Argentina\u2014, que se realiz\u00f3 en el mes de octubre de 2021 en formato virtual.","breadcrumb":{"@id":"https:\/\/fadeu.urantiacos.cl\/en\/2021\/10\/25\/alejandra-celedon-y-sebastian-irarrazaval-participaron-en-arquisur\/#breadcrumb"},"inLanguage":"en-US","potentialAction":[{"@type":"ReadAction","target":["https:\/\/fadeu.urantiacos.cl\/en\/2021\/10\/25\/alejandra-celedon-y-sebastian-irarrazaval-participaron-en-arquisur\/"]}]},{"@type":"ImageObject","inLanguage":"en-US","@id":"https:\/\/fadeu.urantiacos.cl\/en\/2021\/10\/25\/alejandra-celedon-y-sebastian-irarrazaval-participaron-en-arquisur\/#primaryimage","url":"https:\/\/fadeu.urantiacos.cl\/wp-content\/uploads\/2023\/09\/WEB_arquisur.jpg","contentUrl":"https:\/\/fadeu.urantiacos.cl\/wp-content\/uploads\/2023\/09\/WEB_arquisur.jpg","width":350,"height":250},{"@type":"BreadcrumbList","@id":"https:\/\/fadeu.urantiacos.cl\/en\/2021\/10\/25\/alejandra-celedon-y-sebastian-irarrazaval-participaron-en-arquisur\/#breadcrumb","itemListElement":[{"@type":"ListItem","position":1,"name":"Portada","item":"https:\/\/fadeu.urantiacos.cl\/en\/"},{"@type":"ListItem","position":2,"name":"Alejandra Celed\u00f3n y Sebasti\u00e1n Irarr\u00e1zaval participaron en Arquisur"}]},{"@type":"WebSite","@id":"https:\/\/fadeu.urantiacos.cl\/en\/#website","url":"https:\/\/fadeu.urantiacos.cl\/en\/","name":"Facultad de Arquitectura, Dise\u00f1o y Estudios Urbanos","description":"Campus Lo Contador","potentialAction":[{"@type":"SearchAction","target":{"@type":"EntryPoint","urlTemplate":"https:\/\/fadeu.urantiacos.cl\/en\/?s={search_term_string}"},"query-input":{"@type":"PropertyValueSpecification","valueRequired":true,"valueName":"search_term_string"}}],"inLanguage":"en-US"},{"@type":"Person","@id":"https:\/\/fadeu.urantiacos.cl\/en\/#\/schema\/person\/d203e2e84b1c40275eac77b3061a19a2","name":"manadmin","image":{"@type":"ImageObject","inLanguage":"en-US","@id":"https:\/\/fadeu.urantiacos.cl\/en\/#\/schema\/person\/image\/","url":"https:\/\/secure.gravatar.com\/avatar\/4b1d8e3303b4a9d8968ac578947d8bc80d9aea359f388cdd4aac15cadc0e8447?s=96&d=mm&r=g","contentUrl":"https:\/\/secure.gravatar.com\/avatar\/4b1d8e3303b4a9d8968ac578947d8bc80d9aea359f388cdd4aac15cadc0e8447?s=96&d=mm&r=g","caption":"manadmin"},"sameAs":["https:\/\/fadeu.urantiacos.cl"]}]}},"_links":{"self":[{"href":"https:\/\/fadeu.urantiacos.cl\/en\/wp-json\/wp\/v2\/posts\/6083","targetHints":{"allow":["GET"]}}],"collection":[{"href":"https:\/\/fadeu.urantiacos.cl\/en\/wp-json\/wp\/v2\/posts"}],"about":[{"href":"https:\/\/fadeu.urantiacos.cl\/en\/wp-json\/wp\/v2\/types\/post"}],"author":[{"embeddable":true,"href":"https:\/\/fadeu.urantiacos.cl\/en\/wp-json\/wp\/v2\/users\/1"}],"replies":[{"embeddable":true,"href":"https:\/\/fadeu.urantiacos.cl\/en\/wp-json\/wp\/v2\/comments?post=6083"}],"version-history":[{"count":1,"href":"https:\/\/fadeu.urantiacos.cl\/en\/wp-json\/wp\/v2\/posts\/6083\/revisions"}],"predecessor-version":[{"id":6085,"href":"https:\/\/fadeu.urantiacos.cl\/en\/wp-json\/wp\/v2\/posts\/6083\/revisions\/6085"}],"wp:featuredmedia":[{"embeddable":true,"href":"https:\/\/fadeu.urantiacos.cl\/en\/wp-json\/wp\/v2\/media\/6084"}],"wp:attachment":[{"href":"https:\/\/fadeu.urantiacos.cl\/en\/wp-json\/wp\/v2\/media?parent=6083"}],"wp:term":[{"taxonomy":"category","embeddable":true,"href":"https:\/\/fadeu.urantiacos.cl\/en\/wp-json\/wp\/v2\/categories?post=6083"},{"taxonomy":"post_tag","embeddable":true,"href":"https:\/\/fadeu.urantiacos.cl\/en\/wp-json\/wp\/v2\/tags?post=6083"}],"curies":[{"name":"wp","href":"https:\/\/api.w.org\/{rel}","templated":true}]}}