{"id":6074,"date":"2021-10-25T10:37:00","date_gmt":"2021-10-25T13:37:00","guid":{"rendered":"https:\/\/fadeu.urantiacos.cl\/?p=6074"},"modified":"2023-09-07T10:44:35","modified_gmt":"2023-09-07T13:44:35","slug":"profesores-arq-uc-son-premiados-en-el-concurso-para-el-nuevo-museo-regional-de-nuble","status":"publish","type":"post","link":"https:\/\/fadeu.urantiacos.cl\/en\/2021\/10\/25\/profesores-arq-uc-son-premiados-en-el-concurso-para-el-nuevo-museo-regional-de-nuble\/","title":{"rendered":"Profesores ARQ UC son premiados en el concurso para el nuevo Museo Regional de \u00d1uble"},"content":{"rendered":"\n<figure class=\"wp-block-image size-full\"><img decoding=\"async\" width=\"350\" height=\"250\" src=\"https:\/\/fadeu.urantiacos.cl\/wp-content\/uploads\/2023\/09\/WEB_V_03_torre.jpg\" alt=\"\" class=\"wp-image-6075\" srcset=\"https:\/\/fadeu.urantiacos.cl\/wp-content\/uploads\/2023\/09\/WEB_V_03_torre.jpg 350w, https:\/\/fadeu.urantiacos.cl\/wp-content\/uploads\/2023\/09\/WEB_V_03_torre-300x214.jpg 300w\" sizes=\"(max-width: 350px) 100vw, 350px\" \/><\/figure>\n\n\n\n<p>Convocado por la Direcci\u00f3n de Arquitectura del Ministerio de Obras P\u00fablicas bajo el mandato del Ministerio de las Culturas, las Artes y el Patrimonio, el concurso de anteproyectos de arquitectura para el el nuevo Museo Regional de \u00d1uble anunci\u00f3 los resultados de la convocatoria luego de tres d\u00edas de deliberaci\u00f3n por parte del jurado de expertos y asesores.<\/p>\n\n\n\n<p>De los 25 proyectos presentados al concurso, los profesores Crist\u00f3bal Tirado y Alberto Moletto se impusieron en esta convocatoria para transformar una infraestructura de cerca de 6 mil metros cuadrados \u2014en las ruinas de las ex bodegas de la Estaci\u00f3n de Ferrocarriles de Chill\u00e1n\u2014, en el futuro Museo Regional de \u00d1uble. La propuesta fue escogida por rescatar la totalidad del espacio de las cuatro bodegas ferroviarias para el uso museogr\u00e1fico, y proponer un nuevo edificio de cinco pisos donde estar\u00e1n las oficinas y el \u00e1rea t\u00e9cnica del museo.<\/p>\n\n\n\n<p>De acuerdo a Ra\u00fal Irarr\u00e1zabal, presidente del jurado, la propuesta de los profesores ARQ UC \u201ces radical, en el sentido de su austeridad, y por generar un nuevo elemento que respeta a los galpones originales y eleva al museo, generando una nueva visi\u00f3n urbana. Desde una mirada de lo que queremos impulsar en la edificaci\u00f3n p\u00fablica, es una propuesta simple, que no tendr\u00e1 elementos que dificulten su operaci\u00f3n ni mantenimiento y que cumplir\u00e1 de manera eficiente su prop\u00f3sito como lugar que concentrar\u00e1 la cultura regional\u201d (cita extra\u00edda de&nbsp;<a href=\"https:\/\/www.ladiscusion.cl\/museo-regional-de-nuble-cobrara-vida-con-el-diseno-de-cristobal-tirado\/\" target=\"_blank\" rel=\"noreferrer noopener\">La Discusi\u00f3n<\/a>).<\/p>\n\n\n\n<p>El anteproyecto fue liderado por&nbsp;<a href=\"https:\/\/www.instagram.com\/tirado_arq\/?hl=es\" target=\"_blank\" rel=\"noreferrer noopener\">Crist\u00f3bal Tirado<\/a>&nbsp;y&nbsp;<a href=\"https:\/\/www.instagram.com\/oficina_alberto_moletto\/?hl=es-la\" target=\"_blank\" rel=\"noreferrer noopener\">Alberto Moletto<\/a>; junto al profesor ARQ UC Sebasti\u00e1n Paredes y los arquitectos Jos\u00e9 Acosta, Bettina Kagelmacher, Santiago Aguirre y Joaqu\u00edn D\u00edaz. El equipo cuenta tambi\u00e9n con Carlos Perreta como especialista estructural, y Antonio Espinosa como especialista en eficiencia energ\u00e9tica.<\/p>\n\n\n\n<p>Por otro lado, el equipo del profesor ARQ UC Tom\u00e1s Tironi obtuvo el segundo lugar, mientras que la propuesta liderada por el profesor fue destacada con una menci\u00f3n honrosa. En ambos casos el reconocimiento va acompa\u00f1ado de premios monetarios. El tercer lugar lo obtuvo el arquitecto UC Mathias Klotz junto Alfredo Massmann y la segunda menci\u00f3n el arquitecto Rodrigo Valenzuela junto a ARCADA, oficina compuesta por los arquitectos UC Gerardo Bambach, Nicol\u00e1s Maturana, Jos\u00e9 Tom\u00e1s P\u00e9rez, Joaqu\u00edn Serrano y David Quezada.<\/p>\n\n\n\n<p>En cuanto a la deliberaci\u00f3n, Emilio de la Cerda, subsecretario del Patrimonio Cultural y profesor ARQ UC, destac\u00f3: \u201ceste ha sido un jurado de muy buen tono y nivel de debate. Ha sido una confluencia de opiniones: hemos debatido durante tres d\u00edas los m\u00e9ritos, los atributos, las fortalezas y las debilidades de las propuestas, eso ha ido encauzando una discusi\u00f3n que nos tiene muy tranquilos y conformes por haber elegido un primer lugar que gener\u00f3 un consenso muy amplio en la votaci\u00f3n&#8221; (cita extra\u00edda de&nbsp;<a href=\"https:\/\/www.ladiscusion.cl\/museo-regional-de-nuble-cobrara-vida-con-el-diseno-de-cristobal-tirado\/\" target=\"_blank\" rel=\"noreferrer noopener\">La Discusi\u00f3n<\/a>).<\/p>\n\n\n\n<p>La gesti\u00f3n del financiamiento para el proyecto y la licitaci\u00f3n del mismo est\u00e1 prevista para 2023, lo que implicar\u00eda el inicio de las obras hacia el a\u00f1o 2024.<\/p>\n\n\n\n<figure class=\"wp-block-image size-large\"><img decoding=\"async\" width=\"925\" height=\"1024\" src=\"https:\/\/fadeu.urantiacos.cl\/wp-content\/uploads\/2023\/09\/V_02_ext-925x1024.jpeg\" alt=\"\" class=\"wp-image-6076\" srcset=\"https:\/\/fadeu.urantiacos.cl\/wp-content\/uploads\/2023\/09\/V_02_ext-925x1024.jpeg 925w, https:\/\/fadeu.urantiacos.cl\/wp-content\/uploads\/2023\/09\/V_02_ext-271x300.jpeg 271w, https:\/\/fadeu.urantiacos.cl\/wp-content\/uploads\/2023\/09\/V_02_ext-768x850.jpeg 768w, https:\/\/fadeu.urantiacos.cl\/wp-content\/uploads\/2023\/09\/V_02_ext.jpeg 960w\" sizes=\"(max-width: 925px) 100vw, 925px\" \/><\/figure>\n\n\n\n<figure class=\"wp-block-image size-large\"><img decoding=\"async\" width=\"1024\" height=\"576\" src=\"https:\/\/fadeu.urantiacos.cl\/wp-content\/uploads\/2023\/09\/V_04_int-1024x576.jpeg\" alt=\"\" class=\"wp-image-6077\" srcset=\"https:\/\/fadeu.urantiacos.cl\/wp-content\/uploads\/2023\/09\/V_04_int-1024x576.jpeg 1024w, https:\/\/fadeu.urantiacos.cl\/wp-content\/uploads\/2023\/09\/V_04_int-300x169.jpeg 300w, https:\/\/fadeu.urantiacos.cl\/wp-content\/uploads\/2023\/09\/V_04_int-768x432.jpeg 768w, https:\/\/fadeu.urantiacos.cl\/wp-content\/uploads\/2023\/09\/V_04_int.jpeg 1280w\" sizes=\"(max-width: 1024px) 100vw, 1024px\" \/><\/figure>\n\n\n\n<figure class=\"wp-block-image size-large\"><img decoding=\"async\" width=\"1024\" height=\"576\" src=\"https:\/\/fadeu.urantiacos.cl\/wp-content\/uploads\/2023\/09\/V_05_int-1024x576.jpeg\" alt=\"\" class=\"wp-image-6078\" srcset=\"https:\/\/fadeu.urantiacos.cl\/wp-content\/uploads\/2023\/09\/V_05_int-1024x576.jpeg 1024w, https:\/\/fadeu.urantiacos.cl\/wp-content\/uploads\/2023\/09\/V_05_int-300x169.jpeg 300w, https:\/\/fadeu.urantiacos.cl\/wp-content\/uploads\/2023\/09\/V_05_int-768x432.jpeg 768w, https:\/\/fadeu.urantiacos.cl\/wp-content\/uploads\/2023\/09\/V_05_int.jpeg 1280w\" sizes=\"(max-width: 1024px) 100vw, 1024px\" \/><\/figure>\n\n\n\n<figure class=\"wp-block-image size-large\"><img decoding=\"async\" width=\"1024\" height=\"576\" src=\"https:\/\/fadeu.urantiacos.cl\/wp-content\/uploads\/2023\/09\/V_06_int-1024x576.jpeg\" alt=\"\" class=\"wp-image-6079\" srcset=\"https:\/\/fadeu.urantiacos.cl\/wp-content\/uploads\/2023\/09\/V_06_int-1024x576.jpeg 1024w, https:\/\/fadeu.urantiacos.cl\/wp-content\/uploads\/2023\/09\/V_06_int-300x169.jpeg 300w, https:\/\/fadeu.urantiacos.cl\/wp-content\/uploads\/2023\/09\/V_06_int-768x432.jpeg 768w, https:\/\/fadeu.urantiacos.cl\/wp-content\/uploads\/2023\/09\/V_06_int.jpeg 1280w\" sizes=\"(max-width: 1024px) 100vw, 1024px\" \/><\/figure>\n\n\n\n<figure class=\"wp-block-image size-large\"><img decoding=\"async\" width=\"1024\" height=\"512\" src=\"https:\/\/fadeu.urantiacos.cl\/wp-content\/uploads\/2023\/09\/V_03_torre-1024x512.jpg\" alt=\"\" class=\"wp-image-6080\" srcset=\"https:\/\/fadeu.urantiacos.cl\/wp-content\/uploads\/2023\/09\/V_03_torre-1024x512.jpg 1024w, https:\/\/fadeu.urantiacos.cl\/wp-content\/uploads\/2023\/09\/V_03_torre-300x150.jpg 300w, https:\/\/fadeu.urantiacos.cl\/wp-content\/uploads\/2023\/09\/V_03_torre-768x384.jpg 768w, https:\/\/fadeu.urantiacos.cl\/wp-content\/uploads\/2023\/09\/V_03_torre.jpg 1280w\" sizes=\"(max-width: 1024px) 100vw, 1024px\" \/><\/figure>\n\n\n\n<figure class=\"wp-block-image size-large\"><img decoding=\"async\" width=\"1024\" height=\"393\" src=\"https:\/\/fadeu.urantiacos.cl\/wp-content\/uploads\/2023\/09\/V_01_ext-1024x393.jpg\" alt=\"\" class=\"wp-image-6081\" srcset=\"https:\/\/fadeu.urantiacos.cl\/wp-content\/uploads\/2023\/09\/V_01_ext-1024x393.jpg 1024w, https:\/\/fadeu.urantiacos.cl\/wp-content\/uploads\/2023\/09\/V_01_ext-300x115.jpg 300w, https:\/\/fadeu.urantiacos.cl\/wp-content\/uploads\/2023\/09\/V_01_ext-768x295.jpg 768w, https:\/\/fadeu.urantiacos.cl\/wp-content\/uploads\/2023\/09\/V_01_ext-1536x590.jpg 1536w, https:\/\/fadeu.urantiacos.cl\/wp-content\/uploads\/2023\/09\/V_01_ext-2048x787.jpg 2048w, https:\/\/fadeu.urantiacos.cl\/wp-content\/uploads\/2023\/09\/V_01_ext-scaled.jpg 1600w\" sizes=\"(max-width: 1024px) 100vw, 1024px\" \/><\/figure>\n\n\n\n<p>Im\u00e1genes proyecto ganador. Cortes\u00eda Alberto Moletto y Crist\u00f3bal Tirado<\/p>\n\n\n\n<p>Noticias<br>Contacto:&nbsp;<a href=\"mailto:redesarq@uc.cl\">redesarq@uc.cl<\/a>&nbsp;| +56 2 2354 7747<br>www.arquitectura.uc.cl<\/p>\n\n\n\n<p>Octubre 22, 2021<\/p>\n\n\n\n<h4 class=\"wp-block-heading\"><a href=\"http:\/\/arquitectura.uc.cl\/proyectos\/noticias\/6607-la-tercera-publico-columna-del-director-arq-uc-y-academicos-uc-en-torno-al-arriendo-asequible.html\">La Tercera public\u00f3 columna del director ARQ UC y acad\u00e9micos UC en torno al arriendo asequible<\/a><\/h4>\n\n\n\n<p>El diario public\u00f3 la carta firmada por Luis Eduardo Bresciani, director de nuestra escuela; Javier Ruiz-Tagle, director del Instituto de Estudios Urbanos y Territoriales UC (IEUT UC) y del profesor de&#8230;<\/p>\n\n\n\n<p>Octubre 22, 2021<\/p>\n\n\n\n<h4 class=\"wp-block-heading\"><a href=\"http:\/\/arquitectura.uc.cl\/proyectos\/noticias\/6599-ediciones-arq-lanzo-libro-sobre-el-litio-junto-al-het-nieuwe-instituut.html\">Ediciones ARQ lanz\u00f3 libro sobre el litio junto al Het Nieuwe Instituut<\/a><\/h4>\n\n\n\n<p>La publicaci\u00f3n, editada en conjunto por Ediciones ARQ y el Het Nieuwe Instituut, incluye textos de Francisco D\u00edaz, editor general de la editorial de la escuela, y Pedro Alonso, jefe del Doctorado en A&#8230;<\/p>\n\n\n\n<p>Octubre 21, 2021<\/p>\n\n\n\n<h4 class=\"wp-block-heading\"><a href=\"http:\/\/arquitectura.uc.cl\/proyectos\/noticias\/6589-oferta-laboral-centro-de-innovacion-en-madera-uc.html\">Oferta laboral | Centro de Innovaci\u00f3n en Madera UC<\/a><\/h4>\n\n\n\n<p>El CIM UC busca profesional vinculado al \u00e1rea de gesti\u00f3n de proyectos para incorporarse como parte de equipo de trabajo en el desarrollo del proyecto \u201cPropuesta y validaci\u00f3n de un modelo de gesti\u00f3n in&#8230;<\/p>\n\n\n\n<p>Octubre 19, 2021<\/p>\n\n\n\n<h4 class=\"wp-block-heading\"><a href=\"http:\/\/arquitectura.uc.cl\/proyectos\/noticias\/6609-paola-alfaro-realizo-coloquio-que-cierra-investigacion-en-el-marco-de-la-cooperacion-entre-la-technische-universitaet-berlin-y-la-escuela-de-arquitectura-uc.html\">Paola Alfaro realiz\u00f3 coloquio que cierra investigaci\u00f3n en el marco de la cooperaci\u00f3n entre la Technische Universit\u00e4t Ber\u2026<\/a><\/h4>\n\n\n\n<p>El evento \u201cKOPRO Int. Concluding Colloquium\u201d \u2014organizado por la Technische Universit\u00e4t Berlin (TU Berlin) y realizado los d\u00edas 14 y 15 de octubre en formato h\u00edbrido\u2014 nace de la investigaci\u00f3n llevada a&#8230;<\/p>\n\n\n\n<p>Octubre 19, 2021<\/p>\n\n\n\n<h4 class=\"wp-block-heading\"><a href=\"http:\/\/arquitectura.uc.cl\/proyectos\/noticias\/6603-alejandra-celedon-y-sebastian-irarrazaval-participaron-en-arquisur.html\">Alejandra Celed\u00f3n y Sebasti\u00e1n Irarr\u00e1zaval participaron en Arquisur<\/a><\/h4>\n\n\n\n<p>Los profesores ARQ UC fueron invitados al XXIV Congreso Arquisur \u2014organizado por la Facultad de Arquitectura y Urbanismo (FAU) de la Universidad de Chile en conjunto con la Facultad de Arquitectura y &#8230;<\/p>\n","protected":false},"excerpt":{"rendered":"<p>La propuesta de las oficinas de Crist\u00f3bal Tirado y Alberto Moletto gan\u00f3 el concurso, adjudic\u00e1ndose el proyecto, mientras que los profesores ARQ UC Tom\u00e1s Tironi y Rodrigo P\u00e9rez de Arce obtuvieron el segundo lugar y una menci\u00f3n honrosa, respectivamente.<\/p>\n","protected":false},"author":1,"featured_media":6075,"comment_status":"open","ping_status":"open","sticky":false,"template":"","format":"standard","meta":{"_acf_changed":false,"footnotes":""},"categories":[1],"tags":[],"class_list":["post-6074","post","type-post","status-publish","format-standard","has-post-thumbnail","hentry","category-sin-categorizar"],"acf":[],"yoast_head":"<!-- This site is optimized with the Yoast SEO plugin v27.1.1 - https:\/\/yoast.com\/product\/yoast-seo-wordpress\/ -->\n<title>Profesores ARQ UC son premiados en el concurso para el nuevo Museo Regional de \u00d1uble - Facultad de Arquitectura, Dise\u00f1o y Estudios Urbanos<\/title>\n<meta name=\"description\" content=\"La propuesta de las oficinas de Crist\u00f3bal Tirado y Alberto Moletto gan\u00f3 el concurso, adjudic\u00e1ndose el proyecto, mientras que los profesores ARQ UC Tom\u00e1s Tironi y Rodrigo P\u00e9rez de Arce obtuvieron el segundo lugar y una menci\u00f3n honrosa, respectivamente.\" \/>\n<meta name=\"robots\" content=\"index, follow, max-snippet:-1, max-image-preview:large, max-video-preview:-1\" \/>\n<link rel=\"canonical\" href=\"https:\/\/fadeu.urantiacos.cl\/en\/2021\/10\/25\/profesores-arq-uc-son-premiados-en-el-concurso-para-el-nuevo-museo-regional-de-nuble\/\" \/>\n<meta property=\"og:locale\" content=\"en_US\" \/>\n<meta property=\"og:type\" content=\"article\" \/>\n<meta property=\"og:title\" content=\"Profesores ARQ UC son premiados en el concurso para el nuevo Museo Regional de \u00d1uble - Facultad de Arquitectura, Dise\u00f1o y Estudios Urbanos\" \/>\n<meta property=\"og:description\" content=\"La propuesta de las oficinas de Crist\u00f3bal Tirado y Alberto Moletto gan\u00f3 el concurso, adjudic\u00e1ndose el proyecto, mientras que los profesores ARQ UC Tom\u00e1s Tironi y Rodrigo P\u00e9rez de Arce obtuvieron el segundo lugar y una menci\u00f3n honrosa, respectivamente.\" \/>\n<meta property=\"og:url\" content=\"https:\/\/fadeu.urantiacos.cl\/en\/2021\/10\/25\/profesores-arq-uc-son-premiados-en-el-concurso-para-el-nuevo-museo-regional-de-nuble\/\" \/>\n<meta property=\"og:site_name\" content=\"Facultad de Arquitectura, Dise\u00f1o y Estudios Urbanos\" \/>\n<meta property=\"article:published_time\" content=\"2021-10-25T13:37:00+00:00\" \/>\n<meta property=\"article:modified_time\" content=\"2023-09-07T13:44:35+00:00\" \/>\n<meta property=\"og:image\" content=\"https:\/\/fadeu.urantiacos.cl\/wp-content\/uploads\/2023\/09\/WEB_V_03_torre.jpg\" \/>\n\t<meta property=\"og:image:width\" content=\"350\" \/>\n\t<meta property=\"og:image:height\" content=\"250\" \/>\n\t<meta property=\"og:image:type\" content=\"image\/jpeg\" \/>\n<meta name=\"author\" content=\"manadmin\" \/>\n<meta name=\"twitter:card\" content=\"summary_large_image\" \/>\n<meta name=\"twitter:label1\" content=\"Written by\" \/>\n\t<meta name=\"twitter:data1\" content=\"manadmin\" \/>\n\t<meta name=\"twitter:label2\" content=\"Est. reading time\" \/>\n\t<meta name=\"twitter:data2\" content=\"4 minutes\" \/>\n<script type=\"application\/ld+json\" class=\"yoast-schema-graph\">{\"@context\":\"https:\/\/schema.org\",\"@graph\":[{\"@type\":\"Article\",\"@id\":\"https:\/\/fadeu.urantiacos.cl\/en\/2021\/10\/25\/profesores-arq-uc-son-premiados-en-el-concurso-para-el-nuevo-museo-regional-de-nuble\/#article\",\"isPartOf\":{\"@id\":\"https:\/\/fadeu.urantiacos.cl\/en\/2021\/10\/25\/profesores-arq-uc-son-premiados-en-el-concurso-para-el-nuevo-museo-regional-de-nuble\/\"},\"author\":{\"name\":\"manadmin\",\"@id\":\"https:\/\/fadeu.urantiacos.cl\/en\/#\/schema\/person\/d203e2e84b1c40275eac77b3061a19a2\"},\"headline\":\"Profesores ARQ UC son premiados en el concurso para el nuevo Museo Regional de \u00d1uble\",\"datePublished\":\"2021-10-25T13:37:00+00:00\",\"dateModified\":\"2023-09-07T13:44:35+00:00\",\"mainEntityOfPage\":{\"@id\":\"https:\/\/fadeu.urantiacos.cl\/en\/2021\/10\/25\/profesores-arq-uc-son-premiados-en-el-concurso-para-el-nuevo-museo-regional-de-nuble\/\"},\"wordCount\":806,\"commentCount\":0,\"image\":{\"@id\":\"https:\/\/fadeu.urantiacos.cl\/en\/2021\/10\/25\/profesores-arq-uc-son-premiados-en-el-concurso-para-el-nuevo-museo-regional-de-nuble\/#primaryimage\"},\"thumbnailUrl\":\"https:\/\/fadeu.urantiacos.cl\/wp-content\/uploads\/2023\/09\/WEB_V_03_torre.jpg\",\"articleSection\":[\"Sin categorizar\"],\"inLanguage\":\"en-US\",\"potentialAction\":[{\"@type\":\"CommentAction\",\"name\":\"Comment\",\"target\":[\"https:\/\/fadeu.urantiacos.cl\/en\/2021\/10\/25\/profesores-arq-uc-son-premiados-en-el-concurso-para-el-nuevo-museo-regional-de-nuble\/#respond\"]}]},{\"@type\":\"WebPage\",\"@id\":\"https:\/\/fadeu.urantiacos.cl\/en\/2021\/10\/25\/profesores-arq-uc-son-premiados-en-el-concurso-para-el-nuevo-museo-regional-de-nuble\/\",\"url\":\"https:\/\/fadeu.urantiacos.cl\/en\/2021\/10\/25\/profesores-arq-uc-son-premiados-en-el-concurso-para-el-nuevo-museo-regional-de-nuble\/\",\"name\":\"Profesores ARQ UC son premiados en el concurso para el nuevo Museo Regional de \u00d1uble - Facultad de Arquitectura, Dise\u00f1o y Estudios Urbanos\",\"isPartOf\":{\"@id\":\"https:\/\/fadeu.urantiacos.cl\/en\/#website\"},\"primaryImageOfPage\":{\"@id\":\"https:\/\/fadeu.urantiacos.cl\/en\/2021\/10\/25\/profesores-arq-uc-son-premiados-en-el-concurso-para-el-nuevo-museo-regional-de-nuble\/#primaryimage\"},\"image\":{\"@id\":\"https:\/\/fadeu.urantiacos.cl\/en\/2021\/10\/25\/profesores-arq-uc-son-premiados-en-el-concurso-para-el-nuevo-museo-regional-de-nuble\/#primaryimage\"},\"thumbnailUrl\":\"https:\/\/fadeu.urantiacos.cl\/wp-content\/uploads\/2023\/09\/WEB_V_03_torre.jpg\",\"datePublished\":\"2021-10-25T13:37:00+00:00\",\"dateModified\":\"2023-09-07T13:44:35+00:00\",\"author\":{\"@id\":\"https:\/\/fadeu.urantiacos.cl\/en\/#\/schema\/person\/d203e2e84b1c40275eac77b3061a19a2\"},\"description\":\"La propuesta de las oficinas de Crist\u00f3bal Tirado y Alberto Moletto gan\u00f3 el concurso, adjudic\u00e1ndose el proyecto, mientras que los profesores ARQ UC Tom\u00e1s Tironi y Rodrigo P\u00e9rez de Arce obtuvieron el segundo lugar y una menci\u00f3n honrosa, respectivamente.\",\"breadcrumb\":{\"@id\":\"https:\/\/fadeu.urantiacos.cl\/en\/2021\/10\/25\/profesores-arq-uc-son-premiados-en-el-concurso-para-el-nuevo-museo-regional-de-nuble\/#breadcrumb\"},\"inLanguage\":\"en-US\",\"potentialAction\":[{\"@type\":\"ReadAction\",\"target\":[\"https:\/\/fadeu.urantiacos.cl\/en\/2021\/10\/25\/profesores-arq-uc-son-premiados-en-el-concurso-para-el-nuevo-museo-regional-de-nuble\/\"]}]},{\"@type\":\"ImageObject\",\"inLanguage\":\"en-US\",\"@id\":\"https:\/\/fadeu.urantiacos.cl\/en\/2021\/10\/25\/profesores-arq-uc-son-premiados-en-el-concurso-para-el-nuevo-museo-regional-de-nuble\/#primaryimage\",\"url\":\"https:\/\/fadeu.urantiacos.cl\/wp-content\/uploads\/2023\/09\/WEB_V_03_torre.jpg\",\"contentUrl\":\"https:\/\/fadeu.urantiacos.cl\/wp-content\/uploads\/2023\/09\/WEB_V_03_torre.jpg\",\"width\":350,\"height\":250},{\"@type\":\"BreadcrumbList\",\"@id\":\"https:\/\/fadeu.urantiacos.cl\/en\/2021\/10\/25\/profesores-arq-uc-son-premiados-en-el-concurso-para-el-nuevo-museo-regional-de-nuble\/#breadcrumb\",\"itemListElement\":[{\"@type\":\"ListItem\",\"position\":1,\"name\":\"Portada\",\"item\":\"https:\/\/fadeu.urantiacos.cl\/en\/\"},{\"@type\":\"ListItem\",\"position\":2,\"name\":\"Profesores ARQ UC son premiados en el concurso para el nuevo Museo Regional de \u00d1uble\"}]},{\"@type\":\"WebSite\",\"@id\":\"https:\/\/fadeu.urantiacos.cl\/en\/#website\",\"url\":\"https:\/\/fadeu.urantiacos.cl\/en\/\",\"name\":\"Facultad de Arquitectura, Dise\u00f1o y Estudios Urbanos\",\"description\":\"Campus Lo Contador\",\"potentialAction\":[{\"@type\":\"SearchAction\",\"target\":{\"@type\":\"EntryPoint\",\"urlTemplate\":\"https:\/\/fadeu.urantiacos.cl\/en\/?s={search_term_string}\"},\"query-input\":{\"@type\":\"PropertyValueSpecification\",\"valueRequired\":true,\"valueName\":\"search_term_string\"}}],\"inLanguage\":\"en-US\"},{\"@type\":\"Person\",\"@id\":\"https:\/\/fadeu.urantiacos.cl\/en\/#\/schema\/person\/d203e2e84b1c40275eac77b3061a19a2\",\"name\":\"manadmin\",\"image\":{\"@type\":\"ImageObject\",\"inLanguage\":\"en-US\",\"@id\":\"https:\/\/fadeu.urantiacos.cl\/en\/#\/schema\/person\/image\/\",\"url\":\"https:\/\/secure.gravatar.com\/avatar\/4b1d8e3303b4a9d8968ac578947d8bc80d9aea359f388cdd4aac15cadc0e8447?s=96&d=mm&r=g\",\"contentUrl\":\"https:\/\/secure.gravatar.com\/avatar\/4b1d8e3303b4a9d8968ac578947d8bc80d9aea359f388cdd4aac15cadc0e8447?s=96&d=mm&r=g\",\"caption\":\"manadmin\"},\"sameAs\":[\"https:\/\/fadeu.urantiacos.cl\"]}]}<\/script>\n<!-- \/ Yoast SEO plugin. -->","yoast_head_json":{"title":"Profesores ARQ UC son premiados en el concurso para el nuevo Museo Regional de \u00d1uble - Facultad de Arquitectura, Dise\u00f1o y Estudios Urbanos","description":"La propuesta de las oficinas de Crist\u00f3bal Tirado y Alberto Moletto gan\u00f3 el concurso, adjudic\u00e1ndose el proyecto, mientras que los profesores ARQ UC Tom\u00e1s Tironi y Rodrigo P\u00e9rez de Arce obtuvieron el segundo lugar y una menci\u00f3n honrosa, respectivamente.","robots":{"index":"index","follow":"follow","max-snippet":"max-snippet:-1","max-image-preview":"max-image-preview:large","max-video-preview":"max-video-preview:-1"},"canonical":"https:\/\/fadeu.urantiacos.cl\/en\/2021\/10\/25\/profesores-arq-uc-son-premiados-en-el-concurso-para-el-nuevo-museo-regional-de-nuble\/","og_locale":"en_US","og_type":"article","og_title":"Profesores ARQ UC son premiados en el concurso para el nuevo Museo Regional de \u00d1uble - Facultad de Arquitectura, Dise\u00f1o y Estudios Urbanos","og_description":"La propuesta de las oficinas de Crist\u00f3bal Tirado y Alberto Moletto gan\u00f3 el concurso, adjudic\u00e1ndose el proyecto, mientras que los profesores ARQ UC Tom\u00e1s Tironi y Rodrigo P\u00e9rez de Arce obtuvieron el segundo lugar y una menci\u00f3n honrosa, respectivamente.","og_url":"https:\/\/fadeu.urantiacos.cl\/en\/2021\/10\/25\/profesores-arq-uc-son-premiados-en-el-concurso-para-el-nuevo-museo-regional-de-nuble\/","og_site_name":"Facultad de Arquitectura, Dise\u00f1o y Estudios Urbanos","article_published_time":"2021-10-25T13:37:00+00:00","article_modified_time":"2023-09-07T13:44:35+00:00","og_image":[{"width":350,"height":250,"url":"https:\/\/fadeu.urantiacos.cl\/wp-content\/uploads\/2023\/09\/WEB_V_03_torre.jpg","type":"image\/jpeg"}],"author":"manadmin","twitter_card":"summary_large_image","twitter_misc":{"Written by":"manadmin","Est. reading time":"4 minutes"},"schema":{"@context":"https:\/\/schema.org","@graph":[{"@type":"Article","@id":"https:\/\/fadeu.urantiacos.cl\/en\/2021\/10\/25\/profesores-arq-uc-son-premiados-en-el-concurso-para-el-nuevo-museo-regional-de-nuble\/#article","isPartOf":{"@id":"https:\/\/fadeu.urantiacos.cl\/en\/2021\/10\/25\/profesores-arq-uc-son-premiados-en-el-concurso-para-el-nuevo-museo-regional-de-nuble\/"},"author":{"name":"manadmin","@id":"https:\/\/fadeu.urantiacos.cl\/en\/#\/schema\/person\/d203e2e84b1c40275eac77b3061a19a2"},"headline":"Profesores ARQ UC son premiados en el concurso para el nuevo Museo Regional de \u00d1uble","datePublished":"2021-10-25T13:37:00+00:00","dateModified":"2023-09-07T13:44:35+00:00","mainEntityOfPage":{"@id":"https:\/\/fadeu.urantiacos.cl\/en\/2021\/10\/25\/profesores-arq-uc-son-premiados-en-el-concurso-para-el-nuevo-museo-regional-de-nuble\/"},"wordCount":806,"commentCount":0,"image":{"@id":"https:\/\/fadeu.urantiacos.cl\/en\/2021\/10\/25\/profesores-arq-uc-son-premiados-en-el-concurso-para-el-nuevo-museo-regional-de-nuble\/#primaryimage"},"thumbnailUrl":"https:\/\/fadeu.urantiacos.cl\/wp-content\/uploads\/2023\/09\/WEB_V_03_torre.jpg","articleSection":["Sin categorizar"],"inLanguage":"en-US","potentialAction":[{"@type":"CommentAction","name":"Comment","target":["https:\/\/fadeu.urantiacos.cl\/en\/2021\/10\/25\/profesores-arq-uc-son-premiados-en-el-concurso-para-el-nuevo-museo-regional-de-nuble\/#respond"]}]},{"@type":"WebPage","@id":"https:\/\/fadeu.urantiacos.cl\/en\/2021\/10\/25\/profesores-arq-uc-son-premiados-en-el-concurso-para-el-nuevo-museo-regional-de-nuble\/","url":"https:\/\/fadeu.urantiacos.cl\/en\/2021\/10\/25\/profesores-arq-uc-son-premiados-en-el-concurso-para-el-nuevo-museo-regional-de-nuble\/","name":"Profesores ARQ UC son premiados en el concurso para el nuevo Museo Regional de \u00d1uble - Facultad de Arquitectura, Dise\u00f1o y Estudios Urbanos","isPartOf":{"@id":"https:\/\/fadeu.urantiacos.cl\/en\/#website"},"primaryImageOfPage":{"@id":"https:\/\/fadeu.urantiacos.cl\/en\/2021\/10\/25\/profesores-arq-uc-son-premiados-en-el-concurso-para-el-nuevo-museo-regional-de-nuble\/#primaryimage"},"image":{"@id":"https:\/\/fadeu.urantiacos.cl\/en\/2021\/10\/25\/profesores-arq-uc-son-premiados-en-el-concurso-para-el-nuevo-museo-regional-de-nuble\/#primaryimage"},"thumbnailUrl":"https:\/\/fadeu.urantiacos.cl\/wp-content\/uploads\/2023\/09\/WEB_V_03_torre.jpg","datePublished":"2021-10-25T13:37:00+00:00","dateModified":"2023-09-07T13:44:35+00:00","author":{"@id":"https:\/\/fadeu.urantiacos.cl\/en\/#\/schema\/person\/d203e2e84b1c40275eac77b3061a19a2"},"description":"La propuesta de las oficinas de Crist\u00f3bal Tirado y Alberto Moletto gan\u00f3 el concurso, adjudic\u00e1ndose el proyecto, mientras que los profesores ARQ UC Tom\u00e1s Tironi y Rodrigo P\u00e9rez de Arce obtuvieron el segundo lugar y una menci\u00f3n honrosa, respectivamente.","breadcrumb":{"@id":"https:\/\/fadeu.urantiacos.cl\/en\/2021\/10\/25\/profesores-arq-uc-son-premiados-en-el-concurso-para-el-nuevo-museo-regional-de-nuble\/#breadcrumb"},"inLanguage":"en-US","potentialAction":[{"@type":"ReadAction","target":["https:\/\/fadeu.urantiacos.cl\/en\/2021\/10\/25\/profesores-arq-uc-son-premiados-en-el-concurso-para-el-nuevo-museo-regional-de-nuble\/"]}]},{"@type":"ImageObject","inLanguage":"en-US","@id":"https:\/\/fadeu.urantiacos.cl\/en\/2021\/10\/25\/profesores-arq-uc-son-premiados-en-el-concurso-para-el-nuevo-museo-regional-de-nuble\/#primaryimage","url":"https:\/\/fadeu.urantiacos.cl\/wp-content\/uploads\/2023\/09\/WEB_V_03_torre.jpg","contentUrl":"https:\/\/fadeu.urantiacos.cl\/wp-content\/uploads\/2023\/09\/WEB_V_03_torre.jpg","width":350,"height":250},{"@type":"BreadcrumbList","@id":"https:\/\/fadeu.urantiacos.cl\/en\/2021\/10\/25\/profesores-arq-uc-son-premiados-en-el-concurso-para-el-nuevo-museo-regional-de-nuble\/#breadcrumb","itemListElement":[{"@type":"ListItem","position":1,"name":"Portada","item":"https:\/\/fadeu.urantiacos.cl\/en\/"},{"@type":"ListItem","position":2,"name":"Profesores ARQ UC son premiados en el concurso para el nuevo Museo Regional de \u00d1uble"}]},{"@type":"WebSite","@id":"https:\/\/fadeu.urantiacos.cl\/en\/#website","url":"https:\/\/fadeu.urantiacos.cl\/en\/","name":"Facultad de Arquitectura, Dise\u00f1o y Estudios Urbanos","description":"Campus Lo Contador","potentialAction":[{"@type":"SearchAction","target":{"@type":"EntryPoint","urlTemplate":"https:\/\/fadeu.urantiacos.cl\/en\/?s={search_term_string}"},"query-input":{"@type":"PropertyValueSpecification","valueRequired":true,"valueName":"search_term_string"}}],"inLanguage":"en-US"},{"@type":"Person","@id":"https:\/\/fadeu.urantiacos.cl\/en\/#\/schema\/person\/d203e2e84b1c40275eac77b3061a19a2","name":"manadmin","image":{"@type":"ImageObject","inLanguage":"en-US","@id":"https:\/\/fadeu.urantiacos.cl\/en\/#\/schema\/person\/image\/","url":"https:\/\/secure.gravatar.com\/avatar\/4b1d8e3303b4a9d8968ac578947d8bc80d9aea359f388cdd4aac15cadc0e8447?s=96&d=mm&r=g","contentUrl":"https:\/\/secure.gravatar.com\/avatar\/4b1d8e3303b4a9d8968ac578947d8bc80d9aea359f388cdd4aac15cadc0e8447?s=96&d=mm&r=g","caption":"manadmin"},"sameAs":["https:\/\/fadeu.urantiacos.cl"]}]}},"_links":{"self":[{"href":"https:\/\/fadeu.urantiacos.cl\/en\/wp-json\/wp\/v2\/posts\/6074","targetHints":{"allow":["GET"]}}],"collection":[{"href":"https:\/\/fadeu.urantiacos.cl\/en\/wp-json\/wp\/v2\/posts"}],"about":[{"href":"https:\/\/fadeu.urantiacos.cl\/en\/wp-json\/wp\/v2\/types\/post"}],"author":[{"embeddable":true,"href":"https:\/\/fadeu.urantiacos.cl\/en\/wp-json\/wp\/v2\/users\/1"}],"replies":[{"embeddable":true,"href":"https:\/\/fadeu.urantiacos.cl\/en\/wp-json\/wp\/v2\/comments?post=6074"}],"version-history":[{"count":1,"href":"https:\/\/fadeu.urantiacos.cl\/en\/wp-json\/wp\/v2\/posts\/6074\/revisions"}],"predecessor-version":[{"id":6082,"href":"https:\/\/fadeu.urantiacos.cl\/en\/wp-json\/wp\/v2\/posts\/6074\/revisions\/6082"}],"wp:featuredmedia":[{"embeddable":true,"href":"https:\/\/fadeu.urantiacos.cl\/en\/wp-json\/wp\/v2\/media\/6075"}],"wp:attachment":[{"href":"https:\/\/fadeu.urantiacos.cl\/en\/wp-json\/wp\/v2\/media?parent=6074"}],"wp:term":[{"taxonomy":"category","embeddable":true,"href":"https:\/\/fadeu.urantiacos.cl\/en\/wp-json\/wp\/v2\/categories?post=6074"},{"taxonomy":"post_tag","embeddable":true,"href":"https:\/\/fadeu.urantiacos.cl\/en\/wp-json\/wp\/v2\/tags?post=6074"}],"curies":[{"name":"wp","href":"https:\/\/api.w.org\/{rel}","templated":true}]}}