{"id":6070,"date":"2021-10-25T10:34:00","date_gmt":"2021-10-25T13:34:00","guid":{"rendered":"https:\/\/fadeu.urantiacos.cl\/?p=6070"},"modified":"2023-09-07T10:37:05","modified_gmt":"2023-09-07T13:37:05","slug":"ediciones-arq-lanzo-libro-sobre-el-litio-junto-al-het-nieuwe-instituut","status":"publish","type":"post","link":"https:\/\/fadeu.urantiacos.cl\/en\/2021\/10\/25\/ediciones-arq-lanzo-libro-sobre-el-litio-junto-al-het-nieuwe-instituut\/","title":{"rendered":"Ediciones ARQ lanz\u00f3 libro sobre el litio junto al Het Nieuwe Instituut"},"content":{"rendered":"\n<figure class=\"wp-block-image size-full\"><img decoding=\"async\" width=\"350\" height=\"250\" src=\"https:\/\/fadeu.urantiacos.cl\/wp-content\/uploads\/2023\/09\/WEB_lithium_tapa_abierto.jpg\" alt=\"\" class=\"wp-image-6071\" srcset=\"https:\/\/fadeu.urantiacos.cl\/wp-content\/uploads\/2023\/09\/WEB_lithium_tapa_abierto.jpg 350w, https:\/\/fadeu.urantiacos.cl\/wp-content\/uploads\/2023\/09\/WEB_lithium_tapa_abierto-300x214.jpg 300w\" sizes=\"(max-width: 350px) 100vw, 350px\" \/><\/figure>\n\n\n\n<p>Titulado&nbsp;Lithium. States of Exhaustion \/ Lithium. Estados de agotamiento, este libro biling\u00fce deriva de una exhibici\u00f3n en torno a este mineral realizada por el Het Nieuwe Instituut y abierta al p\u00fablico entre septiembre de 2020 y agosto de 2021. De esta forma, la publicaci\u00f3n profundiza las tem\u00e1ticas planteadas en la muestra, \u201cdestacando los aspectos beneficiosos y destructivos de la eterna b\u00fasqueda humana de energ\u00eda\u201d.<\/p>\n\n\n\n<p>Editada por el profesor ARQ UC y editor general de Ediciones ARQ, Francisco D\u00edaz, junto a Anastasia Kubrak y Marina Otero del Het Nieuwe Instituut, la publicac\u00f3n incluye un texto de D\u00edaz titulado \u201cArchitectures of Bipolarity \/ Arquitecturas de la bipolaridad\u201d y un texto del profesor ARQ UC y jefe del Doctorado en Arquitectura y Estudios Urbanos UC, Pedro Alonso, titulado \u201cEvaporations \/ Evaporaciones\u201d. Tambi\u00e9n contribuciones de Cristina Dorador, Francisco F\u00f6rster, Daniel Matamala, Byung-Chul Han, Marina Weinberg y Unknown Fields \u2014grupo de investigaci\u00f3n dirigido por Kate Davies y Liam Young\u2014, entre otros.<\/p>\n\n\n\n<p>El lanzamiento de este volumen \u2014organizado por el Het Nieuwe Instituut\u2014, se realiz\u00f3 el s\u00e1bado 16 de octubre de 2021 en el marco de la Dutch Design Week 2021. En la instancia, los editores conversaron, en vivo y online, con el profesor ARQ UC Pedro Alonso, el arquitecto e investigador Godofredo Pereira y la antrop\u00f3loga Emily Martin.<\/p>\n\n\n\n<p>Rese\u00f1a del libro_<br>Lithium. States of Exhaustion \/ Lithium. Estados de agotamiento&nbsp;(Ediciones ARQ y Het Nieuwe Instituut, 2021) habla sobre el litio, y c\u00f3mo este metal se ha presentado como cura para el agotamiento de la econom\u00eda capitalista en los cuerpos. Prescrito para tratar la man\u00eda y la depresi\u00f3n, hoy es conocido como un elemento clave para la transici\u00f3n hacia las energ\u00edas renovables. Sin embargo, la dependencia creciente en su extracci\u00f3n tiene como consecuencia la degradaci\u00f3n y colapso de ecosistemas enteros. En un viaje a trav\u00e9s de Bolivia, Chile, y balnearios europeos, el libro conduce hasta los sujetos y objetos alimentados por este elemento extraordinario.<\/p>\n\n\n\n<p>Ver m\u00e1s en sobre el libro en el siguiente&nbsp;<a href=\"https:\/\/lithium.hetnieuweinstituut.nl\/en\/publication-lithium-states-exhaustion?utm_medium=social&amp;utm_source=twitter&amp;utm_campaign=actualiteit&amp;utm_content=lithium+publication\" target=\"_blank\" rel=\"noreferrer noopener\">link<\/a><a href=\"https:\/\/lithium.hetnieuweinstituut.nl\/en\/publication-lithium-states-exhaustion?utm_medium=social&amp;utm_source=twitter&amp;utm_campaign=actualiteit&amp;utm_content=lithium+publication\"><\/a><br>Ver m\u00e1s sobre la exposici\u00f3n en el siguiente&nbsp;<a href=\"https:\/\/lithium.hetnieuweinstituut.nl\/en\" target=\"_blank\" rel=\"noreferrer noopener\">link<\/a>&nbsp;<\/p>\n\n\n\n<p>Noticias<br>Contacto:&nbsp;<a href=\"mailto:redesarq@uc.cl\">redesarq@uc.cl<\/a>&nbsp;| +56 2 2354 7747<br><a href=\"http:\/\/www.arquitectura.uc.cl\/\">www.arquitectura.uc.cl<\/a><\/p>\n\n\n\n<figure class=\"wp-block-image size-large\"><img decoding=\"async\" width=\"1024\" height=\"762\" src=\"https:\/\/fadeu.urantiacos.cl\/wp-content\/uploads\/2023\/09\/lithium_tapa_abierto-1024x762.jpeg\" alt=\"\" class=\"wp-image-6072\" srcset=\"https:\/\/fadeu.urantiacos.cl\/wp-content\/uploads\/2023\/09\/lithium_tapa_abierto-1024x762.jpeg 1024w, https:\/\/fadeu.urantiacos.cl\/wp-content\/uploads\/2023\/09\/lithium_tapa_abierto-300x223.jpeg 300w, https:\/\/fadeu.urantiacos.cl\/wp-content\/uploads\/2023\/09\/lithium_tapa_abierto-768x572.jpeg 768w, https:\/\/fadeu.urantiacos.cl\/wp-content\/uploads\/2023\/09\/lithium_tapa_abierto-1536x1143.jpeg 1536w, https:\/\/fadeu.urantiacos.cl\/wp-content\/uploads\/2023\/09\/lithium_tapa_abierto-2048x1524.jpeg 2048w, https:\/\/fadeu.urantiacos.cl\/wp-content\/uploads\/2023\/09\/lithium_tapa_abierto-scaled.jpeg 1600w\" sizes=\"(max-width: 1024px) 100vw, 1024px\" \/><\/figure>\n","protected":false},"excerpt":{"rendered":"<p>La publicaci\u00f3n, editada en conjunto por Ediciones ARQ y el Het Nieuwe Instituut, incluye textos de Francisco D\u00edaz, editor general de la editorial de la escuela, y Pedro Alonso, jefe del Doctorado en Arquitectura y Estudios Urbanos UC.<\/p>\n","protected":false},"author":1,"featured_media":6071,"comment_status":"open","ping_status":"open","sticky":false,"template":"","format":"standard","meta":{"_acf_changed":false,"footnotes":""},"categories":[1],"tags":[],"class_list":["post-6070","post","type-post","status-publish","format-standard","has-post-thumbnail","hentry","category-sin-categorizar"],"acf":[],"yoast_head":"<!-- This site is optimized with the Yoast SEO plugin v27.1.1 - https:\/\/yoast.com\/product\/yoast-seo-wordpress\/ -->\n<title>Ediciones ARQ lanz\u00f3 libro sobre el litio junto al Het Nieuwe Instituut - Facultad de Arquitectura, Dise\u00f1o y Estudios Urbanos<\/title>\n<meta name=\"description\" content=\"La publicaci\u00f3n, editada en conjunto por Ediciones ARQ y el Het Nieuwe Instituut, incluye textos de Francisco D\u00edaz, editor general de la editorial de la escuela, y Pedro Alonso, jefe del Doctorado en Arquitectura y Estudios Urbanos UC.\" \/>\n<meta name=\"robots\" content=\"index, follow, max-snippet:-1, max-image-preview:large, max-video-preview:-1\" \/>\n<link rel=\"canonical\" href=\"https:\/\/fadeu.urantiacos.cl\/en\/2021\/10\/25\/ediciones-arq-lanzo-libro-sobre-el-litio-junto-al-het-nieuwe-instituut\/\" \/>\n<meta property=\"og:locale\" content=\"en_US\" \/>\n<meta property=\"og:type\" content=\"article\" \/>\n<meta property=\"og:title\" content=\"Ediciones ARQ lanz\u00f3 libro sobre el litio junto al Het Nieuwe Instituut - Facultad de Arquitectura, Dise\u00f1o y Estudios Urbanos\" \/>\n<meta property=\"og:description\" content=\"La publicaci\u00f3n, editada en conjunto por Ediciones ARQ y el Het Nieuwe Instituut, incluye textos de Francisco D\u00edaz, editor general de la editorial de la escuela, y Pedro Alonso, jefe del Doctorado en Arquitectura y Estudios Urbanos UC.\" \/>\n<meta property=\"og:url\" content=\"https:\/\/fadeu.urantiacos.cl\/en\/2021\/10\/25\/ediciones-arq-lanzo-libro-sobre-el-litio-junto-al-het-nieuwe-instituut\/\" \/>\n<meta property=\"og:site_name\" content=\"Facultad de Arquitectura, Dise\u00f1o y Estudios Urbanos\" \/>\n<meta property=\"article:published_time\" content=\"2021-10-25T13:34:00+00:00\" \/>\n<meta property=\"article:modified_time\" content=\"2023-09-07T13:37:05+00:00\" \/>\n<meta property=\"og:image\" content=\"https:\/\/fadeu.urantiacos.cl\/wp-content\/uploads\/2023\/09\/WEB_lithium_tapa_abierto.jpg\" \/>\n\t<meta property=\"og:image:width\" content=\"350\" \/>\n\t<meta property=\"og:image:height\" content=\"250\" \/>\n\t<meta property=\"og:image:type\" content=\"image\/jpeg\" \/>\n<meta name=\"author\" content=\"manadmin\" \/>\n<meta name=\"twitter:card\" content=\"summary_large_image\" \/>\n<meta name=\"twitter:label1\" content=\"Written by\" \/>\n\t<meta name=\"twitter:data1\" content=\"manadmin\" \/>\n\t<meta name=\"twitter:label2\" content=\"Est. reading time\" \/>\n\t<meta name=\"twitter:data2\" content=\"2 minutes\" \/>\n<script type=\"application\/ld+json\" class=\"yoast-schema-graph\">{\"@context\":\"https:\/\/schema.org\",\"@graph\":[{\"@type\":\"Article\",\"@id\":\"https:\/\/fadeu.urantiacos.cl\/en\/2021\/10\/25\/ediciones-arq-lanzo-libro-sobre-el-litio-junto-al-het-nieuwe-instituut\/#article\",\"isPartOf\":{\"@id\":\"https:\/\/fadeu.urantiacos.cl\/en\/2021\/10\/25\/ediciones-arq-lanzo-libro-sobre-el-litio-junto-al-het-nieuwe-instituut\/\"},\"author\":{\"name\":\"manadmin\",\"@id\":\"https:\/\/fadeu.urantiacos.cl\/en\/#\/schema\/person\/d203e2e84b1c40275eac77b3061a19a2\"},\"headline\":\"Ediciones ARQ lanz\u00f3 libro sobre el litio junto al Het Nieuwe Instituut\",\"datePublished\":\"2021-10-25T13:34:00+00:00\",\"dateModified\":\"2023-09-07T13:37:05+00:00\",\"mainEntityOfPage\":{\"@id\":\"https:\/\/fadeu.urantiacos.cl\/en\/2021\/10\/25\/ediciones-arq-lanzo-libro-sobre-el-litio-junto-al-het-nieuwe-instituut\/\"},\"wordCount\":384,\"commentCount\":0,\"image\":{\"@id\":\"https:\/\/fadeu.urantiacos.cl\/en\/2021\/10\/25\/ediciones-arq-lanzo-libro-sobre-el-litio-junto-al-het-nieuwe-instituut\/#primaryimage\"},\"thumbnailUrl\":\"https:\/\/fadeu.urantiacos.cl\/wp-content\/uploads\/2023\/09\/WEB_lithium_tapa_abierto.jpg\",\"articleSection\":[\"Sin categorizar\"],\"inLanguage\":\"en-US\",\"potentialAction\":[{\"@type\":\"CommentAction\",\"name\":\"Comment\",\"target\":[\"https:\/\/fadeu.urantiacos.cl\/en\/2021\/10\/25\/ediciones-arq-lanzo-libro-sobre-el-litio-junto-al-het-nieuwe-instituut\/#respond\"]}]},{\"@type\":\"WebPage\",\"@id\":\"https:\/\/fadeu.urantiacos.cl\/en\/2021\/10\/25\/ediciones-arq-lanzo-libro-sobre-el-litio-junto-al-het-nieuwe-instituut\/\",\"url\":\"https:\/\/fadeu.urantiacos.cl\/en\/2021\/10\/25\/ediciones-arq-lanzo-libro-sobre-el-litio-junto-al-het-nieuwe-instituut\/\",\"name\":\"Ediciones ARQ lanz\u00f3 libro sobre el litio junto al Het Nieuwe Instituut - Facultad de Arquitectura, Dise\u00f1o y Estudios Urbanos\",\"isPartOf\":{\"@id\":\"https:\/\/fadeu.urantiacos.cl\/en\/#website\"},\"primaryImageOfPage\":{\"@id\":\"https:\/\/fadeu.urantiacos.cl\/en\/2021\/10\/25\/ediciones-arq-lanzo-libro-sobre-el-litio-junto-al-het-nieuwe-instituut\/#primaryimage\"},\"image\":{\"@id\":\"https:\/\/fadeu.urantiacos.cl\/en\/2021\/10\/25\/ediciones-arq-lanzo-libro-sobre-el-litio-junto-al-het-nieuwe-instituut\/#primaryimage\"},\"thumbnailUrl\":\"https:\/\/fadeu.urantiacos.cl\/wp-content\/uploads\/2023\/09\/WEB_lithium_tapa_abierto.jpg\",\"datePublished\":\"2021-10-25T13:34:00+00:00\",\"dateModified\":\"2023-09-07T13:37:05+00:00\",\"author\":{\"@id\":\"https:\/\/fadeu.urantiacos.cl\/en\/#\/schema\/person\/d203e2e84b1c40275eac77b3061a19a2\"},\"description\":\"La publicaci\u00f3n, editada en conjunto por Ediciones ARQ y el Het Nieuwe Instituut, incluye textos de Francisco D\u00edaz, editor general de la editorial de la escuela, y Pedro Alonso, jefe del Doctorado en Arquitectura y Estudios Urbanos UC.\",\"breadcrumb\":{\"@id\":\"https:\/\/fadeu.urantiacos.cl\/en\/2021\/10\/25\/ediciones-arq-lanzo-libro-sobre-el-litio-junto-al-het-nieuwe-instituut\/#breadcrumb\"},\"inLanguage\":\"en-US\",\"potentialAction\":[{\"@type\":\"ReadAction\",\"target\":[\"https:\/\/fadeu.urantiacos.cl\/en\/2021\/10\/25\/ediciones-arq-lanzo-libro-sobre-el-litio-junto-al-het-nieuwe-instituut\/\"]}]},{\"@type\":\"ImageObject\",\"inLanguage\":\"en-US\",\"@id\":\"https:\/\/fadeu.urantiacos.cl\/en\/2021\/10\/25\/ediciones-arq-lanzo-libro-sobre-el-litio-junto-al-het-nieuwe-instituut\/#primaryimage\",\"url\":\"https:\/\/fadeu.urantiacos.cl\/wp-content\/uploads\/2023\/09\/WEB_lithium_tapa_abierto.jpg\",\"contentUrl\":\"https:\/\/fadeu.urantiacos.cl\/wp-content\/uploads\/2023\/09\/WEB_lithium_tapa_abierto.jpg\",\"width\":350,\"height\":250},{\"@type\":\"BreadcrumbList\",\"@id\":\"https:\/\/fadeu.urantiacos.cl\/en\/2021\/10\/25\/ediciones-arq-lanzo-libro-sobre-el-litio-junto-al-het-nieuwe-instituut\/#breadcrumb\",\"itemListElement\":[{\"@type\":\"ListItem\",\"position\":1,\"name\":\"Portada\",\"item\":\"https:\/\/fadeu.urantiacos.cl\/en\/\"},{\"@type\":\"ListItem\",\"position\":2,\"name\":\"Ediciones ARQ lanz\u00f3 libro sobre el litio junto al Het Nieuwe Instituut\"}]},{\"@type\":\"WebSite\",\"@id\":\"https:\/\/fadeu.urantiacos.cl\/en\/#website\",\"url\":\"https:\/\/fadeu.urantiacos.cl\/en\/\",\"name\":\"Facultad de Arquitectura, Dise\u00f1o y Estudios Urbanos\",\"description\":\"Campus Lo Contador\",\"potentialAction\":[{\"@type\":\"SearchAction\",\"target\":{\"@type\":\"EntryPoint\",\"urlTemplate\":\"https:\/\/fadeu.urantiacos.cl\/en\/?s={search_term_string}\"},\"query-input\":{\"@type\":\"PropertyValueSpecification\",\"valueRequired\":true,\"valueName\":\"search_term_string\"}}],\"inLanguage\":\"en-US\"},{\"@type\":\"Person\",\"@id\":\"https:\/\/fadeu.urantiacos.cl\/en\/#\/schema\/person\/d203e2e84b1c40275eac77b3061a19a2\",\"name\":\"manadmin\",\"image\":{\"@type\":\"ImageObject\",\"inLanguage\":\"en-US\",\"@id\":\"https:\/\/fadeu.urantiacos.cl\/en\/#\/schema\/person\/image\/\",\"url\":\"https:\/\/secure.gravatar.com\/avatar\/4b1d8e3303b4a9d8968ac578947d8bc80d9aea359f388cdd4aac15cadc0e8447?s=96&d=mm&r=g\",\"contentUrl\":\"https:\/\/secure.gravatar.com\/avatar\/4b1d8e3303b4a9d8968ac578947d8bc80d9aea359f388cdd4aac15cadc0e8447?s=96&d=mm&r=g\",\"caption\":\"manadmin\"},\"sameAs\":[\"https:\/\/fadeu.urantiacos.cl\"]}]}<\/script>\n<!-- \/ Yoast SEO plugin. -->","yoast_head_json":{"title":"Ediciones ARQ lanz\u00f3 libro sobre el litio junto al Het Nieuwe Instituut - Facultad de Arquitectura, Dise\u00f1o y Estudios Urbanos","description":"La publicaci\u00f3n, editada en conjunto por Ediciones ARQ y el Het Nieuwe Instituut, incluye textos de Francisco D\u00edaz, editor general de la editorial de la escuela, y Pedro Alonso, jefe del Doctorado en Arquitectura y Estudios Urbanos UC.","robots":{"index":"index","follow":"follow","max-snippet":"max-snippet:-1","max-image-preview":"max-image-preview:large","max-video-preview":"max-video-preview:-1"},"canonical":"https:\/\/fadeu.urantiacos.cl\/en\/2021\/10\/25\/ediciones-arq-lanzo-libro-sobre-el-litio-junto-al-het-nieuwe-instituut\/","og_locale":"en_US","og_type":"article","og_title":"Ediciones ARQ lanz\u00f3 libro sobre el litio junto al Het Nieuwe Instituut - Facultad de Arquitectura, Dise\u00f1o y Estudios Urbanos","og_description":"La publicaci\u00f3n, editada en conjunto por Ediciones ARQ y el Het Nieuwe Instituut, incluye textos de Francisco D\u00edaz, editor general de la editorial de la escuela, y Pedro Alonso, jefe del Doctorado en Arquitectura y Estudios Urbanos UC.","og_url":"https:\/\/fadeu.urantiacos.cl\/en\/2021\/10\/25\/ediciones-arq-lanzo-libro-sobre-el-litio-junto-al-het-nieuwe-instituut\/","og_site_name":"Facultad de Arquitectura, Dise\u00f1o y Estudios Urbanos","article_published_time":"2021-10-25T13:34:00+00:00","article_modified_time":"2023-09-07T13:37:05+00:00","og_image":[{"width":350,"height":250,"url":"https:\/\/fadeu.urantiacos.cl\/wp-content\/uploads\/2023\/09\/WEB_lithium_tapa_abierto.jpg","type":"image\/jpeg"}],"author":"manadmin","twitter_card":"summary_large_image","twitter_misc":{"Written by":"manadmin","Est. reading time":"2 minutes"},"schema":{"@context":"https:\/\/schema.org","@graph":[{"@type":"Article","@id":"https:\/\/fadeu.urantiacos.cl\/en\/2021\/10\/25\/ediciones-arq-lanzo-libro-sobre-el-litio-junto-al-het-nieuwe-instituut\/#article","isPartOf":{"@id":"https:\/\/fadeu.urantiacos.cl\/en\/2021\/10\/25\/ediciones-arq-lanzo-libro-sobre-el-litio-junto-al-het-nieuwe-instituut\/"},"author":{"name":"manadmin","@id":"https:\/\/fadeu.urantiacos.cl\/en\/#\/schema\/person\/d203e2e84b1c40275eac77b3061a19a2"},"headline":"Ediciones ARQ lanz\u00f3 libro sobre el litio junto al Het Nieuwe Instituut","datePublished":"2021-10-25T13:34:00+00:00","dateModified":"2023-09-07T13:37:05+00:00","mainEntityOfPage":{"@id":"https:\/\/fadeu.urantiacos.cl\/en\/2021\/10\/25\/ediciones-arq-lanzo-libro-sobre-el-litio-junto-al-het-nieuwe-instituut\/"},"wordCount":384,"commentCount":0,"image":{"@id":"https:\/\/fadeu.urantiacos.cl\/en\/2021\/10\/25\/ediciones-arq-lanzo-libro-sobre-el-litio-junto-al-het-nieuwe-instituut\/#primaryimage"},"thumbnailUrl":"https:\/\/fadeu.urantiacos.cl\/wp-content\/uploads\/2023\/09\/WEB_lithium_tapa_abierto.jpg","articleSection":["Sin categorizar"],"inLanguage":"en-US","potentialAction":[{"@type":"CommentAction","name":"Comment","target":["https:\/\/fadeu.urantiacos.cl\/en\/2021\/10\/25\/ediciones-arq-lanzo-libro-sobre-el-litio-junto-al-het-nieuwe-instituut\/#respond"]}]},{"@type":"WebPage","@id":"https:\/\/fadeu.urantiacos.cl\/en\/2021\/10\/25\/ediciones-arq-lanzo-libro-sobre-el-litio-junto-al-het-nieuwe-instituut\/","url":"https:\/\/fadeu.urantiacos.cl\/en\/2021\/10\/25\/ediciones-arq-lanzo-libro-sobre-el-litio-junto-al-het-nieuwe-instituut\/","name":"Ediciones ARQ lanz\u00f3 libro sobre el litio junto al Het Nieuwe Instituut - Facultad de Arquitectura, Dise\u00f1o y Estudios Urbanos","isPartOf":{"@id":"https:\/\/fadeu.urantiacos.cl\/en\/#website"},"primaryImageOfPage":{"@id":"https:\/\/fadeu.urantiacos.cl\/en\/2021\/10\/25\/ediciones-arq-lanzo-libro-sobre-el-litio-junto-al-het-nieuwe-instituut\/#primaryimage"},"image":{"@id":"https:\/\/fadeu.urantiacos.cl\/en\/2021\/10\/25\/ediciones-arq-lanzo-libro-sobre-el-litio-junto-al-het-nieuwe-instituut\/#primaryimage"},"thumbnailUrl":"https:\/\/fadeu.urantiacos.cl\/wp-content\/uploads\/2023\/09\/WEB_lithium_tapa_abierto.jpg","datePublished":"2021-10-25T13:34:00+00:00","dateModified":"2023-09-07T13:37:05+00:00","author":{"@id":"https:\/\/fadeu.urantiacos.cl\/en\/#\/schema\/person\/d203e2e84b1c40275eac77b3061a19a2"},"description":"La publicaci\u00f3n, editada en conjunto por Ediciones ARQ y el Het Nieuwe Instituut, incluye textos de Francisco D\u00edaz, editor general de la editorial de la escuela, y Pedro Alonso, jefe del Doctorado en Arquitectura y Estudios Urbanos UC.","breadcrumb":{"@id":"https:\/\/fadeu.urantiacos.cl\/en\/2021\/10\/25\/ediciones-arq-lanzo-libro-sobre-el-litio-junto-al-het-nieuwe-instituut\/#breadcrumb"},"inLanguage":"en-US","potentialAction":[{"@type":"ReadAction","target":["https:\/\/fadeu.urantiacos.cl\/en\/2021\/10\/25\/ediciones-arq-lanzo-libro-sobre-el-litio-junto-al-het-nieuwe-instituut\/"]}]},{"@type":"ImageObject","inLanguage":"en-US","@id":"https:\/\/fadeu.urantiacos.cl\/en\/2021\/10\/25\/ediciones-arq-lanzo-libro-sobre-el-litio-junto-al-het-nieuwe-instituut\/#primaryimage","url":"https:\/\/fadeu.urantiacos.cl\/wp-content\/uploads\/2023\/09\/WEB_lithium_tapa_abierto.jpg","contentUrl":"https:\/\/fadeu.urantiacos.cl\/wp-content\/uploads\/2023\/09\/WEB_lithium_tapa_abierto.jpg","width":350,"height":250},{"@type":"BreadcrumbList","@id":"https:\/\/fadeu.urantiacos.cl\/en\/2021\/10\/25\/ediciones-arq-lanzo-libro-sobre-el-litio-junto-al-het-nieuwe-instituut\/#breadcrumb","itemListElement":[{"@type":"ListItem","position":1,"name":"Portada","item":"https:\/\/fadeu.urantiacos.cl\/en\/"},{"@type":"ListItem","position":2,"name":"Ediciones ARQ lanz\u00f3 libro sobre el litio junto al Het Nieuwe Instituut"}]},{"@type":"WebSite","@id":"https:\/\/fadeu.urantiacos.cl\/en\/#website","url":"https:\/\/fadeu.urantiacos.cl\/en\/","name":"Facultad de Arquitectura, Dise\u00f1o y Estudios Urbanos","description":"Campus Lo Contador","potentialAction":[{"@type":"SearchAction","target":{"@type":"EntryPoint","urlTemplate":"https:\/\/fadeu.urantiacos.cl\/en\/?s={search_term_string}"},"query-input":{"@type":"PropertyValueSpecification","valueRequired":true,"valueName":"search_term_string"}}],"inLanguage":"en-US"},{"@type":"Person","@id":"https:\/\/fadeu.urantiacos.cl\/en\/#\/schema\/person\/d203e2e84b1c40275eac77b3061a19a2","name":"manadmin","image":{"@type":"ImageObject","inLanguage":"en-US","@id":"https:\/\/fadeu.urantiacos.cl\/en\/#\/schema\/person\/image\/","url":"https:\/\/secure.gravatar.com\/avatar\/4b1d8e3303b4a9d8968ac578947d8bc80d9aea359f388cdd4aac15cadc0e8447?s=96&d=mm&r=g","contentUrl":"https:\/\/secure.gravatar.com\/avatar\/4b1d8e3303b4a9d8968ac578947d8bc80d9aea359f388cdd4aac15cadc0e8447?s=96&d=mm&r=g","caption":"manadmin"},"sameAs":["https:\/\/fadeu.urantiacos.cl"]}]}},"_links":{"self":[{"href":"https:\/\/fadeu.urantiacos.cl\/en\/wp-json\/wp\/v2\/posts\/6070","targetHints":{"allow":["GET"]}}],"collection":[{"href":"https:\/\/fadeu.urantiacos.cl\/en\/wp-json\/wp\/v2\/posts"}],"about":[{"href":"https:\/\/fadeu.urantiacos.cl\/en\/wp-json\/wp\/v2\/types\/post"}],"author":[{"embeddable":true,"href":"https:\/\/fadeu.urantiacos.cl\/en\/wp-json\/wp\/v2\/users\/1"}],"replies":[{"embeddable":true,"href":"https:\/\/fadeu.urantiacos.cl\/en\/wp-json\/wp\/v2\/comments?post=6070"}],"version-history":[{"count":1,"href":"https:\/\/fadeu.urantiacos.cl\/en\/wp-json\/wp\/v2\/posts\/6070\/revisions"}],"predecessor-version":[{"id":6073,"href":"https:\/\/fadeu.urantiacos.cl\/en\/wp-json\/wp\/v2\/posts\/6070\/revisions\/6073"}],"wp:featuredmedia":[{"embeddable":true,"href":"https:\/\/fadeu.urantiacos.cl\/en\/wp-json\/wp\/v2\/media\/6071"}],"wp:attachment":[{"href":"https:\/\/fadeu.urantiacos.cl\/en\/wp-json\/wp\/v2\/media?parent=6070"}],"wp:term":[{"taxonomy":"category","embeddable":true,"href":"https:\/\/fadeu.urantiacos.cl\/en\/wp-json\/wp\/v2\/categories?post=6070"},{"taxonomy":"post_tag","embeddable":true,"href":"https:\/\/fadeu.urantiacos.cl\/en\/wp-json\/wp\/v2\/tags?post=6070"}],"curies":[{"name":"wp","href":"https:\/\/api.w.org\/{rel}","templated":true}]}}