{"id":6061,"date":"2021-10-25T10:29:00","date_gmt":"2021-10-25T13:29:00","guid":{"rendered":"https:\/\/fadeu.urantiacos.cl\/?p=6061"},"modified":"2023-09-07T10:32:06","modified_gmt":"2023-09-07T13:32:06","slug":"arquitecto-uc-hugo-gaggero-realizara-importante-donacion-al-archivo-de-originales-fadeu-uc","status":"publish","type":"post","link":"https:\/\/fadeu.urantiacos.cl\/en\/2021\/10\/25\/arquitecto-uc-hugo-gaggero-realizara-importante-donacion-al-archivo-de-originales-fadeu-uc\/","title":{"rendered":"Arquitecto UC Hugo Gaggero realizar\u00e1 importante donaci\u00f3n al Archivo de Originales FADEU UC"},"content":{"rendered":"\n<figure class=\"wp-block-image size-full\"><img decoding=\"async\" width=\"350\" height=\"250\" src=\"https:\/\/fadeu.urantiacos.cl\/wp-content\/uploads\/2023\/09\/WEB_Donacion_Hugo_Gaggero.png\" alt=\"\" class=\"wp-image-6063\" srcset=\"https:\/\/fadeu.urantiacos.cl\/wp-content\/uploads\/2023\/09\/WEB_Donacion_Hugo_Gaggero.png 350w, https:\/\/fadeu.urantiacos.cl\/wp-content\/uploads\/2023\/09\/WEB_Donacion_Hugo_Gaggero-300x214.png 300w\" sizes=\"(max-width: 350px) 100vw, 350px\" \/><\/figure>\n\n\n\n<p>El edificio de la UNCTAD III debe ser una de las obras p\u00fablicas m\u00e1s reconocidas del gobierno de la Unidad Popular.&nbsp;Se trata de un \u201cedificio hist\u00f3rico del centro de Santiago que se inaugur\u00f3 en 1972 como sede para la Tercera Conferencia Mundial de Comercio y Desarrollo de las Naciones Unidas, UNCTAD III, donde se discuti\u00f3 c\u00f3mo superar la pobreza\u201d, como reza la rese\u00f1a que puede leerse actualmente en el sitio Web del Centro Cultural Gabriela Mistral (GAM), que se emplaza actualmente en el mismo lugar, entre las estaciones Baquedano y Universidad Cat\u00f3lica del Metro de Santiago.<\/p>\n\n\n\n<p>275 d\u00edas (todo un r\u00e9cord) fue el tiempo que demor\u00f3 la construcci\u00f3n de este emblem\u00e1tico edificio, que fue catalogado en su momento \u2013y hasta estos d\u00edas- como un valioso aporte a la arquitectura moderna en Latinoam\u00e9rica, que consider\u00f3 activa participaci\u00f3n ciudadana en su dise\u00f1o y notables avances tecnol\u00f3gicos para la \u00e9poca.<\/p>\n\n\n\n<p>Los arquitectos Jos\u00e9 Covacevic, Hugo Gaggero, Jos\u00e9 Medina, Juan Echenique y Sergio Gonz\u00e1lez Espinoza fueron los responsables de coordinar la obra, que luego de realizado el UNCTAD III pas\u00f3 a ser patrimonio del Ministerio de Educaci\u00f3n y, con el paso de los a\u00f1os, de la cartera de Defensa, en la \u00e9poca de la dictadura militar, y que hoy se conoce popularmente como el GAM.<\/p>\n\n\n\n<p>Tuvimos la oportunidad de conversar con el arquitecto Hugo Gaggero, integrante de este equipo que hizo historia en la arquitectura nacional. La Directora de Comunicaciones FADEU, Macarena Cort\u00e9s, y el encargado de prensa de la Facultad, Juan Andr\u00e9s Inzunza, sostuvieron una larga y nutrida conversaci\u00f3n en dependencias de su departamento en la comuna de Providencia.<\/p>\n\n\n\n<p>Gaggero comparte algunas de sus experiencias, repasa el valor que tiene la arquitectura \u201ca l\u00e1piz\u201d, como se\u00f1ala, y adelanta informaci\u00f3n respecto de una importante donaci\u00f3n que ha decidido hacer al Archivo de Originales de nuestra Biblioteca.<\/p>\n\n\n\n<p><strong>MC\/JAI: Yendo desde la actualidad hacia atr\u00e1s, Hugo, \u00bfc\u00f3mo crees que ha funcionado el GAM respecto de la concepci\u00f3n original que ustedes tuvieron para la torre y para todo ese sector?<\/strong><\/p>\n\n\n\n<p>HG: El GAM nuevo est\u00e1 equivocado desde su funcionamiento m\u00e1s b\u00e1sico. En el primer piso no sucede nada, tiene \u2013creo- dos salas que son las \u00fanicas que se mantuvieron en el tiempo, luego hay restoranes y venta de otras cosas. Lo \u00fanico bueno es una explanada donde la gente se re\u00fane. Todo es pagado, y ese no es el esp\u00edritu original del proyecto, que pretend\u00eda ser un punto de encuentro para las personas, permitiendo el libre acceso y la libre circulaci\u00f3n.<\/p>\n\n\n\n<p>En su concepci\u00f3n inicial era un espacio ciudadano y comunitario, con un comedor para 600 personas por turno que alcanz\u00f3 a funcionar despu\u00e9s de la conferencia hasta el d\u00eda del golpe.<\/p>\n\n\n\n<p>El arquitecto y la arquitectura en general, cuando se trata de obras p\u00fablicas, debe cumplir un rol p\u00fablico y un rol social. No se puede concebir una obra de esta envergadura que sea cerrada, porque un lugar tan importante para Santiago debe ser abierto y ser un punto de encuentro, una zona que se pueda transitar, que se pueda usar y que en definitiva sea parte de la ciudad.<\/p>\n\n\n\n<p>Yo creo que este edificio con el tiempo va a deformarse hacia un rol m\u00e1s p\u00fablico. Tengo toda esa convicci\u00f3n. De hecho, hay una conexi\u00f3n subterr\u00e1nea con el Metro de Santiago, y hasta eso est\u00e1 cerrado. Eso no puede ser. Debemos devolverle al edificio y al sector en general un tinte m\u00e1s ciudadano, menos cerrado, m\u00e1s abierto, m\u00e1s integrado a la ciudad.<\/p>\n\n\n\n<p>En la \u00e9poca militar se cerr\u00f3 entero, se llen\u00f3 de rejas. Eso no fue bueno. Yo personalmente entregu\u00e9 un estudio de renovaci\u00f3n y regeneraci\u00f3n del edificio en el primer gobierno de la presidenta Bachelet, para restaurarlo y recuperarlo, pero aun as\u00ed no hubo voluntad ni en dictadura ni en democracia de abrir este espacio y no seguir cerr\u00e1ndolo.<\/p>\n\n\n\n<p>La esperanza hoy est\u00e1 en las personas. Si los ciudadanos se manifiestan y cuidan su patrimonio y exigen que se restablezca su rol p\u00fablico, podemos mirar el futuro con buenos ojos. Los movimientos ciudadanos en estos casos son fundamentales.<\/p>\n\n\n\n<p><strong>MC\/JAI: \u00bfC\u00f3mo fue la experiencia al empezar a construir en edificio de la UNCTAD?<\/strong><\/p>\n\n\n\n<p>HG: Nosotros ten\u00edamos un problema de tiempo, porque nos impusieron una velocidad que ning\u00fan edificio ha tenido en la historia de este pa\u00eds. Hab\u00eda que pensar en una estructura capaz de cumplir esos tiempos. Adem\u00e1s, nos impusieron sobre la marcha un estacionamiento para 250 autos que no estaba considerado en el proyecto original.<\/p>\n\n\n\n<p>Junto con las excavaciones, hicimos el subterr\u00e1neo, el z\u00f3calo, una losa m\u00e1s e hicimos muy pocas operaciones de hormig\u00f3n, y el grueso es intervenci\u00f3n met\u00e1lica, con revestimientos que usaban las fuerzas armadas norteamericanas, con planchas que tra\u00edamos desde Estados Unidos.<\/p>\n\n\n\n<p>Empleamos mucha tecnolog\u00eda nueva y aprendimos sobre la marcha con los colegas. Trabaj\u00e1bamos con turnos 24\/7, d\u00eda y noche y muy de la mano con los obreros, constructores, ingenieros y voluntarios que participaron de la obra. Fue una experiencia notable.<\/p>\n\n\n\n<p>Arquitectura de ayer y hoy<\/p>\n\n\n\n<p><strong>MC\/JAI: \u00bfC\u00f3mo se estudiaba la arquitectura en su \u00e9poca universitaria?<\/strong><\/p>\n\n\n\n<p>HG: Era todo muy intenso, desde lo t\u00e9cnico hasta lo personal. Est\u00e1bamos toda la tarde. La arquitectura que hac\u00edamos con los alumnos perduraba mucho tiempo. Imag\u00ednense que los trabajos de los alumnos quedaban en las mismas salas de clase y al otro d\u00eda estaban intactos.<\/p>\n\n\n\n<p>Hab\u00eda respeto, amor por la disciplina, entrega, pasi\u00f3n y, lo que era muy importante, una entrega personal de cada uno de los que estudi\u00e1bamos y de los que hac\u00edamos clases.<\/p>\n\n\n\n<p>Yo fui ayudante de Alberto Piwonka, y creo que la relaci\u00f3n con la Bauhaus fue important\u00edsima para nuestra escuela. En esos a\u00f1os nadie faltaba a clases, porque el grado de compromiso y apego entre alumnos y profesores era espectacular.<\/p>\n\n\n\n<p>Por eso, por todas las experiencias adquiridas, siento que tengo que devolverle la mano a la universidad, y eso pretendo hacerlo, desde la humildad, con la donaci\u00f3n que estamos preparando para el Archivo de Originales.<\/p>\n\n\n\n<p><strong>MC\/JAI: \u00bfC\u00f3mo observas que ha ido evolucionando con los a\u00f1os la formaci\u00f3n de los arquitectos? Antiguamente, comentabas, todo se hac\u00eda a mano y hoy el apoyo tecnol\u00f3gico y computacional es primordial. \u00bfQu\u00e9 se ha perdido o qu\u00e9 se ha ganado en todos estos a\u00f1os de evoluci\u00f3n de la disciplina?<\/strong><\/p>\n\n\n\n<p>HG: Siempre le hecho mucha cr\u00edtica a lo actual, porque en los resultados uno ve a los arquitectos. El computador es muy contagioso porque te permite ver todo muy bien y eso, a la larga, te perjudica, pero eso no te pasa a mano. Por eso digo que un buen arquitecto se ve cuando la distancia que hay entre lo que piensa y lo que hace con la mano sea m\u00ednima. Eso a mano se ve instant\u00e1neamente, pero con el computador no. Se ha perdido un poco la esencia.<\/p>\n\n\n\n<p><strong>MC\/JAI: \u00bfC\u00f3mo esperar\u00eda usted que su obra influenciara a las actuales y futuras generaciones de arquitectos y arquitectas?<\/strong><\/p>\n\n\n\n<p>HG: Yo creo que puede servir mucho \u2013sin pretensi\u00f3n alguna- porque creo que hay obras emblem\u00e1ticas como la Escuela Naval, que se trata de un proyecto muy honrado, muy honesto y muy correcto, que lo dirigi\u00f3 el profesor Mario P\u00e9rez de Arce.<\/p>\n\n\n\n<p>En esta donaci\u00f3n, si se investiga y se recorre a conciencia, se encontrar\u00e1n con obras importantes como el hospital de San Felipe, que hicimos nosotros en obra gruesa, que vino a quebrar la infraestructura hospitalaria que exist\u00eda en aquella \u00e9poca en t\u00e9rminos de dise\u00f1o, y as\u00ed otras obras innovadoras.<\/p>\n\n\n\n<p>Y, por supuesto, la UNCTAD y otras obras posteriores que fueron archivadas en el MOP como \u201cobras secretas\u201d, que fueron obras realizadas para los militares en el norte del pa\u00eds, que hasta hoy nunca se conocieron, con un sistema de fabricaci\u00f3n en el desierto que ser\u00eda tan hermoso que los alumnos actuales pudieran ver y revisar en los planos originales.<\/p>\n\n\n\n<p><strong>Donaci\u00f3n<\/strong><\/p>\n\n\n\n<p><strong>MC\/JAI: \u00bfQu\u00e9 lo motiv\u00f3 a donar parte de su obra al Archivo de Originales de la FADEU UC?<\/strong><\/p>\n\n\n\n<p>HG: Hay tantas ideas encontradas, tantos sentimientos y tantas emociones. Yo le debo mucho a la universidad. Ah\u00ed me hice como persona, en una \u00e9poca en que todo era a mano, dibuj\u00e1bamos todo a l\u00e1piz, que es algo que se ha perdido. Estudi\u00e9 en la UC, fui profesor ayudante ah\u00ed, e hice clases ah\u00ed.<\/p>\n\n\n\n<p>Todo ello te da mucha experiencia y te forma como persona. Yo le debo mucho a la universidad, y, por lo tanto, creo que es un acto de justicia y de retribuci\u00f3n hacia una instituci\u00f3n que a m\u00ed me lo dio todo, y que me permiti\u00f3 contactarme con grandes personas, colegas y amigos.<\/p>\n\n\n\n<p><strong>MC\/JAI: \u00bfQu\u00e9 valor le asignas al Archivo de Originales de nuestra Facultad?<\/strong><\/p>\n\n\n\n<p>HG: Me parece genial lo que hacen porque es la \u00fanica manera de hacer historia. Si tu no re\u00fanes, no almacenas, no guardas, es imposible contar la historia. Lo que hace la Facultad con estas instancias es maravilloso, porque permite aportar al desarrollo de la disciplina. \u00a1C\u00f3mo no va a ser lindo que una universidad muestre originales de proyectos importantes para el pa\u00eds! Es algo maravilloso, y tiene que ver con el amor que le tenemos a la profesi\u00f3n. Sin archivos no hay historia y eso debemos cuidarlo, y hacerlo prevalecer en el tiempo.<\/p>\n\n\n\n<figure class=\"wp-block-image size-large\"><img decoding=\"async\" width=\"724\" height=\"1024\" src=\"https:\/\/fadeu.urantiacos.cl\/wp-content\/uploads\/2023\/09\/Donacion_Hugo_Gaggero-724x1024.png\" alt=\"\" class=\"wp-image-6064\" srcset=\"https:\/\/fadeu.urantiacos.cl\/wp-content\/uploads\/2023\/09\/Donacion_Hugo_Gaggero-724x1024.png 724w, https:\/\/fadeu.urantiacos.cl\/wp-content\/uploads\/2023\/09\/Donacion_Hugo_Gaggero-212x300.png 212w, https:\/\/fadeu.urantiacos.cl\/wp-content\/uploads\/2023\/09\/Donacion_Hugo_Gaggero-768x1086.png 768w, https:\/\/fadeu.urantiacos.cl\/wp-content\/uploads\/2023\/09\/Donacion_Hugo_Gaggero-1086x1536.png 1086w, https:\/\/fadeu.urantiacos.cl\/wp-content\/uploads\/2023\/09\/Donacion_Hugo_Gaggero.png 848w\" sizes=\"(max-width: 724px) 100vw, 724px\" \/><\/figure>\n\n\n\n<p>ENTREVISTA<\/p>\n\n\n\n<p>MACARENA CORT\u00c9S \/ JUAN ANDR\u00c9S INZUNZA<\/p>\n","protected":false},"excerpt":{"rendered":"<p>En una ceremonia que se llevar\u00e1 a cabo en la sala Capilla del campus Lo Contador, el martes 26 de octubre de 2021, se realizar\u00e1 la donaci\u00f3n del archivo del arquitecto Hugo Gaggero, al Archivo de Originales del FADEU del Centro de Documentaci\u00f3n Sergio Larra\u00edn GM. Presidir\u00e1n la ceremonia el Decano Mario Ubilla, la directora de Investigaci\u00f3n y Postgrado Magdalena Vicu\u00f1a y la directora del archivo Isabel Garc\u00eda.<\/p>\n","protected":false},"author":1,"featured_media":6063,"comment_status":"open","ping_status":"open","sticky":false,"template":"","format":"standard","meta":{"_acf_changed":false,"footnotes":""},"categories":[1],"tags":[],"class_list":["post-6061","post","type-post","status-publish","format-standard","has-post-thumbnail","hentry","category-sin-categorizar"],"acf":[],"yoast_head":"<!-- This site is optimized with the Yoast SEO plugin v27.1.1 - https:\/\/yoast.com\/product\/yoast-seo-wordpress\/ -->\n<title>Arquitecto UC Hugo Gaggero realizar\u00e1 importante donaci\u00f3n al Archivo de Originales FADEU UC - Facultad de Arquitectura, Dise\u00f1o y Estudios Urbanos<\/title>\n<meta name=\"description\" content=\"En una ceremonia que se llevar\u00e1 a cabo en la sala Capilla del campus Lo Contador, el martes 26 de octubre de 2021, se realizar\u00e1 la donaci\u00f3n del archivo del arquitecto Hugo Gaggero, al Archivo de Originales del FADEU del Centro de Documentaci\u00f3n Sergio Larra\u00edn GM. Presidir\u00e1n la ceremonia el Decano Mario Ubilla, la directora de Investigaci\u00f3n y Postgrado Magdalena Vicu\u00f1a y la directora del archivo Isabel Garc\u00eda.\" \/>\n<meta name=\"robots\" content=\"index, follow, max-snippet:-1, max-image-preview:large, max-video-preview:-1\" \/>\n<link rel=\"canonical\" href=\"https:\/\/fadeu.urantiacos.cl\/en\/2021\/10\/25\/arquitecto-uc-hugo-gaggero-realizara-importante-donacion-al-archivo-de-originales-fadeu-uc\/\" \/>\n<meta property=\"og:locale\" content=\"en_US\" \/>\n<meta property=\"og:type\" content=\"article\" \/>\n<meta property=\"og:title\" content=\"Arquitecto UC Hugo Gaggero realizar\u00e1 importante donaci\u00f3n al Archivo de Originales FADEU UC - Facultad de Arquitectura, Dise\u00f1o y Estudios Urbanos\" \/>\n<meta property=\"og:description\" content=\"En una ceremonia que se llevar\u00e1 a cabo en la sala Capilla del campus Lo Contador, el martes 26 de octubre de 2021, se realizar\u00e1 la donaci\u00f3n del archivo del arquitecto Hugo Gaggero, al Archivo de Originales del FADEU del Centro de Documentaci\u00f3n Sergio Larra\u00edn GM. Presidir\u00e1n la ceremonia el Decano Mario Ubilla, la directora de Investigaci\u00f3n y Postgrado Magdalena Vicu\u00f1a y la directora del archivo Isabel Garc\u00eda.\" \/>\n<meta property=\"og:url\" content=\"https:\/\/fadeu.urantiacos.cl\/en\/2021\/10\/25\/arquitecto-uc-hugo-gaggero-realizara-importante-donacion-al-archivo-de-originales-fadeu-uc\/\" \/>\n<meta property=\"og:site_name\" content=\"Facultad de Arquitectura, Dise\u00f1o y Estudios Urbanos\" \/>\n<meta property=\"article:published_time\" content=\"2021-10-25T13:29:00+00:00\" \/>\n<meta property=\"article:modified_time\" content=\"2023-09-07T13:32:06+00:00\" \/>\n<meta property=\"og:image\" content=\"https:\/\/fadeu.urantiacos.cl\/wp-content\/uploads\/2023\/09\/WEB_Donacion_Hugo_Gaggero.png\" \/>\n\t<meta property=\"og:image:width\" content=\"350\" \/>\n\t<meta property=\"og:image:height\" content=\"250\" \/>\n\t<meta property=\"og:image:type\" content=\"image\/png\" \/>\n<meta name=\"author\" content=\"manadmin\" \/>\n<meta name=\"twitter:card\" content=\"summary_large_image\" \/>\n<meta name=\"twitter:label1\" content=\"Written by\" \/>\n\t<meta name=\"twitter:data1\" content=\"manadmin\" \/>\n\t<meta name=\"twitter:label2\" content=\"Est. reading time\" \/>\n\t<meta name=\"twitter:data2\" content=\"8 minutes\" \/>\n<script type=\"application\/ld+json\" class=\"yoast-schema-graph\">{\"@context\":\"https:\/\/schema.org\",\"@graph\":[{\"@type\":\"Article\",\"@id\":\"https:\/\/fadeu.urantiacos.cl\/en\/2021\/10\/25\/arquitecto-uc-hugo-gaggero-realizara-importante-donacion-al-archivo-de-originales-fadeu-uc\/#article\",\"isPartOf\":{\"@id\":\"https:\/\/fadeu.urantiacos.cl\/en\/2021\/10\/25\/arquitecto-uc-hugo-gaggero-realizara-importante-donacion-al-archivo-de-originales-fadeu-uc\/\"},\"author\":{\"name\":\"manadmin\",\"@id\":\"https:\/\/fadeu.urantiacos.cl\/en\/#\/schema\/person\/d203e2e84b1c40275eac77b3061a19a2\"},\"headline\":\"Arquitecto UC Hugo Gaggero realizar\u00e1 importante donaci\u00f3n al Archivo de Originales FADEU UC\",\"datePublished\":\"2021-10-25T13:29:00+00:00\",\"dateModified\":\"2023-09-07T13:32:06+00:00\",\"mainEntityOfPage\":{\"@id\":\"https:\/\/fadeu.urantiacos.cl\/en\/2021\/10\/25\/arquitecto-uc-hugo-gaggero-realizara-importante-donacion-al-archivo-de-originales-fadeu-uc\/\"},\"wordCount\":1662,\"commentCount\":0,\"image\":{\"@id\":\"https:\/\/fadeu.urantiacos.cl\/en\/2021\/10\/25\/arquitecto-uc-hugo-gaggero-realizara-importante-donacion-al-archivo-de-originales-fadeu-uc\/#primaryimage\"},\"thumbnailUrl\":\"https:\/\/fadeu.urantiacos.cl\/wp-content\/uploads\/2023\/09\/WEB_Donacion_Hugo_Gaggero.png\",\"articleSection\":[\"Sin categorizar\"],\"inLanguage\":\"en-US\",\"potentialAction\":[{\"@type\":\"CommentAction\",\"name\":\"Comment\",\"target\":[\"https:\/\/fadeu.urantiacos.cl\/en\/2021\/10\/25\/arquitecto-uc-hugo-gaggero-realizara-importante-donacion-al-archivo-de-originales-fadeu-uc\/#respond\"]}]},{\"@type\":\"WebPage\",\"@id\":\"https:\/\/fadeu.urantiacos.cl\/en\/2021\/10\/25\/arquitecto-uc-hugo-gaggero-realizara-importante-donacion-al-archivo-de-originales-fadeu-uc\/\",\"url\":\"https:\/\/fadeu.urantiacos.cl\/en\/2021\/10\/25\/arquitecto-uc-hugo-gaggero-realizara-importante-donacion-al-archivo-de-originales-fadeu-uc\/\",\"name\":\"Arquitecto UC Hugo Gaggero realizar\u00e1 importante donaci\u00f3n al Archivo de Originales FADEU UC - Facultad de Arquitectura, Dise\u00f1o y Estudios Urbanos\",\"isPartOf\":{\"@id\":\"https:\/\/fadeu.urantiacos.cl\/en\/#website\"},\"primaryImageOfPage\":{\"@id\":\"https:\/\/fadeu.urantiacos.cl\/en\/2021\/10\/25\/arquitecto-uc-hugo-gaggero-realizara-importante-donacion-al-archivo-de-originales-fadeu-uc\/#primaryimage\"},\"image\":{\"@id\":\"https:\/\/fadeu.urantiacos.cl\/en\/2021\/10\/25\/arquitecto-uc-hugo-gaggero-realizara-importante-donacion-al-archivo-de-originales-fadeu-uc\/#primaryimage\"},\"thumbnailUrl\":\"https:\/\/fadeu.urantiacos.cl\/wp-content\/uploads\/2023\/09\/WEB_Donacion_Hugo_Gaggero.png\",\"datePublished\":\"2021-10-25T13:29:00+00:00\",\"dateModified\":\"2023-09-07T13:32:06+00:00\",\"author\":{\"@id\":\"https:\/\/fadeu.urantiacos.cl\/en\/#\/schema\/person\/d203e2e84b1c40275eac77b3061a19a2\"},\"description\":\"En una ceremonia que se llevar\u00e1 a cabo en la sala Capilla del campus Lo Contador, el martes 26 de octubre de 2021, se realizar\u00e1 la donaci\u00f3n del archivo del arquitecto Hugo Gaggero, al Archivo de Originales del FADEU del Centro de Documentaci\u00f3n Sergio Larra\u00edn GM. Presidir\u00e1n la ceremonia el Decano Mario Ubilla, la directora de Investigaci\u00f3n y Postgrado Magdalena Vicu\u00f1a y la directora del archivo Isabel Garc\u00eda.\",\"breadcrumb\":{\"@id\":\"https:\/\/fadeu.urantiacos.cl\/en\/2021\/10\/25\/arquitecto-uc-hugo-gaggero-realizara-importante-donacion-al-archivo-de-originales-fadeu-uc\/#breadcrumb\"},\"inLanguage\":\"en-US\",\"potentialAction\":[{\"@type\":\"ReadAction\",\"target\":[\"https:\/\/fadeu.urantiacos.cl\/en\/2021\/10\/25\/arquitecto-uc-hugo-gaggero-realizara-importante-donacion-al-archivo-de-originales-fadeu-uc\/\"]}]},{\"@type\":\"ImageObject\",\"inLanguage\":\"en-US\",\"@id\":\"https:\/\/fadeu.urantiacos.cl\/en\/2021\/10\/25\/arquitecto-uc-hugo-gaggero-realizara-importante-donacion-al-archivo-de-originales-fadeu-uc\/#primaryimage\",\"url\":\"https:\/\/fadeu.urantiacos.cl\/wp-content\/uploads\/2023\/09\/WEB_Donacion_Hugo_Gaggero.png\",\"contentUrl\":\"https:\/\/fadeu.urantiacos.cl\/wp-content\/uploads\/2023\/09\/WEB_Donacion_Hugo_Gaggero.png\",\"width\":350,\"height\":250},{\"@type\":\"BreadcrumbList\",\"@id\":\"https:\/\/fadeu.urantiacos.cl\/en\/2021\/10\/25\/arquitecto-uc-hugo-gaggero-realizara-importante-donacion-al-archivo-de-originales-fadeu-uc\/#breadcrumb\",\"itemListElement\":[{\"@type\":\"ListItem\",\"position\":1,\"name\":\"Portada\",\"item\":\"https:\/\/fadeu.urantiacos.cl\/en\/\"},{\"@type\":\"ListItem\",\"position\":2,\"name\":\"Arquitecto UC Hugo Gaggero realizar\u00e1 importante donaci\u00f3n al Archivo de Originales FADEU UC\"}]},{\"@type\":\"WebSite\",\"@id\":\"https:\/\/fadeu.urantiacos.cl\/en\/#website\",\"url\":\"https:\/\/fadeu.urantiacos.cl\/en\/\",\"name\":\"Facultad de Arquitectura, Dise\u00f1o y Estudios Urbanos\",\"description\":\"Campus Lo Contador\",\"potentialAction\":[{\"@type\":\"SearchAction\",\"target\":{\"@type\":\"EntryPoint\",\"urlTemplate\":\"https:\/\/fadeu.urantiacos.cl\/en\/?s={search_term_string}\"},\"query-input\":{\"@type\":\"PropertyValueSpecification\",\"valueRequired\":true,\"valueName\":\"search_term_string\"}}],\"inLanguage\":\"en-US\"},{\"@type\":\"Person\",\"@id\":\"https:\/\/fadeu.urantiacos.cl\/en\/#\/schema\/person\/d203e2e84b1c40275eac77b3061a19a2\",\"name\":\"manadmin\",\"image\":{\"@type\":\"ImageObject\",\"inLanguage\":\"en-US\",\"@id\":\"https:\/\/fadeu.urantiacos.cl\/en\/#\/schema\/person\/image\/\",\"url\":\"https:\/\/secure.gravatar.com\/avatar\/4b1d8e3303b4a9d8968ac578947d8bc80d9aea359f388cdd4aac15cadc0e8447?s=96&d=mm&r=g\",\"contentUrl\":\"https:\/\/secure.gravatar.com\/avatar\/4b1d8e3303b4a9d8968ac578947d8bc80d9aea359f388cdd4aac15cadc0e8447?s=96&d=mm&r=g\",\"caption\":\"manadmin\"},\"sameAs\":[\"https:\/\/fadeu.urantiacos.cl\"]}]}<\/script>\n<!-- \/ Yoast SEO plugin. -->","yoast_head_json":{"title":"Arquitecto UC Hugo Gaggero realizar\u00e1 importante donaci\u00f3n al Archivo de Originales FADEU UC - Facultad de Arquitectura, Dise\u00f1o y Estudios Urbanos","description":"En una ceremonia que se llevar\u00e1 a cabo en la sala Capilla del campus Lo Contador, el martes 26 de octubre de 2021, se realizar\u00e1 la donaci\u00f3n del archivo del arquitecto Hugo Gaggero, al Archivo de Originales del FADEU del Centro de Documentaci\u00f3n Sergio Larra\u00edn GM. Presidir\u00e1n la ceremonia el Decano Mario Ubilla, la directora de Investigaci\u00f3n y Postgrado Magdalena Vicu\u00f1a y la directora del archivo Isabel Garc\u00eda.","robots":{"index":"index","follow":"follow","max-snippet":"max-snippet:-1","max-image-preview":"max-image-preview:large","max-video-preview":"max-video-preview:-1"},"canonical":"https:\/\/fadeu.urantiacos.cl\/en\/2021\/10\/25\/arquitecto-uc-hugo-gaggero-realizara-importante-donacion-al-archivo-de-originales-fadeu-uc\/","og_locale":"en_US","og_type":"article","og_title":"Arquitecto UC Hugo Gaggero realizar\u00e1 importante donaci\u00f3n al Archivo de Originales FADEU UC - Facultad de Arquitectura, Dise\u00f1o y Estudios Urbanos","og_description":"En una ceremonia que se llevar\u00e1 a cabo en la sala Capilla del campus Lo Contador, el martes 26 de octubre de 2021, se realizar\u00e1 la donaci\u00f3n del archivo del arquitecto Hugo Gaggero, al Archivo de Originales del FADEU del Centro de Documentaci\u00f3n Sergio Larra\u00edn GM. Presidir\u00e1n la ceremonia el Decano Mario Ubilla, la directora de Investigaci\u00f3n y Postgrado Magdalena Vicu\u00f1a y la directora del archivo Isabel Garc\u00eda.","og_url":"https:\/\/fadeu.urantiacos.cl\/en\/2021\/10\/25\/arquitecto-uc-hugo-gaggero-realizara-importante-donacion-al-archivo-de-originales-fadeu-uc\/","og_site_name":"Facultad de Arquitectura, Dise\u00f1o y Estudios Urbanos","article_published_time":"2021-10-25T13:29:00+00:00","article_modified_time":"2023-09-07T13:32:06+00:00","og_image":[{"width":350,"height":250,"url":"https:\/\/fadeu.urantiacos.cl\/wp-content\/uploads\/2023\/09\/WEB_Donacion_Hugo_Gaggero.png","type":"image\/png"}],"author":"manadmin","twitter_card":"summary_large_image","twitter_misc":{"Written by":"manadmin","Est. reading time":"8 minutes"},"schema":{"@context":"https:\/\/schema.org","@graph":[{"@type":"Article","@id":"https:\/\/fadeu.urantiacos.cl\/en\/2021\/10\/25\/arquitecto-uc-hugo-gaggero-realizara-importante-donacion-al-archivo-de-originales-fadeu-uc\/#article","isPartOf":{"@id":"https:\/\/fadeu.urantiacos.cl\/en\/2021\/10\/25\/arquitecto-uc-hugo-gaggero-realizara-importante-donacion-al-archivo-de-originales-fadeu-uc\/"},"author":{"name":"manadmin","@id":"https:\/\/fadeu.urantiacos.cl\/en\/#\/schema\/person\/d203e2e84b1c40275eac77b3061a19a2"},"headline":"Arquitecto UC Hugo Gaggero realizar\u00e1 importante donaci\u00f3n al Archivo de Originales FADEU UC","datePublished":"2021-10-25T13:29:00+00:00","dateModified":"2023-09-07T13:32:06+00:00","mainEntityOfPage":{"@id":"https:\/\/fadeu.urantiacos.cl\/en\/2021\/10\/25\/arquitecto-uc-hugo-gaggero-realizara-importante-donacion-al-archivo-de-originales-fadeu-uc\/"},"wordCount":1662,"commentCount":0,"image":{"@id":"https:\/\/fadeu.urantiacos.cl\/en\/2021\/10\/25\/arquitecto-uc-hugo-gaggero-realizara-importante-donacion-al-archivo-de-originales-fadeu-uc\/#primaryimage"},"thumbnailUrl":"https:\/\/fadeu.urantiacos.cl\/wp-content\/uploads\/2023\/09\/WEB_Donacion_Hugo_Gaggero.png","articleSection":["Sin categorizar"],"inLanguage":"en-US","potentialAction":[{"@type":"CommentAction","name":"Comment","target":["https:\/\/fadeu.urantiacos.cl\/en\/2021\/10\/25\/arquitecto-uc-hugo-gaggero-realizara-importante-donacion-al-archivo-de-originales-fadeu-uc\/#respond"]}]},{"@type":"WebPage","@id":"https:\/\/fadeu.urantiacos.cl\/en\/2021\/10\/25\/arquitecto-uc-hugo-gaggero-realizara-importante-donacion-al-archivo-de-originales-fadeu-uc\/","url":"https:\/\/fadeu.urantiacos.cl\/en\/2021\/10\/25\/arquitecto-uc-hugo-gaggero-realizara-importante-donacion-al-archivo-de-originales-fadeu-uc\/","name":"Arquitecto UC Hugo Gaggero realizar\u00e1 importante donaci\u00f3n al Archivo de Originales FADEU UC - Facultad de Arquitectura, Dise\u00f1o y Estudios Urbanos","isPartOf":{"@id":"https:\/\/fadeu.urantiacos.cl\/en\/#website"},"primaryImageOfPage":{"@id":"https:\/\/fadeu.urantiacos.cl\/en\/2021\/10\/25\/arquitecto-uc-hugo-gaggero-realizara-importante-donacion-al-archivo-de-originales-fadeu-uc\/#primaryimage"},"image":{"@id":"https:\/\/fadeu.urantiacos.cl\/en\/2021\/10\/25\/arquitecto-uc-hugo-gaggero-realizara-importante-donacion-al-archivo-de-originales-fadeu-uc\/#primaryimage"},"thumbnailUrl":"https:\/\/fadeu.urantiacos.cl\/wp-content\/uploads\/2023\/09\/WEB_Donacion_Hugo_Gaggero.png","datePublished":"2021-10-25T13:29:00+00:00","dateModified":"2023-09-07T13:32:06+00:00","author":{"@id":"https:\/\/fadeu.urantiacos.cl\/en\/#\/schema\/person\/d203e2e84b1c40275eac77b3061a19a2"},"description":"En una ceremonia que se llevar\u00e1 a cabo en la sala Capilla del campus Lo Contador, el martes 26 de octubre de 2021, se realizar\u00e1 la donaci\u00f3n del archivo del arquitecto Hugo Gaggero, al Archivo de Originales del FADEU del Centro de Documentaci\u00f3n Sergio Larra\u00edn GM. Presidir\u00e1n la ceremonia el Decano Mario Ubilla, la directora de Investigaci\u00f3n y Postgrado Magdalena Vicu\u00f1a y la directora del archivo Isabel Garc\u00eda.","breadcrumb":{"@id":"https:\/\/fadeu.urantiacos.cl\/en\/2021\/10\/25\/arquitecto-uc-hugo-gaggero-realizara-importante-donacion-al-archivo-de-originales-fadeu-uc\/#breadcrumb"},"inLanguage":"en-US","potentialAction":[{"@type":"ReadAction","target":["https:\/\/fadeu.urantiacos.cl\/en\/2021\/10\/25\/arquitecto-uc-hugo-gaggero-realizara-importante-donacion-al-archivo-de-originales-fadeu-uc\/"]}]},{"@type":"ImageObject","inLanguage":"en-US","@id":"https:\/\/fadeu.urantiacos.cl\/en\/2021\/10\/25\/arquitecto-uc-hugo-gaggero-realizara-importante-donacion-al-archivo-de-originales-fadeu-uc\/#primaryimage","url":"https:\/\/fadeu.urantiacos.cl\/wp-content\/uploads\/2023\/09\/WEB_Donacion_Hugo_Gaggero.png","contentUrl":"https:\/\/fadeu.urantiacos.cl\/wp-content\/uploads\/2023\/09\/WEB_Donacion_Hugo_Gaggero.png","width":350,"height":250},{"@type":"BreadcrumbList","@id":"https:\/\/fadeu.urantiacos.cl\/en\/2021\/10\/25\/arquitecto-uc-hugo-gaggero-realizara-importante-donacion-al-archivo-de-originales-fadeu-uc\/#breadcrumb","itemListElement":[{"@type":"ListItem","position":1,"name":"Portada","item":"https:\/\/fadeu.urantiacos.cl\/en\/"},{"@type":"ListItem","position":2,"name":"Arquitecto UC Hugo Gaggero realizar\u00e1 importante donaci\u00f3n al Archivo de Originales FADEU UC"}]},{"@type":"WebSite","@id":"https:\/\/fadeu.urantiacos.cl\/en\/#website","url":"https:\/\/fadeu.urantiacos.cl\/en\/","name":"Facultad de Arquitectura, Dise\u00f1o y Estudios Urbanos","description":"Campus Lo Contador","potentialAction":[{"@type":"SearchAction","target":{"@type":"EntryPoint","urlTemplate":"https:\/\/fadeu.urantiacos.cl\/en\/?s={search_term_string}"},"query-input":{"@type":"PropertyValueSpecification","valueRequired":true,"valueName":"search_term_string"}}],"inLanguage":"en-US"},{"@type":"Person","@id":"https:\/\/fadeu.urantiacos.cl\/en\/#\/schema\/person\/d203e2e84b1c40275eac77b3061a19a2","name":"manadmin","image":{"@type":"ImageObject","inLanguage":"en-US","@id":"https:\/\/fadeu.urantiacos.cl\/en\/#\/schema\/person\/image\/","url":"https:\/\/secure.gravatar.com\/avatar\/4b1d8e3303b4a9d8968ac578947d8bc80d9aea359f388cdd4aac15cadc0e8447?s=96&d=mm&r=g","contentUrl":"https:\/\/secure.gravatar.com\/avatar\/4b1d8e3303b4a9d8968ac578947d8bc80d9aea359f388cdd4aac15cadc0e8447?s=96&d=mm&r=g","caption":"manadmin"},"sameAs":["https:\/\/fadeu.urantiacos.cl"]}]}},"_links":{"self":[{"href":"https:\/\/fadeu.urantiacos.cl\/en\/wp-json\/wp\/v2\/posts\/6061","targetHints":{"allow":["GET"]}}],"collection":[{"href":"https:\/\/fadeu.urantiacos.cl\/en\/wp-json\/wp\/v2\/posts"}],"about":[{"href":"https:\/\/fadeu.urantiacos.cl\/en\/wp-json\/wp\/v2\/types\/post"}],"author":[{"embeddable":true,"href":"https:\/\/fadeu.urantiacos.cl\/en\/wp-json\/wp\/v2\/users\/1"}],"replies":[{"embeddable":true,"href":"https:\/\/fadeu.urantiacos.cl\/en\/wp-json\/wp\/v2\/comments?post=6061"}],"version-history":[{"count":1,"href":"https:\/\/fadeu.urantiacos.cl\/en\/wp-json\/wp\/v2\/posts\/6061\/revisions"}],"predecessor-version":[{"id":6065,"href":"https:\/\/fadeu.urantiacos.cl\/en\/wp-json\/wp\/v2\/posts\/6061\/revisions\/6065"}],"wp:featuredmedia":[{"embeddable":true,"href":"https:\/\/fadeu.urantiacos.cl\/en\/wp-json\/wp\/v2\/media\/6063"}],"wp:attachment":[{"href":"https:\/\/fadeu.urantiacos.cl\/en\/wp-json\/wp\/v2\/media?parent=6061"}],"wp:term":[{"taxonomy":"category","embeddable":true,"href":"https:\/\/fadeu.urantiacos.cl\/en\/wp-json\/wp\/v2\/categories?post=6061"},{"taxonomy":"post_tag","embeddable":true,"href":"https:\/\/fadeu.urantiacos.cl\/en\/wp-json\/wp\/v2\/tags?post=6061"}],"curies":[{"name":"wp","href":"https:\/\/api.w.org\/{rel}","templated":true}]}}