{"id":6057,"date":"2021-10-25T10:26:00","date_gmt":"2021-10-25T13:26:00","guid":{"rendered":"https:\/\/fadeu.urantiacos.cl\/?p=6057"},"modified":"2023-09-07T10:29:43","modified_gmt":"2023-09-07T13:29:43","slug":"directores-de-unidad-fadeu-y-directora-dirip-exponen-en-seminario-de-investigacion-en-el-marco-de-la-triada-urbana","status":"publish","type":"post","link":"https:\/\/fadeu.urantiacos.cl\/en\/2021\/10\/25\/directores-de-unidad-fadeu-y-directora-dirip-exponen-en-seminario-de-investigacion-en-el-marco-de-la-triada-urbana\/","title":{"rendered":"Directores de unidad FADEU y directora DIRIP exponen en seminario de investigaci\u00f3n en el marco de la Triada Urbana"},"content":{"rendered":"\n<figure class=\"wp-block-image size-full\"><img decoding=\"async\" width=\"350\" height=\"250\" src=\"https:\/\/fadeu.urantiacos.cl\/wp-content\/uploads\/2023\/09\/WEB_Screenshot_2021-10-20_at_09.07.10.png\" alt=\"\" class=\"wp-image-6058\" srcset=\"https:\/\/fadeu.urantiacos.cl\/wp-content\/uploads\/2023\/09\/WEB_Screenshot_2021-10-20_at_09.07.10.png 350w, https:\/\/fadeu.urantiacos.cl\/wp-content\/uploads\/2023\/09\/WEB_Screenshot_2021-10-20_at_09.07.10-300x214.png 300w\" sizes=\"(max-width: 350px) 100vw, 350px\" \/><\/figure>\n\n\n\n<p>La instancia cont\u00f3 con la participaci\u00f3n y exposici\u00f3n de la Directora de Investigaci\u00f3n y Postgrado FADEU, Magdalena Vicu\u00f1a; el director de la escuela de Arquitectura, Luis Eduardo Bresciani; el director de la escuela de Dise\u00f1o, Rodrigo Ram\u00edrez; y el director del Instituto de Estudios Urbanos y Territoriales, Luis Fuentes.<\/p>\n\n\n\n<p><strong>Colaboraci\u00f3n internacional<\/strong><\/p>\n\n\n\n<p>Desde 2018 comenz\u00f3 a consolidarse una alianza que re\u00fane las voluntades acad\u00e9micas y de extensi\u00f3n de tres universidades: la Universidad Cat\u00f3lica de Chile, la Universidad de Los Andes de Colombia, y el Tecnol\u00f3gico de Monterrey de M\u00e9xico (TEC), instancia que se denomin\u00f3 \u201cLa Triada\u201d.<\/p>\n\n\n\n<p>Al respecto, las respectivas escuelas de Arquitectura y Dise\u00f1o, y el Instituto de Estudios Urbanos y Territoriales, han desarrollado diversas actividades entre las que se cuentan, entre otras, el Congreso Intersecciones desarrollado en Chile en 2018; el Taller Cartagena de Indias 2018-2019; el Seminario Desis DXCC y la Conferencia Cumulus de 2019; el debate online \u201cEl Dise\u00f1o que viene\u201d de 2020; el Taller Internacional \u201cNON_FICTIONAL CITIES\u201d de 2020; y la charla de Dise\u00f1o descolonial el mismo a\u00f1o.<\/p>\n\n\n\n<p>Iniciando mayo de este a\u00f1o, se realiz\u00f3 la Cumbre de Rectores, que reuni\u00f3 a los rectores de las tres universidades (Ignacio S\u00e1nchez de la UC, Alejandro Gaviria de la Universidad de Los Andes de Colombia, y David Garza del TEC de Monterrey, M\u00e9xico) para afinar detalles de lo que ser\u00e1n distintas actividades acad\u00e9micas conjuntas para 2021 en el marco de esta alianza. En esta oportunidad, se presentaron avances en el \u00c1rea de Arquitectura, Dise\u00f1o y Estudios Urbanos, donde expusieron el Decano FADEU Mario Ubilla, la Directora de Extensi\u00f3n y Comunicaciones, Macarena Cort\u00e9s y la Directora de Investigaci\u00f3n y Postgrado, Magdalena Vicu\u00f1a.<\/p>\n\n\n\n<p>Se presentaron adem\u00e1s las iniciativas Novus Triada, que se encuentra postulando a fondos para llevar sus investigaciones a cabo. Desde la escuela de Arquitectura se propone la iniciativa titulada \u201cRegenera Latinoam\u00e9rica: investigaci\u00f3n-acci\u00f3n colaborativa en barrios vulnerables como herramienta de aprendizaje en Arquitectura\u201d, en el que participar\u00e1n los profesores Rodrigo Tapia y Cristian Robertson, de la UC, Mar\u00eda Guadalupe Morales del TEC de Monterrey, y Juan Manuel Medina, de la Universidad de los Andes, Bogot\u00e1, Colombia.<\/p>\n\n\n\n<p>Adem\u00e1s, se ha desarrollado una asignatura conjunta de postgrado para las tres universidades titulado \u201cRenovaci\u00f3n Urbana\u201d.<\/p>\n\n\n\n<p>A nivel de escuela de Dise\u00f1o, se propone la investigaci\u00f3n titulada: \u201cRadial: historias polif\u00f3nicas del dise\u00f1o latinoamericano\u201d, con la participaci\u00f3n de los profesores Hugo Palmarola, de la UC, Ana Elena Mallet del TEC de Monterrey, y C\u00e9sar Pe\u00f1a, de la Universidad de los Andes de Bogot\u00e1. En esta misma l\u00ednea, se desarrollar\u00e1 una iniciativa de \u201cBiodise\u00f1o\u201d, con el objeto de desarrollar competencias disciplinares en el \u00e1rea de biotecnolog\u00eda a la par con competencias transversales relacionadas con reconocimiento y empat\u00eda, as\u00ed como pensamiento sist\u00e9mico. En esta instancia participar\u00e1n los profesores Tom\u00e1s Vivanco de la UC, Victorino Morales, Janet Guti\u00e9rrez Uribe, y Mara Godoy del TEC de Monterrey; y Giovanna Danies, de la Universidad de los Andes de Bogot\u00e1.<\/p>\n\n\n\n<figure class=\"wp-block-image size-large\"><img decoding=\"async\" width=\"1024\" height=\"640\" src=\"https:\/\/fadeu.urantiacos.cl\/wp-content\/uploads\/2023\/09\/Screenshot_2021-10-20_at_09.07.10-1024x640.png\" alt=\"\" class=\"wp-image-6059\" srcset=\"https:\/\/fadeu.urantiacos.cl\/wp-content\/uploads\/2023\/09\/Screenshot_2021-10-20_at_09.07.10-1024x640.png 1024w, https:\/\/fadeu.urantiacos.cl\/wp-content\/uploads\/2023\/09\/Screenshot_2021-10-20_at_09.07.10-300x188.png 300w, https:\/\/fadeu.urantiacos.cl\/wp-content\/uploads\/2023\/09\/Screenshot_2021-10-20_at_09.07.10-768x480.png 768w, https:\/\/fadeu.urantiacos.cl\/wp-content\/uploads\/2023\/09\/Screenshot_2021-10-20_at_09.07.10.png 1440w\" sizes=\"(max-width: 1024px) 100vw, 1024px\" \/><\/figure>\n\n\n\n<p>INFORMACI\u00d3N PERIOD\u00cdSTICA<br>JUAN ANDR\u00c9S INZUNZA<\/p>\n","protected":false},"excerpt":{"rendered":"<p>\u201cArquitectura + Dise\u00f1o + Territorios\u201d, fue el nombre del seminario de investigaci\u00f3n llevado a cabo por el Tecnol\u00f3gico de Monterrey (M\u00e9xico), en el marco de la Triada Urbana, alianza que convoca esfuerzos acad\u00e9micos, de investigaci\u00f3n e intercambio de conocimiento junto con la Pontificia Universidad Cat\u00f3lica de Chile y la Universidad de Los Andes de Colombia.<\/p>\n","protected":false},"author":1,"featured_media":6058,"comment_status":"open","ping_status":"open","sticky":false,"template":"","format":"standard","meta":{"_acf_changed":false,"footnotes":""},"categories":[1],"tags":[],"class_list":["post-6057","post","type-post","status-publish","format-standard","has-post-thumbnail","hentry","category-sin-categorizar"],"acf":[],"yoast_head":"<!-- This site is optimized with the Yoast SEO plugin v27.1.1 - https:\/\/yoast.com\/product\/yoast-seo-wordpress\/ -->\n<title>Directores de unidad FADEU y directora DIRIP exponen en seminario de investigaci\u00f3n en el marco de la Triada Urbana - Facultad de Arquitectura, Dise\u00f1o y Estudios Urbanos<\/title>\n<meta name=\"description\" content=\"\u201cArquitectura + Dise\u00f1o + Territorios\u201d, fue el nombre del seminario de investigaci\u00f3n llevado a cabo por el Tecnol\u00f3gico de Monterrey (M\u00e9xico), en el marco de la Triada Urbana, alianza que convoca esfuerzos acad\u00e9micos, de investigaci\u00f3n e intercambio de conocimiento junto con la Pontificia Universidad Cat\u00f3lica de Chile y la Universidad de Los Andes de Colombia.\" \/>\n<meta name=\"robots\" content=\"index, follow, max-snippet:-1, max-image-preview:large, max-video-preview:-1\" \/>\n<link rel=\"canonical\" href=\"https:\/\/fadeu.urantiacos.cl\/en\/2021\/10\/25\/directores-de-unidad-fadeu-y-directora-dirip-exponen-en-seminario-de-investigacion-en-el-marco-de-la-triada-urbana\/\" \/>\n<meta property=\"og:locale\" content=\"en_US\" \/>\n<meta property=\"og:type\" content=\"article\" \/>\n<meta property=\"og:title\" content=\"Directores de unidad FADEU y directora DIRIP exponen en seminario de investigaci\u00f3n en el marco de la Triada Urbana - Facultad de Arquitectura, Dise\u00f1o y Estudios Urbanos\" \/>\n<meta property=\"og:description\" content=\"\u201cArquitectura + Dise\u00f1o + Territorios\u201d, fue el nombre del seminario de investigaci\u00f3n llevado a cabo por el Tecnol\u00f3gico de Monterrey (M\u00e9xico), en el marco de la Triada Urbana, alianza que convoca esfuerzos acad\u00e9micos, de investigaci\u00f3n e intercambio de conocimiento junto con la Pontificia Universidad Cat\u00f3lica de Chile y la Universidad de Los Andes de Colombia.\" \/>\n<meta property=\"og:url\" content=\"https:\/\/fadeu.urantiacos.cl\/en\/2021\/10\/25\/directores-de-unidad-fadeu-y-directora-dirip-exponen-en-seminario-de-investigacion-en-el-marco-de-la-triada-urbana\/\" \/>\n<meta property=\"og:site_name\" content=\"Facultad de Arquitectura, Dise\u00f1o y Estudios Urbanos\" \/>\n<meta property=\"article:published_time\" content=\"2021-10-25T13:26:00+00:00\" \/>\n<meta property=\"article:modified_time\" content=\"2023-09-07T13:29:43+00:00\" \/>\n<meta property=\"og:image\" content=\"https:\/\/fadeu.urantiacos.cl\/wp-content\/uploads\/2023\/09\/WEB_Screenshot_2021-10-20_at_09.07.10.png\" \/>\n\t<meta property=\"og:image:width\" content=\"350\" \/>\n\t<meta property=\"og:image:height\" content=\"250\" \/>\n\t<meta property=\"og:image:type\" content=\"image\/png\" \/>\n<meta name=\"author\" content=\"manadmin\" \/>\n<meta name=\"twitter:card\" content=\"summary_large_image\" \/>\n<meta name=\"twitter:label1\" content=\"Written by\" \/>\n\t<meta name=\"twitter:data1\" content=\"manadmin\" \/>\n\t<meta name=\"twitter:label2\" content=\"Est. reading time\" \/>\n\t<meta name=\"twitter:data2\" content=\"3 minutes\" \/>\n<script type=\"application\/ld+json\" class=\"yoast-schema-graph\">{\"@context\":\"https:\/\/schema.org\",\"@graph\":[{\"@type\":\"Article\",\"@id\":\"https:\/\/fadeu.urantiacos.cl\/en\/2021\/10\/25\/directores-de-unidad-fadeu-y-directora-dirip-exponen-en-seminario-de-investigacion-en-el-marco-de-la-triada-urbana\/#article\",\"isPartOf\":{\"@id\":\"https:\/\/fadeu.urantiacos.cl\/en\/2021\/10\/25\/directores-de-unidad-fadeu-y-directora-dirip-exponen-en-seminario-de-investigacion-en-el-marco-de-la-triada-urbana\/\"},\"author\":{\"name\":\"manadmin\",\"@id\":\"https:\/\/fadeu.urantiacos.cl\/en\/#\/schema\/person\/d203e2e84b1c40275eac77b3061a19a2\"},\"headline\":\"Directores de unidad FADEU y directora DIRIP exponen en seminario de investigaci\u00f3n en el marco de la Triada Urbana\",\"datePublished\":\"2021-10-25T13:26:00+00:00\",\"dateModified\":\"2023-09-07T13:29:43+00:00\",\"mainEntityOfPage\":{\"@id\":\"https:\/\/fadeu.urantiacos.cl\/en\/2021\/10\/25\/directores-de-unidad-fadeu-y-directora-dirip-exponen-en-seminario-de-investigacion-en-el-marco-de-la-triada-urbana\/\"},\"wordCount\":553,\"commentCount\":0,\"image\":{\"@id\":\"https:\/\/fadeu.urantiacos.cl\/en\/2021\/10\/25\/directores-de-unidad-fadeu-y-directora-dirip-exponen-en-seminario-de-investigacion-en-el-marco-de-la-triada-urbana\/#primaryimage\"},\"thumbnailUrl\":\"https:\/\/fadeu.urantiacos.cl\/wp-content\/uploads\/2023\/09\/WEB_Screenshot_2021-10-20_at_09.07.10.png\",\"articleSection\":[\"Sin categorizar\"],\"inLanguage\":\"en-US\",\"potentialAction\":[{\"@type\":\"CommentAction\",\"name\":\"Comment\",\"target\":[\"https:\/\/fadeu.urantiacos.cl\/en\/2021\/10\/25\/directores-de-unidad-fadeu-y-directora-dirip-exponen-en-seminario-de-investigacion-en-el-marco-de-la-triada-urbana\/#respond\"]}]},{\"@type\":\"WebPage\",\"@id\":\"https:\/\/fadeu.urantiacos.cl\/en\/2021\/10\/25\/directores-de-unidad-fadeu-y-directora-dirip-exponen-en-seminario-de-investigacion-en-el-marco-de-la-triada-urbana\/\",\"url\":\"https:\/\/fadeu.urantiacos.cl\/en\/2021\/10\/25\/directores-de-unidad-fadeu-y-directora-dirip-exponen-en-seminario-de-investigacion-en-el-marco-de-la-triada-urbana\/\",\"name\":\"Directores de unidad FADEU y directora DIRIP exponen en seminario de investigaci\u00f3n en el marco de la Triada Urbana - Facultad de Arquitectura, Dise\u00f1o y Estudios Urbanos\",\"isPartOf\":{\"@id\":\"https:\/\/fadeu.urantiacos.cl\/en\/#website\"},\"primaryImageOfPage\":{\"@id\":\"https:\/\/fadeu.urantiacos.cl\/en\/2021\/10\/25\/directores-de-unidad-fadeu-y-directora-dirip-exponen-en-seminario-de-investigacion-en-el-marco-de-la-triada-urbana\/#primaryimage\"},\"image\":{\"@id\":\"https:\/\/fadeu.urantiacos.cl\/en\/2021\/10\/25\/directores-de-unidad-fadeu-y-directora-dirip-exponen-en-seminario-de-investigacion-en-el-marco-de-la-triada-urbana\/#primaryimage\"},\"thumbnailUrl\":\"https:\/\/fadeu.urantiacos.cl\/wp-content\/uploads\/2023\/09\/WEB_Screenshot_2021-10-20_at_09.07.10.png\",\"datePublished\":\"2021-10-25T13:26:00+00:00\",\"dateModified\":\"2023-09-07T13:29:43+00:00\",\"author\":{\"@id\":\"https:\/\/fadeu.urantiacos.cl\/en\/#\/schema\/person\/d203e2e84b1c40275eac77b3061a19a2\"},\"description\":\"\u201cArquitectura + Dise\u00f1o + Territorios\u201d, fue el nombre del seminario de investigaci\u00f3n llevado a cabo por el Tecnol\u00f3gico de Monterrey (M\u00e9xico), en el marco de la Triada Urbana, alianza que convoca esfuerzos acad\u00e9micos, de investigaci\u00f3n e intercambio de conocimiento junto con la Pontificia Universidad Cat\u00f3lica de Chile y la Universidad de Los Andes de Colombia.\",\"breadcrumb\":{\"@id\":\"https:\/\/fadeu.urantiacos.cl\/en\/2021\/10\/25\/directores-de-unidad-fadeu-y-directora-dirip-exponen-en-seminario-de-investigacion-en-el-marco-de-la-triada-urbana\/#breadcrumb\"},\"inLanguage\":\"en-US\",\"potentialAction\":[{\"@type\":\"ReadAction\",\"target\":[\"https:\/\/fadeu.urantiacos.cl\/en\/2021\/10\/25\/directores-de-unidad-fadeu-y-directora-dirip-exponen-en-seminario-de-investigacion-en-el-marco-de-la-triada-urbana\/\"]}]},{\"@type\":\"ImageObject\",\"inLanguage\":\"en-US\",\"@id\":\"https:\/\/fadeu.urantiacos.cl\/en\/2021\/10\/25\/directores-de-unidad-fadeu-y-directora-dirip-exponen-en-seminario-de-investigacion-en-el-marco-de-la-triada-urbana\/#primaryimage\",\"url\":\"https:\/\/fadeu.urantiacos.cl\/wp-content\/uploads\/2023\/09\/WEB_Screenshot_2021-10-20_at_09.07.10.png\",\"contentUrl\":\"https:\/\/fadeu.urantiacos.cl\/wp-content\/uploads\/2023\/09\/WEB_Screenshot_2021-10-20_at_09.07.10.png\",\"width\":350,\"height\":250},{\"@type\":\"BreadcrumbList\",\"@id\":\"https:\/\/fadeu.urantiacos.cl\/en\/2021\/10\/25\/directores-de-unidad-fadeu-y-directora-dirip-exponen-en-seminario-de-investigacion-en-el-marco-de-la-triada-urbana\/#breadcrumb\",\"itemListElement\":[{\"@type\":\"ListItem\",\"position\":1,\"name\":\"Portada\",\"item\":\"https:\/\/fadeu.urantiacos.cl\/en\/\"},{\"@type\":\"ListItem\",\"position\":2,\"name\":\"Directores de unidad FADEU y directora DIRIP exponen en seminario de investigaci\u00f3n en el marco de la Triada Urbana\"}]},{\"@type\":\"WebSite\",\"@id\":\"https:\/\/fadeu.urantiacos.cl\/en\/#website\",\"url\":\"https:\/\/fadeu.urantiacos.cl\/en\/\",\"name\":\"Facultad de Arquitectura, Dise\u00f1o y Estudios Urbanos\",\"description\":\"Campus Lo Contador\",\"potentialAction\":[{\"@type\":\"SearchAction\",\"target\":{\"@type\":\"EntryPoint\",\"urlTemplate\":\"https:\/\/fadeu.urantiacos.cl\/en\/?s={search_term_string}\"},\"query-input\":{\"@type\":\"PropertyValueSpecification\",\"valueRequired\":true,\"valueName\":\"search_term_string\"}}],\"inLanguage\":\"en-US\"},{\"@type\":\"Person\",\"@id\":\"https:\/\/fadeu.urantiacos.cl\/en\/#\/schema\/person\/d203e2e84b1c40275eac77b3061a19a2\",\"name\":\"manadmin\",\"image\":{\"@type\":\"ImageObject\",\"inLanguage\":\"en-US\",\"@id\":\"https:\/\/fadeu.urantiacos.cl\/en\/#\/schema\/person\/image\/\",\"url\":\"https:\/\/secure.gravatar.com\/avatar\/4b1d8e3303b4a9d8968ac578947d8bc80d9aea359f388cdd4aac15cadc0e8447?s=96&d=mm&r=g\",\"contentUrl\":\"https:\/\/secure.gravatar.com\/avatar\/4b1d8e3303b4a9d8968ac578947d8bc80d9aea359f388cdd4aac15cadc0e8447?s=96&d=mm&r=g\",\"caption\":\"manadmin\"},\"sameAs\":[\"https:\/\/fadeu.urantiacos.cl\"]}]}<\/script>\n<!-- \/ Yoast SEO plugin. -->","yoast_head_json":{"title":"Directores de unidad FADEU y directora DIRIP exponen en seminario de investigaci\u00f3n en el marco de la Triada Urbana - Facultad de Arquitectura, Dise\u00f1o y Estudios Urbanos","description":"\u201cArquitectura + Dise\u00f1o + Territorios\u201d, fue el nombre del seminario de investigaci\u00f3n llevado a cabo por el Tecnol\u00f3gico de Monterrey (M\u00e9xico), en el marco de la Triada Urbana, alianza que convoca esfuerzos acad\u00e9micos, de investigaci\u00f3n e intercambio de conocimiento junto con la Pontificia Universidad Cat\u00f3lica de Chile y la Universidad de Los Andes de Colombia.","robots":{"index":"index","follow":"follow","max-snippet":"max-snippet:-1","max-image-preview":"max-image-preview:large","max-video-preview":"max-video-preview:-1"},"canonical":"https:\/\/fadeu.urantiacos.cl\/en\/2021\/10\/25\/directores-de-unidad-fadeu-y-directora-dirip-exponen-en-seminario-de-investigacion-en-el-marco-de-la-triada-urbana\/","og_locale":"en_US","og_type":"article","og_title":"Directores de unidad FADEU y directora DIRIP exponen en seminario de investigaci\u00f3n en el marco de la Triada Urbana - Facultad de Arquitectura, Dise\u00f1o y Estudios Urbanos","og_description":"\u201cArquitectura + Dise\u00f1o + Territorios\u201d, fue el nombre del seminario de investigaci\u00f3n llevado a cabo por el Tecnol\u00f3gico de Monterrey (M\u00e9xico), en el marco de la Triada Urbana, alianza que convoca esfuerzos acad\u00e9micos, de investigaci\u00f3n e intercambio de conocimiento junto con la Pontificia Universidad Cat\u00f3lica de Chile y la Universidad de Los Andes de Colombia.","og_url":"https:\/\/fadeu.urantiacos.cl\/en\/2021\/10\/25\/directores-de-unidad-fadeu-y-directora-dirip-exponen-en-seminario-de-investigacion-en-el-marco-de-la-triada-urbana\/","og_site_name":"Facultad de Arquitectura, Dise\u00f1o y Estudios Urbanos","article_published_time":"2021-10-25T13:26:00+00:00","article_modified_time":"2023-09-07T13:29:43+00:00","og_image":[{"width":350,"height":250,"url":"https:\/\/fadeu.urantiacos.cl\/wp-content\/uploads\/2023\/09\/WEB_Screenshot_2021-10-20_at_09.07.10.png","type":"image\/png"}],"author":"manadmin","twitter_card":"summary_large_image","twitter_misc":{"Written by":"manadmin","Est. reading time":"3 minutes"},"schema":{"@context":"https:\/\/schema.org","@graph":[{"@type":"Article","@id":"https:\/\/fadeu.urantiacos.cl\/en\/2021\/10\/25\/directores-de-unidad-fadeu-y-directora-dirip-exponen-en-seminario-de-investigacion-en-el-marco-de-la-triada-urbana\/#article","isPartOf":{"@id":"https:\/\/fadeu.urantiacos.cl\/en\/2021\/10\/25\/directores-de-unidad-fadeu-y-directora-dirip-exponen-en-seminario-de-investigacion-en-el-marco-de-la-triada-urbana\/"},"author":{"name":"manadmin","@id":"https:\/\/fadeu.urantiacos.cl\/en\/#\/schema\/person\/d203e2e84b1c40275eac77b3061a19a2"},"headline":"Directores de unidad FADEU y directora DIRIP exponen en seminario de investigaci\u00f3n en el marco de la Triada Urbana","datePublished":"2021-10-25T13:26:00+00:00","dateModified":"2023-09-07T13:29:43+00:00","mainEntityOfPage":{"@id":"https:\/\/fadeu.urantiacos.cl\/en\/2021\/10\/25\/directores-de-unidad-fadeu-y-directora-dirip-exponen-en-seminario-de-investigacion-en-el-marco-de-la-triada-urbana\/"},"wordCount":553,"commentCount":0,"image":{"@id":"https:\/\/fadeu.urantiacos.cl\/en\/2021\/10\/25\/directores-de-unidad-fadeu-y-directora-dirip-exponen-en-seminario-de-investigacion-en-el-marco-de-la-triada-urbana\/#primaryimage"},"thumbnailUrl":"https:\/\/fadeu.urantiacos.cl\/wp-content\/uploads\/2023\/09\/WEB_Screenshot_2021-10-20_at_09.07.10.png","articleSection":["Sin categorizar"],"inLanguage":"en-US","potentialAction":[{"@type":"CommentAction","name":"Comment","target":["https:\/\/fadeu.urantiacos.cl\/en\/2021\/10\/25\/directores-de-unidad-fadeu-y-directora-dirip-exponen-en-seminario-de-investigacion-en-el-marco-de-la-triada-urbana\/#respond"]}]},{"@type":"WebPage","@id":"https:\/\/fadeu.urantiacos.cl\/en\/2021\/10\/25\/directores-de-unidad-fadeu-y-directora-dirip-exponen-en-seminario-de-investigacion-en-el-marco-de-la-triada-urbana\/","url":"https:\/\/fadeu.urantiacos.cl\/en\/2021\/10\/25\/directores-de-unidad-fadeu-y-directora-dirip-exponen-en-seminario-de-investigacion-en-el-marco-de-la-triada-urbana\/","name":"Directores de unidad FADEU y directora DIRIP exponen en seminario de investigaci\u00f3n en el marco de la Triada Urbana - Facultad de Arquitectura, Dise\u00f1o y Estudios Urbanos","isPartOf":{"@id":"https:\/\/fadeu.urantiacos.cl\/en\/#website"},"primaryImageOfPage":{"@id":"https:\/\/fadeu.urantiacos.cl\/en\/2021\/10\/25\/directores-de-unidad-fadeu-y-directora-dirip-exponen-en-seminario-de-investigacion-en-el-marco-de-la-triada-urbana\/#primaryimage"},"image":{"@id":"https:\/\/fadeu.urantiacos.cl\/en\/2021\/10\/25\/directores-de-unidad-fadeu-y-directora-dirip-exponen-en-seminario-de-investigacion-en-el-marco-de-la-triada-urbana\/#primaryimage"},"thumbnailUrl":"https:\/\/fadeu.urantiacos.cl\/wp-content\/uploads\/2023\/09\/WEB_Screenshot_2021-10-20_at_09.07.10.png","datePublished":"2021-10-25T13:26:00+00:00","dateModified":"2023-09-07T13:29:43+00:00","author":{"@id":"https:\/\/fadeu.urantiacos.cl\/en\/#\/schema\/person\/d203e2e84b1c40275eac77b3061a19a2"},"description":"\u201cArquitectura + Dise\u00f1o + Territorios\u201d, fue el nombre del seminario de investigaci\u00f3n llevado a cabo por el Tecnol\u00f3gico de Monterrey (M\u00e9xico), en el marco de la Triada Urbana, alianza que convoca esfuerzos acad\u00e9micos, de investigaci\u00f3n e intercambio de conocimiento junto con la Pontificia Universidad Cat\u00f3lica de Chile y la Universidad de Los Andes de Colombia.","breadcrumb":{"@id":"https:\/\/fadeu.urantiacos.cl\/en\/2021\/10\/25\/directores-de-unidad-fadeu-y-directora-dirip-exponen-en-seminario-de-investigacion-en-el-marco-de-la-triada-urbana\/#breadcrumb"},"inLanguage":"en-US","potentialAction":[{"@type":"ReadAction","target":["https:\/\/fadeu.urantiacos.cl\/en\/2021\/10\/25\/directores-de-unidad-fadeu-y-directora-dirip-exponen-en-seminario-de-investigacion-en-el-marco-de-la-triada-urbana\/"]}]},{"@type":"ImageObject","inLanguage":"en-US","@id":"https:\/\/fadeu.urantiacos.cl\/en\/2021\/10\/25\/directores-de-unidad-fadeu-y-directora-dirip-exponen-en-seminario-de-investigacion-en-el-marco-de-la-triada-urbana\/#primaryimage","url":"https:\/\/fadeu.urantiacos.cl\/wp-content\/uploads\/2023\/09\/WEB_Screenshot_2021-10-20_at_09.07.10.png","contentUrl":"https:\/\/fadeu.urantiacos.cl\/wp-content\/uploads\/2023\/09\/WEB_Screenshot_2021-10-20_at_09.07.10.png","width":350,"height":250},{"@type":"BreadcrumbList","@id":"https:\/\/fadeu.urantiacos.cl\/en\/2021\/10\/25\/directores-de-unidad-fadeu-y-directora-dirip-exponen-en-seminario-de-investigacion-en-el-marco-de-la-triada-urbana\/#breadcrumb","itemListElement":[{"@type":"ListItem","position":1,"name":"Portada","item":"https:\/\/fadeu.urantiacos.cl\/en\/"},{"@type":"ListItem","position":2,"name":"Directores de unidad FADEU y directora DIRIP exponen en seminario de investigaci\u00f3n en el marco de la Triada Urbana"}]},{"@type":"WebSite","@id":"https:\/\/fadeu.urantiacos.cl\/en\/#website","url":"https:\/\/fadeu.urantiacos.cl\/en\/","name":"Facultad de Arquitectura, Dise\u00f1o y Estudios Urbanos","description":"Campus Lo Contador","potentialAction":[{"@type":"SearchAction","target":{"@type":"EntryPoint","urlTemplate":"https:\/\/fadeu.urantiacos.cl\/en\/?s={search_term_string}"},"query-input":{"@type":"PropertyValueSpecification","valueRequired":true,"valueName":"search_term_string"}}],"inLanguage":"en-US"},{"@type":"Person","@id":"https:\/\/fadeu.urantiacos.cl\/en\/#\/schema\/person\/d203e2e84b1c40275eac77b3061a19a2","name":"manadmin","image":{"@type":"ImageObject","inLanguage":"en-US","@id":"https:\/\/fadeu.urantiacos.cl\/en\/#\/schema\/person\/image\/","url":"https:\/\/secure.gravatar.com\/avatar\/4b1d8e3303b4a9d8968ac578947d8bc80d9aea359f388cdd4aac15cadc0e8447?s=96&d=mm&r=g","contentUrl":"https:\/\/secure.gravatar.com\/avatar\/4b1d8e3303b4a9d8968ac578947d8bc80d9aea359f388cdd4aac15cadc0e8447?s=96&d=mm&r=g","caption":"manadmin"},"sameAs":["https:\/\/fadeu.urantiacos.cl"]}]}},"_links":{"self":[{"href":"https:\/\/fadeu.urantiacos.cl\/en\/wp-json\/wp\/v2\/posts\/6057","targetHints":{"allow":["GET"]}}],"collection":[{"href":"https:\/\/fadeu.urantiacos.cl\/en\/wp-json\/wp\/v2\/posts"}],"about":[{"href":"https:\/\/fadeu.urantiacos.cl\/en\/wp-json\/wp\/v2\/types\/post"}],"author":[{"embeddable":true,"href":"https:\/\/fadeu.urantiacos.cl\/en\/wp-json\/wp\/v2\/users\/1"}],"replies":[{"embeddable":true,"href":"https:\/\/fadeu.urantiacos.cl\/en\/wp-json\/wp\/v2\/comments?post=6057"}],"version-history":[{"count":1,"href":"https:\/\/fadeu.urantiacos.cl\/en\/wp-json\/wp\/v2\/posts\/6057\/revisions"}],"predecessor-version":[{"id":6060,"href":"https:\/\/fadeu.urantiacos.cl\/en\/wp-json\/wp\/v2\/posts\/6057\/revisions\/6060"}],"wp:featuredmedia":[{"embeddable":true,"href":"https:\/\/fadeu.urantiacos.cl\/en\/wp-json\/wp\/v2\/media\/6058"}],"wp:attachment":[{"href":"https:\/\/fadeu.urantiacos.cl\/en\/wp-json\/wp\/v2\/media?parent=6057"}],"wp:term":[{"taxonomy":"category","embeddable":true,"href":"https:\/\/fadeu.urantiacos.cl\/en\/wp-json\/wp\/v2\/categories?post=6057"},{"taxonomy":"post_tag","embeddable":true,"href":"https:\/\/fadeu.urantiacos.cl\/en\/wp-json\/wp\/v2\/tags?post=6057"}],"curies":[{"name":"wp","href":"https:\/\/api.w.org\/{rel}","templated":true}]}}