{"id":6045,"date":"2021-10-28T10:20:00","date_gmt":"2021-10-28T13:20:00","guid":{"rendered":"https:\/\/fadeu.urantiacos.cl\/?p=6045"},"modified":"2023-09-07T10:23:57","modified_gmt":"2023-09-07T13:23:57","slug":"archivo-de-originales-fadeu-recibio-la-donacion-del-fondo-hugo-gaggero","status":"publish","type":"post","link":"https:\/\/fadeu.urantiacos.cl\/en\/2021\/10\/28\/archivo-de-originales-fadeu-recibio-la-donacion-del-fondo-hugo-gaggero\/","title":{"rendered":"Archivo de Originales FADEU recibi\u00f3 la donaci\u00f3n del Fondo Hugo Gaggero"},"content":{"rendered":"\n<figure class=\"wp-block-image size-full\"><img decoding=\"async\" width=\"350\" height=\"250\" src=\"https:\/\/fadeu.urantiacos.cl\/wp-content\/uploads\/2023\/09\/WEB_WhatsApp_Image_2021-10-27_at_10.02.35_2.jpg\" alt=\"\" class=\"wp-image-6046\" srcset=\"https:\/\/fadeu.urantiacos.cl\/wp-content\/uploads\/2023\/09\/WEB_WhatsApp_Image_2021-10-27_at_10.02.35_2.jpg 350w, https:\/\/fadeu.urantiacos.cl\/wp-content\/uploads\/2023\/09\/WEB_WhatsApp_Image_2021-10-27_at_10.02.35_2-300x214.jpg 300w\" sizes=\"(max-width: 350px) 100vw, 350px\" \/><\/figure>\n\n\n\n<p>La instancia fue presidida por el Decano FADEU UC, Mario Ubilla, junto al ex estudiante y ex profesor de la escuela de Arquitectura UC, Hugo Gaggero, adem\u00e1s de la directora del Archivo de Originales FADEU, Isabel Garc\u00eda; el director de la escuela de Arquitectura, Luis Eduardo Bresciani; la directora de Comunicaciones y Extensi\u00f3n FADEU, Macarena Cort\u00e9s; la directora de Investigaci\u00f3n y Postgrado FADEU, Magdalena Vicu\u00f1a; el Secretario Acad\u00e9mico FADEU, Felipe Encinas; estudiantes, profesores, familiares y amigos de la familia Gaggero. Adem\u00e1s, se cont\u00f3 con la presencia del Director de la Biblioteca Nacional, Jos\u00e9 Pablo Zegers.<\/p>\n\n\n\n<p>El Decano Ubilla advirti\u00f3 que \u201ceste material documental original pasar\u00e1 a formar parte de la colecci\u00f3n de Archivo de Originales FADEU. Se trata de un archivo personal guardado durante 60 a\u00f1os, desde su proyecto de t\u00edtulo, pasando por toda su obra, conformando un fondo documental de m\u00e1s de 200 fotograf\u00edas, 250 planos archivados, cajas con planos y material utilizado para su libro Seis d\u00e9cadas en la arquitectura, que se public\u00f3 en 2015\u201d.<\/p>\n\n\n\n<p>Por su parte, la encargada del Archivo de Originales, Isabel Garc\u00eda, manifest\u00f3 que \u201cuno de los archivos importantes de esta donaci\u00f3n, que compartimos con la Biblioteca Nacional, es el referido al edificio de la UNCTAD III, que cruza material documental de un edificio que da cuenta de la historia social, cultural y pol\u00edtica de nuestro pa\u00eds, y gracias a este trabajo de donaci\u00f3n en nombre de los arquitectos del edificio se transforma en una perspectiva enorme en torno a la celebraci\u00f3n de los 50 a\u00f1os de esta obra incre\u00edble de la historia arquitect\u00f3nica del pa\u00eds\u201d.<\/p>\n\n\n\n<p>El destacado arquitecto Hugo Gaggero, visiblemente emocionado, agradeci\u00f3 la preocupaci\u00f3n y el inter\u00e9s por su obra, resaltando que \u201cme parece muy prudente agradecer mucho a nuestra Universidad Cat\u00f3lica, de la cual he sido alumno y profesor, y agradecer tambi\u00e9n a las autoridades de la Facultad\u201d.<\/p>\n\n\n\n<p>\u201cLa trascendencia de esta entrega es haber donado el material suficiente para poder recordar lo valioso que fueron para la UNCTAD III y para Chile estas obras, y tambi\u00e9n se incluyen algunos de mis apuntes en varios viajes, y me alegra much\u00edsimo que estos documentos queden aqu\u00ed, en esta Facultad que me form\u00f3 como arquitecto, y, por ello, agradezco tambi\u00e9n a la arquitectura que ha dado sentido a mi vida\u201d, agreg\u00f3 Gaggero.<\/p>\n\n\n\n<p>La instancia tuvo un interludio musical a cargo Juan Crist\u00f3bal Undurraga, estudiante de piano del Instituto de M\u00fasica, quien interpret\u00f3, del compositor franc\u00e9s Jean-Philippe Rameau; la Gavota y variaciones de la Suite en La menor, de las Nouvelles suites de pi\u00e8ces de clavecin.<\/p>\n\n\n\n<p><strong>Archivo de Originales<\/strong><\/p>\n\n\n\n<p>En el a\u00f1o 1994, con ocasi\u00f3n de la celebraci\u00f3n del centenario de la Escuela de Arquitectura de la Pontificia Universidad Cat\u00f3lica de Chile, fue creado el Archivo de Originales del Centro de Informaci\u00f3n y Documentaci\u00f3n Sergio Larra\u00edn Garc\u00eda- Moreno (CID- SLGM), con el objetivo de prestar un servicio al desarrollo cultural del pa\u00eds y volverse un importante archivo patrimonial, abierto a investigadores en el \u00e1mbito nacional e internacional, recopilando, preservando y difundiendo el patrimonio arquitect\u00f3nico, art\u00edstico y urbano de Chile.<\/p>\n\n\n\n<p>El Archivo se ubica f\u00edsicamente en el Edificio CID-SLGM, compartiendo el espacio con la Biblioteca de la Facultad de Arquitectura, Dise\u00f1o y Estudios Urbanos.<\/p>\n\n\n\n<p>Se destacan las colecciones de arquitectos y dise\u00f1adores singulares. Adem\u00e1s, dispone de un Fondo Especial de Investigaciones, colecci\u00f3n destinada a recopilar y conservar investigaciones de profesores y alumnos de la Facultad.<\/p>\n\n\n\n<p>Sus cerca de 95 mil \u00edtems catalogados est\u00e1n disponibles en una base de datos abierta a consulta permanente.<\/p>\n\n\n\n<p>Si quieres saber m\u00e1s, puedes visitar el siguiente<a href=\"http:\/\/www6.uc.cl\/sw_educ\/archivodeoriginales\/php\/index.php\" target=\"_blank\" rel=\"noreferrer noopener\">&nbsp;link<\/a>.<\/p>\n\n\n\n<p>Alb\u00fam fotograf\u00edco&nbsp;<a href=\"https:\/\/www.facebook.com\/media\/set\/?vanity=fadeuuc&amp;set=a.1781839892008143\" target=\"_blank\" rel=\"noreferrer noopener\">AQU\u00ed<\/a>.<\/p>\n\n\n\n<figure class=\"wp-block-image size-full\"><img decoding=\"async\" width=\"685\" height=\"1024\" src=\"https:\/\/fadeu.urantiacos.cl\/wp-content\/uploads\/2023\/09\/WhatsApp_Image_2021-10-27_at_10.02.35_2.jpeg\" alt=\"\" class=\"wp-image-6047\" srcset=\"https:\/\/fadeu.urantiacos.cl\/wp-content\/uploads\/2023\/09\/WhatsApp_Image_2021-10-27_at_10.02.35_2.jpeg 685w, https:\/\/fadeu.urantiacos.cl\/wp-content\/uploads\/2023\/09\/WhatsApp_Image_2021-10-27_at_10.02.35_2-201x300.jpeg 201w\" sizes=\"(max-width: 685px) 100vw, 685px\" \/><\/figure>\n\n\n\n<figure class=\"wp-block-image size-full\"><img decoding=\"async\" width=\"1024\" height=\"685\" src=\"https:\/\/fadeu.urantiacos.cl\/wp-content\/uploads\/2023\/09\/WhatsApp_Image_2021-10-27_at_10.02.37_3.jpeg\" alt=\"\" class=\"wp-image-6048\" srcset=\"https:\/\/fadeu.urantiacos.cl\/wp-content\/uploads\/2023\/09\/WhatsApp_Image_2021-10-27_at_10.02.37_3.jpeg 1024w, https:\/\/fadeu.urantiacos.cl\/wp-content\/uploads\/2023\/09\/WhatsApp_Image_2021-10-27_at_10.02.37_3-300x201.jpeg 300w, https:\/\/fadeu.urantiacos.cl\/wp-content\/uploads\/2023\/09\/WhatsApp_Image_2021-10-27_at_10.02.37_3-768x514.jpeg 768w\" sizes=\"(max-width: 1024px) 100vw, 1024px\" \/><\/figure>\n\n\n\n<figure class=\"wp-block-image size-full\"><img decoding=\"async\" width=\"1024\" height=\"686\" src=\"https:\/\/fadeu.urantiacos.cl\/wp-content\/uploads\/2023\/09\/WhatsApp_Image_2021-10-27_at_10.02.38_1.jpeg\" alt=\"\" class=\"wp-image-6049\" srcset=\"https:\/\/fadeu.urantiacos.cl\/wp-content\/uploads\/2023\/09\/WhatsApp_Image_2021-10-27_at_10.02.38_1.jpeg 1024w, https:\/\/fadeu.urantiacos.cl\/wp-content\/uploads\/2023\/09\/WhatsApp_Image_2021-10-27_at_10.02.38_1-300x201.jpeg 300w, https:\/\/fadeu.urantiacos.cl\/wp-content\/uploads\/2023\/09\/WhatsApp_Image_2021-10-27_at_10.02.38_1-768x515.jpeg 768w\" sizes=\"(max-width: 1024px) 100vw, 1024px\" \/><\/figure>\n\n\n\n<p>INFORMACI\u00d3N PERIOD\u00cdSTICA<br>JUAN ANDR\u00c9S INZUNZA<\/p>\n","protected":false},"excerpt":{"rendered":"<p>En una emotiva ceremonia realizada en la sala Capilla de la casona del Campus Lo Contador de la UC, se llev\u00f3 a cabo la recepci\u00f3n oficial de la donaci\u00f3n realizada por el destacado arquitecto Hugo Gaggero, material que pasar\u00e1 a formar parte del Archivo de Originales FADEU perteneciente al Centro de Documentoaci\u00f3n Sergio Larra\u00edn GM.<\/p>\n","protected":false},"author":1,"featured_media":6046,"comment_status":"open","ping_status":"open","sticky":false,"template":"","format":"standard","meta":{"_acf_changed":false,"footnotes":""},"categories":[1],"tags":[],"class_list":["post-6045","post","type-post","status-publish","format-standard","has-post-thumbnail","hentry","category-sin-categorizar"],"acf":[],"yoast_head":"<!-- This site is optimized with the Yoast SEO plugin v27.1.1 - https:\/\/yoast.com\/product\/yoast-seo-wordpress\/ -->\n<title>Archivo de Originales FADEU recibi\u00f3 la donaci\u00f3n del Fondo Hugo Gaggero - Facultad de Arquitectura, Dise\u00f1o y Estudios Urbanos<\/title>\n<meta name=\"description\" content=\"En una emotiva ceremonia realizada en la sala Capilla de la casona del Campus Lo Contador de la UC, se llev\u00f3 a cabo la recepci\u00f3n oficial de la donaci\u00f3n realizada por el destacado arquitecto Hugo Gaggero, material que pasar\u00e1 a formar parte del Archivo de Originales FADEU perteneciente al Centro de Documentoaci\u00f3n Sergio Larra\u00edn GM.\" \/>\n<meta name=\"robots\" content=\"index, follow, max-snippet:-1, max-image-preview:large, max-video-preview:-1\" \/>\n<link rel=\"canonical\" href=\"https:\/\/fadeu.urantiacos.cl\/en\/2021\/10\/28\/archivo-de-originales-fadeu-recibio-la-donacion-del-fondo-hugo-gaggero\/\" \/>\n<meta property=\"og:locale\" content=\"en_US\" \/>\n<meta property=\"og:type\" content=\"article\" \/>\n<meta property=\"og:title\" content=\"Archivo de Originales FADEU recibi\u00f3 la donaci\u00f3n del Fondo Hugo Gaggero - Facultad de Arquitectura, Dise\u00f1o y Estudios Urbanos\" \/>\n<meta property=\"og:description\" content=\"En una emotiva ceremonia realizada en la sala Capilla de la casona del Campus Lo Contador de la UC, se llev\u00f3 a cabo la recepci\u00f3n oficial de la donaci\u00f3n realizada por el destacado arquitecto Hugo Gaggero, material que pasar\u00e1 a formar parte del Archivo de Originales FADEU perteneciente al Centro de Documentoaci\u00f3n Sergio Larra\u00edn GM.\" \/>\n<meta property=\"og:url\" content=\"https:\/\/fadeu.urantiacos.cl\/en\/2021\/10\/28\/archivo-de-originales-fadeu-recibio-la-donacion-del-fondo-hugo-gaggero\/\" \/>\n<meta property=\"og:site_name\" content=\"Facultad de Arquitectura, Dise\u00f1o y Estudios Urbanos\" \/>\n<meta property=\"article:published_time\" content=\"2021-10-28T13:20:00+00:00\" \/>\n<meta property=\"article:modified_time\" content=\"2023-09-07T13:23:57+00:00\" \/>\n<meta property=\"og:image\" content=\"https:\/\/fadeu.urantiacos.cl\/wp-content\/uploads\/2023\/09\/WEB_WhatsApp_Image_2021-10-27_at_10.02.35_2.jpg\" \/>\n\t<meta property=\"og:image:width\" content=\"350\" \/>\n\t<meta property=\"og:image:height\" content=\"250\" \/>\n\t<meta property=\"og:image:type\" content=\"image\/jpeg\" \/>\n<meta name=\"author\" content=\"manadmin\" \/>\n<meta name=\"twitter:card\" content=\"summary_large_image\" \/>\n<meta name=\"twitter:label1\" content=\"Written by\" \/>\n\t<meta name=\"twitter:data1\" content=\"manadmin\" \/>\n\t<meta name=\"twitter:label2\" content=\"Est. reading time\" \/>\n\t<meta name=\"twitter:data2\" content=\"3 minutes\" \/>\n<script type=\"application\/ld+json\" class=\"yoast-schema-graph\">{\"@context\":\"https:\/\/schema.org\",\"@graph\":[{\"@type\":\"Article\",\"@id\":\"https:\/\/fadeu.urantiacos.cl\/en\/2021\/10\/28\/archivo-de-originales-fadeu-recibio-la-donacion-del-fondo-hugo-gaggero\/#article\",\"isPartOf\":{\"@id\":\"https:\/\/fadeu.urantiacos.cl\/en\/2021\/10\/28\/archivo-de-originales-fadeu-recibio-la-donacion-del-fondo-hugo-gaggero\/\"},\"author\":{\"name\":\"manadmin\",\"@id\":\"https:\/\/fadeu.urantiacos.cl\/en\/#\/schema\/person\/d203e2e84b1c40275eac77b3061a19a2\"},\"headline\":\"Archivo de Originales FADEU recibi\u00f3 la donaci\u00f3n del Fondo Hugo Gaggero\",\"datePublished\":\"2021-10-28T13:20:00+00:00\",\"dateModified\":\"2023-09-07T13:23:57+00:00\",\"mainEntityOfPage\":{\"@id\":\"https:\/\/fadeu.urantiacos.cl\/en\/2021\/10\/28\/archivo-de-originales-fadeu-recibio-la-donacion-del-fondo-hugo-gaggero\/\"},\"wordCount\":659,\"commentCount\":0,\"image\":{\"@id\":\"https:\/\/fadeu.urantiacos.cl\/en\/2021\/10\/28\/archivo-de-originales-fadeu-recibio-la-donacion-del-fondo-hugo-gaggero\/#primaryimage\"},\"thumbnailUrl\":\"https:\/\/fadeu.urantiacos.cl\/wp-content\/uploads\/2023\/09\/WEB_WhatsApp_Image_2021-10-27_at_10.02.35_2.jpg\",\"articleSection\":[\"Sin categorizar\"],\"inLanguage\":\"en-US\",\"potentialAction\":[{\"@type\":\"CommentAction\",\"name\":\"Comment\",\"target\":[\"https:\/\/fadeu.urantiacos.cl\/en\/2021\/10\/28\/archivo-de-originales-fadeu-recibio-la-donacion-del-fondo-hugo-gaggero\/#respond\"]}]},{\"@type\":\"WebPage\",\"@id\":\"https:\/\/fadeu.urantiacos.cl\/en\/2021\/10\/28\/archivo-de-originales-fadeu-recibio-la-donacion-del-fondo-hugo-gaggero\/\",\"url\":\"https:\/\/fadeu.urantiacos.cl\/en\/2021\/10\/28\/archivo-de-originales-fadeu-recibio-la-donacion-del-fondo-hugo-gaggero\/\",\"name\":\"Archivo de Originales FADEU recibi\u00f3 la donaci\u00f3n del Fondo Hugo Gaggero - Facultad de Arquitectura, Dise\u00f1o y Estudios Urbanos\",\"isPartOf\":{\"@id\":\"https:\/\/fadeu.urantiacos.cl\/en\/#website\"},\"primaryImageOfPage\":{\"@id\":\"https:\/\/fadeu.urantiacos.cl\/en\/2021\/10\/28\/archivo-de-originales-fadeu-recibio-la-donacion-del-fondo-hugo-gaggero\/#primaryimage\"},\"image\":{\"@id\":\"https:\/\/fadeu.urantiacos.cl\/en\/2021\/10\/28\/archivo-de-originales-fadeu-recibio-la-donacion-del-fondo-hugo-gaggero\/#primaryimage\"},\"thumbnailUrl\":\"https:\/\/fadeu.urantiacos.cl\/wp-content\/uploads\/2023\/09\/WEB_WhatsApp_Image_2021-10-27_at_10.02.35_2.jpg\",\"datePublished\":\"2021-10-28T13:20:00+00:00\",\"dateModified\":\"2023-09-07T13:23:57+00:00\",\"author\":{\"@id\":\"https:\/\/fadeu.urantiacos.cl\/en\/#\/schema\/person\/d203e2e84b1c40275eac77b3061a19a2\"},\"description\":\"En una emotiva ceremonia realizada en la sala Capilla de la casona del Campus Lo Contador de la UC, se llev\u00f3 a cabo la recepci\u00f3n oficial de la donaci\u00f3n realizada por el destacado arquitecto Hugo Gaggero, material que pasar\u00e1 a formar parte del Archivo de Originales FADEU perteneciente al Centro de Documentoaci\u00f3n Sergio Larra\u00edn GM.\",\"breadcrumb\":{\"@id\":\"https:\/\/fadeu.urantiacos.cl\/en\/2021\/10\/28\/archivo-de-originales-fadeu-recibio-la-donacion-del-fondo-hugo-gaggero\/#breadcrumb\"},\"inLanguage\":\"en-US\",\"potentialAction\":[{\"@type\":\"ReadAction\",\"target\":[\"https:\/\/fadeu.urantiacos.cl\/en\/2021\/10\/28\/archivo-de-originales-fadeu-recibio-la-donacion-del-fondo-hugo-gaggero\/\"]}]},{\"@type\":\"ImageObject\",\"inLanguage\":\"en-US\",\"@id\":\"https:\/\/fadeu.urantiacos.cl\/en\/2021\/10\/28\/archivo-de-originales-fadeu-recibio-la-donacion-del-fondo-hugo-gaggero\/#primaryimage\",\"url\":\"https:\/\/fadeu.urantiacos.cl\/wp-content\/uploads\/2023\/09\/WEB_WhatsApp_Image_2021-10-27_at_10.02.35_2.jpg\",\"contentUrl\":\"https:\/\/fadeu.urantiacos.cl\/wp-content\/uploads\/2023\/09\/WEB_WhatsApp_Image_2021-10-27_at_10.02.35_2.jpg\",\"width\":350,\"height\":250},{\"@type\":\"BreadcrumbList\",\"@id\":\"https:\/\/fadeu.urantiacos.cl\/en\/2021\/10\/28\/archivo-de-originales-fadeu-recibio-la-donacion-del-fondo-hugo-gaggero\/#breadcrumb\",\"itemListElement\":[{\"@type\":\"ListItem\",\"position\":1,\"name\":\"Portada\",\"item\":\"https:\/\/fadeu.urantiacos.cl\/en\/\"},{\"@type\":\"ListItem\",\"position\":2,\"name\":\"Archivo de Originales FADEU recibi\u00f3 la donaci\u00f3n del Fondo Hugo Gaggero\"}]},{\"@type\":\"WebSite\",\"@id\":\"https:\/\/fadeu.urantiacos.cl\/en\/#website\",\"url\":\"https:\/\/fadeu.urantiacos.cl\/en\/\",\"name\":\"Facultad de Arquitectura, Dise\u00f1o y Estudios Urbanos\",\"description\":\"Campus Lo Contador\",\"potentialAction\":[{\"@type\":\"SearchAction\",\"target\":{\"@type\":\"EntryPoint\",\"urlTemplate\":\"https:\/\/fadeu.urantiacos.cl\/en\/?s={search_term_string}\"},\"query-input\":{\"@type\":\"PropertyValueSpecification\",\"valueRequired\":true,\"valueName\":\"search_term_string\"}}],\"inLanguage\":\"en-US\"},{\"@type\":\"Person\",\"@id\":\"https:\/\/fadeu.urantiacos.cl\/en\/#\/schema\/person\/d203e2e84b1c40275eac77b3061a19a2\",\"name\":\"manadmin\",\"image\":{\"@type\":\"ImageObject\",\"inLanguage\":\"en-US\",\"@id\":\"https:\/\/fadeu.urantiacos.cl\/en\/#\/schema\/person\/image\/\",\"url\":\"https:\/\/secure.gravatar.com\/avatar\/4b1d8e3303b4a9d8968ac578947d8bc80d9aea359f388cdd4aac15cadc0e8447?s=96&d=mm&r=g\",\"contentUrl\":\"https:\/\/secure.gravatar.com\/avatar\/4b1d8e3303b4a9d8968ac578947d8bc80d9aea359f388cdd4aac15cadc0e8447?s=96&d=mm&r=g\",\"caption\":\"manadmin\"},\"sameAs\":[\"https:\/\/fadeu.urantiacos.cl\"]}]}<\/script>\n<!-- \/ Yoast SEO plugin. -->","yoast_head_json":{"title":"Archivo de Originales FADEU recibi\u00f3 la donaci\u00f3n del Fondo Hugo Gaggero - Facultad de Arquitectura, Dise\u00f1o y Estudios Urbanos","description":"En una emotiva ceremonia realizada en la sala Capilla de la casona del Campus Lo Contador de la UC, se llev\u00f3 a cabo la recepci\u00f3n oficial de la donaci\u00f3n realizada por el destacado arquitecto Hugo Gaggero, material que pasar\u00e1 a formar parte del Archivo de Originales FADEU perteneciente al Centro de Documentoaci\u00f3n Sergio Larra\u00edn GM.","robots":{"index":"index","follow":"follow","max-snippet":"max-snippet:-1","max-image-preview":"max-image-preview:large","max-video-preview":"max-video-preview:-1"},"canonical":"https:\/\/fadeu.urantiacos.cl\/en\/2021\/10\/28\/archivo-de-originales-fadeu-recibio-la-donacion-del-fondo-hugo-gaggero\/","og_locale":"en_US","og_type":"article","og_title":"Archivo de Originales FADEU recibi\u00f3 la donaci\u00f3n del Fondo Hugo Gaggero - Facultad de Arquitectura, Dise\u00f1o y Estudios Urbanos","og_description":"En una emotiva ceremonia realizada en la sala Capilla de la casona del Campus Lo Contador de la UC, se llev\u00f3 a cabo la recepci\u00f3n oficial de la donaci\u00f3n realizada por el destacado arquitecto Hugo Gaggero, material que pasar\u00e1 a formar parte del Archivo de Originales FADEU perteneciente al Centro de Documentoaci\u00f3n Sergio Larra\u00edn GM.","og_url":"https:\/\/fadeu.urantiacos.cl\/en\/2021\/10\/28\/archivo-de-originales-fadeu-recibio-la-donacion-del-fondo-hugo-gaggero\/","og_site_name":"Facultad de Arquitectura, Dise\u00f1o y Estudios Urbanos","article_published_time":"2021-10-28T13:20:00+00:00","article_modified_time":"2023-09-07T13:23:57+00:00","og_image":[{"width":350,"height":250,"url":"https:\/\/fadeu.urantiacos.cl\/wp-content\/uploads\/2023\/09\/WEB_WhatsApp_Image_2021-10-27_at_10.02.35_2.jpg","type":"image\/jpeg"}],"author":"manadmin","twitter_card":"summary_large_image","twitter_misc":{"Written by":"manadmin","Est. reading time":"3 minutes"},"schema":{"@context":"https:\/\/schema.org","@graph":[{"@type":"Article","@id":"https:\/\/fadeu.urantiacos.cl\/en\/2021\/10\/28\/archivo-de-originales-fadeu-recibio-la-donacion-del-fondo-hugo-gaggero\/#article","isPartOf":{"@id":"https:\/\/fadeu.urantiacos.cl\/en\/2021\/10\/28\/archivo-de-originales-fadeu-recibio-la-donacion-del-fondo-hugo-gaggero\/"},"author":{"name":"manadmin","@id":"https:\/\/fadeu.urantiacos.cl\/en\/#\/schema\/person\/d203e2e84b1c40275eac77b3061a19a2"},"headline":"Archivo de Originales FADEU recibi\u00f3 la donaci\u00f3n del Fondo Hugo Gaggero","datePublished":"2021-10-28T13:20:00+00:00","dateModified":"2023-09-07T13:23:57+00:00","mainEntityOfPage":{"@id":"https:\/\/fadeu.urantiacos.cl\/en\/2021\/10\/28\/archivo-de-originales-fadeu-recibio-la-donacion-del-fondo-hugo-gaggero\/"},"wordCount":659,"commentCount":0,"image":{"@id":"https:\/\/fadeu.urantiacos.cl\/en\/2021\/10\/28\/archivo-de-originales-fadeu-recibio-la-donacion-del-fondo-hugo-gaggero\/#primaryimage"},"thumbnailUrl":"https:\/\/fadeu.urantiacos.cl\/wp-content\/uploads\/2023\/09\/WEB_WhatsApp_Image_2021-10-27_at_10.02.35_2.jpg","articleSection":["Sin categorizar"],"inLanguage":"en-US","potentialAction":[{"@type":"CommentAction","name":"Comment","target":["https:\/\/fadeu.urantiacos.cl\/en\/2021\/10\/28\/archivo-de-originales-fadeu-recibio-la-donacion-del-fondo-hugo-gaggero\/#respond"]}]},{"@type":"WebPage","@id":"https:\/\/fadeu.urantiacos.cl\/en\/2021\/10\/28\/archivo-de-originales-fadeu-recibio-la-donacion-del-fondo-hugo-gaggero\/","url":"https:\/\/fadeu.urantiacos.cl\/en\/2021\/10\/28\/archivo-de-originales-fadeu-recibio-la-donacion-del-fondo-hugo-gaggero\/","name":"Archivo de Originales FADEU recibi\u00f3 la donaci\u00f3n del Fondo Hugo Gaggero - Facultad de Arquitectura, Dise\u00f1o y Estudios Urbanos","isPartOf":{"@id":"https:\/\/fadeu.urantiacos.cl\/en\/#website"},"primaryImageOfPage":{"@id":"https:\/\/fadeu.urantiacos.cl\/en\/2021\/10\/28\/archivo-de-originales-fadeu-recibio-la-donacion-del-fondo-hugo-gaggero\/#primaryimage"},"image":{"@id":"https:\/\/fadeu.urantiacos.cl\/en\/2021\/10\/28\/archivo-de-originales-fadeu-recibio-la-donacion-del-fondo-hugo-gaggero\/#primaryimage"},"thumbnailUrl":"https:\/\/fadeu.urantiacos.cl\/wp-content\/uploads\/2023\/09\/WEB_WhatsApp_Image_2021-10-27_at_10.02.35_2.jpg","datePublished":"2021-10-28T13:20:00+00:00","dateModified":"2023-09-07T13:23:57+00:00","author":{"@id":"https:\/\/fadeu.urantiacos.cl\/en\/#\/schema\/person\/d203e2e84b1c40275eac77b3061a19a2"},"description":"En una emotiva ceremonia realizada en la sala Capilla de la casona del Campus Lo Contador de la UC, se llev\u00f3 a cabo la recepci\u00f3n oficial de la donaci\u00f3n realizada por el destacado arquitecto Hugo Gaggero, material que pasar\u00e1 a formar parte del Archivo de Originales FADEU perteneciente al Centro de Documentoaci\u00f3n Sergio Larra\u00edn GM.","breadcrumb":{"@id":"https:\/\/fadeu.urantiacos.cl\/en\/2021\/10\/28\/archivo-de-originales-fadeu-recibio-la-donacion-del-fondo-hugo-gaggero\/#breadcrumb"},"inLanguage":"en-US","potentialAction":[{"@type":"ReadAction","target":["https:\/\/fadeu.urantiacos.cl\/en\/2021\/10\/28\/archivo-de-originales-fadeu-recibio-la-donacion-del-fondo-hugo-gaggero\/"]}]},{"@type":"ImageObject","inLanguage":"en-US","@id":"https:\/\/fadeu.urantiacos.cl\/en\/2021\/10\/28\/archivo-de-originales-fadeu-recibio-la-donacion-del-fondo-hugo-gaggero\/#primaryimage","url":"https:\/\/fadeu.urantiacos.cl\/wp-content\/uploads\/2023\/09\/WEB_WhatsApp_Image_2021-10-27_at_10.02.35_2.jpg","contentUrl":"https:\/\/fadeu.urantiacos.cl\/wp-content\/uploads\/2023\/09\/WEB_WhatsApp_Image_2021-10-27_at_10.02.35_2.jpg","width":350,"height":250},{"@type":"BreadcrumbList","@id":"https:\/\/fadeu.urantiacos.cl\/en\/2021\/10\/28\/archivo-de-originales-fadeu-recibio-la-donacion-del-fondo-hugo-gaggero\/#breadcrumb","itemListElement":[{"@type":"ListItem","position":1,"name":"Portada","item":"https:\/\/fadeu.urantiacos.cl\/en\/"},{"@type":"ListItem","position":2,"name":"Archivo de Originales FADEU recibi\u00f3 la donaci\u00f3n del Fondo Hugo Gaggero"}]},{"@type":"WebSite","@id":"https:\/\/fadeu.urantiacos.cl\/en\/#website","url":"https:\/\/fadeu.urantiacos.cl\/en\/","name":"Facultad de Arquitectura, Dise\u00f1o y Estudios Urbanos","description":"Campus Lo Contador","potentialAction":[{"@type":"SearchAction","target":{"@type":"EntryPoint","urlTemplate":"https:\/\/fadeu.urantiacos.cl\/en\/?s={search_term_string}"},"query-input":{"@type":"PropertyValueSpecification","valueRequired":true,"valueName":"search_term_string"}}],"inLanguage":"en-US"},{"@type":"Person","@id":"https:\/\/fadeu.urantiacos.cl\/en\/#\/schema\/person\/d203e2e84b1c40275eac77b3061a19a2","name":"manadmin","image":{"@type":"ImageObject","inLanguage":"en-US","@id":"https:\/\/fadeu.urantiacos.cl\/en\/#\/schema\/person\/image\/","url":"https:\/\/secure.gravatar.com\/avatar\/4b1d8e3303b4a9d8968ac578947d8bc80d9aea359f388cdd4aac15cadc0e8447?s=96&d=mm&r=g","contentUrl":"https:\/\/secure.gravatar.com\/avatar\/4b1d8e3303b4a9d8968ac578947d8bc80d9aea359f388cdd4aac15cadc0e8447?s=96&d=mm&r=g","caption":"manadmin"},"sameAs":["https:\/\/fadeu.urantiacos.cl"]}]}},"_links":{"self":[{"href":"https:\/\/fadeu.urantiacos.cl\/en\/wp-json\/wp\/v2\/posts\/6045","targetHints":{"allow":["GET"]}}],"collection":[{"href":"https:\/\/fadeu.urantiacos.cl\/en\/wp-json\/wp\/v2\/posts"}],"about":[{"href":"https:\/\/fadeu.urantiacos.cl\/en\/wp-json\/wp\/v2\/types\/post"}],"author":[{"embeddable":true,"href":"https:\/\/fadeu.urantiacos.cl\/en\/wp-json\/wp\/v2\/users\/1"}],"replies":[{"embeddable":true,"href":"https:\/\/fadeu.urantiacos.cl\/en\/wp-json\/wp\/v2\/comments?post=6045"}],"version-history":[{"count":1,"href":"https:\/\/fadeu.urantiacos.cl\/en\/wp-json\/wp\/v2\/posts\/6045\/revisions"}],"predecessor-version":[{"id":6050,"href":"https:\/\/fadeu.urantiacos.cl\/en\/wp-json\/wp\/v2\/posts\/6045\/revisions\/6050"}],"wp:featuredmedia":[{"embeddable":true,"href":"https:\/\/fadeu.urantiacos.cl\/en\/wp-json\/wp\/v2\/media\/6046"}],"wp:attachment":[{"href":"https:\/\/fadeu.urantiacos.cl\/en\/wp-json\/wp\/v2\/media?parent=6045"}],"wp:term":[{"taxonomy":"category","embeddable":true,"href":"https:\/\/fadeu.urantiacos.cl\/en\/wp-json\/wp\/v2\/categories?post=6045"},{"taxonomy":"post_tag","embeddable":true,"href":"https:\/\/fadeu.urantiacos.cl\/en\/wp-json\/wp\/v2\/tags?post=6045"}],"curies":[{"name":"wp","href":"https:\/\/api.w.org\/{rel}","templated":true}]}}