{"id":6039,"date":"2021-10-28T10:17:00","date_gmt":"2021-10-28T13:17:00","guid":{"rendered":"https:\/\/fadeu.urantiacos.cl\/?p=6039"},"modified":"2023-09-07T10:20:38","modified_gmt":"2023-09-07T13:20:38","slug":"universidad-catolica-inaugura-su-nuevo-edificio-de-deportes-disenado-por-el-profesor-teodoro-fernandez","status":"publish","type":"post","link":"https:\/\/fadeu.urantiacos.cl\/en\/2021\/10\/28\/universidad-catolica-inaugura-su-nuevo-edificio-de-deportes-disenado-por-el-profesor-teodoro-fernandez\/","title":{"rendered":"Universidad Cat\u00f3lica inaugura su nuevo Edificio de Deportes dise\u00f1ado por el profesor Teodoro Fern\u00e1ndez"},"content":{"rendered":"\n<figure class=\"wp-block-image size-full\"><img decoding=\"async\" width=\"350\" height=\"250\" src=\"https:\/\/fadeu.urantiacos.cl\/wp-content\/uploads\/2023\/09\/WEB_Noticia_Teodoro_Fernandez_.png\" alt=\"\" class=\"wp-image-6040\" srcset=\"https:\/\/fadeu.urantiacos.cl\/wp-content\/uploads\/2023\/09\/WEB_Noticia_Teodoro_Fernandez_.png 350w, https:\/\/fadeu.urantiacos.cl\/wp-content\/uploads\/2023\/09\/WEB_Noticia_Teodoro_Fernandez_-300x214.png 300w\" sizes=\"(max-width: 350px) 100vw, 350px\" \/><\/figure>\n\n\n\n<p>Seg\u00fan ha sido informado por la casa de estudios, el nuevo edificio ser\u00e1 \u201cun espacio que albergar\u00e1 las ramas del b\u00e1squetbol, v\u00f3leibol, triatl\u00f3n y nataci\u00f3n\u201d, permitiendo al club, adem\u00e1s, \u201cser el primer club sustentable del pa\u00eds con cero residuos\u201d. Adem\u00e1s desde la misma constructora Cerro Apoquindo se destaca que \u201cla obra de 14 mil metros cuadrados, se ubica al norte del estadio San Carlos de Apoquindo y se compone de tres cuerpos: un gimnasio para B\u00e1squetbol y V\u00f3leibol, una piscina temperada de 50 metros y uno de apoyo para las actividades deportivas con oficinas, gimnasio, cafeteria entre otras\u201d, adem\u00e1s de instalaciones propias para el equipo de la Unidad de Medicina del Deporte UC CHRISTUS.<\/p>\n\n\n\n<p>\u201cCon este nuevo recinto buscamos darles las mejores instalaciones a nuestros deportistas. Queremos que la pr\u00e1ctica deportiva del club sea apoyada de la mejor manera posible. Con el mejor equipamiento y tecnolog\u00eda que podamos darle\u201d, comenta el presidente del CDUC, Jos\u00e9 Manuel V\u00e9lez.<\/p>\n\n\n\n<p>\u201cTenemos m\u00e9dicos especialistas en deporte, adem\u00e1s de nuestros kinesi\u00f3logos que asesorar\u00e1n no solo a los deportistas de alto rendimiento, sino que tambi\u00e9n a todas las personas que han confiado en el Club Deportivo UC para realizar sus actividades deportivas. La inauguraci\u00f3n de este centro marca un hito fundamental en la cooperaci\u00f3n que vamos a tener como cl\u00ednica, como Medicina del Deporte y como Red de Salud con el club\u201d, destaca el Dr. Patricio Sandoval, Director M\u00e9dico de Cl\u00ednica San Carlos de Apoquindo.<\/p>\n\n\n\n<p>Este edificio junto a su nueva infraestructura se convierte en una oportunidad estrat\u00e9gica para elevar el nivel de los deportistas del pa\u00eds. \u201cCuando participamos en proyectos como este, levantas la mirada y te das cuentas de la cantidad de posibilidades que nos trae esto para nuestra Red de Salud, nos permitir\u00e1 ser innovadores en la salud del deporte, adem\u00e1s de dar la asistencia a los deportistas de alto rendimiento. Es un gran desaf\u00edo para nuestra cl\u00ednica\u201d, agrega Claudio Daniels, Gerente General de Cl\u00ednica San Carlos de Apoquindo.<\/p>\n\n\n\n<p>Fuente:&nbsp;<a href=\"https:\/\/www.ucchristus.cl\/blog-salud-uc\/articulos\/2021\/inauguraci%C3%B3n-del-edificio-de-deportes-del-club-deportivo-universidad-cat%C3%B3lica\">Red de Salud UC-Christus&nbsp;<\/a>y&nbsp;<a href=\"https:\/\/www.ca4.cl\/noticias\/ca4-construye-edificio-deportes-u-catolica\" target=\"_blank\" rel=\"noreferrer noopener\">Constructora Cerro Apoquindo&nbsp;<\/a><\/p>\n\n\n\n<p>Puedes ver el video en el siguiente link:&nbsp;<a href=\"https:\/\/www.youtube.com\/watch?v=dWbthzlytsQ\">https:\/\/www.youtube.com\/watch?v=dWbthzlytsQ<\/a><\/p>\n\n\n\n<p><strong>Teodoro Fern\u00e1ndez<\/strong><\/p>\n\n\n\n<p>Teodoro Fern\u00e1ndez, arquitecto UC con estudios de post\u00edtulo en Arquitectura del Paisaje de la misma casa de estudios, es docente de la Escuela de Arquitectura UC desde inicios de los a\u00f1os 90, donde imparte el Taller de Formaci\u00f3n y Representaci\u00f3n, siendo maestro de generaciones de destacados arquitectos.<\/p>\n\n\n\n<p>Su trabajo profesional inicia en los a\u00f1os 70 en Espa\u00f1a, en colaboraci\u00f3n con Fernando Domeyko y Jes\u00fas Bermejo. De regreso a Chile, en la d\u00e9cada los 80 y 90, realiza diversas obras en coautor\u00eda con destacados arquitectos como Mario P\u00e9rez de Arce Lav\u00edn, Montserrat Palmer, Mario P\u00e9rez De Arce Antonic, Rodrigo P\u00e9rez de Arce, Ram\u00f3n L\u00f3pez, Cecilia Puga y Smiljan Radic. En 1997 funda la oficina Fern\u00e1ndez Courard Arquitectos, donde desarrolla proyectos de arquitectura, paisaje y arquitectura interior.<\/p>\n\n\n\n<p>Entre sus obras m\u00e1s significativas, es posible mencionar el Polideportivo (1988), la remodelaci\u00f3n del Centro Cultural Estaci\u00f3n Mapocho (1994), el Parque In\u00e9s de Su\u00e1rez (1994), el Parque Bicentenario (2007), la restauraci\u00f3n del Parque Quinta Normal (2011), y el Edificio Moneda Bicentenario (2014).<\/p>\n\n\n\n<p>Ha dise\u00f1ado diversos edificios y espacios para los Campus de la Pontificia Universidad Cat\u00f3lica de Chile, como la remodelaci\u00f3n del patio del Centro de Extensi\u00f3n en Casa Central (1990), el Templo de San Joaqu\u00edn (1997), el Hall Universitario (2003) y el Centro de Documentaci\u00f3n Sergio Larra\u00edn Garc\u00eda Moreno en el Campus Lo Contador (1997).<\/p>\n\n\n\n<p>La relevancia de su obra fue reconocida en 2014 con el Premio Nacional de Arquitectura, al cual se suman diversos galardones a lo largo de su carrera profesional. Entre estos se encuentra el Premio &#8220;Ferm\u00edn Vivaceta&#8221; (2002), el Premio Internacional Reina Sof\u00eda de Patrimonio Cultural por Centro Cultural Estaci\u00f3n Mapocho (2008), Gran Medalla AOA (2013), el nombramiento como Miembro de Honor del American Institute of Architects, Estados Unidos (2016), y el reciente Premio a la Excelencia en la Creaci\u00f3n Art\u00edstica de la Pontificia Universidad Cat\u00f3lica de Chile (2017).<\/p>\n\n\n\n<figure class=\"wp-block-image size-full\"><img decoding=\"async\" width=\"945\" height=\"894\" src=\"https:\/\/fadeu.urantiacos.cl\/wp-content\/uploads\/2023\/09\/deportes-uc-sda-galeria-1.jpeg\" alt=\"\" class=\"wp-image-6041\" srcset=\"https:\/\/fadeu.urantiacos.cl\/wp-content\/uploads\/2023\/09\/deportes-uc-sda-galeria-1.jpeg 945w, https:\/\/fadeu.urantiacos.cl\/wp-content\/uploads\/2023\/09\/deportes-uc-sda-galeria-1-300x284.jpeg 300w, https:\/\/fadeu.urantiacos.cl\/wp-content\/uploads\/2023\/09\/deportes-uc-sda-galeria-1-768x727.jpeg 768w\" sizes=\"(max-width: 945px) 100vw, 945px\" \/><\/figure>\n\n\n\n<figure class=\"wp-block-image size-full\"><img decoding=\"async\" width=\"468\" height=\"442\" src=\"https:\/\/fadeu.urantiacos.cl\/wp-content\/uploads\/2023\/09\/deportes-uc-sda-galeria-3.jpeg\" alt=\"\" class=\"wp-image-6042\" srcset=\"https:\/\/fadeu.urantiacos.cl\/wp-content\/uploads\/2023\/09\/deportes-uc-sda-galeria-3.jpeg 468w, https:\/\/fadeu.urantiacos.cl\/wp-content\/uploads\/2023\/09\/deportes-uc-sda-galeria-3-300x283.jpeg 300w\" sizes=\"(max-width: 468px) 100vw, 468px\" \/><\/figure>\n\n\n\n<figure class=\"wp-block-image size-full\"><img decoding=\"async\" width=\"468\" height=\"442\" src=\"https:\/\/fadeu.urantiacos.cl\/wp-content\/uploads\/2023\/09\/deportes-uc-sda-galeria-4.jpeg\" alt=\"\" class=\"wp-image-6043\" srcset=\"https:\/\/fadeu.urantiacos.cl\/wp-content\/uploads\/2023\/09\/deportes-uc-sda-galeria-4.jpeg 468w, https:\/\/fadeu.urantiacos.cl\/wp-content\/uploads\/2023\/09\/deportes-uc-sda-galeria-4-300x283.jpeg 300w\" sizes=\"(max-width: 468px) 100vw, 468px\" \/><\/figure>\n","protected":false},"excerpt":{"rendered":"<p>El pasado s\u00e1bado 26 de octubre fue inaugurado el Edifico de Deportes del Club Deportivo de la Universidad Cat\u00f3lica, dise\u00f1ado por el Premio Nacional en Arquitectura y profesor de la escuela de Arquitectura y Premio Nacional de Arquitectura, Teodoro Fern\u00e1ndez, ubicado en el sector norte del estadio San Carlos de Apoquindo.<\/p>\n","protected":false},"author":1,"featured_media":6040,"comment_status":"open","ping_status":"open","sticky":false,"template":"","format":"standard","meta":{"_acf_changed":false,"footnotes":""},"categories":[1],"tags":[],"class_list":["post-6039","post","type-post","status-publish","format-standard","has-post-thumbnail","hentry","category-sin-categorizar"],"acf":[],"yoast_head":"<!-- This site is optimized with the Yoast SEO plugin v27.1.1 - https:\/\/yoast.com\/product\/yoast-seo-wordpress\/ -->\n<title>Universidad Cat\u00f3lica inaugura su nuevo Edificio de Deportes dise\u00f1ado por el profesor Teodoro Fern\u00e1ndez - Facultad de Arquitectura, Dise\u00f1o y Estudios Urbanos<\/title>\n<meta name=\"description\" content=\"El pasado s\u00e1bado 26 de octubre fue inaugurado el Edifico de Deportes del Club Deportivo de la Universidad Cat\u00f3lica, dise\u00f1ado por el Premio Nacional en Arquitectura y profesor de la escuela de Arquitectura y Premio Nacional de Arquitectura, Teodoro Fern\u00e1ndez, ubicado en el sector norte del estadio San Carlos de Apoquindo.\" \/>\n<meta name=\"robots\" content=\"index, follow, max-snippet:-1, max-image-preview:large, max-video-preview:-1\" \/>\n<link rel=\"canonical\" href=\"https:\/\/fadeu.urantiacos.cl\/en\/2021\/10\/28\/universidad-catolica-inaugura-su-nuevo-edificio-de-deportes-disenado-por-el-profesor-teodoro-fernandez\/\" \/>\n<meta property=\"og:locale\" content=\"en_US\" \/>\n<meta property=\"og:type\" content=\"article\" \/>\n<meta property=\"og:title\" content=\"Universidad Cat\u00f3lica inaugura su nuevo Edificio de Deportes dise\u00f1ado por el profesor Teodoro Fern\u00e1ndez - Facultad de Arquitectura, Dise\u00f1o y Estudios Urbanos\" \/>\n<meta property=\"og:description\" content=\"El pasado s\u00e1bado 26 de octubre fue inaugurado el Edifico de Deportes del Club Deportivo de la Universidad Cat\u00f3lica, dise\u00f1ado por el Premio Nacional en Arquitectura y profesor de la escuela de Arquitectura y Premio Nacional de Arquitectura, Teodoro Fern\u00e1ndez, ubicado en el sector norte del estadio San Carlos de Apoquindo.\" \/>\n<meta property=\"og:url\" content=\"https:\/\/fadeu.urantiacos.cl\/en\/2021\/10\/28\/universidad-catolica-inaugura-su-nuevo-edificio-de-deportes-disenado-por-el-profesor-teodoro-fernandez\/\" \/>\n<meta property=\"og:site_name\" content=\"Facultad de Arquitectura, Dise\u00f1o y Estudios Urbanos\" \/>\n<meta property=\"article:published_time\" content=\"2021-10-28T13:17:00+00:00\" \/>\n<meta property=\"article:modified_time\" content=\"2023-09-07T13:20:38+00:00\" \/>\n<meta property=\"og:image\" content=\"https:\/\/fadeu.urantiacos.cl\/wp-content\/uploads\/2023\/09\/WEB_Noticia_Teodoro_Fernandez_.png\" \/>\n\t<meta property=\"og:image:width\" content=\"350\" \/>\n\t<meta property=\"og:image:height\" content=\"250\" \/>\n\t<meta property=\"og:image:type\" content=\"image\/png\" \/>\n<meta name=\"author\" content=\"manadmin\" \/>\n<meta name=\"twitter:card\" content=\"summary_large_image\" \/>\n<meta name=\"twitter:label1\" content=\"Written by\" \/>\n\t<meta name=\"twitter:data1\" content=\"manadmin\" \/>\n\t<meta name=\"twitter:label2\" content=\"Est. reading time\" \/>\n\t<meta name=\"twitter:data2\" content=\"4 minutes\" \/>\n<script type=\"application\/ld+json\" class=\"yoast-schema-graph\">{\"@context\":\"https:\/\/schema.org\",\"@graph\":[{\"@type\":\"Article\",\"@id\":\"https:\/\/fadeu.urantiacos.cl\/en\/2021\/10\/28\/universidad-catolica-inaugura-su-nuevo-edificio-de-deportes-disenado-por-el-profesor-teodoro-fernandez\/#article\",\"isPartOf\":{\"@id\":\"https:\/\/fadeu.urantiacos.cl\/en\/2021\/10\/28\/universidad-catolica-inaugura-su-nuevo-edificio-de-deportes-disenado-por-el-profesor-teodoro-fernandez\/\"},\"author\":{\"name\":\"manadmin\",\"@id\":\"https:\/\/fadeu.urantiacos.cl\/en\/#\/schema\/person\/d203e2e84b1c40275eac77b3061a19a2\"},\"headline\":\"Universidad Cat\u00f3lica inaugura su nuevo Edificio de Deportes dise\u00f1ado por el profesor Teodoro Fern\u00e1ndez\",\"datePublished\":\"2021-10-28T13:17:00+00:00\",\"dateModified\":\"2023-09-07T13:20:38+00:00\",\"mainEntityOfPage\":{\"@id\":\"https:\/\/fadeu.urantiacos.cl\/en\/2021\/10\/28\/universidad-catolica-inaugura-su-nuevo-edificio-de-deportes-disenado-por-el-profesor-teodoro-fernandez\/\"},\"wordCount\":729,\"commentCount\":0,\"image\":{\"@id\":\"https:\/\/fadeu.urantiacos.cl\/en\/2021\/10\/28\/universidad-catolica-inaugura-su-nuevo-edificio-de-deportes-disenado-por-el-profesor-teodoro-fernandez\/#primaryimage\"},\"thumbnailUrl\":\"https:\/\/fadeu.urantiacos.cl\/wp-content\/uploads\/2023\/09\/WEB_Noticia_Teodoro_Fernandez_.png\",\"articleSection\":[\"Sin categorizar\"],\"inLanguage\":\"en-US\",\"potentialAction\":[{\"@type\":\"CommentAction\",\"name\":\"Comment\",\"target\":[\"https:\/\/fadeu.urantiacos.cl\/en\/2021\/10\/28\/universidad-catolica-inaugura-su-nuevo-edificio-de-deportes-disenado-por-el-profesor-teodoro-fernandez\/#respond\"]}]},{\"@type\":\"WebPage\",\"@id\":\"https:\/\/fadeu.urantiacos.cl\/en\/2021\/10\/28\/universidad-catolica-inaugura-su-nuevo-edificio-de-deportes-disenado-por-el-profesor-teodoro-fernandez\/\",\"url\":\"https:\/\/fadeu.urantiacos.cl\/en\/2021\/10\/28\/universidad-catolica-inaugura-su-nuevo-edificio-de-deportes-disenado-por-el-profesor-teodoro-fernandez\/\",\"name\":\"Universidad Cat\u00f3lica inaugura su nuevo Edificio de Deportes dise\u00f1ado por el profesor Teodoro Fern\u00e1ndez - Facultad de Arquitectura, Dise\u00f1o y Estudios Urbanos\",\"isPartOf\":{\"@id\":\"https:\/\/fadeu.urantiacos.cl\/en\/#website\"},\"primaryImageOfPage\":{\"@id\":\"https:\/\/fadeu.urantiacos.cl\/en\/2021\/10\/28\/universidad-catolica-inaugura-su-nuevo-edificio-de-deportes-disenado-por-el-profesor-teodoro-fernandez\/#primaryimage\"},\"image\":{\"@id\":\"https:\/\/fadeu.urantiacos.cl\/en\/2021\/10\/28\/universidad-catolica-inaugura-su-nuevo-edificio-de-deportes-disenado-por-el-profesor-teodoro-fernandez\/#primaryimage\"},\"thumbnailUrl\":\"https:\/\/fadeu.urantiacos.cl\/wp-content\/uploads\/2023\/09\/WEB_Noticia_Teodoro_Fernandez_.png\",\"datePublished\":\"2021-10-28T13:17:00+00:00\",\"dateModified\":\"2023-09-07T13:20:38+00:00\",\"author\":{\"@id\":\"https:\/\/fadeu.urantiacos.cl\/en\/#\/schema\/person\/d203e2e84b1c40275eac77b3061a19a2\"},\"description\":\"El pasado s\u00e1bado 26 de octubre fue inaugurado el Edifico de Deportes del Club Deportivo de la Universidad Cat\u00f3lica, dise\u00f1ado por el Premio Nacional en Arquitectura y profesor de la escuela de Arquitectura y Premio Nacional de Arquitectura, Teodoro Fern\u00e1ndez, ubicado en el sector norte del estadio San Carlos de Apoquindo.\",\"breadcrumb\":{\"@id\":\"https:\/\/fadeu.urantiacos.cl\/en\/2021\/10\/28\/universidad-catolica-inaugura-su-nuevo-edificio-de-deportes-disenado-por-el-profesor-teodoro-fernandez\/#breadcrumb\"},\"inLanguage\":\"en-US\",\"potentialAction\":[{\"@type\":\"ReadAction\",\"target\":[\"https:\/\/fadeu.urantiacos.cl\/en\/2021\/10\/28\/universidad-catolica-inaugura-su-nuevo-edificio-de-deportes-disenado-por-el-profesor-teodoro-fernandez\/\"]}]},{\"@type\":\"ImageObject\",\"inLanguage\":\"en-US\",\"@id\":\"https:\/\/fadeu.urantiacos.cl\/en\/2021\/10\/28\/universidad-catolica-inaugura-su-nuevo-edificio-de-deportes-disenado-por-el-profesor-teodoro-fernandez\/#primaryimage\",\"url\":\"https:\/\/fadeu.urantiacos.cl\/wp-content\/uploads\/2023\/09\/WEB_Noticia_Teodoro_Fernandez_.png\",\"contentUrl\":\"https:\/\/fadeu.urantiacos.cl\/wp-content\/uploads\/2023\/09\/WEB_Noticia_Teodoro_Fernandez_.png\",\"width\":350,\"height\":250},{\"@type\":\"BreadcrumbList\",\"@id\":\"https:\/\/fadeu.urantiacos.cl\/en\/2021\/10\/28\/universidad-catolica-inaugura-su-nuevo-edificio-de-deportes-disenado-por-el-profesor-teodoro-fernandez\/#breadcrumb\",\"itemListElement\":[{\"@type\":\"ListItem\",\"position\":1,\"name\":\"Portada\",\"item\":\"https:\/\/fadeu.urantiacos.cl\/en\/\"},{\"@type\":\"ListItem\",\"position\":2,\"name\":\"Universidad Cat\u00f3lica inaugura su nuevo Edificio de Deportes dise\u00f1ado por el profesor Teodoro Fern\u00e1ndez\"}]},{\"@type\":\"WebSite\",\"@id\":\"https:\/\/fadeu.urantiacos.cl\/en\/#website\",\"url\":\"https:\/\/fadeu.urantiacos.cl\/en\/\",\"name\":\"Facultad de Arquitectura, Dise\u00f1o y Estudios Urbanos\",\"description\":\"Campus Lo Contador\",\"potentialAction\":[{\"@type\":\"SearchAction\",\"target\":{\"@type\":\"EntryPoint\",\"urlTemplate\":\"https:\/\/fadeu.urantiacos.cl\/en\/?s={search_term_string}\"},\"query-input\":{\"@type\":\"PropertyValueSpecification\",\"valueRequired\":true,\"valueName\":\"search_term_string\"}}],\"inLanguage\":\"en-US\"},{\"@type\":\"Person\",\"@id\":\"https:\/\/fadeu.urantiacos.cl\/en\/#\/schema\/person\/d203e2e84b1c40275eac77b3061a19a2\",\"name\":\"manadmin\",\"image\":{\"@type\":\"ImageObject\",\"inLanguage\":\"en-US\",\"@id\":\"https:\/\/fadeu.urantiacos.cl\/en\/#\/schema\/person\/image\/\",\"url\":\"https:\/\/secure.gravatar.com\/avatar\/4b1d8e3303b4a9d8968ac578947d8bc80d9aea359f388cdd4aac15cadc0e8447?s=96&d=mm&r=g\",\"contentUrl\":\"https:\/\/secure.gravatar.com\/avatar\/4b1d8e3303b4a9d8968ac578947d8bc80d9aea359f388cdd4aac15cadc0e8447?s=96&d=mm&r=g\",\"caption\":\"manadmin\"},\"sameAs\":[\"https:\/\/fadeu.urantiacos.cl\"]}]}<\/script>\n<!-- \/ Yoast SEO plugin. -->","yoast_head_json":{"title":"Universidad Cat\u00f3lica inaugura su nuevo Edificio de Deportes dise\u00f1ado por el profesor Teodoro Fern\u00e1ndez - Facultad de Arquitectura, Dise\u00f1o y Estudios Urbanos","description":"El pasado s\u00e1bado 26 de octubre fue inaugurado el Edifico de Deportes del Club Deportivo de la Universidad Cat\u00f3lica, dise\u00f1ado por el Premio Nacional en Arquitectura y profesor de la escuela de Arquitectura y Premio Nacional de Arquitectura, Teodoro Fern\u00e1ndez, ubicado en el sector norte del estadio San Carlos de Apoquindo.","robots":{"index":"index","follow":"follow","max-snippet":"max-snippet:-1","max-image-preview":"max-image-preview:large","max-video-preview":"max-video-preview:-1"},"canonical":"https:\/\/fadeu.urantiacos.cl\/en\/2021\/10\/28\/universidad-catolica-inaugura-su-nuevo-edificio-de-deportes-disenado-por-el-profesor-teodoro-fernandez\/","og_locale":"en_US","og_type":"article","og_title":"Universidad Cat\u00f3lica inaugura su nuevo Edificio de Deportes dise\u00f1ado por el profesor Teodoro Fern\u00e1ndez - Facultad de Arquitectura, Dise\u00f1o y Estudios Urbanos","og_description":"El pasado s\u00e1bado 26 de octubre fue inaugurado el Edifico de Deportes del Club Deportivo de la Universidad Cat\u00f3lica, dise\u00f1ado por el Premio Nacional en Arquitectura y profesor de la escuela de Arquitectura y Premio Nacional de Arquitectura, Teodoro Fern\u00e1ndez, ubicado en el sector norte del estadio San Carlos de Apoquindo.","og_url":"https:\/\/fadeu.urantiacos.cl\/en\/2021\/10\/28\/universidad-catolica-inaugura-su-nuevo-edificio-de-deportes-disenado-por-el-profesor-teodoro-fernandez\/","og_site_name":"Facultad de Arquitectura, Dise\u00f1o y Estudios Urbanos","article_published_time":"2021-10-28T13:17:00+00:00","article_modified_time":"2023-09-07T13:20:38+00:00","og_image":[{"width":350,"height":250,"url":"https:\/\/fadeu.urantiacos.cl\/wp-content\/uploads\/2023\/09\/WEB_Noticia_Teodoro_Fernandez_.png","type":"image\/png"}],"author":"manadmin","twitter_card":"summary_large_image","twitter_misc":{"Written by":"manadmin","Est. reading time":"4 minutes"},"schema":{"@context":"https:\/\/schema.org","@graph":[{"@type":"Article","@id":"https:\/\/fadeu.urantiacos.cl\/en\/2021\/10\/28\/universidad-catolica-inaugura-su-nuevo-edificio-de-deportes-disenado-por-el-profesor-teodoro-fernandez\/#article","isPartOf":{"@id":"https:\/\/fadeu.urantiacos.cl\/en\/2021\/10\/28\/universidad-catolica-inaugura-su-nuevo-edificio-de-deportes-disenado-por-el-profesor-teodoro-fernandez\/"},"author":{"name":"manadmin","@id":"https:\/\/fadeu.urantiacos.cl\/en\/#\/schema\/person\/d203e2e84b1c40275eac77b3061a19a2"},"headline":"Universidad Cat\u00f3lica inaugura su nuevo Edificio de Deportes dise\u00f1ado por el profesor Teodoro Fern\u00e1ndez","datePublished":"2021-10-28T13:17:00+00:00","dateModified":"2023-09-07T13:20:38+00:00","mainEntityOfPage":{"@id":"https:\/\/fadeu.urantiacos.cl\/en\/2021\/10\/28\/universidad-catolica-inaugura-su-nuevo-edificio-de-deportes-disenado-por-el-profesor-teodoro-fernandez\/"},"wordCount":729,"commentCount":0,"image":{"@id":"https:\/\/fadeu.urantiacos.cl\/en\/2021\/10\/28\/universidad-catolica-inaugura-su-nuevo-edificio-de-deportes-disenado-por-el-profesor-teodoro-fernandez\/#primaryimage"},"thumbnailUrl":"https:\/\/fadeu.urantiacos.cl\/wp-content\/uploads\/2023\/09\/WEB_Noticia_Teodoro_Fernandez_.png","articleSection":["Sin categorizar"],"inLanguage":"en-US","potentialAction":[{"@type":"CommentAction","name":"Comment","target":["https:\/\/fadeu.urantiacos.cl\/en\/2021\/10\/28\/universidad-catolica-inaugura-su-nuevo-edificio-de-deportes-disenado-por-el-profesor-teodoro-fernandez\/#respond"]}]},{"@type":"WebPage","@id":"https:\/\/fadeu.urantiacos.cl\/en\/2021\/10\/28\/universidad-catolica-inaugura-su-nuevo-edificio-de-deportes-disenado-por-el-profesor-teodoro-fernandez\/","url":"https:\/\/fadeu.urantiacos.cl\/en\/2021\/10\/28\/universidad-catolica-inaugura-su-nuevo-edificio-de-deportes-disenado-por-el-profesor-teodoro-fernandez\/","name":"Universidad Cat\u00f3lica inaugura su nuevo Edificio de Deportes dise\u00f1ado por el profesor Teodoro Fern\u00e1ndez - Facultad de Arquitectura, Dise\u00f1o y Estudios Urbanos","isPartOf":{"@id":"https:\/\/fadeu.urantiacos.cl\/en\/#website"},"primaryImageOfPage":{"@id":"https:\/\/fadeu.urantiacos.cl\/en\/2021\/10\/28\/universidad-catolica-inaugura-su-nuevo-edificio-de-deportes-disenado-por-el-profesor-teodoro-fernandez\/#primaryimage"},"image":{"@id":"https:\/\/fadeu.urantiacos.cl\/en\/2021\/10\/28\/universidad-catolica-inaugura-su-nuevo-edificio-de-deportes-disenado-por-el-profesor-teodoro-fernandez\/#primaryimage"},"thumbnailUrl":"https:\/\/fadeu.urantiacos.cl\/wp-content\/uploads\/2023\/09\/WEB_Noticia_Teodoro_Fernandez_.png","datePublished":"2021-10-28T13:17:00+00:00","dateModified":"2023-09-07T13:20:38+00:00","author":{"@id":"https:\/\/fadeu.urantiacos.cl\/en\/#\/schema\/person\/d203e2e84b1c40275eac77b3061a19a2"},"description":"El pasado s\u00e1bado 26 de octubre fue inaugurado el Edifico de Deportes del Club Deportivo de la Universidad Cat\u00f3lica, dise\u00f1ado por el Premio Nacional en Arquitectura y profesor de la escuela de Arquitectura y Premio Nacional de Arquitectura, Teodoro Fern\u00e1ndez, ubicado en el sector norte del estadio San Carlos de Apoquindo.","breadcrumb":{"@id":"https:\/\/fadeu.urantiacos.cl\/en\/2021\/10\/28\/universidad-catolica-inaugura-su-nuevo-edificio-de-deportes-disenado-por-el-profesor-teodoro-fernandez\/#breadcrumb"},"inLanguage":"en-US","potentialAction":[{"@type":"ReadAction","target":["https:\/\/fadeu.urantiacos.cl\/en\/2021\/10\/28\/universidad-catolica-inaugura-su-nuevo-edificio-de-deportes-disenado-por-el-profesor-teodoro-fernandez\/"]}]},{"@type":"ImageObject","inLanguage":"en-US","@id":"https:\/\/fadeu.urantiacos.cl\/en\/2021\/10\/28\/universidad-catolica-inaugura-su-nuevo-edificio-de-deportes-disenado-por-el-profesor-teodoro-fernandez\/#primaryimage","url":"https:\/\/fadeu.urantiacos.cl\/wp-content\/uploads\/2023\/09\/WEB_Noticia_Teodoro_Fernandez_.png","contentUrl":"https:\/\/fadeu.urantiacos.cl\/wp-content\/uploads\/2023\/09\/WEB_Noticia_Teodoro_Fernandez_.png","width":350,"height":250},{"@type":"BreadcrumbList","@id":"https:\/\/fadeu.urantiacos.cl\/en\/2021\/10\/28\/universidad-catolica-inaugura-su-nuevo-edificio-de-deportes-disenado-por-el-profesor-teodoro-fernandez\/#breadcrumb","itemListElement":[{"@type":"ListItem","position":1,"name":"Portada","item":"https:\/\/fadeu.urantiacos.cl\/en\/"},{"@type":"ListItem","position":2,"name":"Universidad Cat\u00f3lica inaugura su nuevo Edificio de Deportes dise\u00f1ado por el profesor Teodoro Fern\u00e1ndez"}]},{"@type":"WebSite","@id":"https:\/\/fadeu.urantiacos.cl\/en\/#website","url":"https:\/\/fadeu.urantiacos.cl\/en\/","name":"Facultad de Arquitectura, Dise\u00f1o y Estudios Urbanos","description":"Campus Lo Contador","potentialAction":[{"@type":"SearchAction","target":{"@type":"EntryPoint","urlTemplate":"https:\/\/fadeu.urantiacos.cl\/en\/?s={search_term_string}"},"query-input":{"@type":"PropertyValueSpecification","valueRequired":true,"valueName":"search_term_string"}}],"inLanguage":"en-US"},{"@type":"Person","@id":"https:\/\/fadeu.urantiacos.cl\/en\/#\/schema\/person\/d203e2e84b1c40275eac77b3061a19a2","name":"manadmin","image":{"@type":"ImageObject","inLanguage":"en-US","@id":"https:\/\/fadeu.urantiacos.cl\/en\/#\/schema\/person\/image\/","url":"https:\/\/secure.gravatar.com\/avatar\/4b1d8e3303b4a9d8968ac578947d8bc80d9aea359f388cdd4aac15cadc0e8447?s=96&d=mm&r=g","contentUrl":"https:\/\/secure.gravatar.com\/avatar\/4b1d8e3303b4a9d8968ac578947d8bc80d9aea359f388cdd4aac15cadc0e8447?s=96&d=mm&r=g","caption":"manadmin"},"sameAs":["https:\/\/fadeu.urantiacos.cl"]}]}},"_links":{"self":[{"href":"https:\/\/fadeu.urantiacos.cl\/en\/wp-json\/wp\/v2\/posts\/6039","targetHints":{"allow":["GET"]}}],"collection":[{"href":"https:\/\/fadeu.urantiacos.cl\/en\/wp-json\/wp\/v2\/posts"}],"about":[{"href":"https:\/\/fadeu.urantiacos.cl\/en\/wp-json\/wp\/v2\/types\/post"}],"author":[{"embeddable":true,"href":"https:\/\/fadeu.urantiacos.cl\/en\/wp-json\/wp\/v2\/users\/1"}],"replies":[{"embeddable":true,"href":"https:\/\/fadeu.urantiacos.cl\/en\/wp-json\/wp\/v2\/comments?post=6039"}],"version-history":[{"count":1,"href":"https:\/\/fadeu.urantiacos.cl\/en\/wp-json\/wp\/v2\/posts\/6039\/revisions"}],"predecessor-version":[{"id":6044,"href":"https:\/\/fadeu.urantiacos.cl\/en\/wp-json\/wp\/v2\/posts\/6039\/revisions\/6044"}],"wp:featuredmedia":[{"embeddable":true,"href":"https:\/\/fadeu.urantiacos.cl\/en\/wp-json\/wp\/v2\/media\/6040"}],"wp:attachment":[{"href":"https:\/\/fadeu.urantiacos.cl\/en\/wp-json\/wp\/v2\/media?parent=6039"}],"wp:term":[{"taxonomy":"category","embeddable":true,"href":"https:\/\/fadeu.urantiacos.cl\/en\/wp-json\/wp\/v2\/categories?post=6039"},{"taxonomy":"post_tag","embeddable":true,"href":"https:\/\/fadeu.urantiacos.cl\/en\/wp-json\/wp\/v2\/tags?post=6039"}],"curies":[{"name":"wp","href":"https:\/\/api.w.org\/{rel}","templated":true}]}}