{"id":5999,"date":"2021-11-07T09:55:00","date_gmt":"2021-11-07T12:55:00","guid":{"rendered":"https:\/\/fadeu.urantiacos.cl\/?p=5999"},"modified":"2023-09-07T09:57:04","modified_gmt":"2023-09-07T12:57:04","slug":"el-gobernador-metropolitano-busca-reactivar-el-proyecto-nueva-alameda-providencia","status":"publish","type":"post","link":"https:\/\/fadeu.urantiacos.cl\/en\/2021\/11\/07\/el-gobernador-metropolitano-busca-reactivar-el-proyecto-nueva-alameda-providencia\/","title":{"rendered":"El gobernador Metropolitano busca reactivar el proyecto Nueva Alameda-Providencia"},"content":{"rendered":"\n<figure class=\"wp-block-image size-full\"><img decoding=\"async\" width=\"350\" height=\"250\" src=\"https:\/\/fadeu.urantiacos.cl\/wp-content\/uploads\/2023\/09\/1444242882-lyon-bosch_web.jpg\" alt=\"\" class=\"wp-image-6000\" srcset=\"https:\/\/fadeu.urantiacos.cl\/wp-content\/uploads\/2023\/09\/1444242882-lyon-bosch_web.jpg 350w, https:\/\/fadeu.urantiacos.cl\/wp-content\/uploads\/2023\/09\/1444242882-lyon-bosch_web-300x214.jpg 300w\" sizes=\"(max-width: 350px) 100vw, 350px\" \/><\/figure>\n\n\n\n<p>El gobernador de la regi\u00f3n Metropolitana, Claudio Orrego, se reuni\u00f3 el mi\u00e9rcoles 27 de octubre con Evelyn Matthei (Providencia), Irac\u00ed Hassler (Santiago), Felipe Mu\u00f1oz (Estaci\u00f3n Central) y Maximiliano R\u00edos (Lo Prado) para retomar la iniciativa de redise\u00f1o arquitect\u00f3nico y urban\u00edstico de una de las v\u00edas m\u00e1s importantes de la ciudad, invitando tambi\u00e9n a la jornada al profesor ARQ UC Arturo Lyon en representaci\u00f3n del equipo de dise\u00f1o y a la directora ejecutiva de Casa de La Paz, encargada del proceso de participaci\u00f3n ciudadana, Mar\u00eda Eliana Arntz.<\/p>\n\n\n\n<p>El proyecto Nueva Alameda-Providencia fue el resultado de un concurso internacional que ganaron los profesores ARQ UC Arturo Lyon, Alejandra Bosch y Danilo Martic durante la intendencia de Orrego entre 2014 y 2018, iniciativa que fue desechada por la ex intendente Karla Rubilar en 2019. La noticia de su reactivaci\u00f3n por parte de Orrego, ahora en su rol de gobernador de la regi\u00f3n, gener\u00f3 inter\u00e9s de distintos medios. Entre ellos, estuvo la entrevista al profesor ARQ UC Sebasti\u00e1n Gray, quien fue invitado al programa \u201cEstaci\u00f3n Central\u201d de&nbsp;Radio Usach, a conversar sobre los efectos que tendr\u00eda el proyecto.<\/p>\n\n\n\n<p>En ese contexto, Gray destac\u00f3 el in\u00e9dito proceso de participaci\u00f3n ciudadana y el concurso internacional de arquitectura detr\u00e1s del dise\u00f1o del proyecto, refiri\u00e9ndose a la importancia real y simb\u00f3lica que tiene la avenida: \u201cNo es un lugar que pertenezca a un municipio, sino a toda la ciudad y por extensi\u00f3n, a todo el pa\u00eds\u201d. Para el profesor ARQ UC, la Alameda expresa tambi\u00e9n la desigualdad de Santiago, y que a trav\u00e9s del proyecto podr\u00eda transformarse &#8220;en un lugar que es igual de bueno para todos\u201d.<\/p>\n\n\n\n<p>Ver la noticia original del concurso en el siguiente&nbsp;<a href=\"https:\/\/www.t13.cl\/noticia\/nacional\/eligen-proyecto-ganador-renovar-eje-alameda-providencia\" target=\"_blank\" rel=\"noreferrer noopener\">link<\/a><br>Ver la noticia de la reactivaci\u00f3n del proyecto en el siguiente&nbsp;<a href=\"https:\/\/www.emol.com\/noticias\/Nacional\/2021\/10\/27\/1036633\/orrego-reunion-eje-alameda-providencia.html\" target=\"_blank\" rel=\"noreferrer noopener\">link<\/a>&nbsp;<br>Entrevista completa a Sebasti\u00e1n Gray en el siguiente&nbsp;<a href=\"https:\/\/anchor.fm\/podcast-radio-usach\/episodes\/Entrevista-Sebastin-Gray---Estacin-Central---28-10-21-e19f0hp\/a-a6pomlv\" target=\"_blank\" rel=\"noreferrer noopener\">link<\/a>&nbsp;<\/p>\n\n\n\n<p>Noticias<br>Contacto:&nbsp;<a href=\"mailto:redesarq@uc.cl\">redesarq@uc.cl<\/a>&nbsp;| +56 2 2354 7747<br>www.arquitectura.uc.cl&nbsp;<\/p>\n","protected":false},"excerpt":{"rendered":"<p>Claudio Orrego se reuni\u00f3 con los alcaldes y alcaldesas de las comunas de Providencia, Santiago, Estaci\u00f3n Central y Lo Prado para abordar la posibilidad de retomar el proyecto \u2014dise\u00f1ado por los profesores ARQ UC Arturo Lyon, Alejandra Bosch y Danilo Martic\u2014 que renovar\u00e1 la arteria p\u00fablica m\u00e1s relevante de Santiago. <\/p>\n","protected":false},"author":1,"featured_media":6000,"comment_status":"open","ping_status":"open","sticky":false,"template":"","format":"standard","meta":{"_acf_changed":false,"footnotes":""},"categories":[1],"tags":[],"class_list":["post-5999","post","type-post","status-publish","format-standard","has-post-thumbnail","hentry","category-sin-categorizar"],"acf":[],"yoast_head":"<!-- This site is optimized with the Yoast SEO plugin v27.1.1 - https:\/\/yoast.com\/product\/yoast-seo-wordpress\/ -->\n<title>El gobernador Metropolitano busca reactivar el proyecto Nueva Alameda-Providencia - Facultad de Arquitectura, Dise\u00f1o y Estudios Urbanos<\/title>\n<meta name=\"description\" content=\"Claudio Orrego se reuni\u00f3 con los alcaldes y alcaldesas de las comunas de Providencia, Santiago, Estaci\u00f3n Central y Lo Prado para abordar la posibilidad de retomar el proyecto \u2014dise\u00f1ado por los profesores ARQ UC Arturo Lyon, Alejandra Bosch y Danilo Martic\u2014 que renovar\u00e1 la arteria p\u00fablica m\u00e1s relevante de Santiago.\" \/>\n<meta name=\"robots\" content=\"index, follow, max-snippet:-1, max-image-preview:large, max-video-preview:-1\" \/>\n<link rel=\"canonical\" href=\"https:\/\/fadeu.urantiacos.cl\/en\/2021\/11\/07\/el-gobernador-metropolitano-busca-reactivar-el-proyecto-nueva-alameda-providencia\/\" \/>\n<meta property=\"og:locale\" content=\"en_US\" \/>\n<meta property=\"og:type\" content=\"article\" \/>\n<meta property=\"og:title\" content=\"El gobernador Metropolitano busca reactivar el proyecto Nueva Alameda-Providencia - Facultad de Arquitectura, Dise\u00f1o y Estudios Urbanos\" \/>\n<meta property=\"og:description\" content=\"Claudio Orrego se reuni\u00f3 con los alcaldes y alcaldesas de las comunas de Providencia, Santiago, Estaci\u00f3n Central y Lo Prado para abordar la posibilidad de retomar el proyecto \u2014dise\u00f1ado por los profesores ARQ UC Arturo Lyon, Alejandra Bosch y Danilo Martic\u2014 que renovar\u00e1 la arteria p\u00fablica m\u00e1s relevante de Santiago.\" \/>\n<meta property=\"og:url\" content=\"https:\/\/fadeu.urantiacos.cl\/en\/2021\/11\/07\/el-gobernador-metropolitano-busca-reactivar-el-proyecto-nueva-alameda-providencia\/\" \/>\n<meta property=\"og:site_name\" content=\"Facultad de Arquitectura, Dise\u00f1o y Estudios Urbanos\" \/>\n<meta property=\"article:published_time\" content=\"2021-11-07T12:55:00+00:00\" \/>\n<meta property=\"article:modified_time\" content=\"2023-09-07T12:57:04+00:00\" \/>\n<meta property=\"og:image\" content=\"https:\/\/fadeu.urantiacos.cl\/wp-content\/uploads\/2023\/09\/1444242882-lyon-bosch_web.jpg\" \/>\n\t<meta property=\"og:image:width\" content=\"350\" \/>\n\t<meta property=\"og:image:height\" content=\"250\" \/>\n\t<meta property=\"og:image:type\" content=\"image\/jpeg\" \/>\n<meta name=\"author\" content=\"manadmin\" \/>\n<meta name=\"twitter:card\" content=\"summary_large_image\" \/>\n<meta name=\"twitter:label1\" content=\"Written by\" \/>\n\t<meta name=\"twitter:data1\" content=\"manadmin\" \/>\n\t<meta name=\"twitter:label2\" content=\"Est. reading time\" \/>\n\t<meta name=\"twitter:data2\" content=\"2 minutes\" \/>\n<script type=\"application\/ld+json\" class=\"yoast-schema-graph\">{\"@context\":\"https:\/\/schema.org\",\"@graph\":[{\"@type\":\"Article\",\"@id\":\"https:\/\/fadeu.urantiacos.cl\/en\/2021\/11\/07\/el-gobernador-metropolitano-busca-reactivar-el-proyecto-nueva-alameda-providencia\/#article\",\"isPartOf\":{\"@id\":\"https:\/\/fadeu.urantiacos.cl\/en\/2021\/11\/07\/el-gobernador-metropolitano-busca-reactivar-el-proyecto-nueva-alameda-providencia\/\"},\"author\":{\"name\":\"manadmin\",\"@id\":\"https:\/\/fadeu.urantiacos.cl\/en\/#\/schema\/person\/d203e2e84b1c40275eac77b3061a19a2\"},\"headline\":\"El gobernador Metropolitano busca reactivar el proyecto Nueva Alameda-Providencia\",\"datePublished\":\"2021-11-07T12:55:00+00:00\",\"dateModified\":\"2023-09-07T12:57:04+00:00\",\"mainEntityOfPage\":{\"@id\":\"https:\/\/fadeu.urantiacos.cl\/en\/2021\/11\/07\/el-gobernador-metropolitano-busca-reactivar-el-proyecto-nueva-alameda-providencia\/\"},\"wordCount\":356,\"commentCount\":0,\"image\":{\"@id\":\"https:\/\/fadeu.urantiacos.cl\/en\/2021\/11\/07\/el-gobernador-metropolitano-busca-reactivar-el-proyecto-nueva-alameda-providencia\/#primaryimage\"},\"thumbnailUrl\":\"https:\/\/fadeu.urantiacos.cl\/wp-content\/uploads\/2023\/09\/1444242882-lyon-bosch_web.jpg\",\"articleSection\":[\"Sin categorizar\"],\"inLanguage\":\"en-US\",\"potentialAction\":[{\"@type\":\"CommentAction\",\"name\":\"Comment\",\"target\":[\"https:\/\/fadeu.urantiacos.cl\/en\/2021\/11\/07\/el-gobernador-metropolitano-busca-reactivar-el-proyecto-nueva-alameda-providencia\/#respond\"]}]},{\"@type\":\"WebPage\",\"@id\":\"https:\/\/fadeu.urantiacos.cl\/en\/2021\/11\/07\/el-gobernador-metropolitano-busca-reactivar-el-proyecto-nueva-alameda-providencia\/\",\"url\":\"https:\/\/fadeu.urantiacos.cl\/en\/2021\/11\/07\/el-gobernador-metropolitano-busca-reactivar-el-proyecto-nueva-alameda-providencia\/\",\"name\":\"El gobernador Metropolitano busca reactivar el proyecto Nueva Alameda-Providencia - Facultad de Arquitectura, Dise\u00f1o y Estudios Urbanos\",\"isPartOf\":{\"@id\":\"https:\/\/fadeu.urantiacos.cl\/en\/#website\"},\"primaryImageOfPage\":{\"@id\":\"https:\/\/fadeu.urantiacos.cl\/en\/2021\/11\/07\/el-gobernador-metropolitano-busca-reactivar-el-proyecto-nueva-alameda-providencia\/#primaryimage\"},\"image\":{\"@id\":\"https:\/\/fadeu.urantiacos.cl\/en\/2021\/11\/07\/el-gobernador-metropolitano-busca-reactivar-el-proyecto-nueva-alameda-providencia\/#primaryimage\"},\"thumbnailUrl\":\"https:\/\/fadeu.urantiacos.cl\/wp-content\/uploads\/2023\/09\/1444242882-lyon-bosch_web.jpg\",\"datePublished\":\"2021-11-07T12:55:00+00:00\",\"dateModified\":\"2023-09-07T12:57:04+00:00\",\"author\":{\"@id\":\"https:\/\/fadeu.urantiacos.cl\/en\/#\/schema\/person\/d203e2e84b1c40275eac77b3061a19a2\"},\"description\":\"Claudio Orrego se reuni\u00f3 con los alcaldes y alcaldesas de las comunas de Providencia, Santiago, Estaci\u00f3n Central y Lo Prado para abordar la posibilidad de retomar el proyecto \u2014dise\u00f1ado por los profesores ARQ UC Arturo Lyon, Alejandra Bosch y Danilo Martic\u2014 que renovar\u00e1 la arteria p\u00fablica m\u00e1s relevante de Santiago.\",\"breadcrumb\":{\"@id\":\"https:\/\/fadeu.urantiacos.cl\/en\/2021\/11\/07\/el-gobernador-metropolitano-busca-reactivar-el-proyecto-nueva-alameda-providencia\/#breadcrumb\"},\"inLanguage\":\"en-US\",\"potentialAction\":[{\"@type\":\"ReadAction\",\"target\":[\"https:\/\/fadeu.urantiacos.cl\/en\/2021\/11\/07\/el-gobernador-metropolitano-busca-reactivar-el-proyecto-nueva-alameda-providencia\/\"]}]},{\"@type\":\"ImageObject\",\"inLanguage\":\"en-US\",\"@id\":\"https:\/\/fadeu.urantiacos.cl\/en\/2021\/11\/07\/el-gobernador-metropolitano-busca-reactivar-el-proyecto-nueva-alameda-providencia\/#primaryimage\",\"url\":\"https:\/\/fadeu.urantiacos.cl\/wp-content\/uploads\/2023\/09\/1444242882-lyon-bosch_web.jpg\",\"contentUrl\":\"https:\/\/fadeu.urantiacos.cl\/wp-content\/uploads\/2023\/09\/1444242882-lyon-bosch_web.jpg\",\"width\":350,\"height\":250},{\"@type\":\"BreadcrumbList\",\"@id\":\"https:\/\/fadeu.urantiacos.cl\/en\/2021\/11\/07\/el-gobernador-metropolitano-busca-reactivar-el-proyecto-nueva-alameda-providencia\/#breadcrumb\",\"itemListElement\":[{\"@type\":\"ListItem\",\"position\":1,\"name\":\"Portada\",\"item\":\"https:\/\/fadeu.urantiacos.cl\/en\/\"},{\"@type\":\"ListItem\",\"position\":2,\"name\":\"El gobernador Metropolitano busca reactivar el proyecto Nueva Alameda-Providencia\"}]},{\"@type\":\"WebSite\",\"@id\":\"https:\/\/fadeu.urantiacos.cl\/en\/#website\",\"url\":\"https:\/\/fadeu.urantiacos.cl\/en\/\",\"name\":\"Facultad de Arquitectura, Dise\u00f1o y Estudios Urbanos\",\"description\":\"Campus Lo Contador\",\"potentialAction\":[{\"@type\":\"SearchAction\",\"target\":{\"@type\":\"EntryPoint\",\"urlTemplate\":\"https:\/\/fadeu.urantiacos.cl\/en\/?s={search_term_string}\"},\"query-input\":{\"@type\":\"PropertyValueSpecification\",\"valueRequired\":true,\"valueName\":\"search_term_string\"}}],\"inLanguage\":\"en-US\"},{\"@type\":\"Person\",\"@id\":\"https:\/\/fadeu.urantiacos.cl\/en\/#\/schema\/person\/d203e2e84b1c40275eac77b3061a19a2\",\"name\":\"manadmin\",\"image\":{\"@type\":\"ImageObject\",\"inLanguage\":\"en-US\",\"@id\":\"https:\/\/fadeu.urantiacos.cl\/en\/#\/schema\/person\/image\/\",\"url\":\"https:\/\/secure.gravatar.com\/avatar\/4b1d8e3303b4a9d8968ac578947d8bc80d9aea359f388cdd4aac15cadc0e8447?s=96&d=mm&r=g\",\"contentUrl\":\"https:\/\/secure.gravatar.com\/avatar\/4b1d8e3303b4a9d8968ac578947d8bc80d9aea359f388cdd4aac15cadc0e8447?s=96&d=mm&r=g\",\"caption\":\"manadmin\"},\"sameAs\":[\"https:\/\/fadeu.urantiacos.cl\"]}]}<\/script>\n<!-- \/ Yoast SEO plugin. -->","yoast_head_json":{"title":"El gobernador Metropolitano busca reactivar el proyecto Nueva Alameda-Providencia - Facultad de Arquitectura, Dise\u00f1o y Estudios Urbanos","description":"Claudio Orrego se reuni\u00f3 con los alcaldes y alcaldesas de las comunas de Providencia, Santiago, Estaci\u00f3n Central y Lo Prado para abordar la posibilidad de retomar el proyecto \u2014dise\u00f1ado por los profesores ARQ UC Arturo Lyon, Alejandra Bosch y Danilo Martic\u2014 que renovar\u00e1 la arteria p\u00fablica m\u00e1s relevante de Santiago.","robots":{"index":"index","follow":"follow","max-snippet":"max-snippet:-1","max-image-preview":"max-image-preview:large","max-video-preview":"max-video-preview:-1"},"canonical":"https:\/\/fadeu.urantiacos.cl\/en\/2021\/11\/07\/el-gobernador-metropolitano-busca-reactivar-el-proyecto-nueva-alameda-providencia\/","og_locale":"en_US","og_type":"article","og_title":"El gobernador Metropolitano busca reactivar el proyecto Nueva Alameda-Providencia - Facultad de Arquitectura, Dise\u00f1o y Estudios Urbanos","og_description":"Claudio Orrego se reuni\u00f3 con los alcaldes y alcaldesas de las comunas de Providencia, Santiago, Estaci\u00f3n Central y Lo Prado para abordar la posibilidad de retomar el proyecto \u2014dise\u00f1ado por los profesores ARQ UC Arturo Lyon, Alejandra Bosch y Danilo Martic\u2014 que renovar\u00e1 la arteria p\u00fablica m\u00e1s relevante de Santiago.","og_url":"https:\/\/fadeu.urantiacos.cl\/en\/2021\/11\/07\/el-gobernador-metropolitano-busca-reactivar-el-proyecto-nueva-alameda-providencia\/","og_site_name":"Facultad de Arquitectura, Dise\u00f1o y Estudios Urbanos","article_published_time":"2021-11-07T12:55:00+00:00","article_modified_time":"2023-09-07T12:57:04+00:00","og_image":[{"width":350,"height":250,"url":"https:\/\/fadeu.urantiacos.cl\/wp-content\/uploads\/2023\/09\/1444242882-lyon-bosch_web.jpg","type":"image\/jpeg"}],"author":"manadmin","twitter_card":"summary_large_image","twitter_misc":{"Written by":"manadmin","Est. reading time":"2 minutes"},"schema":{"@context":"https:\/\/schema.org","@graph":[{"@type":"Article","@id":"https:\/\/fadeu.urantiacos.cl\/en\/2021\/11\/07\/el-gobernador-metropolitano-busca-reactivar-el-proyecto-nueva-alameda-providencia\/#article","isPartOf":{"@id":"https:\/\/fadeu.urantiacos.cl\/en\/2021\/11\/07\/el-gobernador-metropolitano-busca-reactivar-el-proyecto-nueva-alameda-providencia\/"},"author":{"name":"manadmin","@id":"https:\/\/fadeu.urantiacos.cl\/en\/#\/schema\/person\/d203e2e84b1c40275eac77b3061a19a2"},"headline":"El gobernador Metropolitano busca reactivar el proyecto Nueva Alameda-Providencia","datePublished":"2021-11-07T12:55:00+00:00","dateModified":"2023-09-07T12:57:04+00:00","mainEntityOfPage":{"@id":"https:\/\/fadeu.urantiacos.cl\/en\/2021\/11\/07\/el-gobernador-metropolitano-busca-reactivar-el-proyecto-nueva-alameda-providencia\/"},"wordCount":356,"commentCount":0,"image":{"@id":"https:\/\/fadeu.urantiacos.cl\/en\/2021\/11\/07\/el-gobernador-metropolitano-busca-reactivar-el-proyecto-nueva-alameda-providencia\/#primaryimage"},"thumbnailUrl":"https:\/\/fadeu.urantiacos.cl\/wp-content\/uploads\/2023\/09\/1444242882-lyon-bosch_web.jpg","articleSection":["Sin categorizar"],"inLanguage":"en-US","potentialAction":[{"@type":"CommentAction","name":"Comment","target":["https:\/\/fadeu.urantiacos.cl\/en\/2021\/11\/07\/el-gobernador-metropolitano-busca-reactivar-el-proyecto-nueva-alameda-providencia\/#respond"]}]},{"@type":"WebPage","@id":"https:\/\/fadeu.urantiacos.cl\/en\/2021\/11\/07\/el-gobernador-metropolitano-busca-reactivar-el-proyecto-nueva-alameda-providencia\/","url":"https:\/\/fadeu.urantiacos.cl\/en\/2021\/11\/07\/el-gobernador-metropolitano-busca-reactivar-el-proyecto-nueva-alameda-providencia\/","name":"El gobernador Metropolitano busca reactivar el proyecto Nueva Alameda-Providencia - Facultad de Arquitectura, Dise\u00f1o y Estudios Urbanos","isPartOf":{"@id":"https:\/\/fadeu.urantiacos.cl\/en\/#website"},"primaryImageOfPage":{"@id":"https:\/\/fadeu.urantiacos.cl\/en\/2021\/11\/07\/el-gobernador-metropolitano-busca-reactivar-el-proyecto-nueva-alameda-providencia\/#primaryimage"},"image":{"@id":"https:\/\/fadeu.urantiacos.cl\/en\/2021\/11\/07\/el-gobernador-metropolitano-busca-reactivar-el-proyecto-nueva-alameda-providencia\/#primaryimage"},"thumbnailUrl":"https:\/\/fadeu.urantiacos.cl\/wp-content\/uploads\/2023\/09\/1444242882-lyon-bosch_web.jpg","datePublished":"2021-11-07T12:55:00+00:00","dateModified":"2023-09-07T12:57:04+00:00","author":{"@id":"https:\/\/fadeu.urantiacos.cl\/en\/#\/schema\/person\/d203e2e84b1c40275eac77b3061a19a2"},"description":"Claudio Orrego se reuni\u00f3 con los alcaldes y alcaldesas de las comunas de Providencia, Santiago, Estaci\u00f3n Central y Lo Prado para abordar la posibilidad de retomar el proyecto \u2014dise\u00f1ado por los profesores ARQ UC Arturo Lyon, Alejandra Bosch y Danilo Martic\u2014 que renovar\u00e1 la arteria p\u00fablica m\u00e1s relevante de Santiago.","breadcrumb":{"@id":"https:\/\/fadeu.urantiacos.cl\/en\/2021\/11\/07\/el-gobernador-metropolitano-busca-reactivar-el-proyecto-nueva-alameda-providencia\/#breadcrumb"},"inLanguage":"en-US","potentialAction":[{"@type":"ReadAction","target":["https:\/\/fadeu.urantiacos.cl\/en\/2021\/11\/07\/el-gobernador-metropolitano-busca-reactivar-el-proyecto-nueva-alameda-providencia\/"]}]},{"@type":"ImageObject","inLanguage":"en-US","@id":"https:\/\/fadeu.urantiacos.cl\/en\/2021\/11\/07\/el-gobernador-metropolitano-busca-reactivar-el-proyecto-nueva-alameda-providencia\/#primaryimage","url":"https:\/\/fadeu.urantiacos.cl\/wp-content\/uploads\/2023\/09\/1444242882-lyon-bosch_web.jpg","contentUrl":"https:\/\/fadeu.urantiacos.cl\/wp-content\/uploads\/2023\/09\/1444242882-lyon-bosch_web.jpg","width":350,"height":250},{"@type":"BreadcrumbList","@id":"https:\/\/fadeu.urantiacos.cl\/en\/2021\/11\/07\/el-gobernador-metropolitano-busca-reactivar-el-proyecto-nueva-alameda-providencia\/#breadcrumb","itemListElement":[{"@type":"ListItem","position":1,"name":"Portada","item":"https:\/\/fadeu.urantiacos.cl\/en\/"},{"@type":"ListItem","position":2,"name":"El gobernador Metropolitano busca reactivar el proyecto Nueva Alameda-Providencia"}]},{"@type":"WebSite","@id":"https:\/\/fadeu.urantiacos.cl\/en\/#website","url":"https:\/\/fadeu.urantiacos.cl\/en\/","name":"Facultad de Arquitectura, Dise\u00f1o y Estudios Urbanos","description":"Campus Lo Contador","potentialAction":[{"@type":"SearchAction","target":{"@type":"EntryPoint","urlTemplate":"https:\/\/fadeu.urantiacos.cl\/en\/?s={search_term_string}"},"query-input":{"@type":"PropertyValueSpecification","valueRequired":true,"valueName":"search_term_string"}}],"inLanguage":"en-US"},{"@type":"Person","@id":"https:\/\/fadeu.urantiacos.cl\/en\/#\/schema\/person\/d203e2e84b1c40275eac77b3061a19a2","name":"manadmin","image":{"@type":"ImageObject","inLanguage":"en-US","@id":"https:\/\/fadeu.urantiacos.cl\/en\/#\/schema\/person\/image\/","url":"https:\/\/secure.gravatar.com\/avatar\/4b1d8e3303b4a9d8968ac578947d8bc80d9aea359f388cdd4aac15cadc0e8447?s=96&d=mm&r=g","contentUrl":"https:\/\/secure.gravatar.com\/avatar\/4b1d8e3303b4a9d8968ac578947d8bc80d9aea359f388cdd4aac15cadc0e8447?s=96&d=mm&r=g","caption":"manadmin"},"sameAs":["https:\/\/fadeu.urantiacos.cl"]}]}},"_links":{"self":[{"href":"https:\/\/fadeu.urantiacos.cl\/en\/wp-json\/wp\/v2\/posts\/5999","targetHints":{"allow":["GET"]}}],"collection":[{"href":"https:\/\/fadeu.urantiacos.cl\/en\/wp-json\/wp\/v2\/posts"}],"about":[{"href":"https:\/\/fadeu.urantiacos.cl\/en\/wp-json\/wp\/v2\/types\/post"}],"author":[{"embeddable":true,"href":"https:\/\/fadeu.urantiacos.cl\/en\/wp-json\/wp\/v2\/users\/1"}],"replies":[{"embeddable":true,"href":"https:\/\/fadeu.urantiacos.cl\/en\/wp-json\/wp\/v2\/comments?post=5999"}],"version-history":[{"count":1,"href":"https:\/\/fadeu.urantiacos.cl\/en\/wp-json\/wp\/v2\/posts\/5999\/revisions"}],"predecessor-version":[{"id":6001,"href":"https:\/\/fadeu.urantiacos.cl\/en\/wp-json\/wp\/v2\/posts\/5999\/revisions\/6001"}],"wp:featuredmedia":[{"embeddable":true,"href":"https:\/\/fadeu.urantiacos.cl\/en\/wp-json\/wp\/v2\/media\/6000"}],"wp:attachment":[{"href":"https:\/\/fadeu.urantiacos.cl\/en\/wp-json\/wp\/v2\/media?parent=5999"}],"wp:term":[{"taxonomy":"category","embeddable":true,"href":"https:\/\/fadeu.urantiacos.cl\/en\/wp-json\/wp\/v2\/categories?post=5999"},{"taxonomy":"post_tag","embeddable":true,"href":"https:\/\/fadeu.urantiacos.cl\/en\/wp-json\/wp\/v2\/tags?post=5999"}],"curies":[{"name":"wp","href":"https:\/\/api.w.org\/{rel}","templated":true}]}}