{"id":5980,"date":"2021-11-08T09:44:00","date_gmt":"2021-11-08T12:44:00","guid":{"rendered":"https:\/\/fadeu.urantiacos.cl\/?p=5980"},"modified":"2023-09-07T09:46:50","modified_gmt":"2023-09-07T12:46:50","slug":"lo-contador-que-hacer-si-das-positivo-a-covid-19-o-si-presentas-sintomas-asociados-a-la-enfermedad","status":"publish","type":"post","link":"https:\/\/fadeu.urantiacos.cl\/en\/2021\/11\/08\/lo-contador-que-hacer-si-das-positivo-a-covid-19-o-si-presentas-sintomas-asociados-a-la-enfermedad\/","title":{"rendered":"Lo Contador: \u00bfQu\u00e9 hacer si das positivo a COVID-19 o si presentas s\u00edntomas asociados a la enfermedad?"},"content":{"rendered":"\n<figure class=\"wp-block-image size-full\"><img decoding=\"async\" width=\"350\" height=\"250\" src=\"https:\/\/fadeu.urantiacos.cl\/wp-content\/uploads\/2023\/09\/web_coronavirus-02.png\" alt=\"\" class=\"wp-image-5981\" srcset=\"https:\/\/fadeu.urantiacos.cl\/wp-content\/uploads\/2023\/09\/web_coronavirus-02.png 350w, https:\/\/fadeu.urantiacos.cl\/wp-content\/uploads\/2023\/09\/web_coronavirus-02-300x214.png 300w\" sizes=\"(max-width: 350px) 100vw, 350px\" \/><\/figure>\n\n\n\n<p>En este escenario, es imprescindible doblar los esfuerzos en cuanto a las medidas de autocuidado y estar atentos a posibles manifestaciones de la enfermedad para seguir el protocolo correspondiente dentro del Campus Lo Contador.<\/p>\n\n\n\n<p>Toda persona que presente s\u00edntomas como fiebre mayor a 37,8 grados, dificultad respiratoria, p\u00e9rdida abrupta de los sentidos del gusto y el olfato, dolor corporal, malestar general, dolores de cabeza y otros, o haya sido confirmado de COVID a trav\u00e9s de PCR positivo, debe informar a la enfermer\u00eda del Campus Lo Contador (anexo 5000 o desde celulares al 223545000), o a trav\u00e9s de correo electr\u00f3nico en d\u00eda\/horario h\u00e1bil a&nbsp;<a href=\"mailto:enfermerascampus@uc.cl\">enfermerascampus@uc.cl<\/a><\/p>\n\n\n\n<p>No es prudente, tampoco responsable, asistir a trabajar al campus haciendo caso omiso a s\u00edntomas que pudiesen acusar un cuadro de COVID-19, porque no solo se expone la salud personal sino, adem\u00e1s, la salud de todos quienes comparten espacios comunes, oficinas, sales de clase, talleres y otros espacios.<\/p>\n\n\n\n<p>Para mayor claridad dejamos imagen referente sobre quienes son contactos estrechos, en caso de haber estado con alguien que posee la enfermedad. Por \u00faltimo, el llamado es a llenar de manera consiente y responsable el formulario de tamizaje diario, respondiendo de manera honesta al cuestionario.<\/p>\n\n\n\n<p>Para conocer m\u00e1s informaci\u00f3n acerca del plan Paso a Paso que ha implementado la UC en sus campus, puedes visitar el siguiente link:&nbsp;<a href=\"https:\/\/www.uc.cl\/uc-contra-el-coronavirus\/paso-a-paso-uc\/\">https:\/\/www.uc.cl\/uc-contra-el-coronavirus\/paso-a-paso-uc\/<\/a><a href=\"https:\/\/www.uc.cl\/uc-contra-el-coronavirus\/paso-a-paso-uc\/\"><\/a><\/p>\n\n\n\n<figure class=\"wp-block-image size-full\"><img decoding=\"async\" width=\"601\" height=\"657\" src=\"https:\/\/fadeu.urantiacos.cl\/wp-content\/uploads\/2023\/09\/Que_es_contacto_estrecho.png\" alt=\"\" class=\"wp-image-5982\" srcset=\"https:\/\/fadeu.urantiacos.cl\/wp-content\/uploads\/2023\/09\/Que_es_contacto_estrecho.png 601w, https:\/\/fadeu.urantiacos.cl\/wp-content\/uploads\/2023\/09\/Que_es_contacto_estrecho-274x300.png 274w\" sizes=\"(max-width: 601px) 100vw, 601px\" \/><\/figure>\n","protected":false},"excerpt":{"rendered":"<p>Ante el incremento exponencial de casos de COVID-19 y el aumento en la tasa de positividad en el pa\u00eds durante las \u00faltimas semanas, la Universidad Cat\u00f3lica ha intensificado las medidas de seguridad al interior de sus campus y ha hecho un llamado a proceder de manera responsable para todos aquellos que sean positivos a la enfermedad (confirmado v\u00eda Test PCR) o que tengan fundadas sospechas de ser contacto estrecho o de estar desarrollando s\u00edntomas asociados al Coronavirus.<\/p>\n","protected":false},"author":1,"featured_media":5981,"comment_status":"open","ping_status":"open","sticky":false,"template":"","format":"standard","meta":{"_acf_changed":false,"footnotes":""},"categories":[1],"tags":[],"class_list":["post-5980","post","type-post","status-publish","format-standard","has-post-thumbnail","hentry","category-sin-categorizar"],"acf":[],"yoast_head":"<!-- This site is optimized with the Yoast SEO plugin v27.1.1 - https:\/\/yoast.com\/product\/yoast-seo-wordpress\/ -->\n<title>Lo Contador: \u00bfQu\u00e9 hacer si das positivo a COVID-19 o si presentas s\u00edntomas asociados a la enfermedad? - Facultad de Arquitectura, Dise\u00f1o y Estudios Urbanos<\/title>\n<meta name=\"description\" content=\"Ante el incremento exponencial de casos de COVID-19 y el aumento en la tasa de positividad en el pa\u00eds durante las \u00faltimas semanas, la Universidad Cat\u00f3lica ha intensificado las medidas de seguridad al interior de sus campus y ha hecho un llamado a proceder de manera responsable para todos aquellos que sean positivos a la enfermedad (confirmado v\u00eda Test PCR) o que tengan fundadas sospechas de ser contacto estrecho o de estar desarrollando s\u00edntomas asociados al Coronavirus.\" \/>\n<meta name=\"robots\" content=\"index, follow, max-snippet:-1, max-image-preview:large, max-video-preview:-1\" \/>\n<link rel=\"canonical\" href=\"https:\/\/fadeu.urantiacos.cl\/en\/2021\/11\/08\/lo-contador-que-hacer-si-das-positivo-a-covid-19-o-si-presentas-sintomas-asociados-a-la-enfermedad\/\" \/>\n<meta property=\"og:locale\" content=\"en_US\" \/>\n<meta property=\"og:type\" content=\"article\" \/>\n<meta property=\"og:title\" content=\"Lo Contador: \u00bfQu\u00e9 hacer si das positivo a COVID-19 o si presentas s\u00edntomas asociados a la enfermedad? - Facultad de Arquitectura, Dise\u00f1o y Estudios Urbanos\" \/>\n<meta property=\"og:description\" content=\"Ante el incremento exponencial de casos de COVID-19 y el aumento en la tasa de positividad en el pa\u00eds durante las \u00faltimas semanas, la Universidad Cat\u00f3lica ha intensificado las medidas de seguridad al interior de sus campus y ha hecho un llamado a proceder de manera responsable para todos aquellos que sean positivos a la enfermedad (confirmado v\u00eda Test PCR) o que tengan fundadas sospechas de ser contacto estrecho o de estar desarrollando s\u00edntomas asociados al Coronavirus.\" \/>\n<meta property=\"og:url\" content=\"https:\/\/fadeu.urantiacos.cl\/en\/2021\/11\/08\/lo-contador-que-hacer-si-das-positivo-a-covid-19-o-si-presentas-sintomas-asociados-a-la-enfermedad\/\" \/>\n<meta property=\"og:site_name\" content=\"Facultad de Arquitectura, Dise\u00f1o y Estudios Urbanos\" \/>\n<meta property=\"article:published_time\" content=\"2021-11-08T12:44:00+00:00\" \/>\n<meta property=\"article:modified_time\" content=\"2023-09-07T12:46:50+00:00\" \/>\n<meta property=\"og:image\" content=\"https:\/\/fadeu.urantiacos.cl\/wp-content\/uploads\/2023\/09\/web_coronavirus-02.png\" \/>\n\t<meta property=\"og:image:width\" content=\"350\" \/>\n\t<meta property=\"og:image:height\" content=\"250\" \/>\n\t<meta property=\"og:image:type\" content=\"image\/png\" \/>\n<meta name=\"author\" content=\"manadmin\" \/>\n<meta name=\"twitter:card\" content=\"summary_large_image\" \/>\n<meta name=\"twitter:label1\" content=\"Written by\" \/>\n\t<meta name=\"twitter:data1\" content=\"manadmin\" \/>\n\t<meta name=\"twitter:label2\" content=\"Est. reading time\" \/>\n\t<meta name=\"twitter:data2\" content=\"1 minute\" \/>\n<script type=\"application\/ld+json\" class=\"yoast-schema-graph\">{\"@context\":\"https:\/\/schema.org\",\"@graph\":[{\"@type\":\"Article\",\"@id\":\"https:\/\/fadeu.urantiacos.cl\/en\/2021\/11\/08\/lo-contador-que-hacer-si-das-positivo-a-covid-19-o-si-presentas-sintomas-asociados-a-la-enfermedad\/#article\",\"isPartOf\":{\"@id\":\"https:\/\/fadeu.urantiacos.cl\/en\/2021\/11\/08\/lo-contador-que-hacer-si-das-positivo-a-covid-19-o-si-presentas-sintomas-asociados-a-la-enfermedad\/\"},\"author\":{\"name\":\"manadmin\",\"@id\":\"https:\/\/fadeu.urantiacos.cl\/en\/#\/schema\/person\/d203e2e84b1c40275eac77b3061a19a2\"},\"headline\":\"Lo Contador: \u00bfQu\u00e9 hacer si das positivo a COVID-19 o si presentas s\u00edntomas asociados a la enfermedad?\",\"datePublished\":\"2021-11-08T12:44:00+00:00\",\"dateModified\":\"2023-09-07T12:46:50+00:00\",\"mainEntityOfPage\":{\"@id\":\"https:\/\/fadeu.urantiacos.cl\/en\/2021\/11\/08\/lo-contador-que-hacer-si-das-positivo-a-covid-19-o-si-presentas-sintomas-asociados-a-la-enfermedad\/\"},\"wordCount\":258,\"commentCount\":0,\"image\":{\"@id\":\"https:\/\/fadeu.urantiacos.cl\/en\/2021\/11\/08\/lo-contador-que-hacer-si-das-positivo-a-covid-19-o-si-presentas-sintomas-asociados-a-la-enfermedad\/#primaryimage\"},\"thumbnailUrl\":\"https:\/\/fadeu.urantiacos.cl\/wp-content\/uploads\/2023\/09\/web_coronavirus-02.png\",\"articleSection\":[\"Sin categorizar\"],\"inLanguage\":\"en-US\",\"potentialAction\":[{\"@type\":\"CommentAction\",\"name\":\"Comment\",\"target\":[\"https:\/\/fadeu.urantiacos.cl\/en\/2021\/11\/08\/lo-contador-que-hacer-si-das-positivo-a-covid-19-o-si-presentas-sintomas-asociados-a-la-enfermedad\/#respond\"]}]},{\"@type\":\"WebPage\",\"@id\":\"https:\/\/fadeu.urantiacos.cl\/en\/2021\/11\/08\/lo-contador-que-hacer-si-das-positivo-a-covid-19-o-si-presentas-sintomas-asociados-a-la-enfermedad\/\",\"url\":\"https:\/\/fadeu.urantiacos.cl\/en\/2021\/11\/08\/lo-contador-que-hacer-si-das-positivo-a-covid-19-o-si-presentas-sintomas-asociados-a-la-enfermedad\/\",\"name\":\"Lo Contador: \u00bfQu\u00e9 hacer si das positivo a COVID-19 o si presentas s\u00edntomas asociados a la enfermedad? - Facultad de Arquitectura, Dise\u00f1o y Estudios Urbanos\",\"isPartOf\":{\"@id\":\"https:\/\/fadeu.urantiacos.cl\/en\/#website\"},\"primaryImageOfPage\":{\"@id\":\"https:\/\/fadeu.urantiacos.cl\/en\/2021\/11\/08\/lo-contador-que-hacer-si-das-positivo-a-covid-19-o-si-presentas-sintomas-asociados-a-la-enfermedad\/#primaryimage\"},\"image\":{\"@id\":\"https:\/\/fadeu.urantiacos.cl\/en\/2021\/11\/08\/lo-contador-que-hacer-si-das-positivo-a-covid-19-o-si-presentas-sintomas-asociados-a-la-enfermedad\/#primaryimage\"},\"thumbnailUrl\":\"https:\/\/fadeu.urantiacos.cl\/wp-content\/uploads\/2023\/09\/web_coronavirus-02.png\",\"datePublished\":\"2021-11-08T12:44:00+00:00\",\"dateModified\":\"2023-09-07T12:46:50+00:00\",\"author\":{\"@id\":\"https:\/\/fadeu.urantiacos.cl\/en\/#\/schema\/person\/d203e2e84b1c40275eac77b3061a19a2\"},\"description\":\"Ante el incremento exponencial de casos de COVID-19 y el aumento en la tasa de positividad en el pa\u00eds durante las \u00faltimas semanas, la Universidad Cat\u00f3lica ha intensificado las medidas de seguridad al interior de sus campus y ha hecho un llamado a proceder de manera responsable para todos aquellos que sean positivos a la enfermedad (confirmado v\u00eda Test PCR) o que tengan fundadas sospechas de ser contacto estrecho o de estar desarrollando s\u00edntomas asociados al Coronavirus.\",\"breadcrumb\":{\"@id\":\"https:\/\/fadeu.urantiacos.cl\/en\/2021\/11\/08\/lo-contador-que-hacer-si-das-positivo-a-covid-19-o-si-presentas-sintomas-asociados-a-la-enfermedad\/#breadcrumb\"},\"inLanguage\":\"en-US\",\"potentialAction\":[{\"@type\":\"ReadAction\",\"target\":[\"https:\/\/fadeu.urantiacos.cl\/en\/2021\/11\/08\/lo-contador-que-hacer-si-das-positivo-a-covid-19-o-si-presentas-sintomas-asociados-a-la-enfermedad\/\"]}]},{\"@type\":\"ImageObject\",\"inLanguage\":\"en-US\",\"@id\":\"https:\/\/fadeu.urantiacos.cl\/en\/2021\/11\/08\/lo-contador-que-hacer-si-das-positivo-a-covid-19-o-si-presentas-sintomas-asociados-a-la-enfermedad\/#primaryimage\",\"url\":\"https:\/\/fadeu.urantiacos.cl\/wp-content\/uploads\/2023\/09\/web_coronavirus-02.png\",\"contentUrl\":\"https:\/\/fadeu.urantiacos.cl\/wp-content\/uploads\/2023\/09\/web_coronavirus-02.png\",\"width\":350,\"height\":250},{\"@type\":\"BreadcrumbList\",\"@id\":\"https:\/\/fadeu.urantiacos.cl\/en\/2021\/11\/08\/lo-contador-que-hacer-si-das-positivo-a-covid-19-o-si-presentas-sintomas-asociados-a-la-enfermedad\/#breadcrumb\",\"itemListElement\":[{\"@type\":\"ListItem\",\"position\":1,\"name\":\"Portada\",\"item\":\"https:\/\/fadeu.urantiacos.cl\/en\/\"},{\"@type\":\"ListItem\",\"position\":2,\"name\":\"Lo Contador: \u00bfQu\u00e9 hacer si das positivo a COVID-19 o si presentas s\u00edntomas asociados a la enfermedad?\"}]},{\"@type\":\"WebSite\",\"@id\":\"https:\/\/fadeu.urantiacos.cl\/en\/#website\",\"url\":\"https:\/\/fadeu.urantiacos.cl\/en\/\",\"name\":\"Facultad de Arquitectura, Dise\u00f1o y Estudios Urbanos\",\"description\":\"Campus Lo Contador\",\"potentialAction\":[{\"@type\":\"SearchAction\",\"target\":{\"@type\":\"EntryPoint\",\"urlTemplate\":\"https:\/\/fadeu.urantiacos.cl\/en\/?s={search_term_string}\"},\"query-input\":{\"@type\":\"PropertyValueSpecification\",\"valueRequired\":true,\"valueName\":\"search_term_string\"}}],\"inLanguage\":\"en-US\"},{\"@type\":\"Person\",\"@id\":\"https:\/\/fadeu.urantiacos.cl\/en\/#\/schema\/person\/d203e2e84b1c40275eac77b3061a19a2\",\"name\":\"manadmin\",\"image\":{\"@type\":\"ImageObject\",\"inLanguage\":\"en-US\",\"@id\":\"https:\/\/fadeu.urantiacos.cl\/en\/#\/schema\/person\/image\/\",\"url\":\"https:\/\/secure.gravatar.com\/avatar\/4b1d8e3303b4a9d8968ac578947d8bc80d9aea359f388cdd4aac15cadc0e8447?s=96&d=mm&r=g\",\"contentUrl\":\"https:\/\/secure.gravatar.com\/avatar\/4b1d8e3303b4a9d8968ac578947d8bc80d9aea359f388cdd4aac15cadc0e8447?s=96&d=mm&r=g\",\"caption\":\"manadmin\"},\"sameAs\":[\"https:\/\/fadeu.urantiacos.cl\"]}]}<\/script>\n<!-- \/ Yoast SEO plugin. -->","yoast_head_json":{"title":"Lo Contador: \u00bfQu\u00e9 hacer si das positivo a COVID-19 o si presentas s\u00edntomas asociados a la enfermedad? - Facultad de Arquitectura, Dise\u00f1o y Estudios Urbanos","description":"Ante el incremento exponencial de casos de COVID-19 y el aumento en la tasa de positividad en el pa\u00eds durante las \u00faltimas semanas, la Universidad Cat\u00f3lica ha intensificado las medidas de seguridad al interior de sus campus y ha hecho un llamado a proceder de manera responsable para todos aquellos que sean positivos a la enfermedad (confirmado v\u00eda Test PCR) o que tengan fundadas sospechas de ser contacto estrecho o de estar desarrollando s\u00edntomas asociados al Coronavirus.","robots":{"index":"index","follow":"follow","max-snippet":"max-snippet:-1","max-image-preview":"max-image-preview:large","max-video-preview":"max-video-preview:-1"},"canonical":"https:\/\/fadeu.urantiacos.cl\/en\/2021\/11\/08\/lo-contador-que-hacer-si-das-positivo-a-covid-19-o-si-presentas-sintomas-asociados-a-la-enfermedad\/","og_locale":"en_US","og_type":"article","og_title":"Lo Contador: \u00bfQu\u00e9 hacer si das positivo a COVID-19 o si presentas s\u00edntomas asociados a la enfermedad? - Facultad de Arquitectura, Dise\u00f1o y Estudios Urbanos","og_description":"Ante el incremento exponencial de casos de COVID-19 y el aumento en la tasa de positividad en el pa\u00eds durante las \u00faltimas semanas, la Universidad Cat\u00f3lica ha intensificado las medidas de seguridad al interior de sus campus y ha hecho un llamado a proceder de manera responsable para todos aquellos que sean positivos a la enfermedad (confirmado v\u00eda Test PCR) o que tengan fundadas sospechas de ser contacto estrecho o de estar desarrollando s\u00edntomas asociados al Coronavirus.","og_url":"https:\/\/fadeu.urantiacos.cl\/en\/2021\/11\/08\/lo-contador-que-hacer-si-das-positivo-a-covid-19-o-si-presentas-sintomas-asociados-a-la-enfermedad\/","og_site_name":"Facultad de Arquitectura, Dise\u00f1o y Estudios Urbanos","article_published_time":"2021-11-08T12:44:00+00:00","article_modified_time":"2023-09-07T12:46:50+00:00","og_image":[{"width":350,"height":250,"url":"https:\/\/fadeu.urantiacos.cl\/wp-content\/uploads\/2023\/09\/web_coronavirus-02.png","type":"image\/png"}],"author":"manadmin","twitter_card":"summary_large_image","twitter_misc":{"Written by":"manadmin","Est. reading time":"1 minute"},"schema":{"@context":"https:\/\/schema.org","@graph":[{"@type":"Article","@id":"https:\/\/fadeu.urantiacos.cl\/en\/2021\/11\/08\/lo-contador-que-hacer-si-das-positivo-a-covid-19-o-si-presentas-sintomas-asociados-a-la-enfermedad\/#article","isPartOf":{"@id":"https:\/\/fadeu.urantiacos.cl\/en\/2021\/11\/08\/lo-contador-que-hacer-si-das-positivo-a-covid-19-o-si-presentas-sintomas-asociados-a-la-enfermedad\/"},"author":{"name":"manadmin","@id":"https:\/\/fadeu.urantiacos.cl\/en\/#\/schema\/person\/d203e2e84b1c40275eac77b3061a19a2"},"headline":"Lo Contador: \u00bfQu\u00e9 hacer si das positivo a COVID-19 o si presentas s\u00edntomas asociados a la enfermedad?","datePublished":"2021-11-08T12:44:00+00:00","dateModified":"2023-09-07T12:46:50+00:00","mainEntityOfPage":{"@id":"https:\/\/fadeu.urantiacos.cl\/en\/2021\/11\/08\/lo-contador-que-hacer-si-das-positivo-a-covid-19-o-si-presentas-sintomas-asociados-a-la-enfermedad\/"},"wordCount":258,"commentCount":0,"image":{"@id":"https:\/\/fadeu.urantiacos.cl\/en\/2021\/11\/08\/lo-contador-que-hacer-si-das-positivo-a-covid-19-o-si-presentas-sintomas-asociados-a-la-enfermedad\/#primaryimage"},"thumbnailUrl":"https:\/\/fadeu.urantiacos.cl\/wp-content\/uploads\/2023\/09\/web_coronavirus-02.png","articleSection":["Sin categorizar"],"inLanguage":"en-US","potentialAction":[{"@type":"CommentAction","name":"Comment","target":["https:\/\/fadeu.urantiacos.cl\/en\/2021\/11\/08\/lo-contador-que-hacer-si-das-positivo-a-covid-19-o-si-presentas-sintomas-asociados-a-la-enfermedad\/#respond"]}]},{"@type":"WebPage","@id":"https:\/\/fadeu.urantiacos.cl\/en\/2021\/11\/08\/lo-contador-que-hacer-si-das-positivo-a-covid-19-o-si-presentas-sintomas-asociados-a-la-enfermedad\/","url":"https:\/\/fadeu.urantiacos.cl\/en\/2021\/11\/08\/lo-contador-que-hacer-si-das-positivo-a-covid-19-o-si-presentas-sintomas-asociados-a-la-enfermedad\/","name":"Lo Contador: \u00bfQu\u00e9 hacer si das positivo a COVID-19 o si presentas s\u00edntomas asociados a la enfermedad? - Facultad de Arquitectura, Dise\u00f1o y Estudios Urbanos","isPartOf":{"@id":"https:\/\/fadeu.urantiacos.cl\/en\/#website"},"primaryImageOfPage":{"@id":"https:\/\/fadeu.urantiacos.cl\/en\/2021\/11\/08\/lo-contador-que-hacer-si-das-positivo-a-covid-19-o-si-presentas-sintomas-asociados-a-la-enfermedad\/#primaryimage"},"image":{"@id":"https:\/\/fadeu.urantiacos.cl\/en\/2021\/11\/08\/lo-contador-que-hacer-si-das-positivo-a-covid-19-o-si-presentas-sintomas-asociados-a-la-enfermedad\/#primaryimage"},"thumbnailUrl":"https:\/\/fadeu.urantiacos.cl\/wp-content\/uploads\/2023\/09\/web_coronavirus-02.png","datePublished":"2021-11-08T12:44:00+00:00","dateModified":"2023-09-07T12:46:50+00:00","author":{"@id":"https:\/\/fadeu.urantiacos.cl\/en\/#\/schema\/person\/d203e2e84b1c40275eac77b3061a19a2"},"description":"Ante el incremento exponencial de casos de COVID-19 y el aumento en la tasa de positividad en el pa\u00eds durante las \u00faltimas semanas, la Universidad Cat\u00f3lica ha intensificado las medidas de seguridad al interior de sus campus y ha hecho un llamado a proceder de manera responsable para todos aquellos que sean positivos a la enfermedad (confirmado v\u00eda Test PCR) o que tengan fundadas sospechas de ser contacto estrecho o de estar desarrollando s\u00edntomas asociados al Coronavirus.","breadcrumb":{"@id":"https:\/\/fadeu.urantiacos.cl\/en\/2021\/11\/08\/lo-contador-que-hacer-si-das-positivo-a-covid-19-o-si-presentas-sintomas-asociados-a-la-enfermedad\/#breadcrumb"},"inLanguage":"en-US","potentialAction":[{"@type":"ReadAction","target":["https:\/\/fadeu.urantiacos.cl\/en\/2021\/11\/08\/lo-contador-que-hacer-si-das-positivo-a-covid-19-o-si-presentas-sintomas-asociados-a-la-enfermedad\/"]}]},{"@type":"ImageObject","inLanguage":"en-US","@id":"https:\/\/fadeu.urantiacos.cl\/en\/2021\/11\/08\/lo-contador-que-hacer-si-das-positivo-a-covid-19-o-si-presentas-sintomas-asociados-a-la-enfermedad\/#primaryimage","url":"https:\/\/fadeu.urantiacos.cl\/wp-content\/uploads\/2023\/09\/web_coronavirus-02.png","contentUrl":"https:\/\/fadeu.urantiacos.cl\/wp-content\/uploads\/2023\/09\/web_coronavirus-02.png","width":350,"height":250},{"@type":"BreadcrumbList","@id":"https:\/\/fadeu.urantiacos.cl\/en\/2021\/11\/08\/lo-contador-que-hacer-si-das-positivo-a-covid-19-o-si-presentas-sintomas-asociados-a-la-enfermedad\/#breadcrumb","itemListElement":[{"@type":"ListItem","position":1,"name":"Portada","item":"https:\/\/fadeu.urantiacos.cl\/en\/"},{"@type":"ListItem","position":2,"name":"Lo Contador: \u00bfQu\u00e9 hacer si das positivo a COVID-19 o si presentas s\u00edntomas asociados a la enfermedad?"}]},{"@type":"WebSite","@id":"https:\/\/fadeu.urantiacos.cl\/en\/#website","url":"https:\/\/fadeu.urantiacos.cl\/en\/","name":"Facultad de Arquitectura, Dise\u00f1o y Estudios Urbanos","description":"Campus Lo Contador","potentialAction":[{"@type":"SearchAction","target":{"@type":"EntryPoint","urlTemplate":"https:\/\/fadeu.urantiacos.cl\/en\/?s={search_term_string}"},"query-input":{"@type":"PropertyValueSpecification","valueRequired":true,"valueName":"search_term_string"}}],"inLanguage":"en-US"},{"@type":"Person","@id":"https:\/\/fadeu.urantiacos.cl\/en\/#\/schema\/person\/d203e2e84b1c40275eac77b3061a19a2","name":"manadmin","image":{"@type":"ImageObject","inLanguage":"en-US","@id":"https:\/\/fadeu.urantiacos.cl\/en\/#\/schema\/person\/image\/","url":"https:\/\/secure.gravatar.com\/avatar\/4b1d8e3303b4a9d8968ac578947d8bc80d9aea359f388cdd4aac15cadc0e8447?s=96&d=mm&r=g","contentUrl":"https:\/\/secure.gravatar.com\/avatar\/4b1d8e3303b4a9d8968ac578947d8bc80d9aea359f388cdd4aac15cadc0e8447?s=96&d=mm&r=g","caption":"manadmin"},"sameAs":["https:\/\/fadeu.urantiacos.cl"]}]}},"_links":{"self":[{"href":"https:\/\/fadeu.urantiacos.cl\/en\/wp-json\/wp\/v2\/posts\/5980","targetHints":{"allow":["GET"]}}],"collection":[{"href":"https:\/\/fadeu.urantiacos.cl\/en\/wp-json\/wp\/v2\/posts"}],"about":[{"href":"https:\/\/fadeu.urantiacos.cl\/en\/wp-json\/wp\/v2\/types\/post"}],"author":[{"embeddable":true,"href":"https:\/\/fadeu.urantiacos.cl\/en\/wp-json\/wp\/v2\/users\/1"}],"replies":[{"embeddable":true,"href":"https:\/\/fadeu.urantiacos.cl\/en\/wp-json\/wp\/v2\/comments?post=5980"}],"version-history":[{"count":1,"href":"https:\/\/fadeu.urantiacos.cl\/en\/wp-json\/wp\/v2\/posts\/5980\/revisions"}],"predecessor-version":[{"id":5983,"href":"https:\/\/fadeu.urantiacos.cl\/en\/wp-json\/wp\/v2\/posts\/5980\/revisions\/5983"}],"wp:featuredmedia":[{"embeddable":true,"href":"https:\/\/fadeu.urantiacos.cl\/en\/wp-json\/wp\/v2\/media\/5981"}],"wp:attachment":[{"href":"https:\/\/fadeu.urantiacos.cl\/en\/wp-json\/wp\/v2\/media?parent=5980"}],"wp:term":[{"taxonomy":"category","embeddable":true,"href":"https:\/\/fadeu.urantiacos.cl\/en\/wp-json\/wp\/v2\/categories?post=5980"},{"taxonomy":"post_tag","embeddable":true,"href":"https:\/\/fadeu.urantiacos.cl\/en\/wp-json\/wp\/v2\/tags?post=5980"}],"curies":[{"name":"wp","href":"https:\/\/api.w.org\/{rel}","templated":true}]}}