{"id":5973,"date":"2021-11-15T09:40:00","date_gmt":"2021-11-15T12:40:00","guid":{"rendered":"https:\/\/fadeu.urantiacos.cl\/?p=5973"},"modified":"2023-09-07T09:41:54","modified_gmt":"2023-09-07T12:41:54","slug":"osvaldo-moreno-y-ximena-arizaga-se-adjudican-fondo-de-investigacion-del-concurso-nacional-ciencia-publica","status":"publish","type":"post","link":"https:\/\/fadeu.urantiacos.cl\/en\/2021\/11\/15\/osvaldo-moreno-y-ximena-arizaga-se-adjudican-fondo-de-investigacion-del-concurso-nacional-ciencia-publica\/","title":{"rendered":"Osvaldo Moreno y Ximena Arizaga se adjudican fondo de investigaci\u00f3n del Concurso Nacional Ciencia P\u00fablica"},"content":{"rendered":"\n<figure class=\"wp-block-image size-full\"><img decoding=\"async\" width=\"350\" height=\"250\" src=\"https:\/\/fadeu.urantiacos.cl\/wp-content\/uploads\/2023\/09\/CONCURSO_MORENO_web.jpg\" alt=\"\" class=\"wp-image-5975\" srcset=\"https:\/\/fadeu.urantiacos.cl\/wp-content\/uploads\/2023\/09\/CONCURSO_MORENO_web.jpg 350w, https:\/\/fadeu.urantiacos.cl\/wp-content\/uploads\/2023\/09\/CONCURSO_MORENO_web-300x214.jpg 300w\" sizes=\"(max-width: 350px) 100vw, 350px\" \/><\/figure>\n\n\n\n<p>El proyecto presentado por los acad\u00e9micos ARQ UC tiene por t\u00edtulo &#8220;Observatorio de humedales costeros de Atacama: divulgaci\u00f3n de sus valores ambientales y culturales&#8221; y cuenta con el apoyo de diversas entidades p\u00fablicas y ciudadanas de la regi\u00f3n \u2014como la Seremi Minvu, Conaf y la Municipalidad de Huasco\u2014. En esa l\u00ednea, el observatorio permitir\u00eda introducirse en la riqueza natural, cultural y paisaj\u00edstica del Humedal de Huasco, convirti\u00e9ndose en un portal de sensibilizaci\u00f3n para la protecci\u00f3n del humedal. La propuesta funcionar\u00eda entonces como un espacio de observaci\u00f3n e interpretaci\u00f3n socioecol\u00f3gica y como una plataforma para difundir la informaci\u00f3n cient\u00edfica levantada de manera did\u00e1ctica.<\/p>\n\n\n\n<p>El programa Ciencia P\u00fablica busca generar espacios e instrumentos de socializaci\u00f3n del conocimiento fuera del sistema educativo, teniendo como principal herramienta los Concursos Ciencia P\u00fablica de Divulgaci\u00f3n y Socializaci\u00f3n del Conocimiento. As\u00ed, buscan promover la socializaci\u00f3n del conocimiento por medio de la implementaci\u00f3n de la arquitectura e infraestructura necesaria para facilitar el intercambio, diseminaci\u00f3n, integraci\u00f3n, aprendizaje y apropiaci\u00f3n social; poniendo \u00e9nfasis en la participaci\u00f3n y la articulaci\u00f3n de los distintos agentes sociales.<\/p>\n\n\n\n<p>El proyecto de los profesores Osvaldo Moreno y Ximena Arizaga fue la \u00fanica propuesta liderada por acad\u00e9micos UC seleccionada dentro de la convocatoria, entreg\u00e1ndoles un significativo respaldo para la ejecuci\u00f3n de la iniciativa, que se espera ampl\u00ede la experiencia de visita a Huasco y su humedal, ocupando un lugar estrat\u00e9gico y resguardado de acceso a \u00e9ste \u00faltimo.<\/p>\n\n\n\n<p>Ver m\u00e1s sobre los concursos \u201cCiencia P\u00fablica\u201d en el siguiente&nbsp;<a href=\"http:\/\/www.cienciapublica.cl\/concursos\/\" target=\"_blank\" rel=\"noreferrer noopener\">link<\/a>&nbsp;<\/p>\n\n\n\n<p>Noticias<br>Contacto:&nbsp;<a href=\"mailto:redesarq@uc.cl\">redesarq@uc.cl<\/a>&nbsp;| +56 2 2354 7747<br>www.arquitectura.uc.cl&nbsp;<\/p>\n","protected":false},"excerpt":{"rendered":"<p>El profesor ARQ UC y jefe del Mag\u00edster en Arquitectura del Paisaje UC (MAPA), junto a la profesora del mismo programa, se adjudicaron fondo del Concurso Ciencia P\u00fablica de Divulgaci\u00f3n y Socializaci\u00f3n del Conocimiento 2021-2022 del Ministerio de Ciencia, Tecnolog\u00eda, Conocimiento e Innovaci\u00f3n, en la l\u00ednea de &#8220;Espacios P\u00fablicos Regionales&#8221;.<\/p>\n","protected":false},"author":1,"featured_media":5975,"comment_status":"open","ping_status":"open","sticky":false,"template":"","format":"standard","meta":{"_acf_changed":false,"footnotes":""},"categories":[1],"tags":[],"class_list":["post-5973","post","type-post","status-publish","format-standard","has-post-thumbnail","hentry","category-sin-categorizar"],"acf":[],"yoast_head":"<!-- This site is optimized with the Yoast SEO plugin v27.1.1 - https:\/\/yoast.com\/product\/yoast-seo-wordpress\/ -->\n<title>Osvaldo Moreno y Ximena Arizaga se adjudican fondo de investigaci\u00f3n del Concurso Nacional Ciencia P\u00fablica - Facultad de Arquitectura, Dise\u00f1o y Estudios Urbanos<\/title>\n<meta name=\"description\" content=\"El profesor ARQ UC y jefe del Mag\u00edster en Arquitectura del Paisaje UC (MAPA), junto a la profesora del mismo programa, se adjudicaron fondo del Concurso Ciencia P\u00fablica de Divulgaci\u00f3n y Socializaci\u00f3n del Conocimiento 2021-2022 del Ministerio de Ciencia, Tecnolog\u00eda, Conocimiento e Innovaci\u00f3n, en la l\u00ednea de &quot;Espacios P\u00fablicos Regionales&quot;.\" \/>\n<meta name=\"robots\" content=\"index, follow, max-snippet:-1, max-image-preview:large, max-video-preview:-1\" \/>\n<link rel=\"canonical\" href=\"https:\/\/fadeu.urantiacos.cl\/en\/2021\/11\/15\/osvaldo-moreno-y-ximena-arizaga-se-adjudican-fondo-de-investigacion-del-concurso-nacional-ciencia-publica\/\" \/>\n<meta property=\"og:locale\" content=\"en_US\" \/>\n<meta property=\"og:type\" content=\"article\" \/>\n<meta property=\"og:title\" content=\"Osvaldo Moreno y Ximena Arizaga se adjudican fondo de investigaci\u00f3n del Concurso Nacional Ciencia P\u00fablica - Facultad de Arquitectura, Dise\u00f1o y Estudios Urbanos\" \/>\n<meta property=\"og:description\" content=\"El profesor ARQ UC y jefe del Mag\u00edster en Arquitectura del Paisaje UC (MAPA), junto a la profesora del mismo programa, se adjudicaron fondo del Concurso Ciencia P\u00fablica de Divulgaci\u00f3n y Socializaci\u00f3n del Conocimiento 2021-2022 del Ministerio de Ciencia, Tecnolog\u00eda, Conocimiento e Innovaci\u00f3n, en la l\u00ednea de &quot;Espacios P\u00fablicos Regionales&quot;.\" \/>\n<meta property=\"og:url\" content=\"https:\/\/fadeu.urantiacos.cl\/en\/2021\/11\/15\/osvaldo-moreno-y-ximena-arizaga-se-adjudican-fondo-de-investigacion-del-concurso-nacional-ciencia-publica\/\" \/>\n<meta property=\"og:site_name\" content=\"Facultad de Arquitectura, Dise\u00f1o y Estudios Urbanos\" \/>\n<meta property=\"article:published_time\" content=\"2021-11-15T12:40:00+00:00\" \/>\n<meta property=\"article:modified_time\" content=\"2023-09-07T12:41:54+00:00\" \/>\n<meta property=\"og:image\" content=\"https:\/\/fadeu.urantiacos.cl\/wp-content\/uploads\/2023\/09\/CONCURSO_MORENO_web.jpg\" \/>\n\t<meta property=\"og:image:width\" content=\"350\" \/>\n\t<meta property=\"og:image:height\" content=\"250\" \/>\n\t<meta property=\"og:image:type\" content=\"image\/jpeg\" \/>\n<meta name=\"author\" content=\"manadmin\" \/>\n<meta name=\"twitter:card\" content=\"summary_large_image\" \/>\n<meta name=\"twitter:label1\" content=\"Written by\" \/>\n\t<meta name=\"twitter:data1\" content=\"manadmin\" \/>\n\t<meta name=\"twitter:label2\" content=\"Est. reading time\" \/>\n\t<meta name=\"twitter:data2\" content=\"1 minute\" \/>\n<script type=\"application\/ld+json\" class=\"yoast-schema-graph\">{\"@context\":\"https:\/\/schema.org\",\"@graph\":[{\"@type\":\"Article\",\"@id\":\"https:\/\/fadeu.urantiacos.cl\/en\/2021\/11\/15\/osvaldo-moreno-y-ximena-arizaga-se-adjudican-fondo-de-investigacion-del-concurso-nacional-ciencia-publica\/#article\",\"isPartOf\":{\"@id\":\"https:\/\/fadeu.urantiacos.cl\/en\/2021\/11\/15\/osvaldo-moreno-y-ximena-arizaga-se-adjudican-fondo-de-investigacion-del-concurso-nacional-ciencia-publica\/\"},\"author\":{\"name\":\"manadmin\",\"@id\":\"https:\/\/fadeu.urantiacos.cl\/en\/#\/schema\/person\/d203e2e84b1c40275eac77b3061a19a2\"},\"headline\":\"Osvaldo Moreno y Ximena Arizaga se adjudican fondo de investigaci\u00f3n del Concurso Nacional Ciencia P\u00fablica\",\"datePublished\":\"2021-11-15T12:40:00+00:00\",\"dateModified\":\"2023-09-07T12:41:54+00:00\",\"mainEntityOfPage\":{\"@id\":\"https:\/\/fadeu.urantiacos.cl\/en\/2021\/11\/15\/osvaldo-moreno-y-ximena-arizaga-se-adjudican-fondo-de-investigacion-del-concurso-nacional-ciencia-publica\/\"},\"wordCount\":309,\"commentCount\":0,\"image\":{\"@id\":\"https:\/\/fadeu.urantiacos.cl\/en\/2021\/11\/15\/osvaldo-moreno-y-ximena-arizaga-se-adjudican-fondo-de-investigacion-del-concurso-nacional-ciencia-publica\/#primaryimage\"},\"thumbnailUrl\":\"https:\/\/fadeu.urantiacos.cl\/wp-content\/uploads\/2023\/09\/CONCURSO_MORENO_web.jpg\",\"articleSection\":[\"Sin categorizar\"],\"inLanguage\":\"en-US\",\"potentialAction\":[{\"@type\":\"CommentAction\",\"name\":\"Comment\",\"target\":[\"https:\/\/fadeu.urantiacos.cl\/en\/2021\/11\/15\/osvaldo-moreno-y-ximena-arizaga-se-adjudican-fondo-de-investigacion-del-concurso-nacional-ciencia-publica\/#respond\"]}]},{\"@type\":\"WebPage\",\"@id\":\"https:\/\/fadeu.urantiacos.cl\/en\/2021\/11\/15\/osvaldo-moreno-y-ximena-arizaga-se-adjudican-fondo-de-investigacion-del-concurso-nacional-ciencia-publica\/\",\"url\":\"https:\/\/fadeu.urantiacos.cl\/en\/2021\/11\/15\/osvaldo-moreno-y-ximena-arizaga-se-adjudican-fondo-de-investigacion-del-concurso-nacional-ciencia-publica\/\",\"name\":\"Osvaldo Moreno y Ximena Arizaga se adjudican fondo de investigaci\u00f3n del Concurso Nacional Ciencia P\u00fablica - Facultad de Arquitectura, Dise\u00f1o y Estudios Urbanos\",\"isPartOf\":{\"@id\":\"https:\/\/fadeu.urantiacos.cl\/en\/#website\"},\"primaryImageOfPage\":{\"@id\":\"https:\/\/fadeu.urantiacos.cl\/en\/2021\/11\/15\/osvaldo-moreno-y-ximena-arizaga-se-adjudican-fondo-de-investigacion-del-concurso-nacional-ciencia-publica\/#primaryimage\"},\"image\":{\"@id\":\"https:\/\/fadeu.urantiacos.cl\/en\/2021\/11\/15\/osvaldo-moreno-y-ximena-arizaga-se-adjudican-fondo-de-investigacion-del-concurso-nacional-ciencia-publica\/#primaryimage\"},\"thumbnailUrl\":\"https:\/\/fadeu.urantiacos.cl\/wp-content\/uploads\/2023\/09\/CONCURSO_MORENO_web.jpg\",\"datePublished\":\"2021-11-15T12:40:00+00:00\",\"dateModified\":\"2023-09-07T12:41:54+00:00\",\"author\":{\"@id\":\"https:\/\/fadeu.urantiacos.cl\/en\/#\/schema\/person\/d203e2e84b1c40275eac77b3061a19a2\"},\"description\":\"El profesor ARQ UC y jefe del Mag\u00edster en Arquitectura del Paisaje UC (MAPA), junto a la profesora del mismo programa, se adjudicaron fondo del Concurso Ciencia P\u00fablica de Divulgaci\u00f3n y Socializaci\u00f3n del Conocimiento 2021-2022 del Ministerio de Ciencia, Tecnolog\u00eda, Conocimiento e Innovaci\u00f3n, en la l\u00ednea de \\\"Espacios P\u00fablicos Regionales\\\".\",\"breadcrumb\":{\"@id\":\"https:\/\/fadeu.urantiacos.cl\/en\/2021\/11\/15\/osvaldo-moreno-y-ximena-arizaga-se-adjudican-fondo-de-investigacion-del-concurso-nacional-ciencia-publica\/#breadcrumb\"},\"inLanguage\":\"en-US\",\"potentialAction\":[{\"@type\":\"ReadAction\",\"target\":[\"https:\/\/fadeu.urantiacos.cl\/en\/2021\/11\/15\/osvaldo-moreno-y-ximena-arizaga-se-adjudican-fondo-de-investigacion-del-concurso-nacional-ciencia-publica\/\"]}]},{\"@type\":\"ImageObject\",\"inLanguage\":\"en-US\",\"@id\":\"https:\/\/fadeu.urantiacos.cl\/en\/2021\/11\/15\/osvaldo-moreno-y-ximena-arizaga-se-adjudican-fondo-de-investigacion-del-concurso-nacional-ciencia-publica\/#primaryimage\",\"url\":\"https:\/\/fadeu.urantiacos.cl\/wp-content\/uploads\/2023\/09\/CONCURSO_MORENO_web.jpg\",\"contentUrl\":\"https:\/\/fadeu.urantiacos.cl\/wp-content\/uploads\/2023\/09\/CONCURSO_MORENO_web.jpg\",\"width\":350,\"height\":250},{\"@type\":\"BreadcrumbList\",\"@id\":\"https:\/\/fadeu.urantiacos.cl\/en\/2021\/11\/15\/osvaldo-moreno-y-ximena-arizaga-se-adjudican-fondo-de-investigacion-del-concurso-nacional-ciencia-publica\/#breadcrumb\",\"itemListElement\":[{\"@type\":\"ListItem\",\"position\":1,\"name\":\"Portada\",\"item\":\"https:\/\/fadeu.urantiacos.cl\/en\/\"},{\"@type\":\"ListItem\",\"position\":2,\"name\":\"Osvaldo Moreno y Ximena Arizaga se adjudican fondo de investigaci\u00f3n del Concurso Nacional Ciencia P\u00fablica\"}]},{\"@type\":\"WebSite\",\"@id\":\"https:\/\/fadeu.urantiacos.cl\/en\/#website\",\"url\":\"https:\/\/fadeu.urantiacos.cl\/en\/\",\"name\":\"Facultad de Arquitectura, Dise\u00f1o y Estudios Urbanos\",\"description\":\"Campus Lo Contador\",\"potentialAction\":[{\"@type\":\"SearchAction\",\"target\":{\"@type\":\"EntryPoint\",\"urlTemplate\":\"https:\/\/fadeu.urantiacos.cl\/en\/?s={search_term_string}\"},\"query-input\":{\"@type\":\"PropertyValueSpecification\",\"valueRequired\":true,\"valueName\":\"search_term_string\"}}],\"inLanguage\":\"en-US\"},{\"@type\":\"Person\",\"@id\":\"https:\/\/fadeu.urantiacos.cl\/en\/#\/schema\/person\/d203e2e84b1c40275eac77b3061a19a2\",\"name\":\"manadmin\",\"image\":{\"@type\":\"ImageObject\",\"inLanguage\":\"en-US\",\"@id\":\"https:\/\/fadeu.urantiacos.cl\/en\/#\/schema\/person\/image\/\",\"url\":\"https:\/\/secure.gravatar.com\/avatar\/4b1d8e3303b4a9d8968ac578947d8bc80d9aea359f388cdd4aac15cadc0e8447?s=96&d=mm&r=g\",\"contentUrl\":\"https:\/\/secure.gravatar.com\/avatar\/4b1d8e3303b4a9d8968ac578947d8bc80d9aea359f388cdd4aac15cadc0e8447?s=96&d=mm&r=g\",\"caption\":\"manadmin\"},\"sameAs\":[\"https:\/\/fadeu.urantiacos.cl\"]}]}<\/script>\n<!-- \/ Yoast SEO plugin. -->","yoast_head_json":{"title":"Osvaldo Moreno y Ximena Arizaga se adjudican fondo de investigaci\u00f3n del Concurso Nacional Ciencia P\u00fablica - Facultad de Arquitectura, Dise\u00f1o y Estudios Urbanos","description":"El profesor ARQ UC y jefe del Mag\u00edster en Arquitectura del Paisaje UC (MAPA), junto a la profesora del mismo programa, se adjudicaron fondo del Concurso Ciencia P\u00fablica de Divulgaci\u00f3n y Socializaci\u00f3n del Conocimiento 2021-2022 del Ministerio de Ciencia, Tecnolog\u00eda, Conocimiento e Innovaci\u00f3n, en la l\u00ednea de \"Espacios P\u00fablicos Regionales\".","robots":{"index":"index","follow":"follow","max-snippet":"max-snippet:-1","max-image-preview":"max-image-preview:large","max-video-preview":"max-video-preview:-1"},"canonical":"https:\/\/fadeu.urantiacos.cl\/en\/2021\/11\/15\/osvaldo-moreno-y-ximena-arizaga-se-adjudican-fondo-de-investigacion-del-concurso-nacional-ciencia-publica\/","og_locale":"en_US","og_type":"article","og_title":"Osvaldo Moreno y Ximena Arizaga se adjudican fondo de investigaci\u00f3n del Concurso Nacional Ciencia P\u00fablica - Facultad de Arquitectura, Dise\u00f1o y Estudios Urbanos","og_description":"El profesor ARQ UC y jefe del Mag\u00edster en Arquitectura del Paisaje UC (MAPA), junto a la profesora del mismo programa, se adjudicaron fondo del Concurso Ciencia P\u00fablica de Divulgaci\u00f3n y Socializaci\u00f3n del Conocimiento 2021-2022 del Ministerio de Ciencia, Tecnolog\u00eda, Conocimiento e Innovaci\u00f3n, en la l\u00ednea de \"Espacios P\u00fablicos Regionales\".","og_url":"https:\/\/fadeu.urantiacos.cl\/en\/2021\/11\/15\/osvaldo-moreno-y-ximena-arizaga-se-adjudican-fondo-de-investigacion-del-concurso-nacional-ciencia-publica\/","og_site_name":"Facultad de Arquitectura, Dise\u00f1o y Estudios Urbanos","article_published_time":"2021-11-15T12:40:00+00:00","article_modified_time":"2023-09-07T12:41:54+00:00","og_image":[{"width":350,"height":250,"url":"https:\/\/fadeu.urantiacos.cl\/wp-content\/uploads\/2023\/09\/CONCURSO_MORENO_web.jpg","type":"image\/jpeg"}],"author":"manadmin","twitter_card":"summary_large_image","twitter_misc":{"Written by":"manadmin","Est. reading time":"1 minute"},"schema":{"@context":"https:\/\/schema.org","@graph":[{"@type":"Article","@id":"https:\/\/fadeu.urantiacos.cl\/en\/2021\/11\/15\/osvaldo-moreno-y-ximena-arizaga-se-adjudican-fondo-de-investigacion-del-concurso-nacional-ciencia-publica\/#article","isPartOf":{"@id":"https:\/\/fadeu.urantiacos.cl\/en\/2021\/11\/15\/osvaldo-moreno-y-ximena-arizaga-se-adjudican-fondo-de-investigacion-del-concurso-nacional-ciencia-publica\/"},"author":{"name":"manadmin","@id":"https:\/\/fadeu.urantiacos.cl\/en\/#\/schema\/person\/d203e2e84b1c40275eac77b3061a19a2"},"headline":"Osvaldo Moreno y Ximena Arizaga se adjudican fondo de investigaci\u00f3n del Concurso Nacional Ciencia P\u00fablica","datePublished":"2021-11-15T12:40:00+00:00","dateModified":"2023-09-07T12:41:54+00:00","mainEntityOfPage":{"@id":"https:\/\/fadeu.urantiacos.cl\/en\/2021\/11\/15\/osvaldo-moreno-y-ximena-arizaga-se-adjudican-fondo-de-investigacion-del-concurso-nacional-ciencia-publica\/"},"wordCount":309,"commentCount":0,"image":{"@id":"https:\/\/fadeu.urantiacos.cl\/en\/2021\/11\/15\/osvaldo-moreno-y-ximena-arizaga-se-adjudican-fondo-de-investigacion-del-concurso-nacional-ciencia-publica\/#primaryimage"},"thumbnailUrl":"https:\/\/fadeu.urantiacos.cl\/wp-content\/uploads\/2023\/09\/CONCURSO_MORENO_web.jpg","articleSection":["Sin categorizar"],"inLanguage":"en-US","potentialAction":[{"@type":"CommentAction","name":"Comment","target":["https:\/\/fadeu.urantiacos.cl\/en\/2021\/11\/15\/osvaldo-moreno-y-ximena-arizaga-se-adjudican-fondo-de-investigacion-del-concurso-nacional-ciencia-publica\/#respond"]}]},{"@type":"WebPage","@id":"https:\/\/fadeu.urantiacos.cl\/en\/2021\/11\/15\/osvaldo-moreno-y-ximena-arizaga-se-adjudican-fondo-de-investigacion-del-concurso-nacional-ciencia-publica\/","url":"https:\/\/fadeu.urantiacos.cl\/en\/2021\/11\/15\/osvaldo-moreno-y-ximena-arizaga-se-adjudican-fondo-de-investigacion-del-concurso-nacional-ciencia-publica\/","name":"Osvaldo Moreno y Ximena Arizaga se adjudican fondo de investigaci\u00f3n del Concurso Nacional Ciencia P\u00fablica - Facultad de Arquitectura, Dise\u00f1o y Estudios Urbanos","isPartOf":{"@id":"https:\/\/fadeu.urantiacos.cl\/en\/#website"},"primaryImageOfPage":{"@id":"https:\/\/fadeu.urantiacos.cl\/en\/2021\/11\/15\/osvaldo-moreno-y-ximena-arizaga-se-adjudican-fondo-de-investigacion-del-concurso-nacional-ciencia-publica\/#primaryimage"},"image":{"@id":"https:\/\/fadeu.urantiacos.cl\/en\/2021\/11\/15\/osvaldo-moreno-y-ximena-arizaga-se-adjudican-fondo-de-investigacion-del-concurso-nacional-ciencia-publica\/#primaryimage"},"thumbnailUrl":"https:\/\/fadeu.urantiacos.cl\/wp-content\/uploads\/2023\/09\/CONCURSO_MORENO_web.jpg","datePublished":"2021-11-15T12:40:00+00:00","dateModified":"2023-09-07T12:41:54+00:00","author":{"@id":"https:\/\/fadeu.urantiacos.cl\/en\/#\/schema\/person\/d203e2e84b1c40275eac77b3061a19a2"},"description":"El profesor ARQ UC y jefe del Mag\u00edster en Arquitectura del Paisaje UC (MAPA), junto a la profesora del mismo programa, se adjudicaron fondo del Concurso Ciencia P\u00fablica de Divulgaci\u00f3n y Socializaci\u00f3n del Conocimiento 2021-2022 del Ministerio de Ciencia, Tecnolog\u00eda, Conocimiento e Innovaci\u00f3n, en la l\u00ednea de \"Espacios P\u00fablicos Regionales\".","breadcrumb":{"@id":"https:\/\/fadeu.urantiacos.cl\/en\/2021\/11\/15\/osvaldo-moreno-y-ximena-arizaga-se-adjudican-fondo-de-investigacion-del-concurso-nacional-ciencia-publica\/#breadcrumb"},"inLanguage":"en-US","potentialAction":[{"@type":"ReadAction","target":["https:\/\/fadeu.urantiacos.cl\/en\/2021\/11\/15\/osvaldo-moreno-y-ximena-arizaga-se-adjudican-fondo-de-investigacion-del-concurso-nacional-ciencia-publica\/"]}]},{"@type":"ImageObject","inLanguage":"en-US","@id":"https:\/\/fadeu.urantiacos.cl\/en\/2021\/11\/15\/osvaldo-moreno-y-ximena-arizaga-se-adjudican-fondo-de-investigacion-del-concurso-nacional-ciencia-publica\/#primaryimage","url":"https:\/\/fadeu.urantiacos.cl\/wp-content\/uploads\/2023\/09\/CONCURSO_MORENO_web.jpg","contentUrl":"https:\/\/fadeu.urantiacos.cl\/wp-content\/uploads\/2023\/09\/CONCURSO_MORENO_web.jpg","width":350,"height":250},{"@type":"BreadcrumbList","@id":"https:\/\/fadeu.urantiacos.cl\/en\/2021\/11\/15\/osvaldo-moreno-y-ximena-arizaga-se-adjudican-fondo-de-investigacion-del-concurso-nacional-ciencia-publica\/#breadcrumb","itemListElement":[{"@type":"ListItem","position":1,"name":"Portada","item":"https:\/\/fadeu.urantiacos.cl\/en\/"},{"@type":"ListItem","position":2,"name":"Osvaldo Moreno y Ximena Arizaga se adjudican fondo de investigaci\u00f3n del Concurso Nacional Ciencia P\u00fablica"}]},{"@type":"WebSite","@id":"https:\/\/fadeu.urantiacos.cl\/en\/#website","url":"https:\/\/fadeu.urantiacos.cl\/en\/","name":"Facultad de Arquitectura, Dise\u00f1o y Estudios Urbanos","description":"Campus Lo Contador","potentialAction":[{"@type":"SearchAction","target":{"@type":"EntryPoint","urlTemplate":"https:\/\/fadeu.urantiacos.cl\/en\/?s={search_term_string}"},"query-input":{"@type":"PropertyValueSpecification","valueRequired":true,"valueName":"search_term_string"}}],"inLanguage":"en-US"},{"@type":"Person","@id":"https:\/\/fadeu.urantiacos.cl\/en\/#\/schema\/person\/d203e2e84b1c40275eac77b3061a19a2","name":"manadmin","image":{"@type":"ImageObject","inLanguage":"en-US","@id":"https:\/\/fadeu.urantiacos.cl\/en\/#\/schema\/person\/image\/","url":"https:\/\/secure.gravatar.com\/avatar\/4b1d8e3303b4a9d8968ac578947d8bc80d9aea359f388cdd4aac15cadc0e8447?s=96&d=mm&r=g","contentUrl":"https:\/\/secure.gravatar.com\/avatar\/4b1d8e3303b4a9d8968ac578947d8bc80d9aea359f388cdd4aac15cadc0e8447?s=96&d=mm&r=g","caption":"manadmin"},"sameAs":["https:\/\/fadeu.urantiacos.cl"]}]}},"_links":{"self":[{"href":"https:\/\/fadeu.urantiacos.cl\/en\/wp-json\/wp\/v2\/posts\/5973","targetHints":{"allow":["GET"]}}],"collection":[{"href":"https:\/\/fadeu.urantiacos.cl\/en\/wp-json\/wp\/v2\/posts"}],"about":[{"href":"https:\/\/fadeu.urantiacos.cl\/en\/wp-json\/wp\/v2\/types\/post"}],"author":[{"embeddable":true,"href":"https:\/\/fadeu.urantiacos.cl\/en\/wp-json\/wp\/v2\/users\/1"}],"replies":[{"embeddable":true,"href":"https:\/\/fadeu.urantiacos.cl\/en\/wp-json\/wp\/v2\/comments?post=5973"}],"version-history":[{"count":1,"href":"https:\/\/fadeu.urantiacos.cl\/en\/wp-json\/wp\/v2\/posts\/5973\/revisions"}],"predecessor-version":[{"id":5976,"href":"https:\/\/fadeu.urantiacos.cl\/en\/wp-json\/wp\/v2\/posts\/5973\/revisions\/5976"}],"wp:featuredmedia":[{"embeddable":true,"href":"https:\/\/fadeu.urantiacos.cl\/en\/wp-json\/wp\/v2\/media\/5975"}],"wp:attachment":[{"href":"https:\/\/fadeu.urantiacos.cl\/en\/wp-json\/wp\/v2\/media?parent=5973"}],"wp:term":[{"taxonomy":"category","embeddable":true,"href":"https:\/\/fadeu.urantiacos.cl\/en\/wp-json\/wp\/v2\/categories?post=5973"},{"taxonomy":"post_tag","embeddable":true,"href":"https:\/\/fadeu.urantiacos.cl\/en\/wp-json\/wp\/v2\/tags?post=5973"}],"curies":[{"name":"wp","href":"https:\/\/api.w.org\/{rel}","templated":true}]}}