{"id":5970,"date":"2021-11-15T09:38:00","date_gmt":"2021-11-15T12:38:00","guid":{"rendered":"https:\/\/fadeu.urantiacos.cl\/?p=5970"},"modified":"2023-09-07T09:40:20","modified_gmt":"2023-09-07T12:40:20","slug":"profesores-arq-uc-exponen-en-el-museo-de-arquitectura-de-la-universidad-tecnica-de-munich","status":"publish","type":"post","link":"https:\/\/fadeu.urantiacos.cl\/en\/2021\/11\/15\/profesores-arq-uc-exponen-en-el-museo-de-arquitectura-de-la-universidad-tecnica-de-munich\/","title":{"rendered":"Profesores ARQ UC exponen en el Museo de Arquitectura de la Universidad T\u00e9cnica de Munich"},"content":{"rendered":"\n<figure class=\"wp-block-image size-full\"><img decoding=\"async\" width=\"350\" height=\"250\" src=\"https:\/\/fadeu.urantiacos.cl\/wp-content\/uploads\/2023\/09\/muestraNov_web.jpg\" alt=\"\" class=\"wp-image-5971\" srcset=\"https:\/\/fadeu.urantiacos.cl\/wp-content\/uploads\/2023\/09\/muestraNov_web.jpg 350w, https:\/\/fadeu.urantiacos.cl\/wp-content\/uploads\/2023\/09\/muestraNov_web-300x214.jpg 300w\" sizes=\"(max-width: 350px) 100vw, 350px\" \/><\/figure>\n\n\n\n<p>Celed\u00f3n y Stutzin colaboraron en el cat\u00e1logo de la exposici\u00f3n con el texto \u201cLife in Tents: From Land Occupation to Urban Reclamation\u201d (\u201cLa vida en carpas: de ocupaci\u00f3n de suelo a reclamaci\u00f3n de ciudad\u201d). En \u00e9ste, los acad\u00e9micos construyen un arco temporal desde los campamentos de los 60s en la periferia de la ciudad, a las actuales carpas instaladas en el centro como medios de reclamos distintos, uno por vivienda, otro por ciudad.<\/p>\n\n\n\n<p>Froimovich, por su parte, contribuy\u00f3 tanto al cat\u00e1logo como a la muestra. En el primero, escribi\u00f3 el texto &#8220;The Right to Sleep in the City&#8221; (&#8220;El derecho a dormir en la ciudad&#8221;), que apunta al derecho \u2014para ella ya perdido\u2014 de dormir en espacios p\u00fablicos. En la exposici\u00f3n, la profesora ARQ UC present\u00f3 &#8220;A sleepingtory for Mumbai&#8221;, un lugar central para poder dormir en Mumbai.<\/p>\n\n\n\n<p>Grass y Batzenschlager, por otro lado, participaron con el proyecto &#8220;Mausoleo dignidad. Sepulturas para personas fallecidas en situaci\u00f3n de calle&#8221;. El proyecto \u2014premiado en 2018 por el XVI Concurso de Investigaci\u00f3n y Creaci\u00f3n para Acad\u00e9micos UC y reci\u00e9ntemente inaugurado (<a href=\"http:\/\/arquitectura.uc.cl\/proyectos\/noticias\/6507-profesores-arq-uc-inauguran-la-construccion-de-su-proyecto-para-el-mausoleo-dignidad.html\" target=\"_blank\" rel=\"noreferrer noopener\">ver nota<\/a>)\u2014, se enmarca en un convenio de colaboraci\u00f3n entre la Escuela de Arquitectura UC y la Fundaci\u00f3n Gente de la Calle, organizaci\u00f3n que se ha dedicado por m\u00e1s de 25 a\u00f1os en generar propuestas en torno a la problem\u00e1tica de la personas en situaci\u00f3n de calle en Chile.<\/p>\n\n\n\n<p>Otra de las participaciones de la comunidad UC en la muestra y el cat\u00e1logo, fue la de la arquitecta UC y PhD en Arquitectura por la University of California, Berkeley, Valentina Rozas-Krause, quien contribuy\u00f3 con el texto &#8220;A Tale of Two Bays: San Francisco\u2019s Struggle with Inequality and Tech&#8221; (&#8220;La historia de dos bah\u00edas: El conflicto de San Francisco con la desigualdad y la tecnolog\u00eda).<\/p>\n\n\n\n<p>Esta es la segunda exhibici\u00f3n organizada y citada por el profesor Daniel Talesnik en el Museo de Arquitectura de la Technischen Universit\u00e4t M\u00fcnchen. La muestra anterior, titulada \u201cAccess for All: S\u00e3o Paulo&#8217;s Architectural Infrastructures\u201d, est\u00e1 actualmente expuesta en la Bienal de Arquitectura de Venecia y dio pie a la tem\u00e1tica con la que Talesnik realiz\u00f3 durante 2020 uno de los workshops TES del Mag\u00edster en Arquitectura UC (MARQ).<\/p>\n\n\n\n<p>Sobre la muestra_<br>&nbsp;\u201cWho&#8217;s next?\u201d \u2014adem\u00e1s de analizar temas centrales como la visibilidad e invisibilidad de personas en situaci\u00f3n de calle\u2014, se centra en la ambivalencia de las reacciones del resto de la sociedad ante la falta de vivienda. Esta \u00faltima se presenta no como una tragedia individual, sino como un problema social que requiere soluciones sist\u00e9micas. Adem\u00e1s de ver estad\u00edsticas mundiales y sus antecedentes sociopol\u00edticos, la exposici\u00f3n tambi\u00e9n examinar\u00e1 la actual crisis de personas sin hogar en ciudades como Tokio, Mumbai, Nueva York y Los \u00c1ngeles, incluyendo proyectos de arquitectura hist\u00f3rica y contempor\u00e1nea para la reintegraci\u00f3n permanente de las personas sin hogar.&nbsp;<\/p>\n\n\n\n<p>La exposici\u00f3n del Architekturmuseum der TUM fue curada por Daniel Talesnik; con&nbsp;Ella Neumaier, Ilyas Kerem Yilmaz, Ann-Kathrin G\u00fcgel, Theresa Thanner y Anna-Maria Mayerhofer como asistentes; la dise\u00f1adora UC Kathryn Gillmore como encargada del dise\u00f1o gr\u00e1fico; y Carmen Wolf de la arquitectura.<\/p>\n\n\n\n<p>Ver m\u00e1s sobre la exposici\u00f3n en el siguiente&nbsp;<a href=\"https:\/\/www.architekturmuseum.de\/en\/exhibitions\/whos-next\/\" target=\"_blank\" rel=\"noreferrer noopener\">link<\/a>&nbsp;&nbsp;<br>Ver&nbsp;<a href=\"http:\/\/arquitectura.uc.cl\/images\/documents\/WN_book_EN_PUC_V2.pdf\" target=\"_blank\" rel=\"noreferrer noopener\">extracto del cat\u00e1logo<\/a>&nbsp;con contribuci\u00f3n de profesores ARQ UC &nbsp;<br>Ver m\u00e1s sobre el proyecto &#8220;Mausoleo Dignidad&#8221; en el siguiente&nbsp;<a href=\"http:\/\/arquitectura.uc.cl\/proyectos\/noticias\/3854-academicos-arq-uc-se-adjudican-fondos-del-xvi-concurso-de-investigacion-y-creacion-para-academicos-2018.html\" target=\"_blank\" rel=\"noreferrer noopener\">link<\/a>&nbsp;<\/p>\n\n\n\n<p>Noticias<br>Contacto:&nbsp;<a href=\"mailto:redesarq@uc.cl\">redesarq@uc.cl<\/a>&nbsp;| +56 2 2354 7747<br>www.arquitectura.uc.cl&nbsp;<\/p>\n","protected":false},"excerpt":{"rendered":"<p>La muestra \u2014titulada \u201cWho&#8217;s next? Homelessness, Architecture and Cities\u201d\u2014, fue curada por el profesor ARQ UC Daniel Talesnik y estar\u00e1 en exposici\u00f3n entre el 04 de noviembre de 2021 al 06 de febrero de 2022. En ella participan tambi\u00e9n la jefa del Mag\u00edster en Arquitectura UC (MARQ), Alejandra Celed\u00f3n; y los acad\u00e9micos de nuestra escuela Nicol\u00e1s Stutzin, Diego Grass, Thomas Batzenschlager y Jocelyn Froimovich.<\/p>\n","protected":false},"author":1,"featured_media":5971,"comment_status":"open","ping_status":"open","sticky":false,"template":"","format":"standard","meta":{"_acf_changed":false,"footnotes":""},"categories":[1],"tags":[],"class_list":["post-5970","post","type-post","status-publish","format-standard","has-post-thumbnail","hentry","category-sin-categorizar"],"acf":[],"yoast_head":"<!-- This site is optimized with the Yoast SEO plugin v27.1.1 - https:\/\/yoast.com\/product\/yoast-seo-wordpress\/ -->\n<title>Profesores ARQ UC exponen en el Museo de Arquitectura de la Universidad T\u00e9cnica de Munich - Facultad de Arquitectura, Dise\u00f1o y Estudios Urbanos<\/title>\n<meta name=\"description\" content=\"La muestra \u2014titulada \u201cWho&#039;s next? Homelessness, Architecture and Cities\u201d\u2014, fue curada por el profesor ARQ UC Daniel Talesnik y estar\u00e1 en exposici\u00f3n entre el 04 de noviembre de 2021 al 06 de febrero de 2022. En ella participan tambi\u00e9n la jefa del Mag\u00edster en Arquitectura UC (MARQ), Alejandra Celed\u00f3n; y los acad\u00e9micos de nuestra escuela Nicol\u00e1s Stutzin, Diego Grass, Thomas Batzenschlager y Jocelyn Froimovich.\" \/>\n<meta name=\"robots\" content=\"index, follow, max-snippet:-1, max-image-preview:large, max-video-preview:-1\" \/>\n<link rel=\"canonical\" href=\"https:\/\/fadeu.urantiacos.cl\/en\/2021\/11\/15\/profesores-arq-uc-exponen-en-el-museo-de-arquitectura-de-la-universidad-tecnica-de-munich\/\" \/>\n<meta property=\"og:locale\" content=\"en_US\" \/>\n<meta property=\"og:type\" content=\"article\" \/>\n<meta property=\"og:title\" content=\"Profesores ARQ UC exponen en el Museo de Arquitectura de la Universidad T\u00e9cnica de Munich - Facultad de Arquitectura, Dise\u00f1o y Estudios Urbanos\" \/>\n<meta property=\"og:description\" content=\"La muestra \u2014titulada \u201cWho&#039;s next? Homelessness, Architecture and Cities\u201d\u2014, fue curada por el profesor ARQ UC Daniel Talesnik y estar\u00e1 en exposici\u00f3n entre el 04 de noviembre de 2021 al 06 de febrero de 2022. En ella participan tambi\u00e9n la jefa del Mag\u00edster en Arquitectura UC (MARQ), Alejandra Celed\u00f3n; y los acad\u00e9micos de nuestra escuela Nicol\u00e1s Stutzin, Diego Grass, Thomas Batzenschlager y Jocelyn Froimovich.\" \/>\n<meta property=\"og:url\" content=\"https:\/\/fadeu.urantiacos.cl\/en\/2021\/11\/15\/profesores-arq-uc-exponen-en-el-museo-de-arquitectura-de-la-universidad-tecnica-de-munich\/\" \/>\n<meta property=\"og:site_name\" content=\"Facultad de Arquitectura, Dise\u00f1o y Estudios Urbanos\" \/>\n<meta property=\"article:published_time\" content=\"2021-11-15T12:38:00+00:00\" \/>\n<meta property=\"article:modified_time\" content=\"2023-09-07T12:40:20+00:00\" \/>\n<meta property=\"og:image\" content=\"https:\/\/fadeu.urantiacos.cl\/wp-content\/uploads\/2023\/09\/muestraNov_web.jpg\" \/>\n\t<meta property=\"og:image:width\" content=\"350\" \/>\n\t<meta property=\"og:image:height\" content=\"250\" \/>\n\t<meta property=\"og:image:type\" content=\"image\/jpeg\" \/>\n<meta name=\"author\" content=\"manadmin\" \/>\n<meta name=\"twitter:card\" content=\"summary_large_image\" \/>\n<meta name=\"twitter:label1\" content=\"Written by\" \/>\n\t<meta name=\"twitter:data1\" content=\"manadmin\" \/>\n\t<meta name=\"twitter:label2\" content=\"Est. reading time\" \/>\n\t<meta name=\"twitter:data2\" content=\"3 minutes\" \/>\n<script type=\"application\/ld+json\" class=\"yoast-schema-graph\">{\"@context\":\"https:\/\/schema.org\",\"@graph\":[{\"@type\":\"Article\",\"@id\":\"https:\/\/fadeu.urantiacos.cl\/en\/2021\/11\/15\/profesores-arq-uc-exponen-en-el-museo-de-arquitectura-de-la-universidad-tecnica-de-munich\/#article\",\"isPartOf\":{\"@id\":\"https:\/\/fadeu.urantiacos.cl\/en\/2021\/11\/15\/profesores-arq-uc-exponen-en-el-museo-de-arquitectura-de-la-universidad-tecnica-de-munich\/\"},\"author\":{\"name\":\"manadmin\",\"@id\":\"https:\/\/fadeu.urantiacos.cl\/en\/#\/schema\/person\/d203e2e84b1c40275eac77b3061a19a2\"},\"headline\":\"Profesores ARQ UC exponen en el Museo de Arquitectura de la Universidad T\u00e9cnica de Munich\",\"datePublished\":\"2021-11-15T12:38:00+00:00\",\"dateModified\":\"2023-09-07T12:40:20+00:00\",\"mainEntityOfPage\":{\"@id\":\"https:\/\/fadeu.urantiacos.cl\/en\/2021\/11\/15\/profesores-arq-uc-exponen-en-el-museo-de-arquitectura-de-la-universidad-tecnica-de-munich\/\"},\"wordCount\":621,\"commentCount\":0,\"image\":{\"@id\":\"https:\/\/fadeu.urantiacos.cl\/en\/2021\/11\/15\/profesores-arq-uc-exponen-en-el-museo-de-arquitectura-de-la-universidad-tecnica-de-munich\/#primaryimage\"},\"thumbnailUrl\":\"https:\/\/fadeu.urantiacos.cl\/wp-content\/uploads\/2023\/09\/muestraNov_web.jpg\",\"articleSection\":[\"Sin categorizar\"],\"inLanguage\":\"en-US\",\"potentialAction\":[{\"@type\":\"CommentAction\",\"name\":\"Comment\",\"target\":[\"https:\/\/fadeu.urantiacos.cl\/en\/2021\/11\/15\/profesores-arq-uc-exponen-en-el-museo-de-arquitectura-de-la-universidad-tecnica-de-munich\/#respond\"]}]},{\"@type\":\"WebPage\",\"@id\":\"https:\/\/fadeu.urantiacos.cl\/en\/2021\/11\/15\/profesores-arq-uc-exponen-en-el-museo-de-arquitectura-de-la-universidad-tecnica-de-munich\/\",\"url\":\"https:\/\/fadeu.urantiacos.cl\/en\/2021\/11\/15\/profesores-arq-uc-exponen-en-el-museo-de-arquitectura-de-la-universidad-tecnica-de-munich\/\",\"name\":\"Profesores ARQ UC exponen en el Museo de Arquitectura de la Universidad T\u00e9cnica de Munich - Facultad de Arquitectura, Dise\u00f1o y Estudios Urbanos\",\"isPartOf\":{\"@id\":\"https:\/\/fadeu.urantiacos.cl\/en\/#website\"},\"primaryImageOfPage\":{\"@id\":\"https:\/\/fadeu.urantiacos.cl\/en\/2021\/11\/15\/profesores-arq-uc-exponen-en-el-museo-de-arquitectura-de-la-universidad-tecnica-de-munich\/#primaryimage\"},\"image\":{\"@id\":\"https:\/\/fadeu.urantiacos.cl\/en\/2021\/11\/15\/profesores-arq-uc-exponen-en-el-museo-de-arquitectura-de-la-universidad-tecnica-de-munich\/#primaryimage\"},\"thumbnailUrl\":\"https:\/\/fadeu.urantiacos.cl\/wp-content\/uploads\/2023\/09\/muestraNov_web.jpg\",\"datePublished\":\"2021-11-15T12:38:00+00:00\",\"dateModified\":\"2023-09-07T12:40:20+00:00\",\"author\":{\"@id\":\"https:\/\/fadeu.urantiacos.cl\/en\/#\/schema\/person\/d203e2e84b1c40275eac77b3061a19a2\"},\"description\":\"La muestra \u2014titulada \u201cWho's next? Homelessness, Architecture and Cities\u201d\u2014, fue curada por el profesor ARQ UC Daniel Talesnik y estar\u00e1 en exposici\u00f3n entre el 04 de noviembre de 2021 al 06 de febrero de 2022. En ella participan tambi\u00e9n la jefa del Mag\u00edster en Arquitectura UC (MARQ), Alejandra Celed\u00f3n; y los acad\u00e9micos de nuestra escuela Nicol\u00e1s Stutzin, Diego Grass, Thomas Batzenschlager y Jocelyn Froimovich.\",\"breadcrumb\":{\"@id\":\"https:\/\/fadeu.urantiacos.cl\/en\/2021\/11\/15\/profesores-arq-uc-exponen-en-el-museo-de-arquitectura-de-la-universidad-tecnica-de-munich\/#breadcrumb\"},\"inLanguage\":\"en-US\",\"potentialAction\":[{\"@type\":\"ReadAction\",\"target\":[\"https:\/\/fadeu.urantiacos.cl\/en\/2021\/11\/15\/profesores-arq-uc-exponen-en-el-museo-de-arquitectura-de-la-universidad-tecnica-de-munich\/\"]}]},{\"@type\":\"ImageObject\",\"inLanguage\":\"en-US\",\"@id\":\"https:\/\/fadeu.urantiacos.cl\/en\/2021\/11\/15\/profesores-arq-uc-exponen-en-el-museo-de-arquitectura-de-la-universidad-tecnica-de-munich\/#primaryimage\",\"url\":\"https:\/\/fadeu.urantiacos.cl\/wp-content\/uploads\/2023\/09\/muestraNov_web.jpg\",\"contentUrl\":\"https:\/\/fadeu.urantiacos.cl\/wp-content\/uploads\/2023\/09\/muestraNov_web.jpg\",\"width\":350,\"height\":250},{\"@type\":\"BreadcrumbList\",\"@id\":\"https:\/\/fadeu.urantiacos.cl\/en\/2021\/11\/15\/profesores-arq-uc-exponen-en-el-museo-de-arquitectura-de-la-universidad-tecnica-de-munich\/#breadcrumb\",\"itemListElement\":[{\"@type\":\"ListItem\",\"position\":1,\"name\":\"Portada\",\"item\":\"https:\/\/fadeu.urantiacos.cl\/en\/\"},{\"@type\":\"ListItem\",\"position\":2,\"name\":\"Profesores ARQ UC exponen en el Museo de Arquitectura de la Universidad T\u00e9cnica de Munich\"}]},{\"@type\":\"WebSite\",\"@id\":\"https:\/\/fadeu.urantiacos.cl\/en\/#website\",\"url\":\"https:\/\/fadeu.urantiacos.cl\/en\/\",\"name\":\"Facultad de Arquitectura, Dise\u00f1o y Estudios Urbanos\",\"description\":\"Campus Lo Contador\",\"potentialAction\":[{\"@type\":\"SearchAction\",\"target\":{\"@type\":\"EntryPoint\",\"urlTemplate\":\"https:\/\/fadeu.urantiacos.cl\/en\/?s={search_term_string}\"},\"query-input\":{\"@type\":\"PropertyValueSpecification\",\"valueRequired\":true,\"valueName\":\"search_term_string\"}}],\"inLanguage\":\"en-US\"},{\"@type\":\"Person\",\"@id\":\"https:\/\/fadeu.urantiacos.cl\/en\/#\/schema\/person\/d203e2e84b1c40275eac77b3061a19a2\",\"name\":\"manadmin\",\"image\":{\"@type\":\"ImageObject\",\"inLanguage\":\"en-US\",\"@id\":\"https:\/\/fadeu.urantiacos.cl\/en\/#\/schema\/person\/image\/\",\"url\":\"https:\/\/secure.gravatar.com\/avatar\/4b1d8e3303b4a9d8968ac578947d8bc80d9aea359f388cdd4aac15cadc0e8447?s=96&d=mm&r=g\",\"contentUrl\":\"https:\/\/secure.gravatar.com\/avatar\/4b1d8e3303b4a9d8968ac578947d8bc80d9aea359f388cdd4aac15cadc0e8447?s=96&d=mm&r=g\",\"caption\":\"manadmin\"},\"sameAs\":[\"https:\/\/fadeu.urantiacos.cl\"]}]}<\/script>\n<!-- \/ Yoast SEO plugin. -->","yoast_head_json":{"title":"Profesores ARQ UC exponen en el Museo de Arquitectura de la Universidad T\u00e9cnica de Munich - Facultad de Arquitectura, Dise\u00f1o y Estudios Urbanos","description":"La muestra \u2014titulada \u201cWho's next? Homelessness, Architecture and Cities\u201d\u2014, fue curada por el profesor ARQ UC Daniel Talesnik y estar\u00e1 en exposici\u00f3n entre el 04 de noviembre de 2021 al 06 de febrero de 2022. En ella participan tambi\u00e9n la jefa del Mag\u00edster en Arquitectura UC (MARQ), Alejandra Celed\u00f3n; y los acad\u00e9micos de nuestra escuela Nicol\u00e1s Stutzin, Diego Grass, Thomas Batzenschlager y Jocelyn Froimovich.","robots":{"index":"index","follow":"follow","max-snippet":"max-snippet:-1","max-image-preview":"max-image-preview:large","max-video-preview":"max-video-preview:-1"},"canonical":"https:\/\/fadeu.urantiacos.cl\/en\/2021\/11\/15\/profesores-arq-uc-exponen-en-el-museo-de-arquitectura-de-la-universidad-tecnica-de-munich\/","og_locale":"en_US","og_type":"article","og_title":"Profesores ARQ UC exponen en el Museo de Arquitectura de la Universidad T\u00e9cnica de Munich - Facultad de Arquitectura, Dise\u00f1o y Estudios Urbanos","og_description":"La muestra \u2014titulada \u201cWho's next? Homelessness, Architecture and Cities\u201d\u2014, fue curada por el profesor ARQ UC Daniel Talesnik y estar\u00e1 en exposici\u00f3n entre el 04 de noviembre de 2021 al 06 de febrero de 2022. En ella participan tambi\u00e9n la jefa del Mag\u00edster en Arquitectura UC (MARQ), Alejandra Celed\u00f3n; y los acad\u00e9micos de nuestra escuela Nicol\u00e1s Stutzin, Diego Grass, Thomas Batzenschlager y Jocelyn Froimovich.","og_url":"https:\/\/fadeu.urantiacos.cl\/en\/2021\/11\/15\/profesores-arq-uc-exponen-en-el-museo-de-arquitectura-de-la-universidad-tecnica-de-munich\/","og_site_name":"Facultad de Arquitectura, Dise\u00f1o y Estudios Urbanos","article_published_time":"2021-11-15T12:38:00+00:00","article_modified_time":"2023-09-07T12:40:20+00:00","og_image":[{"width":350,"height":250,"url":"https:\/\/fadeu.urantiacos.cl\/wp-content\/uploads\/2023\/09\/muestraNov_web.jpg","type":"image\/jpeg"}],"author":"manadmin","twitter_card":"summary_large_image","twitter_misc":{"Written by":"manadmin","Est. reading time":"3 minutes"},"schema":{"@context":"https:\/\/schema.org","@graph":[{"@type":"Article","@id":"https:\/\/fadeu.urantiacos.cl\/en\/2021\/11\/15\/profesores-arq-uc-exponen-en-el-museo-de-arquitectura-de-la-universidad-tecnica-de-munich\/#article","isPartOf":{"@id":"https:\/\/fadeu.urantiacos.cl\/en\/2021\/11\/15\/profesores-arq-uc-exponen-en-el-museo-de-arquitectura-de-la-universidad-tecnica-de-munich\/"},"author":{"name":"manadmin","@id":"https:\/\/fadeu.urantiacos.cl\/en\/#\/schema\/person\/d203e2e84b1c40275eac77b3061a19a2"},"headline":"Profesores ARQ UC exponen en el Museo de Arquitectura de la Universidad T\u00e9cnica de Munich","datePublished":"2021-11-15T12:38:00+00:00","dateModified":"2023-09-07T12:40:20+00:00","mainEntityOfPage":{"@id":"https:\/\/fadeu.urantiacos.cl\/en\/2021\/11\/15\/profesores-arq-uc-exponen-en-el-museo-de-arquitectura-de-la-universidad-tecnica-de-munich\/"},"wordCount":621,"commentCount":0,"image":{"@id":"https:\/\/fadeu.urantiacos.cl\/en\/2021\/11\/15\/profesores-arq-uc-exponen-en-el-museo-de-arquitectura-de-la-universidad-tecnica-de-munich\/#primaryimage"},"thumbnailUrl":"https:\/\/fadeu.urantiacos.cl\/wp-content\/uploads\/2023\/09\/muestraNov_web.jpg","articleSection":["Sin categorizar"],"inLanguage":"en-US","potentialAction":[{"@type":"CommentAction","name":"Comment","target":["https:\/\/fadeu.urantiacos.cl\/en\/2021\/11\/15\/profesores-arq-uc-exponen-en-el-museo-de-arquitectura-de-la-universidad-tecnica-de-munich\/#respond"]}]},{"@type":"WebPage","@id":"https:\/\/fadeu.urantiacos.cl\/en\/2021\/11\/15\/profesores-arq-uc-exponen-en-el-museo-de-arquitectura-de-la-universidad-tecnica-de-munich\/","url":"https:\/\/fadeu.urantiacos.cl\/en\/2021\/11\/15\/profesores-arq-uc-exponen-en-el-museo-de-arquitectura-de-la-universidad-tecnica-de-munich\/","name":"Profesores ARQ UC exponen en el Museo de Arquitectura de la Universidad T\u00e9cnica de Munich - Facultad de Arquitectura, Dise\u00f1o y Estudios Urbanos","isPartOf":{"@id":"https:\/\/fadeu.urantiacos.cl\/en\/#website"},"primaryImageOfPage":{"@id":"https:\/\/fadeu.urantiacos.cl\/en\/2021\/11\/15\/profesores-arq-uc-exponen-en-el-museo-de-arquitectura-de-la-universidad-tecnica-de-munich\/#primaryimage"},"image":{"@id":"https:\/\/fadeu.urantiacos.cl\/en\/2021\/11\/15\/profesores-arq-uc-exponen-en-el-museo-de-arquitectura-de-la-universidad-tecnica-de-munich\/#primaryimage"},"thumbnailUrl":"https:\/\/fadeu.urantiacos.cl\/wp-content\/uploads\/2023\/09\/muestraNov_web.jpg","datePublished":"2021-11-15T12:38:00+00:00","dateModified":"2023-09-07T12:40:20+00:00","author":{"@id":"https:\/\/fadeu.urantiacos.cl\/en\/#\/schema\/person\/d203e2e84b1c40275eac77b3061a19a2"},"description":"La muestra \u2014titulada \u201cWho's next? Homelessness, Architecture and Cities\u201d\u2014, fue curada por el profesor ARQ UC Daniel Talesnik y estar\u00e1 en exposici\u00f3n entre el 04 de noviembre de 2021 al 06 de febrero de 2022. En ella participan tambi\u00e9n la jefa del Mag\u00edster en Arquitectura UC (MARQ), Alejandra Celed\u00f3n; y los acad\u00e9micos de nuestra escuela Nicol\u00e1s Stutzin, Diego Grass, Thomas Batzenschlager y Jocelyn Froimovich.","breadcrumb":{"@id":"https:\/\/fadeu.urantiacos.cl\/en\/2021\/11\/15\/profesores-arq-uc-exponen-en-el-museo-de-arquitectura-de-la-universidad-tecnica-de-munich\/#breadcrumb"},"inLanguage":"en-US","potentialAction":[{"@type":"ReadAction","target":["https:\/\/fadeu.urantiacos.cl\/en\/2021\/11\/15\/profesores-arq-uc-exponen-en-el-museo-de-arquitectura-de-la-universidad-tecnica-de-munich\/"]}]},{"@type":"ImageObject","inLanguage":"en-US","@id":"https:\/\/fadeu.urantiacos.cl\/en\/2021\/11\/15\/profesores-arq-uc-exponen-en-el-museo-de-arquitectura-de-la-universidad-tecnica-de-munich\/#primaryimage","url":"https:\/\/fadeu.urantiacos.cl\/wp-content\/uploads\/2023\/09\/muestraNov_web.jpg","contentUrl":"https:\/\/fadeu.urantiacos.cl\/wp-content\/uploads\/2023\/09\/muestraNov_web.jpg","width":350,"height":250},{"@type":"BreadcrumbList","@id":"https:\/\/fadeu.urantiacos.cl\/en\/2021\/11\/15\/profesores-arq-uc-exponen-en-el-museo-de-arquitectura-de-la-universidad-tecnica-de-munich\/#breadcrumb","itemListElement":[{"@type":"ListItem","position":1,"name":"Portada","item":"https:\/\/fadeu.urantiacos.cl\/en\/"},{"@type":"ListItem","position":2,"name":"Profesores ARQ UC exponen en el Museo de Arquitectura de la Universidad T\u00e9cnica de Munich"}]},{"@type":"WebSite","@id":"https:\/\/fadeu.urantiacos.cl\/en\/#website","url":"https:\/\/fadeu.urantiacos.cl\/en\/","name":"Facultad de Arquitectura, Dise\u00f1o y Estudios Urbanos","description":"Campus Lo Contador","potentialAction":[{"@type":"SearchAction","target":{"@type":"EntryPoint","urlTemplate":"https:\/\/fadeu.urantiacos.cl\/en\/?s={search_term_string}"},"query-input":{"@type":"PropertyValueSpecification","valueRequired":true,"valueName":"search_term_string"}}],"inLanguage":"en-US"},{"@type":"Person","@id":"https:\/\/fadeu.urantiacos.cl\/en\/#\/schema\/person\/d203e2e84b1c40275eac77b3061a19a2","name":"manadmin","image":{"@type":"ImageObject","inLanguage":"en-US","@id":"https:\/\/fadeu.urantiacos.cl\/en\/#\/schema\/person\/image\/","url":"https:\/\/secure.gravatar.com\/avatar\/4b1d8e3303b4a9d8968ac578947d8bc80d9aea359f388cdd4aac15cadc0e8447?s=96&d=mm&r=g","contentUrl":"https:\/\/secure.gravatar.com\/avatar\/4b1d8e3303b4a9d8968ac578947d8bc80d9aea359f388cdd4aac15cadc0e8447?s=96&d=mm&r=g","caption":"manadmin"},"sameAs":["https:\/\/fadeu.urantiacos.cl"]}]}},"_links":{"self":[{"href":"https:\/\/fadeu.urantiacos.cl\/en\/wp-json\/wp\/v2\/posts\/5970","targetHints":{"allow":["GET"]}}],"collection":[{"href":"https:\/\/fadeu.urantiacos.cl\/en\/wp-json\/wp\/v2\/posts"}],"about":[{"href":"https:\/\/fadeu.urantiacos.cl\/en\/wp-json\/wp\/v2\/types\/post"}],"author":[{"embeddable":true,"href":"https:\/\/fadeu.urantiacos.cl\/en\/wp-json\/wp\/v2\/users\/1"}],"replies":[{"embeddable":true,"href":"https:\/\/fadeu.urantiacos.cl\/en\/wp-json\/wp\/v2\/comments?post=5970"}],"version-history":[{"count":1,"href":"https:\/\/fadeu.urantiacos.cl\/en\/wp-json\/wp\/v2\/posts\/5970\/revisions"}],"predecessor-version":[{"id":5972,"href":"https:\/\/fadeu.urantiacos.cl\/en\/wp-json\/wp\/v2\/posts\/5970\/revisions\/5972"}],"wp:featuredmedia":[{"embeddable":true,"href":"https:\/\/fadeu.urantiacos.cl\/en\/wp-json\/wp\/v2\/media\/5971"}],"wp:attachment":[{"href":"https:\/\/fadeu.urantiacos.cl\/en\/wp-json\/wp\/v2\/media?parent=5970"}],"wp:term":[{"taxonomy":"category","embeddable":true,"href":"https:\/\/fadeu.urantiacos.cl\/en\/wp-json\/wp\/v2\/categories?post=5970"},{"taxonomy":"post_tag","embeddable":true,"href":"https:\/\/fadeu.urantiacos.cl\/en\/wp-json\/wp\/v2\/tags?post=5970"}],"curies":[{"name":"wp","href":"https:\/\/api.w.org\/{rel}","templated":true}]}}