{"id":5963,"date":"2021-11-15T09:35:00","date_gmt":"2021-11-15T12:35:00","guid":{"rendered":"https:\/\/fadeu.urantiacos.cl\/?p=5963"},"modified":"2023-09-07T09:37:16","modified_gmt":"2023-09-07T12:37:16","slug":"instituto-de-musica-uc-llega-al-campus-lo-contador-con-el-ciclo-interpretes-del-siglo-xxi","status":"publish","type":"post","link":"https:\/\/fadeu.urantiacos.cl\/en\/2021\/11\/15\/instituto-de-musica-uc-llega-al-campus-lo-contador-con-el-ciclo-interpretes-del-siglo-xxi\/","title":{"rendered":"Instituto de M\u00fasica UC llega al Campus Lo Contador con el ciclo Int\u00e9rpretes del Siglo XXI"},"content":{"rendered":"\n<figure class=\"wp-block-image size-full\"><img decoding=\"async\" width=\"350\" height=\"250\" src=\"https:\/\/fadeu.urantiacos.cl\/wp-content\/uploads\/2023\/09\/IG-Interpretes-Siglo-XXI_WEB.jpg\" alt=\"\" class=\"wp-image-5964\" srcset=\"https:\/\/fadeu.urantiacos.cl\/wp-content\/uploads\/2023\/09\/IG-Interpretes-Siglo-XXI_WEB.jpg 350w, https:\/\/fadeu.urantiacos.cl\/wp-content\/uploads\/2023\/09\/IG-Interpretes-Siglo-XXI_WEB-300x214.jpg 300w\" sizes=\"(max-width: 350px) 100vw, 350px\" \/><\/figure>\n\n\n\n<p>El Instituto de M\u00fasica UC llega al Campus Lo Contador. En una nueva edici\u00f3n del ciclo Int\u00e9rpretes del siglo XXI, desde el martes 16 al jueves 18 de noviembre se realizar\u00e1n tres conciertos, siempre a las 19:00 horas, con p\u00fablico presencial y transmisi\u00f3n en live streaming.<\/p>\n\n\n\n<p>Los estudiantes m\u00e1s destacados de M\u00fasica UC actuar\u00e1n junto a sus profesores en estas presentaciones, abordando un variado y exigente repertorio, con obras emblem\u00e1ticas de la literatura universal.<\/p>\n\n\n\n<p>El martes 16, abrir\u00e1 el ciclo el pianista Juan Crist\u00f3bal Undurraga, quien contrastar\u00e1 la danza en el Barroco y el Romanticismo a trav\u00e9s de piezas de Jean-Philippe Rameau y el&nbsp;Vals Mefisto&nbsp;de Franz Liszt. Luego, Raimundo Luco, en guitarra, abordar\u00e1 la&nbsp;Ciaccona&nbsp;de la Partita N\u00b02 de Johann Sebastian Bach y algunas Bagatelas de William Walton. Se sumar\u00e1 el profesor Luis Orlandini con&nbsp;Claro de Luna&nbsp;de Claude Debussy.<\/p>\n\n\n\n<p>La segunda jornada, el mi\u00e9rcoles 17, Mar\u00eda Julia Mancero, en piano, presentar\u00e1 la Sonata N\u00b0 31 de Ludwig van Beethoven, y los alumnos becarios de la c\u00e1tedra de Percusi\u00f3n Marcial Pino y Mat\u00edas Pe\u00f1ailillo interpretar\u00e1n obras de la segunda mitad del siglo XX de Ali N. Askin, David Friedman y Dave Samuels.<\/p>\n\n\n\n<p>El jueves 18, Andr\u00e9s Bizarro Valderrama, en guitarra, abordar\u00e1 repertorio latinoamericano emblem\u00e1tico para su instrumento, con dos obras chilenas:&nbsp;Tres preludios, de Darwin Vargas y&nbsp;Ton\u00e1dica Viol\u00e9tica a Violeta Parra, de Juan Antonio S\u00e1nchez, adem\u00e1s del Preludio N\u00b0 3 de Heitor Villa-Lobos y&nbsp;Elogio de la danza&nbsp;de Leo Brouwer. Luego, la pianista Melissa Rosales interpretar\u00e1 dos piezas de Claude Debussy: un Estudio y&nbsp;Pagodes, del tr\u00edptico&nbsp;Estampes, para cerrar con la Rapsodia en Si menor de Johannes Brahms.<\/p>\n\n\n\n<p>Los conciertos se realizan en El Comendador 1916, Pedro de Valdivia Norte, con un aforo de 50 personas y estricto protocolo sanitario que incluye el pase de movilidad, el tamizaje oficial de la UC y el uso permanente de mascarilla. La inscripci\u00f3n es gratuita e individual&nbsp;<a href=\"https:\/\/docs.google.com\/forms\/d\/e\/1FAIpQLScFPR-2jEeyg0uc2DVr09pz-0qVP6uDYaLAG7S2O_2c6LTPKw\/viewform\">aqu\u00ed<\/a>. &nbsp;Adem\u00e1s, en la plataforma Musica.uc.cl se transmitir\u00e1 en vivo y en directo cada concierto.<\/p>\n\n\n\n<p>INFORMACI\u00d3N PERIOD\u00cdSTICA<br>Instituto de M\u00fasica UC<\/p>\n\n\n\n<figure class=\"wp-block-image size-large\"><img decoding=\"async\" width=\"1024\" height=\"1024\" src=\"https:\/\/fadeu.urantiacos.cl\/wp-content\/uploads\/2023\/09\/IG-Interpretes-Siglo-XXI-1024x1024.jpg\" alt=\"\" class=\"wp-image-5965\" srcset=\"https:\/\/fadeu.urantiacos.cl\/wp-content\/uploads\/2023\/09\/IG-Interpretes-Siglo-XXI-1024x1024.jpg 1024w, https:\/\/fadeu.urantiacos.cl\/wp-content\/uploads\/2023\/09\/IG-Interpretes-Siglo-XXI-300x300.jpg 300w, https:\/\/fadeu.urantiacos.cl\/wp-content\/uploads\/2023\/09\/IG-Interpretes-Siglo-XXI-150x150.jpg 150w, https:\/\/fadeu.urantiacos.cl\/wp-content\/uploads\/2023\/09\/IG-Interpretes-Siglo-XXI-768x768.jpg 768w, https:\/\/fadeu.urantiacos.cl\/wp-content\/uploads\/2023\/09\/IG-Interpretes-Siglo-XXI.jpg 1080w\" sizes=\"(max-width: 1024px) 100vw, 1024px\" \/><\/figure>\n","protected":false},"excerpt":{"rendered":"<p>Tres conciertos con p\u00fablico presencial y transmisi\u00f3n en live streaming ofrecer\u00e1n siete talentosos estudiantes de M\u00fasica UC de piano, guitarra y percusi\u00f3n desde el martes 16 al jueves 18 de noviembre.<\/p>\n","protected":false},"author":1,"featured_media":5964,"comment_status":"open","ping_status":"open","sticky":false,"template":"","format":"standard","meta":{"_acf_changed":false,"footnotes":""},"categories":[1],"tags":[],"class_list":["post-5963","post","type-post","status-publish","format-standard","has-post-thumbnail","hentry","category-sin-categorizar"],"acf":[],"yoast_head":"<!-- This site is optimized with the Yoast SEO plugin v27.1.1 - https:\/\/yoast.com\/product\/yoast-seo-wordpress\/ -->\n<title>Instituto de M\u00fasica UC llega al Campus Lo Contador con el ciclo Int\u00e9rpretes del Siglo XXI - Facultad de Arquitectura, Dise\u00f1o y Estudios Urbanos<\/title>\n<meta name=\"description\" content=\"Tres conciertos con p\u00fablico presencial y transmisi\u00f3n en live streaming ofrecer\u00e1n siete talentosos estudiantes de M\u00fasica UC de piano, guitarra y percusi\u00f3n desde el martes 16 al jueves 18 de noviembre.\" \/>\n<meta name=\"robots\" content=\"index, follow, max-snippet:-1, max-image-preview:large, max-video-preview:-1\" \/>\n<link rel=\"canonical\" href=\"https:\/\/fadeu.urantiacos.cl\/en\/2021\/11\/15\/instituto-de-musica-uc-llega-al-campus-lo-contador-con-el-ciclo-interpretes-del-siglo-xxi\/\" \/>\n<meta property=\"og:locale\" content=\"en_US\" \/>\n<meta property=\"og:type\" content=\"article\" \/>\n<meta property=\"og:title\" content=\"Instituto de M\u00fasica UC llega al Campus Lo Contador con el ciclo Int\u00e9rpretes del Siglo XXI - Facultad de Arquitectura, Dise\u00f1o y Estudios Urbanos\" \/>\n<meta property=\"og:description\" content=\"Tres conciertos con p\u00fablico presencial y transmisi\u00f3n en live streaming ofrecer\u00e1n siete talentosos estudiantes de M\u00fasica UC de piano, guitarra y percusi\u00f3n desde el martes 16 al jueves 18 de noviembre.\" \/>\n<meta property=\"og:url\" content=\"https:\/\/fadeu.urantiacos.cl\/en\/2021\/11\/15\/instituto-de-musica-uc-llega-al-campus-lo-contador-con-el-ciclo-interpretes-del-siglo-xxi\/\" \/>\n<meta property=\"og:site_name\" content=\"Facultad de Arquitectura, Dise\u00f1o y Estudios Urbanos\" \/>\n<meta property=\"article:published_time\" content=\"2021-11-15T12:35:00+00:00\" \/>\n<meta property=\"article:modified_time\" content=\"2023-09-07T12:37:16+00:00\" \/>\n<meta property=\"og:image\" content=\"https:\/\/fadeu.urantiacos.cl\/wp-content\/uploads\/2023\/09\/IG-Interpretes-Siglo-XXI_WEB.jpg\" \/>\n\t<meta property=\"og:image:width\" content=\"350\" \/>\n\t<meta property=\"og:image:height\" content=\"250\" \/>\n\t<meta property=\"og:image:type\" content=\"image\/jpeg\" \/>\n<meta name=\"author\" content=\"manadmin\" \/>\n<meta name=\"twitter:card\" content=\"summary_large_image\" \/>\n<meta name=\"twitter:label1\" content=\"Written by\" \/>\n\t<meta name=\"twitter:data1\" content=\"manadmin\" \/>\n\t<meta name=\"twitter:label2\" content=\"Est. reading time\" \/>\n\t<meta name=\"twitter:data2\" content=\"2 minutes\" \/>\n<script type=\"application\/ld+json\" class=\"yoast-schema-graph\">{\"@context\":\"https:\/\/schema.org\",\"@graph\":[{\"@type\":\"Article\",\"@id\":\"https:\/\/fadeu.urantiacos.cl\/en\/2021\/11\/15\/instituto-de-musica-uc-llega-al-campus-lo-contador-con-el-ciclo-interpretes-del-siglo-xxi\/#article\",\"isPartOf\":{\"@id\":\"https:\/\/fadeu.urantiacos.cl\/en\/2021\/11\/15\/instituto-de-musica-uc-llega-al-campus-lo-contador-con-el-ciclo-interpretes-del-siglo-xxi\/\"},\"author\":{\"name\":\"manadmin\",\"@id\":\"https:\/\/fadeu.urantiacos.cl\/en\/#\/schema\/person\/d203e2e84b1c40275eac77b3061a19a2\"},\"headline\":\"Instituto de M\u00fasica UC llega al Campus Lo Contador con el ciclo Int\u00e9rpretes del Siglo XXI\",\"datePublished\":\"2021-11-15T12:35:00+00:00\",\"dateModified\":\"2023-09-07T12:37:16+00:00\",\"mainEntityOfPage\":{\"@id\":\"https:\/\/fadeu.urantiacos.cl\/en\/2021\/11\/15\/instituto-de-musica-uc-llega-al-campus-lo-contador-con-el-ciclo-interpretes-del-siglo-xxi\/\"},\"wordCount\":396,\"commentCount\":0,\"image\":{\"@id\":\"https:\/\/fadeu.urantiacos.cl\/en\/2021\/11\/15\/instituto-de-musica-uc-llega-al-campus-lo-contador-con-el-ciclo-interpretes-del-siglo-xxi\/#primaryimage\"},\"thumbnailUrl\":\"https:\/\/fadeu.urantiacos.cl\/wp-content\/uploads\/2023\/09\/IG-Interpretes-Siglo-XXI_WEB.jpg\",\"articleSection\":[\"Sin categorizar\"],\"inLanguage\":\"en-US\",\"potentialAction\":[{\"@type\":\"CommentAction\",\"name\":\"Comment\",\"target\":[\"https:\/\/fadeu.urantiacos.cl\/en\/2021\/11\/15\/instituto-de-musica-uc-llega-al-campus-lo-contador-con-el-ciclo-interpretes-del-siglo-xxi\/#respond\"]}]},{\"@type\":\"WebPage\",\"@id\":\"https:\/\/fadeu.urantiacos.cl\/en\/2021\/11\/15\/instituto-de-musica-uc-llega-al-campus-lo-contador-con-el-ciclo-interpretes-del-siglo-xxi\/\",\"url\":\"https:\/\/fadeu.urantiacos.cl\/en\/2021\/11\/15\/instituto-de-musica-uc-llega-al-campus-lo-contador-con-el-ciclo-interpretes-del-siglo-xxi\/\",\"name\":\"Instituto de M\u00fasica UC llega al Campus Lo Contador con el ciclo Int\u00e9rpretes del Siglo XXI - Facultad de Arquitectura, Dise\u00f1o y Estudios Urbanos\",\"isPartOf\":{\"@id\":\"https:\/\/fadeu.urantiacos.cl\/en\/#website\"},\"primaryImageOfPage\":{\"@id\":\"https:\/\/fadeu.urantiacos.cl\/en\/2021\/11\/15\/instituto-de-musica-uc-llega-al-campus-lo-contador-con-el-ciclo-interpretes-del-siglo-xxi\/#primaryimage\"},\"image\":{\"@id\":\"https:\/\/fadeu.urantiacos.cl\/en\/2021\/11\/15\/instituto-de-musica-uc-llega-al-campus-lo-contador-con-el-ciclo-interpretes-del-siglo-xxi\/#primaryimage\"},\"thumbnailUrl\":\"https:\/\/fadeu.urantiacos.cl\/wp-content\/uploads\/2023\/09\/IG-Interpretes-Siglo-XXI_WEB.jpg\",\"datePublished\":\"2021-11-15T12:35:00+00:00\",\"dateModified\":\"2023-09-07T12:37:16+00:00\",\"author\":{\"@id\":\"https:\/\/fadeu.urantiacos.cl\/en\/#\/schema\/person\/d203e2e84b1c40275eac77b3061a19a2\"},\"description\":\"Tres conciertos con p\u00fablico presencial y transmisi\u00f3n en live streaming ofrecer\u00e1n siete talentosos estudiantes de M\u00fasica UC de piano, guitarra y percusi\u00f3n desde el martes 16 al jueves 18 de noviembre.\",\"breadcrumb\":{\"@id\":\"https:\/\/fadeu.urantiacos.cl\/en\/2021\/11\/15\/instituto-de-musica-uc-llega-al-campus-lo-contador-con-el-ciclo-interpretes-del-siglo-xxi\/#breadcrumb\"},\"inLanguage\":\"en-US\",\"potentialAction\":[{\"@type\":\"ReadAction\",\"target\":[\"https:\/\/fadeu.urantiacos.cl\/en\/2021\/11\/15\/instituto-de-musica-uc-llega-al-campus-lo-contador-con-el-ciclo-interpretes-del-siglo-xxi\/\"]}]},{\"@type\":\"ImageObject\",\"inLanguage\":\"en-US\",\"@id\":\"https:\/\/fadeu.urantiacos.cl\/en\/2021\/11\/15\/instituto-de-musica-uc-llega-al-campus-lo-contador-con-el-ciclo-interpretes-del-siglo-xxi\/#primaryimage\",\"url\":\"https:\/\/fadeu.urantiacos.cl\/wp-content\/uploads\/2023\/09\/IG-Interpretes-Siglo-XXI_WEB.jpg\",\"contentUrl\":\"https:\/\/fadeu.urantiacos.cl\/wp-content\/uploads\/2023\/09\/IG-Interpretes-Siglo-XXI_WEB.jpg\",\"width\":350,\"height\":250},{\"@type\":\"BreadcrumbList\",\"@id\":\"https:\/\/fadeu.urantiacos.cl\/en\/2021\/11\/15\/instituto-de-musica-uc-llega-al-campus-lo-contador-con-el-ciclo-interpretes-del-siglo-xxi\/#breadcrumb\",\"itemListElement\":[{\"@type\":\"ListItem\",\"position\":1,\"name\":\"Portada\",\"item\":\"https:\/\/fadeu.urantiacos.cl\/en\/\"},{\"@type\":\"ListItem\",\"position\":2,\"name\":\"Instituto de M\u00fasica UC llega al Campus Lo Contador con el ciclo Int\u00e9rpretes del Siglo XXI\"}]},{\"@type\":\"WebSite\",\"@id\":\"https:\/\/fadeu.urantiacos.cl\/en\/#website\",\"url\":\"https:\/\/fadeu.urantiacos.cl\/en\/\",\"name\":\"Facultad de Arquitectura, Dise\u00f1o y Estudios Urbanos\",\"description\":\"Campus Lo Contador\",\"potentialAction\":[{\"@type\":\"SearchAction\",\"target\":{\"@type\":\"EntryPoint\",\"urlTemplate\":\"https:\/\/fadeu.urantiacos.cl\/en\/?s={search_term_string}\"},\"query-input\":{\"@type\":\"PropertyValueSpecification\",\"valueRequired\":true,\"valueName\":\"search_term_string\"}}],\"inLanguage\":\"en-US\"},{\"@type\":\"Person\",\"@id\":\"https:\/\/fadeu.urantiacos.cl\/en\/#\/schema\/person\/d203e2e84b1c40275eac77b3061a19a2\",\"name\":\"manadmin\",\"image\":{\"@type\":\"ImageObject\",\"inLanguage\":\"en-US\",\"@id\":\"https:\/\/fadeu.urantiacos.cl\/en\/#\/schema\/person\/image\/\",\"url\":\"https:\/\/secure.gravatar.com\/avatar\/4b1d8e3303b4a9d8968ac578947d8bc80d9aea359f388cdd4aac15cadc0e8447?s=96&d=mm&r=g\",\"contentUrl\":\"https:\/\/secure.gravatar.com\/avatar\/4b1d8e3303b4a9d8968ac578947d8bc80d9aea359f388cdd4aac15cadc0e8447?s=96&d=mm&r=g\",\"caption\":\"manadmin\"},\"sameAs\":[\"https:\/\/fadeu.urantiacos.cl\"]}]}<\/script>\n<!-- \/ Yoast SEO plugin. -->","yoast_head_json":{"title":"Instituto de M\u00fasica UC llega al Campus Lo Contador con el ciclo Int\u00e9rpretes del Siglo XXI - Facultad de Arquitectura, Dise\u00f1o y Estudios Urbanos","description":"Tres conciertos con p\u00fablico presencial y transmisi\u00f3n en live streaming ofrecer\u00e1n siete talentosos estudiantes de M\u00fasica UC de piano, guitarra y percusi\u00f3n desde el martes 16 al jueves 18 de noviembre.","robots":{"index":"index","follow":"follow","max-snippet":"max-snippet:-1","max-image-preview":"max-image-preview:large","max-video-preview":"max-video-preview:-1"},"canonical":"https:\/\/fadeu.urantiacos.cl\/en\/2021\/11\/15\/instituto-de-musica-uc-llega-al-campus-lo-contador-con-el-ciclo-interpretes-del-siglo-xxi\/","og_locale":"en_US","og_type":"article","og_title":"Instituto de M\u00fasica UC llega al Campus Lo Contador con el ciclo Int\u00e9rpretes del Siglo XXI - Facultad de Arquitectura, Dise\u00f1o y Estudios Urbanos","og_description":"Tres conciertos con p\u00fablico presencial y transmisi\u00f3n en live streaming ofrecer\u00e1n siete talentosos estudiantes de M\u00fasica UC de piano, guitarra y percusi\u00f3n desde el martes 16 al jueves 18 de noviembre.","og_url":"https:\/\/fadeu.urantiacos.cl\/en\/2021\/11\/15\/instituto-de-musica-uc-llega-al-campus-lo-contador-con-el-ciclo-interpretes-del-siglo-xxi\/","og_site_name":"Facultad de Arquitectura, Dise\u00f1o y Estudios Urbanos","article_published_time":"2021-11-15T12:35:00+00:00","article_modified_time":"2023-09-07T12:37:16+00:00","og_image":[{"width":350,"height":250,"url":"https:\/\/fadeu.urantiacos.cl\/wp-content\/uploads\/2023\/09\/IG-Interpretes-Siglo-XXI_WEB.jpg","type":"image\/jpeg"}],"author":"manadmin","twitter_card":"summary_large_image","twitter_misc":{"Written by":"manadmin","Est. reading time":"2 minutes"},"schema":{"@context":"https:\/\/schema.org","@graph":[{"@type":"Article","@id":"https:\/\/fadeu.urantiacos.cl\/en\/2021\/11\/15\/instituto-de-musica-uc-llega-al-campus-lo-contador-con-el-ciclo-interpretes-del-siglo-xxi\/#article","isPartOf":{"@id":"https:\/\/fadeu.urantiacos.cl\/en\/2021\/11\/15\/instituto-de-musica-uc-llega-al-campus-lo-contador-con-el-ciclo-interpretes-del-siglo-xxi\/"},"author":{"name":"manadmin","@id":"https:\/\/fadeu.urantiacos.cl\/en\/#\/schema\/person\/d203e2e84b1c40275eac77b3061a19a2"},"headline":"Instituto de M\u00fasica UC llega al Campus Lo Contador con el ciclo Int\u00e9rpretes del Siglo XXI","datePublished":"2021-11-15T12:35:00+00:00","dateModified":"2023-09-07T12:37:16+00:00","mainEntityOfPage":{"@id":"https:\/\/fadeu.urantiacos.cl\/en\/2021\/11\/15\/instituto-de-musica-uc-llega-al-campus-lo-contador-con-el-ciclo-interpretes-del-siglo-xxi\/"},"wordCount":396,"commentCount":0,"image":{"@id":"https:\/\/fadeu.urantiacos.cl\/en\/2021\/11\/15\/instituto-de-musica-uc-llega-al-campus-lo-contador-con-el-ciclo-interpretes-del-siglo-xxi\/#primaryimage"},"thumbnailUrl":"https:\/\/fadeu.urantiacos.cl\/wp-content\/uploads\/2023\/09\/IG-Interpretes-Siglo-XXI_WEB.jpg","articleSection":["Sin categorizar"],"inLanguage":"en-US","potentialAction":[{"@type":"CommentAction","name":"Comment","target":["https:\/\/fadeu.urantiacos.cl\/en\/2021\/11\/15\/instituto-de-musica-uc-llega-al-campus-lo-contador-con-el-ciclo-interpretes-del-siglo-xxi\/#respond"]}]},{"@type":"WebPage","@id":"https:\/\/fadeu.urantiacos.cl\/en\/2021\/11\/15\/instituto-de-musica-uc-llega-al-campus-lo-contador-con-el-ciclo-interpretes-del-siglo-xxi\/","url":"https:\/\/fadeu.urantiacos.cl\/en\/2021\/11\/15\/instituto-de-musica-uc-llega-al-campus-lo-contador-con-el-ciclo-interpretes-del-siglo-xxi\/","name":"Instituto de M\u00fasica UC llega al Campus Lo Contador con el ciclo Int\u00e9rpretes del Siglo XXI - Facultad de Arquitectura, Dise\u00f1o y Estudios Urbanos","isPartOf":{"@id":"https:\/\/fadeu.urantiacos.cl\/en\/#website"},"primaryImageOfPage":{"@id":"https:\/\/fadeu.urantiacos.cl\/en\/2021\/11\/15\/instituto-de-musica-uc-llega-al-campus-lo-contador-con-el-ciclo-interpretes-del-siglo-xxi\/#primaryimage"},"image":{"@id":"https:\/\/fadeu.urantiacos.cl\/en\/2021\/11\/15\/instituto-de-musica-uc-llega-al-campus-lo-contador-con-el-ciclo-interpretes-del-siglo-xxi\/#primaryimage"},"thumbnailUrl":"https:\/\/fadeu.urantiacos.cl\/wp-content\/uploads\/2023\/09\/IG-Interpretes-Siglo-XXI_WEB.jpg","datePublished":"2021-11-15T12:35:00+00:00","dateModified":"2023-09-07T12:37:16+00:00","author":{"@id":"https:\/\/fadeu.urantiacos.cl\/en\/#\/schema\/person\/d203e2e84b1c40275eac77b3061a19a2"},"description":"Tres conciertos con p\u00fablico presencial y transmisi\u00f3n en live streaming ofrecer\u00e1n siete talentosos estudiantes de M\u00fasica UC de piano, guitarra y percusi\u00f3n desde el martes 16 al jueves 18 de noviembre.","breadcrumb":{"@id":"https:\/\/fadeu.urantiacos.cl\/en\/2021\/11\/15\/instituto-de-musica-uc-llega-al-campus-lo-contador-con-el-ciclo-interpretes-del-siglo-xxi\/#breadcrumb"},"inLanguage":"en-US","potentialAction":[{"@type":"ReadAction","target":["https:\/\/fadeu.urantiacos.cl\/en\/2021\/11\/15\/instituto-de-musica-uc-llega-al-campus-lo-contador-con-el-ciclo-interpretes-del-siglo-xxi\/"]}]},{"@type":"ImageObject","inLanguage":"en-US","@id":"https:\/\/fadeu.urantiacos.cl\/en\/2021\/11\/15\/instituto-de-musica-uc-llega-al-campus-lo-contador-con-el-ciclo-interpretes-del-siglo-xxi\/#primaryimage","url":"https:\/\/fadeu.urantiacos.cl\/wp-content\/uploads\/2023\/09\/IG-Interpretes-Siglo-XXI_WEB.jpg","contentUrl":"https:\/\/fadeu.urantiacos.cl\/wp-content\/uploads\/2023\/09\/IG-Interpretes-Siglo-XXI_WEB.jpg","width":350,"height":250},{"@type":"BreadcrumbList","@id":"https:\/\/fadeu.urantiacos.cl\/en\/2021\/11\/15\/instituto-de-musica-uc-llega-al-campus-lo-contador-con-el-ciclo-interpretes-del-siglo-xxi\/#breadcrumb","itemListElement":[{"@type":"ListItem","position":1,"name":"Portada","item":"https:\/\/fadeu.urantiacos.cl\/en\/"},{"@type":"ListItem","position":2,"name":"Instituto de M\u00fasica UC llega al Campus Lo Contador con el ciclo Int\u00e9rpretes del Siglo XXI"}]},{"@type":"WebSite","@id":"https:\/\/fadeu.urantiacos.cl\/en\/#website","url":"https:\/\/fadeu.urantiacos.cl\/en\/","name":"Facultad de Arquitectura, Dise\u00f1o y Estudios Urbanos","description":"Campus Lo Contador","potentialAction":[{"@type":"SearchAction","target":{"@type":"EntryPoint","urlTemplate":"https:\/\/fadeu.urantiacos.cl\/en\/?s={search_term_string}"},"query-input":{"@type":"PropertyValueSpecification","valueRequired":true,"valueName":"search_term_string"}}],"inLanguage":"en-US"},{"@type":"Person","@id":"https:\/\/fadeu.urantiacos.cl\/en\/#\/schema\/person\/d203e2e84b1c40275eac77b3061a19a2","name":"manadmin","image":{"@type":"ImageObject","inLanguage":"en-US","@id":"https:\/\/fadeu.urantiacos.cl\/en\/#\/schema\/person\/image\/","url":"https:\/\/secure.gravatar.com\/avatar\/4b1d8e3303b4a9d8968ac578947d8bc80d9aea359f388cdd4aac15cadc0e8447?s=96&d=mm&r=g","contentUrl":"https:\/\/secure.gravatar.com\/avatar\/4b1d8e3303b4a9d8968ac578947d8bc80d9aea359f388cdd4aac15cadc0e8447?s=96&d=mm&r=g","caption":"manadmin"},"sameAs":["https:\/\/fadeu.urantiacos.cl"]}]}},"_links":{"self":[{"href":"https:\/\/fadeu.urantiacos.cl\/en\/wp-json\/wp\/v2\/posts\/5963","targetHints":{"allow":["GET"]}}],"collection":[{"href":"https:\/\/fadeu.urantiacos.cl\/en\/wp-json\/wp\/v2\/posts"}],"about":[{"href":"https:\/\/fadeu.urantiacos.cl\/en\/wp-json\/wp\/v2\/types\/post"}],"author":[{"embeddable":true,"href":"https:\/\/fadeu.urantiacos.cl\/en\/wp-json\/wp\/v2\/users\/1"}],"replies":[{"embeddable":true,"href":"https:\/\/fadeu.urantiacos.cl\/en\/wp-json\/wp\/v2\/comments?post=5963"}],"version-history":[{"count":1,"href":"https:\/\/fadeu.urantiacos.cl\/en\/wp-json\/wp\/v2\/posts\/5963\/revisions"}],"predecessor-version":[{"id":5966,"href":"https:\/\/fadeu.urantiacos.cl\/en\/wp-json\/wp\/v2\/posts\/5963\/revisions\/5966"}],"wp:featuredmedia":[{"embeddable":true,"href":"https:\/\/fadeu.urantiacos.cl\/en\/wp-json\/wp\/v2\/media\/5964"}],"wp:attachment":[{"href":"https:\/\/fadeu.urantiacos.cl\/en\/wp-json\/wp\/v2\/media?parent=5963"}],"wp:term":[{"taxonomy":"category","embeddable":true,"href":"https:\/\/fadeu.urantiacos.cl\/en\/wp-json\/wp\/v2\/categories?post=5963"},{"taxonomy":"post_tag","embeddable":true,"href":"https:\/\/fadeu.urantiacos.cl\/en\/wp-json\/wp\/v2\/tags?post=5963"}],"curies":[{"name":"wp","href":"https:\/\/api.w.org\/{rel}","templated":true}]}}