{"id":5957,"date":"2021-11-19T09:31:00","date_gmt":"2021-11-19T12:31:00","guid":{"rendered":"https:\/\/fadeu.urantiacos.cl\/?p=5957"},"modified":"2023-09-07T09:32:47","modified_gmt":"2023-09-07T12:32:47","slug":"universidad-catolica-es-reconocida-en-ranking-mundial-por-formacion-profesional-en-planificacion-urbana","status":"publish","type":"post","link":"https:\/\/fadeu.urantiacos.cl\/en\/2021\/11\/19\/universidad-catolica-es-reconocida-en-ranking-mundial-por-formacion-profesional-en-planificacion-urbana\/","title":{"rendered":"Universidad Cat\u00f3lica es reconocida en ranking mundial por formaci\u00f3n profesional en Planificaci\u00f3n Urbana"},"content":{"rendered":"\n<figure class=\"wp-block-image size-full\"><img decoding=\"async\" width=\"350\" height=\"250\" src=\"https:\/\/fadeu.urantiacos.cl\/wp-content\/uploads\/2023\/09\/30-Santiago_web.jpg\" alt=\"\" class=\"wp-image-5958\" srcset=\"https:\/\/fadeu.urantiacos.cl\/wp-content\/uploads\/2023\/09\/30-Santiago_web.jpg 350w, https:\/\/fadeu.urantiacos.cl\/wp-content\/uploads\/2023\/09\/30-Santiago_web-300x214.jpg 300w\" sizes=\"(max-width: 350px) 100vw, 350px\" \/><\/figure>\n\n\n\n<p>En este contexto, la Pontificia Universidad Cat\u00f3lica fue la segunda instituci\u00f3n chilena que se registr\u00f3 en el ranking. Adem\u00e1s, esta casa de estudios ocup\u00f3 el primer lugar del pa\u00eds en 10 disciplinas, entre las que destacan cuatro \u00e1reas donde se posicion\u00f3 entre las 200 mejores del mundo: Planificaci\u00f3n urbana. Educaci\u00f3n, Astronom\u00eda y astrof\u00edsica, Ciencia y tecnolog\u00eda del transporte.<\/p>\n\n\n\n<p><strong>Planificaci\u00f3n Urbana<\/strong><\/p>\n\n\n\n<p>La Universidad Cat\u00f3lica es una \u00fanica casa de estudios superiores en Chile que entrega el t\u00edtulo profesional de Planificador Urbano, carrera que se estudia v\u00eda College.<\/p>\n\n\n\n<p>La Planificaci\u00f3n Urbana se centra en la comprensi\u00f3n del fen\u00f3meno urbano, con la finalidad de optimizar su uso y lograr un desarrollo sustentable, a trav\u00e9s de la gesti\u00f3n p\u00fablica y privada. Por tanto, involucra la distribuci\u00f3n espacial de todas las actividades humanas y la toma de decisiones que inciden en el espacio urbano en sus distintas escalas.<\/p>\n\n\n\n<p>Mediante la elaboraci\u00f3n de diagn\u00f3sticos integrales y prospectivos sobre situaciones urbanas, el planificador urbano es capaz de articular capacidades, intereses y necesidades de los diversos actores sociales involucrados, ya sea comunidades y agentes privados y p\u00fablicos.<\/p>\n\n\n\n<p><strong>Perfil de egreso<\/strong><\/p>\n\n\n\n<p>El Planificador Urbano UC se caracteriza por su compromiso social y por la excelencia de su servicio profesional. Cuenta con una s\u00f3lida formaci\u00f3n \u00e9tica, comprende y aplica los conceptos de transparencia, probidad y servicio p\u00fablico, considerando principios de equidad y eficiencia y respetando los recursos naturales y comunidades afectadas por las transformaciones urbanas.<\/p>\n\n\n\n<p>Tiene la capacidad de liderar equipos multidisciplinarios en funci\u00f3n del logro de objetivos t\u00e9cnicos y pol\u00edticos, actuando como negociador y mediador de una amplia variedad de actores que participan en los procesos de desarrollo urbano (agentes p\u00fablicos, privados y sociedad civil).<\/p>\n\n\n\n<p>Domina los contenidos, procesos de elaboraci\u00f3n y gesti\u00f3n de planes e instrumentos de planificaci\u00f3n territorial, as\u00ed como de la normativa urbana vigente en Chile. Distingue claramente la funci\u00f3n privada de la funci\u00f3n p\u00fablica y los procedimientos administrativos propios de las instituciones p\u00fablicas. Asimismo, es capaz de comunicarse estrat\u00e9gica y correctamente en forma oral y escrita, herramientas imprescindibles para transmitir ideas y conocimientos a diferentes p\u00fablicos objetivo.<\/p>\n\n\n\n<p>Puede representar y analizar informaci\u00f3n cuantitativa y cualitativa para identificar tendencias de desarrollo y oportunidades de inversi\u00f3n, especialmente a partir de sistemas de informaci\u00f3n geogr\u00e1fica (SIG), dise\u00f1o asistido por computador y software de an\u00e1lisis estad\u00edstico.<\/p>\n\n\n\n<p>El Planificador Urbano UC es capaz de comprender integralmente las interrelaciones espaciales, socio-culturales, econ\u00f3micas y ambientales de las ciudades, proponiendo soluciones a problemas urbanos complejos, a partir del dise\u00f1o estrat\u00e9gico de pol\u00edticas urbanas y programas territoriales, instrumentos de planificaci\u00f3n y proyectos de intervenci\u00f3n urbana.<\/p>\n\n\n\n<p>Si quieres estudiar planificaci\u00f3n urbana en la UC, puedes visitar el siguiente link:&nbsp;<a href=\"https:\/\/estudiosurbanos.uc.cl\/programa\/planificacion-urbana\/\">https:\/\/estudiosurbanos.uc.cl\/programa\/planificacion-urbana\/<\/a>&nbsp;y\/o escribirnos a&nbsp;<a href=\"mailto:dominique.yoma@uc.cl\">dominique.yoma@uc.cl<\/a><\/p>\n\n\n\n<p><a href=\"https:\/\/www.emol.com\/noticias\/Nacional\/2021\/11\/09\/1037900\/cuatro-universidades-destacan-ranking-mundial.html\" target=\"_blank\" rel=\"noreferrer noopener\">MIRA AQU\u00cd LA NOTA EN EMOL.<\/a><\/p>\n","protected":false},"excerpt":{"rendered":"<p>University Ranking by Academic Performance 2020-2021, entreg\u00f3 los resultados de la clasificaci\u00f3n global por disciplinas que realiza desde 2011 y que este a\u00f1o evalu\u00f3 a 3 mil casas de estudios, dando a conocer que tres instituciones de educaci\u00f3n superior chilenas destacaron entre las 1.000 mejores a nivel mundial: la Universidad de Chile (N\u00b0 357), la Pontificia Universidad Cat\u00f3lica (N\u00b0 389) y la Universidad de Concepci\u00f3n (N\u00b0 702). <\/p>\n","protected":false},"author":1,"featured_media":5958,"comment_status":"open","ping_status":"open","sticky":false,"template":"","format":"standard","meta":{"_acf_changed":false,"footnotes":""},"categories":[1],"tags":[],"class_list":["post-5957","post","type-post","status-publish","format-standard","has-post-thumbnail","hentry","category-sin-categorizar"],"acf":[],"yoast_head":"<!-- This site is optimized with the Yoast SEO plugin v27.1.1 - https:\/\/yoast.com\/product\/yoast-seo-wordpress\/ -->\n<title>Universidad Cat\u00f3lica es reconocida en ranking mundial por formaci\u00f3n profesional en Planificaci\u00f3n Urbana - Facultad de Arquitectura, Dise\u00f1o y Estudios Urbanos<\/title>\n<meta name=\"description\" content=\"University Ranking by Academic Performance 2020-2021, entreg\u00f3 los resultados de la clasificaci\u00f3n global por disciplinas que realiza desde 2011 y que este a\u00f1o evalu\u00f3 a 3 mil casas de estudios, dando a conocer que tres instituciones de educaci\u00f3n superior chilenas destacaron entre las 1.000 mejores a nivel mundial: la Universidad de Chile (N\u00b0 357), la Pontificia Universidad Cat\u00f3lica (N\u00b0 389) y la Universidad de Concepci\u00f3n (N\u00b0 702).\" \/>\n<meta name=\"robots\" content=\"index, follow, max-snippet:-1, max-image-preview:large, max-video-preview:-1\" \/>\n<link rel=\"canonical\" href=\"https:\/\/fadeu.urantiacos.cl\/en\/2021\/11\/19\/universidad-catolica-es-reconocida-en-ranking-mundial-por-formacion-profesional-en-planificacion-urbana\/\" \/>\n<meta property=\"og:locale\" content=\"en_US\" \/>\n<meta property=\"og:type\" content=\"article\" \/>\n<meta property=\"og:title\" content=\"Universidad Cat\u00f3lica es reconocida en ranking mundial por formaci\u00f3n profesional en Planificaci\u00f3n Urbana - Facultad de Arquitectura, Dise\u00f1o y Estudios Urbanos\" \/>\n<meta property=\"og:description\" content=\"University Ranking by Academic Performance 2020-2021, entreg\u00f3 los resultados de la clasificaci\u00f3n global por disciplinas que realiza desde 2011 y que este a\u00f1o evalu\u00f3 a 3 mil casas de estudios, dando a conocer que tres instituciones de educaci\u00f3n superior chilenas destacaron entre las 1.000 mejores a nivel mundial: la Universidad de Chile (N\u00b0 357), la Pontificia Universidad Cat\u00f3lica (N\u00b0 389) y la Universidad de Concepci\u00f3n (N\u00b0 702).\" \/>\n<meta property=\"og:url\" content=\"https:\/\/fadeu.urantiacos.cl\/en\/2021\/11\/19\/universidad-catolica-es-reconocida-en-ranking-mundial-por-formacion-profesional-en-planificacion-urbana\/\" \/>\n<meta property=\"og:site_name\" content=\"Facultad de Arquitectura, Dise\u00f1o y Estudios Urbanos\" \/>\n<meta property=\"article:published_time\" content=\"2021-11-19T12:31:00+00:00\" \/>\n<meta property=\"article:modified_time\" content=\"2023-09-07T12:32:47+00:00\" \/>\n<meta property=\"og:image\" content=\"https:\/\/fadeu.urantiacos.cl\/wp-content\/uploads\/2023\/09\/30-Santiago_web.jpg\" \/>\n\t<meta property=\"og:image:width\" content=\"350\" \/>\n\t<meta property=\"og:image:height\" content=\"250\" \/>\n\t<meta property=\"og:image:type\" content=\"image\/jpeg\" \/>\n<meta name=\"author\" content=\"manadmin\" \/>\n<meta name=\"twitter:card\" content=\"summary_large_image\" \/>\n<meta name=\"twitter:label1\" content=\"Written by\" \/>\n\t<meta name=\"twitter:data1\" content=\"manadmin\" \/>\n\t<meta name=\"twitter:label2\" content=\"Est. reading time\" \/>\n\t<meta name=\"twitter:data2\" content=\"3 minutes\" \/>\n<script type=\"application\/ld+json\" class=\"yoast-schema-graph\">{\"@context\":\"https:\/\/schema.org\",\"@graph\":[{\"@type\":\"Article\",\"@id\":\"https:\/\/fadeu.urantiacos.cl\/en\/2021\/11\/19\/universidad-catolica-es-reconocida-en-ranking-mundial-por-formacion-profesional-en-planificacion-urbana\/#article\",\"isPartOf\":{\"@id\":\"https:\/\/fadeu.urantiacos.cl\/en\/2021\/11\/19\/universidad-catolica-es-reconocida-en-ranking-mundial-por-formacion-profesional-en-planificacion-urbana\/\"},\"author\":{\"name\":\"manadmin\",\"@id\":\"https:\/\/fadeu.urantiacos.cl\/en\/#\/schema\/person\/d203e2e84b1c40275eac77b3061a19a2\"},\"headline\":\"Universidad Cat\u00f3lica es reconocida en ranking mundial por formaci\u00f3n profesional en Planificaci\u00f3n Urbana\",\"datePublished\":\"2021-11-19T12:31:00+00:00\",\"dateModified\":\"2023-09-07T12:32:47+00:00\",\"mainEntityOfPage\":{\"@id\":\"https:\/\/fadeu.urantiacos.cl\/en\/2021\/11\/19\/universidad-catolica-es-reconocida-en-ranking-mundial-por-formacion-profesional-en-planificacion-urbana\/\"},\"wordCount\":524,\"commentCount\":0,\"image\":{\"@id\":\"https:\/\/fadeu.urantiacos.cl\/en\/2021\/11\/19\/universidad-catolica-es-reconocida-en-ranking-mundial-por-formacion-profesional-en-planificacion-urbana\/#primaryimage\"},\"thumbnailUrl\":\"https:\/\/fadeu.urantiacos.cl\/wp-content\/uploads\/2023\/09\/30-Santiago_web.jpg\",\"articleSection\":[\"Sin categorizar\"],\"inLanguage\":\"en-US\",\"potentialAction\":[{\"@type\":\"CommentAction\",\"name\":\"Comment\",\"target\":[\"https:\/\/fadeu.urantiacos.cl\/en\/2021\/11\/19\/universidad-catolica-es-reconocida-en-ranking-mundial-por-formacion-profesional-en-planificacion-urbana\/#respond\"]}]},{\"@type\":\"WebPage\",\"@id\":\"https:\/\/fadeu.urantiacos.cl\/en\/2021\/11\/19\/universidad-catolica-es-reconocida-en-ranking-mundial-por-formacion-profesional-en-planificacion-urbana\/\",\"url\":\"https:\/\/fadeu.urantiacos.cl\/en\/2021\/11\/19\/universidad-catolica-es-reconocida-en-ranking-mundial-por-formacion-profesional-en-planificacion-urbana\/\",\"name\":\"Universidad Cat\u00f3lica es reconocida en ranking mundial por formaci\u00f3n profesional en Planificaci\u00f3n Urbana - Facultad de Arquitectura, Dise\u00f1o y Estudios Urbanos\",\"isPartOf\":{\"@id\":\"https:\/\/fadeu.urantiacos.cl\/en\/#website\"},\"primaryImageOfPage\":{\"@id\":\"https:\/\/fadeu.urantiacos.cl\/en\/2021\/11\/19\/universidad-catolica-es-reconocida-en-ranking-mundial-por-formacion-profesional-en-planificacion-urbana\/#primaryimage\"},\"image\":{\"@id\":\"https:\/\/fadeu.urantiacos.cl\/en\/2021\/11\/19\/universidad-catolica-es-reconocida-en-ranking-mundial-por-formacion-profesional-en-planificacion-urbana\/#primaryimage\"},\"thumbnailUrl\":\"https:\/\/fadeu.urantiacos.cl\/wp-content\/uploads\/2023\/09\/30-Santiago_web.jpg\",\"datePublished\":\"2021-11-19T12:31:00+00:00\",\"dateModified\":\"2023-09-07T12:32:47+00:00\",\"author\":{\"@id\":\"https:\/\/fadeu.urantiacos.cl\/en\/#\/schema\/person\/d203e2e84b1c40275eac77b3061a19a2\"},\"description\":\"University Ranking by Academic Performance 2020-2021, entreg\u00f3 los resultados de la clasificaci\u00f3n global por disciplinas que realiza desde 2011 y que este a\u00f1o evalu\u00f3 a 3 mil casas de estudios, dando a conocer que tres instituciones de educaci\u00f3n superior chilenas destacaron entre las 1.000 mejores a nivel mundial: la Universidad de Chile (N\u00b0 357), la Pontificia Universidad Cat\u00f3lica (N\u00b0 389) y la Universidad de Concepci\u00f3n (N\u00b0 702).\",\"breadcrumb\":{\"@id\":\"https:\/\/fadeu.urantiacos.cl\/en\/2021\/11\/19\/universidad-catolica-es-reconocida-en-ranking-mundial-por-formacion-profesional-en-planificacion-urbana\/#breadcrumb\"},\"inLanguage\":\"en-US\",\"potentialAction\":[{\"@type\":\"ReadAction\",\"target\":[\"https:\/\/fadeu.urantiacos.cl\/en\/2021\/11\/19\/universidad-catolica-es-reconocida-en-ranking-mundial-por-formacion-profesional-en-planificacion-urbana\/\"]}]},{\"@type\":\"ImageObject\",\"inLanguage\":\"en-US\",\"@id\":\"https:\/\/fadeu.urantiacos.cl\/en\/2021\/11\/19\/universidad-catolica-es-reconocida-en-ranking-mundial-por-formacion-profesional-en-planificacion-urbana\/#primaryimage\",\"url\":\"https:\/\/fadeu.urantiacos.cl\/wp-content\/uploads\/2023\/09\/30-Santiago_web.jpg\",\"contentUrl\":\"https:\/\/fadeu.urantiacos.cl\/wp-content\/uploads\/2023\/09\/30-Santiago_web.jpg\",\"width\":350,\"height\":250},{\"@type\":\"BreadcrumbList\",\"@id\":\"https:\/\/fadeu.urantiacos.cl\/en\/2021\/11\/19\/universidad-catolica-es-reconocida-en-ranking-mundial-por-formacion-profesional-en-planificacion-urbana\/#breadcrumb\",\"itemListElement\":[{\"@type\":\"ListItem\",\"position\":1,\"name\":\"Portada\",\"item\":\"https:\/\/fadeu.urantiacos.cl\/en\/\"},{\"@type\":\"ListItem\",\"position\":2,\"name\":\"Universidad Cat\u00f3lica es reconocida en ranking mundial por formaci\u00f3n profesional en Planificaci\u00f3n Urbana\"}]},{\"@type\":\"WebSite\",\"@id\":\"https:\/\/fadeu.urantiacos.cl\/en\/#website\",\"url\":\"https:\/\/fadeu.urantiacos.cl\/en\/\",\"name\":\"Facultad de Arquitectura, Dise\u00f1o y Estudios Urbanos\",\"description\":\"Campus Lo Contador\",\"potentialAction\":[{\"@type\":\"SearchAction\",\"target\":{\"@type\":\"EntryPoint\",\"urlTemplate\":\"https:\/\/fadeu.urantiacos.cl\/en\/?s={search_term_string}\"},\"query-input\":{\"@type\":\"PropertyValueSpecification\",\"valueRequired\":true,\"valueName\":\"search_term_string\"}}],\"inLanguage\":\"en-US\"},{\"@type\":\"Person\",\"@id\":\"https:\/\/fadeu.urantiacos.cl\/en\/#\/schema\/person\/d203e2e84b1c40275eac77b3061a19a2\",\"name\":\"manadmin\",\"image\":{\"@type\":\"ImageObject\",\"inLanguage\":\"en-US\",\"@id\":\"https:\/\/fadeu.urantiacos.cl\/en\/#\/schema\/person\/image\/\",\"url\":\"https:\/\/secure.gravatar.com\/avatar\/4b1d8e3303b4a9d8968ac578947d8bc80d9aea359f388cdd4aac15cadc0e8447?s=96&d=mm&r=g\",\"contentUrl\":\"https:\/\/secure.gravatar.com\/avatar\/4b1d8e3303b4a9d8968ac578947d8bc80d9aea359f388cdd4aac15cadc0e8447?s=96&d=mm&r=g\",\"caption\":\"manadmin\"},\"sameAs\":[\"https:\/\/fadeu.urantiacos.cl\"]}]}<\/script>\n<!-- \/ Yoast SEO plugin. -->","yoast_head_json":{"title":"Universidad Cat\u00f3lica es reconocida en ranking mundial por formaci\u00f3n profesional en Planificaci\u00f3n Urbana - Facultad de Arquitectura, Dise\u00f1o y Estudios Urbanos","description":"University Ranking by Academic Performance 2020-2021, entreg\u00f3 los resultados de la clasificaci\u00f3n global por disciplinas que realiza desde 2011 y que este a\u00f1o evalu\u00f3 a 3 mil casas de estudios, dando a conocer que tres instituciones de educaci\u00f3n superior chilenas destacaron entre las 1.000 mejores a nivel mundial: la Universidad de Chile (N\u00b0 357), la Pontificia Universidad Cat\u00f3lica (N\u00b0 389) y la Universidad de Concepci\u00f3n (N\u00b0 702).","robots":{"index":"index","follow":"follow","max-snippet":"max-snippet:-1","max-image-preview":"max-image-preview:large","max-video-preview":"max-video-preview:-1"},"canonical":"https:\/\/fadeu.urantiacos.cl\/en\/2021\/11\/19\/universidad-catolica-es-reconocida-en-ranking-mundial-por-formacion-profesional-en-planificacion-urbana\/","og_locale":"en_US","og_type":"article","og_title":"Universidad Cat\u00f3lica es reconocida en ranking mundial por formaci\u00f3n profesional en Planificaci\u00f3n Urbana - Facultad de Arquitectura, Dise\u00f1o y Estudios Urbanos","og_description":"University Ranking by Academic Performance 2020-2021, entreg\u00f3 los resultados de la clasificaci\u00f3n global por disciplinas que realiza desde 2011 y que este a\u00f1o evalu\u00f3 a 3 mil casas de estudios, dando a conocer que tres instituciones de educaci\u00f3n superior chilenas destacaron entre las 1.000 mejores a nivel mundial: la Universidad de Chile (N\u00b0 357), la Pontificia Universidad Cat\u00f3lica (N\u00b0 389) y la Universidad de Concepci\u00f3n (N\u00b0 702).","og_url":"https:\/\/fadeu.urantiacos.cl\/en\/2021\/11\/19\/universidad-catolica-es-reconocida-en-ranking-mundial-por-formacion-profesional-en-planificacion-urbana\/","og_site_name":"Facultad de Arquitectura, Dise\u00f1o y Estudios Urbanos","article_published_time":"2021-11-19T12:31:00+00:00","article_modified_time":"2023-09-07T12:32:47+00:00","og_image":[{"width":350,"height":250,"url":"https:\/\/fadeu.urantiacos.cl\/wp-content\/uploads\/2023\/09\/30-Santiago_web.jpg","type":"image\/jpeg"}],"author":"manadmin","twitter_card":"summary_large_image","twitter_misc":{"Written by":"manadmin","Est. reading time":"3 minutes"},"schema":{"@context":"https:\/\/schema.org","@graph":[{"@type":"Article","@id":"https:\/\/fadeu.urantiacos.cl\/en\/2021\/11\/19\/universidad-catolica-es-reconocida-en-ranking-mundial-por-formacion-profesional-en-planificacion-urbana\/#article","isPartOf":{"@id":"https:\/\/fadeu.urantiacos.cl\/en\/2021\/11\/19\/universidad-catolica-es-reconocida-en-ranking-mundial-por-formacion-profesional-en-planificacion-urbana\/"},"author":{"name":"manadmin","@id":"https:\/\/fadeu.urantiacos.cl\/en\/#\/schema\/person\/d203e2e84b1c40275eac77b3061a19a2"},"headline":"Universidad Cat\u00f3lica es reconocida en ranking mundial por formaci\u00f3n profesional en Planificaci\u00f3n Urbana","datePublished":"2021-11-19T12:31:00+00:00","dateModified":"2023-09-07T12:32:47+00:00","mainEntityOfPage":{"@id":"https:\/\/fadeu.urantiacos.cl\/en\/2021\/11\/19\/universidad-catolica-es-reconocida-en-ranking-mundial-por-formacion-profesional-en-planificacion-urbana\/"},"wordCount":524,"commentCount":0,"image":{"@id":"https:\/\/fadeu.urantiacos.cl\/en\/2021\/11\/19\/universidad-catolica-es-reconocida-en-ranking-mundial-por-formacion-profesional-en-planificacion-urbana\/#primaryimage"},"thumbnailUrl":"https:\/\/fadeu.urantiacos.cl\/wp-content\/uploads\/2023\/09\/30-Santiago_web.jpg","articleSection":["Sin categorizar"],"inLanguage":"en-US","potentialAction":[{"@type":"CommentAction","name":"Comment","target":["https:\/\/fadeu.urantiacos.cl\/en\/2021\/11\/19\/universidad-catolica-es-reconocida-en-ranking-mundial-por-formacion-profesional-en-planificacion-urbana\/#respond"]}]},{"@type":"WebPage","@id":"https:\/\/fadeu.urantiacos.cl\/en\/2021\/11\/19\/universidad-catolica-es-reconocida-en-ranking-mundial-por-formacion-profesional-en-planificacion-urbana\/","url":"https:\/\/fadeu.urantiacos.cl\/en\/2021\/11\/19\/universidad-catolica-es-reconocida-en-ranking-mundial-por-formacion-profesional-en-planificacion-urbana\/","name":"Universidad Cat\u00f3lica es reconocida en ranking mundial por formaci\u00f3n profesional en Planificaci\u00f3n Urbana - Facultad de Arquitectura, Dise\u00f1o y Estudios Urbanos","isPartOf":{"@id":"https:\/\/fadeu.urantiacos.cl\/en\/#website"},"primaryImageOfPage":{"@id":"https:\/\/fadeu.urantiacos.cl\/en\/2021\/11\/19\/universidad-catolica-es-reconocida-en-ranking-mundial-por-formacion-profesional-en-planificacion-urbana\/#primaryimage"},"image":{"@id":"https:\/\/fadeu.urantiacos.cl\/en\/2021\/11\/19\/universidad-catolica-es-reconocida-en-ranking-mundial-por-formacion-profesional-en-planificacion-urbana\/#primaryimage"},"thumbnailUrl":"https:\/\/fadeu.urantiacos.cl\/wp-content\/uploads\/2023\/09\/30-Santiago_web.jpg","datePublished":"2021-11-19T12:31:00+00:00","dateModified":"2023-09-07T12:32:47+00:00","author":{"@id":"https:\/\/fadeu.urantiacos.cl\/en\/#\/schema\/person\/d203e2e84b1c40275eac77b3061a19a2"},"description":"University Ranking by Academic Performance 2020-2021, entreg\u00f3 los resultados de la clasificaci\u00f3n global por disciplinas que realiza desde 2011 y que este a\u00f1o evalu\u00f3 a 3 mil casas de estudios, dando a conocer que tres instituciones de educaci\u00f3n superior chilenas destacaron entre las 1.000 mejores a nivel mundial: la Universidad de Chile (N\u00b0 357), la Pontificia Universidad Cat\u00f3lica (N\u00b0 389) y la Universidad de Concepci\u00f3n (N\u00b0 702).","breadcrumb":{"@id":"https:\/\/fadeu.urantiacos.cl\/en\/2021\/11\/19\/universidad-catolica-es-reconocida-en-ranking-mundial-por-formacion-profesional-en-planificacion-urbana\/#breadcrumb"},"inLanguage":"en-US","potentialAction":[{"@type":"ReadAction","target":["https:\/\/fadeu.urantiacos.cl\/en\/2021\/11\/19\/universidad-catolica-es-reconocida-en-ranking-mundial-por-formacion-profesional-en-planificacion-urbana\/"]}]},{"@type":"ImageObject","inLanguage":"en-US","@id":"https:\/\/fadeu.urantiacos.cl\/en\/2021\/11\/19\/universidad-catolica-es-reconocida-en-ranking-mundial-por-formacion-profesional-en-planificacion-urbana\/#primaryimage","url":"https:\/\/fadeu.urantiacos.cl\/wp-content\/uploads\/2023\/09\/30-Santiago_web.jpg","contentUrl":"https:\/\/fadeu.urantiacos.cl\/wp-content\/uploads\/2023\/09\/30-Santiago_web.jpg","width":350,"height":250},{"@type":"BreadcrumbList","@id":"https:\/\/fadeu.urantiacos.cl\/en\/2021\/11\/19\/universidad-catolica-es-reconocida-en-ranking-mundial-por-formacion-profesional-en-planificacion-urbana\/#breadcrumb","itemListElement":[{"@type":"ListItem","position":1,"name":"Portada","item":"https:\/\/fadeu.urantiacos.cl\/en\/"},{"@type":"ListItem","position":2,"name":"Universidad Cat\u00f3lica es reconocida en ranking mundial por formaci\u00f3n profesional en Planificaci\u00f3n Urbana"}]},{"@type":"WebSite","@id":"https:\/\/fadeu.urantiacos.cl\/en\/#website","url":"https:\/\/fadeu.urantiacos.cl\/en\/","name":"Facultad de Arquitectura, Dise\u00f1o y Estudios Urbanos","description":"Campus Lo Contador","potentialAction":[{"@type":"SearchAction","target":{"@type":"EntryPoint","urlTemplate":"https:\/\/fadeu.urantiacos.cl\/en\/?s={search_term_string}"},"query-input":{"@type":"PropertyValueSpecification","valueRequired":true,"valueName":"search_term_string"}}],"inLanguage":"en-US"},{"@type":"Person","@id":"https:\/\/fadeu.urantiacos.cl\/en\/#\/schema\/person\/d203e2e84b1c40275eac77b3061a19a2","name":"manadmin","image":{"@type":"ImageObject","inLanguage":"en-US","@id":"https:\/\/fadeu.urantiacos.cl\/en\/#\/schema\/person\/image\/","url":"https:\/\/secure.gravatar.com\/avatar\/4b1d8e3303b4a9d8968ac578947d8bc80d9aea359f388cdd4aac15cadc0e8447?s=96&d=mm&r=g","contentUrl":"https:\/\/secure.gravatar.com\/avatar\/4b1d8e3303b4a9d8968ac578947d8bc80d9aea359f388cdd4aac15cadc0e8447?s=96&d=mm&r=g","caption":"manadmin"},"sameAs":["https:\/\/fadeu.urantiacos.cl"]}]}},"_links":{"self":[{"href":"https:\/\/fadeu.urantiacos.cl\/en\/wp-json\/wp\/v2\/posts\/5957","targetHints":{"allow":["GET"]}}],"collection":[{"href":"https:\/\/fadeu.urantiacos.cl\/en\/wp-json\/wp\/v2\/posts"}],"about":[{"href":"https:\/\/fadeu.urantiacos.cl\/en\/wp-json\/wp\/v2\/types\/post"}],"author":[{"embeddable":true,"href":"https:\/\/fadeu.urantiacos.cl\/en\/wp-json\/wp\/v2\/users\/1"}],"replies":[{"embeddable":true,"href":"https:\/\/fadeu.urantiacos.cl\/en\/wp-json\/wp\/v2\/comments?post=5957"}],"version-history":[{"count":1,"href":"https:\/\/fadeu.urantiacos.cl\/en\/wp-json\/wp\/v2\/posts\/5957\/revisions"}],"predecessor-version":[{"id":5959,"href":"https:\/\/fadeu.urantiacos.cl\/en\/wp-json\/wp\/v2\/posts\/5957\/revisions\/5959"}],"wp:featuredmedia":[{"embeddable":true,"href":"https:\/\/fadeu.urantiacos.cl\/en\/wp-json\/wp\/v2\/media\/5958"}],"wp:attachment":[{"href":"https:\/\/fadeu.urantiacos.cl\/en\/wp-json\/wp\/v2\/media?parent=5957"}],"wp:term":[{"taxonomy":"category","embeddable":true,"href":"https:\/\/fadeu.urantiacos.cl\/en\/wp-json\/wp\/v2\/categories?post=5957"},{"taxonomy":"post_tag","embeddable":true,"href":"https:\/\/fadeu.urantiacos.cl\/en\/wp-json\/wp\/v2\/tags?post=5957"}],"curies":[{"name":"wp","href":"https:\/\/api.w.org\/{rel}","templated":true}]}}