{"id":5947,"date":"2021-11-19T09:26:00","date_gmt":"2021-11-19T12:26:00","guid":{"rendered":"https:\/\/fadeu.urantiacos.cl\/?p=5947"},"modified":"2023-09-07T09:27:45","modified_gmt":"2023-09-07T12:27:45","slug":"martin-tironi-es-invitado-como-keynote-en-el-sustainable-design-symposium-de-brazil","status":"publish","type":"post","link":"https:\/\/fadeu.urantiacos.cl\/en\/2021\/11\/19\/martin-tironi-es-invitado-como-keynote-en-el-sustainable-design-symposium-de-brazil\/","title":{"rendered":"Mart\u00edn Tironi es invitado como keynote en el Sustainable Design Symposium de Brazil"},"content":{"rendered":"\n<figure class=\"wp-block-image size-full\"><img decoding=\"async\" width=\"350\" height=\"250\" src=\"https:\/\/fadeu.urantiacos.cl\/wp-content\/uploads\/2023\/09\/SDS2021_web.png\" alt=\"\" class=\"wp-image-5948\" srcset=\"https:\/\/fadeu.urantiacos.cl\/wp-content\/uploads\/2023\/09\/SDS2021_web.png 350w, https:\/\/fadeu.urantiacos.cl\/wp-content\/uploads\/2023\/09\/SDS2021_web-300x214.png 300w\" sizes=\"(max-width: 350px) 100vw, 350px\" \/><\/figure>\n\n\n\n<p>Tironi ser\u00e1 conferencista en el panel en el panel denominado Pos-Anthropocentric Design, que contar\u00e1 asimismo con la participaci\u00f3n del investigador&nbsp;<a href=\"https:\/\/www.rmit.edu.au\/contact\/staff-contacts\/academic-staff\/f\/fennessy-dr-liam\">Liam Fennesy<\/a>, RMIT University, Australia. En su intervenci\u00f3n Tironi pronfudizar\u00e1, en base a sus investigaciones sobre dise\u00f1o interespecie, sobre las implicancias pr\u00e1cticas y te\u00f3ricas de un dise\u00f1o post-antropoc\u00e9ntrico orientado al planeta.<\/p>\n\n\n\n<p>Mas informaci\u00f3n:&nbsp;<a href=\"http:\/\/www.sds2021.ufpr.br\/\">http:\/\/www.sds2021.ufpr.br<\/a><\/p>\n","protected":false},"excerpt":{"rendered":"<p>El acad\u00e9mico de la Escuela de Dise\u00f1o, Mart\u00edn Tironi ser\u00e1 conferencista de la Simposio de Dise\u00f1o Sostenible, a realizarse de manera virtual y presencial en Brasil. El evento se llevar\u00e1 a cabo entre el 1 y el 3 de diciembre de 2021. Este simposio es uno de los principales eventos en el campo del Dise\u00f1o para la Sostenibilidad en Am\u00e9rica del Sur. El evento se llevar\u00e1 cuenta con el respaldo de la Red Brasile\u00f1a de Aprendizaje en Sostenibilidad (LeNS Brasil) y la Red DESIS (Red de Dise\u00f1o para la Innovaci\u00f3n Social y la Sostenibilidad). El objetivo de este evento es promover el intercambio y la discusi\u00f3n de ideas y pr\u00e1cticas sobre el panorama actual y futuro del dise\u00f1o, con relaci\u00f3n a los diversos aspectos vinculados al desarrollo sostenible<\/p>\n","protected":false},"author":1,"featured_media":5948,"comment_status":"open","ping_status":"open","sticky":false,"template":"","format":"standard","meta":{"_acf_changed":false,"footnotes":""},"categories":[1],"tags":[],"class_list":["post-5947","post","type-post","status-publish","format-standard","has-post-thumbnail","hentry","category-sin-categorizar"],"acf":[],"yoast_head":"<!-- This site is optimized with the Yoast SEO plugin v27.1.1 - https:\/\/yoast.com\/product\/yoast-seo-wordpress\/ -->\n<title>Mart\u00edn Tironi es invitado como keynote en el Sustainable Design Symposium de Brazil - Facultad de Arquitectura, Dise\u00f1o y Estudios Urbanos<\/title>\n<meta name=\"description\" content=\"El acad\u00e9mico de la Escuela de Dise\u00f1o, Mart\u00edn Tironi ser\u00e1 conferencista de la Simposio de Dise\u00f1o Sostenible, a realizarse de manera virtual y presencial en Brasil. El evento se llevar\u00e1 a cabo entre el 1 y el 3 de diciembre de 2021. Este simposio es uno de los principales eventos en el campo del Dise\u00f1o para la Sostenibilidad en Am\u00e9rica del Sur. El evento se llevar\u00e1 cuenta con el respaldo de la Red Brasile\u00f1a de Aprendizaje en Sostenibilidad (LeNS Brasil) y la Red DESIS (Red de Dise\u00f1o para la Innovaci\u00f3n Social y la Sostenibilidad). El objetivo de este evento es promover el intercambio y la discusi\u00f3n de ideas y pr\u00e1cticas sobre el panorama actual y futuro del dise\u00f1o, con relaci\u00f3n a los diversos aspectos vinculados al desarrollo sostenible\" \/>\n<meta name=\"robots\" content=\"index, follow, max-snippet:-1, max-image-preview:large, max-video-preview:-1\" \/>\n<link rel=\"canonical\" href=\"https:\/\/fadeu.urantiacos.cl\/en\/2021\/11\/19\/martin-tironi-es-invitado-como-keynote-en-el-sustainable-design-symposium-de-brazil\/\" \/>\n<meta property=\"og:locale\" content=\"en_US\" \/>\n<meta property=\"og:type\" content=\"article\" \/>\n<meta property=\"og:title\" content=\"Mart\u00edn Tironi es invitado como keynote en el Sustainable Design Symposium de Brazil - Facultad de Arquitectura, Dise\u00f1o y Estudios Urbanos\" \/>\n<meta property=\"og:description\" content=\"El acad\u00e9mico de la Escuela de Dise\u00f1o, Mart\u00edn Tironi ser\u00e1 conferencista de la Simposio de Dise\u00f1o Sostenible, a realizarse de manera virtual y presencial en Brasil. El evento se llevar\u00e1 a cabo entre el 1 y el 3 de diciembre de 2021. Este simposio es uno de los principales eventos en el campo del Dise\u00f1o para la Sostenibilidad en Am\u00e9rica del Sur. El evento se llevar\u00e1 cuenta con el respaldo de la Red Brasile\u00f1a de Aprendizaje en Sostenibilidad (LeNS Brasil) y la Red DESIS (Red de Dise\u00f1o para la Innovaci\u00f3n Social y la Sostenibilidad). El objetivo de este evento es promover el intercambio y la discusi\u00f3n de ideas y pr\u00e1cticas sobre el panorama actual y futuro del dise\u00f1o, con relaci\u00f3n a los diversos aspectos vinculados al desarrollo sostenible\" \/>\n<meta property=\"og:url\" content=\"https:\/\/fadeu.urantiacos.cl\/en\/2021\/11\/19\/martin-tironi-es-invitado-como-keynote-en-el-sustainable-design-symposium-de-brazil\/\" \/>\n<meta property=\"og:site_name\" content=\"Facultad de Arquitectura, Dise\u00f1o y Estudios Urbanos\" \/>\n<meta property=\"article:published_time\" content=\"2021-11-19T12:26:00+00:00\" \/>\n<meta property=\"article:modified_time\" content=\"2023-09-07T12:27:45+00:00\" \/>\n<meta property=\"og:image\" content=\"https:\/\/fadeu.urantiacos.cl\/wp-content\/uploads\/2023\/09\/SDS2021_web.png\" \/>\n\t<meta property=\"og:image:width\" content=\"350\" \/>\n\t<meta property=\"og:image:height\" content=\"250\" \/>\n\t<meta property=\"og:image:type\" content=\"image\/png\" \/>\n<meta name=\"author\" content=\"manadmin\" \/>\n<meta name=\"twitter:card\" content=\"summary_large_image\" \/>\n<meta name=\"twitter:label1\" content=\"Written by\" \/>\n\t<meta name=\"twitter:data1\" content=\"manadmin\" \/>\n<script type=\"application\/ld+json\" class=\"yoast-schema-graph\">{\"@context\":\"https:\/\/schema.org\",\"@graph\":[{\"@type\":\"Article\",\"@id\":\"https:\/\/fadeu.urantiacos.cl\/en\/2021\/11\/19\/martin-tironi-es-invitado-como-keynote-en-el-sustainable-design-symposium-de-brazil\/#article\",\"isPartOf\":{\"@id\":\"https:\/\/fadeu.urantiacos.cl\/en\/2021\/11\/19\/martin-tironi-es-invitado-como-keynote-en-el-sustainable-design-symposium-de-brazil\/\"},\"author\":{\"name\":\"manadmin\",\"@id\":\"https:\/\/fadeu.urantiacos.cl\/en\/#\/schema\/person\/d203e2e84b1c40275eac77b3061a19a2\"},\"headline\":\"Mart\u00edn Tironi es invitado como keynote en el Sustainable Design Symposium de Brazil\",\"datePublished\":\"2021-11-19T12:26:00+00:00\",\"dateModified\":\"2023-09-07T12:27:45+00:00\",\"mainEntityOfPage\":{\"@id\":\"https:\/\/fadeu.urantiacos.cl\/en\/2021\/11\/19\/martin-tironi-es-invitado-como-keynote-en-el-sustainable-design-symposium-de-brazil\/\"},\"wordCount\":82,\"commentCount\":0,\"image\":{\"@id\":\"https:\/\/fadeu.urantiacos.cl\/en\/2021\/11\/19\/martin-tironi-es-invitado-como-keynote-en-el-sustainable-design-symposium-de-brazil\/#primaryimage\"},\"thumbnailUrl\":\"https:\/\/fadeu.urantiacos.cl\/wp-content\/uploads\/2023\/09\/SDS2021_web.png\",\"articleSection\":[\"Sin categorizar\"],\"inLanguage\":\"en-US\",\"potentialAction\":[{\"@type\":\"CommentAction\",\"name\":\"Comment\",\"target\":[\"https:\/\/fadeu.urantiacos.cl\/en\/2021\/11\/19\/martin-tironi-es-invitado-como-keynote-en-el-sustainable-design-symposium-de-brazil\/#respond\"]}]},{\"@type\":\"WebPage\",\"@id\":\"https:\/\/fadeu.urantiacos.cl\/en\/2021\/11\/19\/martin-tironi-es-invitado-como-keynote-en-el-sustainable-design-symposium-de-brazil\/\",\"url\":\"https:\/\/fadeu.urantiacos.cl\/en\/2021\/11\/19\/martin-tironi-es-invitado-como-keynote-en-el-sustainable-design-symposium-de-brazil\/\",\"name\":\"Mart\u00edn Tironi es invitado como keynote en el Sustainable Design Symposium de Brazil - Facultad de Arquitectura, Dise\u00f1o y Estudios Urbanos\",\"isPartOf\":{\"@id\":\"https:\/\/fadeu.urantiacos.cl\/en\/#website\"},\"primaryImageOfPage\":{\"@id\":\"https:\/\/fadeu.urantiacos.cl\/en\/2021\/11\/19\/martin-tironi-es-invitado-como-keynote-en-el-sustainable-design-symposium-de-brazil\/#primaryimage\"},\"image\":{\"@id\":\"https:\/\/fadeu.urantiacos.cl\/en\/2021\/11\/19\/martin-tironi-es-invitado-como-keynote-en-el-sustainable-design-symposium-de-brazil\/#primaryimage\"},\"thumbnailUrl\":\"https:\/\/fadeu.urantiacos.cl\/wp-content\/uploads\/2023\/09\/SDS2021_web.png\",\"datePublished\":\"2021-11-19T12:26:00+00:00\",\"dateModified\":\"2023-09-07T12:27:45+00:00\",\"author\":{\"@id\":\"https:\/\/fadeu.urantiacos.cl\/en\/#\/schema\/person\/d203e2e84b1c40275eac77b3061a19a2\"},\"description\":\"El acad\u00e9mico de la Escuela de Dise\u00f1o, Mart\u00edn Tironi ser\u00e1 conferencista de la Simposio de Dise\u00f1o Sostenible, a realizarse de manera virtual y presencial en Brasil. El evento se llevar\u00e1 a cabo entre el 1 y el 3 de diciembre de 2021. Este simposio es uno de los principales eventos en el campo del Dise\u00f1o para la Sostenibilidad en Am\u00e9rica del Sur. El evento se llevar\u00e1 cuenta con el respaldo de la Red Brasile\u00f1a de Aprendizaje en Sostenibilidad (LeNS Brasil) y la Red DESIS (Red de Dise\u00f1o para la Innovaci\u00f3n Social y la Sostenibilidad). El objetivo de este evento es promover el intercambio y la discusi\u00f3n de ideas y pr\u00e1cticas sobre el panorama actual y futuro del dise\u00f1o, con relaci\u00f3n a los diversos aspectos vinculados al desarrollo sostenible\",\"breadcrumb\":{\"@id\":\"https:\/\/fadeu.urantiacos.cl\/en\/2021\/11\/19\/martin-tironi-es-invitado-como-keynote-en-el-sustainable-design-symposium-de-brazil\/#breadcrumb\"},\"inLanguage\":\"en-US\",\"potentialAction\":[{\"@type\":\"ReadAction\",\"target\":[\"https:\/\/fadeu.urantiacos.cl\/en\/2021\/11\/19\/martin-tironi-es-invitado-como-keynote-en-el-sustainable-design-symposium-de-brazil\/\"]}]},{\"@type\":\"ImageObject\",\"inLanguage\":\"en-US\",\"@id\":\"https:\/\/fadeu.urantiacos.cl\/en\/2021\/11\/19\/martin-tironi-es-invitado-como-keynote-en-el-sustainable-design-symposium-de-brazil\/#primaryimage\",\"url\":\"https:\/\/fadeu.urantiacos.cl\/wp-content\/uploads\/2023\/09\/SDS2021_web.png\",\"contentUrl\":\"https:\/\/fadeu.urantiacos.cl\/wp-content\/uploads\/2023\/09\/SDS2021_web.png\",\"width\":350,\"height\":250},{\"@type\":\"BreadcrumbList\",\"@id\":\"https:\/\/fadeu.urantiacos.cl\/en\/2021\/11\/19\/martin-tironi-es-invitado-como-keynote-en-el-sustainable-design-symposium-de-brazil\/#breadcrumb\",\"itemListElement\":[{\"@type\":\"ListItem\",\"position\":1,\"name\":\"Portada\",\"item\":\"https:\/\/fadeu.urantiacos.cl\/en\/\"},{\"@type\":\"ListItem\",\"position\":2,\"name\":\"Mart\u00edn Tironi es invitado como keynote en el Sustainable Design Symposium de Brazil\"}]},{\"@type\":\"WebSite\",\"@id\":\"https:\/\/fadeu.urantiacos.cl\/en\/#website\",\"url\":\"https:\/\/fadeu.urantiacos.cl\/en\/\",\"name\":\"Facultad de Arquitectura, Dise\u00f1o y Estudios Urbanos\",\"description\":\"Campus Lo Contador\",\"potentialAction\":[{\"@type\":\"SearchAction\",\"target\":{\"@type\":\"EntryPoint\",\"urlTemplate\":\"https:\/\/fadeu.urantiacos.cl\/en\/?s={search_term_string}\"},\"query-input\":{\"@type\":\"PropertyValueSpecification\",\"valueRequired\":true,\"valueName\":\"search_term_string\"}}],\"inLanguage\":\"en-US\"},{\"@type\":\"Person\",\"@id\":\"https:\/\/fadeu.urantiacos.cl\/en\/#\/schema\/person\/d203e2e84b1c40275eac77b3061a19a2\",\"name\":\"manadmin\",\"image\":{\"@type\":\"ImageObject\",\"inLanguage\":\"en-US\",\"@id\":\"https:\/\/fadeu.urantiacos.cl\/en\/#\/schema\/person\/image\/\",\"url\":\"https:\/\/secure.gravatar.com\/avatar\/4b1d8e3303b4a9d8968ac578947d8bc80d9aea359f388cdd4aac15cadc0e8447?s=96&d=mm&r=g\",\"contentUrl\":\"https:\/\/secure.gravatar.com\/avatar\/4b1d8e3303b4a9d8968ac578947d8bc80d9aea359f388cdd4aac15cadc0e8447?s=96&d=mm&r=g\",\"caption\":\"manadmin\"},\"sameAs\":[\"https:\/\/fadeu.urantiacos.cl\"]}]}<\/script>\n<!-- \/ Yoast SEO plugin. -->","yoast_head_json":{"title":"Mart\u00edn Tironi es invitado como keynote en el Sustainable Design Symposium de Brazil - Facultad de Arquitectura, Dise\u00f1o y Estudios Urbanos","description":"El acad\u00e9mico de la Escuela de Dise\u00f1o, Mart\u00edn Tironi ser\u00e1 conferencista de la Simposio de Dise\u00f1o Sostenible, a realizarse de manera virtual y presencial en Brasil. El evento se llevar\u00e1 a cabo entre el 1 y el 3 de diciembre de 2021. Este simposio es uno de los principales eventos en el campo del Dise\u00f1o para la Sostenibilidad en Am\u00e9rica del Sur. El evento se llevar\u00e1 cuenta con el respaldo de la Red Brasile\u00f1a de Aprendizaje en Sostenibilidad (LeNS Brasil) y la Red DESIS (Red de Dise\u00f1o para la Innovaci\u00f3n Social y la Sostenibilidad). El objetivo de este evento es promover el intercambio y la discusi\u00f3n de ideas y pr\u00e1cticas sobre el panorama actual y futuro del dise\u00f1o, con relaci\u00f3n a los diversos aspectos vinculados al desarrollo sostenible","robots":{"index":"index","follow":"follow","max-snippet":"max-snippet:-1","max-image-preview":"max-image-preview:large","max-video-preview":"max-video-preview:-1"},"canonical":"https:\/\/fadeu.urantiacos.cl\/en\/2021\/11\/19\/martin-tironi-es-invitado-como-keynote-en-el-sustainable-design-symposium-de-brazil\/","og_locale":"en_US","og_type":"article","og_title":"Mart\u00edn Tironi es invitado como keynote en el Sustainable Design Symposium de Brazil - Facultad de Arquitectura, Dise\u00f1o y Estudios Urbanos","og_description":"El acad\u00e9mico de la Escuela de Dise\u00f1o, Mart\u00edn Tironi ser\u00e1 conferencista de la Simposio de Dise\u00f1o Sostenible, a realizarse de manera virtual y presencial en Brasil. El evento se llevar\u00e1 a cabo entre el 1 y el 3 de diciembre de 2021. Este simposio es uno de los principales eventos en el campo del Dise\u00f1o para la Sostenibilidad en Am\u00e9rica del Sur. El evento se llevar\u00e1 cuenta con el respaldo de la Red Brasile\u00f1a de Aprendizaje en Sostenibilidad (LeNS Brasil) y la Red DESIS (Red de Dise\u00f1o para la Innovaci\u00f3n Social y la Sostenibilidad). El objetivo de este evento es promover el intercambio y la discusi\u00f3n de ideas y pr\u00e1cticas sobre el panorama actual y futuro del dise\u00f1o, con relaci\u00f3n a los diversos aspectos vinculados al desarrollo sostenible","og_url":"https:\/\/fadeu.urantiacos.cl\/en\/2021\/11\/19\/martin-tironi-es-invitado-como-keynote-en-el-sustainable-design-symposium-de-brazil\/","og_site_name":"Facultad de Arquitectura, Dise\u00f1o y Estudios Urbanos","article_published_time":"2021-11-19T12:26:00+00:00","article_modified_time":"2023-09-07T12:27:45+00:00","og_image":[{"width":350,"height":250,"url":"https:\/\/fadeu.urantiacos.cl\/wp-content\/uploads\/2023\/09\/SDS2021_web.png","type":"image\/png"}],"author":"manadmin","twitter_card":"summary_large_image","twitter_misc":{"Written by":"manadmin"},"schema":{"@context":"https:\/\/schema.org","@graph":[{"@type":"Article","@id":"https:\/\/fadeu.urantiacos.cl\/en\/2021\/11\/19\/martin-tironi-es-invitado-como-keynote-en-el-sustainable-design-symposium-de-brazil\/#article","isPartOf":{"@id":"https:\/\/fadeu.urantiacos.cl\/en\/2021\/11\/19\/martin-tironi-es-invitado-como-keynote-en-el-sustainable-design-symposium-de-brazil\/"},"author":{"name":"manadmin","@id":"https:\/\/fadeu.urantiacos.cl\/en\/#\/schema\/person\/d203e2e84b1c40275eac77b3061a19a2"},"headline":"Mart\u00edn Tironi es invitado como keynote en el Sustainable Design Symposium de Brazil","datePublished":"2021-11-19T12:26:00+00:00","dateModified":"2023-09-07T12:27:45+00:00","mainEntityOfPage":{"@id":"https:\/\/fadeu.urantiacos.cl\/en\/2021\/11\/19\/martin-tironi-es-invitado-como-keynote-en-el-sustainable-design-symposium-de-brazil\/"},"wordCount":82,"commentCount":0,"image":{"@id":"https:\/\/fadeu.urantiacos.cl\/en\/2021\/11\/19\/martin-tironi-es-invitado-como-keynote-en-el-sustainable-design-symposium-de-brazil\/#primaryimage"},"thumbnailUrl":"https:\/\/fadeu.urantiacos.cl\/wp-content\/uploads\/2023\/09\/SDS2021_web.png","articleSection":["Sin categorizar"],"inLanguage":"en-US","potentialAction":[{"@type":"CommentAction","name":"Comment","target":["https:\/\/fadeu.urantiacos.cl\/en\/2021\/11\/19\/martin-tironi-es-invitado-como-keynote-en-el-sustainable-design-symposium-de-brazil\/#respond"]}]},{"@type":"WebPage","@id":"https:\/\/fadeu.urantiacos.cl\/en\/2021\/11\/19\/martin-tironi-es-invitado-como-keynote-en-el-sustainable-design-symposium-de-brazil\/","url":"https:\/\/fadeu.urantiacos.cl\/en\/2021\/11\/19\/martin-tironi-es-invitado-como-keynote-en-el-sustainable-design-symposium-de-brazil\/","name":"Mart\u00edn Tironi es invitado como keynote en el Sustainable Design Symposium de Brazil - Facultad de Arquitectura, Dise\u00f1o y Estudios Urbanos","isPartOf":{"@id":"https:\/\/fadeu.urantiacos.cl\/en\/#website"},"primaryImageOfPage":{"@id":"https:\/\/fadeu.urantiacos.cl\/en\/2021\/11\/19\/martin-tironi-es-invitado-como-keynote-en-el-sustainable-design-symposium-de-brazil\/#primaryimage"},"image":{"@id":"https:\/\/fadeu.urantiacos.cl\/en\/2021\/11\/19\/martin-tironi-es-invitado-como-keynote-en-el-sustainable-design-symposium-de-brazil\/#primaryimage"},"thumbnailUrl":"https:\/\/fadeu.urantiacos.cl\/wp-content\/uploads\/2023\/09\/SDS2021_web.png","datePublished":"2021-11-19T12:26:00+00:00","dateModified":"2023-09-07T12:27:45+00:00","author":{"@id":"https:\/\/fadeu.urantiacos.cl\/en\/#\/schema\/person\/d203e2e84b1c40275eac77b3061a19a2"},"description":"El acad\u00e9mico de la Escuela de Dise\u00f1o, Mart\u00edn Tironi ser\u00e1 conferencista de la Simposio de Dise\u00f1o Sostenible, a realizarse de manera virtual y presencial en Brasil. El evento se llevar\u00e1 a cabo entre el 1 y el 3 de diciembre de 2021. Este simposio es uno de los principales eventos en el campo del Dise\u00f1o para la Sostenibilidad en Am\u00e9rica del Sur. El evento se llevar\u00e1 cuenta con el respaldo de la Red Brasile\u00f1a de Aprendizaje en Sostenibilidad (LeNS Brasil) y la Red DESIS (Red de Dise\u00f1o para la Innovaci\u00f3n Social y la Sostenibilidad). El objetivo de este evento es promover el intercambio y la discusi\u00f3n de ideas y pr\u00e1cticas sobre el panorama actual y futuro del dise\u00f1o, con relaci\u00f3n a los diversos aspectos vinculados al desarrollo sostenible","breadcrumb":{"@id":"https:\/\/fadeu.urantiacos.cl\/en\/2021\/11\/19\/martin-tironi-es-invitado-como-keynote-en-el-sustainable-design-symposium-de-brazil\/#breadcrumb"},"inLanguage":"en-US","potentialAction":[{"@type":"ReadAction","target":["https:\/\/fadeu.urantiacos.cl\/en\/2021\/11\/19\/martin-tironi-es-invitado-como-keynote-en-el-sustainable-design-symposium-de-brazil\/"]}]},{"@type":"ImageObject","inLanguage":"en-US","@id":"https:\/\/fadeu.urantiacos.cl\/en\/2021\/11\/19\/martin-tironi-es-invitado-como-keynote-en-el-sustainable-design-symposium-de-brazil\/#primaryimage","url":"https:\/\/fadeu.urantiacos.cl\/wp-content\/uploads\/2023\/09\/SDS2021_web.png","contentUrl":"https:\/\/fadeu.urantiacos.cl\/wp-content\/uploads\/2023\/09\/SDS2021_web.png","width":350,"height":250},{"@type":"BreadcrumbList","@id":"https:\/\/fadeu.urantiacos.cl\/en\/2021\/11\/19\/martin-tironi-es-invitado-como-keynote-en-el-sustainable-design-symposium-de-brazil\/#breadcrumb","itemListElement":[{"@type":"ListItem","position":1,"name":"Portada","item":"https:\/\/fadeu.urantiacos.cl\/en\/"},{"@type":"ListItem","position":2,"name":"Mart\u00edn Tironi es invitado como keynote en el Sustainable Design Symposium de Brazil"}]},{"@type":"WebSite","@id":"https:\/\/fadeu.urantiacos.cl\/en\/#website","url":"https:\/\/fadeu.urantiacos.cl\/en\/","name":"Facultad de Arquitectura, Dise\u00f1o y Estudios Urbanos","description":"Campus Lo Contador","potentialAction":[{"@type":"SearchAction","target":{"@type":"EntryPoint","urlTemplate":"https:\/\/fadeu.urantiacos.cl\/en\/?s={search_term_string}"},"query-input":{"@type":"PropertyValueSpecification","valueRequired":true,"valueName":"search_term_string"}}],"inLanguage":"en-US"},{"@type":"Person","@id":"https:\/\/fadeu.urantiacos.cl\/en\/#\/schema\/person\/d203e2e84b1c40275eac77b3061a19a2","name":"manadmin","image":{"@type":"ImageObject","inLanguage":"en-US","@id":"https:\/\/fadeu.urantiacos.cl\/en\/#\/schema\/person\/image\/","url":"https:\/\/secure.gravatar.com\/avatar\/4b1d8e3303b4a9d8968ac578947d8bc80d9aea359f388cdd4aac15cadc0e8447?s=96&d=mm&r=g","contentUrl":"https:\/\/secure.gravatar.com\/avatar\/4b1d8e3303b4a9d8968ac578947d8bc80d9aea359f388cdd4aac15cadc0e8447?s=96&d=mm&r=g","caption":"manadmin"},"sameAs":["https:\/\/fadeu.urantiacos.cl"]}]}},"_links":{"self":[{"href":"https:\/\/fadeu.urantiacos.cl\/en\/wp-json\/wp\/v2\/posts\/5947","targetHints":{"allow":["GET"]}}],"collection":[{"href":"https:\/\/fadeu.urantiacos.cl\/en\/wp-json\/wp\/v2\/posts"}],"about":[{"href":"https:\/\/fadeu.urantiacos.cl\/en\/wp-json\/wp\/v2\/types\/post"}],"author":[{"embeddable":true,"href":"https:\/\/fadeu.urantiacos.cl\/en\/wp-json\/wp\/v2\/users\/1"}],"replies":[{"embeddable":true,"href":"https:\/\/fadeu.urantiacos.cl\/en\/wp-json\/wp\/v2\/comments?post=5947"}],"version-history":[{"count":1,"href":"https:\/\/fadeu.urantiacos.cl\/en\/wp-json\/wp\/v2\/posts\/5947\/revisions"}],"predecessor-version":[{"id":5949,"href":"https:\/\/fadeu.urantiacos.cl\/en\/wp-json\/wp\/v2\/posts\/5947\/revisions\/5949"}],"wp:featuredmedia":[{"embeddable":true,"href":"https:\/\/fadeu.urantiacos.cl\/en\/wp-json\/wp\/v2\/media\/5948"}],"wp:attachment":[{"href":"https:\/\/fadeu.urantiacos.cl\/en\/wp-json\/wp\/v2\/media?parent=5947"}],"wp:term":[{"taxonomy":"category","embeddable":true,"href":"https:\/\/fadeu.urantiacos.cl\/en\/wp-json\/wp\/v2\/categories?post=5947"},{"taxonomy":"post_tag","embeddable":true,"href":"https:\/\/fadeu.urantiacos.cl\/en\/wp-json\/wp\/v2\/tags?post=5947"}],"curies":[{"name":"wp","href":"https:\/\/api.w.org\/{rel}","templated":true}]}}