{"id":5941,"date":"2021-11-19T09:22:00","date_gmt":"2021-11-19T12:22:00","guid":{"rendered":"https:\/\/fadeu.urantiacos.cl\/?p=5941"},"modified":"2023-09-07T09:26:12","modified_gmt":"2023-09-07T12:26:12","slug":"rector-ignacio-sanchez-se-reune-con-academicos-as-fadeu","status":"publish","type":"post","link":"https:\/\/fadeu.urantiacos.cl\/en\/2021\/11\/19\/rector-ignacio-sanchez-se-reune-con-academicos-as-fadeu\/","title":{"rendered":"Rector Ignacio S\u00e1nchez se re\u00fane con acad\u00e9micos\/as FADEU"},"content":{"rendered":"\n<figure class=\"wp-block-image size-full\"><img decoding=\"async\" width=\"350\" height=\"250\" src=\"https:\/\/fadeu.urantiacos.cl\/wp-content\/uploads\/2023\/09\/Rector_3_WEB.jpg\" alt=\"\" class=\"wp-image-5942\" srcset=\"https:\/\/fadeu.urantiacos.cl\/wp-content\/uploads\/2023\/09\/Rector_3_WEB.jpg 350w, https:\/\/fadeu.urantiacos.cl\/wp-content\/uploads\/2023\/09\/Rector_3_WEB-300x214.jpg 300w\" sizes=\"(max-width: 350px) 100vw, 350px\" \/><\/figure>\n\n\n\n<p>La instancia fue conducida por el Decano Mario Ubilla, y estuvieron presentes de manera presencial los directores de las escuelas de Arquitectura, Dise\u00f1o y del Instituto de Estudios Urbanos y Territoriales, Luis Eduardo Bresciani, Rodrigo Ram\u00edrez y Luis Fuentes, respectivamente; las autoridades del Decanato (Secretario Acad\u00e9mico, Felipe Encinas; Directora de Comunicaciones, Macarena Cort\u00e9s; Directora de Investigaci\u00f3n y Postgrado, Magdalena Vicu\u00f1a; y Encargada de la Unidad de Equidad de G\u00e9nero, Pilar Garc\u00eda), y 42 profesores y profesoras conectadas v\u00eda Zoom.<\/p>\n\n\n\n<p>El Rector coment\u00f3 el estado actual de la Universidad. Profundiz\u00f3 sobre la participaci\u00f3n de la UC en la generaci\u00f3n de vacunas para el pa\u00eds y para el contexto internacional; abord\u00f3 el programa Endowment; la participaci\u00f3n de m\u00e1s de 90 acad\u00e9micos\/as UC participando en el levantamiento de insumos para la Convenci\u00f3n Constituyente en diversas materias y otras materias.<\/p>\n\n\n\n<p>Adem\u00e1s, el Rector S\u00e1nchez inform\u00f3 de la continuidad de la educaci\u00f3n online hacia futuro (independiente de los escenarios de pandemia), como un mecanismo que debiera consolidarse a nivel de algunas \u00e1reas de postgrado y educaci\u00f3n continua.<\/p>\n\n\n\n<p>Hicieron uso de la palabra los profesores Luis Eduardo Bresciani, Rodrigo Ramirez, Romy Hetc, Enrique del R\u00edo, Magdalena Vicu\u00f1a, Macarena Ibarra y Macarena Cort\u00e9s.<\/p>\n\n\n\n<p>El Rector S\u00e1nchez elogi\u00f3 la participaci\u00f3n de los acad\u00e9micos y acad\u00e9micas en la instancia y valor\u00f3 la participaci\u00f3n del cuerpo docente de la FADEU en distintas iniciativas de connotaci\u00f3n p\u00fablica y de inter\u00e9s nacional, como mesas de trabajo con los sectores p\u00fablico y privados, ejecuci\u00f3n de proyectos de alto impacto social y otros.<\/p>\n\n\n\n<p>\u201cHa sido, como siempre, una grata instancia de retroalimentaci\u00f3n con la primera autoridad de nuestra Universidad, y una oportunidad de conocer de primera fuente cu\u00e1les son los desaf\u00edos que actualmente enfrenta nuestra casa de estudios en medio de un escenario de crisis sanitaria, ad portas de una elecci\u00f3n presidencial y en medio del proceso de redacci\u00f3n de una nueva Constituci\u00f3n\u201d, afirm\u00f3 el Decano, Mario Ubilla, agregando que \u201cvaloramos mucho que el Rector S\u00e1nchez siempre se d\u00e9 el tiempo de exponer de manera muy detallada los distintos desaf\u00edos por los cuales atraviesa nuestra Universidad, manteniendo informados, de primera mano, a nuestros acad\u00e9micos y acad\u00e9micas\u201d.<\/p>\n\n\n\n<p>INFORMACI\u00d3N PERIOD\u00cdSTICA<br>JUAN ANDR\u00c9S INZUNZA<\/p>\n\n\n\n<figure class=\"wp-block-image size-large\"><img decoding=\"async\" width=\"1024\" height=\"768\" src=\"https:\/\/fadeu.urantiacos.cl\/wp-content\/uploads\/2023\/09\/Rector_1-1024x768.jpeg\" alt=\"\" class=\"wp-image-5943\" srcset=\"https:\/\/fadeu.urantiacos.cl\/wp-content\/uploads\/2023\/09\/Rector_1-1024x768.jpeg 1024w, https:\/\/fadeu.urantiacos.cl\/wp-content\/uploads\/2023\/09\/Rector_1-300x225.jpeg 300w, https:\/\/fadeu.urantiacos.cl\/wp-content\/uploads\/2023\/09\/Rector_1-768x576.jpeg 768w, https:\/\/fadeu.urantiacos.cl\/wp-content\/uploads\/2023\/09\/Rector_1-1536x1152.jpeg 1536w, https:\/\/fadeu.urantiacos.cl\/wp-content\/uploads\/2023\/09\/Rector_1.jpeg 1600w\" sizes=\"(max-width: 1024px) 100vw, 1024px\" \/><\/figure>\n\n\n\n<figure class=\"wp-block-image size-large\"><img decoding=\"async\" width=\"1024\" height=\"768\" src=\"https:\/\/fadeu.urantiacos.cl\/wp-content\/uploads\/2023\/09\/Rector_2-1024x768.jpeg\" alt=\"\" class=\"wp-image-5944\" srcset=\"https:\/\/fadeu.urantiacos.cl\/wp-content\/uploads\/2023\/09\/Rector_2-1024x768.jpeg 1024w, https:\/\/fadeu.urantiacos.cl\/wp-content\/uploads\/2023\/09\/Rector_2-300x225.jpeg 300w, https:\/\/fadeu.urantiacos.cl\/wp-content\/uploads\/2023\/09\/Rector_2-768x576.jpeg 768w, https:\/\/fadeu.urantiacos.cl\/wp-content\/uploads\/2023\/09\/Rector_2-1536x1152.jpeg 1536w, https:\/\/fadeu.urantiacos.cl\/wp-content\/uploads\/2023\/09\/Rector_2.jpeg 1600w\" sizes=\"(max-width: 1024px) 100vw, 1024px\" \/><\/figure>\n\n\n\n<figure class=\"wp-block-image size-large\"><img decoding=\"async\" width=\"1024\" height=\"768\" src=\"https:\/\/fadeu.urantiacos.cl\/wp-content\/uploads\/2023\/09\/Rector_3-1024x768.jpeg\" alt=\"\" class=\"wp-image-5945\" srcset=\"https:\/\/fadeu.urantiacos.cl\/wp-content\/uploads\/2023\/09\/Rector_3-1024x768.jpeg 1024w, https:\/\/fadeu.urantiacos.cl\/wp-content\/uploads\/2023\/09\/Rector_3-300x225.jpeg 300w, https:\/\/fadeu.urantiacos.cl\/wp-content\/uploads\/2023\/09\/Rector_3-768x576.jpeg 768w, https:\/\/fadeu.urantiacos.cl\/wp-content\/uploads\/2023\/09\/Rector_3-1536x1152.jpeg 1536w, https:\/\/fadeu.urantiacos.cl\/wp-content\/uploads\/2023\/09\/Rector_3.jpeg 1600w\" sizes=\"(max-width: 1024px) 100vw, 1024px\" \/><\/figure>\n","protected":false},"excerpt":{"rendered":"<p>En una reuni\u00f3n h\u00edbrida llevada a cabo en el Decanato de la Facultad de Arquitectura, Dise\u00f1o y Estudios Urbanos, el Rector Ignacio S\u00e1nchez se reuni\u00f3 con profesores y profesoras de las unidades acad\u00e9micas para abordar distintos escenarios actuales de la Universidad y conocer inquietudes del profesorado.<\/p>\n","protected":false},"author":1,"featured_media":5942,"comment_status":"open","ping_status":"open","sticky":false,"template":"","format":"standard","meta":{"_acf_changed":false,"footnotes":""},"categories":[1],"tags":[],"class_list":["post-5941","post","type-post","status-publish","format-standard","has-post-thumbnail","hentry","category-sin-categorizar"],"acf":[],"yoast_head":"<!-- This site is optimized with the Yoast SEO plugin v27.1.1 - https:\/\/yoast.com\/product\/yoast-seo-wordpress\/ -->\n<title>Rector Ignacio S\u00e1nchez se re\u00fane con acad\u00e9micos\/as FADEU - Facultad de Arquitectura, Dise\u00f1o y Estudios Urbanos<\/title>\n<meta name=\"description\" content=\"En una reuni\u00f3n h\u00edbrida llevada a cabo en el Decanato de la Facultad de Arquitectura, Dise\u00f1o y Estudios Urbanos, el Rector Ignacio S\u00e1nchez se reuni\u00f3 con profesores y profesoras de las unidades acad\u00e9micas para abordar distintos escenarios actuales de la Universidad y conocer inquietudes del profesorado.\" \/>\n<meta name=\"robots\" content=\"index, follow, max-snippet:-1, max-image-preview:large, max-video-preview:-1\" \/>\n<link rel=\"canonical\" href=\"https:\/\/fadeu.urantiacos.cl\/en\/2021\/11\/19\/rector-ignacio-sanchez-se-reune-con-academicos-as-fadeu\/\" \/>\n<meta property=\"og:locale\" content=\"en_US\" \/>\n<meta property=\"og:type\" content=\"article\" \/>\n<meta property=\"og:title\" content=\"Rector Ignacio S\u00e1nchez se re\u00fane con acad\u00e9micos\/as FADEU - Facultad de Arquitectura, Dise\u00f1o y Estudios Urbanos\" \/>\n<meta property=\"og:description\" content=\"En una reuni\u00f3n h\u00edbrida llevada a cabo en el Decanato de la Facultad de Arquitectura, Dise\u00f1o y Estudios Urbanos, el Rector Ignacio S\u00e1nchez se reuni\u00f3 con profesores y profesoras de las unidades acad\u00e9micas para abordar distintos escenarios actuales de la Universidad y conocer inquietudes del profesorado.\" \/>\n<meta property=\"og:url\" content=\"https:\/\/fadeu.urantiacos.cl\/en\/2021\/11\/19\/rector-ignacio-sanchez-se-reune-con-academicos-as-fadeu\/\" \/>\n<meta property=\"og:site_name\" content=\"Facultad de Arquitectura, Dise\u00f1o y Estudios Urbanos\" \/>\n<meta property=\"article:published_time\" content=\"2021-11-19T12:22:00+00:00\" \/>\n<meta property=\"article:modified_time\" content=\"2023-09-07T12:26:12+00:00\" \/>\n<meta property=\"og:image\" content=\"https:\/\/fadeu.urantiacos.cl\/wp-content\/uploads\/2023\/09\/Rector_3_WEB.jpg\" \/>\n\t<meta property=\"og:image:width\" content=\"350\" \/>\n\t<meta property=\"og:image:height\" content=\"250\" \/>\n\t<meta property=\"og:image:type\" content=\"image\/jpeg\" \/>\n<meta name=\"author\" content=\"manadmin\" \/>\n<meta name=\"twitter:card\" content=\"summary_large_image\" \/>\n<meta name=\"twitter:label1\" content=\"Written by\" \/>\n\t<meta name=\"twitter:data1\" content=\"manadmin\" \/>\n\t<meta name=\"twitter:label2\" content=\"Est. reading time\" \/>\n\t<meta name=\"twitter:data2\" content=\"2 minutes\" \/>\n<script type=\"application\/ld+json\" class=\"yoast-schema-graph\">{\"@context\":\"https:\/\/schema.org\",\"@graph\":[{\"@type\":\"Article\",\"@id\":\"https:\/\/fadeu.urantiacos.cl\/en\/2021\/11\/19\/rector-ignacio-sanchez-se-reune-con-academicos-as-fadeu\/#article\",\"isPartOf\":{\"@id\":\"https:\/\/fadeu.urantiacos.cl\/en\/2021\/11\/19\/rector-ignacio-sanchez-se-reune-con-academicos-as-fadeu\/\"},\"author\":{\"name\":\"manadmin\",\"@id\":\"https:\/\/fadeu.urantiacos.cl\/en\/#\/schema\/person\/d203e2e84b1c40275eac77b3061a19a2\"},\"headline\":\"Rector Ignacio S\u00e1nchez se re\u00fane con acad\u00e9micos\/as FADEU\",\"datePublished\":\"2021-11-19T12:22:00+00:00\",\"dateModified\":\"2023-09-07T12:26:12+00:00\",\"mainEntityOfPage\":{\"@id\":\"https:\/\/fadeu.urantiacos.cl\/en\/2021\/11\/19\/rector-ignacio-sanchez-se-reune-con-academicos-as-fadeu\/\"},\"wordCount\":413,\"commentCount\":0,\"image\":{\"@id\":\"https:\/\/fadeu.urantiacos.cl\/en\/2021\/11\/19\/rector-ignacio-sanchez-se-reune-con-academicos-as-fadeu\/#primaryimage\"},\"thumbnailUrl\":\"https:\/\/fadeu.urantiacos.cl\/wp-content\/uploads\/2023\/09\/Rector_3_WEB.jpg\",\"articleSection\":[\"Sin categorizar\"],\"inLanguage\":\"en-US\",\"potentialAction\":[{\"@type\":\"CommentAction\",\"name\":\"Comment\",\"target\":[\"https:\/\/fadeu.urantiacos.cl\/en\/2021\/11\/19\/rector-ignacio-sanchez-se-reune-con-academicos-as-fadeu\/#respond\"]}]},{\"@type\":\"WebPage\",\"@id\":\"https:\/\/fadeu.urantiacos.cl\/en\/2021\/11\/19\/rector-ignacio-sanchez-se-reune-con-academicos-as-fadeu\/\",\"url\":\"https:\/\/fadeu.urantiacos.cl\/en\/2021\/11\/19\/rector-ignacio-sanchez-se-reune-con-academicos-as-fadeu\/\",\"name\":\"Rector Ignacio S\u00e1nchez se re\u00fane con acad\u00e9micos\/as FADEU - Facultad de Arquitectura, Dise\u00f1o y Estudios Urbanos\",\"isPartOf\":{\"@id\":\"https:\/\/fadeu.urantiacos.cl\/en\/#website\"},\"primaryImageOfPage\":{\"@id\":\"https:\/\/fadeu.urantiacos.cl\/en\/2021\/11\/19\/rector-ignacio-sanchez-se-reune-con-academicos-as-fadeu\/#primaryimage\"},\"image\":{\"@id\":\"https:\/\/fadeu.urantiacos.cl\/en\/2021\/11\/19\/rector-ignacio-sanchez-se-reune-con-academicos-as-fadeu\/#primaryimage\"},\"thumbnailUrl\":\"https:\/\/fadeu.urantiacos.cl\/wp-content\/uploads\/2023\/09\/Rector_3_WEB.jpg\",\"datePublished\":\"2021-11-19T12:22:00+00:00\",\"dateModified\":\"2023-09-07T12:26:12+00:00\",\"author\":{\"@id\":\"https:\/\/fadeu.urantiacos.cl\/en\/#\/schema\/person\/d203e2e84b1c40275eac77b3061a19a2\"},\"description\":\"En una reuni\u00f3n h\u00edbrida llevada a cabo en el Decanato de la Facultad de Arquitectura, Dise\u00f1o y Estudios Urbanos, el Rector Ignacio S\u00e1nchez se reuni\u00f3 con profesores y profesoras de las unidades acad\u00e9micas para abordar distintos escenarios actuales de la Universidad y conocer inquietudes del profesorado.\",\"breadcrumb\":{\"@id\":\"https:\/\/fadeu.urantiacos.cl\/en\/2021\/11\/19\/rector-ignacio-sanchez-se-reune-con-academicos-as-fadeu\/#breadcrumb\"},\"inLanguage\":\"en-US\",\"potentialAction\":[{\"@type\":\"ReadAction\",\"target\":[\"https:\/\/fadeu.urantiacos.cl\/en\/2021\/11\/19\/rector-ignacio-sanchez-se-reune-con-academicos-as-fadeu\/\"]}]},{\"@type\":\"ImageObject\",\"inLanguage\":\"en-US\",\"@id\":\"https:\/\/fadeu.urantiacos.cl\/en\/2021\/11\/19\/rector-ignacio-sanchez-se-reune-con-academicos-as-fadeu\/#primaryimage\",\"url\":\"https:\/\/fadeu.urantiacos.cl\/wp-content\/uploads\/2023\/09\/Rector_3_WEB.jpg\",\"contentUrl\":\"https:\/\/fadeu.urantiacos.cl\/wp-content\/uploads\/2023\/09\/Rector_3_WEB.jpg\",\"width\":350,\"height\":250},{\"@type\":\"BreadcrumbList\",\"@id\":\"https:\/\/fadeu.urantiacos.cl\/en\/2021\/11\/19\/rector-ignacio-sanchez-se-reune-con-academicos-as-fadeu\/#breadcrumb\",\"itemListElement\":[{\"@type\":\"ListItem\",\"position\":1,\"name\":\"Portada\",\"item\":\"https:\/\/fadeu.urantiacos.cl\/en\/\"},{\"@type\":\"ListItem\",\"position\":2,\"name\":\"Rector Ignacio S\u00e1nchez se re\u00fane con acad\u00e9micos\/as FADEU\"}]},{\"@type\":\"WebSite\",\"@id\":\"https:\/\/fadeu.urantiacos.cl\/en\/#website\",\"url\":\"https:\/\/fadeu.urantiacos.cl\/en\/\",\"name\":\"Facultad de Arquitectura, Dise\u00f1o y Estudios Urbanos\",\"description\":\"Campus Lo Contador\",\"potentialAction\":[{\"@type\":\"SearchAction\",\"target\":{\"@type\":\"EntryPoint\",\"urlTemplate\":\"https:\/\/fadeu.urantiacos.cl\/en\/?s={search_term_string}\"},\"query-input\":{\"@type\":\"PropertyValueSpecification\",\"valueRequired\":true,\"valueName\":\"search_term_string\"}}],\"inLanguage\":\"en-US\"},{\"@type\":\"Person\",\"@id\":\"https:\/\/fadeu.urantiacos.cl\/en\/#\/schema\/person\/d203e2e84b1c40275eac77b3061a19a2\",\"name\":\"manadmin\",\"image\":{\"@type\":\"ImageObject\",\"inLanguage\":\"en-US\",\"@id\":\"https:\/\/fadeu.urantiacos.cl\/en\/#\/schema\/person\/image\/\",\"url\":\"https:\/\/secure.gravatar.com\/avatar\/4b1d8e3303b4a9d8968ac578947d8bc80d9aea359f388cdd4aac15cadc0e8447?s=96&d=mm&r=g\",\"contentUrl\":\"https:\/\/secure.gravatar.com\/avatar\/4b1d8e3303b4a9d8968ac578947d8bc80d9aea359f388cdd4aac15cadc0e8447?s=96&d=mm&r=g\",\"caption\":\"manadmin\"},\"sameAs\":[\"https:\/\/fadeu.urantiacos.cl\"]}]}<\/script>\n<!-- \/ Yoast SEO plugin. -->","yoast_head_json":{"title":"Rector Ignacio S\u00e1nchez se re\u00fane con acad\u00e9micos\/as FADEU - Facultad de Arquitectura, Dise\u00f1o y Estudios Urbanos","description":"En una reuni\u00f3n h\u00edbrida llevada a cabo en el Decanato de la Facultad de Arquitectura, Dise\u00f1o y Estudios Urbanos, el Rector Ignacio S\u00e1nchez se reuni\u00f3 con profesores y profesoras de las unidades acad\u00e9micas para abordar distintos escenarios actuales de la Universidad y conocer inquietudes del profesorado.","robots":{"index":"index","follow":"follow","max-snippet":"max-snippet:-1","max-image-preview":"max-image-preview:large","max-video-preview":"max-video-preview:-1"},"canonical":"https:\/\/fadeu.urantiacos.cl\/en\/2021\/11\/19\/rector-ignacio-sanchez-se-reune-con-academicos-as-fadeu\/","og_locale":"en_US","og_type":"article","og_title":"Rector Ignacio S\u00e1nchez se re\u00fane con acad\u00e9micos\/as FADEU - Facultad de Arquitectura, Dise\u00f1o y Estudios Urbanos","og_description":"En una reuni\u00f3n h\u00edbrida llevada a cabo en el Decanato de la Facultad de Arquitectura, Dise\u00f1o y Estudios Urbanos, el Rector Ignacio S\u00e1nchez se reuni\u00f3 con profesores y profesoras de las unidades acad\u00e9micas para abordar distintos escenarios actuales de la Universidad y conocer inquietudes del profesorado.","og_url":"https:\/\/fadeu.urantiacos.cl\/en\/2021\/11\/19\/rector-ignacio-sanchez-se-reune-con-academicos-as-fadeu\/","og_site_name":"Facultad de Arquitectura, Dise\u00f1o y Estudios Urbanos","article_published_time":"2021-11-19T12:22:00+00:00","article_modified_time":"2023-09-07T12:26:12+00:00","og_image":[{"width":350,"height":250,"url":"https:\/\/fadeu.urantiacos.cl\/wp-content\/uploads\/2023\/09\/Rector_3_WEB.jpg","type":"image\/jpeg"}],"author":"manadmin","twitter_card":"summary_large_image","twitter_misc":{"Written by":"manadmin","Est. reading time":"2 minutes"},"schema":{"@context":"https:\/\/schema.org","@graph":[{"@type":"Article","@id":"https:\/\/fadeu.urantiacos.cl\/en\/2021\/11\/19\/rector-ignacio-sanchez-se-reune-con-academicos-as-fadeu\/#article","isPartOf":{"@id":"https:\/\/fadeu.urantiacos.cl\/en\/2021\/11\/19\/rector-ignacio-sanchez-se-reune-con-academicos-as-fadeu\/"},"author":{"name":"manadmin","@id":"https:\/\/fadeu.urantiacos.cl\/en\/#\/schema\/person\/d203e2e84b1c40275eac77b3061a19a2"},"headline":"Rector Ignacio S\u00e1nchez se re\u00fane con acad\u00e9micos\/as FADEU","datePublished":"2021-11-19T12:22:00+00:00","dateModified":"2023-09-07T12:26:12+00:00","mainEntityOfPage":{"@id":"https:\/\/fadeu.urantiacos.cl\/en\/2021\/11\/19\/rector-ignacio-sanchez-se-reune-con-academicos-as-fadeu\/"},"wordCount":413,"commentCount":0,"image":{"@id":"https:\/\/fadeu.urantiacos.cl\/en\/2021\/11\/19\/rector-ignacio-sanchez-se-reune-con-academicos-as-fadeu\/#primaryimage"},"thumbnailUrl":"https:\/\/fadeu.urantiacos.cl\/wp-content\/uploads\/2023\/09\/Rector_3_WEB.jpg","articleSection":["Sin categorizar"],"inLanguage":"en-US","potentialAction":[{"@type":"CommentAction","name":"Comment","target":["https:\/\/fadeu.urantiacos.cl\/en\/2021\/11\/19\/rector-ignacio-sanchez-se-reune-con-academicos-as-fadeu\/#respond"]}]},{"@type":"WebPage","@id":"https:\/\/fadeu.urantiacos.cl\/en\/2021\/11\/19\/rector-ignacio-sanchez-se-reune-con-academicos-as-fadeu\/","url":"https:\/\/fadeu.urantiacos.cl\/en\/2021\/11\/19\/rector-ignacio-sanchez-se-reune-con-academicos-as-fadeu\/","name":"Rector Ignacio S\u00e1nchez se re\u00fane con acad\u00e9micos\/as FADEU - Facultad de Arquitectura, Dise\u00f1o y Estudios Urbanos","isPartOf":{"@id":"https:\/\/fadeu.urantiacos.cl\/en\/#website"},"primaryImageOfPage":{"@id":"https:\/\/fadeu.urantiacos.cl\/en\/2021\/11\/19\/rector-ignacio-sanchez-se-reune-con-academicos-as-fadeu\/#primaryimage"},"image":{"@id":"https:\/\/fadeu.urantiacos.cl\/en\/2021\/11\/19\/rector-ignacio-sanchez-se-reune-con-academicos-as-fadeu\/#primaryimage"},"thumbnailUrl":"https:\/\/fadeu.urantiacos.cl\/wp-content\/uploads\/2023\/09\/Rector_3_WEB.jpg","datePublished":"2021-11-19T12:22:00+00:00","dateModified":"2023-09-07T12:26:12+00:00","author":{"@id":"https:\/\/fadeu.urantiacos.cl\/en\/#\/schema\/person\/d203e2e84b1c40275eac77b3061a19a2"},"description":"En una reuni\u00f3n h\u00edbrida llevada a cabo en el Decanato de la Facultad de Arquitectura, Dise\u00f1o y Estudios Urbanos, el Rector Ignacio S\u00e1nchez se reuni\u00f3 con profesores y profesoras de las unidades acad\u00e9micas para abordar distintos escenarios actuales de la Universidad y conocer inquietudes del profesorado.","breadcrumb":{"@id":"https:\/\/fadeu.urantiacos.cl\/en\/2021\/11\/19\/rector-ignacio-sanchez-se-reune-con-academicos-as-fadeu\/#breadcrumb"},"inLanguage":"en-US","potentialAction":[{"@type":"ReadAction","target":["https:\/\/fadeu.urantiacos.cl\/en\/2021\/11\/19\/rector-ignacio-sanchez-se-reune-con-academicos-as-fadeu\/"]}]},{"@type":"ImageObject","inLanguage":"en-US","@id":"https:\/\/fadeu.urantiacos.cl\/en\/2021\/11\/19\/rector-ignacio-sanchez-se-reune-con-academicos-as-fadeu\/#primaryimage","url":"https:\/\/fadeu.urantiacos.cl\/wp-content\/uploads\/2023\/09\/Rector_3_WEB.jpg","contentUrl":"https:\/\/fadeu.urantiacos.cl\/wp-content\/uploads\/2023\/09\/Rector_3_WEB.jpg","width":350,"height":250},{"@type":"BreadcrumbList","@id":"https:\/\/fadeu.urantiacos.cl\/en\/2021\/11\/19\/rector-ignacio-sanchez-se-reune-con-academicos-as-fadeu\/#breadcrumb","itemListElement":[{"@type":"ListItem","position":1,"name":"Portada","item":"https:\/\/fadeu.urantiacos.cl\/en\/"},{"@type":"ListItem","position":2,"name":"Rector Ignacio S\u00e1nchez se re\u00fane con acad\u00e9micos\/as FADEU"}]},{"@type":"WebSite","@id":"https:\/\/fadeu.urantiacos.cl\/en\/#website","url":"https:\/\/fadeu.urantiacos.cl\/en\/","name":"Facultad de Arquitectura, Dise\u00f1o y Estudios Urbanos","description":"Campus Lo Contador","potentialAction":[{"@type":"SearchAction","target":{"@type":"EntryPoint","urlTemplate":"https:\/\/fadeu.urantiacos.cl\/en\/?s={search_term_string}"},"query-input":{"@type":"PropertyValueSpecification","valueRequired":true,"valueName":"search_term_string"}}],"inLanguage":"en-US"},{"@type":"Person","@id":"https:\/\/fadeu.urantiacos.cl\/en\/#\/schema\/person\/d203e2e84b1c40275eac77b3061a19a2","name":"manadmin","image":{"@type":"ImageObject","inLanguage":"en-US","@id":"https:\/\/fadeu.urantiacos.cl\/en\/#\/schema\/person\/image\/","url":"https:\/\/secure.gravatar.com\/avatar\/4b1d8e3303b4a9d8968ac578947d8bc80d9aea359f388cdd4aac15cadc0e8447?s=96&d=mm&r=g","contentUrl":"https:\/\/secure.gravatar.com\/avatar\/4b1d8e3303b4a9d8968ac578947d8bc80d9aea359f388cdd4aac15cadc0e8447?s=96&d=mm&r=g","caption":"manadmin"},"sameAs":["https:\/\/fadeu.urantiacos.cl"]}]}},"_links":{"self":[{"href":"https:\/\/fadeu.urantiacos.cl\/en\/wp-json\/wp\/v2\/posts\/5941","targetHints":{"allow":["GET"]}}],"collection":[{"href":"https:\/\/fadeu.urantiacos.cl\/en\/wp-json\/wp\/v2\/posts"}],"about":[{"href":"https:\/\/fadeu.urantiacos.cl\/en\/wp-json\/wp\/v2\/types\/post"}],"author":[{"embeddable":true,"href":"https:\/\/fadeu.urantiacos.cl\/en\/wp-json\/wp\/v2\/users\/1"}],"replies":[{"embeddable":true,"href":"https:\/\/fadeu.urantiacos.cl\/en\/wp-json\/wp\/v2\/comments?post=5941"}],"version-history":[{"count":1,"href":"https:\/\/fadeu.urantiacos.cl\/en\/wp-json\/wp\/v2\/posts\/5941\/revisions"}],"predecessor-version":[{"id":5946,"href":"https:\/\/fadeu.urantiacos.cl\/en\/wp-json\/wp\/v2\/posts\/5941\/revisions\/5946"}],"wp:featuredmedia":[{"embeddable":true,"href":"https:\/\/fadeu.urantiacos.cl\/en\/wp-json\/wp\/v2\/media\/5942"}],"wp:attachment":[{"href":"https:\/\/fadeu.urantiacos.cl\/en\/wp-json\/wp\/v2\/media?parent=5941"}],"wp:term":[{"taxonomy":"category","embeddable":true,"href":"https:\/\/fadeu.urantiacos.cl\/en\/wp-json\/wp\/v2\/categories?post=5941"},{"taxonomy":"post_tag","embeddable":true,"href":"https:\/\/fadeu.urantiacos.cl\/en\/wp-json\/wp\/v2\/tags?post=5941"}],"curies":[{"name":"wp","href":"https:\/\/api.w.org\/{rel}","templated":true}]}}