{"id":5933,"date":"2021-11-21T09:14:00","date_gmt":"2021-11-21T12:14:00","guid":{"rendered":"https:\/\/fadeu.urantiacos.cl\/?p=5933"},"modified":"2023-09-07T09:19:33","modified_gmt":"2023-09-07T12:19:33","slug":"sebastian-irarrazaval-dicto-conferencia-en-la-iuav","status":"publish","type":"post","link":"https:\/\/fadeu.urantiacos.cl\/en\/2021\/11\/21\/sebastian-irarrazaval-dicto-conferencia-en-la-iuav\/","title":{"rendered":"Sebasti\u00e1n Irarr\u00e1zaval dict\u00f3 conferencia en la IUAV"},"content":{"rendered":"\n<figure class=\"wp-block-image size-full\"><img decoding=\"async\" width=\"350\" height=\"250\" src=\"https:\/\/fadeu.urantiacos.cl\/wp-content\/uploads\/2023\/09\/IMG_2860_web.jpg\" alt=\"\" class=\"wp-image-5934\" srcset=\"https:\/\/fadeu.urantiacos.cl\/wp-content\/uploads\/2023\/09\/IMG_2860_web.jpg 350w, https:\/\/fadeu.urantiacos.cl\/wp-content\/uploads\/2023\/09\/IMG_2860_web-300x214.jpg 300w\" sizes=\"(max-width: 350px) 100vw, 350px\" \/><\/figure>\n\n\n\n<p>Las charlas &#8220;November Talks&#8221; de este a\u00f1o se centran en la premisa: &#8220;la forma sigue al planeta&#8221;, idea lanzada como parte de la iniciativa New European Bauhaus. Con esto, se invita a arquitectos, urbanistas, artistas y dise\u00f1adores a llevar al centro de la discusi\u00f3n el desarrollo futuro de la Tierra, utilizando palabras clave como inclusi\u00f3n, sostenibilidad y belleza.<\/p>\n\n\n\n<p>Uno do los arquitectos invitados a este programa de conferencias fue el profesor ARQ UC Sebasti\u00e1n Irarr\u00e1zaval, quien propuso como concepto que &#8220;la forma debe seguir la cortes\u00eda&#8221;, ya que \u00e9sta \u00faltima es la actitud humana que permite negociar la presencia del otro. En esa l\u00ednea, Irarr\u00e1zaval se\u00f1al\u00f3: \u201cLa cortes\u00eda organiza y articula nuestro encuentro con el amado, con el adversario, con el familiar y con el extranjero. Nos ense\u00f1a c\u00f3mo manejar la bienvenida y el rechazo; en qu\u00e9 circunstancias tocar y cu\u00e1ndo no tocar y los modos sutiles del tocar. Nos ense\u00f1a a comportarnos cuando somos extranjeros. La cortes\u00eda nos ense\u00f1a a salir de nosotros mismos y abrirnos a la alteridad infinita. La cortes\u00eda tambi\u00e9n ense\u00f1a a traducir las se\u00f1ales de los dem\u00e1s\u201d.<\/p>\n\n\n\n<p>En ese sentido, el profesor ARQ UC afirm\u00f3 que \u201cser un buen arquitecto, es ser un perfecto anfitri\u00f3n\u201d, a\u00f1adiendo que \u201cla idea de cortes\u00eda engloba otras pr\u00e1cticas tales como el cuidado, la co-existencia, la inclusi\u00f3n y la co-inmunidad, nociones que, para superar la crisis ambiental, son imprescindibles de cultivar\u201d.<\/p>\n\n\n\n<figure class=\"wp-block-image size-large\"><img decoding=\"async\" width=\"1024\" height=\"926\" src=\"https:\/\/fadeu.urantiacos.cl\/wp-content\/uploads\/2023\/09\/IMG_2860-1024x926.jpeg\" alt=\"\" class=\"wp-image-5935\" srcset=\"https:\/\/fadeu.urantiacos.cl\/wp-content\/uploads\/2023\/09\/IMG_2860-1024x926.jpeg 1024w, https:\/\/fadeu.urantiacos.cl\/wp-content\/uploads\/2023\/09\/IMG_2860-300x271.jpeg 300w, https:\/\/fadeu.urantiacos.cl\/wp-content\/uploads\/2023\/09\/IMG_2860-768x695.jpeg 768w, https:\/\/fadeu.urantiacos.cl\/wp-content\/uploads\/2023\/09\/IMG_2860.jpeg 1080w\" sizes=\"(max-width: 1024px) 100vw, 1024px\" \/><\/figure>\n\n\n\n<figure class=\"wp-block-image size-large\"><img decoding=\"async\" width=\"1024\" height=\"926\" src=\"https:\/\/fadeu.urantiacos.cl\/wp-content\/uploads\/2023\/09\/IMG_2856_2-1024x926.jpeg\" alt=\"\" class=\"wp-image-5936\" srcset=\"https:\/\/fadeu.urantiacos.cl\/wp-content\/uploads\/2023\/09\/IMG_2856_2-1024x926.jpeg 1024w, https:\/\/fadeu.urantiacos.cl\/wp-content\/uploads\/2023\/09\/IMG_2856_2-300x271.jpeg 300w, https:\/\/fadeu.urantiacos.cl\/wp-content\/uploads\/2023\/09\/IMG_2856_2-768x695.jpeg 768w, https:\/\/fadeu.urantiacos.cl\/wp-content\/uploads\/2023\/09\/IMG_2856_2.jpeg 1080w\" sizes=\"(max-width: 1024px) 100vw, 1024px\" \/><\/figure>\n\n\n\n<p>Fotograf\u00edas de la conferencia, cortes\u00eda Sebasti\u00e1n Irarr\u00e1zaval<\/p>\n\n\n\n<p>Noticias<br>Contacto:&nbsp;<a href=\"mailto:redesarq@uc.cl\">redesarq@uc.cl<\/a>&nbsp;| +56 2 2354 7747<br>www.arquitectura.uc.cl<\/p>\n","protected":false},"excerpt":{"rendered":"<p>En el marco de \u201cNovember Talks\u201d \u2014un nuevo ciclo de conferencias sobre arquitectura contempor\u00e1nea de la Fundaci\u00f3n Sto en colaboraci\u00f3n con universidades europeas\u2014, el profesor ARQ UC dict\u00f3 la conferencia \u201cMore Ancient and Sterner World&#8221; en el Aula Magna de la Universidad IUAV de Venecia.<\/p>\n","protected":false},"author":1,"featured_media":5934,"comment_status":"open","ping_status":"open","sticky":false,"template":"","format":"standard","meta":{"_acf_changed":false,"footnotes":""},"categories":[1],"tags":[],"class_list":["post-5933","post","type-post","status-publish","format-standard","has-post-thumbnail","hentry","category-sin-categorizar"],"acf":[],"yoast_head":"<!-- This site is optimized with the Yoast SEO plugin v27.1.1 - https:\/\/yoast.com\/product\/yoast-seo-wordpress\/ -->\n<title>Sebasti\u00e1n Irarr\u00e1zaval dict\u00f3 conferencia en la IUAV - Facultad de Arquitectura, Dise\u00f1o y Estudios Urbanos<\/title>\n<meta name=\"description\" content=\"En el marco de \u201cNovember Talks\u201d \u2014un nuevo ciclo de conferencias sobre arquitectura contempor\u00e1nea de la Fundaci\u00f3n Sto en colaboraci\u00f3n con universidades europeas\u2014, el profesor ARQ UC dict\u00f3 la conferencia \u201cMore Ancient and Sterner World&quot; en el Aula Magna de la Universidad IUAV de Venecia.\" \/>\n<meta name=\"robots\" content=\"index, follow, max-snippet:-1, max-image-preview:large, max-video-preview:-1\" \/>\n<link rel=\"canonical\" href=\"https:\/\/fadeu.urantiacos.cl\/en\/2021\/11\/21\/sebastian-irarrazaval-dicto-conferencia-en-la-iuav\/\" \/>\n<meta property=\"og:locale\" content=\"en_US\" \/>\n<meta property=\"og:type\" content=\"article\" \/>\n<meta property=\"og:title\" content=\"Sebasti\u00e1n Irarr\u00e1zaval dict\u00f3 conferencia en la IUAV - Facultad de Arquitectura, Dise\u00f1o y Estudios Urbanos\" \/>\n<meta property=\"og:description\" content=\"En el marco de \u201cNovember Talks\u201d \u2014un nuevo ciclo de conferencias sobre arquitectura contempor\u00e1nea de la Fundaci\u00f3n Sto en colaboraci\u00f3n con universidades europeas\u2014, el profesor ARQ UC dict\u00f3 la conferencia \u201cMore Ancient and Sterner World&quot; en el Aula Magna de la Universidad IUAV de Venecia.\" \/>\n<meta property=\"og:url\" content=\"https:\/\/fadeu.urantiacos.cl\/en\/2021\/11\/21\/sebastian-irarrazaval-dicto-conferencia-en-la-iuav\/\" \/>\n<meta property=\"og:site_name\" content=\"Facultad de Arquitectura, Dise\u00f1o y Estudios Urbanos\" \/>\n<meta property=\"article:published_time\" content=\"2021-11-21T12:14:00+00:00\" \/>\n<meta property=\"article:modified_time\" content=\"2023-09-07T12:19:33+00:00\" \/>\n<meta property=\"og:image\" content=\"https:\/\/fadeu.urantiacos.cl\/wp-content\/uploads\/2023\/09\/IMG_2860_web.jpg\" \/>\n\t<meta property=\"og:image:width\" content=\"350\" \/>\n\t<meta property=\"og:image:height\" content=\"250\" \/>\n\t<meta property=\"og:image:type\" content=\"image\/jpeg\" \/>\n<meta name=\"author\" content=\"manadmin\" \/>\n<meta name=\"twitter:card\" content=\"summary_large_image\" \/>\n<meta name=\"twitter:label1\" content=\"Written by\" \/>\n\t<meta name=\"twitter:data1\" content=\"manadmin\" \/>\n\t<meta name=\"twitter:label2\" content=\"Est. reading time\" \/>\n\t<meta name=\"twitter:data2\" content=\"1 minute\" \/>\n<script type=\"application\/ld+json\" class=\"yoast-schema-graph\">{\"@context\":\"https:\/\/schema.org\",\"@graph\":[{\"@type\":\"Article\",\"@id\":\"https:\/\/fadeu.urantiacos.cl\/en\/2021\/11\/21\/sebastian-irarrazaval-dicto-conferencia-en-la-iuav\/#article\",\"isPartOf\":{\"@id\":\"https:\/\/fadeu.urantiacos.cl\/en\/2021\/11\/21\/sebastian-irarrazaval-dicto-conferencia-en-la-iuav\/\"},\"author\":{\"name\":\"manadmin\",\"@id\":\"https:\/\/fadeu.urantiacos.cl\/en\/#\/schema\/person\/d203e2e84b1c40275eac77b3061a19a2\"},\"headline\":\"Sebasti\u00e1n Irarr\u00e1zaval dict\u00f3 conferencia en la IUAV\",\"datePublished\":\"2021-11-21T12:14:00+00:00\",\"dateModified\":\"2023-09-07T12:19:33+00:00\",\"mainEntityOfPage\":{\"@id\":\"https:\/\/fadeu.urantiacos.cl\/en\/2021\/11\/21\/sebastian-irarrazaval-dicto-conferencia-en-la-iuav\/\"},\"wordCount\":288,\"commentCount\":0,\"image\":{\"@id\":\"https:\/\/fadeu.urantiacos.cl\/en\/2021\/11\/21\/sebastian-irarrazaval-dicto-conferencia-en-la-iuav\/#primaryimage\"},\"thumbnailUrl\":\"https:\/\/fadeu.urantiacos.cl\/wp-content\/uploads\/2023\/09\/IMG_2860_web.jpg\",\"articleSection\":[\"Sin categorizar\"],\"inLanguage\":\"en-US\",\"potentialAction\":[{\"@type\":\"CommentAction\",\"name\":\"Comment\",\"target\":[\"https:\/\/fadeu.urantiacos.cl\/en\/2021\/11\/21\/sebastian-irarrazaval-dicto-conferencia-en-la-iuav\/#respond\"]}]},{\"@type\":\"WebPage\",\"@id\":\"https:\/\/fadeu.urantiacos.cl\/en\/2021\/11\/21\/sebastian-irarrazaval-dicto-conferencia-en-la-iuav\/\",\"url\":\"https:\/\/fadeu.urantiacos.cl\/en\/2021\/11\/21\/sebastian-irarrazaval-dicto-conferencia-en-la-iuav\/\",\"name\":\"Sebasti\u00e1n Irarr\u00e1zaval dict\u00f3 conferencia en la IUAV - Facultad de Arquitectura, Dise\u00f1o y Estudios Urbanos\",\"isPartOf\":{\"@id\":\"https:\/\/fadeu.urantiacos.cl\/en\/#website\"},\"primaryImageOfPage\":{\"@id\":\"https:\/\/fadeu.urantiacos.cl\/en\/2021\/11\/21\/sebastian-irarrazaval-dicto-conferencia-en-la-iuav\/#primaryimage\"},\"image\":{\"@id\":\"https:\/\/fadeu.urantiacos.cl\/en\/2021\/11\/21\/sebastian-irarrazaval-dicto-conferencia-en-la-iuav\/#primaryimage\"},\"thumbnailUrl\":\"https:\/\/fadeu.urantiacos.cl\/wp-content\/uploads\/2023\/09\/IMG_2860_web.jpg\",\"datePublished\":\"2021-11-21T12:14:00+00:00\",\"dateModified\":\"2023-09-07T12:19:33+00:00\",\"author\":{\"@id\":\"https:\/\/fadeu.urantiacos.cl\/en\/#\/schema\/person\/d203e2e84b1c40275eac77b3061a19a2\"},\"description\":\"En el marco de \u201cNovember Talks\u201d \u2014un nuevo ciclo de conferencias sobre arquitectura contempor\u00e1nea de la Fundaci\u00f3n Sto en colaboraci\u00f3n con universidades europeas\u2014, el profesor ARQ UC dict\u00f3 la conferencia \u201cMore Ancient and Sterner World\\\" en el Aula Magna de la Universidad IUAV de Venecia.\",\"breadcrumb\":{\"@id\":\"https:\/\/fadeu.urantiacos.cl\/en\/2021\/11\/21\/sebastian-irarrazaval-dicto-conferencia-en-la-iuav\/#breadcrumb\"},\"inLanguage\":\"en-US\",\"potentialAction\":[{\"@type\":\"ReadAction\",\"target\":[\"https:\/\/fadeu.urantiacos.cl\/en\/2021\/11\/21\/sebastian-irarrazaval-dicto-conferencia-en-la-iuav\/\"]}]},{\"@type\":\"ImageObject\",\"inLanguage\":\"en-US\",\"@id\":\"https:\/\/fadeu.urantiacos.cl\/en\/2021\/11\/21\/sebastian-irarrazaval-dicto-conferencia-en-la-iuav\/#primaryimage\",\"url\":\"https:\/\/fadeu.urantiacos.cl\/wp-content\/uploads\/2023\/09\/IMG_2860_web.jpg\",\"contentUrl\":\"https:\/\/fadeu.urantiacos.cl\/wp-content\/uploads\/2023\/09\/IMG_2860_web.jpg\",\"width\":350,\"height\":250},{\"@type\":\"BreadcrumbList\",\"@id\":\"https:\/\/fadeu.urantiacos.cl\/en\/2021\/11\/21\/sebastian-irarrazaval-dicto-conferencia-en-la-iuav\/#breadcrumb\",\"itemListElement\":[{\"@type\":\"ListItem\",\"position\":1,\"name\":\"Portada\",\"item\":\"https:\/\/fadeu.urantiacos.cl\/en\/\"},{\"@type\":\"ListItem\",\"position\":2,\"name\":\"Sebasti\u00e1n Irarr\u00e1zaval dict\u00f3 conferencia en la IUAV\"}]},{\"@type\":\"WebSite\",\"@id\":\"https:\/\/fadeu.urantiacos.cl\/en\/#website\",\"url\":\"https:\/\/fadeu.urantiacos.cl\/en\/\",\"name\":\"Facultad de Arquitectura, Dise\u00f1o y Estudios Urbanos\",\"description\":\"Campus Lo Contador\",\"potentialAction\":[{\"@type\":\"SearchAction\",\"target\":{\"@type\":\"EntryPoint\",\"urlTemplate\":\"https:\/\/fadeu.urantiacos.cl\/en\/?s={search_term_string}\"},\"query-input\":{\"@type\":\"PropertyValueSpecification\",\"valueRequired\":true,\"valueName\":\"search_term_string\"}}],\"inLanguage\":\"en-US\"},{\"@type\":\"Person\",\"@id\":\"https:\/\/fadeu.urantiacos.cl\/en\/#\/schema\/person\/d203e2e84b1c40275eac77b3061a19a2\",\"name\":\"manadmin\",\"image\":{\"@type\":\"ImageObject\",\"inLanguage\":\"en-US\",\"@id\":\"https:\/\/fadeu.urantiacos.cl\/en\/#\/schema\/person\/image\/\",\"url\":\"https:\/\/secure.gravatar.com\/avatar\/4b1d8e3303b4a9d8968ac578947d8bc80d9aea359f388cdd4aac15cadc0e8447?s=96&d=mm&r=g\",\"contentUrl\":\"https:\/\/secure.gravatar.com\/avatar\/4b1d8e3303b4a9d8968ac578947d8bc80d9aea359f388cdd4aac15cadc0e8447?s=96&d=mm&r=g\",\"caption\":\"manadmin\"},\"sameAs\":[\"https:\/\/fadeu.urantiacos.cl\"]}]}<\/script>\n<!-- \/ Yoast SEO plugin. -->","yoast_head_json":{"title":"Sebasti\u00e1n Irarr\u00e1zaval dict\u00f3 conferencia en la IUAV - Facultad de Arquitectura, Dise\u00f1o y Estudios Urbanos","description":"En el marco de \u201cNovember Talks\u201d \u2014un nuevo ciclo de conferencias sobre arquitectura contempor\u00e1nea de la Fundaci\u00f3n Sto en colaboraci\u00f3n con universidades europeas\u2014, el profesor ARQ UC dict\u00f3 la conferencia \u201cMore Ancient and Sterner World\" en el Aula Magna de la Universidad IUAV de Venecia.","robots":{"index":"index","follow":"follow","max-snippet":"max-snippet:-1","max-image-preview":"max-image-preview:large","max-video-preview":"max-video-preview:-1"},"canonical":"https:\/\/fadeu.urantiacos.cl\/en\/2021\/11\/21\/sebastian-irarrazaval-dicto-conferencia-en-la-iuav\/","og_locale":"en_US","og_type":"article","og_title":"Sebasti\u00e1n Irarr\u00e1zaval dict\u00f3 conferencia en la IUAV - Facultad de Arquitectura, Dise\u00f1o y Estudios Urbanos","og_description":"En el marco de \u201cNovember Talks\u201d \u2014un nuevo ciclo de conferencias sobre arquitectura contempor\u00e1nea de la Fundaci\u00f3n Sto en colaboraci\u00f3n con universidades europeas\u2014, el profesor ARQ UC dict\u00f3 la conferencia \u201cMore Ancient and Sterner World\" en el Aula Magna de la Universidad IUAV de Venecia.","og_url":"https:\/\/fadeu.urantiacos.cl\/en\/2021\/11\/21\/sebastian-irarrazaval-dicto-conferencia-en-la-iuav\/","og_site_name":"Facultad de Arquitectura, Dise\u00f1o y Estudios Urbanos","article_published_time":"2021-11-21T12:14:00+00:00","article_modified_time":"2023-09-07T12:19:33+00:00","og_image":[{"width":350,"height":250,"url":"https:\/\/fadeu.urantiacos.cl\/wp-content\/uploads\/2023\/09\/IMG_2860_web.jpg","type":"image\/jpeg"}],"author":"manadmin","twitter_card":"summary_large_image","twitter_misc":{"Written by":"manadmin","Est. reading time":"1 minute"},"schema":{"@context":"https:\/\/schema.org","@graph":[{"@type":"Article","@id":"https:\/\/fadeu.urantiacos.cl\/en\/2021\/11\/21\/sebastian-irarrazaval-dicto-conferencia-en-la-iuav\/#article","isPartOf":{"@id":"https:\/\/fadeu.urantiacos.cl\/en\/2021\/11\/21\/sebastian-irarrazaval-dicto-conferencia-en-la-iuav\/"},"author":{"name":"manadmin","@id":"https:\/\/fadeu.urantiacos.cl\/en\/#\/schema\/person\/d203e2e84b1c40275eac77b3061a19a2"},"headline":"Sebasti\u00e1n Irarr\u00e1zaval dict\u00f3 conferencia en la IUAV","datePublished":"2021-11-21T12:14:00+00:00","dateModified":"2023-09-07T12:19:33+00:00","mainEntityOfPage":{"@id":"https:\/\/fadeu.urantiacos.cl\/en\/2021\/11\/21\/sebastian-irarrazaval-dicto-conferencia-en-la-iuav\/"},"wordCount":288,"commentCount":0,"image":{"@id":"https:\/\/fadeu.urantiacos.cl\/en\/2021\/11\/21\/sebastian-irarrazaval-dicto-conferencia-en-la-iuav\/#primaryimage"},"thumbnailUrl":"https:\/\/fadeu.urantiacos.cl\/wp-content\/uploads\/2023\/09\/IMG_2860_web.jpg","articleSection":["Sin categorizar"],"inLanguage":"en-US","potentialAction":[{"@type":"CommentAction","name":"Comment","target":["https:\/\/fadeu.urantiacos.cl\/en\/2021\/11\/21\/sebastian-irarrazaval-dicto-conferencia-en-la-iuav\/#respond"]}]},{"@type":"WebPage","@id":"https:\/\/fadeu.urantiacos.cl\/en\/2021\/11\/21\/sebastian-irarrazaval-dicto-conferencia-en-la-iuav\/","url":"https:\/\/fadeu.urantiacos.cl\/en\/2021\/11\/21\/sebastian-irarrazaval-dicto-conferencia-en-la-iuav\/","name":"Sebasti\u00e1n Irarr\u00e1zaval dict\u00f3 conferencia en la IUAV - Facultad de Arquitectura, Dise\u00f1o y Estudios Urbanos","isPartOf":{"@id":"https:\/\/fadeu.urantiacos.cl\/en\/#website"},"primaryImageOfPage":{"@id":"https:\/\/fadeu.urantiacos.cl\/en\/2021\/11\/21\/sebastian-irarrazaval-dicto-conferencia-en-la-iuav\/#primaryimage"},"image":{"@id":"https:\/\/fadeu.urantiacos.cl\/en\/2021\/11\/21\/sebastian-irarrazaval-dicto-conferencia-en-la-iuav\/#primaryimage"},"thumbnailUrl":"https:\/\/fadeu.urantiacos.cl\/wp-content\/uploads\/2023\/09\/IMG_2860_web.jpg","datePublished":"2021-11-21T12:14:00+00:00","dateModified":"2023-09-07T12:19:33+00:00","author":{"@id":"https:\/\/fadeu.urantiacos.cl\/en\/#\/schema\/person\/d203e2e84b1c40275eac77b3061a19a2"},"description":"En el marco de \u201cNovember Talks\u201d \u2014un nuevo ciclo de conferencias sobre arquitectura contempor\u00e1nea de la Fundaci\u00f3n Sto en colaboraci\u00f3n con universidades europeas\u2014, el profesor ARQ UC dict\u00f3 la conferencia \u201cMore Ancient and Sterner World\" en el Aula Magna de la Universidad IUAV de Venecia.","breadcrumb":{"@id":"https:\/\/fadeu.urantiacos.cl\/en\/2021\/11\/21\/sebastian-irarrazaval-dicto-conferencia-en-la-iuav\/#breadcrumb"},"inLanguage":"en-US","potentialAction":[{"@type":"ReadAction","target":["https:\/\/fadeu.urantiacos.cl\/en\/2021\/11\/21\/sebastian-irarrazaval-dicto-conferencia-en-la-iuav\/"]}]},{"@type":"ImageObject","inLanguage":"en-US","@id":"https:\/\/fadeu.urantiacos.cl\/en\/2021\/11\/21\/sebastian-irarrazaval-dicto-conferencia-en-la-iuav\/#primaryimage","url":"https:\/\/fadeu.urantiacos.cl\/wp-content\/uploads\/2023\/09\/IMG_2860_web.jpg","contentUrl":"https:\/\/fadeu.urantiacos.cl\/wp-content\/uploads\/2023\/09\/IMG_2860_web.jpg","width":350,"height":250},{"@type":"BreadcrumbList","@id":"https:\/\/fadeu.urantiacos.cl\/en\/2021\/11\/21\/sebastian-irarrazaval-dicto-conferencia-en-la-iuav\/#breadcrumb","itemListElement":[{"@type":"ListItem","position":1,"name":"Portada","item":"https:\/\/fadeu.urantiacos.cl\/en\/"},{"@type":"ListItem","position":2,"name":"Sebasti\u00e1n Irarr\u00e1zaval dict\u00f3 conferencia en la IUAV"}]},{"@type":"WebSite","@id":"https:\/\/fadeu.urantiacos.cl\/en\/#website","url":"https:\/\/fadeu.urantiacos.cl\/en\/","name":"Facultad de Arquitectura, Dise\u00f1o y Estudios Urbanos","description":"Campus Lo Contador","potentialAction":[{"@type":"SearchAction","target":{"@type":"EntryPoint","urlTemplate":"https:\/\/fadeu.urantiacos.cl\/en\/?s={search_term_string}"},"query-input":{"@type":"PropertyValueSpecification","valueRequired":true,"valueName":"search_term_string"}}],"inLanguage":"en-US"},{"@type":"Person","@id":"https:\/\/fadeu.urantiacos.cl\/en\/#\/schema\/person\/d203e2e84b1c40275eac77b3061a19a2","name":"manadmin","image":{"@type":"ImageObject","inLanguage":"en-US","@id":"https:\/\/fadeu.urantiacos.cl\/en\/#\/schema\/person\/image\/","url":"https:\/\/secure.gravatar.com\/avatar\/4b1d8e3303b4a9d8968ac578947d8bc80d9aea359f388cdd4aac15cadc0e8447?s=96&d=mm&r=g","contentUrl":"https:\/\/secure.gravatar.com\/avatar\/4b1d8e3303b4a9d8968ac578947d8bc80d9aea359f388cdd4aac15cadc0e8447?s=96&d=mm&r=g","caption":"manadmin"},"sameAs":["https:\/\/fadeu.urantiacos.cl"]}]}},"_links":{"self":[{"href":"https:\/\/fadeu.urantiacos.cl\/en\/wp-json\/wp\/v2\/posts\/5933","targetHints":{"allow":["GET"]}}],"collection":[{"href":"https:\/\/fadeu.urantiacos.cl\/en\/wp-json\/wp\/v2\/posts"}],"about":[{"href":"https:\/\/fadeu.urantiacos.cl\/en\/wp-json\/wp\/v2\/types\/post"}],"author":[{"embeddable":true,"href":"https:\/\/fadeu.urantiacos.cl\/en\/wp-json\/wp\/v2\/users\/1"}],"replies":[{"embeddable":true,"href":"https:\/\/fadeu.urantiacos.cl\/en\/wp-json\/wp\/v2\/comments?post=5933"}],"version-history":[{"count":1,"href":"https:\/\/fadeu.urantiacos.cl\/en\/wp-json\/wp\/v2\/posts\/5933\/revisions"}],"predecessor-version":[{"id":5937,"href":"https:\/\/fadeu.urantiacos.cl\/en\/wp-json\/wp\/v2\/posts\/5933\/revisions\/5937"}],"wp:featuredmedia":[{"embeddable":true,"href":"https:\/\/fadeu.urantiacos.cl\/en\/wp-json\/wp\/v2\/media\/5934"}],"wp:attachment":[{"href":"https:\/\/fadeu.urantiacos.cl\/en\/wp-json\/wp\/v2\/media?parent=5933"}],"wp:term":[{"taxonomy":"category","embeddable":true,"href":"https:\/\/fadeu.urantiacos.cl\/en\/wp-json\/wp\/v2\/categories?post=5933"},{"taxonomy":"post_tag","embeddable":true,"href":"https:\/\/fadeu.urantiacos.cl\/en\/wp-json\/wp\/v2\/tags?post=5933"}],"curies":[{"name":"wp","href":"https:\/\/api.w.org\/{rel}","templated":true}]}}