{"id":5922,"date":"2021-11-22T09:04:00","date_gmt":"2021-11-22T12:04:00","guid":{"rendered":"https:\/\/fadeu.urantiacos.cl\/?p=5922"},"modified":"2023-09-07T09:10:26","modified_gmt":"2023-09-07T12:10:26","slug":"convencional-patricio-fernandez-llego-hasta-lo-contador-para-encabezar-la-serie-dialogos-constituyentes-fadeu","status":"publish","type":"post","link":"https:\/\/fadeu.urantiacos.cl\/en\/2021\/11\/22\/convencional-patricio-fernandez-llego-hasta-lo-contador-para-encabezar-la-serie-dialogos-constituyentes-fadeu\/","title":{"rendered":"Convencional Patricio Fern\u00e1ndez lleg\u00f3 hasta Lo Contador para encabezar la serie Di\u00e1logos Constituyentes FADEU"},"content":{"rendered":"\n<figure class=\"wp-block-image size-full\"><img decoding=\"async\" width=\"350\" height=\"250\" src=\"https:\/\/fadeu.urantiacos.cl\/wp-content\/uploads\/2023\/09\/web-Banner_Boletin_Conversatorio_Constituyente_1.png\" alt=\"\" class=\"wp-image-5923\" srcset=\"https:\/\/fadeu.urantiacos.cl\/wp-content\/uploads\/2023\/09\/web-Banner_Boletin_Conversatorio_Constituyente_1.png 350w, https:\/\/fadeu.urantiacos.cl\/wp-content\/uploads\/2023\/09\/web-Banner_Boletin_Conversatorio_Constituyente_1-300x214.png 300w\" sizes=\"(max-width: 350px) 100vw, 350px\" \/><\/figure>\n\n\n\n<p>La actividad fue encabezada por el Decano Mario Ubilla, y cont\u00f3 con la participaci\u00f3n especial del Convencional Constituyente del distrito 11, Patricio Fern\u00e1ndez, integrante de la Comisi\u00f3n de Derechos Fundamentales, en una actividad que fue moderada por la directora de Comunicaciones FADEU, Macarena Cort\u00e9s, y que reuni\u00f3 a los profesores Roc\u00edo Hidalgo (escuela de Arquitectura); Mart\u00edn Tironi (escuela de Dise\u00f1o); Arturo Orellana (Instituto de Estudios Urbanos y Territoriales); y a la representante de los estudiantes de Lo Contador, Sof\u00eda Larraguibel.<\/p>\n\n\n\n<p>\u201cAgradezco el \u00e9nfasis y el tono que la Direcci\u00f3n de Comunicaciones de nuestra Facultad ha puesto a esta actividad, porque queremos escuchar, queremos dialogar y queremos construir un ambiente reflexivo que incluya lo que todos y todas piensan respecto de nuestras ciudades, la arquitectura y el dise\u00f1o\u201d, advirti\u00f3 el Decano Ubilla.<\/p>\n\n\n\n<p>\u201cCuando uno usa el concepto lugares comunes generalmente lo hacemos para referirnos a aquello que tiene menos importancia o que es nimio, pero en el contexto urbano, los lugares comunes siempre ser\u00e1n los lugares m\u00e1s relevantes, donde se construye la historia com\u00fan, el encuentro de todos y todas, y reivindica, por tanto, el valor de lo com\u00fan\u201d, agreg\u00f3.<\/p>\n\n\n\n<p>La din\u00e1mica utilizada involucr\u00f3 una reflexi\u00f3n de cada uno de los profesores y estudiantes invitados\/as y un intercambio de ideas con Fern\u00e1ndez.<\/p>\n\n\n\n<p>El primero en tomar la palabra fue el profesor Orellana, advirtiendo que \u201clos derechos fundamentales determinan un nuevo acuerdo sobre la base de un constructo erigido sobre principios y valores que la sociedad en su conjunto est\u00e1 de acuerdo en establecer\u201d. Desde esa base, sostuvo, \u201cdurante la dictadura en Chile se consagr\u00f3 un modelo econ\u00f3mico que gener\u00f3 situaciones de desigualdad abismante en materia socio-territorial, y de alguna manera la conversaci\u00f3n y la discusi\u00f3n de la Convenci\u00f3n debiera recoger esta realidad y plantear una hoja de ruta que permita reducir estas brechas, propender a la equidad y a la justicia territorial\u201d.<\/p>\n\n\n\n<p>Coincidiendo con el an\u00e1lisis, Fern\u00e1ndez asever\u00f3 que \u201cla Convenci\u00f3n Constitucional no tiene la misi\u00f3n de definir una suerte de programa de gobierno, sino la confecci\u00f3n de un texto que incorpora, liga y vincula distintas visiones y causas sociales y de diversa \u00edndole. La Constituci\u00f3n tiene un \u00e1rea org\u00e1nica, es decir, la distribuci\u00f3n del poder, y tambi\u00e9n tiene una parte dogm\u00e1tica, en la que los derechos fundamentales son el coraz\u00f3n, donde el Estado debe comprometerse con m\u00ednimos civilizatorios\u201d.<\/p>\n\n\n\n<p>Por su parte, la profesora Roc\u00edo Hidalgo abord\u00f3 el rol del espacio p\u00fablico en la nueva Constituci\u00f3n, enfatizando en las condiciones de acceso a la ciudad y al territorio, que se liga con la libertad de movilidad; el intercambio; y el espacio de encuentro, entendido como la posibilidad de generar convivencia en un lugar com\u00fan para potenciar la vida comunitaria.<\/p>\n\n\n\n<p>En ese sentido, Hidalgo abord\u00f3 la situaci\u00f3n del Metro, respecto del acceso y la posibilidad de unir distintos puntos de la ciudad; las transformaciones urbanas surgidas en torno a las estaciones; y su condici\u00f3n de ser un espacio privilegiado de encuentro y vivencia colectiva. \u201cEl dilema del Metro considera verlo como un bien p\u00fablico, pero tambi\u00e9n como el reflejo de una expresi\u00f3n de descontento, y en ese sentido ser\u00eda interesante conocer c\u00f3mo la nueva Constituci\u00f3n abordar\u00e1 estos aspectos muy ligados al derecho a la ciudad\u201d.<\/p>\n\n\n\n<p>Fern\u00e1ndez advirti\u00f3 que son temas que est\u00e1n carpeta para ser tratados. \u201cEs parte de lo que tenemos que discutir, pero no se ha tratado aun porque termin\u00f3 reci\u00e9n el per\u00edodo de instalaci\u00f3n y hace dos semanas comenzaron a funcionar las comisiones tem\u00e1ticas. Lo que me parece evidente es que la concepci\u00f3n de ciudad como un gran mercado de suelos o como un conjunto de casas dista mucho del concepto de ciudad que exige una concepci\u00f3n pol\u00edtica y democr\u00e1tica, y de alguna manera el debate deber\u00e1 recoger esta discusi\u00f3n\u201d.<\/p>\n\n\n\n<p>\u201cRespecto del metro en s\u00ed mismo, es una dicotom\u00eda, ya que ese espacio maravilloso, de gran dise\u00f1o y comodidad, tambi\u00e9n esconde frustraciones, lugares inmundos y reviste ese espacio hip\u00f3crita que transcurre entre realidades completamente desconectadas entre s\u00ed\u201d, agreg\u00f3 Fern\u00e1ndez. Asimismo, acot\u00f3 que \u201ces inaudito que las comunas m\u00e1s pobres, donde no hay jardines ni disponibilidad de espacio p\u00fablico, sean las que tienen menos verde, y las comunas m\u00e1s ricas, con m\u00e1s metraje en lo privado, sean las que tienen m\u00e1s verde en lo p\u00fablico. Corregir esto es, al menos, comenzar a hablar de ciudad\u201d.<\/p>\n\n\n\n<p>El profesor Tironi manifest\u00f3 que es crucial mirar y enfrentar los temas emergentes de la sociedad actual, sobre todo asociado a la crisis socioambiental. \u201cMe gustar\u00eda preguntar si ser\u00e1 posible avanzar hacia una idea de derechos a la naturaleza, reconociendo r\u00edos, monta\u00f1as, glaciares y otros como sujetos de derechos, tema que suena como discurso reaccionario o de fan\u00e1ticos ecol\u00f3gicos, sin embargo, ante el colapso de los sistemas vivos y la sobre explotaci\u00f3n de los recursos naturales se ha generado consenso de avanzar hacia un nuevo contrato socio natural que permita resguardar la habitabilidad en el planeta\u201d.<\/p>\n\n\n\n<p>Sobre ello, Fern\u00e1ndez asever\u00f3 que \u201clos temas ecol\u00f3gicos tienen un peso fuert\u00edsimo, muy vinculado a la presencia de los pueblos originarios en la Convenci\u00f3n, entendiendo el buen vivir como un concepto de habitar con un entorno, un habitar como parte de la naturaleza, y de eso hemos aprendido de la cosmovisi\u00f3n de los pueblos originarios. Son temas que est\u00e1n comenzando, como tambi\u00e9n los derechos de los animales como seres sintientes, y seguro la conversaci\u00f3n deber\u00e1 incluir fuertemente estos temas\u201d.<\/p>\n\n\n\n<p>Por su parte, Sof\u00eda Larraguibel, estudiante de la escuela de Arquitectura y representante de los estudiantes de Lo Contador ante la FEUC, sostuvo que \u201cla Convenci\u00f3n Constitucional fue resultado de la movilizaci\u00f3n social encabezada por estudiantes, principalmente, y por las demandas feministas ligadas a espacios educativo, por ende, las generaciones j\u00f3venes son las que han levantado la voz, correspondi\u00e9ndole a otros recibir estas demandas y tomar decisiones respecto de ello. La nueva Constitucional debe responder a un proyecto de Chile, una propuesta de la que nosotros, como futuros profesionales, tendremos que hacernos cargo\u201d.<\/p>\n\n\n\n<p>Fern\u00e1ndez, de acuerdo con el planteamiento, sostuvo que \u201cmuchos convencionales entraron a la Convenci\u00f3n directamente de los movimientos sociales, pero al cabo de un mes de trabajo de la Convenci\u00f3n ya estaban siendo insultados en la calle, y de hecho, hay una porci\u00f3n importante de la manifestaci\u00f3n que se re\u00fane en plaza Italia que no ve con buenos ojos la confecci\u00f3n de la Convenci\u00f3n Constitucional tampoco\u201d.<\/p>\n\n\n\n<p>\u201cCuando se pasa del movimiento social a la Convenci\u00f3n, se adquiere un compromiso con el di\u00e1logo y los acuerdos de un cuerpo mayor, y la energ\u00eda desconcentradora del poder al interior de la Convenci\u00f3n, reconociendo mayores atribuciones a la ciudadan\u00eda y los territorios es una funci\u00f3n que est\u00e1 en marcha y que no debemos contradecir\u201d, asever\u00f3.<\/p>\n\n\n\n<p>Para ver el conversatorio completo, puedes revisar el canal de YouTube de la Facultad de Arquitectura, Dise\u00f1o y Estudios Urbanos aqu\u00ed:&nbsp;<a href=\"https:\/\/www.youtube.com\/watch?v=PGKL9-8xvvE\">https:\/\/www.youtube.com\/watch?v=PGKL9-8xvvE<\/a><\/p>\n\n\n\n<figure class=\"wp-block-image size-large\"><img decoding=\"async\" width=\"1024\" height=\"683\" src=\"https:\/\/fadeu.urantiacos.cl\/wp-content\/uploads\/2023\/09\/CONSTITUYENTE_en_AUDITORIO-2255-1024x683.jpg\" alt=\"\" class=\"wp-image-5924\" srcset=\"https:\/\/fadeu.urantiacos.cl\/wp-content\/uploads\/2023\/09\/CONSTITUYENTE_en_AUDITORIO-2255-1024x683.jpg 1024w, https:\/\/fadeu.urantiacos.cl\/wp-content\/uploads\/2023\/09\/CONSTITUYENTE_en_AUDITORIO-2255-300x200.jpg 300w, https:\/\/fadeu.urantiacos.cl\/wp-content\/uploads\/2023\/09\/CONSTITUYENTE_en_AUDITORIO-2255-768x512.jpg 768w, https:\/\/fadeu.urantiacos.cl\/wp-content\/uploads\/2023\/09\/CONSTITUYENTE_en_AUDITORIO-2255-1536x1024.jpg 1536w, https:\/\/fadeu.urantiacos.cl\/wp-content\/uploads\/2023\/09\/CONSTITUYENTE_en_AUDITORIO-2255-2048x1365.jpg 2048w, https:\/\/fadeu.urantiacos.cl\/wp-content\/uploads\/2023\/09\/CONSTITUYENTE_en_AUDITORIO-2255-scaled.jpg 1600w\" sizes=\"(max-width: 1024px) 100vw, 1024px\" \/><\/figure>\n\n\n\n<figure class=\"wp-block-image size-large\"><img decoding=\"async\" width=\"1024\" height=\"683\" src=\"https:\/\/fadeu.urantiacos.cl\/wp-content\/uploads\/2023\/09\/CONSTITUYENTE_en_AUDITORIO-2260-1024x683.jpg\" alt=\"\" class=\"wp-image-5925\" srcset=\"https:\/\/fadeu.urantiacos.cl\/wp-content\/uploads\/2023\/09\/CONSTITUYENTE_en_AUDITORIO-2260-1024x683.jpg 1024w, https:\/\/fadeu.urantiacos.cl\/wp-content\/uploads\/2023\/09\/CONSTITUYENTE_en_AUDITORIO-2260-300x200.jpg 300w, https:\/\/fadeu.urantiacos.cl\/wp-content\/uploads\/2023\/09\/CONSTITUYENTE_en_AUDITORIO-2260-768x512.jpg 768w, https:\/\/fadeu.urantiacos.cl\/wp-content\/uploads\/2023\/09\/CONSTITUYENTE_en_AUDITORIO-2260-1536x1024.jpg 1536w, https:\/\/fadeu.urantiacos.cl\/wp-content\/uploads\/2023\/09\/CONSTITUYENTE_en_AUDITORIO-2260-2048x1365.jpg 2048w, https:\/\/fadeu.urantiacos.cl\/wp-content\/uploads\/2023\/09\/CONSTITUYENTE_en_AUDITORIO-2260-scaled.jpg 1600w\" sizes=\"(max-width: 1024px) 100vw, 1024px\" \/><\/figure>\n\n\n\n<figure class=\"wp-block-image size-large\"><img decoding=\"async\" width=\"1024\" height=\"683\" src=\"https:\/\/fadeu.urantiacos.cl\/wp-content\/uploads\/2023\/09\/CONSTITUYENTE_en_AUDITORIO-2275-1024x683.jpg\" alt=\"\" class=\"wp-image-5926\" srcset=\"https:\/\/fadeu.urantiacos.cl\/wp-content\/uploads\/2023\/09\/CONSTITUYENTE_en_AUDITORIO-2275-1024x683.jpg 1024w, https:\/\/fadeu.urantiacos.cl\/wp-content\/uploads\/2023\/09\/CONSTITUYENTE_en_AUDITORIO-2275-300x200.jpg 300w, https:\/\/fadeu.urantiacos.cl\/wp-content\/uploads\/2023\/09\/CONSTITUYENTE_en_AUDITORIO-2275-768x512.jpg 768w, https:\/\/fadeu.urantiacos.cl\/wp-content\/uploads\/2023\/09\/CONSTITUYENTE_en_AUDITORIO-2275-1536x1024.jpg 1536w, https:\/\/fadeu.urantiacos.cl\/wp-content\/uploads\/2023\/09\/CONSTITUYENTE_en_AUDITORIO-2275-2048x1365.jpg 2048w, https:\/\/fadeu.urantiacos.cl\/wp-content\/uploads\/2023\/09\/CONSTITUYENTE_en_AUDITORIO-2275-scaled.jpg 1600w\" sizes=\"(max-width: 1024px) 100vw, 1024px\" \/><\/figure>\n\n\n\n<figure class=\"wp-block-image size-large\"><img decoding=\"async\" width=\"1024\" height=\"683\" src=\"https:\/\/fadeu.urantiacos.cl\/wp-content\/uploads\/2023\/09\/CONSTITUYENTE_en_AUDITORIO-2283-1024x683.jpg\" alt=\"\" class=\"wp-image-5927\" srcset=\"https:\/\/fadeu.urantiacos.cl\/wp-content\/uploads\/2023\/09\/CONSTITUYENTE_en_AUDITORIO-2283-1024x683.jpg 1024w, https:\/\/fadeu.urantiacos.cl\/wp-content\/uploads\/2023\/09\/CONSTITUYENTE_en_AUDITORIO-2283-300x200.jpg 300w, https:\/\/fadeu.urantiacos.cl\/wp-content\/uploads\/2023\/09\/CONSTITUYENTE_en_AUDITORIO-2283-768x512.jpg 768w, https:\/\/fadeu.urantiacos.cl\/wp-content\/uploads\/2023\/09\/CONSTITUYENTE_en_AUDITORIO-2283-1536x1024.jpg 1536w, https:\/\/fadeu.urantiacos.cl\/wp-content\/uploads\/2023\/09\/CONSTITUYENTE_en_AUDITORIO-2283-2048x1365.jpg 2048w, https:\/\/fadeu.urantiacos.cl\/wp-content\/uploads\/2023\/09\/CONSTITUYENTE_en_AUDITORIO-2283-scaled.jpg 1600w\" sizes=\"(max-width: 1024px) 100vw, 1024px\" \/><\/figure>\n\n\n\n<p>INFORMACI\u00d3N PERIOD\u00cdSTICA<br>JUAN ANDR\u00c9S INZUNZA<\/p>\n","protected":false},"excerpt":{"rendered":"<p>\u201cHacia c\u00f3mo queremos proyectar la ciudad, la arquitectura y el dise\u00f1o\u201d, fue el t\u00edtulo de la actividad que congreg\u00f3 a la comunidad de Lo Contador al primer Di\u00e1logo Constituyente realizado en la Facultad de Arquitectura, Dise\u00f1o y Estudios Urbanos, instancia que se llev\u00f3 a cabo en formato h\u00edbrido en el auditorio FADEU.<\/p>\n","protected":false},"author":1,"featured_media":5923,"comment_status":"open","ping_status":"open","sticky":false,"template":"","format":"standard","meta":{"_acf_changed":false,"footnotes":""},"categories":[1],"tags":[],"class_list":["post-5922","post","type-post","status-publish","format-standard","has-post-thumbnail","hentry","category-sin-categorizar"],"acf":[],"yoast_head":"<!-- This site is optimized with the Yoast SEO plugin v27.1.1 - https:\/\/yoast.com\/product\/yoast-seo-wordpress\/ -->\n<title>Convencional Patricio Fern\u00e1ndez lleg\u00f3 hasta Lo Contador para encabezar la serie Di\u00e1logos Constituyentes FADEU - Facultad de Arquitectura, Dise\u00f1o y Estudios Urbanos<\/title>\n<meta name=\"description\" content=\"\u201cHacia c\u00f3mo queremos proyectar la ciudad, la arquitectura y el dise\u00f1o\u201d, fue el t\u00edtulo de la actividad que congreg\u00f3 a la comunidad de Lo Contador al primer Di\u00e1logo Constituyente realizado en la Facultad de Arquitectura, Dise\u00f1o y Estudios Urbanos, instancia que se llev\u00f3 a cabo en formato h\u00edbrido en el auditorio FADEU.\" \/>\n<meta name=\"robots\" content=\"index, follow, max-snippet:-1, max-image-preview:large, max-video-preview:-1\" \/>\n<link rel=\"canonical\" href=\"https:\/\/fadeu.urantiacos.cl\/en\/2021\/11\/22\/convencional-patricio-fernandez-llego-hasta-lo-contador-para-encabezar-la-serie-dialogos-constituyentes-fadeu\/\" \/>\n<meta property=\"og:locale\" content=\"en_US\" \/>\n<meta property=\"og:type\" content=\"article\" \/>\n<meta property=\"og:title\" content=\"Convencional Patricio Fern\u00e1ndez lleg\u00f3 hasta Lo Contador para encabezar la serie Di\u00e1logos Constituyentes FADEU - Facultad de Arquitectura, Dise\u00f1o y Estudios Urbanos\" \/>\n<meta property=\"og:description\" content=\"\u201cHacia c\u00f3mo queremos proyectar la ciudad, la arquitectura y el dise\u00f1o\u201d, fue el t\u00edtulo de la actividad que congreg\u00f3 a la comunidad de Lo Contador al primer Di\u00e1logo Constituyente realizado en la Facultad de Arquitectura, Dise\u00f1o y Estudios Urbanos, instancia que se llev\u00f3 a cabo en formato h\u00edbrido en el auditorio FADEU.\" \/>\n<meta property=\"og:url\" content=\"https:\/\/fadeu.urantiacos.cl\/en\/2021\/11\/22\/convencional-patricio-fernandez-llego-hasta-lo-contador-para-encabezar-la-serie-dialogos-constituyentes-fadeu\/\" \/>\n<meta property=\"og:site_name\" content=\"Facultad de Arquitectura, Dise\u00f1o y Estudios Urbanos\" \/>\n<meta property=\"article:published_time\" content=\"2021-11-22T12:04:00+00:00\" \/>\n<meta property=\"article:modified_time\" content=\"2023-09-07T12:10:26+00:00\" \/>\n<meta property=\"og:image\" content=\"https:\/\/fadeu.urantiacos.cl\/wp-content\/uploads\/2023\/09\/web-Banner_Boletin_Conversatorio_Constituyente_1.png\" \/>\n\t<meta property=\"og:image:width\" content=\"350\" \/>\n\t<meta property=\"og:image:height\" content=\"250\" \/>\n\t<meta property=\"og:image:type\" content=\"image\/png\" \/>\n<meta name=\"author\" content=\"manadmin\" \/>\n<meta name=\"twitter:card\" content=\"summary_large_image\" \/>\n<meta name=\"twitter:label1\" content=\"Written by\" \/>\n\t<meta name=\"twitter:data1\" content=\"manadmin\" \/>\n\t<meta name=\"twitter:label2\" content=\"Est. reading time\" \/>\n\t<meta name=\"twitter:data2\" content=\"6 minutes\" \/>\n<script type=\"application\/ld+json\" class=\"yoast-schema-graph\">{\"@context\":\"https:\/\/schema.org\",\"@graph\":[{\"@type\":\"Article\",\"@id\":\"https:\/\/fadeu.urantiacos.cl\/en\/2021\/11\/22\/convencional-patricio-fernandez-llego-hasta-lo-contador-para-encabezar-la-serie-dialogos-constituyentes-fadeu\/#article\",\"isPartOf\":{\"@id\":\"https:\/\/fadeu.urantiacos.cl\/en\/2021\/11\/22\/convencional-patricio-fernandez-llego-hasta-lo-contador-para-encabezar-la-serie-dialogos-constituyentes-fadeu\/\"},\"author\":{\"name\":\"manadmin\",\"@id\":\"https:\/\/fadeu.urantiacos.cl\/en\/#\/schema\/person\/d203e2e84b1c40275eac77b3061a19a2\"},\"headline\":\"Convencional Patricio Fern\u00e1ndez lleg\u00f3 hasta Lo Contador para encabezar la serie Di\u00e1logos Constituyentes FADEU\",\"datePublished\":\"2021-11-22T12:04:00+00:00\",\"dateModified\":\"2023-09-07T12:10:26+00:00\",\"mainEntityOfPage\":{\"@id\":\"https:\/\/fadeu.urantiacos.cl\/en\/2021\/11\/22\/convencional-patricio-fernandez-llego-hasta-lo-contador-para-encabezar-la-serie-dialogos-constituyentes-fadeu\/\"},\"wordCount\":1260,\"commentCount\":0,\"image\":{\"@id\":\"https:\/\/fadeu.urantiacos.cl\/en\/2021\/11\/22\/convencional-patricio-fernandez-llego-hasta-lo-contador-para-encabezar-la-serie-dialogos-constituyentes-fadeu\/#primaryimage\"},\"thumbnailUrl\":\"https:\/\/fadeu.urantiacos.cl\/wp-content\/uploads\/2023\/09\/web-Banner_Boletin_Conversatorio_Constituyente_1.png\",\"articleSection\":[\"Sin categorizar\"],\"inLanguage\":\"en-US\",\"potentialAction\":[{\"@type\":\"CommentAction\",\"name\":\"Comment\",\"target\":[\"https:\/\/fadeu.urantiacos.cl\/en\/2021\/11\/22\/convencional-patricio-fernandez-llego-hasta-lo-contador-para-encabezar-la-serie-dialogos-constituyentes-fadeu\/#respond\"]}]},{\"@type\":\"WebPage\",\"@id\":\"https:\/\/fadeu.urantiacos.cl\/en\/2021\/11\/22\/convencional-patricio-fernandez-llego-hasta-lo-contador-para-encabezar-la-serie-dialogos-constituyentes-fadeu\/\",\"url\":\"https:\/\/fadeu.urantiacos.cl\/en\/2021\/11\/22\/convencional-patricio-fernandez-llego-hasta-lo-contador-para-encabezar-la-serie-dialogos-constituyentes-fadeu\/\",\"name\":\"Convencional Patricio Fern\u00e1ndez lleg\u00f3 hasta Lo Contador para encabezar la serie Di\u00e1logos Constituyentes FADEU - Facultad de Arquitectura, Dise\u00f1o y Estudios Urbanos\",\"isPartOf\":{\"@id\":\"https:\/\/fadeu.urantiacos.cl\/en\/#website\"},\"primaryImageOfPage\":{\"@id\":\"https:\/\/fadeu.urantiacos.cl\/en\/2021\/11\/22\/convencional-patricio-fernandez-llego-hasta-lo-contador-para-encabezar-la-serie-dialogos-constituyentes-fadeu\/#primaryimage\"},\"image\":{\"@id\":\"https:\/\/fadeu.urantiacos.cl\/en\/2021\/11\/22\/convencional-patricio-fernandez-llego-hasta-lo-contador-para-encabezar-la-serie-dialogos-constituyentes-fadeu\/#primaryimage\"},\"thumbnailUrl\":\"https:\/\/fadeu.urantiacos.cl\/wp-content\/uploads\/2023\/09\/web-Banner_Boletin_Conversatorio_Constituyente_1.png\",\"datePublished\":\"2021-11-22T12:04:00+00:00\",\"dateModified\":\"2023-09-07T12:10:26+00:00\",\"author\":{\"@id\":\"https:\/\/fadeu.urantiacos.cl\/en\/#\/schema\/person\/d203e2e84b1c40275eac77b3061a19a2\"},\"description\":\"\u201cHacia c\u00f3mo queremos proyectar la ciudad, la arquitectura y el dise\u00f1o\u201d, fue el t\u00edtulo de la actividad que congreg\u00f3 a la comunidad de Lo Contador al primer Di\u00e1logo Constituyente realizado en la Facultad de Arquitectura, Dise\u00f1o y Estudios Urbanos, instancia que se llev\u00f3 a cabo en formato h\u00edbrido en el auditorio FADEU.\",\"breadcrumb\":{\"@id\":\"https:\/\/fadeu.urantiacos.cl\/en\/2021\/11\/22\/convencional-patricio-fernandez-llego-hasta-lo-contador-para-encabezar-la-serie-dialogos-constituyentes-fadeu\/#breadcrumb\"},\"inLanguage\":\"en-US\",\"potentialAction\":[{\"@type\":\"ReadAction\",\"target\":[\"https:\/\/fadeu.urantiacos.cl\/en\/2021\/11\/22\/convencional-patricio-fernandez-llego-hasta-lo-contador-para-encabezar-la-serie-dialogos-constituyentes-fadeu\/\"]}]},{\"@type\":\"ImageObject\",\"inLanguage\":\"en-US\",\"@id\":\"https:\/\/fadeu.urantiacos.cl\/en\/2021\/11\/22\/convencional-patricio-fernandez-llego-hasta-lo-contador-para-encabezar-la-serie-dialogos-constituyentes-fadeu\/#primaryimage\",\"url\":\"https:\/\/fadeu.urantiacos.cl\/wp-content\/uploads\/2023\/09\/web-Banner_Boletin_Conversatorio_Constituyente_1.png\",\"contentUrl\":\"https:\/\/fadeu.urantiacos.cl\/wp-content\/uploads\/2023\/09\/web-Banner_Boletin_Conversatorio_Constituyente_1.png\",\"width\":350,\"height\":250},{\"@type\":\"BreadcrumbList\",\"@id\":\"https:\/\/fadeu.urantiacos.cl\/en\/2021\/11\/22\/convencional-patricio-fernandez-llego-hasta-lo-contador-para-encabezar-la-serie-dialogos-constituyentes-fadeu\/#breadcrumb\",\"itemListElement\":[{\"@type\":\"ListItem\",\"position\":1,\"name\":\"Portada\",\"item\":\"https:\/\/fadeu.urantiacos.cl\/en\/\"},{\"@type\":\"ListItem\",\"position\":2,\"name\":\"Convencional Patricio Fern\u00e1ndez lleg\u00f3 hasta Lo Contador para encabezar la serie Di\u00e1logos Constituyentes FADEU\"}]},{\"@type\":\"WebSite\",\"@id\":\"https:\/\/fadeu.urantiacos.cl\/en\/#website\",\"url\":\"https:\/\/fadeu.urantiacos.cl\/en\/\",\"name\":\"Facultad de Arquitectura, Dise\u00f1o y Estudios Urbanos\",\"description\":\"Campus Lo Contador\",\"potentialAction\":[{\"@type\":\"SearchAction\",\"target\":{\"@type\":\"EntryPoint\",\"urlTemplate\":\"https:\/\/fadeu.urantiacos.cl\/en\/?s={search_term_string}\"},\"query-input\":{\"@type\":\"PropertyValueSpecification\",\"valueRequired\":true,\"valueName\":\"search_term_string\"}}],\"inLanguage\":\"en-US\"},{\"@type\":\"Person\",\"@id\":\"https:\/\/fadeu.urantiacos.cl\/en\/#\/schema\/person\/d203e2e84b1c40275eac77b3061a19a2\",\"name\":\"manadmin\",\"image\":{\"@type\":\"ImageObject\",\"inLanguage\":\"en-US\",\"@id\":\"https:\/\/fadeu.urantiacos.cl\/en\/#\/schema\/person\/image\/\",\"url\":\"https:\/\/secure.gravatar.com\/avatar\/4b1d8e3303b4a9d8968ac578947d8bc80d9aea359f388cdd4aac15cadc0e8447?s=96&d=mm&r=g\",\"contentUrl\":\"https:\/\/secure.gravatar.com\/avatar\/4b1d8e3303b4a9d8968ac578947d8bc80d9aea359f388cdd4aac15cadc0e8447?s=96&d=mm&r=g\",\"caption\":\"manadmin\"},\"sameAs\":[\"https:\/\/fadeu.urantiacos.cl\"]}]}<\/script>\n<!-- \/ Yoast SEO plugin. -->","yoast_head_json":{"title":"Convencional Patricio Fern\u00e1ndez lleg\u00f3 hasta Lo Contador para encabezar la serie Di\u00e1logos Constituyentes FADEU - Facultad de Arquitectura, Dise\u00f1o y Estudios Urbanos","description":"\u201cHacia c\u00f3mo queremos proyectar la ciudad, la arquitectura y el dise\u00f1o\u201d, fue el t\u00edtulo de la actividad que congreg\u00f3 a la comunidad de Lo Contador al primer Di\u00e1logo Constituyente realizado en la Facultad de Arquitectura, Dise\u00f1o y Estudios Urbanos, instancia que se llev\u00f3 a cabo en formato h\u00edbrido en el auditorio FADEU.","robots":{"index":"index","follow":"follow","max-snippet":"max-snippet:-1","max-image-preview":"max-image-preview:large","max-video-preview":"max-video-preview:-1"},"canonical":"https:\/\/fadeu.urantiacos.cl\/en\/2021\/11\/22\/convencional-patricio-fernandez-llego-hasta-lo-contador-para-encabezar-la-serie-dialogos-constituyentes-fadeu\/","og_locale":"en_US","og_type":"article","og_title":"Convencional Patricio Fern\u00e1ndez lleg\u00f3 hasta Lo Contador para encabezar la serie Di\u00e1logos Constituyentes FADEU - Facultad de Arquitectura, Dise\u00f1o y Estudios Urbanos","og_description":"\u201cHacia c\u00f3mo queremos proyectar la ciudad, la arquitectura y el dise\u00f1o\u201d, fue el t\u00edtulo de la actividad que congreg\u00f3 a la comunidad de Lo Contador al primer Di\u00e1logo Constituyente realizado en la Facultad de Arquitectura, Dise\u00f1o y Estudios Urbanos, instancia que se llev\u00f3 a cabo en formato h\u00edbrido en el auditorio FADEU.","og_url":"https:\/\/fadeu.urantiacos.cl\/en\/2021\/11\/22\/convencional-patricio-fernandez-llego-hasta-lo-contador-para-encabezar-la-serie-dialogos-constituyentes-fadeu\/","og_site_name":"Facultad de Arquitectura, Dise\u00f1o y Estudios Urbanos","article_published_time":"2021-11-22T12:04:00+00:00","article_modified_time":"2023-09-07T12:10:26+00:00","og_image":[{"width":350,"height":250,"url":"https:\/\/fadeu.urantiacos.cl\/wp-content\/uploads\/2023\/09\/web-Banner_Boletin_Conversatorio_Constituyente_1.png","type":"image\/png"}],"author":"manadmin","twitter_card":"summary_large_image","twitter_misc":{"Written by":"manadmin","Est. reading time":"6 minutes"},"schema":{"@context":"https:\/\/schema.org","@graph":[{"@type":"Article","@id":"https:\/\/fadeu.urantiacos.cl\/en\/2021\/11\/22\/convencional-patricio-fernandez-llego-hasta-lo-contador-para-encabezar-la-serie-dialogos-constituyentes-fadeu\/#article","isPartOf":{"@id":"https:\/\/fadeu.urantiacos.cl\/en\/2021\/11\/22\/convencional-patricio-fernandez-llego-hasta-lo-contador-para-encabezar-la-serie-dialogos-constituyentes-fadeu\/"},"author":{"name":"manadmin","@id":"https:\/\/fadeu.urantiacos.cl\/en\/#\/schema\/person\/d203e2e84b1c40275eac77b3061a19a2"},"headline":"Convencional Patricio Fern\u00e1ndez lleg\u00f3 hasta Lo Contador para encabezar la serie Di\u00e1logos Constituyentes FADEU","datePublished":"2021-11-22T12:04:00+00:00","dateModified":"2023-09-07T12:10:26+00:00","mainEntityOfPage":{"@id":"https:\/\/fadeu.urantiacos.cl\/en\/2021\/11\/22\/convencional-patricio-fernandez-llego-hasta-lo-contador-para-encabezar-la-serie-dialogos-constituyentes-fadeu\/"},"wordCount":1260,"commentCount":0,"image":{"@id":"https:\/\/fadeu.urantiacos.cl\/en\/2021\/11\/22\/convencional-patricio-fernandez-llego-hasta-lo-contador-para-encabezar-la-serie-dialogos-constituyentes-fadeu\/#primaryimage"},"thumbnailUrl":"https:\/\/fadeu.urantiacos.cl\/wp-content\/uploads\/2023\/09\/web-Banner_Boletin_Conversatorio_Constituyente_1.png","articleSection":["Sin categorizar"],"inLanguage":"en-US","potentialAction":[{"@type":"CommentAction","name":"Comment","target":["https:\/\/fadeu.urantiacos.cl\/en\/2021\/11\/22\/convencional-patricio-fernandez-llego-hasta-lo-contador-para-encabezar-la-serie-dialogos-constituyentes-fadeu\/#respond"]}]},{"@type":"WebPage","@id":"https:\/\/fadeu.urantiacos.cl\/en\/2021\/11\/22\/convencional-patricio-fernandez-llego-hasta-lo-contador-para-encabezar-la-serie-dialogos-constituyentes-fadeu\/","url":"https:\/\/fadeu.urantiacos.cl\/en\/2021\/11\/22\/convencional-patricio-fernandez-llego-hasta-lo-contador-para-encabezar-la-serie-dialogos-constituyentes-fadeu\/","name":"Convencional Patricio Fern\u00e1ndez lleg\u00f3 hasta Lo Contador para encabezar la serie Di\u00e1logos Constituyentes FADEU - Facultad de Arquitectura, Dise\u00f1o y Estudios Urbanos","isPartOf":{"@id":"https:\/\/fadeu.urantiacos.cl\/en\/#website"},"primaryImageOfPage":{"@id":"https:\/\/fadeu.urantiacos.cl\/en\/2021\/11\/22\/convencional-patricio-fernandez-llego-hasta-lo-contador-para-encabezar-la-serie-dialogos-constituyentes-fadeu\/#primaryimage"},"image":{"@id":"https:\/\/fadeu.urantiacos.cl\/en\/2021\/11\/22\/convencional-patricio-fernandez-llego-hasta-lo-contador-para-encabezar-la-serie-dialogos-constituyentes-fadeu\/#primaryimage"},"thumbnailUrl":"https:\/\/fadeu.urantiacos.cl\/wp-content\/uploads\/2023\/09\/web-Banner_Boletin_Conversatorio_Constituyente_1.png","datePublished":"2021-11-22T12:04:00+00:00","dateModified":"2023-09-07T12:10:26+00:00","author":{"@id":"https:\/\/fadeu.urantiacos.cl\/en\/#\/schema\/person\/d203e2e84b1c40275eac77b3061a19a2"},"description":"\u201cHacia c\u00f3mo queremos proyectar la ciudad, la arquitectura y el dise\u00f1o\u201d, fue el t\u00edtulo de la actividad que congreg\u00f3 a la comunidad de Lo Contador al primer Di\u00e1logo Constituyente realizado en la Facultad de Arquitectura, Dise\u00f1o y Estudios Urbanos, instancia que se llev\u00f3 a cabo en formato h\u00edbrido en el auditorio FADEU.","breadcrumb":{"@id":"https:\/\/fadeu.urantiacos.cl\/en\/2021\/11\/22\/convencional-patricio-fernandez-llego-hasta-lo-contador-para-encabezar-la-serie-dialogos-constituyentes-fadeu\/#breadcrumb"},"inLanguage":"en-US","potentialAction":[{"@type":"ReadAction","target":["https:\/\/fadeu.urantiacos.cl\/en\/2021\/11\/22\/convencional-patricio-fernandez-llego-hasta-lo-contador-para-encabezar-la-serie-dialogos-constituyentes-fadeu\/"]}]},{"@type":"ImageObject","inLanguage":"en-US","@id":"https:\/\/fadeu.urantiacos.cl\/en\/2021\/11\/22\/convencional-patricio-fernandez-llego-hasta-lo-contador-para-encabezar-la-serie-dialogos-constituyentes-fadeu\/#primaryimage","url":"https:\/\/fadeu.urantiacos.cl\/wp-content\/uploads\/2023\/09\/web-Banner_Boletin_Conversatorio_Constituyente_1.png","contentUrl":"https:\/\/fadeu.urantiacos.cl\/wp-content\/uploads\/2023\/09\/web-Banner_Boletin_Conversatorio_Constituyente_1.png","width":350,"height":250},{"@type":"BreadcrumbList","@id":"https:\/\/fadeu.urantiacos.cl\/en\/2021\/11\/22\/convencional-patricio-fernandez-llego-hasta-lo-contador-para-encabezar-la-serie-dialogos-constituyentes-fadeu\/#breadcrumb","itemListElement":[{"@type":"ListItem","position":1,"name":"Portada","item":"https:\/\/fadeu.urantiacos.cl\/en\/"},{"@type":"ListItem","position":2,"name":"Convencional Patricio Fern\u00e1ndez lleg\u00f3 hasta Lo Contador para encabezar la serie Di\u00e1logos Constituyentes FADEU"}]},{"@type":"WebSite","@id":"https:\/\/fadeu.urantiacos.cl\/en\/#website","url":"https:\/\/fadeu.urantiacos.cl\/en\/","name":"Facultad de Arquitectura, Dise\u00f1o y Estudios Urbanos","description":"Campus Lo Contador","potentialAction":[{"@type":"SearchAction","target":{"@type":"EntryPoint","urlTemplate":"https:\/\/fadeu.urantiacos.cl\/en\/?s={search_term_string}"},"query-input":{"@type":"PropertyValueSpecification","valueRequired":true,"valueName":"search_term_string"}}],"inLanguage":"en-US"},{"@type":"Person","@id":"https:\/\/fadeu.urantiacos.cl\/en\/#\/schema\/person\/d203e2e84b1c40275eac77b3061a19a2","name":"manadmin","image":{"@type":"ImageObject","inLanguage":"en-US","@id":"https:\/\/fadeu.urantiacos.cl\/en\/#\/schema\/person\/image\/","url":"https:\/\/secure.gravatar.com\/avatar\/4b1d8e3303b4a9d8968ac578947d8bc80d9aea359f388cdd4aac15cadc0e8447?s=96&d=mm&r=g","contentUrl":"https:\/\/secure.gravatar.com\/avatar\/4b1d8e3303b4a9d8968ac578947d8bc80d9aea359f388cdd4aac15cadc0e8447?s=96&d=mm&r=g","caption":"manadmin"},"sameAs":["https:\/\/fadeu.urantiacos.cl"]}]}},"_links":{"self":[{"href":"https:\/\/fadeu.urantiacos.cl\/en\/wp-json\/wp\/v2\/posts\/5922","targetHints":{"allow":["GET"]}}],"collection":[{"href":"https:\/\/fadeu.urantiacos.cl\/en\/wp-json\/wp\/v2\/posts"}],"about":[{"href":"https:\/\/fadeu.urantiacos.cl\/en\/wp-json\/wp\/v2\/types\/post"}],"author":[{"embeddable":true,"href":"https:\/\/fadeu.urantiacos.cl\/en\/wp-json\/wp\/v2\/users\/1"}],"replies":[{"embeddable":true,"href":"https:\/\/fadeu.urantiacos.cl\/en\/wp-json\/wp\/v2\/comments?post=5922"}],"version-history":[{"count":1,"href":"https:\/\/fadeu.urantiacos.cl\/en\/wp-json\/wp\/v2\/posts\/5922\/revisions"}],"predecessor-version":[{"id":5928,"href":"https:\/\/fadeu.urantiacos.cl\/en\/wp-json\/wp\/v2\/posts\/5922\/revisions\/5928"}],"wp:featuredmedia":[{"embeddable":true,"href":"https:\/\/fadeu.urantiacos.cl\/en\/wp-json\/wp\/v2\/media\/5923"}],"wp:attachment":[{"href":"https:\/\/fadeu.urantiacos.cl\/en\/wp-json\/wp\/v2\/media?parent=5922"}],"wp:term":[{"taxonomy":"category","embeddable":true,"href":"https:\/\/fadeu.urantiacos.cl\/en\/wp-json\/wp\/v2\/categories?post=5922"},{"taxonomy":"post_tag","embeddable":true,"href":"https:\/\/fadeu.urantiacos.cl\/en\/wp-json\/wp\/v2\/tags?post=5922"}],"curies":[{"name":"wp","href":"https:\/\/api.w.org\/{rel}","templated":true}]}}