{"id":5919,"date":"2021-11-22T09:02:00","date_gmt":"2021-11-22T12:02:00","guid":{"rendered":"https:\/\/fadeu.urantiacos.cl\/?p=5919"},"modified":"2023-09-07T09:04:25","modified_gmt":"2023-09-07T12:04:25","slug":"profesor-hugo-mondragon-consolida-participacion-en-el-programa-plaza-pauta","status":"publish","type":"post","link":"https:\/\/fadeu.urantiacos.cl\/en\/2021\/11\/22\/profesor-hugo-mondragon-consolida-participacion-en-el-programa-plaza-pauta\/","title":{"rendered":"Profesor Hugo Mondrag\u00f3n consolida participaci\u00f3n en el programa \u201cPlaza Pauta\u201d"},"content":{"rendered":"\n<figure class=\"wp-block-image size-full\"><img decoding=\"async\" width=\"350\" height=\"250\" src=\"https:\/\/fadeu.urantiacos.cl\/wp-content\/uploads\/2023\/09\/WEB_Captura_de_pantalla_2021-11-22_a_las_12.38.27_1.png\" alt=\"\" class=\"wp-image-5920\" srcset=\"https:\/\/fadeu.urantiacos.cl\/wp-content\/uploads\/2023\/09\/WEB_Captura_de_pantalla_2021-11-22_a_las_12.38.27_1.png 350w, https:\/\/fadeu.urantiacos.cl\/wp-content\/uploads\/2023\/09\/WEB_Captura_de_pantalla_2021-11-22_a_las_12.38.27_1-300x214.png 300w\" sizes=\"(max-width: 350px) 100vw, 350px\" \/><\/figure>\n\n\n\n<p>El equipo a cargo de la realizaci\u00f3n de los contenidos de Plaza Pauta esta\u00e1 liderado por la periodista Constanza L\u00f3pez, de destacada trayectoria profesional como editora general de Revista Caras, subeditora de Revistas de El Mercurio, editora de Revista S\u00e1bado y directora de Revista Paula; y exvicerrectora de Comunicaciones de la Universidad Finis Terrae y directora de Comunicaciones Estrat\u00e9gicas del Ministerio de Relaciones Exteriores.<\/p>\n\n\n\n<p>El profesor de la escuela de Arquitectura, Hugo Mondrag\u00f3n, ha sido invitado permanente y ha consolidado su visita al espacio mi\u00e9rcoles por medio, para abordar diversos temas de inter\u00e9s.<\/p>\n\n\n\n<p>Los temas abordados han sido variados, desde Open Air Schools (escuelas al aire libre), pasando por la relaci\u00f3n entre la arquitectura moderna y el comienzo de la producci\u00f3n de hierro y acero; la mecanizaci\u00f3n de hogar y el impacto de las tecnolog\u00edas; la experiencia del habitar en departamentos; patrimonio y ciudad; y el concepto de parques urbanos.<\/p>\n\n\n\n<p>\u201cMuchas de las caracter\u00edsticas formales con las que se suele asociar a la arquitectura moderna, como sus muros blancos, la linealidad de sus recorridos y desplazamientos, las grandes superficies acristaladas (sol), la comunicaci\u00f3n franca y directa entre espacios interiores y exteriores (ventilar), las terrazas planas para tomar el sol (solariums); provienen precisamente de intentar enfrentar, desde la arquitectura, a una enfermedad altamente contagiosa. Las \u201cescuelas al aire libre\u201d buscaron participar activamente en la prevenci\u00f3n y tratamiento de los ni\u00f1os y ni\u00f1as contra la tuberculosis\u201d, afirm\u00f3 Mondrag\u00f3n sobre el origen de las escuelas al aire libre.<\/p>\n\n\n\n<p>Sobre las estructuras met\u00e1licas y su relaci\u00f3n con la arquitectura moderna, destac\u00f3 la Torre Eiffel, \u201ctorre que se desmontar\u00eda una vez terminada la exposici\u00f3n internacional de 1889, pero parad\u00f3jicamente se qued\u00f3 en pie y se convirti\u00f3 en el s\u00edmbolo de Par\u00eds y de Francia. Hubo una enorme resistencia por parte de los artistas franceses de la \u00e9poca contra la construcci\u00f3n de lo que llamaron &#8220;la horrorosa torre Eiffel&#8221; que ni los Americanos (USA) quisiera, y que consideraban un &#8220;atentado contra el reconocido buen gusto franc\u00e9s&#8221;.<\/p>\n\n\n\n<p>Sobre el surgimiento de los edificios de departamentos para renta en Chile, Mondrag\u00f3n afirm\u00f3 que \u201cla mayor\u00eda de los edificios de renta se construyeron en el centro de Santiago en un estilo Beaux-Arts tard\u00edo, pero tambi\u00e9n fueron un campo para la experimentaci\u00f3n con otras alternativas arquitect\u00f3nicas, incluida la arquitectura moderna, cuya tendencia hacia lo funcional, lo justo, lo preciso, lo m\u00ednimo, se adaptaba particularmente bien a las condiciones del negocio inmobiliario\u201d.<\/p>\n\n\n\n<p>Sobre el concepto de parque urbano, Mondrag\u00f3n explic\u00f3 que, en el caso de Chile, Argentina y otros pa\u00edses sudamericanos, la moda de construir parques privados asociados a una casa campestre \u201cse dio, sobre todo, en torno a las casas principales de un fundo vitivin\u00edcola o de una estancia ganadera\u201d.<\/p>\n\n\n\n<p>Para ello, agreg\u00f3, \u201cse contrataron los servicios profesionales de paisajistas europeos (franceses, ingleses, italianos o alemanes) que tuvieron la posibilidad de alternar este tipo de proyectos privados, con el trazado de algunos parques urbanos en ciudades como Buenos Aires o Santiago. Este fue el caso del paisajista franc\u00e9s Carlos Thays que realiz\u00f3 parques privados en varias residencias campestres en los alrededores de Buenos Aires, pero tambi\u00e9n, como Director de Parques de la ciudad de Buenos Aires realiz\u00f3, entre otros, los renombrados Parques de Palermo, el parque San Mart\u00edn en la ciudad de Mendoza, y tambi\u00e9n elabor\u00f3 un proyecto para un parque en el Cerro San Crist\u00f3bal en Santiago (1920)\u201d.<\/p>\n\n\n\n<p>Si quieres ver los cap\u00edtulos puedes revisar la web de Plaza Pauta:&nbsp;<a href=\"https:\/\/www.pauta.cl\/programas\/plaza-pauta\">https:\/\/www.pauta.cl\/programas\/plaza-pauta<\/a><a href=\"https:\/\/www.pauta.cl\/programas\/plaza-pauta\"><\/a><\/p>\n\n\n\n<p>INFORMACI\u00d3N PERIOD\u00cdSTICA<br>JUAN ANDR\u00c9S INZUNZA<\/p>\n","protected":false},"excerpt":{"rendered":"<p>Urbanismo, pol\u00edticas p\u00fablicas, arquitectura, patrimonio, tendencias inmobiliarias, dise\u00f1o, movilidad y \u00e1reas verdes son los temas centrales que aborda el programa de radio Pauta llamado Plaza Pauta, un espacio multiplataforma que va de lunes a viernes entre 14:30 y 15:30 horas.<\/p>\n","protected":false},"author":1,"featured_media":5920,"comment_status":"open","ping_status":"open","sticky":false,"template":"","format":"standard","meta":{"_acf_changed":false,"footnotes":""},"categories":[1],"tags":[],"class_list":["post-5919","post","type-post","status-publish","format-standard","has-post-thumbnail","hentry","category-sin-categorizar"],"acf":[],"yoast_head":"<!-- This site is optimized with the Yoast SEO plugin v27.1.1 - https:\/\/yoast.com\/product\/yoast-seo-wordpress\/ -->\n<title>Profesor Hugo Mondrag\u00f3n consolida participaci\u00f3n en el programa \u201cPlaza Pauta\u201d - Facultad de Arquitectura, Dise\u00f1o y Estudios Urbanos<\/title>\n<meta name=\"description\" content=\"Urbanismo, pol\u00edticas p\u00fablicas, arquitectura, patrimonio, tendencias inmobiliarias, dise\u00f1o, movilidad y \u00e1reas verdes son los temas centrales que aborda el programa de radio Pauta llamado Plaza Pauta, un espacio multiplataforma que va de lunes a viernes entre 14:30 y 15:30 horas.\" \/>\n<meta name=\"robots\" content=\"index, follow, max-snippet:-1, max-image-preview:large, max-video-preview:-1\" \/>\n<link rel=\"canonical\" href=\"https:\/\/fadeu.urantiacos.cl\/en\/2021\/11\/22\/profesor-hugo-mondragon-consolida-participacion-en-el-programa-plaza-pauta\/\" \/>\n<meta property=\"og:locale\" content=\"en_US\" \/>\n<meta property=\"og:type\" content=\"article\" \/>\n<meta property=\"og:title\" content=\"Profesor Hugo Mondrag\u00f3n consolida participaci\u00f3n en el programa \u201cPlaza Pauta\u201d - Facultad de Arquitectura, Dise\u00f1o y Estudios Urbanos\" \/>\n<meta property=\"og:description\" content=\"Urbanismo, pol\u00edticas p\u00fablicas, arquitectura, patrimonio, tendencias inmobiliarias, dise\u00f1o, movilidad y \u00e1reas verdes son los temas centrales que aborda el programa de radio Pauta llamado Plaza Pauta, un espacio multiplataforma que va de lunes a viernes entre 14:30 y 15:30 horas.\" \/>\n<meta property=\"og:url\" content=\"https:\/\/fadeu.urantiacos.cl\/en\/2021\/11\/22\/profesor-hugo-mondragon-consolida-participacion-en-el-programa-plaza-pauta\/\" \/>\n<meta property=\"og:site_name\" content=\"Facultad de Arquitectura, Dise\u00f1o y Estudios Urbanos\" \/>\n<meta property=\"article:published_time\" content=\"2021-11-22T12:02:00+00:00\" \/>\n<meta property=\"article:modified_time\" content=\"2023-09-07T12:04:25+00:00\" \/>\n<meta property=\"og:image\" content=\"https:\/\/fadeu.urantiacos.cl\/wp-content\/uploads\/2023\/09\/WEB_Captura_de_pantalla_2021-11-22_a_las_12.38.27_1.png\" \/>\n\t<meta property=\"og:image:width\" content=\"350\" \/>\n\t<meta property=\"og:image:height\" content=\"250\" \/>\n\t<meta property=\"og:image:type\" content=\"image\/png\" \/>\n<meta name=\"author\" content=\"manadmin\" \/>\n<meta name=\"twitter:card\" content=\"summary_large_image\" \/>\n<meta name=\"twitter:label1\" content=\"Written by\" \/>\n\t<meta name=\"twitter:data1\" content=\"manadmin\" \/>\n\t<meta name=\"twitter:label2\" content=\"Est. reading time\" \/>\n\t<meta name=\"twitter:data2\" content=\"3 minutes\" \/>\n<script type=\"application\/ld+json\" class=\"yoast-schema-graph\">{\"@context\":\"https:\/\/schema.org\",\"@graph\":[{\"@type\":\"Article\",\"@id\":\"https:\/\/fadeu.urantiacos.cl\/en\/2021\/11\/22\/profesor-hugo-mondragon-consolida-participacion-en-el-programa-plaza-pauta\/#article\",\"isPartOf\":{\"@id\":\"https:\/\/fadeu.urantiacos.cl\/en\/2021\/11\/22\/profesor-hugo-mondragon-consolida-participacion-en-el-programa-plaza-pauta\/\"},\"author\":{\"name\":\"manadmin\",\"@id\":\"https:\/\/fadeu.urantiacos.cl\/en\/#\/schema\/person\/d203e2e84b1c40275eac77b3061a19a2\"},\"headline\":\"Profesor Hugo Mondrag\u00f3n consolida participaci\u00f3n en el programa \u201cPlaza Pauta\u201d\",\"datePublished\":\"2021-11-22T12:02:00+00:00\",\"dateModified\":\"2023-09-07T12:04:25+00:00\",\"mainEntityOfPage\":{\"@id\":\"https:\/\/fadeu.urantiacos.cl\/en\/2021\/11\/22\/profesor-hugo-mondragon-consolida-participacion-en-el-programa-plaza-pauta\/\"},\"wordCount\":637,\"commentCount\":0,\"image\":{\"@id\":\"https:\/\/fadeu.urantiacos.cl\/en\/2021\/11\/22\/profesor-hugo-mondragon-consolida-participacion-en-el-programa-plaza-pauta\/#primaryimage\"},\"thumbnailUrl\":\"https:\/\/fadeu.urantiacos.cl\/wp-content\/uploads\/2023\/09\/WEB_Captura_de_pantalla_2021-11-22_a_las_12.38.27_1.png\",\"articleSection\":[\"Sin categorizar\"],\"inLanguage\":\"en-US\",\"potentialAction\":[{\"@type\":\"CommentAction\",\"name\":\"Comment\",\"target\":[\"https:\/\/fadeu.urantiacos.cl\/en\/2021\/11\/22\/profesor-hugo-mondragon-consolida-participacion-en-el-programa-plaza-pauta\/#respond\"]}]},{\"@type\":\"WebPage\",\"@id\":\"https:\/\/fadeu.urantiacos.cl\/en\/2021\/11\/22\/profesor-hugo-mondragon-consolida-participacion-en-el-programa-plaza-pauta\/\",\"url\":\"https:\/\/fadeu.urantiacos.cl\/en\/2021\/11\/22\/profesor-hugo-mondragon-consolida-participacion-en-el-programa-plaza-pauta\/\",\"name\":\"Profesor Hugo Mondrag\u00f3n consolida participaci\u00f3n en el programa \u201cPlaza Pauta\u201d - Facultad de Arquitectura, Dise\u00f1o y Estudios Urbanos\",\"isPartOf\":{\"@id\":\"https:\/\/fadeu.urantiacos.cl\/en\/#website\"},\"primaryImageOfPage\":{\"@id\":\"https:\/\/fadeu.urantiacos.cl\/en\/2021\/11\/22\/profesor-hugo-mondragon-consolida-participacion-en-el-programa-plaza-pauta\/#primaryimage\"},\"image\":{\"@id\":\"https:\/\/fadeu.urantiacos.cl\/en\/2021\/11\/22\/profesor-hugo-mondragon-consolida-participacion-en-el-programa-plaza-pauta\/#primaryimage\"},\"thumbnailUrl\":\"https:\/\/fadeu.urantiacos.cl\/wp-content\/uploads\/2023\/09\/WEB_Captura_de_pantalla_2021-11-22_a_las_12.38.27_1.png\",\"datePublished\":\"2021-11-22T12:02:00+00:00\",\"dateModified\":\"2023-09-07T12:04:25+00:00\",\"author\":{\"@id\":\"https:\/\/fadeu.urantiacos.cl\/en\/#\/schema\/person\/d203e2e84b1c40275eac77b3061a19a2\"},\"description\":\"Urbanismo, pol\u00edticas p\u00fablicas, arquitectura, patrimonio, tendencias inmobiliarias, dise\u00f1o, movilidad y \u00e1reas verdes son los temas centrales que aborda el programa de radio Pauta llamado Plaza Pauta, un espacio multiplataforma que va de lunes a viernes entre 14:30 y 15:30 horas.\",\"breadcrumb\":{\"@id\":\"https:\/\/fadeu.urantiacos.cl\/en\/2021\/11\/22\/profesor-hugo-mondragon-consolida-participacion-en-el-programa-plaza-pauta\/#breadcrumb\"},\"inLanguage\":\"en-US\",\"potentialAction\":[{\"@type\":\"ReadAction\",\"target\":[\"https:\/\/fadeu.urantiacos.cl\/en\/2021\/11\/22\/profesor-hugo-mondragon-consolida-participacion-en-el-programa-plaza-pauta\/\"]}]},{\"@type\":\"ImageObject\",\"inLanguage\":\"en-US\",\"@id\":\"https:\/\/fadeu.urantiacos.cl\/en\/2021\/11\/22\/profesor-hugo-mondragon-consolida-participacion-en-el-programa-plaza-pauta\/#primaryimage\",\"url\":\"https:\/\/fadeu.urantiacos.cl\/wp-content\/uploads\/2023\/09\/WEB_Captura_de_pantalla_2021-11-22_a_las_12.38.27_1.png\",\"contentUrl\":\"https:\/\/fadeu.urantiacos.cl\/wp-content\/uploads\/2023\/09\/WEB_Captura_de_pantalla_2021-11-22_a_las_12.38.27_1.png\",\"width\":350,\"height\":250},{\"@type\":\"BreadcrumbList\",\"@id\":\"https:\/\/fadeu.urantiacos.cl\/en\/2021\/11\/22\/profesor-hugo-mondragon-consolida-participacion-en-el-programa-plaza-pauta\/#breadcrumb\",\"itemListElement\":[{\"@type\":\"ListItem\",\"position\":1,\"name\":\"Portada\",\"item\":\"https:\/\/fadeu.urantiacos.cl\/en\/\"},{\"@type\":\"ListItem\",\"position\":2,\"name\":\"Profesor Hugo Mondrag\u00f3n consolida participaci\u00f3n en el programa \u201cPlaza Pauta\u201d\"}]},{\"@type\":\"WebSite\",\"@id\":\"https:\/\/fadeu.urantiacos.cl\/en\/#website\",\"url\":\"https:\/\/fadeu.urantiacos.cl\/en\/\",\"name\":\"Facultad de Arquitectura, Dise\u00f1o y Estudios Urbanos\",\"description\":\"Campus Lo Contador\",\"potentialAction\":[{\"@type\":\"SearchAction\",\"target\":{\"@type\":\"EntryPoint\",\"urlTemplate\":\"https:\/\/fadeu.urantiacos.cl\/en\/?s={search_term_string}\"},\"query-input\":{\"@type\":\"PropertyValueSpecification\",\"valueRequired\":true,\"valueName\":\"search_term_string\"}}],\"inLanguage\":\"en-US\"},{\"@type\":\"Person\",\"@id\":\"https:\/\/fadeu.urantiacos.cl\/en\/#\/schema\/person\/d203e2e84b1c40275eac77b3061a19a2\",\"name\":\"manadmin\",\"image\":{\"@type\":\"ImageObject\",\"inLanguage\":\"en-US\",\"@id\":\"https:\/\/fadeu.urantiacos.cl\/en\/#\/schema\/person\/image\/\",\"url\":\"https:\/\/secure.gravatar.com\/avatar\/4b1d8e3303b4a9d8968ac578947d8bc80d9aea359f388cdd4aac15cadc0e8447?s=96&d=mm&r=g\",\"contentUrl\":\"https:\/\/secure.gravatar.com\/avatar\/4b1d8e3303b4a9d8968ac578947d8bc80d9aea359f388cdd4aac15cadc0e8447?s=96&d=mm&r=g\",\"caption\":\"manadmin\"},\"sameAs\":[\"https:\/\/fadeu.urantiacos.cl\"]}]}<\/script>\n<!-- \/ Yoast SEO plugin. -->","yoast_head_json":{"title":"Profesor Hugo Mondrag\u00f3n consolida participaci\u00f3n en el programa \u201cPlaza Pauta\u201d - Facultad de Arquitectura, Dise\u00f1o y Estudios Urbanos","description":"Urbanismo, pol\u00edticas p\u00fablicas, arquitectura, patrimonio, tendencias inmobiliarias, dise\u00f1o, movilidad y \u00e1reas verdes son los temas centrales que aborda el programa de radio Pauta llamado Plaza Pauta, un espacio multiplataforma que va de lunes a viernes entre 14:30 y 15:30 horas.","robots":{"index":"index","follow":"follow","max-snippet":"max-snippet:-1","max-image-preview":"max-image-preview:large","max-video-preview":"max-video-preview:-1"},"canonical":"https:\/\/fadeu.urantiacos.cl\/en\/2021\/11\/22\/profesor-hugo-mondragon-consolida-participacion-en-el-programa-plaza-pauta\/","og_locale":"en_US","og_type":"article","og_title":"Profesor Hugo Mondrag\u00f3n consolida participaci\u00f3n en el programa \u201cPlaza Pauta\u201d - Facultad de Arquitectura, Dise\u00f1o y Estudios Urbanos","og_description":"Urbanismo, pol\u00edticas p\u00fablicas, arquitectura, patrimonio, tendencias inmobiliarias, dise\u00f1o, movilidad y \u00e1reas verdes son los temas centrales que aborda el programa de radio Pauta llamado Plaza Pauta, un espacio multiplataforma que va de lunes a viernes entre 14:30 y 15:30 horas.","og_url":"https:\/\/fadeu.urantiacos.cl\/en\/2021\/11\/22\/profesor-hugo-mondragon-consolida-participacion-en-el-programa-plaza-pauta\/","og_site_name":"Facultad de Arquitectura, Dise\u00f1o y Estudios Urbanos","article_published_time":"2021-11-22T12:02:00+00:00","article_modified_time":"2023-09-07T12:04:25+00:00","og_image":[{"width":350,"height":250,"url":"https:\/\/fadeu.urantiacos.cl\/wp-content\/uploads\/2023\/09\/WEB_Captura_de_pantalla_2021-11-22_a_las_12.38.27_1.png","type":"image\/png"}],"author":"manadmin","twitter_card":"summary_large_image","twitter_misc":{"Written by":"manadmin","Est. reading time":"3 minutes"},"schema":{"@context":"https:\/\/schema.org","@graph":[{"@type":"Article","@id":"https:\/\/fadeu.urantiacos.cl\/en\/2021\/11\/22\/profesor-hugo-mondragon-consolida-participacion-en-el-programa-plaza-pauta\/#article","isPartOf":{"@id":"https:\/\/fadeu.urantiacos.cl\/en\/2021\/11\/22\/profesor-hugo-mondragon-consolida-participacion-en-el-programa-plaza-pauta\/"},"author":{"name":"manadmin","@id":"https:\/\/fadeu.urantiacos.cl\/en\/#\/schema\/person\/d203e2e84b1c40275eac77b3061a19a2"},"headline":"Profesor Hugo Mondrag\u00f3n consolida participaci\u00f3n en el programa \u201cPlaza Pauta\u201d","datePublished":"2021-11-22T12:02:00+00:00","dateModified":"2023-09-07T12:04:25+00:00","mainEntityOfPage":{"@id":"https:\/\/fadeu.urantiacos.cl\/en\/2021\/11\/22\/profesor-hugo-mondragon-consolida-participacion-en-el-programa-plaza-pauta\/"},"wordCount":637,"commentCount":0,"image":{"@id":"https:\/\/fadeu.urantiacos.cl\/en\/2021\/11\/22\/profesor-hugo-mondragon-consolida-participacion-en-el-programa-plaza-pauta\/#primaryimage"},"thumbnailUrl":"https:\/\/fadeu.urantiacos.cl\/wp-content\/uploads\/2023\/09\/WEB_Captura_de_pantalla_2021-11-22_a_las_12.38.27_1.png","articleSection":["Sin categorizar"],"inLanguage":"en-US","potentialAction":[{"@type":"CommentAction","name":"Comment","target":["https:\/\/fadeu.urantiacos.cl\/en\/2021\/11\/22\/profesor-hugo-mondragon-consolida-participacion-en-el-programa-plaza-pauta\/#respond"]}]},{"@type":"WebPage","@id":"https:\/\/fadeu.urantiacos.cl\/en\/2021\/11\/22\/profesor-hugo-mondragon-consolida-participacion-en-el-programa-plaza-pauta\/","url":"https:\/\/fadeu.urantiacos.cl\/en\/2021\/11\/22\/profesor-hugo-mondragon-consolida-participacion-en-el-programa-plaza-pauta\/","name":"Profesor Hugo Mondrag\u00f3n consolida participaci\u00f3n en el programa \u201cPlaza Pauta\u201d - Facultad de Arquitectura, Dise\u00f1o y Estudios Urbanos","isPartOf":{"@id":"https:\/\/fadeu.urantiacos.cl\/en\/#website"},"primaryImageOfPage":{"@id":"https:\/\/fadeu.urantiacos.cl\/en\/2021\/11\/22\/profesor-hugo-mondragon-consolida-participacion-en-el-programa-plaza-pauta\/#primaryimage"},"image":{"@id":"https:\/\/fadeu.urantiacos.cl\/en\/2021\/11\/22\/profesor-hugo-mondragon-consolida-participacion-en-el-programa-plaza-pauta\/#primaryimage"},"thumbnailUrl":"https:\/\/fadeu.urantiacos.cl\/wp-content\/uploads\/2023\/09\/WEB_Captura_de_pantalla_2021-11-22_a_las_12.38.27_1.png","datePublished":"2021-11-22T12:02:00+00:00","dateModified":"2023-09-07T12:04:25+00:00","author":{"@id":"https:\/\/fadeu.urantiacos.cl\/en\/#\/schema\/person\/d203e2e84b1c40275eac77b3061a19a2"},"description":"Urbanismo, pol\u00edticas p\u00fablicas, arquitectura, patrimonio, tendencias inmobiliarias, dise\u00f1o, movilidad y \u00e1reas verdes son los temas centrales que aborda el programa de radio Pauta llamado Plaza Pauta, un espacio multiplataforma que va de lunes a viernes entre 14:30 y 15:30 horas.","breadcrumb":{"@id":"https:\/\/fadeu.urantiacos.cl\/en\/2021\/11\/22\/profesor-hugo-mondragon-consolida-participacion-en-el-programa-plaza-pauta\/#breadcrumb"},"inLanguage":"en-US","potentialAction":[{"@type":"ReadAction","target":["https:\/\/fadeu.urantiacos.cl\/en\/2021\/11\/22\/profesor-hugo-mondragon-consolida-participacion-en-el-programa-plaza-pauta\/"]}]},{"@type":"ImageObject","inLanguage":"en-US","@id":"https:\/\/fadeu.urantiacos.cl\/en\/2021\/11\/22\/profesor-hugo-mondragon-consolida-participacion-en-el-programa-plaza-pauta\/#primaryimage","url":"https:\/\/fadeu.urantiacos.cl\/wp-content\/uploads\/2023\/09\/WEB_Captura_de_pantalla_2021-11-22_a_las_12.38.27_1.png","contentUrl":"https:\/\/fadeu.urantiacos.cl\/wp-content\/uploads\/2023\/09\/WEB_Captura_de_pantalla_2021-11-22_a_las_12.38.27_1.png","width":350,"height":250},{"@type":"BreadcrumbList","@id":"https:\/\/fadeu.urantiacos.cl\/en\/2021\/11\/22\/profesor-hugo-mondragon-consolida-participacion-en-el-programa-plaza-pauta\/#breadcrumb","itemListElement":[{"@type":"ListItem","position":1,"name":"Portada","item":"https:\/\/fadeu.urantiacos.cl\/en\/"},{"@type":"ListItem","position":2,"name":"Profesor Hugo Mondrag\u00f3n consolida participaci\u00f3n en el programa \u201cPlaza Pauta\u201d"}]},{"@type":"WebSite","@id":"https:\/\/fadeu.urantiacos.cl\/en\/#website","url":"https:\/\/fadeu.urantiacos.cl\/en\/","name":"Facultad de Arquitectura, Dise\u00f1o y Estudios Urbanos","description":"Campus Lo Contador","potentialAction":[{"@type":"SearchAction","target":{"@type":"EntryPoint","urlTemplate":"https:\/\/fadeu.urantiacos.cl\/en\/?s={search_term_string}"},"query-input":{"@type":"PropertyValueSpecification","valueRequired":true,"valueName":"search_term_string"}}],"inLanguage":"en-US"},{"@type":"Person","@id":"https:\/\/fadeu.urantiacos.cl\/en\/#\/schema\/person\/d203e2e84b1c40275eac77b3061a19a2","name":"manadmin","image":{"@type":"ImageObject","inLanguage":"en-US","@id":"https:\/\/fadeu.urantiacos.cl\/en\/#\/schema\/person\/image\/","url":"https:\/\/secure.gravatar.com\/avatar\/4b1d8e3303b4a9d8968ac578947d8bc80d9aea359f388cdd4aac15cadc0e8447?s=96&d=mm&r=g","contentUrl":"https:\/\/secure.gravatar.com\/avatar\/4b1d8e3303b4a9d8968ac578947d8bc80d9aea359f388cdd4aac15cadc0e8447?s=96&d=mm&r=g","caption":"manadmin"},"sameAs":["https:\/\/fadeu.urantiacos.cl"]}]}},"_links":{"self":[{"href":"https:\/\/fadeu.urantiacos.cl\/en\/wp-json\/wp\/v2\/posts\/5919","targetHints":{"allow":["GET"]}}],"collection":[{"href":"https:\/\/fadeu.urantiacos.cl\/en\/wp-json\/wp\/v2\/posts"}],"about":[{"href":"https:\/\/fadeu.urantiacos.cl\/en\/wp-json\/wp\/v2\/types\/post"}],"author":[{"embeddable":true,"href":"https:\/\/fadeu.urantiacos.cl\/en\/wp-json\/wp\/v2\/users\/1"}],"replies":[{"embeddable":true,"href":"https:\/\/fadeu.urantiacos.cl\/en\/wp-json\/wp\/v2\/comments?post=5919"}],"version-history":[{"count":1,"href":"https:\/\/fadeu.urantiacos.cl\/en\/wp-json\/wp\/v2\/posts\/5919\/revisions"}],"predecessor-version":[{"id":5921,"href":"https:\/\/fadeu.urantiacos.cl\/en\/wp-json\/wp\/v2\/posts\/5919\/revisions\/5921"}],"wp:featuredmedia":[{"embeddable":true,"href":"https:\/\/fadeu.urantiacos.cl\/en\/wp-json\/wp\/v2\/media\/5920"}],"wp:attachment":[{"href":"https:\/\/fadeu.urantiacos.cl\/en\/wp-json\/wp\/v2\/media?parent=5919"}],"wp:term":[{"taxonomy":"category","embeddable":true,"href":"https:\/\/fadeu.urantiacos.cl\/en\/wp-json\/wp\/v2\/categories?post=5919"},{"taxonomy":"post_tag","embeddable":true,"href":"https:\/\/fadeu.urantiacos.cl\/en\/wp-json\/wp\/v2\/tags?post=5919"}],"curies":[{"name":"wp","href":"https:\/\/api.w.org\/{rel}","templated":true}]}}