{"id":5905,"date":"2021-11-22T08:54:00","date_gmt":"2021-11-22T11:54:00","guid":{"rendered":"https:\/\/fadeu.urantiacos.cl\/?p=5905"},"modified":"2023-09-07T08:56:53","modified_gmt":"2023-09-07T11:56:53","slug":"se-realizo-la-ceremonia-de-graduacion-de-mas-de-300-egresados-de-diseno-uc","status":"publish","type":"post","link":"https:\/\/fadeu.urantiacos.cl\/en\/2021\/11\/22\/se-realizo-la-ceremonia-de-graduacion-de-mas-de-300-egresados-de-diseno-uc\/","title":{"rendered":"Se realiz\u00f3 la Ceremonia de Graduaci\u00f3n de m\u00e1s de 300 egresados de Dise\u00f1o UC"},"content":{"rendered":"\n<figure class=\"wp-block-image size-full\"><img decoding=\"async\" width=\"350\" height=\"250\" src=\"https:\/\/fadeu.urantiacos.cl\/wp-content\/uploads\/2023\/09\/web_Captura_de_Pantalla_2021-11-22_a_las_20.01.13.png\" alt=\"\" class=\"wp-image-5906\" srcset=\"https:\/\/fadeu.urantiacos.cl\/wp-content\/uploads\/2023\/09\/web_Captura_de_Pantalla_2021-11-22_a_las_20.01.13.png 350w, https:\/\/fadeu.urantiacos.cl\/wp-content\/uploads\/2023\/09\/web_Captura_de_Pantalla_2021-11-22_a_las_20.01.13-300x214.png 300w\" sizes=\"(max-width: 350px) 100vw, 350px\" \/><\/figure>\n\n\n\n<p>Las ceremonias, realizadas durante los d\u00edas 18 y 19 de noviembre, fueron presididas por el Decano de la FADEU, Mario Ubilla. Adem\u00e1s, participaron de la ceremonia el director de la Escuela de Dise\u00f1o, Rodrigo Ram\u00edrez, el Subdirector Acad\u00e9mico Andr\u00e9s Villela y diferentes autoridades de la facultad.<\/p>\n\n\n\n<p>Las invocaciones estuvieron a cargo de los Padres Alessio Cottafava, Alejandro Vial y Federico Ponzoni y la lectura del juramento de la Directora de Extensi\u00f3n y Comunicaciones FADE-UC, Macarena Cort\u00e9s, la Directora de Investigaci\u00f3n y postgrado FADEU-UC, Magdalena Vicu\u00f1a y Felipe Encina, Secretario Acad\u00e9mico FADEU-UC.<\/p>\n\n\n\n<p>En su discurso de despedida, Rodrigo Ram\u00edrez, Director de Dise\u00f1o UC, planteo el orgullo que sent\u00eda al ver graduarse a generaciones de dise\u00f1adores cuyas etapas finales, estuvieron marcadas por el estallido social y una pandemia global, enfatizando que desde ah\u00ed&nbsp;\u201cenfrentar los desaf\u00edos sociales, ambientales, econ\u00f3micos actuales, ser\u00e1 para las nuevas generaciones una especie de encargo final. Desde ah\u00ed los invito a tener un rol activo en la sociedad desde diferentes variables\u201d.<\/p>\n\n\n\n<p>Tras los primero discursos y palabras se entregaron los premios a la Excelencia Acad\u00e9mica \u2013Josefina Carvalho, Nicole Troncoso-, premio Escuela de Dise\u00f1o \u2013Cala del R\u00edo y Fernanda Romagnoli\u2013 y el premio Isabel Baixas, que en esta generaciones recay\u00f3 en los graduados&nbsp;Felipe Toledo y Agust\u00edn Torrealba.<\/p>\n\n\n\n<p>Por cerrar la ceremonia, el Decano FADEU, Mario Ubilla, en sus palabras finalez agreg\u00f3&nbsp;\u201ces importante este hito que celebra a una generaci\u00f3n de nuevos dise\u00f1adores, concret\u00e1ndose una de las etapas m\u00e1s bellas de sus vidas, primero porque ha sido conducida por ustedes mismos, ha sido gobernada por la vocaci\u00f3n, por una decisi\u00f3n regida por convicciones personales profundas, y eso, poder ejercer dicha vocaci\u00f3n, es una acci\u00f3n de libertad que adem\u00e1s constituye regalo que es el don de un saber\u201d.&nbsp;<\/p>\n\n\n\n<figure class=\"wp-block-embed is-type-video is-provider-youtube wp-block-embed-youtube wp-embed-aspect-16-9 wp-has-aspect-ratio\"><div class=\"wp-block-embed__wrapper\">\n<iframe loading=\"lazy\" title=\"Ceremonia Titulaci\u00f3n Dise\u00f1o UC 2021\" width=\"500\" height=\"281\" src=\"https:\/\/www.youtube.com\/embed\/ex4SHidCVh4?feature=oembed\" frameborder=\"0\" allow=\"accelerometer; autoplay; clipboard-write; encrypted-media; gyroscope; picture-in-picture; web-share\" referrerpolicy=\"strict-origin-when-cross-origin\" allowfullscreen><\/iframe>\n<\/div><\/figure>\n\n\n\n<p>INFORMACI\u00d3N PERIOD\u00cdSTICA<br>ESCUELA DE DISE\u00d1O UC<\/p>\n","protected":false},"excerpt":{"rendered":"<p>M\u00e1s de 300 egresados, correspondientes a las generaciones 2020 y 2021, recibieron su licenciatura en Dise\u00f1o y el T\u00edtulo Profesional de Dise\u00f1ador UC, adem\u00e1s, 20 de ellos se graduaron del programa de Mag\u00edster en Dise\u00f1o Avanzado.<\/p>\n","protected":false},"author":1,"featured_media":5906,"comment_status":"open","ping_status":"open","sticky":false,"template":"","format":"standard","meta":{"_acf_changed":false,"footnotes":""},"categories":[1],"tags":[],"class_list":["post-5905","post","type-post","status-publish","format-standard","has-post-thumbnail","hentry","category-sin-categorizar"],"acf":[],"yoast_head":"<!-- This site is optimized with the Yoast SEO plugin v27.1.1 - https:\/\/yoast.com\/product\/yoast-seo-wordpress\/ -->\n<title>Se realiz\u00f3 la Ceremonia de Graduaci\u00f3n de m\u00e1s de 300 egresados de Dise\u00f1o UC - Facultad de Arquitectura, Dise\u00f1o y Estudios Urbanos<\/title>\n<meta name=\"description\" content=\"M\u00e1s de 300 egresados, correspondientes a las generaciones 2020 y 2021, recibieron su licenciatura en Dise\u00f1o y el T\u00edtulo Profesional de Dise\u00f1ador UC, adem\u00e1s, 20 de ellos se graduaron del programa de Mag\u00edster en Dise\u00f1o Avanzado.\" \/>\n<meta name=\"robots\" content=\"index, follow, max-snippet:-1, max-image-preview:large, max-video-preview:-1\" \/>\n<link rel=\"canonical\" href=\"https:\/\/fadeu.urantiacos.cl\/en\/2021\/11\/22\/se-realizo-la-ceremonia-de-graduacion-de-mas-de-300-egresados-de-diseno-uc\/\" \/>\n<meta property=\"og:locale\" content=\"en_US\" \/>\n<meta property=\"og:type\" content=\"article\" \/>\n<meta property=\"og:title\" content=\"Se realiz\u00f3 la Ceremonia de Graduaci\u00f3n de m\u00e1s de 300 egresados de Dise\u00f1o UC - Facultad de Arquitectura, Dise\u00f1o y Estudios Urbanos\" \/>\n<meta property=\"og:description\" content=\"M\u00e1s de 300 egresados, correspondientes a las generaciones 2020 y 2021, recibieron su licenciatura en Dise\u00f1o y el T\u00edtulo Profesional de Dise\u00f1ador UC, adem\u00e1s, 20 de ellos se graduaron del programa de Mag\u00edster en Dise\u00f1o Avanzado.\" \/>\n<meta property=\"og:url\" content=\"https:\/\/fadeu.urantiacos.cl\/en\/2021\/11\/22\/se-realizo-la-ceremonia-de-graduacion-de-mas-de-300-egresados-de-diseno-uc\/\" \/>\n<meta property=\"og:site_name\" content=\"Facultad de Arquitectura, Dise\u00f1o y Estudios Urbanos\" \/>\n<meta property=\"article:published_time\" content=\"2021-11-22T11:54:00+00:00\" \/>\n<meta property=\"article:modified_time\" content=\"2023-09-07T11:56:53+00:00\" \/>\n<meta property=\"og:image\" content=\"https:\/\/fadeu.urantiacos.cl\/wp-content\/uploads\/2023\/09\/web_Captura_de_Pantalla_2021-11-22_a_las_20.01.13.png\" \/>\n\t<meta property=\"og:image:width\" content=\"350\" \/>\n\t<meta property=\"og:image:height\" content=\"250\" \/>\n\t<meta property=\"og:image:type\" content=\"image\/png\" \/>\n<meta name=\"author\" content=\"manadmin\" \/>\n<meta name=\"twitter:card\" content=\"summary_large_image\" \/>\n<meta name=\"twitter:label1\" content=\"Written by\" \/>\n\t<meta name=\"twitter:data1\" content=\"manadmin\" \/>\n\t<meta name=\"twitter:label2\" content=\"Est. reading time\" \/>\n\t<meta name=\"twitter:data2\" content=\"2 minutes\" \/>\n<script type=\"application\/ld+json\" class=\"yoast-schema-graph\">{\"@context\":\"https:\/\/schema.org\",\"@graph\":[{\"@type\":\"Article\",\"@id\":\"https:\/\/fadeu.urantiacos.cl\/en\/2021\/11\/22\/se-realizo-la-ceremonia-de-graduacion-de-mas-de-300-egresados-de-diseno-uc\/#article\",\"isPartOf\":{\"@id\":\"https:\/\/fadeu.urantiacos.cl\/en\/2021\/11\/22\/se-realizo-la-ceremonia-de-graduacion-de-mas-de-300-egresados-de-diseno-uc\/\"},\"author\":{\"name\":\"manadmin\",\"@id\":\"https:\/\/fadeu.urantiacos.cl\/en\/#\/schema\/person\/d203e2e84b1c40275eac77b3061a19a2\"},\"headline\":\"Se realiz\u00f3 la Ceremonia de Graduaci\u00f3n de m\u00e1s de 300 egresados de Dise\u00f1o UC\",\"datePublished\":\"2021-11-22T11:54:00+00:00\",\"dateModified\":\"2023-09-07T11:56:53+00:00\",\"mainEntityOfPage\":{\"@id\":\"https:\/\/fadeu.urantiacos.cl\/en\/2021\/11\/22\/se-realizo-la-ceremonia-de-graduacion-de-mas-de-300-egresados-de-diseno-uc\/\"},\"wordCount\":350,\"commentCount\":0,\"image\":{\"@id\":\"https:\/\/fadeu.urantiacos.cl\/en\/2021\/11\/22\/se-realizo-la-ceremonia-de-graduacion-de-mas-de-300-egresados-de-diseno-uc\/#primaryimage\"},\"thumbnailUrl\":\"https:\/\/fadeu.urantiacos.cl\/wp-content\/uploads\/2023\/09\/web_Captura_de_Pantalla_2021-11-22_a_las_20.01.13.png\",\"articleSection\":[\"Sin categorizar\"],\"inLanguage\":\"en-US\",\"potentialAction\":[{\"@type\":\"CommentAction\",\"name\":\"Comment\",\"target\":[\"https:\/\/fadeu.urantiacos.cl\/en\/2021\/11\/22\/se-realizo-la-ceremonia-de-graduacion-de-mas-de-300-egresados-de-diseno-uc\/#respond\"]}]},{\"@type\":\"WebPage\",\"@id\":\"https:\/\/fadeu.urantiacos.cl\/en\/2021\/11\/22\/se-realizo-la-ceremonia-de-graduacion-de-mas-de-300-egresados-de-diseno-uc\/\",\"url\":\"https:\/\/fadeu.urantiacos.cl\/en\/2021\/11\/22\/se-realizo-la-ceremonia-de-graduacion-de-mas-de-300-egresados-de-diseno-uc\/\",\"name\":\"Se realiz\u00f3 la Ceremonia de Graduaci\u00f3n de m\u00e1s de 300 egresados de Dise\u00f1o UC - Facultad de Arquitectura, Dise\u00f1o y Estudios Urbanos\",\"isPartOf\":{\"@id\":\"https:\/\/fadeu.urantiacos.cl\/en\/#website\"},\"primaryImageOfPage\":{\"@id\":\"https:\/\/fadeu.urantiacos.cl\/en\/2021\/11\/22\/se-realizo-la-ceremonia-de-graduacion-de-mas-de-300-egresados-de-diseno-uc\/#primaryimage\"},\"image\":{\"@id\":\"https:\/\/fadeu.urantiacos.cl\/en\/2021\/11\/22\/se-realizo-la-ceremonia-de-graduacion-de-mas-de-300-egresados-de-diseno-uc\/#primaryimage\"},\"thumbnailUrl\":\"https:\/\/fadeu.urantiacos.cl\/wp-content\/uploads\/2023\/09\/web_Captura_de_Pantalla_2021-11-22_a_las_20.01.13.png\",\"datePublished\":\"2021-11-22T11:54:00+00:00\",\"dateModified\":\"2023-09-07T11:56:53+00:00\",\"author\":{\"@id\":\"https:\/\/fadeu.urantiacos.cl\/en\/#\/schema\/person\/d203e2e84b1c40275eac77b3061a19a2\"},\"description\":\"M\u00e1s de 300 egresados, correspondientes a las generaciones 2020 y 2021, recibieron su licenciatura en Dise\u00f1o y el T\u00edtulo Profesional de Dise\u00f1ador UC, adem\u00e1s, 20 de ellos se graduaron del programa de Mag\u00edster en Dise\u00f1o Avanzado.\",\"breadcrumb\":{\"@id\":\"https:\/\/fadeu.urantiacos.cl\/en\/2021\/11\/22\/se-realizo-la-ceremonia-de-graduacion-de-mas-de-300-egresados-de-diseno-uc\/#breadcrumb\"},\"inLanguage\":\"en-US\",\"potentialAction\":[{\"@type\":\"ReadAction\",\"target\":[\"https:\/\/fadeu.urantiacos.cl\/en\/2021\/11\/22\/se-realizo-la-ceremonia-de-graduacion-de-mas-de-300-egresados-de-diseno-uc\/\"]}]},{\"@type\":\"ImageObject\",\"inLanguage\":\"en-US\",\"@id\":\"https:\/\/fadeu.urantiacos.cl\/en\/2021\/11\/22\/se-realizo-la-ceremonia-de-graduacion-de-mas-de-300-egresados-de-diseno-uc\/#primaryimage\",\"url\":\"https:\/\/fadeu.urantiacos.cl\/wp-content\/uploads\/2023\/09\/web_Captura_de_Pantalla_2021-11-22_a_las_20.01.13.png\",\"contentUrl\":\"https:\/\/fadeu.urantiacos.cl\/wp-content\/uploads\/2023\/09\/web_Captura_de_Pantalla_2021-11-22_a_las_20.01.13.png\",\"width\":350,\"height\":250},{\"@type\":\"BreadcrumbList\",\"@id\":\"https:\/\/fadeu.urantiacos.cl\/en\/2021\/11\/22\/se-realizo-la-ceremonia-de-graduacion-de-mas-de-300-egresados-de-diseno-uc\/#breadcrumb\",\"itemListElement\":[{\"@type\":\"ListItem\",\"position\":1,\"name\":\"Portada\",\"item\":\"https:\/\/fadeu.urantiacos.cl\/en\/\"},{\"@type\":\"ListItem\",\"position\":2,\"name\":\"Se realiz\u00f3 la Ceremonia de Graduaci\u00f3n de m\u00e1s de 300 egresados de Dise\u00f1o UC\"}]},{\"@type\":\"WebSite\",\"@id\":\"https:\/\/fadeu.urantiacos.cl\/en\/#website\",\"url\":\"https:\/\/fadeu.urantiacos.cl\/en\/\",\"name\":\"Facultad de Arquitectura, Dise\u00f1o y Estudios Urbanos\",\"description\":\"Campus Lo Contador\",\"potentialAction\":[{\"@type\":\"SearchAction\",\"target\":{\"@type\":\"EntryPoint\",\"urlTemplate\":\"https:\/\/fadeu.urantiacos.cl\/en\/?s={search_term_string}\"},\"query-input\":{\"@type\":\"PropertyValueSpecification\",\"valueRequired\":true,\"valueName\":\"search_term_string\"}}],\"inLanguage\":\"en-US\"},{\"@type\":\"Person\",\"@id\":\"https:\/\/fadeu.urantiacos.cl\/en\/#\/schema\/person\/d203e2e84b1c40275eac77b3061a19a2\",\"name\":\"manadmin\",\"image\":{\"@type\":\"ImageObject\",\"inLanguage\":\"en-US\",\"@id\":\"https:\/\/fadeu.urantiacos.cl\/en\/#\/schema\/person\/image\/\",\"url\":\"https:\/\/secure.gravatar.com\/avatar\/4b1d8e3303b4a9d8968ac578947d8bc80d9aea359f388cdd4aac15cadc0e8447?s=96&d=mm&r=g\",\"contentUrl\":\"https:\/\/secure.gravatar.com\/avatar\/4b1d8e3303b4a9d8968ac578947d8bc80d9aea359f388cdd4aac15cadc0e8447?s=96&d=mm&r=g\",\"caption\":\"manadmin\"},\"sameAs\":[\"https:\/\/fadeu.urantiacos.cl\"]}]}<\/script>\n<!-- \/ Yoast SEO plugin. -->","yoast_head_json":{"title":"Se realiz\u00f3 la Ceremonia de Graduaci\u00f3n de m\u00e1s de 300 egresados de Dise\u00f1o UC - Facultad de Arquitectura, Dise\u00f1o y Estudios Urbanos","description":"M\u00e1s de 300 egresados, correspondientes a las generaciones 2020 y 2021, recibieron su licenciatura en Dise\u00f1o y el T\u00edtulo Profesional de Dise\u00f1ador UC, adem\u00e1s, 20 de ellos se graduaron del programa de Mag\u00edster en Dise\u00f1o Avanzado.","robots":{"index":"index","follow":"follow","max-snippet":"max-snippet:-1","max-image-preview":"max-image-preview:large","max-video-preview":"max-video-preview:-1"},"canonical":"https:\/\/fadeu.urantiacos.cl\/en\/2021\/11\/22\/se-realizo-la-ceremonia-de-graduacion-de-mas-de-300-egresados-de-diseno-uc\/","og_locale":"en_US","og_type":"article","og_title":"Se realiz\u00f3 la Ceremonia de Graduaci\u00f3n de m\u00e1s de 300 egresados de Dise\u00f1o UC - Facultad de Arquitectura, Dise\u00f1o y Estudios Urbanos","og_description":"M\u00e1s de 300 egresados, correspondientes a las generaciones 2020 y 2021, recibieron su licenciatura en Dise\u00f1o y el T\u00edtulo Profesional de Dise\u00f1ador UC, adem\u00e1s, 20 de ellos se graduaron del programa de Mag\u00edster en Dise\u00f1o Avanzado.","og_url":"https:\/\/fadeu.urantiacos.cl\/en\/2021\/11\/22\/se-realizo-la-ceremonia-de-graduacion-de-mas-de-300-egresados-de-diseno-uc\/","og_site_name":"Facultad de Arquitectura, Dise\u00f1o y Estudios Urbanos","article_published_time":"2021-11-22T11:54:00+00:00","article_modified_time":"2023-09-07T11:56:53+00:00","og_image":[{"width":350,"height":250,"url":"https:\/\/fadeu.urantiacos.cl\/wp-content\/uploads\/2023\/09\/web_Captura_de_Pantalla_2021-11-22_a_las_20.01.13.png","type":"image\/png"}],"author":"manadmin","twitter_card":"summary_large_image","twitter_misc":{"Written by":"manadmin","Est. reading time":"2 minutes"},"schema":{"@context":"https:\/\/schema.org","@graph":[{"@type":"Article","@id":"https:\/\/fadeu.urantiacos.cl\/en\/2021\/11\/22\/se-realizo-la-ceremonia-de-graduacion-de-mas-de-300-egresados-de-diseno-uc\/#article","isPartOf":{"@id":"https:\/\/fadeu.urantiacos.cl\/en\/2021\/11\/22\/se-realizo-la-ceremonia-de-graduacion-de-mas-de-300-egresados-de-diseno-uc\/"},"author":{"name":"manadmin","@id":"https:\/\/fadeu.urantiacos.cl\/en\/#\/schema\/person\/d203e2e84b1c40275eac77b3061a19a2"},"headline":"Se realiz\u00f3 la Ceremonia de Graduaci\u00f3n de m\u00e1s de 300 egresados de Dise\u00f1o UC","datePublished":"2021-11-22T11:54:00+00:00","dateModified":"2023-09-07T11:56:53+00:00","mainEntityOfPage":{"@id":"https:\/\/fadeu.urantiacos.cl\/en\/2021\/11\/22\/se-realizo-la-ceremonia-de-graduacion-de-mas-de-300-egresados-de-diseno-uc\/"},"wordCount":350,"commentCount":0,"image":{"@id":"https:\/\/fadeu.urantiacos.cl\/en\/2021\/11\/22\/se-realizo-la-ceremonia-de-graduacion-de-mas-de-300-egresados-de-diseno-uc\/#primaryimage"},"thumbnailUrl":"https:\/\/fadeu.urantiacos.cl\/wp-content\/uploads\/2023\/09\/web_Captura_de_Pantalla_2021-11-22_a_las_20.01.13.png","articleSection":["Sin categorizar"],"inLanguage":"en-US","potentialAction":[{"@type":"CommentAction","name":"Comment","target":["https:\/\/fadeu.urantiacos.cl\/en\/2021\/11\/22\/se-realizo-la-ceremonia-de-graduacion-de-mas-de-300-egresados-de-diseno-uc\/#respond"]}]},{"@type":"WebPage","@id":"https:\/\/fadeu.urantiacos.cl\/en\/2021\/11\/22\/se-realizo-la-ceremonia-de-graduacion-de-mas-de-300-egresados-de-diseno-uc\/","url":"https:\/\/fadeu.urantiacos.cl\/en\/2021\/11\/22\/se-realizo-la-ceremonia-de-graduacion-de-mas-de-300-egresados-de-diseno-uc\/","name":"Se realiz\u00f3 la Ceremonia de Graduaci\u00f3n de m\u00e1s de 300 egresados de Dise\u00f1o UC - Facultad de Arquitectura, Dise\u00f1o y Estudios Urbanos","isPartOf":{"@id":"https:\/\/fadeu.urantiacos.cl\/en\/#website"},"primaryImageOfPage":{"@id":"https:\/\/fadeu.urantiacos.cl\/en\/2021\/11\/22\/se-realizo-la-ceremonia-de-graduacion-de-mas-de-300-egresados-de-diseno-uc\/#primaryimage"},"image":{"@id":"https:\/\/fadeu.urantiacos.cl\/en\/2021\/11\/22\/se-realizo-la-ceremonia-de-graduacion-de-mas-de-300-egresados-de-diseno-uc\/#primaryimage"},"thumbnailUrl":"https:\/\/fadeu.urantiacos.cl\/wp-content\/uploads\/2023\/09\/web_Captura_de_Pantalla_2021-11-22_a_las_20.01.13.png","datePublished":"2021-11-22T11:54:00+00:00","dateModified":"2023-09-07T11:56:53+00:00","author":{"@id":"https:\/\/fadeu.urantiacos.cl\/en\/#\/schema\/person\/d203e2e84b1c40275eac77b3061a19a2"},"description":"M\u00e1s de 300 egresados, correspondientes a las generaciones 2020 y 2021, recibieron su licenciatura en Dise\u00f1o y el T\u00edtulo Profesional de Dise\u00f1ador UC, adem\u00e1s, 20 de ellos se graduaron del programa de Mag\u00edster en Dise\u00f1o Avanzado.","breadcrumb":{"@id":"https:\/\/fadeu.urantiacos.cl\/en\/2021\/11\/22\/se-realizo-la-ceremonia-de-graduacion-de-mas-de-300-egresados-de-diseno-uc\/#breadcrumb"},"inLanguage":"en-US","potentialAction":[{"@type":"ReadAction","target":["https:\/\/fadeu.urantiacos.cl\/en\/2021\/11\/22\/se-realizo-la-ceremonia-de-graduacion-de-mas-de-300-egresados-de-diseno-uc\/"]}]},{"@type":"ImageObject","inLanguage":"en-US","@id":"https:\/\/fadeu.urantiacos.cl\/en\/2021\/11\/22\/se-realizo-la-ceremonia-de-graduacion-de-mas-de-300-egresados-de-diseno-uc\/#primaryimage","url":"https:\/\/fadeu.urantiacos.cl\/wp-content\/uploads\/2023\/09\/web_Captura_de_Pantalla_2021-11-22_a_las_20.01.13.png","contentUrl":"https:\/\/fadeu.urantiacos.cl\/wp-content\/uploads\/2023\/09\/web_Captura_de_Pantalla_2021-11-22_a_las_20.01.13.png","width":350,"height":250},{"@type":"BreadcrumbList","@id":"https:\/\/fadeu.urantiacos.cl\/en\/2021\/11\/22\/se-realizo-la-ceremonia-de-graduacion-de-mas-de-300-egresados-de-diseno-uc\/#breadcrumb","itemListElement":[{"@type":"ListItem","position":1,"name":"Portada","item":"https:\/\/fadeu.urantiacos.cl\/en\/"},{"@type":"ListItem","position":2,"name":"Se realiz\u00f3 la Ceremonia de Graduaci\u00f3n de m\u00e1s de 300 egresados de Dise\u00f1o UC"}]},{"@type":"WebSite","@id":"https:\/\/fadeu.urantiacos.cl\/en\/#website","url":"https:\/\/fadeu.urantiacos.cl\/en\/","name":"Facultad de Arquitectura, Dise\u00f1o y Estudios Urbanos","description":"Campus Lo Contador","potentialAction":[{"@type":"SearchAction","target":{"@type":"EntryPoint","urlTemplate":"https:\/\/fadeu.urantiacos.cl\/en\/?s={search_term_string}"},"query-input":{"@type":"PropertyValueSpecification","valueRequired":true,"valueName":"search_term_string"}}],"inLanguage":"en-US"},{"@type":"Person","@id":"https:\/\/fadeu.urantiacos.cl\/en\/#\/schema\/person\/d203e2e84b1c40275eac77b3061a19a2","name":"manadmin","image":{"@type":"ImageObject","inLanguage":"en-US","@id":"https:\/\/fadeu.urantiacos.cl\/en\/#\/schema\/person\/image\/","url":"https:\/\/secure.gravatar.com\/avatar\/4b1d8e3303b4a9d8968ac578947d8bc80d9aea359f388cdd4aac15cadc0e8447?s=96&d=mm&r=g","contentUrl":"https:\/\/secure.gravatar.com\/avatar\/4b1d8e3303b4a9d8968ac578947d8bc80d9aea359f388cdd4aac15cadc0e8447?s=96&d=mm&r=g","caption":"manadmin"},"sameAs":["https:\/\/fadeu.urantiacos.cl"]}]}},"_links":{"self":[{"href":"https:\/\/fadeu.urantiacos.cl\/en\/wp-json\/wp\/v2\/posts\/5905","targetHints":{"allow":["GET"]}}],"collection":[{"href":"https:\/\/fadeu.urantiacos.cl\/en\/wp-json\/wp\/v2\/posts"}],"about":[{"href":"https:\/\/fadeu.urantiacos.cl\/en\/wp-json\/wp\/v2\/types\/post"}],"author":[{"embeddable":true,"href":"https:\/\/fadeu.urantiacos.cl\/en\/wp-json\/wp\/v2\/users\/1"}],"replies":[{"embeddable":true,"href":"https:\/\/fadeu.urantiacos.cl\/en\/wp-json\/wp\/v2\/comments?post=5905"}],"version-history":[{"count":1,"href":"https:\/\/fadeu.urantiacos.cl\/en\/wp-json\/wp\/v2\/posts\/5905\/revisions"}],"predecessor-version":[{"id":5907,"href":"https:\/\/fadeu.urantiacos.cl\/en\/wp-json\/wp\/v2\/posts\/5905\/revisions\/5907"}],"wp:featuredmedia":[{"embeddable":true,"href":"https:\/\/fadeu.urantiacos.cl\/en\/wp-json\/wp\/v2\/media\/5906"}],"wp:attachment":[{"href":"https:\/\/fadeu.urantiacos.cl\/en\/wp-json\/wp\/v2\/media?parent=5905"}],"wp:term":[{"taxonomy":"category","embeddable":true,"href":"https:\/\/fadeu.urantiacos.cl\/en\/wp-json\/wp\/v2\/categories?post=5905"},{"taxonomy":"post_tag","embeddable":true,"href":"https:\/\/fadeu.urantiacos.cl\/en\/wp-json\/wp\/v2\/tags?post=5905"}],"curies":[{"name":"wp","href":"https:\/\/api.w.org\/{rel}","templated":true}]}}