{"id":5902,"date":"2021-11-23T08:52:00","date_gmt":"2021-11-23T11:52:00","guid":{"rendered":"https:\/\/fadeu.urantiacos.cl\/?p=5902"},"modified":"2023-09-07T08:54:49","modified_gmt":"2023-09-07T11:54:49","slug":"profesor-umberto-bonomo-representara-a-la-uc-en-seminario-internacional-sobre-patrimonio-universitario","status":"publish","type":"post","link":"https:\/\/fadeu.urantiacos.cl\/en\/2021\/11\/23\/profesor-umberto-bonomo-representara-a-la-uc-en-seminario-internacional-sobre-patrimonio-universitario\/","title":{"rendered":"Profesor Umberto Bonomo representar\u00e1 a la UC en seminario internacional sobre patrimonio universitario"},"content":{"rendered":"\n<figure class=\"wp-block-image size-full\"><img decoding=\"async\" width=\"350\" height=\"250\" src=\"https:\/\/fadeu.urantiacos.cl\/wp-content\/uploads\/2023\/09\/web_2021-ORIENTE021_baja.jpg\" alt=\"\" class=\"wp-image-5903\" srcset=\"https:\/\/fadeu.urantiacos.cl\/wp-content\/uploads\/2023\/09\/web_2021-ORIENTE021_baja.jpg 350w, https:\/\/fadeu.urantiacos.cl\/wp-content\/uploads\/2023\/09\/web_2021-ORIENTE021_baja-300x214.jpg 300w\" sizes=\"(max-width: 350px) 100vw, 350px\" \/><\/figure>\n\n\n\n<p>(c) Phillipe Blanc<\/p>\n\n\n\n<p>El profesor Bonomo compartir\u00e1 la ponencia titulada \u201cGesti\u00f3n y Puesta en la Valor del Patrimonio de la Pontificia Universidad Cat\u00f3lica de Chile\u201d, el d\u00eda 24 de noviembre, d\u00eda en que se analizar\u00e1n los desaf\u00edos en la gesti\u00f3n del patrimonio universitario iberoamericano.<\/p>\n\n\n\n<p>El proyecto de Red Internacional PHI (Patrimonio Hist\u00f3rico + Cultural Iberoamericano) se ha desarrollado desde el a\u00f1o 2010 como resultado del acuerdo multilateral de ocho universidades iberoamericanas y europeas ante los desaf\u00edos de la sociedad moderna y con el objetivo de colaborar positivamente para el desarrollo de nuestras comunidades.<\/p>\n\n\n\n<p>La red constituye una apuesta decidida por el empleo de las referencias y se\u00f1ales culturales iberoamericanas en un mundo en cambio permanente en el que los problemas no son \u00fanicamente de alcance material y en el que promover el desarrollo sostenible e integrado de las comunidades culturales de Am\u00e9rica, \u00c1frica o Asia que se expresan en espa\u00f1ol y portugu\u00e9s constituye un reto al que nos tenemos que enfrentar desde todas y cada una de nuestras capacidades. En esta empresa la dimensi\u00f3n patrimonial es, si no la m\u00e1s, una de las m\u00e1s importantes. Por eso, es en este \u00e1mbito del patrimonio cultural en el que se ha propuesto operar la RED PHI, una red integrada por universidades de todo el mundo que cuentan con Escuelas y Facultades de Arquitectura reconocidas internacionalmente y con centros e institutos de investigaci\u00f3n muy prestigiosos en el \u00e1mbito cient\u00edfico-tecnol\u00f3gico que nos ocupa.<\/p>\n\n\n\n<p>INFORMACI\u00d3N PERIOD\u00cdSTICA<br>JUAN ANDR\u00c9S INZUNZA<\/p>\n","protected":false},"excerpt":{"rendered":"<p>\u201cEl Patrimonio Cultural de las Universidades\u201d, es el seminario internacional que organiza la Universidad Polit\u00e9cnica de Madrid, en el contexto de la Red Internacional PHI (Patrimonio Hist\u00f3rico + Cultural Iberoamericano), que se desarrollar\u00e1 entre el 23 y el 25 de noviembre en Madrid, Espa\u00f1a, y en la cual expondr\u00e1 el profesor de la escuela de Arquitectura y director del Centro del Patrimonio Cultural UC, Umberto Bonomo.<\/p>\n","protected":false},"author":1,"featured_media":5903,"comment_status":"open","ping_status":"open","sticky":false,"template":"","format":"standard","meta":{"_acf_changed":false,"footnotes":""},"categories":[1],"tags":[],"class_list":["post-5902","post","type-post","status-publish","format-standard","has-post-thumbnail","hentry","category-sin-categorizar"],"acf":[],"yoast_head":"<!-- This site is optimized with the Yoast SEO plugin v27.1.1 - https:\/\/yoast.com\/product\/yoast-seo-wordpress\/ -->\n<title>Profesor Umberto Bonomo representar\u00e1 a la UC en seminario internacional sobre patrimonio universitario - Facultad de Arquitectura, Dise\u00f1o y Estudios Urbanos<\/title>\n<meta name=\"description\" content=\"\u201cEl Patrimonio Cultural de las Universidades\u201d, es el seminario internacional que organiza la Universidad Polit\u00e9cnica de Madrid, en el contexto de la Red Internacional PHI (Patrimonio Hist\u00f3rico + Cultural Iberoamericano), que se desarrollar\u00e1 entre el 23 y el 25 de noviembre en Madrid, Espa\u00f1a, y en la cual expondr\u00e1 el profesor de la escuela de Arquitectura y director del Centro del Patrimonio Cultural UC, Umberto Bonomo.\" \/>\n<meta name=\"robots\" content=\"index, follow, max-snippet:-1, max-image-preview:large, max-video-preview:-1\" \/>\n<link rel=\"canonical\" href=\"https:\/\/fadeu.urantiacos.cl\/en\/2021\/11\/23\/profesor-umberto-bonomo-representara-a-la-uc-en-seminario-internacional-sobre-patrimonio-universitario\/\" \/>\n<meta property=\"og:locale\" content=\"en_US\" \/>\n<meta property=\"og:type\" content=\"article\" \/>\n<meta property=\"og:title\" content=\"Profesor Umberto Bonomo representar\u00e1 a la UC en seminario internacional sobre patrimonio universitario - Facultad de Arquitectura, Dise\u00f1o y Estudios Urbanos\" \/>\n<meta property=\"og:description\" content=\"\u201cEl Patrimonio Cultural de las Universidades\u201d, es el seminario internacional que organiza la Universidad Polit\u00e9cnica de Madrid, en el contexto de la Red Internacional PHI (Patrimonio Hist\u00f3rico + Cultural Iberoamericano), que se desarrollar\u00e1 entre el 23 y el 25 de noviembre en Madrid, Espa\u00f1a, y en la cual expondr\u00e1 el profesor de la escuela de Arquitectura y director del Centro del Patrimonio Cultural UC, Umberto Bonomo.\" \/>\n<meta property=\"og:url\" content=\"https:\/\/fadeu.urantiacos.cl\/en\/2021\/11\/23\/profesor-umberto-bonomo-representara-a-la-uc-en-seminario-internacional-sobre-patrimonio-universitario\/\" \/>\n<meta property=\"og:site_name\" content=\"Facultad de Arquitectura, Dise\u00f1o y Estudios Urbanos\" \/>\n<meta property=\"article:published_time\" content=\"2021-11-23T11:52:00+00:00\" \/>\n<meta property=\"article:modified_time\" content=\"2023-09-07T11:54:49+00:00\" \/>\n<meta property=\"og:image\" content=\"https:\/\/fadeu.urantiacos.cl\/wp-content\/uploads\/2023\/09\/web_2021-ORIENTE021_baja.jpg\" \/>\n\t<meta property=\"og:image:width\" content=\"350\" \/>\n\t<meta property=\"og:image:height\" content=\"250\" \/>\n\t<meta property=\"og:image:type\" content=\"image\/jpeg\" \/>\n<meta name=\"author\" content=\"manadmin\" \/>\n<meta name=\"twitter:card\" content=\"summary_large_image\" \/>\n<meta name=\"twitter:label1\" content=\"Written by\" \/>\n\t<meta name=\"twitter:data1\" content=\"manadmin\" \/>\n\t<meta name=\"twitter:label2\" content=\"Est. reading time\" \/>\n\t<meta name=\"twitter:data2\" content=\"1 minute\" \/>\n<script type=\"application\/ld+json\" class=\"yoast-schema-graph\">{\"@context\":\"https:\/\/schema.org\",\"@graph\":[{\"@type\":\"Article\",\"@id\":\"https:\/\/fadeu.urantiacos.cl\/en\/2021\/11\/23\/profesor-umberto-bonomo-representara-a-la-uc-en-seminario-internacional-sobre-patrimonio-universitario\/#article\",\"isPartOf\":{\"@id\":\"https:\/\/fadeu.urantiacos.cl\/en\/2021\/11\/23\/profesor-umberto-bonomo-representara-a-la-uc-en-seminario-internacional-sobre-patrimonio-universitario\/\"},\"author\":{\"name\":\"manadmin\",\"@id\":\"https:\/\/fadeu.urantiacos.cl\/en\/#\/schema\/person\/d203e2e84b1c40275eac77b3061a19a2\"},\"headline\":\"Profesor Umberto Bonomo representar\u00e1 a la UC en seminario internacional sobre patrimonio universitario\",\"datePublished\":\"2021-11-23T11:52:00+00:00\",\"dateModified\":\"2023-09-07T11:54:49+00:00\",\"mainEntityOfPage\":{\"@id\":\"https:\/\/fadeu.urantiacos.cl\/en\/2021\/11\/23\/profesor-umberto-bonomo-representara-a-la-uc-en-seminario-internacional-sobre-patrimonio-universitario\/\"},\"wordCount\":276,\"commentCount\":0,\"image\":{\"@id\":\"https:\/\/fadeu.urantiacos.cl\/en\/2021\/11\/23\/profesor-umberto-bonomo-representara-a-la-uc-en-seminario-internacional-sobre-patrimonio-universitario\/#primaryimage\"},\"thumbnailUrl\":\"https:\/\/fadeu.urantiacos.cl\/wp-content\/uploads\/2023\/09\/web_2021-ORIENTE021_baja.jpg\",\"articleSection\":[\"Sin categorizar\"],\"inLanguage\":\"en-US\",\"potentialAction\":[{\"@type\":\"CommentAction\",\"name\":\"Comment\",\"target\":[\"https:\/\/fadeu.urantiacos.cl\/en\/2021\/11\/23\/profesor-umberto-bonomo-representara-a-la-uc-en-seminario-internacional-sobre-patrimonio-universitario\/#respond\"]}]},{\"@type\":\"WebPage\",\"@id\":\"https:\/\/fadeu.urantiacos.cl\/en\/2021\/11\/23\/profesor-umberto-bonomo-representara-a-la-uc-en-seminario-internacional-sobre-patrimonio-universitario\/\",\"url\":\"https:\/\/fadeu.urantiacos.cl\/en\/2021\/11\/23\/profesor-umberto-bonomo-representara-a-la-uc-en-seminario-internacional-sobre-patrimonio-universitario\/\",\"name\":\"Profesor Umberto Bonomo representar\u00e1 a la UC en seminario internacional sobre patrimonio universitario - Facultad de Arquitectura, Dise\u00f1o y Estudios Urbanos\",\"isPartOf\":{\"@id\":\"https:\/\/fadeu.urantiacos.cl\/en\/#website\"},\"primaryImageOfPage\":{\"@id\":\"https:\/\/fadeu.urantiacos.cl\/en\/2021\/11\/23\/profesor-umberto-bonomo-representara-a-la-uc-en-seminario-internacional-sobre-patrimonio-universitario\/#primaryimage\"},\"image\":{\"@id\":\"https:\/\/fadeu.urantiacos.cl\/en\/2021\/11\/23\/profesor-umberto-bonomo-representara-a-la-uc-en-seminario-internacional-sobre-patrimonio-universitario\/#primaryimage\"},\"thumbnailUrl\":\"https:\/\/fadeu.urantiacos.cl\/wp-content\/uploads\/2023\/09\/web_2021-ORIENTE021_baja.jpg\",\"datePublished\":\"2021-11-23T11:52:00+00:00\",\"dateModified\":\"2023-09-07T11:54:49+00:00\",\"author\":{\"@id\":\"https:\/\/fadeu.urantiacos.cl\/en\/#\/schema\/person\/d203e2e84b1c40275eac77b3061a19a2\"},\"description\":\"\u201cEl Patrimonio Cultural de las Universidades\u201d, es el seminario internacional que organiza la Universidad Polit\u00e9cnica de Madrid, en el contexto de la Red Internacional PHI (Patrimonio Hist\u00f3rico + Cultural Iberoamericano), que se desarrollar\u00e1 entre el 23 y el 25 de noviembre en Madrid, Espa\u00f1a, y en la cual expondr\u00e1 el profesor de la escuela de Arquitectura y director del Centro del Patrimonio Cultural UC, Umberto Bonomo.\",\"breadcrumb\":{\"@id\":\"https:\/\/fadeu.urantiacos.cl\/en\/2021\/11\/23\/profesor-umberto-bonomo-representara-a-la-uc-en-seminario-internacional-sobre-patrimonio-universitario\/#breadcrumb\"},\"inLanguage\":\"en-US\",\"potentialAction\":[{\"@type\":\"ReadAction\",\"target\":[\"https:\/\/fadeu.urantiacos.cl\/en\/2021\/11\/23\/profesor-umberto-bonomo-representara-a-la-uc-en-seminario-internacional-sobre-patrimonio-universitario\/\"]}]},{\"@type\":\"ImageObject\",\"inLanguage\":\"en-US\",\"@id\":\"https:\/\/fadeu.urantiacos.cl\/en\/2021\/11\/23\/profesor-umberto-bonomo-representara-a-la-uc-en-seminario-internacional-sobre-patrimonio-universitario\/#primaryimage\",\"url\":\"https:\/\/fadeu.urantiacos.cl\/wp-content\/uploads\/2023\/09\/web_2021-ORIENTE021_baja.jpg\",\"contentUrl\":\"https:\/\/fadeu.urantiacos.cl\/wp-content\/uploads\/2023\/09\/web_2021-ORIENTE021_baja.jpg\",\"width\":350,\"height\":250},{\"@type\":\"BreadcrumbList\",\"@id\":\"https:\/\/fadeu.urantiacos.cl\/en\/2021\/11\/23\/profesor-umberto-bonomo-representara-a-la-uc-en-seminario-internacional-sobre-patrimonio-universitario\/#breadcrumb\",\"itemListElement\":[{\"@type\":\"ListItem\",\"position\":1,\"name\":\"Portada\",\"item\":\"https:\/\/fadeu.urantiacos.cl\/en\/\"},{\"@type\":\"ListItem\",\"position\":2,\"name\":\"Profesor Umberto Bonomo representar\u00e1 a la UC en seminario internacional sobre patrimonio universitario\"}]},{\"@type\":\"WebSite\",\"@id\":\"https:\/\/fadeu.urantiacos.cl\/en\/#website\",\"url\":\"https:\/\/fadeu.urantiacos.cl\/en\/\",\"name\":\"Facultad de Arquitectura, Dise\u00f1o y Estudios Urbanos\",\"description\":\"Campus Lo Contador\",\"potentialAction\":[{\"@type\":\"SearchAction\",\"target\":{\"@type\":\"EntryPoint\",\"urlTemplate\":\"https:\/\/fadeu.urantiacos.cl\/en\/?s={search_term_string}\"},\"query-input\":{\"@type\":\"PropertyValueSpecification\",\"valueRequired\":true,\"valueName\":\"search_term_string\"}}],\"inLanguage\":\"en-US\"},{\"@type\":\"Person\",\"@id\":\"https:\/\/fadeu.urantiacos.cl\/en\/#\/schema\/person\/d203e2e84b1c40275eac77b3061a19a2\",\"name\":\"manadmin\",\"image\":{\"@type\":\"ImageObject\",\"inLanguage\":\"en-US\",\"@id\":\"https:\/\/fadeu.urantiacos.cl\/en\/#\/schema\/person\/image\/\",\"url\":\"https:\/\/secure.gravatar.com\/avatar\/4b1d8e3303b4a9d8968ac578947d8bc80d9aea359f388cdd4aac15cadc0e8447?s=96&d=mm&r=g\",\"contentUrl\":\"https:\/\/secure.gravatar.com\/avatar\/4b1d8e3303b4a9d8968ac578947d8bc80d9aea359f388cdd4aac15cadc0e8447?s=96&d=mm&r=g\",\"caption\":\"manadmin\"},\"sameAs\":[\"https:\/\/fadeu.urantiacos.cl\"]}]}<\/script>\n<!-- \/ Yoast SEO plugin. -->","yoast_head_json":{"title":"Profesor Umberto Bonomo representar\u00e1 a la UC en seminario internacional sobre patrimonio universitario - Facultad de Arquitectura, Dise\u00f1o y Estudios Urbanos","description":"\u201cEl Patrimonio Cultural de las Universidades\u201d, es el seminario internacional que organiza la Universidad Polit\u00e9cnica de Madrid, en el contexto de la Red Internacional PHI (Patrimonio Hist\u00f3rico + Cultural Iberoamericano), que se desarrollar\u00e1 entre el 23 y el 25 de noviembre en Madrid, Espa\u00f1a, y en la cual expondr\u00e1 el profesor de la escuela de Arquitectura y director del Centro del Patrimonio Cultural UC, Umberto Bonomo.","robots":{"index":"index","follow":"follow","max-snippet":"max-snippet:-1","max-image-preview":"max-image-preview:large","max-video-preview":"max-video-preview:-1"},"canonical":"https:\/\/fadeu.urantiacos.cl\/en\/2021\/11\/23\/profesor-umberto-bonomo-representara-a-la-uc-en-seminario-internacional-sobre-patrimonio-universitario\/","og_locale":"en_US","og_type":"article","og_title":"Profesor Umberto Bonomo representar\u00e1 a la UC en seminario internacional sobre patrimonio universitario - Facultad de Arquitectura, Dise\u00f1o y Estudios Urbanos","og_description":"\u201cEl Patrimonio Cultural de las Universidades\u201d, es el seminario internacional que organiza la Universidad Polit\u00e9cnica de Madrid, en el contexto de la Red Internacional PHI (Patrimonio Hist\u00f3rico + Cultural Iberoamericano), que se desarrollar\u00e1 entre el 23 y el 25 de noviembre en Madrid, Espa\u00f1a, y en la cual expondr\u00e1 el profesor de la escuela de Arquitectura y director del Centro del Patrimonio Cultural UC, Umberto Bonomo.","og_url":"https:\/\/fadeu.urantiacos.cl\/en\/2021\/11\/23\/profesor-umberto-bonomo-representara-a-la-uc-en-seminario-internacional-sobre-patrimonio-universitario\/","og_site_name":"Facultad de Arquitectura, Dise\u00f1o y Estudios Urbanos","article_published_time":"2021-11-23T11:52:00+00:00","article_modified_time":"2023-09-07T11:54:49+00:00","og_image":[{"width":350,"height":250,"url":"https:\/\/fadeu.urantiacos.cl\/wp-content\/uploads\/2023\/09\/web_2021-ORIENTE021_baja.jpg","type":"image\/jpeg"}],"author":"manadmin","twitter_card":"summary_large_image","twitter_misc":{"Written by":"manadmin","Est. reading time":"1 minute"},"schema":{"@context":"https:\/\/schema.org","@graph":[{"@type":"Article","@id":"https:\/\/fadeu.urantiacos.cl\/en\/2021\/11\/23\/profesor-umberto-bonomo-representara-a-la-uc-en-seminario-internacional-sobre-patrimonio-universitario\/#article","isPartOf":{"@id":"https:\/\/fadeu.urantiacos.cl\/en\/2021\/11\/23\/profesor-umberto-bonomo-representara-a-la-uc-en-seminario-internacional-sobre-patrimonio-universitario\/"},"author":{"name":"manadmin","@id":"https:\/\/fadeu.urantiacos.cl\/en\/#\/schema\/person\/d203e2e84b1c40275eac77b3061a19a2"},"headline":"Profesor Umberto Bonomo representar\u00e1 a la UC en seminario internacional sobre patrimonio universitario","datePublished":"2021-11-23T11:52:00+00:00","dateModified":"2023-09-07T11:54:49+00:00","mainEntityOfPage":{"@id":"https:\/\/fadeu.urantiacos.cl\/en\/2021\/11\/23\/profesor-umberto-bonomo-representara-a-la-uc-en-seminario-internacional-sobre-patrimonio-universitario\/"},"wordCount":276,"commentCount":0,"image":{"@id":"https:\/\/fadeu.urantiacos.cl\/en\/2021\/11\/23\/profesor-umberto-bonomo-representara-a-la-uc-en-seminario-internacional-sobre-patrimonio-universitario\/#primaryimage"},"thumbnailUrl":"https:\/\/fadeu.urantiacos.cl\/wp-content\/uploads\/2023\/09\/web_2021-ORIENTE021_baja.jpg","articleSection":["Sin categorizar"],"inLanguage":"en-US","potentialAction":[{"@type":"CommentAction","name":"Comment","target":["https:\/\/fadeu.urantiacos.cl\/en\/2021\/11\/23\/profesor-umberto-bonomo-representara-a-la-uc-en-seminario-internacional-sobre-patrimonio-universitario\/#respond"]}]},{"@type":"WebPage","@id":"https:\/\/fadeu.urantiacos.cl\/en\/2021\/11\/23\/profesor-umberto-bonomo-representara-a-la-uc-en-seminario-internacional-sobre-patrimonio-universitario\/","url":"https:\/\/fadeu.urantiacos.cl\/en\/2021\/11\/23\/profesor-umberto-bonomo-representara-a-la-uc-en-seminario-internacional-sobre-patrimonio-universitario\/","name":"Profesor Umberto Bonomo representar\u00e1 a la UC en seminario internacional sobre patrimonio universitario - Facultad de Arquitectura, Dise\u00f1o y Estudios Urbanos","isPartOf":{"@id":"https:\/\/fadeu.urantiacos.cl\/en\/#website"},"primaryImageOfPage":{"@id":"https:\/\/fadeu.urantiacos.cl\/en\/2021\/11\/23\/profesor-umberto-bonomo-representara-a-la-uc-en-seminario-internacional-sobre-patrimonio-universitario\/#primaryimage"},"image":{"@id":"https:\/\/fadeu.urantiacos.cl\/en\/2021\/11\/23\/profesor-umberto-bonomo-representara-a-la-uc-en-seminario-internacional-sobre-patrimonio-universitario\/#primaryimage"},"thumbnailUrl":"https:\/\/fadeu.urantiacos.cl\/wp-content\/uploads\/2023\/09\/web_2021-ORIENTE021_baja.jpg","datePublished":"2021-11-23T11:52:00+00:00","dateModified":"2023-09-07T11:54:49+00:00","author":{"@id":"https:\/\/fadeu.urantiacos.cl\/en\/#\/schema\/person\/d203e2e84b1c40275eac77b3061a19a2"},"description":"\u201cEl Patrimonio Cultural de las Universidades\u201d, es el seminario internacional que organiza la Universidad Polit\u00e9cnica de Madrid, en el contexto de la Red Internacional PHI (Patrimonio Hist\u00f3rico + Cultural Iberoamericano), que se desarrollar\u00e1 entre el 23 y el 25 de noviembre en Madrid, Espa\u00f1a, y en la cual expondr\u00e1 el profesor de la escuela de Arquitectura y director del Centro del Patrimonio Cultural UC, Umberto Bonomo.","breadcrumb":{"@id":"https:\/\/fadeu.urantiacos.cl\/en\/2021\/11\/23\/profesor-umberto-bonomo-representara-a-la-uc-en-seminario-internacional-sobre-patrimonio-universitario\/#breadcrumb"},"inLanguage":"en-US","potentialAction":[{"@type":"ReadAction","target":["https:\/\/fadeu.urantiacos.cl\/en\/2021\/11\/23\/profesor-umberto-bonomo-representara-a-la-uc-en-seminario-internacional-sobre-patrimonio-universitario\/"]}]},{"@type":"ImageObject","inLanguage":"en-US","@id":"https:\/\/fadeu.urantiacos.cl\/en\/2021\/11\/23\/profesor-umberto-bonomo-representara-a-la-uc-en-seminario-internacional-sobre-patrimonio-universitario\/#primaryimage","url":"https:\/\/fadeu.urantiacos.cl\/wp-content\/uploads\/2023\/09\/web_2021-ORIENTE021_baja.jpg","contentUrl":"https:\/\/fadeu.urantiacos.cl\/wp-content\/uploads\/2023\/09\/web_2021-ORIENTE021_baja.jpg","width":350,"height":250},{"@type":"BreadcrumbList","@id":"https:\/\/fadeu.urantiacos.cl\/en\/2021\/11\/23\/profesor-umberto-bonomo-representara-a-la-uc-en-seminario-internacional-sobre-patrimonio-universitario\/#breadcrumb","itemListElement":[{"@type":"ListItem","position":1,"name":"Portada","item":"https:\/\/fadeu.urantiacos.cl\/en\/"},{"@type":"ListItem","position":2,"name":"Profesor Umberto Bonomo representar\u00e1 a la UC en seminario internacional sobre patrimonio universitario"}]},{"@type":"WebSite","@id":"https:\/\/fadeu.urantiacos.cl\/en\/#website","url":"https:\/\/fadeu.urantiacos.cl\/en\/","name":"Facultad de Arquitectura, Dise\u00f1o y Estudios Urbanos","description":"Campus Lo Contador","potentialAction":[{"@type":"SearchAction","target":{"@type":"EntryPoint","urlTemplate":"https:\/\/fadeu.urantiacos.cl\/en\/?s={search_term_string}"},"query-input":{"@type":"PropertyValueSpecification","valueRequired":true,"valueName":"search_term_string"}}],"inLanguage":"en-US"},{"@type":"Person","@id":"https:\/\/fadeu.urantiacos.cl\/en\/#\/schema\/person\/d203e2e84b1c40275eac77b3061a19a2","name":"manadmin","image":{"@type":"ImageObject","inLanguage":"en-US","@id":"https:\/\/fadeu.urantiacos.cl\/en\/#\/schema\/person\/image\/","url":"https:\/\/secure.gravatar.com\/avatar\/4b1d8e3303b4a9d8968ac578947d8bc80d9aea359f388cdd4aac15cadc0e8447?s=96&d=mm&r=g","contentUrl":"https:\/\/secure.gravatar.com\/avatar\/4b1d8e3303b4a9d8968ac578947d8bc80d9aea359f388cdd4aac15cadc0e8447?s=96&d=mm&r=g","caption":"manadmin"},"sameAs":["https:\/\/fadeu.urantiacos.cl"]}]}},"_links":{"self":[{"href":"https:\/\/fadeu.urantiacos.cl\/en\/wp-json\/wp\/v2\/posts\/5902","targetHints":{"allow":["GET"]}}],"collection":[{"href":"https:\/\/fadeu.urantiacos.cl\/en\/wp-json\/wp\/v2\/posts"}],"about":[{"href":"https:\/\/fadeu.urantiacos.cl\/en\/wp-json\/wp\/v2\/types\/post"}],"author":[{"embeddable":true,"href":"https:\/\/fadeu.urantiacos.cl\/en\/wp-json\/wp\/v2\/users\/1"}],"replies":[{"embeddable":true,"href":"https:\/\/fadeu.urantiacos.cl\/en\/wp-json\/wp\/v2\/comments?post=5902"}],"version-history":[{"count":1,"href":"https:\/\/fadeu.urantiacos.cl\/en\/wp-json\/wp\/v2\/posts\/5902\/revisions"}],"predecessor-version":[{"id":5904,"href":"https:\/\/fadeu.urantiacos.cl\/en\/wp-json\/wp\/v2\/posts\/5902\/revisions\/5904"}],"wp:featuredmedia":[{"embeddable":true,"href":"https:\/\/fadeu.urantiacos.cl\/en\/wp-json\/wp\/v2\/media\/5903"}],"wp:attachment":[{"href":"https:\/\/fadeu.urantiacos.cl\/en\/wp-json\/wp\/v2\/media?parent=5902"}],"wp:term":[{"taxonomy":"category","embeddable":true,"href":"https:\/\/fadeu.urantiacos.cl\/en\/wp-json\/wp\/v2\/categories?post=5902"},{"taxonomy":"post_tag","embeddable":true,"href":"https:\/\/fadeu.urantiacos.cl\/en\/wp-json\/wp\/v2\/tags?post=5902"}],"curies":[{"name":"wp","href":"https:\/\/api.w.org\/{rel}","templated":true}]}}