{"id":5890,"date":"2021-11-24T08:45:00","date_gmt":"2021-11-24T11:45:00","guid":{"rendered":"https:\/\/fadeu.urantiacos.cl\/?p=5890"},"modified":"2023-09-07T08:51:16","modified_gmt":"2023-09-07T11:51:16","slug":"decanato-homenajeo-los-30-anos-de-servicios-de-fernando-moreno","status":"publish","type":"post","link":"https:\/\/fadeu.urantiacos.cl\/en\/2021\/11\/24\/decanato-homenajeo-los-30-anos-de-servicios-de-fernando-moreno\/","title":{"rendered":"Decanato homenaje\u00f3 los 30 a\u00f1os de servicios de Fernando Moreno"},"content":{"rendered":"\n<figure class=\"wp-block-image size-full\"><img decoding=\"async\" width=\"350\" height=\"250\" src=\"https:\/\/fadeu.urantiacos.cl\/wp-content\/uploads\/2023\/09\/WEB_WhatsApp_Image_2021-11-24_at_10.49.08_AM_2.jpg\" alt=\"\" class=\"wp-image-5891\" srcset=\"https:\/\/fadeu.urantiacos.cl\/wp-content\/uploads\/2023\/09\/WEB_WhatsApp_Image_2021-11-24_at_10.49.08_AM_2.jpg 350w, https:\/\/fadeu.urantiacos.cl\/wp-content\/uploads\/2023\/09\/WEB_WhatsApp_Image_2021-11-24_at_10.49.08_AM_2-300x214.jpg 300w\" sizes=\"(max-width: 350px) 100vw, 350px\" \/><\/figure>\n\n\n\n<p>Fue el Decano Mario Ubilla quien reconoci\u00f3 el trabajo de Moreno, haciendo entrega de algunos presentes, en representaci\u00f3n de la Facultad, y elogiando la entrega y el aporte al buen clima laboral que le ha caracterizado siempre.<\/p>\n\n\n\n<p>\u201cDon Fernando ha conocido a muchos de nuestros profesores desde su \u00e9poca estudiantil, y les acompa\u00f1\u00f3 durante todo su proceso de formaci\u00f3n. Yo, personalmente, lo conoc\u00ed cuando estudiaba en los pasillos y salas de Lo Contador, y su presencia fue siempre un ejemplo de buen trato, de un saludo amable. Estamos hablando de una persona que ser\u00e1 siempre parte del coraz\u00f3n de nuestro campus. As\u00ed lo sentimos todos\u201d, afirm\u00f3 el Decano Ubilla.<\/p>\n\n\n\n<p>En la ocasi\u00f3n, se le hizo entrega de un grabado realizado por Guillermo Zilleruelo (Arquitecto UC), un galvano en madera de roble dise\u00f1ado por Felipe Ladr\u00f3n de Guevara (Arquitecto DIRIP) y confeccionado por Juan Pablo Valenzuela y Pablo Gutierrez (FABHAUS FADEU) y una gift card para uso personal.En esta amena reuni\u00f3n, Fernando Moreno se dio tiempo para enumerar diversas an\u00e9cdotas del campus y gratos recuerdos, adem\u00e1s de relevar que siempre tuvo la disposici\u00f3n para inculcar en los estudiantes y en quienes le rodean el respeto al pr\u00f3jimo y el cuidado del entorno del campus.<\/p>\n\n\n\n<p>A pesar de que Moreno seguir\u00e1 trabajando en otro destino de la empresa que presta servicios al campus Lo Contador, fue invitado a visitar siempre que quisiera el campus Lo Contador, lugar que, en palabras del Decano Ubilla, \u201csiempre tendr\u00e1 las puertas abiertas para quien ha sido parte importante de nuestra historia\u201d.<\/p>\n\n\n\n<p>INFORMACI\u00d3N PERIOD\u00cdSTICA<br>JUAN ANDR\u00c9S INZUNZA<\/p>\n\n\n\n<figure class=\"wp-block-image size-full\"><img decoding=\"async\" width=\"1024\" height=\"768\" src=\"https:\/\/fadeu.urantiacos.cl\/wp-content\/uploads\/2023\/09\/WhatsApp_Image_2021-11-24_at_10.49.08_AM.jpeg\" alt=\"\" class=\"wp-image-5892\" srcset=\"https:\/\/fadeu.urantiacos.cl\/wp-content\/uploads\/2023\/09\/WhatsApp_Image_2021-11-24_at_10.49.08_AM.jpeg 1024w, https:\/\/fadeu.urantiacos.cl\/wp-content\/uploads\/2023\/09\/WhatsApp_Image_2021-11-24_at_10.49.08_AM-300x225.jpeg 300w, https:\/\/fadeu.urantiacos.cl\/wp-content\/uploads\/2023\/09\/WhatsApp_Image_2021-11-24_at_10.49.08_AM-768x576.jpeg 768w\" sizes=\"(max-width: 1024px) 100vw, 1024px\" \/><\/figure>\n\n\n\n<figure class=\"wp-block-image size-full\"><img decoding=\"async\" width=\"768\" height=\"1024\" src=\"https:\/\/fadeu.urantiacos.cl\/wp-content\/uploads\/2023\/09\/WhatsApp_Image_2021-11-24_at_10.49.08_AM_2.jpeg\" alt=\"\" class=\"wp-image-5894\" srcset=\"https:\/\/fadeu.urantiacos.cl\/wp-content\/uploads\/2023\/09\/WhatsApp_Image_2021-11-24_at_10.49.08_AM_2.jpeg 768w, https:\/\/fadeu.urantiacos.cl\/wp-content\/uploads\/2023\/09\/WhatsApp_Image_2021-11-24_at_10.49.08_AM_2-225x300.jpeg 225w\" sizes=\"(max-width: 768px) 100vw, 768px\" \/><\/figure>\n\n\n\n<figure class=\"wp-block-image size-full\"><img decoding=\"async\" width=\"768\" height=\"1024\" src=\"https:\/\/fadeu.urantiacos.cl\/wp-content\/uploads\/2023\/09\/WhatsApp_Image_2021-11-24_at_10.49.08_AM_1.jpeg\" alt=\"\" class=\"wp-image-5895\" srcset=\"https:\/\/fadeu.urantiacos.cl\/wp-content\/uploads\/2023\/09\/WhatsApp_Image_2021-11-24_at_10.49.08_AM_1.jpeg 768w, https:\/\/fadeu.urantiacos.cl\/wp-content\/uploads\/2023\/09\/WhatsApp_Image_2021-11-24_at_10.49.08_AM_1-225x300.jpeg 225w\" sizes=\"(max-width: 768px) 100vw, 768px\" \/><\/figure>\n\n\n\n<figure class=\"wp-block-image size-large\"><img decoding=\"async\" width=\"768\" height=\"1024\" src=\"https:\/\/fadeu.urantiacos.cl\/wp-content\/uploads\/2023\/09\/IMG-8637-768x1024.jpg\" alt=\"\" class=\"wp-image-5896\" srcset=\"https:\/\/fadeu.urantiacos.cl\/wp-content\/uploads\/2023\/09\/IMG-8637-768x1024.jpg 768w, https:\/\/fadeu.urantiacos.cl\/wp-content\/uploads\/2023\/09\/IMG-8637-225x300.jpg 225w, https:\/\/fadeu.urantiacos.cl\/wp-content\/uploads\/2023\/09\/IMG-8637-1152x1536.jpg 1152w, https:\/\/fadeu.urantiacos.cl\/wp-content\/uploads\/2023\/09\/IMG-8637-1536x2048.jpg 1536w, https:\/\/fadeu.urantiacos.cl\/wp-content\/uploads\/2023\/09\/IMG-8637-scaled.jpg 900w\" sizes=\"(max-width: 768px) 100vw, 768px\" \/><\/figure>\n\n\n\n<figure class=\"wp-block-image size-large\"><img decoding=\"async\" width=\"768\" height=\"1024\" src=\"https:\/\/fadeu.urantiacos.cl\/wp-content\/uploads\/2023\/09\/IMG-8638-768x1024.jpg\" alt=\"\" class=\"wp-image-5897\" srcset=\"https:\/\/fadeu.urantiacos.cl\/wp-content\/uploads\/2023\/09\/IMG-8638-768x1024.jpg 768w, https:\/\/fadeu.urantiacos.cl\/wp-content\/uploads\/2023\/09\/IMG-8638-225x300.jpg 225w, https:\/\/fadeu.urantiacos.cl\/wp-content\/uploads\/2023\/09\/IMG-8638-1152x1536.jpg 1152w, https:\/\/fadeu.urantiacos.cl\/wp-content\/uploads\/2023\/09\/IMG-8638-1536x2048.jpg 1536w, https:\/\/fadeu.urantiacos.cl\/wp-content\/uploads\/2023\/09\/IMG-8638-scaled.jpg 900w\" sizes=\"(max-width: 768px) 100vw, 768px\" \/><\/figure>\n","protected":false},"excerpt":{"rendered":"<p>Profesionales, administrativos y Directivos de la Facultad de Arquitectura, Dise\u00f1o y Estudios Urbanos homenajearon y celebraron los 30 a\u00f1os de servicio de Fernando Moreno, reconocido y querido miembro de la comunidad de Lo Contador, quien por m\u00e1s de tres d\u00e9cadas ha dedicado su vida laboral a nuestro querido Campus.<\/p>\n","protected":false},"author":1,"featured_media":5891,"comment_status":"open","ping_status":"open","sticky":false,"template":"","format":"standard","meta":{"_acf_changed":false,"footnotes":""},"categories":[1],"tags":[],"class_list":["post-5890","post","type-post","status-publish","format-standard","has-post-thumbnail","hentry","category-sin-categorizar"],"acf":[],"yoast_head":"<!-- This site is optimized with the Yoast SEO plugin v27.1.1 - https:\/\/yoast.com\/product\/yoast-seo-wordpress\/ -->\n<title>Decanato homenaje\u00f3 los 30 a\u00f1os de servicios de Fernando Moreno - Facultad de Arquitectura, Dise\u00f1o y Estudios Urbanos<\/title>\n<meta name=\"description\" content=\"Profesionales, administrativos y Directivos de la Facultad de Arquitectura, Dise\u00f1o y Estudios Urbanos homenajearon y celebraron los 30 a\u00f1os de servicio de Fernando Moreno, reconocido y querido miembro de la comunidad de Lo Contador, quien por m\u00e1s de tres d\u00e9cadas ha dedicado su vida laboral a nuestro querido Campus.\" \/>\n<meta name=\"robots\" content=\"index, follow, max-snippet:-1, max-image-preview:large, max-video-preview:-1\" \/>\n<link rel=\"canonical\" href=\"https:\/\/fadeu.urantiacos.cl\/en\/2021\/11\/24\/decanato-homenajeo-los-30-anos-de-servicios-de-fernando-moreno\/\" \/>\n<meta property=\"og:locale\" content=\"en_US\" \/>\n<meta property=\"og:type\" content=\"article\" \/>\n<meta property=\"og:title\" content=\"Decanato homenaje\u00f3 los 30 a\u00f1os de servicios de Fernando Moreno - Facultad de Arquitectura, Dise\u00f1o y Estudios Urbanos\" \/>\n<meta property=\"og:description\" content=\"Profesionales, administrativos y Directivos de la Facultad de Arquitectura, Dise\u00f1o y Estudios Urbanos homenajearon y celebraron los 30 a\u00f1os de servicio de Fernando Moreno, reconocido y querido miembro de la comunidad de Lo Contador, quien por m\u00e1s de tres d\u00e9cadas ha dedicado su vida laboral a nuestro querido Campus.\" \/>\n<meta property=\"og:url\" content=\"https:\/\/fadeu.urantiacos.cl\/en\/2021\/11\/24\/decanato-homenajeo-los-30-anos-de-servicios-de-fernando-moreno\/\" \/>\n<meta property=\"og:site_name\" content=\"Facultad de Arquitectura, Dise\u00f1o y Estudios Urbanos\" \/>\n<meta property=\"article:published_time\" content=\"2021-11-24T11:45:00+00:00\" \/>\n<meta property=\"article:modified_time\" content=\"2023-09-07T11:51:16+00:00\" \/>\n<meta property=\"og:image\" content=\"https:\/\/fadeu.urantiacos.cl\/wp-content\/uploads\/2023\/09\/WEB_WhatsApp_Image_2021-11-24_at_10.49.08_AM_2.jpg\" \/>\n\t<meta property=\"og:image:width\" content=\"350\" \/>\n\t<meta property=\"og:image:height\" content=\"250\" \/>\n\t<meta property=\"og:image:type\" content=\"image\/jpeg\" \/>\n<meta name=\"author\" content=\"manadmin\" \/>\n<meta name=\"twitter:card\" content=\"summary_large_image\" \/>\n<meta name=\"twitter:label1\" content=\"Written by\" \/>\n\t<meta name=\"twitter:data1\" content=\"manadmin\" \/>\n\t<meta name=\"twitter:label2\" content=\"Est. reading time\" \/>\n\t<meta name=\"twitter:data2\" content=\"1 minute\" \/>\n<script type=\"application\/ld+json\" class=\"yoast-schema-graph\">{\"@context\":\"https:\/\/schema.org\",\"@graph\":[{\"@type\":\"Article\",\"@id\":\"https:\/\/fadeu.urantiacos.cl\/en\/2021\/11\/24\/decanato-homenajeo-los-30-anos-de-servicios-de-fernando-moreno\/#article\",\"isPartOf\":{\"@id\":\"https:\/\/fadeu.urantiacos.cl\/en\/2021\/11\/24\/decanato-homenajeo-los-30-anos-de-servicios-de-fernando-moreno\/\"},\"author\":{\"name\":\"manadmin\",\"@id\":\"https:\/\/fadeu.urantiacos.cl\/en\/#\/schema\/person\/d203e2e84b1c40275eac77b3061a19a2\"},\"headline\":\"Decanato homenaje\u00f3 los 30 a\u00f1os de servicios de Fernando Moreno\",\"datePublished\":\"2021-11-24T11:45:00+00:00\",\"dateModified\":\"2023-09-07T11:51:16+00:00\",\"mainEntityOfPage\":{\"@id\":\"https:\/\/fadeu.urantiacos.cl\/en\/2021\/11\/24\/decanato-homenajeo-los-30-anos-de-servicios-de-fernando-moreno\/\"},\"wordCount\":284,\"commentCount\":0,\"image\":{\"@id\":\"https:\/\/fadeu.urantiacos.cl\/en\/2021\/11\/24\/decanato-homenajeo-los-30-anos-de-servicios-de-fernando-moreno\/#primaryimage\"},\"thumbnailUrl\":\"https:\/\/fadeu.urantiacos.cl\/wp-content\/uploads\/2023\/09\/WEB_WhatsApp_Image_2021-11-24_at_10.49.08_AM_2.jpg\",\"articleSection\":[\"Sin categorizar\"],\"inLanguage\":\"en-US\",\"potentialAction\":[{\"@type\":\"CommentAction\",\"name\":\"Comment\",\"target\":[\"https:\/\/fadeu.urantiacos.cl\/en\/2021\/11\/24\/decanato-homenajeo-los-30-anos-de-servicios-de-fernando-moreno\/#respond\"]}]},{\"@type\":\"WebPage\",\"@id\":\"https:\/\/fadeu.urantiacos.cl\/en\/2021\/11\/24\/decanato-homenajeo-los-30-anos-de-servicios-de-fernando-moreno\/\",\"url\":\"https:\/\/fadeu.urantiacos.cl\/en\/2021\/11\/24\/decanato-homenajeo-los-30-anos-de-servicios-de-fernando-moreno\/\",\"name\":\"Decanato homenaje\u00f3 los 30 a\u00f1os de servicios de Fernando Moreno - Facultad de Arquitectura, Dise\u00f1o y Estudios Urbanos\",\"isPartOf\":{\"@id\":\"https:\/\/fadeu.urantiacos.cl\/en\/#website\"},\"primaryImageOfPage\":{\"@id\":\"https:\/\/fadeu.urantiacos.cl\/en\/2021\/11\/24\/decanato-homenajeo-los-30-anos-de-servicios-de-fernando-moreno\/#primaryimage\"},\"image\":{\"@id\":\"https:\/\/fadeu.urantiacos.cl\/en\/2021\/11\/24\/decanato-homenajeo-los-30-anos-de-servicios-de-fernando-moreno\/#primaryimage\"},\"thumbnailUrl\":\"https:\/\/fadeu.urantiacos.cl\/wp-content\/uploads\/2023\/09\/WEB_WhatsApp_Image_2021-11-24_at_10.49.08_AM_2.jpg\",\"datePublished\":\"2021-11-24T11:45:00+00:00\",\"dateModified\":\"2023-09-07T11:51:16+00:00\",\"author\":{\"@id\":\"https:\/\/fadeu.urantiacos.cl\/en\/#\/schema\/person\/d203e2e84b1c40275eac77b3061a19a2\"},\"description\":\"Profesionales, administrativos y Directivos de la Facultad de Arquitectura, Dise\u00f1o y Estudios Urbanos homenajearon y celebraron los 30 a\u00f1os de servicio de Fernando Moreno, reconocido y querido miembro de la comunidad de Lo Contador, quien por m\u00e1s de tres d\u00e9cadas ha dedicado su vida laboral a nuestro querido Campus.\",\"breadcrumb\":{\"@id\":\"https:\/\/fadeu.urantiacos.cl\/en\/2021\/11\/24\/decanato-homenajeo-los-30-anos-de-servicios-de-fernando-moreno\/#breadcrumb\"},\"inLanguage\":\"en-US\",\"potentialAction\":[{\"@type\":\"ReadAction\",\"target\":[\"https:\/\/fadeu.urantiacos.cl\/en\/2021\/11\/24\/decanato-homenajeo-los-30-anos-de-servicios-de-fernando-moreno\/\"]}]},{\"@type\":\"ImageObject\",\"inLanguage\":\"en-US\",\"@id\":\"https:\/\/fadeu.urantiacos.cl\/en\/2021\/11\/24\/decanato-homenajeo-los-30-anos-de-servicios-de-fernando-moreno\/#primaryimage\",\"url\":\"https:\/\/fadeu.urantiacos.cl\/wp-content\/uploads\/2023\/09\/WEB_WhatsApp_Image_2021-11-24_at_10.49.08_AM_2.jpg\",\"contentUrl\":\"https:\/\/fadeu.urantiacos.cl\/wp-content\/uploads\/2023\/09\/WEB_WhatsApp_Image_2021-11-24_at_10.49.08_AM_2.jpg\",\"width\":350,\"height\":250},{\"@type\":\"BreadcrumbList\",\"@id\":\"https:\/\/fadeu.urantiacos.cl\/en\/2021\/11\/24\/decanato-homenajeo-los-30-anos-de-servicios-de-fernando-moreno\/#breadcrumb\",\"itemListElement\":[{\"@type\":\"ListItem\",\"position\":1,\"name\":\"Portada\",\"item\":\"https:\/\/fadeu.urantiacos.cl\/en\/\"},{\"@type\":\"ListItem\",\"position\":2,\"name\":\"Decanato homenaje\u00f3 los 30 a\u00f1os de servicios de Fernando Moreno\"}]},{\"@type\":\"WebSite\",\"@id\":\"https:\/\/fadeu.urantiacos.cl\/en\/#website\",\"url\":\"https:\/\/fadeu.urantiacos.cl\/en\/\",\"name\":\"Facultad de Arquitectura, Dise\u00f1o y Estudios Urbanos\",\"description\":\"Campus Lo Contador\",\"potentialAction\":[{\"@type\":\"SearchAction\",\"target\":{\"@type\":\"EntryPoint\",\"urlTemplate\":\"https:\/\/fadeu.urantiacos.cl\/en\/?s={search_term_string}\"},\"query-input\":{\"@type\":\"PropertyValueSpecification\",\"valueRequired\":true,\"valueName\":\"search_term_string\"}}],\"inLanguage\":\"en-US\"},{\"@type\":\"Person\",\"@id\":\"https:\/\/fadeu.urantiacos.cl\/en\/#\/schema\/person\/d203e2e84b1c40275eac77b3061a19a2\",\"name\":\"manadmin\",\"image\":{\"@type\":\"ImageObject\",\"inLanguage\":\"en-US\",\"@id\":\"https:\/\/fadeu.urantiacos.cl\/en\/#\/schema\/person\/image\/\",\"url\":\"https:\/\/secure.gravatar.com\/avatar\/4b1d8e3303b4a9d8968ac578947d8bc80d9aea359f388cdd4aac15cadc0e8447?s=96&d=mm&r=g\",\"contentUrl\":\"https:\/\/secure.gravatar.com\/avatar\/4b1d8e3303b4a9d8968ac578947d8bc80d9aea359f388cdd4aac15cadc0e8447?s=96&d=mm&r=g\",\"caption\":\"manadmin\"},\"sameAs\":[\"https:\/\/fadeu.urantiacos.cl\"]}]}<\/script>\n<!-- \/ Yoast SEO plugin. -->","yoast_head_json":{"title":"Decanato homenaje\u00f3 los 30 a\u00f1os de servicios de Fernando Moreno - Facultad de Arquitectura, Dise\u00f1o y Estudios Urbanos","description":"Profesionales, administrativos y Directivos de la Facultad de Arquitectura, Dise\u00f1o y Estudios Urbanos homenajearon y celebraron los 30 a\u00f1os de servicio de Fernando Moreno, reconocido y querido miembro de la comunidad de Lo Contador, quien por m\u00e1s de tres d\u00e9cadas ha dedicado su vida laboral a nuestro querido Campus.","robots":{"index":"index","follow":"follow","max-snippet":"max-snippet:-1","max-image-preview":"max-image-preview:large","max-video-preview":"max-video-preview:-1"},"canonical":"https:\/\/fadeu.urantiacos.cl\/en\/2021\/11\/24\/decanato-homenajeo-los-30-anos-de-servicios-de-fernando-moreno\/","og_locale":"en_US","og_type":"article","og_title":"Decanato homenaje\u00f3 los 30 a\u00f1os de servicios de Fernando Moreno - Facultad de Arquitectura, Dise\u00f1o y Estudios Urbanos","og_description":"Profesionales, administrativos y Directivos de la Facultad de Arquitectura, Dise\u00f1o y Estudios Urbanos homenajearon y celebraron los 30 a\u00f1os de servicio de Fernando Moreno, reconocido y querido miembro de la comunidad de Lo Contador, quien por m\u00e1s de tres d\u00e9cadas ha dedicado su vida laboral a nuestro querido Campus.","og_url":"https:\/\/fadeu.urantiacos.cl\/en\/2021\/11\/24\/decanato-homenajeo-los-30-anos-de-servicios-de-fernando-moreno\/","og_site_name":"Facultad de Arquitectura, Dise\u00f1o y Estudios Urbanos","article_published_time":"2021-11-24T11:45:00+00:00","article_modified_time":"2023-09-07T11:51:16+00:00","og_image":[{"width":350,"height":250,"url":"https:\/\/fadeu.urantiacos.cl\/wp-content\/uploads\/2023\/09\/WEB_WhatsApp_Image_2021-11-24_at_10.49.08_AM_2.jpg","type":"image\/jpeg"}],"author":"manadmin","twitter_card":"summary_large_image","twitter_misc":{"Written by":"manadmin","Est. reading time":"1 minute"},"schema":{"@context":"https:\/\/schema.org","@graph":[{"@type":"Article","@id":"https:\/\/fadeu.urantiacos.cl\/en\/2021\/11\/24\/decanato-homenajeo-los-30-anos-de-servicios-de-fernando-moreno\/#article","isPartOf":{"@id":"https:\/\/fadeu.urantiacos.cl\/en\/2021\/11\/24\/decanato-homenajeo-los-30-anos-de-servicios-de-fernando-moreno\/"},"author":{"name":"manadmin","@id":"https:\/\/fadeu.urantiacos.cl\/en\/#\/schema\/person\/d203e2e84b1c40275eac77b3061a19a2"},"headline":"Decanato homenaje\u00f3 los 30 a\u00f1os de servicios de Fernando Moreno","datePublished":"2021-11-24T11:45:00+00:00","dateModified":"2023-09-07T11:51:16+00:00","mainEntityOfPage":{"@id":"https:\/\/fadeu.urantiacos.cl\/en\/2021\/11\/24\/decanato-homenajeo-los-30-anos-de-servicios-de-fernando-moreno\/"},"wordCount":284,"commentCount":0,"image":{"@id":"https:\/\/fadeu.urantiacos.cl\/en\/2021\/11\/24\/decanato-homenajeo-los-30-anos-de-servicios-de-fernando-moreno\/#primaryimage"},"thumbnailUrl":"https:\/\/fadeu.urantiacos.cl\/wp-content\/uploads\/2023\/09\/WEB_WhatsApp_Image_2021-11-24_at_10.49.08_AM_2.jpg","articleSection":["Sin categorizar"],"inLanguage":"en-US","potentialAction":[{"@type":"CommentAction","name":"Comment","target":["https:\/\/fadeu.urantiacos.cl\/en\/2021\/11\/24\/decanato-homenajeo-los-30-anos-de-servicios-de-fernando-moreno\/#respond"]}]},{"@type":"WebPage","@id":"https:\/\/fadeu.urantiacos.cl\/en\/2021\/11\/24\/decanato-homenajeo-los-30-anos-de-servicios-de-fernando-moreno\/","url":"https:\/\/fadeu.urantiacos.cl\/en\/2021\/11\/24\/decanato-homenajeo-los-30-anos-de-servicios-de-fernando-moreno\/","name":"Decanato homenaje\u00f3 los 30 a\u00f1os de servicios de Fernando Moreno - Facultad de Arquitectura, Dise\u00f1o y Estudios Urbanos","isPartOf":{"@id":"https:\/\/fadeu.urantiacos.cl\/en\/#website"},"primaryImageOfPage":{"@id":"https:\/\/fadeu.urantiacos.cl\/en\/2021\/11\/24\/decanato-homenajeo-los-30-anos-de-servicios-de-fernando-moreno\/#primaryimage"},"image":{"@id":"https:\/\/fadeu.urantiacos.cl\/en\/2021\/11\/24\/decanato-homenajeo-los-30-anos-de-servicios-de-fernando-moreno\/#primaryimage"},"thumbnailUrl":"https:\/\/fadeu.urantiacos.cl\/wp-content\/uploads\/2023\/09\/WEB_WhatsApp_Image_2021-11-24_at_10.49.08_AM_2.jpg","datePublished":"2021-11-24T11:45:00+00:00","dateModified":"2023-09-07T11:51:16+00:00","author":{"@id":"https:\/\/fadeu.urantiacos.cl\/en\/#\/schema\/person\/d203e2e84b1c40275eac77b3061a19a2"},"description":"Profesionales, administrativos y Directivos de la Facultad de Arquitectura, Dise\u00f1o y Estudios Urbanos homenajearon y celebraron los 30 a\u00f1os de servicio de Fernando Moreno, reconocido y querido miembro de la comunidad de Lo Contador, quien por m\u00e1s de tres d\u00e9cadas ha dedicado su vida laboral a nuestro querido Campus.","breadcrumb":{"@id":"https:\/\/fadeu.urantiacos.cl\/en\/2021\/11\/24\/decanato-homenajeo-los-30-anos-de-servicios-de-fernando-moreno\/#breadcrumb"},"inLanguage":"en-US","potentialAction":[{"@type":"ReadAction","target":["https:\/\/fadeu.urantiacos.cl\/en\/2021\/11\/24\/decanato-homenajeo-los-30-anos-de-servicios-de-fernando-moreno\/"]}]},{"@type":"ImageObject","inLanguage":"en-US","@id":"https:\/\/fadeu.urantiacos.cl\/en\/2021\/11\/24\/decanato-homenajeo-los-30-anos-de-servicios-de-fernando-moreno\/#primaryimage","url":"https:\/\/fadeu.urantiacos.cl\/wp-content\/uploads\/2023\/09\/WEB_WhatsApp_Image_2021-11-24_at_10.49.08_AM_2.jpg","contentUrl":"https:\/\/fadeu.urantiacos.cl\/wp-content\/uploads\/2023\/09\/WEB_WhatsApp_Image_2021-11-24_at_10.49.08_AM_2.jpg","width":350,"height":250},{"@type":"BreadcrumbList","@id":"https:\/\/fadeu.urantiacos.cl\/en\/2021\/11\/24\/decanato-homenajeo-los-30-anos-de-servicios-de-fernando-moreno\/#breadcrumb","itemListElement":[{"@type":"ListItem","position":1,"name":"Portada","item":"https:\/\/fadeu.urantiacos.cl\/en\/"},{"@type":"ListItem","position":2,"name":"Decanato homenaje\u00f3 los 30 a\u00f1os de servicios de Fernando Moreno"}]},{"@type":"WebSite","@id":"https:\/\/fadeu.urantiacos.cl\/en\/#website","url":"https:\/\/fadeu.urantiacos.cl\/en\/","name":"Facultad de Arquitectura, Dise\u00f1o y Estudios Urbanos","description":"Campus Lo Contador","potentialAction":[{"@type":"SearchAction","target":{"@type":"EntryPoint","urlTemplate":"https:\/\/fadeu.urantiacos.cl\/en\/?s={search_term_string}"},"query-input":{"@type":"PropertyValueSpecification","valueRequired":true,"valueName":"search_term_string"}}],"inLanguage":"en-US"},{"@type":"Person","@id":"https:\/\/fadeu.urantiacos.cl\/en\/#\/schema\/person\/d203e2e84b1c40275eac77b3061a19a2","name":"manadmin","image":{"@type":"ImageObject","inLanguage":"en-US","@id":"https:\/\/fadeu.urantiacos.cl\/en\/#\/schema\/person\/image\/","url":"https:\/\/secure.gravatar.com\/avatar\/4b1d8e3303b4a9d8968ac578947d8bc80d9aea359f388cdd4aac15cadc0e8447?s=96&d=mm&r=g","contentUrl":"https:\/\/secure.gravatar.com\/avatar\/4b1d8e3303b4a9d8968ac578947d8bc80d9aea359f388cdd4aac15cadc0e8447?s=96&d=mm&r=g","caption":"manadmin"},"sameAs":["https:\/\/fadeu.urantiacos.cl"]}]}},"_links":{"self":[{"href":"https:\/\/fadeu.urantiacos.cl\/en\/wp-json\/wp\/v2\/posts\/5890","targetHints":{"allow":["GET"]}}],"collection":[{"href":"https:\/\/fadeu.urantiacos.cl\/en\/wp-json\/wp\/v2\/posts"}],"about":[{"href":"https:\/\/fadeu.urantiacos.cl\/en\/wp-json\/wp\/v2\/types\/post"}],"author":[{"embeddable":true,"href":"https:\/\/fadeu.urantiacos.cl\/en\/wp-json\/wp\/v2\/users\/1"}],"replies":[{"embeddable":true,"href":"https:\/\/fadeu.urantiacos.cl\/en\/wp-json\/wp\/v2\/comments?post=5890"}],"version-history":[{"count":1,"href":"https:\/\/fadeu.urantiacos.cl\/en\/wp-json\/wp\/v2\/posts\/5890\/revisions"}],"predecessor-version":[{"id":5898,"href":"https:\/\/fadeu.urantiacos.cl\/en\/wp-json\/wp\/v2\/posts\/5890\/revisions\/5898"}],"wp:featuredmedia":[{"embeddable":true,"href":"https:\/\/fadeu.urantiacos.cl\/en\/wp-json\/wp\/v2\/media\/5891"}],"wp:attachment":[{"href":"https:\/\/fadeu.urantiacos.cl\/en\/wp-json\/wp\/v2\/media?parent=5890"}],"wp:term":[{"taxonomy":"category","embeddable":true,"href":"https:\/\/fadeu.urantiacos.cl\/en\/wp-json\/wp\/v2\/categories?post=5890"},{"taxonomy":"post_tag","embeddable":true,"href":"https:\/\/fadeu.urantiacos.cl\/en\/wp-json\/wp\/v2\/tags?post=5890"}],"curies":[{"name":"wp","href":"https:\/\/api.w.org\/{rel}","templated":true}]}}