{"id":5884,"date":"2021-11-28T08:36:00","date_gmt":"2021-11-28T11:36:00","guid":{"rendered":"https:\/\/fadeu.urantiacos.cl\/?p=5884"},"modified":"2023-09-07T08:42:54","modified_gmt":"2023-09-07T11:42:54","slug":"biblioteca-lo-contador-realiza-muestra-sobre-sergio-larrain-garcia-moreno","status":"publish","type":"post","link":"https:\/\/fadeu.urantiacos.cl\/en\/2021\/11\/28\/biblioteca-lo-contador-realiza-muestra-sobre-sergio-larrain-garcia-moreno\/","title":{"rendered":"Biblioteca Lo Contador realiza muestra sobre Sergio Larra\u00edn Garc\u00eda Moreno"},"content":{"rendered":"\n<figure class=\"wp-block-image size-full\"><img decoding=\"async\" width=\"347\" height=\"250\" src=\"https:\/\/fadeu.urantiacos.cl\/wp-content\/uploads\/2023\/09\/web_Captura_de_Pantalla_2021-11-28_a_las_20.20.12.png\" alt=\"\" class=\"wp-image-5885\" srcset=\"https:\/\/fadeu.urantiacos.cl\/wp-content\/uploads\/2023\/09\/web_Captura_de_Pantalla_2021-11-28_a_las_20.20.12.png 347w, https:\/\/fadeu.urantiacos.cl\/wp-content\/uploads\/2023\/09\/web_Captura_de_Pantalla_2021-11-28_a_las_20.20.12-300x216.png 300w\" sizes=\"(max-width: 347px) 100vw, 347px\" \/><\/figure>\n\n\n\n<p>Mediante libros, revistas, fotograf\u00edas y documentos, la presentaci\u00f3n del material seleccionado busca dar cuenta del legado de un \u201chombre de vanguardia\u201d que, a lo largo de su vida, influy\u00f3 tanto en su campo disciplinar como en el \u00e1mbito acad\u00e9mico, pol\u00edtico y cultural. En ese sentido, la exhibici\u00f3n aborda distintas dimensiones de la figura de Sergio Larra\u00edn Garc\u00eda-Moreno, quien, en contacto con las vanguardias y figuras del momento en Europa, &#8220;contribuy\u00f3 enormemente a la modernidad en Chile durante el siglo XX&#8221;.<\/p>\n\n\n\n<p>Asimismo, el recorrido de la muestra pretende relevar su importancia en la adquisici\u00f3n del terreno Lo Contador, lugar donde actualmente se encuentra la Facultad de Arquitectura, Dise\u00f1o y Estudios Urbanos UC. Este recinto \u2014gracias al mismo arquitecto\u2014, hoy se encuentra perfectamente conservado y es Monumento Nacional.<\/p>\n\n\n\n<p>La muestra, que se inaugur\u00f3 el d\u00eda 15 de noviembre, estar\u00e1 abierta al p\u00fablico hasta el 10 de diciembre de 2021.<\/p>\n\n\n\n<p>Sobre Sergio Larra\u00edn GM_<br>Arquitecto por la Escuela de Arquitectura UC en 1928, entre sus obras est\u00e1n el edificio Oberpaur \u2014considerado el primer edificio moderno de Chile\u2014, el edificio Santa Luc\u00eda y el edificio La Patria Concepci\u00f3n. Reconocido con el Premio Nacional de Arquitectura en 1972, fue adem\u00e1s fundador del Museo de Arte Precolombino de Santiago. Junto con su labor docente en la escuela y los estructurales cambios en los que particip\u00f3, lleg\u00f3 a ser decano de la facultad en 1952, cargo que mantuvo por 15 a\u00f1os.<\/p>\n\n\n\n<p>blob:https:\/\/www.facebook.com\/1cf7ac5b-fb73-4815-8109-e7af968505eb<\/p>\n\n\n\n<figure class=\"wp-block-video\"><video controls src=\"blob:https:\/\/www.facebook.com\/1cf7ac5b-fb73-4815-8109-e7af968505eb\"><\/video><\/figure>\n\n\n\n<p>Noticias<\/p>\n\n\n\n<p>Contacto:&nbsp;<a href=\"mailto:redesarq@uc.cl\">redesarq@uc.cl<\/a>&nbsp;| +56 2 2354 7747<br>www.arquitectura.uc.cl<\/p>\n","protected":false},"excerpt":{"rendered":"<p>La exposici\u00f3n \u201cSergio Larra\u00edn Garc\u00eda-Moreno. Memorias de un arquitecto\u201d, nace de una colaboraci\u00f3n entre la Biblioteca Lo Contador y los Archivos de Originales de FADEU UC, destacando la &#8220;versatilidad personal y profesional&#8221; del arquitecto UC.<\/p>\n","protected":false},"author":1,"featured_media":5885,"comment_status":"open","ping_status":"open","sticky":false,"template":"","format":"standard","meta":{"_acf_changed":false,"footnotes":""},"categories":[1],"tags":[],"class_list":["post-5884","post","type-post","status-publish","format-standard","has-post-thumbnail","hentry","category-sin-categorizar"],"acf":[],"yoast_head":"<!-- This site is optimized with the Yoast SEO plugin v27.1.1 - https:\/\/yoast.com\/product\/yoast-seo-wordpress\/ -->\n<title>Biblioteca Lo Contador realiza muestra sobre Sergio Larra\u00edn Garc\u00eda Moreno - Facultad de Arquitectura, Dise\u00f1o y Estudios Urbanos<\/title>\n<meta name=\"description\" content=\"La exposici\u00f3n \u201cSergio Larra\u00edn Garc\u00eda-Moreno. Memorias de un arquitecto\u201d, nace de una colaboraci\u00f3n entre la Biblioteca Lo Contador y los Archivos de Originales de FADEU UC, destacando la &quot;versatilidad personal y profesional&quot; del arquitecto UC.\" \/>\n<meta name=\"robots\" content=\"index, follow, max-snippet:-1, max-image-preview:large, max-video-preview:-1\" \/>\n<link rel=\"canonical\" href=\"https:\/\/fadeu.urantiacos.cl\/en\/2021\/11\/28\/biblioteca-lo-contador-realiza-muestra-sobre-sergio-larrain-garcia-moreno\/\" \/>\n<meta property=\"og:locale\" content=\"en_US\" \/>\n<meta property=\"og:type\" content=\"article\" \/>\n<meta property=\"og:title\" content=\"Biblioteca Lo Contador realiza muestra sobre Sergio Larra\u00edn Garc\u00eda Moreno - Facultad de Arquitectura, Dise\u00f1o y Estudios Urbanos\" \/>\n<meta property=\"og:description\" content=\"La exposici\u00f3n \u201cSergio Larra\u00edn Garc\u00eda-Moreno. Memorias de un arquitecto\u201d, nace de una colaboraci\u00f3n entre la Biblioteca Lo Contador y los Archivos de Originales de FADEU UC, destacando la &quot;versatilidad personal y profesional&quot; del arquitecto UC.\" \/>\n<meta property=\"og:url\" content=\"https:\/\/fadeu.urantiacos.cl\/en\/2021\/11\/28\/biblioteca-lo-contador-realiza-muestra-sobre-sergio-larrain-garcia-moreno\/\" \/>\n<meta property=\"og:site_name\" content=\"Facultad de Arquitectura, Dise\u00f1o y Estudios Urbanos\" \/>\n<meta property=\"article:published_time\" content=\"2021-11-28T11:36:00+00:00\" \/>\n<meta property=\"article:modified_time\" content=\"2023-09-07T11:42:54+00:00\" \/>\n<meta property=\"og:image\" content=\"https:\/\/fadeu.urantiacos.cl\/wp-content\/uploads\/2023\/09\/web_Captura_de_Pantalla_2021-11-28_a_las_20.20.12.png\" \/>\n\t<meta property=\"og:image:width\" content=\"347\" \/>\n\t<meta property=\"og:image:height\" content=\"250\" \/>\n\t<meta property=\"og:image:type\" content=\"image\/png\" \/>\n<meta name=\"author\" content=\"manadmin\" \/>\n<meta name=\"twitter:card\" content=\"summary_large_image\" \/>\n<meta name=\"twitter:label1\" content=\"Written by\" \/>\n\t<meta name=\"twitter:data1\" content=\"manadmin\" \/>\n\t<meta name=\"twitter:label2\" content=\"Est. reading time\" \/>\n\t<meta name=\"twitter:data2\" content=\"1 minute\" \/>\n<script type=\"application\/ld+json\" class=\"yoast-schema-graph\">{\"@context\":\"https:\/\/schema.org\",\"@graph\":[{\"@type\":\"Article\",\"@id\":\"https:\/\/fadeu.urantiacos.cl\/en\/2021\/11\/28\/biblioteca-lo-contador-realiza-muestra-sobre-sergio-larrain-garcia-moreno\/#article\",\"isPartOf\":{\"@id\":\"https:\/\/fadeu.urantiacos.cl\/en\/2021\/11\/28\/biblioteca-lo-contador-realiza-muestra-sobre-sergio-larrain-garcia-moreno\/\"},\"author\":{\"name\":\"manadmin\",\"@id\":\"https:\/\/fadeu.urantiacos.cl\/en\/#\/schema\/person\/d203e2e84b1c40275eac77b3061a19a2\"},\"headline\":\"Biblioteca Lo Contador realiza muestra sobre Sergio Larra\u00edn Garc\u00eda Moreno\",\"datePublished\":\"2021-11-28T11:36:00+00:00\",\"dateModified\":\"2023-09-07T11:42:54+00:00\",\"mainEntityOfPage\":{\"@id\":\"https:\/\/fadeu.urantiacos.cl\/en\/2021\/11\/28\/biblioteca-lo-contador-realiza-muestra-sobre-sergio-larrain-garcia-moreno\/\"},\"wordCount\":280,\"commentCount\":0,\"image\":{\"@id\":\"https:\/\/fadeu.urantiacos.cl\/en\/2021\/11\/28\/biblioteca-lo-contador-realiza-muestra-sobre-sergio-larrain-garcia-moreno\/#primaryimage\"},\"thumbnailUrl\":\"https:\/\/fadeu.urantiacos.cl\/wp-content\/uploads\/2023\/09\/web_Captura_de_Pantalla_2021-11-28_a_las_20.20.12.png\",\"articleSection\":[\"Sin categorizar\"],\"inLanguage\":\"en-US\",\"potentialAction\":[{\"@type\":\"CommentAction\",\"name\":\"Comment\",\"target\":[\"https:\/\/fadeu.urantiacos.cl\/en\/2021\/11\/28\/biblioteca-lo-contador-realiza-muestra-sobre-sergio-larrain-garcia-moreno\/#respond\"]}]},{\"@type\":\"WebPage\",\"@id\":\"https:\/\/fadeu.urantiacos.cl\/en\/2021\/11\/28\/biblioteca-lo-contador-realiza-muestra-sobre-sergio-larrain-garcia-moreno\/\",\"url\":\"https:\/\/fadeu.urantiacos.cl\/en\/2021\/11\/28\/biblioteca-lo-contador-realiza-muestra-sobre-sergio-larrain-garcia-moreno\/\",\"name\":\"Biblioteca Lo Contador realiza muestra sobre Sergio Larra\u00edn Garc\u00eda Moreno - Facultad de Arquitectura, Dise\u00f1o y Estudios Urbanos\",\"isPartOf\":{\"@id\":\"https:\/\/fadeu.urantiacos.cl\/en\/#website\"},\"primaryImageOfPage\":{\"@id\":\"https:\/\/fadeu.urantiacos.cl\/en\/2021\/11\/28\/biblioteca-lo-contador-realiza-muestra-sobre-sergio-larrain-garcia-moreno\/#primaryimage\"},\"image\":{\"@id\":\"https:\/\/fadeu.urantiacos.cl\/en\/2021\/11\/28\/biblioteca-lo-contador-realiza-muestra-sobre-sergio-larrain-garcia-moreno\/#primaryimage\"},\"thumbnailUrl\":\"https:\/\/fadeu.urantiacos.cl\/wp-content\/uploads\/2023\/09\/web_Captura_de_Pantalla_2021-11-28_a_las_20.20.12.png\",\"datePublished\":\"2021-11-28T11:36:00+00:00\",\"dateModified\":\"2023-09-07T11:42:54+00:00\",\"author\":{\"@id\":\"https:\/\/fadeu.urantiacos.cl\/en\/#\/schema\/person\/d203e2e84b1c40275eac77b3061a19a2\"},\"description\":\"La exposici\u00f3n \u201cSergio Larra\u00edn Garc\u00eda-Moreno. Memorias de un arquitecto\u201d, nace de una colaboraci\u00f3n entre la Biblioteca Lo Contador y los Archivos de Originales de FADEU UC, destacando la \\\"versatilidad personal y profesional\\\" del arquitecto UC.\",\"breadcrumb\":{\"@id\":\"https:\/\/fadeu.urantiacos.cl\/en\/2021\/11\/28\/biblioteca-lo-contador-realiza-muestra-sobre-sergio-larrain-garcia-moreno\/#breadcrumb\"},\"inLanguage\":\"en-US\",\"potentialAction\":[{\"@type\":\"ReadAction\",\"target\":[\"https:\/\/fadeu.urantiacos.cl\/en\/2021\/11\/28\/biblioteca-lo-contador-realiza-muestra-sobre-sergio-larrain-garcia-moreno\/\"]}]},{\"@type\":\"ImageObject\",\"inLanguage\":\"en-US\",\"@id\":\"https:\/\/fadeu.urantiacos.cl\/en\/2021\/11\/28\/biblioteca-lo-contador-realiza-muestra-sobre-sergio-larrain-garcia-moreno\/#primaryimage\",\"url\":\"https:\/\/fadeu.urantiacos.cl\/wp-content\/uploads\/2023\/09\/web_Captura_de_Pantalla_2021-11-28_a_las_20.20.12.png\",\"contentUrl\":\"https:\/\/fadeu.urantiacos.cl\/wp-content\/uploads\/2023\/09\/web_Captura_de_Pantalla_2021-11-28_a_las_20.20.12.png\",\"width\":347,\"height\":250},{\"@type\":\"BreadcrumbList\",\"@id\":\"https:\/\/fadeu.urantiacos.cl\/en\/2021\/11\/28\/biblioteca-lo-contador-realiza-muestra-sobre-sergio-larrain-garcia-moreno\/#breadcrumb\",\"itemListElement\":[{\"@type\":\"ListItem\",\"position\":1,\"name\":\"Portada\",\"item\":\"https:\/\/fadeu.urantiacos.cl\/en\/\"},{\"@type\":\"ListItem\",\"position\":2,\"name\":\"Biblioteca Lo Contador realiza muestra sobre Sergio Larra\u00edn Garc\u00eda Moreno\"}]},{\"@type\":\"WebSite\",\"@id\":\"https:\/\/fadeu.urantiacos.cl\/en\/#website\",\"url\":\"https:\/\/fadeu.urantiacos.cl\/en\/\",\"name\":\"Facultad de Arquitectura, Dise\u00f1o y Estudios Urbanos\",\"description\":\"Campus Lo Contador\",\"potentialAction\":[{\"@type\":\"SearchAction\",\"target\":{\"@type\":\"EntryPoint\",\"urlTemplate\":\"https:\/\/fadeu.urantiacos.cl\/en\/?s={search_term_string}\"},\"query-input\":{\"@type\":\"PropertyValueSpecification\",\"valueRequired\":true,\"valueName\":\"search_term_string\"}}],\"inLanguage\":\"en-US\"},{\"@type\":\"Person\",\"@id\":\"https:\/\/fadeu.urantiacos.cl\/en\/#\/schema\/person\/d203e2e84b1c40275eac77b3061a19a2\",\"name\":\"manadmin\",\"image\":{\"@type\":\"ImageObject\",\"inLanguage\":\"en-US\",\"@id\":\"https:\/\/fadeu.urantiacos.cl\/en\/#\/schema\/person\/image\/\",\"url\":\"https:\/\/secure.gravatar.com\/avatar\/4b1d8e3303b4a9d8968ac578947d8bc80d9aea359f388cdd4aac15cadc0e8447?s=96&d=mm&r=g\",\"contentUrl\":\"https:\/\/secure.gravatar.com\/avatar\/4b1d8e3303b4a9d8968ac578947d8bc80d9aea359f388cdd4aac15cadc0e8447?s=96&d=mm&r=g\",\"caption\":\"manadmin\"},\"sameAs\":[\"https:\/\/fadeu.urantiacos.cl\"]}]}<\/script>\n<!-- \/ Yoast SEO plugin. -->","yoast_head_json":{"title":"Biblioteca Lo Contador realiza muestra sobre Sergio Larra\u00edn Garc\u00eda Moreno - Facultad de Arquitectura, Dise\u00f1o y Estudios Urbanos","description":"La exposici\u00f3n \u201cSergio Larra\u00edn Garc\u00eda-Moreno. Memorias de un arquitecto\u201d, nace de una colaboraci\u00f3n entre la Biblioteca Lo Contador y los Archivos de Originales de FADEU UC, destacando la \"versatilidad personal y profesional\" del arquitecto UC.","robots":{"index":"index","follow":"follow","max-snippet":"max-snippet:-1","max-image-preview":"max-image-preview:large","max-video-preview":"max-video-preview:-1"},"canonical":"https:\/\/fadeu.urantiacos.cl\/en\/2021\/11\/28\/biblioteca-lo-contador-realiza-muestra-sobre-sergio-larrain-garcia-moreno\/","og_locale":"en_US","og_type":"article","og_title":"Biblioteca Lo Contador realiza muestra sobre Sergio Larra\u00edn Garc\u00eda Moreno - Facultad de Arquitectura, Dise\u00f1o y Estudios Urbanos","og_description":"La exposici\u00f3n \u201cSergio Larra\u00edn Garc\u00eda-Moreno. Memorias de un arquitecto\u201d, nace de una colaboraci\u00f3n entre la Biblioteca Lo Contador y los Archivos de Originales de FADEU UC, destacando la \"versatilidad personal y profesional\" del arquitecto UC.","og_url":"https:\/\/fadeu.urantiacos.cl\/en\/2021\/11\/28\/biblioteca-lo-contador-realiza-muestra-sobre-sergio-larrain-garcia-moreno\/","og_site_name":"Facultad de Arquitectura, Dise\u00f1o y Estudios Urbanos","article_published_time":"2021-11-28T11:36:00+00:00","article_modified_time":"2023-09-07T11:42:54+00:00","og_image":[{"width":347,"height":250,"url":"https:\/\/fadeu.urantiacos.cl\/wp-content\/uploads\/2023\/09\/web_Captura_de_Pantalla_2021-11-28_a_las_20.20.12.png","type":"image\/png"}],"author":"manadmin","twitter_card":"summary_large_image","twitter_misc":{"Written by":"manadmin","Est. reading time":"1 minute"},"schema":{"@context":"https:\/\/schema.org","@graph":[{"@type":"Article","@id":"https:\/\/fadeu.urantiacos.cl\/en\/2021\/11\/28\/biblioteca-lo-contador-realiza-muestra-sobre-sergio-larrain-garcia-moreno\/#article","isPartOf":{"@id":"https:\/\/fadeu.urantiacos.cl\/en\/2021\/11\/28\/biblioteca-lo-contador-realiza-muestra-sobre-sergio-larrain-garcia-moreno\/"},"author":{"name":"manadmin","@id":"https:\/\/fadeu.urantiacos.cl\/en\/#\/schema\/person\/d203e2e84b1c40275eac77b3061a19a2"},"headline":"Biblioteca Lo Contador realiza muestra sobre Sergio Larra\u00edn Garc\u00eda Moreno","datePublished":"2021-11-28T11:36:00+00:00","dateModified":"2023-09-07T11:42:54+00:00","mainEntityOfPage":{"@id":"https:\/\/fadeu.urantiacos.cl\/en\/2021\/11\/28\/biblioteca-lo-contador-realiza-muestra-sobre-sergio-larrain-garcia-moreno\/"},"wordCount":280,"commentCount":0,"image":{"@id":"https:\/\/fadeu.urantiacos.cl\/en\/2021\/11\/28\/biblioteca-lo-contador-realiza-muestra-sobre-sergio-larrain-garcia-moreno\/#primaryimage"},"thumbnailUrl":"https:\/\/fadeu.urantiacos.cl\/wp-content\/uploads\/2023\/09\/web_Captura_de_Pantalla_2021-11-28_a_las_20.20.12.png","articleSection":["Sin categorizar"],"inLanguage":"en-US","potentialAction":[{"@type":"CommentAction","name":"Comment","target":["https:\/\/fadeu.urantiacos.cl\/en\/2021\/11\/28\/biblioteca-lo-contador-realiza-muestra-sobre-sergio-larrain-garcia-moreno\/#respond"]}]},{"@type":"WebPage","@id":"https:\/\/fadeu.urantiacos.cl\/en\/2021\/11\/28\/biblioteca-lo-contador-realiza-muestra-sobre-sergio-larrain-garcia-moreno\/","url":"https:\/\/fadeu.urantiacos.cl\/en\/2021\/11\/28\/biblioteca-lo-contador-realiza-muestra-sobre-sergio-larrain-garcia-moreno\/","name":"Biblioteca Lo Contador realiza muestra sobre Sergio Larra\u00edn Garc\u00eda Moreno - Facultad de Arquitectura, Dise\u00f1o y Estudios Urbanos","isPartOf":{"@id":"https:\/\/fadeu.urantiacos.cl\/en\/#website"},"primaryImageOfPage":{"@id":"https:\/\/fadeu.urantiacos.cl\/en\/2021\/11\/28\/biblioteca-lo-contador-realiza-muestra-sobre-sergio-larrain-garcia-moreno\/#primaryimage"},"image":{"@id":"https:\/\/fadeu.urantiacos.cl\/en\/2021\/11\/28\/biblioteca-lo-contador-realiza-muestra-sobre-sergio-larrain-garcia-moreno\/#primaryimage"},"thumbnailUrl":"https:\/\/fadeu.urantiacos.cl\/wp-content\/uploads\/2023\/09\/web_Captura_de_Pantalla_2021-11-28_a_las_20.20.12.png","datePublished":"2021-11-28T11:36:00+00:00","dateModified":"2023-09-07T11:42:54+00:00","author":{"@id":"https:\/\/fadeu.urantiacos.cl\/en\/#\/schema\/person\/d203e2e84b1c40275eac77b3061a19a2"},"description":"La exposici\u00f3n \u201cSergio Larra\u00edn Garc\u00eda-Moreno. Memorias de un arquitecto\u201d, nace de una colaboraci\u00f3n entre la Biblioteca Lo Contador y los Archivos de Originales de FADEU UC, destacando la \"versatilidad personal y profesional\" del arquitecto UC.","breadcrumb":{"@id":"https:\/\/fadeu.urantiacos.cl\/en\/2021\/11\/28\/biblioteca-lo-contador-realiza-muestra-sobre-sergio-larrain-garcia-moreno\/#breadcrumb"},"inLanguage":"en-US","potentialAction":[{"@type":"ReadAction","target":["https:\/\/fadeu.urantiacos.cl\/en\/2021\/11\/28\/biblioteca-lo-contador-realiza-muestra-sobre-sergio-larrain-garcia-moreno\/"]}]},{"@type":"ImageObject","inLanguage":"en-US","@id":"https:\/\/fadeu.urantiacos.cl\/en\/2021\/11\/28\/biblioteca-lo-contador-realiza-muestra-sobre-sergio-larrain-garcia-moreno\/#primaryimage","url":"https:\/\/fadeu.urantiacos.cl\/wp-content\/uploads\/2023\/09\/web_Captura_de_Pantalla_2021-11-28_a_las_20.20.12.png","contentUrl":"https:\/\/fadeu.urantiacos.cl\/wp-content\/uploads\/2023\/09\/web_Captura_de_Pantalla_2021-11-28_a_las_20.20.12.png","width":347,"height":250},{"@type":"BreadcrumbList","@id":"https:\/\/fadeu.urantiacos.cl\/en\/2021\/11\/28\/biblioteca-lo-contador-realiza-muestra-sobre-sergio-larrain-garcia-moreno\/#breadcrumb","itemListElement":[{"@type":"ListItem","position":1,"name":"Portada","item":"https:\/\/fadeu.urantiacos.cl\/en\/"},{"@type":"ListItem","position":2,"name":"Biblioteca Lo Contador realiza muestra sobre Sergio Larra\u00edn Garc\u00eda Moreno"}]},{"@type":"WebSite","@id":"https:\/\/fadeu.urantiacos.cl\/en\/#website","url":"https:\/\/fadeu.urantiacos.cl\/en\/","name":"Facultad de Arquitectura, Dise\u00f1o y Estudios Urbanos","description":"Campus Lo Contador","potentialAction":[{"@type":"SearchAction","target":{"@type":"EntryPoint","urlTemplate":"https:\/\/fadeu.urantiacos.cl\/en\/?s={search_term_string}"},"query-input":{"@type":"PropertyValueSpecification","valueRequired":true,"valueName":"search_term_string"}}],"inLanguage":"en-US"},{"@type":"Person","@id":"https:\/\/fadeu.urantiacos.cl\/en\/#\/schema\/person\/d203e2e84b1c40275eac77b3061a19a2","name":"manadmin","image":{"@type":"ImageObject","inLanguage":"en-US","@id":"https:\/\/fadeu.urantiacos.cl\/en\/#\/schema\/person\/image\/","url":"https:\/\/secure.gravatar.com\/avatar\/4b1d8e3303b4a9d8968ac578947d8bc80d9aea359f388cdd4aac15cadc0e8447?s=96&d=mm&r=g","contentUrl":"https:\/\/secure.gravatar.com\/avatar\/4b1d8e3303b4a9d8968ac578947d8bc80d9aea359f388cdd4aac15cadc0e8447?s=96&d=mm&r=g","caption":"manadmin"},"sameAs":["https:\/\/fadeu.urantiacos.cl"]}]}},"_links":{"self":[{"href":"https:\/\/fadeu.urantiacos.cl\/en\/wp-json\/wp\/v2\/posts\/5884","targetHints":{"allow":["GET"]}}],"collection":[{"href":"https:\/\/fadeu.urantiacos.cl\/en\/wp-json\/wp\/v2\/posts"}],"about":[{"href":"https:\/\/fadeu.urantiacos.cl\/en\/wp-json\/wp\/v2\/types\/post"}],"author":[{"embeddable":true,"href":"https:\/\/fadeu.urantiacos.cl\/en\/wp-json\/wp\/v2\/users\/1"}],"replies":[{"embeddable":true,"href":"https:\/\/fadeu.urantiacos.cl\/en\/wp-json\/wp\/v2\/comments?post=5884"}],"version-history":[{"count":1,"href":"https:\/\/fadeu.urantiacos.cl\/en\/wp-json\/wp\/v2\/posts\/5884\/revisions"}],"predecessor-version":[{"id":5886,"href":"https:\/\/fadeu.urantiacos.cl\/en\/wp-json\/wp\/v2\/posts\/5884\/revisions\/5886"}],"wp:featuredmedia":[{"embeddable":true,"href":"https:\/\/fadeu.urantiacos.cl\/en\/wp-json\/wp\/v2\/media\/5885"}],"wp:attachment":[{"href":"https:\/\/fadeu.urantiacos.cl\/en\/wp-json\/wp\/v2\/media?parent=5884"}],"wp:term":[{"taxonomy":"category","embeddable":true,"href":"https:\/\/fadeu.urantiacos.cl\/en\/wp-json\/wp\/v2\/categories?post=5884"},{"taxonomy":"post_tag","embeddable":true,"href":"https:\/\/fadeu.urantiacos.cl\/en\/wp-json\/wp\/v2\/tags?post=5884"}],"curies":[{"name":"wp","href":"https:\/\/api.w.org\/{rel}","templated":true}]}}