{"id":5875,"date":"2021-12-01T23:17:00","date_gmt":"2021-12-02T02:17:00","guid":{"rendered":"https:\/\/fadeu.urantiacos.cl\/?p=5875"},"modified":"2023-09-06T23:19:03","modified_gmt":"2023-09-07T02:19:03","slug":"covid-19-fadeu-repasa-detalles-para-publicacion-de-nuevo-libro","status":"publish","type":"post","link":"https:\/\/fadeu.urantiacos.cl\/en\/2021\/12\/01\/covid-19-fadeu-repasa-detalles-para-publicacion-de-nuevo-libro\/","title":{"rendered":"COVID-19: FADEU repasa detalles para publicaci\u00f3n de nuevo libro"},"content":{"rendered":"\n<figure class=\"wp-block-image size-full\"><img decoding=\"async\" width=\"350\" height=\"250\" src=\"https:\/\/fadeu.urantiacos.cl\/wp-content\/uploads\/2023\/09\/CAMPUSLO_CONTADOR-1.jpeg\" alt=\"\" class=\"wp-image-5876\" srcset=\"https:\/\/fadeu.urantiacos.cl\/wp-content\/uploads\/2023\/09\/CAMPUSLO_CONTADOR-1.jpeg 350w, https:\/\/fadeu.urantiacos.cl\/wp-content\/uploads\/2023\/09\/CAMPUSLO_CONTADOR-1-300x214.jpeg 300w\" sizes=\"(max-width: 350px) 100vw, 350px\" \/><\/figure>\n\n\n\n<p>La iniciativa responde a un llamado efectuado por el Decano Mario Ubilla, con miras relevar el aporte de la Facultad fuera de los l\u00edmites del campus Lo Contador. \u201cEs de inter\u00e9s del Decanato la publicaci\u00f3n de un libro que d\u00e9 cuenta de c\u00f3mo el COVID-19 impact\u00f3 las disciplinas de la arquitectura, el dise\u00f1o, la planificaci\u00f3n y los estudios urbanos, impulsando nuevas \u00e1reas de investigaci\u00f3n, permitiendo la generaci\u00f3n de nuevos saberes y permeando a la sociedad con nuevo conocimiento\u201d, advirti\u00f3.<\/p>\n\n\n\n<p>As\u00ed, se conform\u00f3 un Comit\u00e9 Editorial integrado por Alejandra Celed\u00f3n (Arquitectura), Pedro \u00c1lvarez (Dise\u00f1o), y Ricardo Truffello (Instituto de Estudios Urbanos), que es coordinado por la Direcci\u00f3n de Comunicaciones FADEU, a trav\u00e9s de su directora, Macarena Cort\u00e9s, quienes luego de un proceso de revisi\u00f3n exhaustiva ya tienen seleccionados nueve (9) proyectos de la escuela de Arquitectura; doce (12) de la escuela de Dise\u00f1o; cuatro (4) del Instituto de Estudios Urbanos y Territoriales; y alrededor de seis (6) proyectos que involucran acci\u00f3n conjunta de dos o m\u00e1s escuelas, o unidades acad\u00e9micas de \u00e9sta u otras facultades UC.<\/p>\n\n\n\n<p>Los proyectos seleccionados podr\u00edan llegar a alrededor de cincuenta (50), por cuanto faltan a\u00fan instancias de revisi\u00f3n, ya que el proceso de recepci\u00f3n de antecedentes y otras informaciones se extender\u00e1 hasta el 20 de diciembre del presente a\u00f1o.<\/p>\n\n\n\n<p>No fueron incorporadas en los criterios de selecci\u00f3n iniciativas como workshops, seminarios o congresos, ya que el foco es la ejecuci\u00f3n de proyectos, obras o iniciativas de investigaci\u00f3n realizadas a prop\u00f3sito de la crisis sanitarias o desarrolladas en medio de la crisis sanitaria.<\/p>\n\n\n\n<p><strong>Contexto<\/strong><\/p>\n\n\n\n<p>A fines de diciembre de 2019, medios locales en China alertaban del brote de una enfermedad producida, a primeras luces, por la ingesta de alimentos de origen animal mal procesados (ausencia de inocuidad alimentaria). La sintomatolog\u00eda desarrollada por las primeras personas enfermas hizo pensar en una posible variante viral de la familia de los Coronavirus.<\/p>\n\n\n\n<p>As\u00ed, luego de un par de meses de observaci\u00f3n por parte de autoridades sanitarias locales y nacionales, adem\u00e1s de la asesor\u00eda de la Organizaci\u00f3n Mundial de la Salud, a fines de febrero de 2020 ya comenzaba a esgrimirse la posibilidad de una pandemia que pod\u00eda tener ribetes globales.<\/p>\n\n\n\n<p>En marzo del mismo a\u00f1o se decret\u00f3 pandemia mundial por la presencia y circulaci\u00f3n global del Sars-Cov2, que provoca la enfermedad conocida como COVID-19 (la variante m\u00e1s reciente de la familia de los Coronavirus), un cuadro viral que ataca el sistema respiratorio, y que se vuelve especialmente compleja en personas con enfermedades de base.<\/p>\n\n\n\n<p>Al poco andar, en Chile, espec\u00edficamente en la regi\u00f3n Metropolitana, comenzaron los primeros casos que obligaron a la Autoridad Sanitaria a aplicar medidas extremas como las cuarentenas (m\u00f3viles, comunales y luego regionales totales), y tambi\u00e9n el Gobierno informaba del decreto de Estado de Cat\u00e1strofe, coartando las libertades de movilidad y reduciendo al m\u00e1ximo el contacto f\u00edsico entre las personas en las diferentes ciudades y territorios del pa\u00eds.<\/p>\n\n\n\n<p>\u00bfY la universidad? No estuvo ajena a este contexto, y todas las actividades acad\u00e9micas, de investigaci\u00f3n, gesti\u00f3n y vinculaci\u00f3n con el medio se volcaron en tiempo r\u00e9cord -en el caso de la UC- a la modalidad online.<\/p>\n\n\n\n<p>Es en este escenario que, tanto las escuelas de Arquitectura y Dise\u00f1o, adem\u00e1s del Instituto de Estudios Urbanos y Territoriales, llevaron a cabo interesantes proyectos -aplicados y de investigaci\u00f3n- que abrieron las puertas a nuevo conocimiento, en un contexto complejo, \u00fanico en los \u00faltimos 200 a\u00f1os de historia sanitaria global.<\/p>\n\n\n\n<p>En ese sentido, es relevante destacar lo que se ha hecho dentro de la FADEU, dando a conocer los avances e innovaciones que las unidades acad\u00e9micas han desarrollado en medio de un complejo contexto que exigi\u00f3 no solo adecuarse a nuevas formas de docencia e investigaci\u00f3n, sino tambi\u00e9n a sobreponerse personalmente a los vaivenes del trabajo remoto y a las dificultades que posteriormente surgieron al alero de los retornos a la presencialidad y las actividades h\u00edbridas.<\/p>\n\n\n\n<p>INFORMACI\u00d3N PERIOD\u00cdSTICA<br>JUAN ANDR\u00c9S INZUNZA<\/p>\n","protected":false},"excerpt":{"rendered":"<p>M\u00e1s de treinta proyectos han sido seleccionados para formar parte de un libro que editar\u00e1 la Facultad de Arquitectura, Dise\u00f1o y Estudios Urbanos UC, que pretende reunir experiencias acad\u00e9micas,a cuyo desarrollo haya estado motivado por la pandemia por COVID-19 o ejecutadas en medio de la crisis sanitaria, y que hayan sido (o que ser\u00e1n) un aporte a las pol\u00edticas p\u00fablicas, al sector privado y a la sociedad en su conjunto.<\/p>\n","protected":false},"author":1,"featured_media":5876,"comment_status":"open","ping_status":"open","sticky":false,"template":"","format":"standard","meta":{"_acf_changed":false,"footnotes":""},"categories":[1],"tags":[],"class_list":["post-5875","post","type-post","status-publish","format-standard","has-post-thumbnail","hentry","category-sin-categorizar"],"acf":[],"yoast_head":"<!-- This site is optimized with the Yoast SEO plugin v27.1.1 - https:\/\/yoast.com\/product\/yoast-seo-wordpress\/ -->\n<title>COVID-19: FADEU repasa detalles para publicaci\u00f3n de nuevo libro - Facultad de Arquitectura, Dise\u00f1o y Estudios Urbanos<\/title>\n<meta name=\"description\" content=\"M\u00e1s de treinta proyectos han sido seleccionados para formar parte de un libro que editar\u00e1 la Facultad de Arquitectura, Dise\u00f1o y Estudios Urbanos UC, que pretende reunir experiencias acad\u00e9micas,a cuyo desarrollo haya estado motivado por la pandemia por COVID-19 o ejecutadas en medio de la crisis sanitaria, y que hayan sido (o que ser\u00e1n) un aporte a las pol\u00edticas p\u00fablicas, al sector privado y a la sociedad en su conjunto.\" \/>\n<meta name=\"robots\" content=\"index, follow, max-snippet:-1, max-image-preview:large, max-video-preview:-1\" \/>\n<link rel=\"canonical\" href=\"https:\/\/fadeu.urantiacos.cl\/en\/2021\/12\/01\/covid-19-fadeu-repasa-detalles-para-publicacion-de-nuevo-libro\/\" \/>\n<meta property=\"og:locale\" content=\"en_US\" \/>\n<meta property=\"og:type\" content=\"article\" \/>\n<meta property=\"og:title\" content=\"COVID-19: FADEU repasa detalles para publicaci\u00f3n de nuevo libro - Facultad de Arquitectura, Dise\u00f1o y Estudios Urbanos\" \/>\n<meta property=\"og:description\" content=\"M\u00e1s de treinta proyectos han sido seleccionados para formar parte de un libro que editar\u00e1 la Facultad de Arquitectura, Dise\u00f1o y Estudios Urbanos UC, que pretende reunir experiencias acad\u00e9micas,a cuyo desarrollo haya estado motivado por la pandemia por COVID-19 o ejecutadas en medio de la crisis sanitaria, y que hayan sido (o que ser\u00e1n) un aporte a las pol\u00edticas p\u00fablicas, al sector privado y a la sociedad en su conjunto.\" \/>\n<meta property=\"og:url\" content=\"https:\/\/fadeu.urantiacos.cl\/en\/2021\/12\/01\/covid-19-fadeu-repasa-detalles-para-publicacion-de-nuevo-libro\/\" \/>\n<meta property=\"og:site_name\" content=\"Facultad de Arquitectura, Dise\u00f1o y Estudios Urbanos\" \/>\n<meta property=\"article:published_time\" content=\"2021-12-02T02:17:00+00:00\" \/>\n<meta property=\"article:modified_time\" content=\"2023-09-07T02:19:03+00:00\" \/>\n<meta property=\"og:image\" content=\"https:\/\/fadeu.urantiacos.cl\/wp-content\/uploads\/2023\/09\/CAMPUSLO_CONTADOR-1.jpeg\" \/>\n\t<meta property=\"og:image:width\" content=\"350\" \/>\n\t<meta property=\"og:image:height\" content=\"250\" \/>\n\t<meta property=\"og:image:type\" content=\"image\/jpeg\" \/>\n<meta name=\"author\" content=\"manadmin\" \/>\n<meta name=\"twitter:card\" content=\"summary_large_image\" \/>\n<meta name=\"twitter:label1\" content=\"Written by\" \/>\n\t<meta name=\"twitter:data1\" content=\"manadmin\" \/>\n\t<meta name=\"twitter:label2\" content=\"Est. reading time\" \/>\n\t<meta name=\"twitter:data2\" content=\"3 minutes\" \/>\n<script type=\"application\/ld+json\" class=\"yoast-schema-graph\">{\"@context\":\"https:\/\/schema.org\",\"@graph\":[{\"@type\":\"Article\",\"@id\":\"https:\/\/fadeu.urantiacos.cl\/en\/2021\/12\/01\/covid-19-fadeu-repasa-detalles-para-publicacion-de-nuevo-libro\/#article\",\"isPartOf\":{\"@id\":\"https:\/\/fadeu.urantiacos.cl\/en\/2021\/12\/01\/covid-19-fadeu-repasa-detalles-para-publicacion-de-nuevo-libro\/\"},\"author\":{\"name\":\"manadmin\",\"@id\":\"https:\/\/fadeu.urantiacos.cl\/en\/#\/schema\/person\/d203e2e84b1c40275eac77b3061a19a2\"},\"headline\":\"COVID-19: FADEU repasa detalles para publicaci\u00f3n de nuevo libro\",\"datePublished\":\"2021-12-02T02:17:00+00:00\",\"dateModified\":\"2023-09-07T02:19:03+00:00\",\"mainEntityOfPage\":{\"@id\":\"https:\/\/fadeu.urantiacos.cl\/en\/2021\/12\/01\/covid-19-fadeu-repasa-detalles-para-publicacion-de-nuevo-libro\/\"},\"wordCount\":709,\"commentCount\":0,\"image\":{\"@id\":\"https:\/\/fadeu.urantiacos.cl\/en\/2021\/12\/01\/covid-19-fadeu-repasa-detalles-para-publicacion-de-nuevo-libro\/#primaryimage\"},\"thumbnailUrl\":\"https:\/\/fadeu.urantiacos.cl\/wp-content\/uploads\/2023\/09\/CAMPUSLO_CONTADOR-1.jpeg\",\"articleSection\":[\"Sin categorizar\"],\"inLanguage\":\"en-US\",\"potentialAction\":[{\"@type\":\"CommentAction\",\"name\":\"Comment\",\"target\":[\"https:\/\/fadeu.urantiacos.cl\/en\/2021\/12\/01\/covid-19-fadeu-repasa-detalles-para-publicacion-de-nuevo-libro\/#respond\"]}]},{\"@type\":\"WebPage\",\"@id\":\"https:\/\/fadeu.urantiacos.cl\/en\/2021\/12\/01\/covid-19-fadeu-repasa-detalles-para-publicacion-de-nuevo-libro\/\",\"url\":\"https:\/\/fadeu.urantiacos.cl\/en\/2021\/12\/01\/covid-19-fadeu-repasa-detalles-para-publicacion-de-nuevo-libro\/\",\"name\":\"COVID-19: FADEU repasa detalles para publicaci\u00f3n de nuevo libro - Facultad de Arquitectura, Dise\u00f1o y Estudios Urbanos\",\"isPartOf\":{\"@id\":\"https:\/\/fadeu.urantiacos.cl\/en\/#website\"},\"primaryImageOfPage\":{\"@id\":\"https:\/\/fadeu.urantiacos.cl\/en\/2021\/12\/01\/covid-19-fadeu-repasa-detalles-para-publicacion-de-nuevo-libro\/#primaryimage\"},\"image\":{\"@id\":\"https:\/\/fadeu.urantiacos.cl\/en\/2021\/12\/01\/covid-19-fadeu-repasa-detalles-para-publicacion-de-nuevo-libro\/#primaryimage\"},\"thumbnailUrl\":\"https:\/\/fadeu.urantiacos.cl\/wp-content\/uploads\/2023\/09\/CAMPUSLO_CONTADOR-1.jpeg\",\"datePublished\":\"2021-12-02T02:17:00+00:00\",\"dateModified\":\"2023-09-07T02:19:03+00:00\",\"author\":{\"@id\":\"https:\/\/fadeu.urantiacos.cl\/en\/#\/schema\/person\/d203e2e84b1c40275eac77b3061a19a2\"},\"description\":\"M\u00e1s de treinta proyectos han sido seleccionados para formar parte de un libro que editar\u00e1 la Facultad de Arquitectura, Dise\u00f1o y Estudios Urbanos UC, que pretende reunir experiencias acad\u00e9micas,a cuyo desarrollo haya estado motivado por la pandemia por COVID-19 o ejecutadas en medio de la crisis sanitaria, y que hayan sido (o que ser\u00e1n) un aporte a las pol\u00edticas p\u00fablicas, al sector privado y a la sociedad en su conjunto.\",\"breadcrumb\":{\"@id\":\"https:\/\/fadeu.urantiacos.cl\/en\/2021\/12\/01\/covid-19-fadeu-repasa-detalles-para-publicacion-de-nuevo-libro\/#breadcrumb\"},\"inLanguage\":\"en-US\",\"potentialAction\":[{\"@type\":\"ReadAction\",\"target\":[\"https:\/\/fadeu.urantiacos.cl\/en\/2021\/12\/01\/covid-19-fadeu-repasa-detalles-para-publicacion-de-nuevo-libro\/\"]}]},{\"@type\":\"ImageObject\",\"inLanguage\":\"en-US\",\"@id\":\"https:\/\/fadeu.urantiacos.cl\/en\/2021\/12\/01\/covid-19-fadeu-repasa-detalles-para-publicacion-de-nuevo-libro\/#primaryimage\",\"url\":\"https:\/\/fadeu.urantiacos.cl\/wp-content\/uploads\/2023\/09\/CAMPUSLO_CONTADOR-1.jpeg\",\"contentUrl\":\"https:\/\/fadeu.urantiacos.cl\/wp-content\/uploads\/2023\/09\/CAMPUSLO_CONTADOR-1.jpeg\",\"width\":350,\"height\":250},{\"@type\":\"BreadcrumbList\",\"@id\":\"https:\/\/fadeu.urantiacos.cl\/en\/2021\/12\/01\/covid-19-fadeu-repasa-detalles-para-publicacion-de-nuevo-libro\/#breadcrumb\",\"itemListElement\":[{\"@type\":\"ListItem\",\"position\":1,\"name\":\"Portada\",\"item\":\"https:\/\/fadeu.urantiacos.cl\/en\/\"},{\"@type\":\"ListItem\",\"position\":2,\"name\":\"COVID-19: FADEU repasa detalles para publicaci\u00f3n de nuevo libro\"}]},{\"@type\":\"WebSite\",\"@id\":\"https:\/\/fadeu.urantiacos.cl\/en\/#website\",\"url\":\"https:\/\/fadeu.urantiacos.cl\/en\/\",\"name\":\"Facultad de Arquitectura, Dise\u00f1o y Estudios Urbanos\",\"description\":\"Campus Lo Contador\",\"potentialAction\":[{\"@type\":\"SearchAction\",\"target\":{\"@type\":\"EntryPoint\",\"urlTemplate\":\"https:\/\/fadeu.urantiacos.cl\/en\/?s={search_term_string}\"},\"query-input\":{\"@type\":\"PropertyValueSpecification\",\"valueRequired\":true,\"valueName\":\"search_term_string\"}}],\"inLanguage\":\"en-US\"},{\"@type\":\"Person\",\"@id\":\"https:\/\/fadeu.urantiacos.cl\/en\/#\/schema\/person\/d203e2e84b1c40275eac77b3061a19a2\",\"name\":\"manadmin\",\"image\":{\"@type\":\"ImageObject\",\"inLanguage\":\"en-US\",\"@id\":\"https:\/\/fadeu.urantiacos.cl\/en\/#\/schema\/person\/image\/\",\"url\":\"https:\/\/secure.gravatar.com\/avatar\/4b1d8e3303b4a9d8968ac578947d8bc80d9aea359f388cdd4aac15cadc0e8447?s=96&d=mm&r=g\",\"contentUrl\":\"https:\/\/secure.gravatar.com\/avatar\/4b1d8e3303b4a9d8968ac578947d8bc80d9aea359f388cdd4aac15cadc0e8447?s=96&d=mm&r=g\",\"caption\":\"manadmin\"},\"sameAs\":[\"https:\/\/fadeu.urantiacos.cl\"]}]}<\/script>\n<!-- \/ Yoast SEO plugin. -->","yoast_head_json":{"title":"COVID-19: FADEU repasa detalles para publicaci\u00f3n de nuevo libro - Facultad de Arquitectura, Dise\u00f1o y Estudios Urbanos","description":"M\u00e1s de treinta proyectos han sido seleccionados para formar parte de un libro que editar\u00e1 la Facultad de Arquitectura, Dise\u00f1o y Estudios Urbanos UC, que pretende reunir experiencias acad\u00e9micas,a cuyo desarrollo haya estado motivado por la pandemia por COVID-19 o ejecutadas en medio de la crisis sanitaria, y que hayan sido (o que ser\u00e1n) un aporte a las pol\u00edticas p\u00fablicas, al sector privado y a la sociedad en su conjunto.","robots":{"index":"index","follow":"follow","max-snippet":"max-snippet:-1","max-image-preview":"max-image-preview:large","max-video-preview":"max-video-preview:-1"},"canonical":"https:\/\/fadeu.urantiacos.cl\/en\/2021\/12\/01\/covid-19-fadeu-repasa-detalles-para-publicacion-de-nuevo-libro\/","og_locale":"en_US","og_type":"article","og_title":"COVID-19: FADEU repasa detalles para publicaci\u00f3n de nuevo libro - Facultad de Arquitectura, Dise\u00f1o y Estudios Urbanos","og_description":"M\u00e1s de treinta proyectos han sido seleccionados para formar parte de un libro que editar\u00e1 la Facultad de Arquitectura, Dise\u00f1o y Estudios Urbanos UC, que pretende reunir experiencias acad\u00e9micas,a cuyo desarrollo haya estado motivado por la pandemia por COVID-19 o ejecutadas en medio de la crisis sanitaria, y que hayan sido (o que ser\u00e1n) un aporte a las pol\u00edticas p\u00fablicas, al sector privado y a la sociedad en su conjunto.","og_url":"https:\/\/fadeu.urantiacos.cl\/en\/2021\/12\/01\/covid-19-fadeu-repasa-detalles-para-publicacion-de-nuevo-libro\/","og_site_name":"Facultad de Arquitectura, Dise\u00f1o y Estudios Urbanos","article_published_time":"2021-12-02T02:17:00+00:00","article_modified_time":"2023-09-07T02:19:03+00:00","og_image":[{"width":350,"height":250,"url":"https:\/\/fadeu.urantiacos.cl\/wp-content\/uploads\/2023\/09\/CAMPUSLO_CONTADOR-1.jpeg","type":"image\/jpeg"}],"author":"manadmin","twitter_card":"summary_large_image","twitter_misc":{"Written by":"manadmin","Est. reading time":"3 minutes"},"schema":{"@context":"https:\/\/schema.org","@graph":[{"@type":"Article","@id":"https:\/\/fadeu.urantiacos.cl\/en\/2021\/12\/01\/covid-19-fadeu-repasa-detalles-para-publicacion-de-nuevo-libro\/#article","isPartOf":{"@id":"https:\/\/fadeu.urantiacos.cl\/en\/2021\/12\/01\/covid-19-fadeu-repasa-detalles-para-publicacion-de-nuevo-libro\/"},"author":{"name":"manadmin","@id":"https:\/\/fadeu.urantiacos.cl\/en\/#\/schema\/person\/d203e2e84b1c40275eac77b3061a19a2"},"headline":"COVID-19: FADEU repasa detalles para publicaci\u00f3n de nuevo libro","datePublished":"2021-12-02T02:17:00+00:00","dateModified":"2023-09-07T02:19:03+00:00","mainEntityOfPage":{"@id":"https:\/\/fadeu.urantiacos.cl\/en\/2021\/12\/01\/covid-19-fadeu-repasa-detalles-para-publicacion-de-nuevo-libro\/"},"wordCount":709,"commentCount":0,"image":{"@id":"https:\/\/fadeu.urantiacos.cl\/en\/2021\/12\/01\/covid-19-fadeu-repasa-detalles-para-publicacion-de-nuevo-libro\/#primaryimage"},"thumbnailUrl":"https:\/\/fadeu.urantiacos.cl\/wp-content\/uploads\/2023\/09\/CAMPUSLO_CONTADOR-1.jpeg","articleSection":["Sin categorizar"],"inLanguage":"en-US","potentialAction":[{"@type":"CommentAction","name":"Comment","target":["https:\/\/fadeu.urantiacos.cl\/en\/2021\/12\/01\/covid-19-fadeu-repasa-detalles-para-publicacion-de-nuevo-libro\/#respond"]}]},{"@type":"WebPage","@id":"https:\/\/fadeu.urantiacos.cl\/en\/2021\/12\/01\/covid-19-fadeu-repasa-detalles-para-publicacion-de-nuevo-libro\/","url":"https:\/\/fadeu.urantiacos.cl\/en\/2021\/12\/01\/covid-19-fadeu-repasa-detalles-para-publicacion-de-nuevo-libro\/","name":"COVID-19: FADEU repasa detalles para publicaci\u00f3n de nuevo libro - Facultad de Arquitectura, Dise\u00f1o y Estudios Urbanos","isPartOf":{"@id":"https:\/\/fadeu.urantiacos.cl\/en\/#website"},"primaryImageOfPage":{"@id":"https:\/\/fadeu.urantiacos.cl\/en\/2021\/12\/01\/covid-19-fadeu-repasa-detalles-para-publicacion-de-nuevo-libro\/#primaryimage"},"image":{"@id":"https:\/\/fadeu.urantiacos.cl\/en\/2021\/12\/01\/covid-19-fadeu-repasa-detalles-para-publicacion-de-nuevo-libro\/#primaryimage"},"thumbnailUrl":"https:\/\/fadeu.urantiacos.cl\/wp-content\/uploads\/2023\/09\/CAMPUSLO_CONTADOR-1.jpeg","datePublished":"2021-12-02T02:17:00+00:00","dateModified":"2023-09-07T02:19:03+00:00","author":{"@id":"https:\/\/fadeu.urantiacos.cl\/en\/#\/schema\/person\/d203e2e84b1c40275eac77b3061a19a2"},"description":"M\u00e1s de treinta proyectos han sido seleccionados para formar parte de un libro que editar\u00e1 la Facultad de Arquitectura, Dise\u00f1o y Estudios Urbanos UC, que pretende reunir experiencias acad\u00e9micas,a cuyo desarrollo haya estado motivado por la pandemia por COVID-19 o ejecutadas en medio de la crisis sanitaria, y que hayan sido (o que ser\u00e1n) un aporte a las pol\u00edticas p\u00fablicas, al sector privado y a la sociedad en su conjunto.","breadcrumb":{"@id":"https:\/\/fadeu.urantiacos.cl\/en\/2021\/12\/01\/covid-19-fadeu-repasa-detalles-para-publicacion-de-nuevo-libro\/#breadcrumb"},"inLanguage":"en-US","potentialAction":[{"@type":"ReadAction","target":["https:\/\/fadeu.urantiacos.cl\/en\/2021\/12\/01\/covid-19-fadeu-repasa-detalles-para-publicacion-de-nuevo-libro\/"]}]},{"@type":"ImageObject","inLanguage":"en-US","@id":"https:\/\/fadeu.urantiacos.cl\/en\/2021\/12\/01\/covid-19-fadeu-repasa-detalles-para-publicacion-de-nuevo-libro\/#primaryimage","url":"https:\/\/fadeu.urantiacos.cl\/wp-content\/uploads\/2023\/09\/CAMPUSLO_CONTADOR-1.jpeg","contentUrl":"https:\/\/fadeu.urantiacos.cl\/wp-content\/uploads\/2023\/09\/CAMPUSLO_CONTADOR-1.jpeg","width":350,"height":250},{"@type":"BreadcrumbList","@id":"https:\/\/fadeu.urantiacos.cl\/en\/2021\/12\/01\/covid-19-fadeu-repasa-detalles-para-publicacion-de-nuevo-libro\/#breadcrumb","itemListElement":[{"@type":"ListItem","position":1,"name":"Portada","item":"https:\/\/fadeu.urantiacos.cl\/en\/"},{"@type":"ListItem","position":2,"name":"COVID-19: FADEU repasa detalles para publicaci\u00f3n de nuevo libro"}]},{"@type":"WebSite","@id":"https:\/\/fadeu.urantiacos.cl\/en\/#website","url":"https:\/\/fadeu.urantiacos.cl\/en\/","name":"Facultad de Arquitectura, Dise\u00f1o y Estudios Urbanos","description":"Campus Lo Contador","potentialAction":[{"@type":"SearchAction","target":{"@type":"EntryPoint","urlTemplate":"https:\/\/fadeu.urantiacos.cl\/en\/?s={search_term_string}"},"query-input":{"@type":"PropertyValueSpecification","valueRequired":true,"valueName":"search_term_string"}}],"inLanguage":"en-US"},{"@type":"Person","@id":"https:\/\/fadeu.urantiacos.cl\/en\/#\/schema\/person\/d203e2e84b1c40275eac77b3061a19a2","name":"manadmin","image":{"@type":"ImageObject","inLanguage":"en-US","@id":"https:\/\/fadeu.urantiacos.cl\/en\/#\/schema\/person\/image\/","url":"https:\/\/secure.gravatar.com\/avatar\/4b1d8e3303b4a9d8968ac578947d8bc80d9aea359f388cdd4aac15cadc0e8447?s=96&d=mm&r=g","contentUrl":"https:\/\/secure.gravatar.com\/avatar\/4b1d8e3303b4a9d8968ac578947d8bc80d9aea359f388cdd4aac15cadc0e8447?s=96&d=mm&r=g","caption":"manadmin"},"sameAs":["https:\/\/fadeu.urantiacos.cl"]}]}},"_links":{"self":[{"href":"https:\/\/fadeu.urantiacos.cl\/en\/wp-json\/wp\/v2\/posts\/5875","targetHints":{"allow":["GET"]}}],"collection":[{"href":"https:\/\/fadeu.urantiacos.cl\/en\/wp-json\/wp\/v2\/posts"}],"about":[{"href":"https:\/\/fadeu.urantiacos.cl\/en\/wp-json\/wp\/v2\/types\/post"}],"author":[{"embeddable":true,"href":"https:\/\/fadeu.urantiacos.cl\/en\/wp-json\/wp\/v2\/users\/1"}],"replies":[{"embeddable":true,"href":"https:\/\/fadeu.urantiacos.cl\/en\/wp-json\/wp\/v2\/comments?post=5875"}],"version-history":[{"count":1,"href":"https:\/\/fadeu.urantiacos.cl\/en\/wp-json\/wp\/v2\/posts\/5875\/revisions"}],"predecessor-version":[{"id":5877,"href":"https:\/\/fadeu.urantiacos.cl\/en\/wp-json\/wp\/v2\/posts\/5875\/revisions\/5877"}],"wp:featuredmedia":[{"embeddable":true,"href":"https:\/\/fadeu.urantiacos.cl\/en\/wp-json\/wp\/v2\/media\/5876"}],"wp:attachment":[{"href":"https:\/\/fadeu.urantiacos.cl\/en\/wp-json\/wp\/v2\/media?parent=5875"}],"wp:term":[{"taxonomy":"category","embeddable":true,"href":"https:\/\/fadeu.urantiacos.cl\/en\/wp-json\/wp\/v2\/categories?post=5875"},{"taxonomy":"post_tag","embeddable":true,"href":"https:\/\/fadeu.urantiacos.cl\/en\/wp-json\/wp\/v2\/tags?post=5875"}],"curies":[{"name":"wp","href":"https:\/\/api.w.org\/{rel}","templated":true}]}}