{"id":5872,"date":"2021-12-01T23:14:00","date_gmt":"2021-12-02T02:14:00","guid":{"rendered":"https:\/\/fadeu.urantiacos.cl\/?p=5872"},"modified":"2023-09-06T23:17:01","modified_gmt":"2023-09-07T02:17:01","slug":"llega-la-48-muestra-de-artesania-uc","status":"publish","type":"post","link":"https:\/\/fadeu.urantiacos.cl\/en\/2021\/12\/01\/llega-la-48-muestra-de-artesania-uc\/","title":{"rendered":"Llega la 48 Muestra de Artesan\u00eda UC"},"content":{"rendered":"\n<figure class=\"wp-block-image size-full\"><img decoding=\"async\" width=\"350\" height=\"250\" src=\"https:\/\/fadeu.urantiacos.cl\/wp-content\/uploads\/2023\/09\/web_48-artesania-1.png\" alt=\"\" class=\"wp-image-5873\" srcset=\"https:\/\/fadeu.urantiacos.cl\/wp-content\/uploads\/2023\/09\/web_48-artesania-1.png 350w, https:\/\/fadeu.urantiacos.cl\/wp-content\/uploads\/2023\/09\/web_48-artesania-1-300x214.png 300w\" sizes=\"(max-width: 350px) 100vw, 350px\" \/><\/figure>\n\n\n\n<p>Tres tiempos.&nbsp;Una Feria Virtual, un Almac\u00e9n Abierto y una Exposici\u00f3n Patrimonial son las instancias que componen este a\u00f1o la&nbsp;48 Muestra de Artesan\u00eda UC&nbsp;desde el 1 de diciembre y hasta el 30 de enero, que una vez m\u00e1s se reinventa para engrandecer el oficio artesanal de Chile. Esta vez, en tres momentos diferentes que permitir\u00e1n a los visitantes comprar, visitar y observar la riqueza del legado artesanal local y al mismo tiempo reconocer en las nuevas expresiones, la cultura efervescente de artesanas y artesanos j\u00f3venes.&nbsp;<\/p>\n\n\n\n<p>Tres tiempos&nbsp;en los que la artesan\u00eda se prepara para su fiesta tradicional de la mano del Programa de Artesan\u00eda UC, que desde hace 48 a\u00f1os trabaja para mantener vigente los mundos y realidades artesanales. Y es que la artesan\u00eda es una experiencia. Se observa, se admira, se palpa. Tambi\u00e9n cuenta la historia de personas, comunidades y territorios; de la b\u00fasqueda, en algunos casos ancestral, de respuestas a problem\u00e1ticas dom\u00e9sticas o funcionales de la vida cotidiana y tambi\u00e9n a otras espirituales y simb\u00f3licas.&nbsp;<\/p>\n\n\n\n<p>Tres tiempos&nbsp;concretos en la que nos reuniremos en torno a la Artesan\u00eda:&nbsp;<\/p>\n\n\n\n<p>&nbsp;Feria Virtual, desde el&nbsp;1 al 7 de diciembre: espacio virtual donde al igual que en nuestra edici\u00f3n anterior, podr\u00e1s asistir a conversatorios, talleres, clases magistrales desde la comodidad de tu casa. Instancia donde adem\u00e1s y sobre todo, puedes&nbsp;comprar&nbsp;piezas \u00fanicas, elaboradas por una selecci\u00f3n de m\u00e1s de 100 artesanos de reconocida trayectoria, que este a\u00f1o adem\u00e1s llegan tambi\u00e9n desde Ecuador, El Salvador, Guatemala, Hait\u00ed, M\u00e9xico y la India.&nbsp;muestra.artesania.uc.cl<\/p>\n\n\n\n<p>Este a\u00f1o, entre las piezas nuevas que podr\u00e1n encontrar en el e-commerce de la&nbsp;48 Muestra de Artesan\u00eda UC,&nbsp;destaca el trabajo de la artesana&nbsp;Raquel Aguilar, usuaria indap, quien fue reconocida con el Sello de Excelencia Ind\u00edgena 2020 por su trabajo en quilineja, una enredadera que crece en los bosques antiguos de Chilo\u00e9, cuyas ra\u00edces a\u00e9reas son las que usa Raquel para sus piezas principalmente de cester\u00eda.&nbsp;<\/p>\n\n\n\n<p>Acogiendo a las representaciones artesanales migrantes, tambi\u00e9n estar\u00e1 presente en esta Feria virtual el trabajo de&nbsp;James St Cloux, joven artesano haitiano, avecindado en Pitrufqu\u00e9n, cuya obra se caracteriza por el manejo en el oficio del metal reciclado, material que obtiene de grandes tambores de aceite y con el que confecciona bellos objetos de decoraci\u00f3n como figuras humanas, flores y animales.<\/p>\n\n\n\n<p>_Almac\u00e9n Abierto, en el reci\u00e9n inaugurado&nbsp;<a href=\"https:\/\/centrodeextension.uc.cl\/nuestros_centros\/centro-de-extension-campus-oriente\/\">Centro de Extensi\u00f3n de Campus Oriente<\/a>, desde el&nbsp;10 al 12 de diciembre:&nbsp;Un espacio para recorrer y vincularte con las piezas de artesan\u00eda en primera persona. Tres d\u00edas donde tambi\u00e9n podr\u00e1s comprar artesan\u00eda y participar de talleres, demostraciones y actividades pensadas para toda la familia. (Este a\u00f1o no contaremos con la presencia masiva de artesanos, pues debemos tomar medidas preventivas contra el COVID, pero varias cultoras y cultores nos acompa\u00f1ar\u00e1n en las actividades como talleres y demostraciones presenciales).<\/p>\n\n\n\n<p>_Exposici\u00f3n Patrimonial, desde&nbsp;mediados de enero: Este a\u00f1o, y de manera excepcional el Programa de Artesan\u00eda ha organizado una Exposici\u00f3n Patrimonial de&nbsp;Ornamentos Corporales, tema central de la Muestra de este a\u00f1o. Una actividad que prepara otras sorpresas que extender\u00e1n esta fiesta de la artesan\u00eda hasta fines de enero&nbsp;<\/p>\n\n\n\n<p>Tres tiempos, tres espacios, tres formas de vivir el patrimonio cultural que nos entrega la artesan\u00eda. Como cada a\u00f1o, la 48 Muestra de Artesan\u00eda UC,&nbsp;En Tres Tiempos, cuenta con el auspicio de INDAP y el apoyo del Ministerio de las Culturas, las Artes y el Patrimonio a trav\u00e9s del Fondart convocatoria 2020 y la colaboraci\u00f3n de DUOC UC.<\/p>\n\n\n\n<p>INFORMACI\u00d3N PERIOD\u00cdSTICA<br>ESCUELA DE DISE\u00d1O<\/p>\n","protected":false},"excerpt":{"rendered":"<p>En tres tiempos, la apuesta de la 48 Muestra Artesan\u00eda UC por reinventarse para salvaguardar el legado artesanal de Chile en contexto pandemia. Desde el 1 de diciembre y hasta el 30 de enero en el marco de la Muestra, el Programa de Artesan\u00eda UC, desarrollar\u00e1 actividades virtuales, presenciales y expositivas dando cuenta de la riqueza y valor del patrimonio artesanal local.<\/p>\n","protected":false},"author":1,"featured_media":5873,"comment_status":"open","ping_status":"open","sticky":false,"template":"","format":"standard","meta":{"_acf_changed":false,"footnotes":""},"categories":[1],"tags":[],"class_list":["post-5872","post","type-post","status-publish","format-standard","has-post-thumbnail","hentry","category-sin-categorizar"],"acf":[],"yoast_head":"<!-- This site is optimized with the Yoast SEO plugin v27.1.1 - https:\/\/yoast.com\/product\/yoast-seo-wordpress\/ -->\n<title>Llega la 48 Muestra de Artesan\u00eda UC - Facultad de Arquitectura, Dise\u00f1o y Estudios Urbanos<\/title>\n<meta name=\"description\" content=\"En tres tiempos, la apuesta de la 48 Muestra Artesan\u00eda UC por reinventarse para salvaguardar el legado artesanal de Chile en contexto pandemia. Desde el 1 de diciembre y hasta el 30 de enero en el marco de la Muestra, el Programa de Artesan\u00eda UC, desarrollar\u00e1 actividades virtuales, presenciales y expositivas dando cuenta de la riqueza y valor del patrimonio artesanal local.\" \/>\n<meta name=\"robots\" content=\"index, follow, max-snippet:-1, max-image-preview:large, max-video-preview:-1\" \/>\n<link rel=\"canonical\" href=\"https:\/\/fadeu.urantiacos.cl\/en\/2021\/12\/01\/llega-la-48-muestra-de-artesania-uc\/\" \/>\n<meta property=\"og:locale\" content=\"en_US\" \/>\n<meta property=\"og:type\" content=\"article\" \/>\n<meta property=\"og:title\" content=\"Llega la 48 Muestra de Artesan\u00eda UC - Facultad de Arquitectura, Dise\u00f1o y Estudios Urbanos\" \/>\n<meta property=\"og:description\" content=\"En tres tiempos, la apuesta de la 48 Muestra Artesan\u00eda UC por reinventarse para salvaguardar el legado artesanal de Chile en contexto pandemia. Desde el 1 de diciembre y hasta el 30 de enero en el marco de la Muestra, el Programa de Artesan\u00eda UC, desarrollar\u00e1 actividades virtuales, presenciales y expositivas dando cuenta de la riqueza y valor del patrimonio artesanal local.\" \/>\n<meta property=\"og:url\" content=\"https:\/\/fadeu.urantiacos.cl\/en\/2021\/12\/01\/llega-la-48-muestra-de-artesania-uc\/\" \/>\n<meta property=\"og:site_name\" content=\"Facultad de Arquitectura, Dise\u00f1o y Estudios Urbanos\" \/>\n<meta property=\"article:published_time\" content=\"2021-12-02T02:14:00+00:00\" \/>\n<meta property=\"article:modified_time\" content=\"2023-09-07T02:17:01+00:00\" \/>\n<meta property=\"og:image\" content=\"https:\/\/fadeu.urantiacos.cl\/wp-content\/uploads\/2023\/09\/web_48-artesania-1.png\" \/>\n\t<meta property=\"og:image:width\" content=\"350\" \/>\n\t<meta property=\"og:image:height\" content=\"250\" \/>\n\t<meta property=\"og:image:type\" content=\"image\/png\" \/>\n<meta name=\"author\" content=\"manadmin\" \/>\n<meta name=\"twitter:card\" content=\"summary_large_image\" \/>\n<meta name=\"twitter:label1\" content=\"Written by\" \/>\n\t<meta name=\"twitter:data1\" content=\"manadmin\" \/>\n\t<meta name=\"twitter:label2\" content=\"Est. reading time\" \/>\n\t<meta name=\"twitter:data2\" content=\"3 minutes\" \/>\n<script type=\"application\/ld+json\" class=\"yoast-schema-graph\">{\"@context\":\"https:\/\/schema.org\",\"@graph\":[{\"@type\":\"Article\",\"@id\":\"https:\/\/fadeu.urantiacos.cl\/en\/2021\/12\/01\/llega-la-48-muestra-de-artesania-uc\/#article\",\"isPartOf\":{\"@id\":\"https:\/\/fadeu.urantiacos.cl\/en\/2021\/12\/01\/llega-la-48-muestra-de-artesania-uc\/\"},\"author\":{\"name\":\"manadmin\",\"@id\":\"https:\/\/fadeu.urantiacos.cl\/en\/#\/schema\/person\/d203e2e84b1c40275eac77b3061a19a2\"},\"headline\":\"Llega la 48 Muestra de Artesan\u00eda UC\",\"datePublished\":\"2021-12-02T02:14:00+00:00\",\"dateModified\":\"2023-09-07T02:17:01+00:00\",\"mainEntityOfPage\":{\"@id\":\"https:\/\/fadeu.urantiacos.cl\/en\/2021\/12\/01\/llega-la-48-muestra-de-artesania-uc\/\"},\"wordCount\":665,\"commentCount\":0,\"image\":{\"@id\":\"https:\/\/fadeu.urantiacos.cl\/en\/2021\/12\/01\/llega-la-48-muestra-de-artesania-uc\/#primaryimage\"},\"thumbnailUrl\":\"https:\/\/fadeu.urantiacos.cl\/wp-content\/uploads\/2023\/09\/web_48-artesania-1.png\",\"articleSection\":[\"Sin categorizar\"],\"inLanguage\":\"en-US\",\"potentialAction\":[{\"@type\":\"CommentAction\",\"name\":\"Comment\",\"target\":[\"https:\/\/fadeu.urantiacos.cl\/en\/2021\/12\/01\/llega-la-48-muestra-de-artesania-uc\/#respond\"]}]},{\"@type\":\"WebPage\",\"@id\":\"https:\/\/fadeu.urantiacos.cl\/en\/2021\/12\/01\/llega-la-48-muestra-de-artesania-uc\/\",\"url\":\"https:\/\/fadeu.urantiacos.cl\/en\/2021\/12\/01\/llega-la-48-muestra-de-artesania-uc\/\",\"name\":\"Llega la 48 Muestra de Artesan\u00eda UC - Facultad de Arquitectura, Dise\u00f1o y Estudios Urbanos\",\"isPartOf\":{\"@id\":\"https:\/\/fadeu.urantiacos.cl\/en\/#website\"},\"primaryImageOfPage\":{\"@id\":\"https:\/\/fadeu.urantiacos.cl\/en\/2021\/12\/01\/llega-la-48-muestra-de-artesania-uc\/#primaryimage\"},\"image\":{\"@id\":\"https:\/\/fadeu.urantiacos.cl\/en\/2021\/12\/01\/llega-la-48-muestra-de-artesania-uc\/#primaryimage\"},\"thumbnailUrl\":\"https:\/\/fadeu.urantiacos.cl\/wp-content\/uploads\/2023\/09\/web_48-artesania-1.png\",\"datePublished\":\"2021-12-02T02:14:00+00:00\",\"dateModified\":\"2023-09-07T02:17:01+00:00\",\"author\":{\"@id\":\"https:\/\/fadeu.urantiacos.cl\/en\/#\/schema\/person\/d203e2e84b1c40275eac77b3061a19a2\"},\"description\":\"En tres tiempos, la apuesta de la 48 Muestra Artesan\u00eda UC por reinventarse para salvaguardar el legado artesanal de Chile en contexto pandemia. Desde el 1 de diciembre y hasta el 30 de enero en el marco de la Muestra, el Programa de Artesan\u00eda UC, desarrollar\u00e1 actividades virtuales, presenciales y expositivas dando cuenta de la riqueza y valor del patrimonio artesanal local.\",\"breadcrumb\":{\"@id\":\"https:\/\/fadeu.urantiacos.cl\/en\/2021\/12\/01\/llega-la-48-muestra-de-artesania-uc\/#breadcrumb\"},\"inLanguage\":\"en-US\",\"potentialAction\":[{\"@type\":\"ReadAction\",\"target\":[\"https:\/\/fadeu.urantiacos.cl\/en\/2021\/12\/01\/llega-la-48-muestra-de-artesania-uc\/\"]}]},{\"@type\":\"ImageObject\",\"inLanguage\":\"en-US\",\"@id\":\"https:\/\/fadeu.urantiacos.cl\/en\/2021\/12\/01\/llega-la-48-muestra-de-artesania-uc\/#primaryimage\",\"url\":\"https:\/\/fadeu.urantiacos.cl\/wp-content\/uploads\/2023\/09\/web_48-artesania-1.png\",\"contentUrl\":\"https:\/\/fadeu.urantiacos.cl\/wp-content\/uploads\/2023\/09\/web_48-artesania-1.png\",\"width\":350,\"height\":250},{\"@type\":\"BreadcrumbList\",\"@id\":\"https:\/\/fadeu.urantiacos.cl\/en\/2021\/12\/01\/llega-la-48-muestra-de-artesania-uc\/#breadcrumb\",\"itemListElement\":[{\"@type\":\"ListItem\",\"position\":1,\"name\":\"Portada\",\"item\":\"https:\/\/fadeu.urantiacos.cl\/en\/\"},{\"@type\":\"ListItem\",\"position\":2,\"name\":\"Llega la 48 Muestra de Artesan\u00eda UC\"}]},{\"@type\":\"WebSite\",\"@id\":\"https:\/\/fadeu.urantiacos.cl\/en\/#website\",\"url\":\"https:\/\/fadeu.urantiacos.cl\/en\/\",\"name\":\"Facultad de Arquitectura, Dise\u00f1o y Estudios Urbanos\",\"description\":\"Campus Lo Contador\",\"potentialAction\":[{\"@type\":\"SearchAction\",\"target\":{\"@type\":\"EntryPoint\",\"urlTemplate\":\"https:\/\/fadeu.urantiacos.cl\/en\/?s={search_term_string}\"},\"query-input\":{\"@type\":\"PropertyValueSpecification\",\"valueRequired\":true,\"valueName\":\"search_term_string\"}}],\"inLanguage\":\"en-US\"},{\"@type\":\"Person\",\"@id\":\"https:\/\/fadeu.urantiacos.cl\/en\/#\/schema\/person\/d203e2e84b1c40275eac77b3061a19a2\",\"name\":\"manadmin\",\"image\":{\"@type\":\"ImageObject\",\"inLanguage\":\"en-US\",\"@id\":\"https:\/\/fadeu.urantiacos.cl\/en\/#\/schema\/person\/image\/\",\"url\":\"https:\/\/secure.gravatar.com\/avatar\/4b1d8e3303b4a9d8968ac578947d8bc80d9aea359f388cdd4aac15cadc0e8447?s=96&d=mm&r=g\",\"contentUrl\":\"https:\/\/secure.gravatar.com\/avatar\/4b1d8e3303b4a9d8968ac578947d8bc80d9aea359f388cdd4aac15cadc0e8447?s=96&d=mm&r=g\",\"caption\":\"manadmin\"},\"sameAs\":[\"https:\/\/fadeu.urantiacos.cl\"]}]}<\/script>\n<!-- \/ Yoast SEO plugin. -->","yoast_head_json":{"title":"Llega la 48 Muestra de Artesan\u00eda UC - Facultad de Arquitectura, Dise\u00f1o y Estudios Urbanos","description":"En tres tiempos, la apuesta de la 48 Muestra Artesan\u00eda UC por reinventarse para salvaguardar el legado artesanal de Chile en contexto pandemia. Desde el 1 de diciembre y hasta el 30 de enero en el marco de la Muestra, el Programa de Artesan\u00eda UC, desarrollar\u00e1 actividades virtuales, presenciales y expositivas dando cuenta de la riqueza y valor del patrimonio artesanal local.","robots":{"index":"index","follow":"follow","max-snippet":"max-snippet:-1","max-image-preview":"max-image-preview:large","max-video-preview":"max-video-preview:-1"},"canonical":"https:\/\/fadeu.urantiacos.cl\/en\/2021\/12\/01\/llega-la-48-muestra-de-artesania-uc\/","og_locale":"en_US","og_type":"article","og_title":"Llega la 48 Muestra de Artesan\u00eda UC - Facultad de Arquitectura, Dise\u00f1o y Estudios Urbanos","og_description":"En tres tiempos, la apuesta de la 48 Muestra Artesan\u00eda UC por reinventarse para salvaguardar el legado artesanal de Chile en contexto pandemia. Desde el 1 de diciembre y hasta el 30 de enero en el marco de la Muestra, el Programa de Artesan\u00eda UC, desarrollar\u00e1 actividades virtuales, presenciales y expositivas dando cuenta de la riqueza y valor del patrimonio artesanal local.","og_url":"https:\/\/fadeu.urantiacos.cl\/en\/2021\/12\/01\/llega-la-48-muestra-de-artesania-uc\/","og_site_name":"Facultad de Arquitectura, Dise\u00f1o y Estudios Urbanos","article_published_time":"2021-12-02T02:14:00+00:00","article_modified_time":"2023-09-07T02:17:01+00:00","og_image":[{"width":350,"height":250,"url":"https:\/\/fadeu.urantiacos.cl\/wp-content\/uploads\/2023\/09\/web_48-artesania-1.png","type":"image\/png"}],"author":"manadmin","twitter_card":"summary_large_image","twitter_misc":{"Written by":"manadmin","Est. reading time":"3 minutes"},"schema":{"@context":"https:\/\/schema.org","@graph":[{"@type":"Article","@id":"https:\/\/fadeu.urantiacos.cl\/en\/2021\/12\/01\/llega-la-48-muestra-de-artesania-uc\/#article","isPartOf":{"@id":"https:\/\/fadeu.urantiacos.cl\/en\/2021\/12\/01\/llega-la-48-muestra-de-artesania-uc\/"},"author":{"name":"manadmin","@id":"https:\/\/fadeu.urantiacos.cl\/en\/#\/schema\/person\/d203e2e84b1c40275eac77b3061a19a2"},"headline":"Llega la 48 Muestra de Artesan\u00eda UC","datePublished":"2021-12-02T02:14:00+00:00","dateModified":"2023-09-07T02:17:01+00:00","mainEntityOfPage":{"@id":"https:\/\/fadeu.urantiacos.cl\/en\/2021\/12\/01\/llega-la-48-muestra-de-artesania-uc\/"},"wordCount":665,"commentCount":0,"image":{"@id":"https:\/\/fadeu.urantiacos.cl\/en\/2021\/12\/01\/llega-la-48-muestra-de-artesania-uc\/#primaryimage"},"thumbnailUrl":"https:\/\/fadeu.urantiacos.cl\/wp-content\/uploads\/2023\/09\/web_48-artesania-1.png","articleSection":["Sin categorizar"],"inLanguage":"en-US","potentialAction":[{"@type":"CommentAction","name":"Comment","target":["https:\/\/fadeu.urantiacos.cl\/en\/2021\/12\/01\/llega-la-48-muestra-de-artesania-uc\/#respond"]}]},{"@type":"WebPage","@id":"https:\/\/fadeu.urantiacos.cl\/en\/2021\/12\/01\/llega-la-48-muestra-de-artesania-uc\/","url":"https:\/\/fadeu.urantiacos.cl\/en\/2021\/12\/01\/llega-la-48-muestra-de-artesania-uc\/","name":"Llega la 48 Muestra de Artesan\u00eda UC - Facultad de Arquitectura, Dise\u00f1o y Estudios Urbanos","isPartOf":{"@id":"https:\/\/fadeu.urantiacos.cl\/en\/#website"},"primaryImageOfPage":{"@id":"https:\/\/fadeu.urantiacos.cl\/en\/2021\/12\/01\/llega-la-48-muestra-de-artesania-uc\/#primaryimage"},"image":{"@id":"https:\/\/fadeu.urantiacos.cl\/en\/2021\/12\/01\/llega-la-48-muestra-de-artesania-uc\/#primaryimage"},"thumbnailUrl":"https:\/\/fadeu.urantiacos.cl\/wp-content\/uploads\/2023\/09\/web_48-artesania-1.png","datePublished":"2021-12-02T02:14:00+00:00","dateModified":"2023-09-07T02:17:01+00:00","author":{"@id":"https:\/\/fadeu.urantiacos.cl\/en\/#\/schema\/person\/d203e2e84b1c40275eac77b3061a19a2"},"description":"En tres tiempos, la apuesta de la 48 Muestra Artesan\u00eda UC por reinventarse para salvaguardar el legado artesanal de Chile en contexto pandemia. Desde el 1 de diciembre y hasta el 30 de enero en el marco de la Muestra, el Programa de Artesan\u00eda UC, desarrollar\u00e1 actividades virtuales, presenciales y expositivas dando cuenta de la riqueza y valor del patrimonio artesanal local.","breadcrumb":{"@id":"https:\/\/fadeu.urantiacos.cl\/en\/2021\/12\/01\/llega-la-48-muestra-de-artesania-uc\/#breadcrumb"},"inLanguage":"en-US","potentialAction":[{"@type":"ReadAction","target":["https:\/\/fadeu.urantiacos.cl\/en\/2021\/12\/01\/llega-la-48-muestra-de-artesania-uc\/"]}]},{"@type":"ImageObject","inLanguage":"en-US","@id":"https:\/\/fadeu.urantiacos.cl\/en\/2021\/12\/01\/llega-la-48-muestra-de-artesania-uc\/#primaryimage","url":"https:\/\/fadeu.urantiacos.cl\/wp-content\/uploads\/2023\/09\/web_48-artesania-1.png","contentUrl":"https:\/\/fadeu.urantiacos.cl\/wp-content\/uploads\/2023\/09\/web_48-artesania-1.png","width":350,"height":250},{"@type":"BreadcrumbList","@id":"https:\/\/fadeu.urantiacos.cl\/en\/2021\/12\/01\/llega-la-48-muestra-de-artesania-uc\/#breadcrumb","itemListElement":[{"@type":"ListItem","position":1,"name":"Portada","item":"https:\/\/fadeu.urantiacos.cl\/en\/"},{"@type":"ListItem","position":2,"name":"Llega la 48 Muestra de Artesan\u00eda UC"}]},{"@type":"WebSite","@id":"https:\/\/fadeu.urantiacos.cl\/en\/#website","url":"https:\/\/fadeu.urantiacos.cl\/en\/","name":"Facultad de Arquitectura, Dise\u00f1o y Estudios Urbanos","description":"Campus Lo Contador","potentialAction":[{"@type":"SearchAction","target":{"@type":"EntryPoint","urlTemplate":"https:\/\/fadeu.urantiacos.cl\/en\/?s={search_term_string}"},"query-input":{"@type":"PropertyValueSpecification","valueRequired":true,"valueName":"search_term_string"}}],"inLanguage":"en-US"},{"@type":"Person","@id":"https:\/\/fadeu.urantiacos.cl\/en\/#\/schema\/person\/d203e2e84b1c40275eac77b3061a19a2","name":"manadmin","image":{"@type":"ImageObject","inLanguage":"en-US","@id":"https:\/\/fadeu.urantiacos.cl\/en\/#\/schema\/person\/image\/","url":"https:\/\/secure.gravatar.com\/avatar\/4b1d8e3303b4a9d8968ac578947d8bc80d9aea359f388cdd4aac15cadc0e8447?s=96&d=mm&r=g","contentUrl":"https:\/\/secure.gravatar.com\/avatar\/4b1d8e3303b4a9d8968ac578947d8bc80d9aea359f388cdd4aac15cadc0e8447?s=96&d=mm&r=g","caption":"manadmin"},"sameAs":["https:\/\/fadeu.urantiacos.cl"]}]}},"_links":{"self":[{"href":"https:\/\/fadeu.urantiacos.cl\/en\/wp-json\/wp\/v2\/posts\/5872","targetHints":{"allow":["GET"]}}],"collection":[{"href":"https:\/\/fadeu.urantiacos.cl\/en\/wp-json\/wp\/v2\/posts"}],"about":[{"href":"https:\/\/fadeu.urantiacos.cl\/en\/wp-json\/wp\/v2\/types\/post"}],"author":[{"embeddable":true,"href":"https:\/\/fadeu.urantiacos.cl\/en\/wp-json\/wp\/v2\/users\/1"}],"replies":[{"embeddable":true,"href":"https:\/\/fadeu.urantiacos.cl\/en\/wp-json\/wp\/v2\/comments?post=5872"}],"version-history":[{"count":1,"href":"https:\/\/fadeu.urantiacos.cl\/en\/wp-json\/wp\/v2\/posts\/5872\/revisions"}],"predecessor-version":[{"id":5874,"href":"https:\/\/fadeu.urantiacos.cl\/en\/wp-json\/wp\/v2\/posts\/5872\/revisions\/5874"}],"wp:featuredmedia":[{"embeddable":true,"href":"https:\/\/fadeu.urantiacos.cl\/en\/wp-json\/wp\/v2\/media\/5873"}],"wp:attachment":[{"href":"https:\/\/fadeu.urantiacos.cl\/en\/wp-json\/wp\/v2\/media?parent=5872"}],"wp:term":[{"taxonomy":"category","embeddable":true,"href":"https:\/\/fadeu.urantiacos.cl\/en\/wp-json\/wp\/v2\/categories?post=5872"},{"taxonomy":"post_tag","embeddable":true,"href":"https:\/\/fadeu.urantiacos.cl\/en\/wp-json\/wp\/v2\/tags?post=5872"}],"curies":[{"name":"wp","href":"https:\/\/api.w.org\/{rel}","templated":true}]}}