{"id":5869,"date":"2021-12-02T23:11:00","date_gmt":"2021-12-03T02:11:00","guid":{"rendered":"https:\/\/fadeu.urantiacos.cl\/?p=5869"},"modified":"2023-09-06T23:14:49","modified_gmt":"2023-09-07T02:14:49","slug":"ciudades-intermedias-estudiantes-de-pre-y-postgrado-ieut-realizaron-visita-de-exploracion-a-la-cuenca-de-villarrica-y-pucon","status":"publish","type":"post","link":"https:\/\/fadeu.urantiacos.cl\/en\/2021\/12\/02\/ciudades-intermedias-estudiantes-de-pre-y-postgrado-ieut-realizaron-visita-de-exploracion-a-la-cuenca-de-villarrica-y-pucon\/","title":{"rendered":"Ciudades intermedias: estudiantes de pre y postgrado IEUT realizaron visita de exploraci\u00f3n a la cuenca de Villarrica y Puc\u00f3n"},"content":{"rendered":"\n<figure class=\"wp-block-image size-full\"><img decoding=\"async\" width=\"350\" height=\"250\" src=\"https:\/\/fadeu.urantiacos.cl\/wp-content\/uploads\/2023\/09\/WEB_Captura-de-pantalla-2021-12-02-a-las-10.03.00.png\" alt=\"\" class=\"wp-image-5870\" srcset=\"https:\/\/fadeu.urantiacos.cl\/wp-content\/uploads\/2023\/09\/WEB_Captura-de-pantalla-2021-12-02-a-las-10.03.00.png 350w, https:\/\/fadeu.urantiacos.cl\/wp-content\/uploads\/2023\/09\/WEB_Captura-de-pantalla-2021-12-02-a-las-10.03.00-300x214.png 300w\" sizes=\"(max-width: 350px) 100vw, 350px\" \/><\/figure>\n\n\n\n<p>La salida tuvo por objetivo examinar la configuraci\u00f3n y articulaci\u00f3n de diversas escalas espaciales e institucionales que inciden en la sustentabilidad urbana territorial de los sistemas urbano-territoriales de Puc\u00f3n y Villarrica.<\/p>\n\n\n\n<p>Para lo anterior se gener\u00f3 una metodolog\u00eda transdisciplinaria&nbsp;de aprendizaje a trav\u00e9s de pr\u00e1cticas de movilidad y encuentros con diversos actores de organismos p\u00fablicos, privados, de la sociedad civil, pueblos originarios e investigadores del Centro UC de Desarrollo Local.<\/p>\n\n\n\n<p>Se gener\u00f3, as\u00ed, una ruta desde la cabecera de la cuenca de Villarrica&nbsp;en un bosque de Araucarias&nbsp;a 1500 metros de altitud -con varias horas de caminata en la Reserva El Ca\u00f1i- hasta el centro de las&nbsp;ciudades de Puc\u00f3n y Villarrica. Ello permiti\u00f3 identificar una serie de componentes, transformaciones y pr\u00e1cticas socio-espaciales constituyentes&nbsp;-e ilustrativas- de din\u00e1micas de intermediaci\u00f3n que dan forma a la ciudad intermedia y su hinterland.<\/p>\n\n\n\n<p>El terreno bas\u00f3 su reflexi\u00f3n en importantes desaf\u00edos para la sustentabilidad multiescalar en materia de planificaci\u00f3n urbano-territorial para las ciudades intermedias. La salida cont\u00f3 con el apoyo de la Direcci\u00f3n del IEUT y del Centro UC de Desarrollo Local ubicado en el Campus&nbsp;Villarrica de la Universidad.<\/p>\n\n\n\n<p>INFORMACI\u00d3N PERIOD\u00cdSTICA&nbsp;<br>INSTITUTO DE ESTUDIOS URBANOS<\/p>\n","protected":false},"excerpt":{"rendered":"<p>Entre el 16 y 17 de noviembre pasado, estudiantes de los Mag\u00edsteres en Desarrollo Urbano y en Asentamientos Humanos y Medio Ambiente, y tambi\u00e9n del t\u00edtulo profesional en Planificaci\u00f3n Urbana, hicieron una salida exploratoria a la cuenca del lago Villarrica en el marco del curso Sustentabilidad Multiescalar y Ciudades Intermedias dictado por el profesor del Instituto de Estudios Urbanos y Territoriales (IEUT), Gonzalo Salazar.<\/p>\n","protected":false},"author":1,"featured_media":5870,"comment_status":"open","ping_status":"open","sticky":false,"template":"","format":"standard","meta":{"_acf_changed":false,"footnotes":""},"categories":[1],"tags":[],"class_list":["post-5869","post","type-post","status-publish","format-standard","has-post-thumbnail","hentry","category-sin-categorizar"],"acf":[],"yoast_head":"<!-- This site is optimized with the Yoast SEO plugin v27.1.1 - https:\/\/yoast.com\/product\/yoast-seo-wordpress\/ -->\n<title>Ciudades intermedias: estudiantes de pre y postgrado IEUT realizaron visita de exploraci\u00f3n a la cuenca de Villarrica y Puc\u00f3n - Facultad de Arquitectura, Dise\u00f1o y Estudios Urbanos<\/title>\n<meta name=\"description\" content=\"Entre el 16 y 17 de noviembre pasado, estudiantes de los Mag\u00edsteres en Desarrollo Urbano y en Asentamientos Humanos y Medio Ambiente, y tambi\u00e9n del t\u00edtulo profesional en Planificaci\u00f3n Urbana, hicieron una salida exploratoria a la cuenca del lago Villarrica en el marco del curso Sustentabilidad Multiescalar y Ciudades Intermedias dictado por el profesor del Instituto de Estudios Urbanos y Territoriales (IEUT), Gonzalo Salazar.\" \/>\n<meta name=\"robots\" content=\"index, follow, max-snippet:-1, max-image-preview:large, max-video-preview:-1\" \/>\n<link rel=\"canonical\" href=\"https:\/\/fadeu.urantiacos.cl\/en\/2021\/12\/02\/ciudades-intermedias-estudiantes-de-pre-y-postgrado-ieut-realizaron-visita-de-exploracion-a-la-cuenca-de-villarrica-y-pucon\/\" \/>\n<meta property=\"og:locale\" content=\"en_US\" \/>\n<meta property=\"og:type\" content=\"article\" \/>\n<meta property=\"og:title\" content=\"Ciudades intermedias: estudiantes de pre y postgrado IEUT realizaron visita de exploraci\u00f3n a la cuenca de Villarrica y Puc\u00f3n - Facultad de Arquitectura, Dise\u00f1o y Estudios Urbanos\" \/>\n<meta property=\"og:description\" content=\"Entre el 16 y 17 de noviembre pasado, estudiantes de los Mag\u00edsteres en Desarrollo Urbano y en Asentamientos Humanos y Medio Ambiente, y tambi\u00e9n del t\u00edtulo profesional en Planificaci\u00f3n Urbana, hicieron una salida exploratoria a la cuenca del lago Villarrica en el marco del curso Sustentabilidad Multiescalar y Ciudades Intermedias dictado por el profesor del Instituto de Estudios Urbanos y Territoriales (IEUT), Gonzalo Salazar.\" \/>\n<meta property=\"og:url\" content=\"https:\/\/fadeu.urantiacos.cl\/en\/2021\/12\/02\/ciudades-intermedias-estudiantes-de-pre-y-postgrado-ieut-realizaron-visita-de-exploracion-a-la-cuenca-de-villarrica-y-pucon\/\" \/>\n<meta property=\"og:site_name\" content=\"Facultad de Arquitectura, Dise\u00f1o y Estudios Urbanos\" \/>\n<meta property=\"article:published_time\" content=\"2021-12-03T02:11:00+00:00\" \/>\n<meta property=\"article:modified_time\" content=\"2023-09-07T02:14:49+00:00\" \/>\n<meta property=\"og:image\" content=\"https:\/\/fadeu.urantiacos.cl\/wp-content\/uploads\/2023\/09\/WEB_Captura-de-pantalla-2021-12-02-a-las-10.03.00.png\" \/>\n\t<meta property=\"og:image:width\" content=\"350\" \/>\n\t<meta property=\"og:image:height\" content=\"250\" \/>\n\t<meta property=\"og:image:type\" content=\"image\/png\" \/>\n<meta name=\"author\" content=\"manadmin\" \/>\n<meta name=\"twitter:card\" content=\"summary_large_image\" \/>\n<meta name=\"twitter:label1\" content=\"Written by\" \/>\n\t<meta name=\"twitter:data1\" content=\"manadmin\" \/>\n\t<meta name=\"twitter:label2\" content=\"Est. reading time\" \/>\n\t<meta name=\"twitter:data2\" content=\"1 minute\" \/>\n<script type=\"application\/ld+json\" class=\"yoast-schema-graph\">{\"@context\":\"https:\/\/schema.org\",\"@graph\":[{\"@type\":\"Article\",\"@id\":\"https:\/\/fadeu.urantiacos.cl\/en\/2021\/12\/02\/ciudades-intermedias-estudiantes-de-pre-y-postgrado-ieut-realizaron-visita-de-exploracion-a-la-cuenca-de-villarrica-y-pucon\/#article\",\"isPartOf\":{\"@id\":\"https:\/\/fadeu.urantiacos.cl\/en\/2021\/12\/02\/ciudades-intermedias-estudiantes-de-pre-y-postgrado-ieut-realizaron-visita-de-exploracion-a-la-cuenca-de-villarrica-y-pucon\/\"},\"author\":{\"name\":\"manadmin\",\"@id\":\"https:\/\/fadeu.urantiacos.cl\/en\/#\/schema\/person\/d203e2e84b1c40275eac77b3061a19a2\"},\"headline\":\"Ciudades intermedias: estudiantes de pre y postgrado IEUT realizaron visita de exploraci\u00f3n a la cuenca de Villarrica y Puc\u00f3n\",\"datePublished\":\"2021-12-03T02:11:00+00:00\",\"dateModified\":\"2023-09-07T02:14:49+00:00\",\"mainEntityOfPage\":{\"@id\":\"https:\/\/fadeu.urantiacos.cl\/en\/2021\/12\/02\/ciudades-intermedias-estudiantes-de-pre-y-postgrado-ieut-realizaron-visita-de-exploracion-a-la-cuenca-de-villarrica-y-pucon\/\"},\"wordCount\":239,\"commentCount\":0,\"image\":{\"@id\":\"https:\/\/fadeu.urantiacos.cl\/en\/2021\/12\/02\/ciudades-intermedias-estudiantes-de-pre-y-postgrado-ieut-realizaron-visita-de-exploracion-a-la-cuenca-de-villarrica-y-pucon\/#primaryimage\"},\"thumbnailUrl\":\"https:\/\/fadeu.urantiacos.cl\/wp-content\/uploads\/2023\/09\/WEB_Captura-de-pantalla-2021-12-02-a-las-10.03.00.png\",\"articleSection\":[\"Sin categorizar\"],\"inLanguage\":\"en-US\",\"potentialAction\":[{\"@type\":\"CommentAction\",\"name\":\"Comment\",\"target\":[\"https:\/\/fadeu.urantiacos.cl\/en\/2021\/12\/02\/ciudades-intermedias-estudiantes-de-pre-y-postgrado-ieut-realizaron-visita-de-exploracion-a-la-cuenca-de-villarrica-y-pucon\/#respond\"]}]},{\"@type\":\"WebPage\",\"@id\":\"https:\/\/fadeu.urantiacos.cl\/en\/2021\/12\/02\/ciudades-intermedias-estudiantes-de-pre-y-postgrado-ieut-realizaron-visita-de-exploracion-a-la-cuenca-de-villarrica-y-pucon\/\",\"url\":\"https:\/\/fadeu.urantiacos.cl\/en\/2021\/12\/02\/ciudades-intermedias-estudiantes-de-pre-y-postgrado-ieut-realizaron-visita-de-exploracion-a-la-cuenca-de-villarrica-y-pucon\/\",\"name\":\"Ciudades intermedias: estudiantes de pre y postgrado IEUT realizaron visita de exploraci\u00f3n a la cuenca de Villarrica y Puc\u00f3n - Facultad de Arquitectura, Dise\u00f1o y Estudios Urbanos\",\"isPartOf\":{\"@id\":\"https:\/\/fadeu.urantiacos.cl\/en\/#website\"},\"primaryImageOfPage\":{\"@id\":\"https:\/\/fadeu.urantiacos.cl\/en\/2021\/12\/02\/ciudades-intermedias-estudiantes-de-pre-y-postgrado-ieut-realizaron-visita-de-exploracion-a-la-cuenca-de-villarrica-y-pucon\/#primaryimage\"},\"image\":{\"@id\":\"https:\/\/fadeu.urantiacos.cl\/en\/2021\/12\/02\/ciudades-intermedias-estudiantes-de-pre-y-postgrado-ieut-realizaron-visita-de-exploracion-a-la-cuenca-de-villarrica-y-pucon\/#primaryimage\"},\"thumbnailUrl\":\"https:\/\/fadeu.urantiacos.cl\/wp-content\/uploads\/2023\/09\/WEB_Captura-de-pantalla-2021-12-02-a-las-10.03.00.png\",\"datePublished\":\"2021-12-03T02:11:00+00:00\",\"dateModified\":\"2023-09-07T02:14:49+00:00\",\"author\":{\"@id\":\"https:\/\/fadeu.urantiacos.cl\/en\/#\/schema\/person\/d203e2e84b1c40275eac77b3061a19a2\"},\"description\":\"Entre el 16 y 17 de noviembre pasado, estudiantes de los Mag\u00edsteres en Desarrollo Urbano y en Asentamientos Humanos y Medio Ambiente, y tambi\u00e9n del t\u00edtulo profesional en Planificaci\u00f3n Urbana, hicieron una salida exploratoria a la cuenca del lago Villarrica en el marco del curso Sustentabilidad Multiescalar y Ciudades Intermedias dictado por el profesor del Instituto de Estudios Urbanos y Territoriales (IEUT), Gonzalo Salazar.\",\"breadcrumb\":{\"@id\":\"https:\/\/fadeu.urantiacos.cl\/en\/2021\/12\/02\/ciudades-intermedias-estudiantes-de-pre-y-postgrado-ieut-realizaron-visita-de-exploracion-a-la-cuenca-de-villarrica-y-pucon\/#breadcrumb\"},\"inLanguage\":\"en-US\",\"potentialAction\":[{\"@type\":\"ReadAction\",\"target\":[\"https:\/\/fadeu.urantiacos.cl\/en\/2021\/12\/02\/ciudades-intermedias-estudiantes-de-pre-y-postgrado-ieut-realizaron-visita-de-exploracion-a-la-cuenca-de-villarrica-y-pucon\/\"]}]},{\"@type\":\"ImageObject\",\"inLanguage\":\"en-US\",\"@id\":\"https:\/\/fadeu.urantiacos.cl\/en\/2021\/12\/02\/ciudades-intermedias-estudiantes-de-pre-y-postgrado-ieut-realizaron-visita-de-exploracion-a-la-cuenca-de-villarrica-y-pucon\/#primaryimage\",\"url\":\"https:\/\/fadeu.urantiacos.cl\/wp-content\/uploads\/2023\/09\/WEB_Captura-de-pantalla-2021-12-02-a-las-10.03.00.png\",\"contentUrl\":\"https:\/\/fadeu.urantiacos.cl\/wp-content\/uploads\/2023\/09\/WEB_Captura-de-pantalla-2021-12-02-a-las-10.03.00.png\",\"width\":350,\"height\":250},{\"@type\":\"BreadcrumbList\",\"@id\":\"https:\/\/fadeu.urantiacos.cl\/en\/2021\/12\/02\/ciudades-intermedias-estudiantes-de-pre-y-postgrado-ieut-realizaron-visita-de-exploracion-a-la-cuenca-de-villarrica-y-pucon\/#breadcrumb\",\"itemListElement\":[{\"@type\":\"ListItem\",\"position\":1,\"name\":\"Portada\",\"item\":\"https:\/\/fadeu.urantiacos.cl\/en\/\"},{\"@type\":\"ListItem\",\"position\":2,\"name\":\"Ciudades intermedias: estudiantes de pre y postgrado IEUT realizaron visita de exploraci\u00f3n a la cuenca de Villarrica y Puc\u00f3n\"}]},{\"@type\":\"WebSite\",\"@id\":\"https:\/\/fadeu.urantiacos.cl\/en\/#website\",\"url\":\"https:\/\/fadeu.urantiacos.cl\/en\/\",\"name\":\"Facultad de Arquitectura, Dise\u00f1o y Estudios Urbanos\",\"description\":\"Campus Lo Contador\",\"potentialAction\":[{\"@type\":\"SearchAction\",\"target\":{\"@type\":\"EntryPoint\",\"urlTemplate\":\"https:\/\/fadeu.urantiacos.cl\/en\/?s={search_term_string}\"},\"query-input\":{\"@type\":\"PropertyValueSpecification\",\"valueRequired\":true,\"valueName\":\"search_term_string\"}}],\"inLanguage\":\"en-US\"},{\"@type\":\"Person\",\"@id\":\"https:\/\/fadeu.urantiacos.cl\/en\/#\/schema\/person\/d203e2e84b1c40275eac77b3061a19a2\",\"name\":\"manadmin\",\"image\":{\"@type\":\"ImageObject\",\"inLanguage\":\"en-US\",\"@id\":\"https:\/\/fadeu.urantiacos.cl\/en\/#\/schema\/person\/image\/\",\"url\":\"https:\/\/secure.gravatar.com\/avatar\/4b1d8e3303b4a9d8968ac578947d8bc80d9aea359f388cdd4aac15cadc0e8447?s=96&d=mm&r=g\",\"contentUrl\":\"https:\/\/secure.gravatar.com\/avatar\/4b1d8e3303b4a9d8968ac578947d8bc80d9aea359f388cdd4aac15cadc0e8447?s=96&d=mm&r=g\",\"caption\":\"manadmin\"},\"sameAs\":[\"https:\/\/fadeu.urantiacos.cl\"]}]}<\/script>\n<!-- \/ Yoast SEO plugin. -->","yoast_head_json":{"title":"Ciudades intermedias: estudiantes de pre y postgrado IEUT realizaron visita de exploraci\u00f3n a la cuenca de Villarrica y Puc\u00f3n - Facultad de Arquitectura, Dise\u00f1o y Estudios Urbanos","description":"Entre el 16 y 17 de noviembre pasado, estudiantes de los Mag\u00edsteres en Desarrollo Urbano y en Asentamientos Humanos y Medio Ambiente, y tambi\u00e9n del t\u00edtulo profesional en Planificaci\u00f3n Urbana, hicieron una salida exploratoria a la cuenca del lago Villarrica en el marco del curso Sustentabilidad Multiescalar y Ciudades Intermedias dictado por el profesor del Instituto de Estudios Urbanos y Territoriales (IEUT), Gonzalo Salazar.","robots":{"index":"index","follow":"follow","max-snippet":"max-snippet:-1","max-image-preview":"max-image-preview:large","max-video-preview":"max-video-preview:-1"},"canonical":"https:\/\/fadeu.urantiacos.cl\/en\/2021\/12\/02\/ciudades-intermedias-estudiantes-de-pre-y-postgrado-ieut-realizaron-visita-de-exploracion-a-la-cuenca-de-villarrica-y-pucon\/","og_locale":"en_US","og_type":"article","og_title":"Ciudades intermedias: estudiantes de pre y postgrado IEUT realizaron visita de exploraci\u00f3n a la cuenca de Villarrica y Puc\u00f3n - Facultad de Arquitectura, Dise\u00f1o y Estudios Urbanos","og_description":"Entre el 16 y 17 de noviembre pasado, estudiantes de los Mag\u00edsteres en Desarrollo Urbano y en Asentamientos Humanos y Medio Ambiente, y tambi\u00e9n del t\u00edtulo profesional en Planificaci\u00f3n Urbana, hicieron una salida exploratoria a la cuenca del lago Villarrica en el marco del curso Sustentabilidad Multiescalar y Ciudades Intermedias dictado por el profesor del Instituto de Estudios Urbanos y Territoriales (IEUT), Gonzalo Salazar.","og_url":"https:\/\/fadeu.urantiacos.cl\/en\/2021\/12\/02\/ciudades-intermedias-estudiantes-de-pre-y-postgrado-ieut-realizaron-visita-de-exploracion-a-la-cuenca-de-villarrica-y-pucon\/","og_site_name":"Facultad de Arquitectura, Dise\u00f1o y Estudios Urbanos","article_published_time":"2021-12-03T02:11:00+00:00","article_modified_time":"2023-09-07T02:14:49+00:00","og_image":[{"width":350,"height":250,"url":"https:\/\/fadeu.urantiacos.cl\/wp-content\/uploads\/2023\/09\/WEB_Captura-de-pantalla-2021-12-02-a-las-10.03.00.png","type":"image\/png"}],"author":"manadmin","twitter_card":"summary_large_image","twitter_misc":{"Written by":"manadmin","Est. reading time":"1 minute"},"schema":{"@context":"https:\/\/schema.org","@graph":[{"@type":"Article","@id":"https:\/\/fadeu.urantiacos.cl\/en\/2021\/12\/02\/ciudades-intermedias-estudiantes-de-pre-y-postgrado-ieut-realizaron-visita-de-exploracion-a-la-cuenca-de-villarrica-y-pucon\/#article","isPartOf":{"@id":"https:\/\/fadeu.urantiacos.cl\/en\/2021\/12\/02\/ciudades-intermedias-estudiantes-de-pre-y-postgrado-ieut-realizaron-visita-de-exploracion-a-la-cuenca-de-villarrica-y-pucon\/"},"author":{"name":"manadmin","@id":"https:\/\/fadeu.urantiacos.cl\/en\/#\/schema\/person\/d203e2e84b1c40275eac77b3061a19a2"},"headline":"Ciudades intermedias: estudiantes de pre y postgrado IEUT realizaron visita de exploraci\u00f3n a la cuenca de Villarrica y Puc\u00f3n","datePublished":"2021-12-03T02:11:00+00:00","dateModified":"2023-09-07T02:14:49+00:00","mainEntityOfPage":{"@id":"https:\/\/fadeu.urantiacos.cl\/en\/2021\/12\/02\/ciudades-intermedias-estudiantes-de-pre-y-postgrado-ieut-realizaron-visita-de-exploracion-a-la-cuenca-de-villarrica-y-pucon\/"},"wordCount":239,"commentCount":0,"image":{"@id":"https:\/\/fadeu.urantiacos.cl\/en\/2021\/12\/02\/ciudades-intermedias-estudiantes-de-pre-y-postgrado-ieut-realizaron-visita-de-exploracion-a-la-cuenca-de-villarrica-y-pucon\/#primaryimage"},"thumbnailUrl":"https:\/\/fadeu.urantiacos.cl\/wp-content\/uploads\/2023\/09\/WEB_Captura-de-pantalla-2021-12-02-a-las-10.03.00.png","articleSection":["Sin categorizar"],"inLanguage":"en-US","potentialAction":[{"@type":"CommentAction","name":"Comment","target":["https:\/\/fadeu.urantiacos.cl\/en\/2021\/12\/02\/ciudades-intermedias-estudiantes-de-pre-y-postgrado-ieut-realizaron-visita-de-exploracion-a-la-cuenca-de-villarrica-y-pucon\/#respond"]}]},{"@type":"WebPage","@id":"https:\/\/fadeu.urantiacos.cl\/en\/2021\/12\/02\/ciudades-intermedias-estudiantes-de-pre-y-postgrado-ieut-realizaron-visita-de-exploracion-a-la-cuenca-de-villarrica-y-pucon\/","url":"https:\/\/fadeu.urantiacos.cl\/en\/2021\/12\/02\/ciudades-intermedias-estudiantes-de-pre-y-postgrado-ieut-realizaron-visita-de-exploracion-a-la-cuenca-de-villarrica-y-pucon\/","name":"Ciudades intermedias: estudiantes de pre y postgrado IEUT realizaron visita de exploraci\u00f3n a la cuenca de Villarrica y Puc\u00f3n - Facultad de Arquitectura, Dise\u00f1o y Estudios Urbanos","isPartOf":{"@id":"https:\/\/fadeu.urantiacos.cl\/en\/#website"},"primaryImageOfPage":{"@id":"https:\/\/fadeu.urantiacos.cl\/en\/2021\/12\/02\/ciudades-intermedias-estudiantes-de-pre-y-postgrado-ieut-realizaron-visita-de-exploracion-a-la-cuenca-de-villarrica-y-pucon\/#primaryimage"},"image":{"@id":"https:\/\/fadeu.urantiacos.cl\/en\/2021\/12\/02\/ciudades-intermedias-estudiantes-de-pre-y-postgrado-ieut-realizaron-visita-de-exploracion-a-la-cuenca-de-villarrica-y-pucon\/#primaryimage"},"thumbnailUrl":"https:\/\/fadeu.urantiacos.cl\/wp-content\/uploads\/2023\/09\/WEB_Captura-de-pantalla-2021-12-02-a-las-10.03.00.png","datePublished":"2021-12-03T02:11:00+00:00","dateModified":"2023-09-07T02:14:49+00:00","author":{"@id":"https:\/\/fadeu.urantiacos.cl\/en\/#\/schema\/person\/d203e2e84b1c40275eac77b3061a19a2"},"description":"Entre el 16 y 17 de noviembre pasado, estudiantes de los Mag\u00edsteres en Desarrollo Urbano y en Asentamientos Humanos y Medio Ambiente, y tambi\u00e9n del t\u00edtulo profesional en Planificaci\u00f3n Urbana, hicieron una salida exploratoria a la cuenca del lago Villarrica en el marco del curso Sustentabilidad Multiescalar y Ciudades Intermedias dictado por el profesor del Instituto de Estudios Urbanos y Territoriales (IEUT), Gonzalo Salazar.","breadcrumb":{"@id":"https:\/\/fadeu.urantiacos.cl\/en\/2021\/12\/02\/ciudades-intermedias-estudiantes-de-pre-y-postgrado-ieut-realizaron-visita-de-exploracion-a-la-cuenca-de-villarrica-y-pucon\/#breadcrumb"},"inLanguage":"en-US","potentialAction":[{"@type":"ReadAction","target":["https:\/\/fadeu.urantiacos.cl\/en\/2021\/12\/02\/ciudades-intermedias-estudiantes-de-pre-y-postgrado-ieut-realizaron-visita-de-exploracion-a-la-cuenca-de-villarrica-y-pucon\/"]}]},{"@type":"ImageObject","inLanguage":"en-US","@id":"https:\/\/fadeu.urantiacos.cl\/en\/2021\/12\/02\/ciudades-intermedias-estudiantes-de-pre-y-postgrado-ieut-realizaron-visita-de-exploracion-a-la-cuenca-de-villarrica-y-pucon\/#primaryimage","url":"https:\/\/fadeu.urantiacos.cl\/wp-content\/uploads\/2023\/09\/WEB_Captura-de-pantalla-2021-12-02-a-las-10.03.00.png","contentUrl":"https:\/\/fadeu.urantiacos.cl\/wp-content\/uploads\/2023\/09\/WEB_Captura-de-pantalla-2021-12-02-a-las-10.03.00.png","width":350,"height":250},{"@type":"BreadcrumbList","@id":"https:\/\/fadeu.urantiacos.cl\/en\/2021\/12\/02\/ciudades-intermedias-estudiantes-de-pre-y-postgrado-ieut-realizaron-visita-de-exploracion-a-la-cuenca-de-villarrica-y-pucon\/#breadcrumb","itemListElement":[{"@type":"ListItem","position":1,"name":"Portada","item":"https:\/\/fadeu.urantiacos.cl\/en\/"},{"@type":"ListItem","position":2,"name":"Ciudades intermedias: estudiantes de pre y postgrado IEUT realizaron visita de exploraci\u00f3n a la cuenca de Villarrica y Puc\u00f3n"}]},{"@type":"WebSite","@id":"https:\/\/fadeu.urantiacos.cl\/en\/#website","url":"https:\/\/fadeu.urantiacos.cl\/en\/","name":"Facultad de Arquitectura, Dise\u00f1o y Estudios Urbanos","description":"Campus Lo Contador","potentialAction":[{"@type":"SearchAction","target":{"@type":"EntryPoint","urlTemplate":"https:\/\/fadeu.urantiacos.cl\/en\/?s={search_term_string}"},"query-input":{"@type":"PropertyValueSpecification","valueRequired":true,"valueName":"search_term_string"}}],"inLanguage":"en-US"},{"@type":"Person","@id":"https:\/\/fadeu.urantiacos.cl\/en\/#\/schema\/person\/d203e2e84b1c40275eac77b3061a19a2","name":"manadmin","image":{"@type":"ImageObject","inLanguage":"en-US","@id":"https:\/\/fadeu.urantiacos.cl\/en\/#\/schema\/person\/image\/","url":"https:\/\/secure.gravatar.com\/avatar\/4b1d8e3303b4a9d8968ac578947d8bc80d9aea359f388cdd4aac15cadc0e8447?s=96&d=mm&r=g","contentUrl":"https:\/\/secure.gravatar.com\/avatar\/4b1d8e3303b4a9d8968ac578947d8bc80d9aea359f388cdd4aac15cadc0e8447?s=96&d=mm&r=g","caption":"manadmin"},"sameAs":["https:\/\/fadeu.urantiacos.cl"]}]}},"_links":{"self":[{"href":"https:\/\/fadeu.urantiacos.cl\/en\/wp-json\/wp\/v2\/posts\/5869","targetHints":{"allow":["GET"]}}],"collection":[{"href":"https:\/\/fadeu.urantiacos.cl\/en\/wp-json\/wp\/v2\/posts"}],"about":[{"href":"https:\/\/fadeu.urantiacos.cl\/en\/wp-json\/wp\/v2\/types\/post"}],"author":[{"embeddable":true,"href":"https:\/\/fadeu.urantiacos.cl\/en\/wp-json\/wp\/v2\/users\/1"}],"replies":[{"embeddable":true,"href":"https:\/\/fadeu.urantiacos.cl\/en\/wp-json\/wp\/v2\/comments?post=5869"}],"version-history":[{"count":1,"href":"https:\/\/fadeu.urantiacos.cl\/en\/wp-json\/wp\/v2\/posts\/5869\/revisions"}],"predecessor-version":[{"id":5871,"href":"https:\/\/fadeu.urantiacos.cl\/en\/wp-json\/wp\/v2\/posts\/5869\/revisions\/5871"}],"wp:featuredmedia":[{"embeddable":true,"href":"https:\/\/fadeu.urantiacos.cl\/en\/wp-json\/wp\/v2\/media\/5870"}],"wp:attachment":[{"href":"https:\/\/fadeu.urantiacos.cl\/en\/wp-json\/wp\/v2\/media?parent=5869"}],"wp:term":[{"taxonomy":"category","embeddable":true,"href":"https:\/\/fadeu.urantiacos.cl\/en\/wp-json\/wp\/v2\/categories?post=5869"},{"taxonomy":"post_tag","embeddable":true,"href":"https:\/\/fadeu.urantiacos.cl\/en\/wp-json\/wp\/v2\/tags?post=5869"}],"curies":[{"name":"wp","href":"https:\/\/api.w.org\/{rel}","templated":true}]}}