{"id":5862,"date":"2021-12-03T23:07:00","date_gmt":"2021-12-04T02:07:00","guid":{"rendered":"https:\/\/fadeu.urantiacos.cl\/?p=5862"},"modified":"2023-09-06T23:09:35","modified_gmt":"2023-09-07T02:09:35","slug":"marcos-chilet-participa-del-9-encuentro-bid-ensenanza-y-diseno","status":"publish","type":"post","link":"https:\/\/fadeu.urantiacos.cl\/en\/2021\/12\/03\/marcos-chilet-participa-del-9-encuentro-bid-ensenanza-y-diseno\/","title":{"rendered":"Marcos Chilet participa del 9\u00b0 Encuentro BID Ense\u00f1anza y Dise\u00f1o"},"content":{"rendered":"\n<figure class=\"wp-block-image size-full\"><img decoding=\"async\" width=\"350\" height=\"250\" src=\"https:\/\/fadeu.urantiacos.cl\/wp-content\/uploads\/2023\/09\/WEB_Captura-de-Pantalla-2021-11-25-a-las-10.32.28_1.png\" alt=\"\" class=\"wp-image-5864\" srcset=\"https:\/\/fadeu.urantiacos.cl\/wp-content\/uploads\/2023\/09\/WEB_Captura-de-Pantalla-2021-11-25-a-las-10.32.28_1.png 350w, https:\/\/fadeu.urantiacos.cl\/wp-content\/uploads\/2023\/09\/WEB_Captura-de-Pantalla-2021-11-25-a-las-10.32.28_1-300x214.png 300w\" sizes=\"(max-width: 350px) 100vw, 350px\" \/><\/figure>\n\n\n\n<p>Convocada por DIMAD, en el marco de la&nbsp;<a href=\"https:\/\/bid-dimad.org\/encuentrosbid\/noveno\/es\/inicio\/\">Bienal Iberoamericana de Dise\u00f1o (BID<\/a>), el espacio fue una invitaci\u00f3n a la reflexi\u00f3n y el debate sobre la formaci\u00f3n de la disciplina en el contexto de la pandemia, que ha obligado a entregar respuestas y, sobre todo, herramientas adaptativas a los m\u00faltiples formatos de acceso a la informaci\u00f3n, las diferentes fuentes de aprendizaje y los modelos de comunicaci\u00f3n.<\/p>\n\n\n\n<p>\u201cLa gran incertidumbre que vivimos nos obligan a repensar los desaf\u00edos de la docencia en dise\u00f1o. La experiencia de compartir contextos con otros docente en el marco del BID fue un privilegio\u201d, comenta Marcos Chilet, quien particip\u00f3 en la mesa&nbsp;Imaginar-construir futuros sociales m\u00e1s equitativos&nbsp;a trav\u00e9s de la ponencia&nbsp;<a href=\"https:\/\/bid-dimad.org\/encuentrosbid\/noveno\/es\/foro-de-innovacion-docente-mesa_14\/\">Estallido Social Chileno: Desaf\u00edos de docencia en el dise\u00f1o de futuros<\/a>.<\/p>\n\n\n\n<p>En su intervenci\u00f3n el docente ahond\u00f3 en las preguntas que surgieron desde la comunidad de Dise\u00f1o UC a partir del Estallido Social del 18 de octubre de 2019 y c\u00f3mo \u00e9stas trasuntaron en un nuevo compromiso a nivel Escuela para con la ense\u00f1anza del Dise\u00f1o.<\/p>\n\n\n\n<p>\u201cTuvimos que reaccionar a un contexto bastante complejo y dif\u00edcil y la respuesta fue b\u00e1sicamente cambiar de alguna manera el enfoque que ten\u00edamos. Al mismo tiempo y en paralelo se estaba desarrollando un nuevo plan de estudios, por lo tanto el planteamiento iba por c\u00f3mo poder integrar una praxis de dise\u00f1o que nos permitiera integrar profundos cuestionamientos pol\u00edticos que la sociedad y nuestros estudiantes expresan\u201d, explica Chilet.<\/p>\n\n\n\n<p>Desde ah\u00ed, Marcos Chilet plantea que al mismo tiempo que en Chile se reflexionaba en torno al SENTIDO, desde Dise\u00f1o UC se preguntaba por el SENTIDO DEL DISE\u00d1O, abordando la respuesta desde tres perspectivas:&nbsp;a) la b\u00fasqueda del sentido b) la praxis y c) los objetivos.<\/p>\n\n\n\n<p>\u201cSe pas\u00f3 de la pregunta por el usuario presente, que era una pregunta bastante determinante en la escuela, a repentinamente pasar a preguntarnos por los modos de vida futuro, no necesariamente antropoc\u00e9ntricos, una segunda aproximaci\u00f3n fue de praxis, cuestion\u00e1ndonos los encargos\u2026en t\u00e9rmino de objetivos se pas\u00f3 muy claramente desde el foco de resoluci\u00f3n de problemas a un foco de exploraci\u00f3n de imaginarios. C\u00f3mo podemos pensar un Chile de futuro y qu\u00e9 rol cumple el dise\u00f1o ah\u00ed\u201d.<\/p>\n\n\n\n<figure class=\"wp-block-embed is-type-video is-provider-youtube wp-block-embed-youtube wp-embed-aspect-16-9 wp-has-aspect-ratio\"><div class=\"wp-block-embed__wrapper\">\n<iframe loading=\"lazy\" title=\"FID_Experiencias Docentes_Imaginar-construir futuros sociales m\u00e1s equitativos_14\" width=\"500\" height=\"281\" src=\"https:\/\/www.youtube.com\/embed\/qUcGeW9-4ew?feature=oembed\" frameborder=\"0\" allow=\"accelerometer; autoplay; clipboard-write; encrypted-media; gyroscope; picture-in-picture; web-share\" referrerpolicy=\"strict-origin-when-cross-origin\" allowfullscreen><\/iframe>\n<\/div><\/figure>\n\n\n\n<p>INFORMACI\u00d3N PERIOD\u00cdSTICA<br>ESCUELA DE DISE\u00d1O UC<\/p>\n","protected":false},"excerpt":{"rendered":"<p>Marcos Chilet, particip\u00f3 como expositor en el Foro de Innovaci\u00f3n Docente del 9\u00ba Encuentro Ense\u00f1anza y Dise\u00f1o, iniciativa que busca servir de plataforma y red de conexi\u00f3n para docentes, universidades y centros de ense\u00f1anza, estudiantes y profesionales del dise\u00f1o de toda Iberoam\u00e9rica.<\/p>\n","protected":false},"author":1,"featured_media":5864,"comment_status":"open","ping_status":"open","sticky":false,"template":"","format":"standard","meta":{"_acf_changed":false,"footnotes":""},"categories":[1],"tags":[],"class_list":["post-5862","post","type-post","status-publish","format-standard","has-post-thumbnail","hentry","category-sin-categorizar"],"acf":[],"yoast_head":"<!-- This site is optimized with the Yoast SEO plugin v27.1.1 - https:\/\/yoast.com\/product\/yoast-seo-wordpress\/ -->\n<title>Marcos Chilet participa del 9\u00b0 Encuentro BID Ense\u00f1anza y Dise\u00f1o - Facultad de Arquitectura, Dise\u00f1o y Estudios Urbanos<\/title>\n<meta name=\"description\" content=\"Marcos Chilet, particip\u00f3 como expositor en el Foro de Innovaci\u00f3n Docente del 9\u00ba Encuentro Ense\u00f1anza y Dise\u00f1o, iniciativa que busca servir de plataforma y red de conexi\u00f3n para docentes, universidades y centros de ense\u00f1anza, estudiantes y profesionales del dise\u00f1o de toda Iberoam\u00e9rica.\" \/>\n<meta name=\"robots\" content=\"index, follow, max-snippet:-1, max-image-preview:large, max-video-preview:-1\" \/>\n<link rel=\"canonical\" href=\"https:\/\/fadeu.urantiacos.cl\/en\/2021\/12\/03\/marcos-chilet-participa-del-9-encuentro-bid-ensenanza-y-diseno\/\" \/>\n<meta property=\"og:locale\" content=\"en_US\" \/>\n<meta property=\"og:type\" content=\"article\" \/>\n<meta property=\"og:title\" content=\"Marcos Chilet participa del 9\u00b0 Encuentro BID Ense\u00f1anza y Dise\u00f1o - Facultad de Arquitectura, Dise\u00f1o y Estudios Urbanos\" \/>\n<meta property=\"og:description\" content=\"Marcos Chilet, particip\u00f3 como expositor en el Foro de Innovaci\u00f3n Docente del 9\u00ba Encuentro Ense\u00f1anza y Dise\u00f1o, iniciativa que busca servir de plataforma y red de conexi\u00f3n para docentes, universidades y centros de ense\u00f1anza, estudiantes y profesionales del dise\u00f1o de toda Iberoam\u00e9rica.\" \/>\n<meta property=\"og:url\" content=\"https:\/\/fadeu.urantiacos.cl\/en\/2021\/12\/03\/marcos-chilet-participa-del-9-encuentro-bid-ensenanza-y-diseno\/\" \/>\n<meta property=\"og:site_name\" content=\"Facultad de Arquitectura, Dise\u00f1o y Estudios Urbanos\" \/>\n<meta property=\"article:published_time\" content=\"2021-12-04T02:07:00+00:00\" \/>\n<meta property=\"article:modified_time\" content=\"2023-09-07T02:09:35+00:00\" \/>\n<meta property=\"og:image\" content=\"https:\/\/fadeu.urantiacos.cl\/wp-content\/uploads\/2023\/09\/WEB_Captura-de-Pantalla-2021-11-25-a-las-10.32.28_1.png\" \/>\n\t<meta property=\"og:image:width\" content=\"350\" \/>\n\t<meta property=\"og:image:height\" content=\"250\" \/>\n\t<meta property=\"og:image:type\" content=\"image\/png\" \/>\n<meta name=\"author\" content=\"manadmin\" \/>\n<meta name=\"twitter:card\" content=\"summary_large_image\" \/>\n<meta name=\"twitter:label1\" content=\"Written by\" \/>\n\t<meta name=\"twitter:data1\" content=\"manadmin\" \/>\n\t<meta name=\"twitter:label2\" content=\"Est. reading time\" \/>\n\t<meta name=\"twitter:data2\" content=\"2 minutes\" \/>\n<script type=\"application\/ld+json\" class=\"yoast-schema-graph\">{\"@context\":\"https:\/\/schema.org\",\"@graph\":[{\"@type\":\"Article\",\"@id\":\"https:\/\/fadeu.urantiacos.cl\/en\/2021\/12\/03\/marcos-chilet-participa-del-9-encuentro-bid-ensenanza-y-diseno\/#article\",\"isPartOf\":{\"@id\":\"https:\/\/fadeu.urantiacos.cl\/en\/2021\/12\/03\/marcos-chilet-participa-del-9-encuentro-bid-ensenanza-y-diseno\/\"},\"author\":{\"name\":\"manadmin\",\"@id\":\"https:\/\/fadeu.urantiacos.cl\/en\/#\/schema\/person\/d203e2e84b1c40275eac77b3061a19a2\"},\"headline\":\"Marcos Chilet participa del 9\u00b0 Encuentro BID Ense\u00f1anza y Dise\u00f1o\",\"datePublished\":\"2021-12-04T02:07:00+00:00\",\"dateModified\":\"2023-09-07T02:09:35+00:00\",\"mainEntityOfPage\":{\"@id\":\"https:\/\/fadeu.urantiacos.cl\/en\/2021\/12\/03\/marcos-chilet-participa-del-9-encuentro-bid-ensenanza-y-diseno\/\"},\"wordCount\":425,\"commentCount\":0,\"image\":{\"@id\":\"https:\/\/fadeu.urantiacos.cl\/en\/2021\/12\/03\/marcos-chilet-participa-del-9-encuentro-bid-ensenanza-y-diseno\/#primaryimage\"},\"thumbnailUrl\":\"https:\/\/fadeu.urantiacos.cl\/wp-content\/uploads\/2023\/09\/WEB_Captura-de-Pantalla-2021-11-25-a-las-10.32.28_1.png\",\"articleSection\":[\"Sin categorizar\"],\"inLanguage\":\"en-US\",\"potentialAction\":[{\"@type\":\"CommentAction\",\"name\":\"Comment\",\"target\":[\"https:\/\/fadeu.urantiacos.cl\/en\/2021\/12\/03\/marcos-chilet-participa-del-9-encuentro-bid-ensenanza-y-diseno\/#respond\"]}]},{\"@type\":\"WebPage\",\"@id\":\"https:\/\/fadeu.urantiacos.cl\/en\/2021\/12\/03\/marcos-chilet-participa-del-9-encuentro-bid-ensenanza-y-diseno\/\",\"url\":\"https:\/\/fadeu.urantiacos.cl\/en\/2021\/12\/03\/marcos-chilet-participa-del-9-encuentro-bid-ensenanza-y-diseno\/\",\"name\":\"Marcos Chilet participa del 9\u00b0 Encuentro BID Ense\u00f1anza y Dise\u00f1o - Facultad de Arquitectura, Dise\u00f1o y Estudios Urbanos\",\"isPartOf\":{\"@id\":\"https:\/\/fadeu.urantiacos.cl\/en\/#website\"},\"primaryImageOfPage\":{\"@id\":\"https:\/\/fadeu.urantiacos.cl\/en\/2021\/12\/03\/marcos-chilet-participa-del-9-encuentro-bid-ensenanza-y-diseno\/#primaryimage\"},\"image\":{\"@id\":\"https:\/\/fadeu.urantiacos.cl\/en\/2021\/12\/03\/marcos-chilet-participa-del-9-encuentro-bid-ensenanza-y-diseno\/#primaryimage\"},\"thumbnailUrl\":\"https:\/\/fadeu.urantiacos.cl\/wp-content\/uploads\/2023\/09\/WEB_Captura-de-Pantalla-2021-11-25-a-las-10.32.28_1.png\",\"datePublished\":\"2021-12-04T02:07:00+00:00\",\"dateModified\":\"2023-09-07T02:09:35+00:00\",\"author\":{\"@id\":\"https:\/\/fadeu.urantiacos.cl\/en\/#\/schema\/person\/d203e2e84b1c40275eac77b3061a19a2\"},\"description\":\"Marcos Chilet, particip\u00f3 como expositor en el Foro de Innovaci\u00f3n Docente del 9\u00ba Encuentro Ense\u00f1anza y Dise\u00f1o, iniciativa que busca servir de plataforma y red de conexi\u00f3n para docentes, universidades y centros de ense\u00f1anza, estudiantes y profesionales del dise\u00f1o de toda Iberoam\u00e9rica.\",\"breadcrumb\":{\"@id\":\"https:\/\/fadeu.urantiacos.cl\/en\/2021\/12\/03\/marcos-chilet-participa-del-9-encuentro-bid-ensenanza-y-diseno\/#breadcrumb\"},\"inLanguage\":\"en-US\",\"potentialAction\":[{\"@type\":\"ReadAction\",\"target\":[\"https:\/\/fadeu.urantiacos.cl\/en\/2021\/12\/03\/marcos-chilet-participa-del-9-encuentro-bid-ensenanza-y-diseno\/\"]}]},{\"@type\":\"ImageObject\",\"inLanguage\":\"en-US\",\"@id\":\"https:\/\/fadeu.urantiacos.cl\/en\/2021\/12\/03\/marcos-chilet-participa-del-9-encuentro-bid-ensenanza-y-diseno\/#primaryimage\",\"url\":\"https:\/\/fadeu.urantiacos.cl\/wp-content\/uploads\/2023\/09\/WEB_Captura-de-Pantalla-2021-11-25-a-las-10.32.28_1.png\",\"contentUrl\":\"https:\/\/fadeu.urantiacos.cl\/wp-content\/uploads\/2023\/09\/WEB_Captura-de-Pantalla-2021-11-25-a-las-10.32.28_1.png\",\"width\":350,\"height\":250},{\"@type\":\"BreadcrumbList\",\"@id\":\"https:\/\/fadeu.urantiacos.cl\/en\/2021\/12\/03\/marcos-chilet-participa-del-9-encuentro-bid-ensenanza-y-diseno\/#breadcrumb\",\"itemListElement\":[{\"@type\":\"ListItem\",\"position\":1,\"name\":\"Portada\",\"item\":\"https:\/\/fadeu.urantiacos.cl\/en\/\"},{\"@type\":\"ListItem\",\"position\":2,\"name\":\"Marcos Chilet participa del 9\u00b0 Encuentro BID Ense\u00f1anza y Dise\u00f1o\"}]},{\"@type\":\"WebSite\",\"@id\":\"https:\/\/fadeu.urantiacos.cl\/en\/#website\",\"url\":\"https:\/\/fadeu.urantiacos.cl\/en\/\",\"name\":\"Facultad de Arquitectura, Dise\u00f1o y Estudios Urbanos\",\"description\":\"Campus Lo Contador\",\"potentialAction\":[{\"@type\":\"SearchAction\",\"target\":{\"@type\":\"EntryPoint\",\"urlTemplate\":\"https:\/\/fadeu.urantiacos.cl\/en\/?s={search_term_string}\"},\"query-input\":{\"@type\":\"PropertyValueSpecification\",\"valueRequired\":true,\"valueName\":\"search_term_string\"}}],\"inLanguage\":\"en-US\"},{\"@type\":\"Person\",\"@id\":\"https:\/\/fadeu.urantiacos.cl\/en\/#\/schema\/person\/d203e2e84b1c40275eac77b3061a19a2\",\"name\":\"manadmin\",\"image\":{\"@type\":\"ImageObject\",\"inLanguage\":\"en-US\",\"@id\":\"https:\/\/fadeu.urantiacos.cl\/en\/#\/schema\/person\/image\/\",\"url\":\"https:\/\/secure.gravatar.com\/avatar\/4b1d8e3303b4a9d8968ac578947d8bc80d9aea359f388cdd4aac15cadc0e8447?s=96&d=mm&r=g\",\"contentUrl\":\"https:\/\/secure.gravatar.com\/avatar\/4b1d8e3303b4a9d8968ac578947d8bc80d9aea359f388cdd4aac15cadc0e8447?s=96&d=mm&r=g\",\"caption\":\"manadmin\"},\"sameAs\":[\"https:\/\/fadeu.urantiacos.cl\"]}]}<\/script>\n<!-- \/ Yoast SEO plugin. -->","yoast_head_json":{"title":"Marcos Chilet participa del 9\u00b0 Encuentro BID Ense\u00f1anza y Dise\u00f1o - Facultad de Arquitectura, Dise\u00f1o y Estudios Urbanos","description":"Marcos Chilet, particip\u00f3 como expositor en el Foro de Innovaci\u00f3n Docente del 9\u00ba Encuentro Ense\u00f1anza y Dise\u00f1o, iniciativa que busca servir de plataforma y red de conexi\u00f3n para docentes, universidades y centros de ense\u00f1anza, estudiantes y profesionales del dise\u00f1o de toda Iberoam\u00e9rica.","robots":{"index":"index","follow":"follow","max-snippet":"max-snippet:-1","max-image-preview":"max-image-preview:large","max-video-preview":"max-video-preview:-1"},"canonical":"https:\/\/fadeu.urantiacos.cl\/en\/2021\/12\/03\/marcos-chilet-participa-del-9-encuentro-bid-ensenanza-y-diseno\/","og_locale":"en_US","og_type":"article","og_title":"Marcos Chilet participa del 9\u00b0 Encuentro BID Ense\u00f1anza y Dise\u00f1o - Facultad de Arquitectura, Dise\u00f1o y Estudios Urbanos","og_description":"Marcos Chilet, particip\u00f3 como expositor en el Foro de Innovaci\u00f3n Docente del 9\u00ba Encuentro Ense\u00f1anza y Dise\u00f1o, iniciativa que busca servir de plataforma y red de conexi\u00f3n para docentes, universidades y centros de ense\u00f1anza, estudiantes y profesionales del dise\u00f1o de toda Iberoam\u00e9rica.","og_url":"https:\/\/fadeu.urantiacos.cl\/en\/2021\/12\/03\/marcos-chilet-participa-del-9-encuentro-bid-ensenanza-y-diseno\/","og_site_name":"Facultad de Arquitectura, Dise\u00f1o y Estudios Urbanos","article_published_time":"2021-12-04T02:07:00+00:00","article_modified_time":"2023-09-07T02:09:35+00:00","og_image":[{"width":350,"height":250,"url":"https:\/\/fadeu.urantiacos.cl\/wp-content\/uploads\/2023\/09\/WEB_Captura-de-Pantalla-2021-11-25-a-las-10.32.28_1.png","type":"image\/png"}],"author":"manadmin","twitter_card":"summary_large_image","twitter_misc":{"Written by":"manadmin","Est. reading time":"2 minutes"},"schema":{"@context":"https:\/\/schema.org","@graph":[{"@type":"Article","@id":"https:\/\/fadeu.urantiacos.cl\/en\/2021\/12\/03\/marcos-chilet-participa-del-9-encuentro-bid-ensenanza-y-diseno\/#article","isPartOf":{"@id":"https:\/\/fadeu.urantiacos.cl\/en\/2021\/12\/03\/marcos-chilet-participa-del-9-encuentro-bid-ensenanza-y-diseno\/"},"author":{"name":"manadmin","@id":"https:\/\/fadeu.urantiacos.cl\/en\/#\/schema\/person\/d203e2e84b1c40275eac77b3061a19a2"},"headline":"Marcos Chilet participa del 9\u00b0 Encuentro BID Ense\u00f1anza y Dise\u00f1o","datePublished":"2021-12-04T02:07:00+00:00","dateModified":"2023-09-07T02:09:35+00:00","mainEntityOfPage":{"@id":"https:\/\/fadeu.urantiacos.cl\/en\/2021\/12\/03\/marcos-chilet-participa-del-9-encuentro-bid-ensenanza-y-diseno\/"},"wordCount":425,"commentCount":0,"image":{"@id":"https:\/\/fadeu.urantiacos.cl\/en\/2021\/12\/03\/marcos-chilet-participa-del-9-encuentro-bid-ensenanza-y-diseno\/#primaryimage"},"thumbnailUrl":"https:\/\/fadeu.urantiacos.cl\/wp-content\/uploads\/2023\/09\/WEB_Captura-de-Pantalla-2021-11-25-a-las-10.32.28_1.png","articleSection":["Sin categorizar"],"inLanguage":"en-US","potentialAction":[{"@type":"CommentAction","name":"Comment","target":["https:\/\/fadeu.urantiacos.cl\/en\/2021\/12\/03\/marcos-chilet-participa-del-9-encuentro-bid-ensenanza-y-diseno\/#respond"]}]},{"@type":"WebPage","@id":"https:\/\/fadeu.urantiacos.cl\/en\/2021\/12\/03\/marcos-chilet-participa-del-9-encuentro-bid-ensenanza-y-diseno\/","url":"https:\/\/fadeu.urantiacos.cl\/en\/2021\/12\/03\/marcos-chilet-participa-del-9-encuentro-bid-ensenanza-y-diseno\/","name":"Marcos Chilet participa del 9\u00b0 Encuentro BID Ense\u00f1anza y Dise\u00f1o - Facultad de Arquitectura, Dise\u00f1o y Estudios Urbanos","isPartOf":{"@id":"https:\/\/fadeu.urantiacos.cl\/en\/#website"},"primaryImageOfPage":{"@id":"https:\/\/fadeu.urantiacos.cl\/en\/2021\/12\/03\/marcos-chilet-participa-del-9-encuentro-bid-ensenanza-y-diseno\/#primaryimage"},"image":{"@id":"https:\/\/fadeu.urantiacos.cl\/en\/2021\/12\/03\/marcos-chilet-participa-del-9-encuentro-bid-ensenanza-y-diseno\/#primaryimage"},"thumbnailUrl":"https:\/\/fadeu.urantiacos.cl\/wp-content\/uploads\/2023\/09\/WEB_Captura-de-Pantalla-2021-11-25-a-las-10.32.28_1.png","datePublished":"2021-12-04T02:07:00+00:00","dateModified":"2023-09-07T02:09:35+00:00","author":{"@id":"https:\/\/fadeu.urantiacos.cl\/en\/#\/schema\/person\/d203e2e84b1c40275eac77b3061a19a2"},"description":"Marcos Chilet, particip\u00f3 como expositor en el Foro de Innovaci\u00f3n Docente del 9\u00ba Encuentro Ense\u00f1anza y Dise\u00f1o, iniciativa que busca servir de plataforma y red de conexi\u00f3n para docentes, universidades y centros de ense\u00f1anza, estudiantes y profesionales del dise\u00f1o de toda Iberoam\u00e9rica.","breadcrumb":{"@id":"https:\/\/fadeu.urantiacos.cl\/en\/2021\/12\/03\/marcos-chilet-participa-del-9-encuentro-bid-ensenanza-y-diseno\/#breadcrumb"},"inLanguage":"en-US","potentialAction":[{"@type":"ReadAction","target":["https:\/\/fadeu.urantiacos.cl\/en\/2021\/12\/03\/marcos-chilet-participa-del-9-encuentro-bid-ensenanza-y-diseno\/"]}]},{"@type":"ImageObject","inLanguage":"en-US","@id":"https:\/\/fadeu.urantiacos.cl\/en\/2021\/12\/03\/marcos-chilet-participa-del-9-encuentro-bid-ensenanza-y-diseno\/#primaryimage","url":"https:\/\/fadeu.urantiacos.cl\/wp-content\/uploads\/2023\/09\/WEB_Captura-de-Pantalla-2021-11-25-a-las-10.32.28_1.png","contentUrl":"https:\/\/fadeu.urantiacos.cl\/wp-content\/uploads\/2023\/09\/WEB_Captura-de-Pantalla-2021-11-25-a-las-10.32.28_1.png","width":350,"height":250},{"@type":"BreadcrumbList","@id":"https:\/\/fadeu.urantiacos.cl\/en\/2021\/12\/03\/marcos-chilet-participa-del-9-encuentro-bid-ensenanza-y-diseno\/#breadcrumb","itemListElement":[{"@type":"ListItem","position":1,"name":"Portada","item":"https:\/\/fadeu.urantiacos.cl\/en\/"},{"@type":"ListItem","position":2,"name":"Marcos Chilet participa del 9\u00b0 Encuentro BID Ense\u00f1anza y Dise\u00f1o"}]},{"@type":"WebSite","@id":"https:\/\/fadeu.urantiacos.cl\/en\/#website","url":"https:\/\/fadeu.urantiacos.cl\/en\/","name":"Facultad de Arquitectura, Dise\u00f1o y Estudios Urbanos","description":"Campus Lo Contador","potentialAction":[{"@type":"SearchAction","target":{"@type":"EntryPoint","urlTemplate":"https:\/\/fadeu.urantiacos.cl\/en\/?s={search_term_string}"},"query-input":{"@type":"PropertyValueSpecification","valueRequired":true,"valueName":"search_term_string"}}],"inLanguage":"en-US"},{"@type":"Person","@id":"https:\/\/fadeu.urantiacos.cl\/en\/#\/schema\/person\/d203e2e84b1c40275eac77b3061a19a2","name":"manadmin","image":{"@type":"ImageObject","inLanguage":"en-US","@id":"https:\/\/fadeu.urantiacos.cl\/en\/#\/schema\/person\/image\/","url":"https:\/\/secure.gravatar.com\/avatar\/4b1d8e3303b4a9d8968ac578947d8bc80d9aea359f388cdd4aac15cadc0e8447?s=96&d=mm&r=g","contentUrl":"https:\/\/secure.gravatar.com\/avatar\/4b1d8e3303b4a9d8968ac578947d8bc80d9aea359f388cdd4aac15cadc0e8447?s=96&d=mm&r=g","caption":"manadmin"},"sameAs":["https:\/\/fadeu.urantiacos.cl"]}]}},"_links":{"self":[{"href":"https:\/\/fadeu.urantiacos.cl\/en\/wp-json\/wp\/v2\/posts\/5862","targetHints":{"allow":["GET"]}}],"collection":[{"href":"https:\/\/fadeu.urantiacos.cl\/en\/wp-json\/wp\/v2\/posts"}],"about":[{"href":"https:\/\/fadeu.urantiacos.cl\/en\/wp-json\/wp\/v2\/types\/post"}],"author":[{"embeddable":true,"href":"https:\/\/fadeu.urantiacos.cl\/en\/wp-json\/wp\/v2\/users\/1"}],"replies":[{"embeddable":true,"href":"https:\/\/fadeu.urantiacos.cl\/en\/wp-json\/wp\/v2\/comments?post=5862"}],"version-history":[{"count":1,"href":"https:\/\/fadeu.urantiacos.cl\/en\/wp-json\/wp\/v2\/posts\/5862\/revisions"}],"predecessor-version":[{"id":5865,"href":"https:\/\/fadeu.urantiacos.cl\/en\/wp-json\/wp\/v2\/posts\/5862\/revisions\/5865"}],"wp:featuredmedia":[{"embeddable":true,"href":"https:\/\/fadeu.urantiacos.cl\/en\/wp-json\/wp\/v2\/media\/5864"}],"wp:attachment":[{"href":"https:\/\/fadeu.urantiacos.cl\/en\/wp-json\/wp\/v2\/media?parent=5862"}],"wp:term":[{"taxonomy":"category","embeddable":true,"href":"https:\/\/fadeu.urantiacos.cl\/en\/wp-json\/wp\/v2\/categories?post=5862"},{"taxonomy":"post_tag","embeddable":true,"href":"https:\/\/fadeu.urantiacos.cl\/en\/wp-json\/wp\/v2\/tags?post=5862"}],"curies":[{"name":"wp","href":"https:\/\/api.w.org\/{rel}","templated":true}]}}