{"id":5857,"date":"2021-12-03T23:02:00","date_gmt":"2021-12-04T02:02:00","guid":{"rendered":"https:\/\/fadeu.urantiacos.cl\/?p=5857"},"modified":"2023-09-06T23:07:05","modified_gmt":"2023-09-07T02:07:05","slug":"rodrigo-ramirez-keynote-speaker-en-conferencia-de-universidad-china","status":"publish","type":"post","link":"https:\/\/fadeu.urantiacos.cl\/en\/2021\/12\/03\/rodrigo-ramirez-keynote-speaker-en-conferencia-de-universidad-china\/","title":{"rendered":"Rodrigo Ram\u00edrez, keynote speaker en conferencia de Universidad China"},"content":{"rendered":"\n<figure class=\"wp-block-image size-full\"><img decoding=\"async\" width=\"350\" height=\"250\" src=\"https:\/\/fadeu.urantiacos.cl\/wp-content\/uploads\/2023\/09\/web_Jiangnan_2021_2.png\" alt=\"\" class=\"wp-image-5858\" srcset=\"https:\/\/fadeu.urantiacos.cl\/wp-content\/uploads\/2023\/09\/web_Jiangnan_2021_2.png 350w, https:\/\/fadeu.urantiacos.cl\/wp-content\/uploads\/2023\/09\/web_Jiangnan_2021_2-300x214.png 300w\" sizes=\"(max-width: 350px) 100vw, 350px\" \/><\/figure>\n\n\n\n<p>En sinton\u00eda con el tema de la conferencia sobre formas de valorizar la cultura local, en su ponencia&nbsp;\u2018Co Creating Visual Experiences to dialog about Emergencies\u2019, Ram\u00edrez plante\u00f3 el rol del dise\u00f1o de informaci\u00f3n para visualizar, comprender y validar significados locales, optimizando la gesti\u00f3n de riesgos y emergencias. Las experiencias de participaci\u00f3n junto a comunidades desarrolladas como parte del proyecto Guemil Icons, constituyeron formas de evidenciar el rol de co creaci\u00f3n que dise\u00f1adores pueden contribuir para lidiar con escenarios globales de crisis.<\/p>\n\n\n\n<p>En su presentaci\u00f3n, tales formas se ejemplifican en la diversidad de formatos dise\u00f1ados en los \u00faltimos a\u00f1os gracias al apoyo de CIGIDEN y FONDART, tales como los Infokit y talleres realizados en colaboraci\u00f3n con Dise\u00f1o UC y otras organizaciones. Estos nuevos soportes y actividades permitieron adaptarse ante la crisis generada por la pandemia COVID19, consolidando nuevas formas de investigaci\u00f3n basada en proyectos.<\/p>\n\n\n\n<p>La conferencia se desarroll\u00f3 en modalidad h\u00edbrida (online + presencial), destacando la masividad de su audiencia, con m\u00e1s de 35 mil personas conectadas desde diversos puntos de China.<\/p>\n\n\n\n<figure class=\"wp-block-image size-large\"><img decoding=\"async\" width=\"1024\" height=\"640\" src=\"https:\/\/fadeu.urantiacos.cl\/wp-content\/uploads\/2023\/09\/Jiangnan_2021_2-1024x640.png\" alt=\"\" class=\"wp-image-5859\" srcset=\"https:\/\/fadeu.urantiacos.cl\/wp-content\/uploads\/2023\/09\/Jiangnan_2021_2-1024x640.png 1024w, https:\/\/fadeu.urantiacos.cl\/wp-content\/uploads\/2023\/09\/Jiangnan_2021_2-300x188.png 300w, https:\/\/fadeu.urantiacos.cl\/wp-content\/uploads\/2023\/09\/Jiangnan_2021_2-768x480.png 768w, https:\/\/fadeu.urantiacos.cl\/wp-content\/uploads\/2023\/09\/Jiangnan_2021_2.png 1440w\" sizes=\"(max-width: 1024px) 100vw, 1024px\" \/><\/figure>\n\n\n\n<figure class=\"wp-block-image size-large\"><img decoding=\"async\" width=\"731\" height=\"1024\" src=\"https:\/\/fadeu.urantiacos.cl\/wp-content\/uploads\/2023\/09\/Jiangnan_2021_3-731x1024.png\" alt=\"\" class=\"wp-image-5860\" srcset=\"https:\/\/fadeu.urantiacos.cl\/wp-content\/uploads\/2023\/09\/Jiangnan_2021_3-731x1024.png 731w, https:\/\/fadeu.urantiacos.cl\/wp-content\/uploads\/2023\/09\/Jiangnan_2021_3-214x300.png 214w, https:\/\/fadeu.urantiacos.cl\/wp-content\/uploads\/2023\/09\/Jiangnan_2021_3-768x1075.png 768w, https:\/\/fadeu.urantiacos.cl\/wp-content\/uploads\/2023\/09\/Jiangnan_2021_3.png 857w\" sizes=\"(max-width: 731px) 100vw, 731px\" \/><\/figure>\n","protected":false},"excerpt":{"rendered":"<p>El director de Dise\u00f1o UC prof. Rodrigo Ram\u00edrez, fue uno de los Keynote Speaker en la conferencia internacional \u2018Livelihood Wisdom and Design Future International Conference\u2019, organizada por la Escuela de Dise\u00f1o de Jiangnan University, China a fines de Octubre 2021.<\/p>\n","protected":false},"author":1,"featured_media":5858,"comment_status":"open","ping_status":"open","sticky":false,"template":"","format":"standard","meta":{"_acf_changed":false,"footnotes":""},"categories":[1],"tags":[],"class_list":["post-5857","post","type-post","status-publish","format-standard","has-post-thumbnail","hentry","category-sin-categorizar"],"acf":[],"yoast_head":"<!-- This site is optimized with the Yoast SEO plugin v27.1.1 - https:\/\/yoast.com\/product\/yoast-seo-wordpress\/ -->\n<title>Rodrigo Ram\u00edrez, keynote speaker en conferencia de Universidad China - Facultad de Arquitectura, Dise\u00f1o y Estudios Urbanos<\/title>\n<meta name=\"description\" content=\"El director de Dise\u00f1o UC prof. Rodrigo Ram\u00edrez, fue uno de los Keynote Speaker en la conferencia internacional \u2018Livelihood Wisdom and Design Future International Conference\u2019, organizada por la Escuela de Dise\u00f1o de Jiangnan University, China a fines de Octubre 2021.\" \/>\n<meta name=\"robots\" content=\"index, follow, max-snippet:-1, max-image-preview:large, max-video-preview:-1\" \/>\n<link rel=\"canonical\" href=\"https:\/\/fadeu.urantiacos.cl\/en\/2021\/12\/03\/rodrigo-ramirez-keynote-speaker-en-conferencia-de-universidad-china\/\" \/>\n<meta property=\"og:locale\" content=\"en_US\" \/>\n<meta property=\"og:type\" content=\"article\" \/>\n<meta property=\"og:title\" content=\"Rodrigo Ram\u00edrez, keynote speaker en conferencia de Universidad China - Facultad de Arquitectura, Dise\u00f1o y Estudios Urbanos\" \/>\n<meta property=\"og:description\" content=\"El director de Dise\u00f1o UC prof. Rodrigo Ram\u00edrez, fue uno de los Keynote Speaker en la conferencia internacional \u2018Livelihood Wisdom and Design Future International Conference\u2019, organizada por la Escuela de Dise\u00f1o de Jiangnan University, China a fines de Octubre 2021.\" \/>\n<meta property=\"og:url\" content=\"https:\/\/fadeu.urantiacos.cl\/en\/2021\/12\/03\/rodrigo-ramirez-keynote-speaker-en-conferencia-de-universidad-china\/\" \/>\n<meta property=\"og:site_name\" content=\"Facultad de Arquitectura, Dise\u00f1o y Estudios Urbanos\" \/>\n<meta property=\"article:published_time\" content=\"2021-12-04T02:02:00+00:00\" \/>\n<meta property=\"article:modified_time\" content=\"2023-09-07T02:07:05+00:00\" \/>\n<meta property=\"og:image\" content=\"https:\/\/fadeu.urantiacos.cl\/wp-content\/uploads\/2023\/09\/web_Jiangnan_2021_2.png\" \/>\n\t<meta property=\"og:image:width\" content=\"350\" \/>\n\t<meta property=\"og:image:height\" content=\"250\" \/>\n\t<meta property=\"og:image:type\" content=\"image\/png\" \/>\n<meta name=\"author\" content=\"manadmin\" \/>\n<meta name=\"twitter:card\" content=\"summary_large_image\" \/>\n<meta name=\"twitter:label1\" content=\"Written by\" \/>\n\t<meta name=\"twitter:data1\" content=\"manadmin\" \/>\n\t<meta name=\"twitter:label2\" content=\"Est. reading time\" \/>\n\t<meta name=\"twitter:data2\" content=\"1 minute\" \/>\n<script type=\"application\/ld+json\" class=\"yoast-schema-graph\">{\"@context\":\"https:\/\/schema.org\",\"@graph\":[{\"@type\":\"Article\",\"@id\":\"https:\/\/fadeu.urantiacos.cl\/en\/2021\/12\/03\/rodrigo-ramirez-keynote-speaker-en-conferencia-de-universidad-china\/#article\",\"isPartOf\":{\"@id\":\"https:\/\/fadeu.urantiacos.cl\/en\/2021\/12\/03\/rodrigo-ramirez-keynote-speaker-en-conferencia-de-universidad-china\/\"},\"author\":{\"name\":\"manadmin\",\"@id\":\"https:\/\/fadeu.urantiacos.cl\/en\/#\/schema\/person\/d203e2e84b1c40275eac77b3061a19a2\"},\"headline\":\"Rodrigo Ram\u00edrez, keynote speaker en conferencia de Universidad China\",\"datePublished\":\"2021-12-04T02:02:00+00:00\",\"dateModified\":\"2023-09-07T02:07:05+00:00\",\"mainEntityOfPage\":{\"@id\":\"https:\/\/fadeu.urantiacos.cl\/en\/2021\/12\/03\/rodrigo-ramirez-keynote-speaker-en-conferencia-de-universidad-china\/\"},\"wordCount\":197,\"commentCount\":0,\"image\":{\"@id\":\"https:\/\/fadeu.urantiacos.cl\/en\/2021\/12\/03\/rodrigo-ramirez-keynote-speaker-en-conferencia-de-universidad-china\/#primaryimage\"},\"thumbnailUrl\":\"https:\/\/fadeu.urantiacos.cl\/wp-content\/uploads\/2023\/09\/web_Jiangnan_2021_2.png\",\"articleSection\":[\"Sin categorizar\"],\"inLanguage\":\"en-US\",\"potentialAction\":[{\"@type\":\"CommentAction\",\"name\":\"Comment\",\"target\":[\"https:\/\/fadeu.urantiacos.cl\/en\/2021\/12\/03\/rodrigo-ramirez-keynote-speaker-en-conferencia-de-universidad-china\/#respond\"]}]},{\"@type\":\"WebPage\",\"@id\":\"https:\/\/fadeu.urantiacos.cl\/en\/2021\/12\/03\/rodrigo-ramirez-keynote-speaker-en-conferencia-de-universidad-china\/\",\"url\":\"https:\/\/fadeu.urantiacos.cl\/en\/2021\/12\/03\/rodrigo-ramirez-keynote-speaker-en-conferencia-de-universidad-china\/\",\"name\":\"Rodrigo Ram\u00edrez, keynote speaker en conferencia de Universidad China - Facultad de Arquitectura, Dise\u00f1o y Estudios Urbanos\",\"isPartOf\":{\"@id\":\"https:\/\/fadeu.urantiacos.cl\/en\/#website\"},\"primaryImageOfPage\":{\"@id\":\"https:\/\/fadeu.urantiacos.cl\/en\/2021\/12\/03\/rodrigo-ramirez-keynote-speaker-en-conferencia-de-universidad-china\/#primaryimage\"},\"image\":{\"@id\":\"https:\/\/fadeu.urantiacos.cl\/en\/2021\/12\/03\/rodrigo-ramirez-keynote-speaker-en-conferencia-de-universidad-china\/#primaryimage\"},\"thumbnailUrl\":\"https:\/\/fadeu.urantiacos.cl\/wp-content\/uploads\/2023\/09\/web_Jiangnan_2021_2.png\",\"datePublished\":\"2021-12-04T02:02:00+00:00\",\"dateModified\":\"2023-09-07T02:07:05+00:00\",\"author\":{\"@id\":\"https:\/\/fadeu.urantiacos.cl\/en\/#\/schema\/person\/d203e2e84b1c40275eac77b3061a19a2\"},\"description\":\"El director de Dise\u00f1o UC prof. Rodrigo Ram\u00edrez, fue uno de los Keynote Speaker en la conferencia internacional \u2018Livelihood Wisdom and Design Future International Conference\u2019, organizada por la Escuela de Dise\u00f1o de Jiangnan University, China a fines de Octubre 2021.\",\"breadcrumb\":{\"@id\":\"https:\/\/fadeu.urantiacos.cl\/en\/2021\/12\/03\/rodrigo-ramirez-keynote-speaker-en-conferencia-de-universidad-china\/#breadcrumb\"},\"inLanguage\":\"en-US\",\"potentialAction\":[{\"@type\":\"ReadAction\",\"target\":[\"https:\/\/fadeu.urantiacos.cl\/en\/2021\/12\/03\/rodrigo-ramirez-keynote-speaker-en-conferencia-de-universidad-china\/\"]}]},{\"@type\":\"ImageObject\",\"inLanguage\":\"en-US\",\"@id\":\"https:\/\/fadeu.urantiacos.cl\/en\/2021\/12\/03\/rodrigo-ramirez-keynote-speaker-en-conferencia-de-universidad-china\/#primaryimage\",\"url\":\"https:\/\/fadeu.urantiacos.cl\/wp-content\/uploads\/2023\/09\/web_Jiangnan_2021_2.png\",\"contentUrl\":\"https:\/\/fadeu.urantiacos.cl\/wp-content\/uploads\/2023\/09\/web_Jiangnan_2021_2.png\",\"width\":350,\"height\":250},{\"@type\":\"BreadcrumbList\",\"@id\":\"https:\/\/fadeu.urantiacos.cl\/en\/2021\/12\/03\/rodrigo-ramirez-keynote-speaker-en-conferencia-de-universidad-china\/#breadcrumb\",\"itemListElement\":[{\"@type\":\"ListItem\",\"position\":1,\"name\":\"Portada\",\"item\":\"https:\/\/fadeu.urantiacos.cl\/en\/\"},{\"@type\":\"ListItem\",\"position\":2,\"name\":\"Rodrigo Ram\u00edrez, keynote speaker en conferencia de Universidad China\"}]},{\"@type\":\"WebSite\",\"@id\":\"https:\/\/fadeu.urantiacos.cl\/en\/#website\",\"url\":\"https:\/\/fadeu.urantiacos.cl\/en\/\",\"name\":\"Facultad de Arquitectura, Dise\u00f1o y Estudios Urbanos\",\"description\":\"Campus Lo Contador\",\"potentialAction\":[{\"@type\":\"SearchAction\",\"target\":{\"@type\":\"EntryPoint\",\"urlTemplate\":\"https:\/\/fadeu.urantiacos.cl\/en\/?s={search_term_string}\"},\"query-input\":{\"@type\":\"PropertyValueSpecification\",\"valueRequired\":true,\"valueName\":\"search_term_string\"}}],\"inLanguage\":\"en-US\"},{\"@type\":\"Person\",\"@id\":\"https:\/\/fadeu.urantiacos.cl\/en\/#\/schema\/person\/d203e2e84b1c40275eac77b3061a19a2\",\"name\":\"manadmin\",\"image\":{\"@type\":\"ImageObject\",\"inLanguage\":\"en-US\",\"@id\":\"https:\/\/fadeu.urantiacos.cl\/en\/#\/schema\/person\/image\/\",\"url\":\"https:\/\/secure.gravatar.com\/avatar\/4b1d8e3303b4a9d8968ac578947d8bc80d9aea359f388cdd4aac15cadc0e8447?s=96&d=mm&r=g\",\"contentUrl\":\"https:\/\/secure.gravatar.com\/avatar\/4b1d8e3303b4a9d8968ac578947d8bc80d9aea359f388cdd4aac15cadc0e8447?s=96&d=mm&r=g\",\"caption\":\"manadmin\"},\"sameAs\":[\"https:\/\/fadeu.urantiacos.cl\"]}]}<\/script>\n<!-- \/ Yoast SEO plugin. -->","yoast_head_json":{"title":"Rodrigo Ram\u00edrez, keynote speaker en conferencia de Universidad China - Facultad de Arquitectura, Dise\u00f1o y Estudios Urbanos","description":"El director de Dise\u00f1o UC prof. Rodrigo Ram\u00edrez, fue uno de los Keynote Speaker en la conferencia internacional \u2018Livelihood Wisdom and Design Future International Conference\u2019, organizada por la Escuela de Dise\u00f1o de Jiangnan University, China a fines de Octubre 2021.","robots":{"index":"index","follow":"follow","max-snippet":"max-snippet:-1","max-image-preview":"max-image-preview:large","max-video-preview":"max-video-preview:-1"},"canonical":"https:\/\/fadeu.urantiacos.cl\/en\/2021\/12\/03\/rodrigo-ramirez-keynote-speaker-en-conferencia-de-universidad-china\/","og_locale":"en_US","og_type":"article","og_title":"Rodrigo Ram\u00edrez, keynote speaker en conferencia de Universidad China - Facultad de Arquitectura, Dise\u00f1o y Estudios Urbanos","og_description":"El director de Dise\u00f1o UC prof. Rodrigo Ram\u00edrez, fue uno de los Keynote Speaker en la conferencia internacional \u2018Livelihood Wisdom and Design Future International Conference\u2019, organizada por la Escuela de Dise\u00f1o de Jiangnan University, China a fines de Octubre 2021.","og_url":"https:\/\/fadeu.urantiacos.cl\/en\/2021\/12\/03\/rodrigo-ramirez-keynote-speaker-en-conferencia-de-universidad-china\/","og_site_name":"Facultad de Arquitectura, Dise\u00f1o y Estudios Urbanos","article_published_time":"2021-12-04T02:02:00+00:00","article_modified_time":"2023-09-07T02:07:05+00:00","og_image":[{"width":350,"height":250,"url":"https:\/\/fadeu.urantiacos.cl\/wp-content\/uploads\/2023\/09\/web_Jiangnan_2021_2.png","type":"image\/png"}],"author":"manadmin","twitter_card":"summary_large_image","twitter_misc":{"Written by":"manadmin","Est. reading time":"1 minute"},"schema":{"@context":"https:\/\/schema.org","@graph":[{"@type":"Article","@id":"https:\/\/fadeu.urantiacos.cl\/en\/2021\/12\/03\/rodrigo-ramirez-keynote-speaker-en-conferencia-de-universidad-china\/#article","isPartOf":{"@id":"https:\/\/fadeu.urantiacos.cl\/en\/2021\/12\/03\/rodrigo-ramirez-keynote-speaker-en-conferencia-de-universidad-china\/"},"author":{"name":"manadmin","@id":"https:\/\/fadeu.urantiacos.cl\/en\/#\/schema\/person\/d203e2e84b1c40275eac77b3061a19a2"},"headline":"Rodrigo Ram\u00edrez, keynote speaker en conferencia de Universidad China","datePublished":"2021-12-04T02:02:00+00:00","dateModified":"2023-09-07T02:07:05+00:00","mainEntityOfPage":{"@id":"https:\/\/fadeu.urantiacos.cl\/en\/2021\/12\/03\/rodrigo-ramirez-keynote-speaker-en-conferencia-de-universidad-china\/"},"wordCount":197,"commentCount":0,"image":{"@id":"https:\/\/fadeu.urantiacos.cl\/en\/2021\/12\/03\/rodrigo-ramirez-keynote-speaker-en-conferencia-de-universidad-china\/#primaryimage"},"thumbnailUrl":"https:\/\/fadeu.urantiacos.cl\/wp-content\/uploads\/2023\/09\/web_Jiangnan_2021_2.png","articleSection":["Sin categorizar"],"inLanguage":"en-US","potentialAction":[{"@type":"CommentAction","name":"Comment","target":["https:\/\/fadeu.urantiacos.cl\/en\/2021\/12\/03\/rodrigo-ramirez-keynote-speaker-en-conferencia-de-universidad-china\/#respond"]}]},{"@type":"WebPage","@id":"https:\/\/fadeu.urantiacos.cl\/en\/2021\/12\/03\/rodrigo-ramirez-keynote-speaker-en-conferencia-de-universidad-china\/","url":"https:\/\/fadeu.urantiacos.cl\/en\/2021\/12\/03\/rodrigo-ramirez-keynote-speaker-en-conferencia-de-universidad-china\/","name":"Rodrigo Ram\u00edrez, keynote speaker en conferencia de Universidad China - Facultad de Arquitectura, Dise\u00f1o y Estudios Urbanos","isPartOf":{"@id":"https:\/\/fadeu.urantiacos.cl\/en\/#website"},"primaryImageOfPage":{"@id":"https:\/\/fadeu.urantiacos.cl\/en\/2021\/12\/03\/rodrigo-ramirez-keynote-speaker-en-conferencia-de-universidad-china\/#primaryimage"},"image":{"@id":"https:\/\/fadeu.urantiacos.cl\/en\/2021\/12\/03\/rodrigo-ramirez-keynote-speaker-en-conferencia-de-universidad-china\/#primaryimage"},"thumbnailUrl":"https:\/\/fadeu.urantiacos.cl\/wp-content\/uploads\/2023\/09\/web_Jiangnan_2021_2.png","datePublished":"2021-12-04T02:02:00+00:00","dateModified":"2023-09-07T02:07:05+00:00","author":{"@id":"https:\/\/fadeu.urantiacos.cl\/en\/#\/schema\/person\/d203e2e84b1c40275eac77b3061a19a2"},"description":"El director de Dise\u00f1o UC prof. Rodrigo Ram\u00edrez, fue uno de los Keynote Speaker en la conferencia internacional \u2018Livelihood Wisdom and Design Future International Conference\u2019, organizada por la Escuela de Dise\u00f1o de Jiangnan University, China a fines de Octubre 2021.","breadcrumb":{"@id":"https:\/\/fadeu.urantiacos.cl\/en\/2021\/12\/03\/rodrigo-ramirez-keynote-speaker-en-conferencia-de-universidad-china\/#breadcrumb"},"inLanguage":"en-US","potentialAction":[{"@type":"ReadAction","target":["https:\/\/fadeu.urantiacos.cl\/en\/2021\/12\/03\/rodrigo-ramirez-keynote-speaker-en-conferencia-de-universidad-china\/"]}]},{"@type":"ImageObject","inLanguage":"en-US","@id":"https:\/\/fadeu.urantiacos.cl\/en\/2021\/12\/03\/rodrigo-ramirez-keynote-speaker-en-conferencia-de-universidad-china\/#primaryimage","url":"https:\/\/fadeu.urantiacos.cl\/wp-content\/uploads\/2023\/09\/web_Jiangnan_2021_2.png","contentUrl":"https:\/\/fadeu.urantiacos.cl\/wp-content\/uploads\/2023\/09\/web_Jiangnan_2021_2.png","width":350,"height":250},{"@type":"BreadcrumbList","@id":"https:\/\/fadeu.urantiacos.cl\/en\/2021\/12\/03\/rodrigo-ramirez-keynote-speaker-en-conferencia-de-universidad-china\/#breadcrumb","itemListElement":[{"@type":"ListItem","position":1,"name":"Portada","item":"https:\/\/fadeu.urantiacos.cl\/en\/"},{"@type":"ListItem","position":2,"name":"Rodrigo Ram\u00edrez, keynote speaker en conferencia de Universidad China"}]},{"@type":"WebSite","@id":"https:\/\/fadeu.urantiacos.cl\/en\/#website","url":"https:\/\/fadeu.urantiacos.cl\/en\/","name":"Facultad de Arquitectura, Dise\u00f1o y Estudios Urbanos","description":"Campus Lo Contador","potentialAction":[{"@type":"SearchAction","target":{"@type":"EntryPoint","urlTemplate":"https:\/\/fadeu.urantiacos.cl\/en\/?s={search_term_string}"},"query-input":{"@type":"PropertyValueSpecification","valueRequired":true,"valueName":"search_term_string"}}],"inLanguage":"en-US"},{"@type":"Person","@id":"https:\/\/fadeu.urantiacos.cl\/en\/#\/schema\/person\/d203e2e84b1c40275eac77b3061a19a2","name":"manadmin","image":{"@type":"ImageObject","inLanguage":"en-US","@id":"https:\/\/fadeu.urantiacos.cl\/en\/#\/schema\/person\/image\/","url":"https:\/\/secure.gravatar.com\/avatar\/4b1d8e3303b4a9d8968ac578947d8bc80d9aea359f388cdd4aac15cadc0e8447?s=96&d=mm&r=g","contentUrl":"https:\/\/secure.gravatar.com\/avatar\/4b1d8e3303b4a9d8968ac578947d8bc80d9aea359f388cdd4aac15cadc0e8447?s=96&d=mm&r=g","caption":"manadmin"},"sameAs":["https:\/\/fadeu.urantiacos.cl"]}]}},"_links":{"self":[{"href":"https:\/\/fadeu.urantiacos.cl\/en\/wp-json\/wp\/v2\/posts\/5857","targetHints":{"allow":["GET"]}}],"collection":[{"href":"https:\/\/fadeu.urantiacos.cl\/en\/wp-json\/wp\/v2\/posts"}],"about":[{"href":"https:\/\/fadeu.urantiacos.cl\/en\/wp-json\/wp\/v2\/types\/post"}],"author":[{"embeddable":true,"href":"https:\/\/fadeu.urantiacos.cl\/en\/wp-json\/wp\/v2\/users\/1"}],"replies":[{"embeddable":true,"href":"https:\/\/fadeu.urantiacos.cl\/en\/wp-json\/wp\/v2\/comments?post=5857"}],"version-history":[{"count":1,"href":"https:\/\/fadeu.urantiacos.cl\/en\/wp-json\/wp\/v2\/posts\/5857\/revisions"}],"predecessor-version":[{"id":5861,"href":"https:\/\/fadeu.urantiacos.cl\/en\/wp-json\/wp\/v2\/posts\/5857\/revisions\/5861"}],"wp:featuredmedia":[{"embeddable":true,"href":"https:\/\/fadeu.urantiacos.cl\/en\/wp-json\/wp\/v2\/media\/5858"}],"wp:attachment":[{"href":"https:\/\/fadeu.urantiacos.cl\/en\/wp-json\/wp\/v2\/media?parent=5857"}],"wp:term":[{"taxonomy":"category","embeddable":true,"href":"https:\/\/fadeu.urantiacos.cl\/en\/wp-json\/wp\/v2\/categories?post=5857"},{"taxonomy":"post_tag","embeddable":true,"href":"https:\/\/fadeu.urantiacos.cl\/en\/wp-json\/wp\/v2\/tags?post=5857"}],"curies":[{"name":"wp","href":"https:\/\/api.w.org\/{rel}","templated":true}]}}