{"id":5849,"date":"2021-12-05T22:53:00","date_gmt":"2021-12-06T01:53:00","guid":{"rendered":"https:\/\/fadeu.urantiacos.cl\/?p=5849"},"modified":"2023-09-06T23:01:02","modified_gmt":"2023-09-07T02:01:02","slug":"sandra-iturriaga-expuso-en-el-ciclo-internacional-confluir-con-rios","status":"publish","type":"post","link":"https:\/\/fadeu.urantiacos.cl\/en\/2021\/12\/05\/sandra-iturriaga-expuso-en-el-ciclo-internacional-confluir-con-rios\/","title":{"rendered":"Sandra Iturriaga expuso en el ciclo internacional \u201cConfluir con r\u00edos\u201d"},"content":{"rendered":"\n<figure class=\"wp-block-image size-full\"><img decoding=\"async\" width=\"350\" height=\"250\" src=\"https:\/\/fadeu.urantiacos.cl\/wp-content\/uploads\/2023\/09\/WEB_01_Seminario_Confluir_con_rios_23_NOV_14.00-S._Iturriaga_1.jpg\" alt=\"\" class=\"wp-image-5850\" srcset=\"https:\/\/fadeu.urantiacos.cl\/wp-content\/uploads\/2023\/09\/WEB_01_Seminario_Confluir_con_rios_23_NOV_14.00-S._Iturriaga_1.jpg 350w, https:\/\/fadeu.urantiacos.cl\/wp-content\/uploads\/2023\/09\/WEB_01_Seminario_Confluir_con_rios_23_NOV_14.00-S._Iturriaga_1-300x214.jpg 300w\" sizes=\"(max-width: 350px) 100vw, 350px\" \/><\/figure>\n\n\n\n<p>La acad\u00e9mica habl\u00f3 de los aspectos memorables del r\u00edo Mapocho, distinguendo tres puntos. Primero, la importancia de la memoria geogr\u00e1fica que tienen nuestros r\u00edos, ayudando a comprender un paisaje como propio. Segundo, la memorabilidad del r\u00edo desde la ciudad y la recuperaci\u00f3n, desde la infraestructura, de su paisaje y el paseo que lo recorre. Y, por \u00faltimo, la necesidad de reclamar este espacio ribere\u00f1o memorable, generando un corredor ecol\u00f3gico que integre el territorio.<\/p>\n\n\n\n<p>A la exposici\u00f3n de Sandra Iturriaga y el caso del Mapocho, se sumaron la de Eumilis Arellano y Bela Kunkel con el r\u00edo Guaire de Caracas; la de Belinda Tato con el ecosistema Urbano West Palm Beach Waterfront de Miami; la de Lisa Blackmore con una visi\u00f3n general de entre-r\u00edos en varias ciudades; la de Ebronautas sobre el r\u00edo Ebro en Zaragoza; la de Jorge P\u00e9rez con el r\u00edo Medell\u00edn en Colombia.<\/p>\n\n\n\n<p>Las pr\u00f3ximas fechas del ciclo contar\u00e1n con la participaci\u00f3n de Ernet Wong el 07 de diciembre, quien presentar\u00e1 el caso de Chicago Riverfront en Estados Unidos; y la presentaci\u00f3n de Roser Colomar sobre los r\u00edos Turia, Sec y Seco de Espa\u00f1a, a realizarse el 14 de diciembre.<\/p>\n\n\n\n<p>Ver las presentaciones de todo el ciclo &#8220;Confluir con r\u00edos&#8221; en el siguiente&nbsp;<a href=\"https:\/\/www.youtube.com\/channel\/UCPdsQG1su1mXzh0WOV2YMAA\/featured\" target=\"_blank\" rel=\"noreferrer noopener\">link<\/a><\/p>\n\n\n\n<p>Presentaci\u00f3n de la profesora ARQ UC Sandra Iturriaga<\/p>\n\n\n\n<figure class=\"wp-block-embed is-type-video is-provider-youtube wp-block-embed-youtube wp-embed-aspect-16-9 wp-has-aspect-ratio\"><div class=\"wp-block-embed__wrapper\">\n<iframe loading=\"lazy\" title=\"Charla V: MAPOCHO 42K: El Paisaje del R\u00edo como espacio Memorable - Sandra Iturriaga y M42K_Lab\" width=\"500\" height=\"281\" src=\"https:\/\/www.youtube.com\/embed\/cvh_rjjkwwg?feature=oembed\" frameborder=\"0\" allow=\"accelerometer; autoplay; clipboard-write; encrypted-media; gyroscope; picture-in-picture; web-share\" referrerpolicy=\"strict-origin-when-cross-origin\" allowfullscreen><\/iframe>\n<\/div><\/figure>\n\n\n\n<figure class=\"wp-block-image size-large\"><img decoding=\"async\" width=\"1024\" height=\"1024\" src=\"https:\/\/fadeu.urantiacos.cl\/wp-content\/uploads\/2023\/09\/01_Seminario_Confluir_con_rios_23_NOV_14.00-S._Iturriaga_1-1-1024x1024.jpg\" alt=\"\" class=\"wp-image-5852\" srcset=\"https:\/\/fadeu.urantiacos.cl\/wp-content\/uploads\/2023\/09\/01_Seminario_Confluir_con_rios_23_NOV_14.00-S._Iturriaga_1-1-1024x1024.jpg 1024w, https:\/\/fadeu.urantiacos.cl\/wp-content\/uploads\/2023\/09\/01_Seminario_Confluir_con_rios_23_NOV_14.00-S._Iturriaga_1-1-300x300.jpg 300w, https:\/\/fadeu.urantiacos.cl\/wp-content\/uploads\/2023\/09\/01_Seminario_Confluir_con_rios_23_NOV_14.00-S._Iturriaga_1-1-150x150.jpg 150w, https:\/\/fadeu.urantiacos.cl\/wp-content\/uploads\/2023\/09\/01_Seminario_Confluir_con_rios_23_NOV_14.00-S._Iturriaga_1-1-768x768.jpg 768w, https:\/\/fadeu.urantiacos.cl\/wp-content\/uploads\/2023\/09\/01_Seminario_Confluir_con_rios_23_NOV_14.00-S._Iturriaga_1-1-1536x1536.jpg 1536w, https:\/\/fadeu.urantiacos.cl\/wp-content\/uploads\/2023\/09\/01_Seminario_Confluir_con_rios_23_NOV_14.00-S._Iturriaga_1-1-2048x2048.jpg 2048w, https:\/\/fadeu.urantiacos.cl\/wp-content\/uploads\/2023\/09\/01_Seminario_Confluir_con_rios_23_NOV_14.00-S._Iturriaga_1-1.jpg 1200w\" sizes=\"(max-width: 1024px) 100vw, 1024px\" \/><\/figure>\n\n\n\n<p>Noticias<br>Contacto:&nbsp;<a href=\"mailto:redesarq@uc.cl\">redesarq@uc.cl<\/a>&nbsp;| +56 2 2354 7747<br>www.arquitectura.uc.cl<\/p>\n","protected":false},"excerpt":{"rendered":"<p>La profesora ARQ UC dict\u00f3 la conferencia &#8220;Mapocho 42K: El paisaje del r\u00edo como espacio memorable&#8221; en el ciclo &#8220;Confluir con r\u00edos. Conversaciones sobre cuerpos de agua, ciudades, comunidades y justicia ambiental&#8221;, organizado por la fundaci\u00f3n Enlace junto a la asociaci\u00f3n civil Ciudad Laboratorio, la Facultad de Arquitectura de la Universidad Central de Venezuela y la Universidad Sim\u00f3n Bol\u00edvar en Caracas.<\/p>\n","protected":false},"author":1,"featured_media":5850,"comment_status":"open","ping_status":"open","sticky":false,"template":"","format":"standard","meta":{"_acf_changed":false,"footnotes":""},"categories":[1],"tags":[],"class_list":["post-5849","post","type-post","status-publish","format-standard","has-post-thumbnail","hentry","category-sin-categorizar"],"acf":[],"yoast_head":"<!-- This site is optimized with the Yoast SEO plugin v27.1.1 - https:\/\/yoast.com\/product\/yoast-seo-wordpress\/ -->\n<title>Sandra Iturriaga expuso en el ciclo internacional \u201cConfluir con r\u00edos\u201d - Facultad de Arquitectura, Dise\u00f1o y Estudios Urbanos<\/title>\n<meta name=\"description\" content=\"La profesora ARQ UC dict\u00f3 la conferencia &quot;Mapocho 42K: El paisaje del r\u00edo como espacio memorable&quot; en el ciclo &quot;Confluir con r\u00edos. Conversaciones sobre cuerpos de agua, ciudades, comunidades y justicia ambiental&quot;, organizado por la fundaci\u00f3n Enlace junto a la asociaci\u00f3n civil Ciudad Laboratorio, la Facultad de Arquitectura de la Universidad Central de Venezuela y la Universidad Sim\u00f3n Bol\u00edvar en Caracas.\" \/>\n<meta name=\"robots\" content=\"index, follow, max-snippet:-1, max-image-preview:large, max-video-preview:-1\" \/>\n<link rel=\"canonical\" href=\"https:\/\/fadeu.urantiacos.cl\/en\/2021\/12\/05\/sandra-iturriaga-expuso-en-el-ciclo-internacional-confluir-con-rios\/\" \/>\n<meta property=\"og:locale\" content=\"en_US\" \/>\n<meta property=\"og:type\" content=\"article\" \/>\n<meta property=\"og:title\" content=\"Sandra Iturriaga expuso en el ciclo internacional \u201cConfluir con r\u00edos\u201d - Facultad de Arquitectura, Dise\u00f1o y Estudios Urbanos\" \/>\n<meta property=\"og:description\" content=\"La profesora ARQ UC dict\u00f3 la conferencia &quot;Mapocho 42K: El paisaje del r\u00edo como espacio memorable&quot; en el ciclo &quot;Confluir con r\u00edos. Conversaciones sobre cuerpos de agua, ciudades, comunidades y justicia ambiental&quot;, organizado por la fundaci\u00f3n Enlace junto a la asociaci\u00f3n civil Ciudad Laboratorio, la Facultad de Arquitectura de la Universidad Central de Venezuela y la Universidad Sim\u00f3n Bol\u00edvar en Caracas.\" \/>\n<meta property=\"og:url\" content=\"https:\/\/fadeu.urantiacos.cl\/en\/2021\/12\/05\/sandra-iturriaga-expuso-en-el-ciclo-internacional-confluir-con-rios\/\" \/>\n<meta property=\"og:site_name\" content=\"Facultad de Arquitectura, Dise\u00f1o y Estudios Urbanos\" \/>\n<meta property=\"article:published_time\" content=\"2021-12-06T01:53:00+00:00\" \/>\n<meta property=\"article:modified_time\" content=\"2023-09-07T02:01:02+00:00\" \/>\n<meta property=\"og:image\" content=\"https:\/\/fadeu.urantiacos.cl\/wp-content\/uploads\/2023\/09\/WEB_01_Seminario_Confluir_con_rios_23_NOV_14.00-S._Iturriaga_1.jpg\" \/>\n\t<meta property=\"og:image:width\" content=\"350\" \/>\n\t<meta property=\"og:image:height\" content=\"250\" \/>\n\t<meta property=\"og:image:type\" content=\"image\/jpeg\" \/>\n<meta name=\"author\" content=\"manadmin\" \/>\n<meta name=\"twitter:card\" content=\"summary_large_image\" \/>\n<meta name=\"twitter:label1\" content=\"Written by\" \/>\n\t<meta name=\"twitter:data1\" content=\"manadmin\" \/>\n\t<meta name=\"twitter:label2\" content=\"Est. reading time\" \/>\n\t<meta name=\"twitter:data2\" content=\"1 minute\" \/>\n<script type=\"application\/ld+json\" class=\"yoast-schema-graph\">{\"@context\":\"https:\/\/schema.org\",\"@graph\":[{\"@type\":\"Article\",\"@id\":\"https:\/\/fadeu.urantiacos.cl\/en\/2021\/12\/05\/sandra-iturriaga-expuso-en-el-ciclo-internacional-confluir-con-rios\/#article\",\"isPartOf\":{\"@id\":\"https:\/\/fadeu.urantiacos.cl\/en\/2021\/12\/05\/sandra-iturriaga-expuso-en-el-ciclo-internacional-confluir-con-rios\/\"},\"author\":{\"name\":\"manadmin\",\"@id\":\"https:\/\/fadeu.urantiacos.cl\/en\/#\/schema\/person\/d203e2e84b1c40275eac77b3061a19a2\"},\"headline\":\"Sandra Iturriaga expuso en el ciclo internacional \u201cConfluir con r\u00edos\u201d\",\"datePublished\":\"2021-12-06T01:53:00+00:00\",\"dateModified\":\"2023-09-07T02:01:02+00:00\",\"mainEntityOfPage\":{\"@id\":\"https:\/\/fadeu.urantiacos.cl\/en\/2021\/12\/05\/sandra-iturriaga-expuso-en-el-ciclo-internacional-confluir-con-rios\/\"},\"wordCount\":263,\"commentCount\":0,\"image\":{\"@id\":\"https:\/\/fadeu.urantiacos.cl\/en\/2021\/12\/05\/sandra-iturriaga-expuso-en-el-ciclo-internacional-confluir-con-rios\/#primaryimage\"},\"thumbnailUrl\":\"https:\/\/fadeu.urantiacos.cl\/wp-content\/uploads\/2023\/09\/WEB_01_Seminario_Confluir_con_rios_23_NOV_14.00-S._Iturriaga_1.jpg\",\"articleSection\":[\"Sin categorizar\"],\"inLanguage\":\"en-US\",\"potentialAction\":[{\"@type\":\"CommentAction\",\"name\":\"Comment\",\"target\":[\"https:\/\/fadeu.urantiacos.cl\/en\/2021\/12\/05\/sandra-iturriaga-expuso-en-el-ciclo-internacional-confluir-con-rios\/#respond\"]}]},{\"@type\":\"WebPage\",\"@id\":\"https:\/\/fadeu.urantiacos.cl\/en\/2021\/12\/05\/sandra-iturriaga-expuso-en-el-ciclo-internacional-confluir-con-rios\/\",\"url\":\"https:\/\/fadeu.urantiacos.cl\/en\/2021\/12\/05\/sandra-iturriaga-expuso-en-el-ciclo-internacional-confluir-con-rios\/\",\"name\":\"Sandra Iturriaga expuso en el ciclo internacional \u201cConfluir con r\u00edos\u201d - Facultad de Arquitectura, Dise\u00f1o y Estudios Urbanos\",\"isPartOf\":{\"@id\":\"https:\/\/fadeu.urantiacos.cl\/en\/#website\"},\"primaryImageOfPage\":{\"@id\":\"https:\/\/fadeu.urantiacos.cl\/en\/2021\/12\/05\/sandra-iturriaga-expuso-en-el-ciclo-internacional-confluir-con-rios\/#primaryimage\"},\"image\":{\"@id\":\"https:\/\/fadeu.urantiacos.cl\/en\/2021\/12\/05\/sandra-iturriaga-expuso-en-el-ciclo-internacional-confluir-con-rios\/#primaryimage\"},\"thumbnailUrl\":\"https:\/\/fadeu.urantiacos.cl\/wp-content\/uploads\/2023\/09\/WEB_01_Seminario_Confluir_con_rios_23_NOV_14.00-S._Iturriaga_1.jpg\",\"datePublished\":\"2021-12-06T01:53:00+00:00\",\"dateModified\":\"2023-09-07T02:01:02+00:00\",\"author\":{\"@id\":\"https:\/\/fadeu.urantiacos.cl\/en\/#\/schema\/person\/d203e2e84b1c40275eac77b3061a19a2\"},\"description\":\"La profesora ARQ UC dict\u00f3 la conferencia \\\"Mapocho 42K: El paisaje del r\u00edo como espacio memorable\\\" en el ciclo \\\"Confluir con r\u00edos. Conversaciones sobre cuerpos de agua, ciudades, comunidades y justicia ambiental\\\", organizado por la fundaci\u00f3n Enlace junto a la asociaci\u00f3n civil Ciudad Laboratorio, la Facultad de Arquitectura de la Universidad Central de Venezuela y la Universidad Sim\u00f3n Bol\u00edvar en Caracas.\",\"breadcrumb\":{\"@id\":\"https:\/\/fadeu.urantiacos.cl\/en\/2021\/12\/05\/sandra-iturriaga-expuso-en-el-ciclo-internacional-confluir-con-rios\/#breadcrumb\"},\"inLanguage\":\"en-US\",\"potentialAction\":[{\"@type\":\"ReadAction\",\"target\":[\"https:\/\/fadeu.urantiacos.cl\/en\/2021\/12\/05\/sandra-iturriaga-expuso-en-el-ciclo-internacional-confluir-con-rios\/\"]}]},{\"@type\":\"ImageObject\",\"inLanguage\":\"en-US\",\"@id\":\"https:\/\/fadeu.urantiacos.cl\/en\/2021\/12\/05\/sandra-iturriaga-expuso-en-el-ciclo-internacional-confluir-con-rios\/#primaryimage\",\"url\":\"https:\/\/fadeu.urantiacos.cl\/wp-content\/uploads\/2023\/09\/WEB_01_Seminario_Confluir_con_rios_23_NOV_14.00-S._Iturriaga_1.jpg\",\"contentUrl\":\"https:\/\/fadeu.urantiacos.cl\/wp-content\/uploads\/2023\/09\/WEB_01_Seminario_Confluir_con_rios_23_NOV_14.00-S._Iturriaga_1.jpg\",\"width\":350,\"height\":250},{\"@type\":\"BreadcrumbList\",\"@id\":\"https:\/\/fadeu.urantiacos.cl\/en\/2021\/12\/05\/sandra-iturriaga-expuso-en-el-ciclo-internacional-confluir-con-rios\/#breadcrumb\",\"itemListElement\":[{\"@type\":\"ListItem\",\"position\":1,\"name\":\"Portada\",\"item\":\"https:\/\/fadeu.urantiacos.cl\/en\/\"},{\"@type\":\"ListItem\",\"position\":2,\"name\":\"Sandra Iturriaga expuso en el ciclo internacional \u201cConfluir con r\u00edos\u201d\"}]},{\"@type\":\"WebSite\",\"@id\":\"https:\/\/fadeu.urantiacos.cl\/en\/#website\",\"url\":\"https:\/\/fadeu.urantiacos.cl\/en\/\",\"name\":\"Facultad de Arquitectura, Dise\u00f1o y Estudios Urbanos\",\"description\":\"Campus Lo Contador\",\"potentialAction\":[{\"@type\":\"SearchAction\",\"target\":{\"@type\":\"EntryPoint\",\"urlTemplate\":\"https:\/\/fadeu.urantiacos.cl\/en\/?s={search_term_string}\"},\"query-input\":{\"@type\":\"PropertyValueSpecification\",\"valueRequired\":true,\"valueName\":\"search_term_string\"}}],\"inLanguage\":\"en-US\"},{\"@type\":\"Person\",\"@id\":\"https:\/\/fadeu.urantiacos.cl\/en\/#\/schema\/person\/d203e2e84b1c40275eac77b3061a19a2\",\"name\":\"manadmin\",\"image\":{\"@type\":\"ImageObject\",\"inLanguage\":\"en-US\",\"@id\":\"https:\/\/fadeu.urantiacos.cl\/en\/#\/schema\/person\/image\/\",\"url\":\"https:\/\/secure.gravatar.com\/avatar\/4b1d8e3303b4a9d8968ac578947d8bc80d9aea359f388cdd4aac15cadc0e8447?s=96&d=mm&r=g\",\"contentUrl\":\"https:\/\/secure.gravatar.com\/avatar\/4b1d8e3303b4a9d8968ac578947d8bc80d9aea359f388cdd4aac15cadc0e8447?s=96&d=mm&r=g\",\"caption\":\"manadmin\"},\"sameAs\":[\"https:\/\/fadeu.urantiacos.cl\"]}]}<\/script>\n<!-- \/ Yoast SEO plugin. -->","yoast_head_json":{"title":"Sandra Iturriaga expuso en el ciclo internacional \u201cConfluir con r\u00edos\u201d - Facultad de Arquitectura, Dise\u00f1o y Estudios Urbanos","description":"La profesora ARQ UC dict\u00f3 la conferencia \"Mapocho 42K: El paisaje del r\u00edo como espacio memorable\" en el ciclo \"Confluir con r\u00edos. Conversaciones sobre cuerpos de agua, ciudades, comunidades y justicia ambiental\", organizado por la fundaci\u00f3n Enlace junto a la asociaci\u00f3n civil Ciudad Laboratorio, la Facultad de Arquitectura de la Universidad Central de Venezuela y la Universidad Sim\u00f3n Bol\u00edvar en Caracas.","robots":{"index":"index","follow":"follow","max-snippet":"max-snippet:-1","max-image-preview":"max-image-preview:large","max-video-preview":"max-video-preview:-1"},"canonical":"https:\/\/fadeu.urantiacos.cl\/en\/2021\/12\/05\/sandra-iturriaga-expuso-en-el-ciclo-internacional-confluir-con-rios\/","og_locale":"en_US","og_type":"article","og_title":"Sandra Iturriaga expuso en el ciclo internacional \u201cConfluir con r\u00edos\u201d - Facultad de Arquitectura, Dise\u00f1o y Estudios Urbanos","og_description":"La profesora ARQ UC dict\u00f3 la conferencia \"Mapocho 42K: El paisaje del r\u00edo como espacio memorable\" en el ciclo \"Confluir con r\u00edos. Conversaciones sobre cuerpos de agua, ciudades, comunidades y justicia ambiental\", organizado por la fundaci\u00f3n Enlace junto a la asociaci\u00f3n civil Ciudad Laboratorio, la Facultad de Arquitectura de la Universidad Central de Venezuela y la Universidad Sim\u00f3n Bol\u00edvar en Caracas.","og_url":"https:\/\/fadeu.urantiacos.cl\/en\/2021\/12\/05\/sandra-iturriaga-expuso-en-el-ciclo-internacional-confluir-con-rios\/","og_site_name":"Facultad de Arquitectura, Dise\u00f1o y Estudios Urbanos","article_published_time":"2021-12-06T01:53:00+00:00","article_modified_time":"2023-09-07T02:01:02+00:00","og_image":[{"width":350,"height":250,"url":"https:\/\/fadeu.urantiacos.cl\/wp-content\/uploads\/2023\/09\/WEB_01_Seminario_Confluir_con_rios_23_NOV_14.00-S._Iturriaga_1.jpg","type":"image\/jpeg"}],"author":"manadmin","twitter_card":"summary_large_image","twitter_misc":{"Written by":"manadmin","Est. reading time":"1 minute"},"schema":{"@context":"https:\/\/schema.org","@graph":[{"@type":"Article","@id":"https:\/\/fadeu.urantiacos.cl\/en\/2021\/12\/05\/sandra-iturriaga-expuso-en-el-ciclo-internacional-confluir-con-rios\/#article","isPartOf":{"@id":"https:\/\/fadeu.urantiacos.cl\/en\/2021\/12\/05\/sandra-iturriaga-expuso-en-el-ciclo-internacional-confluir-con-rios\/"},"author":{"name":"manadmin","@id":"https:\/\/fadeu.urantiacos.cl\/en\/#\/schema\/person\/d203e2e84b1c40275eac77b3061a19a2"},"headline":"Sandra Iturriaga expuso en el ciclo internacional \u201cConfluir con r\u00edos\u201d","datePublished":"2021-12-06T01:53:00+00:00","dateModified":"2023-09-07T02:01:02+00:00","mainEntityOfPage":{"@id":"https:\/\/fadeu.urantiacos.cl\/en\/2021\/12\/05\/sandra-iturriaga-expuso-en-el-ciclo-internacional-confluir-con-rios\/"},"wordCount":263,"commentCount":0,"image":{"@id":"https:\/\/fadeu.urantiacos.cl\/en\/2021\/12\/05\/sandra-iturriaga-expuso-en-el-ciclo-internacional-confluir-con-rios\/#primaryimage"},"thumbnailUrl":"https:\/\/fadeu.urantiacos.cl\/wp-content\/uploads\/2023\/09\/WEB_01_Seminario_Confluir_con_rios_23_NOV_14.00-S._Iturriaga_1.jpg","articleSection":["Sin categorizar"],"inLanguage":"en-US","potentialAction":[{"@type":"CommentAction","name":"Comment","target":["https:\/\/fadeu.urantiacos.cl\/en\/2021\/12\/05\/sandra-iturriaga-expuso-en-el-ciclo-internacional-confluir-con-rios\/#respond"]}]},{"@type":"WebPage","@id":"https:\/\/fadeu.urantiacos.cl\/en\/2021\/12\/05\/sandra-iturriaga-expuso-en-el-ciclo-internacional-confluir-con-rios\/","url":"https:\/\/fadeu.urantiacos.cl\/en\/2021\/12\/05\/sandra-iturriaga-expuso-en-el-ciclo-internacional-confluir-con-rios\/","name":"Sandra Iturriaga expuso en el ciclo internacional \u201cConfluir con r\u00edos\u201d - Facultad de Arquitectura, Dise\u00f1o y Estudios Urbanos","isPartOf":{"@id":"https:\/\/fadeu.urantiacos.cl\/en\/#website"},"primaryImageOfPage":{"@id":"https:\/\/fadeu.urantiacos.cl\/en\/2021\/12\/05\/sandra-iturriaga-expuso-en-el-ciclo-internacional-confluir-con-rios\/#primaryimage"},"image":{"@id":"https:\/\/fadeu.urantiacos.cl\/en\/2021\/12\/05\/sandra-iturriaga-expuso-en-el-ciclo-internacional-confluir-con-rios\/#primaryimage"},"thumbnailUrl":"https:\/\/fadeu.urantiacos.cl\/wp-content\/uploads\/2023\/09\/WEB_01_Seminario_Confluir_con_rios_23_NOV_14.00-S._Iturriaga_1.jpg","datePublished":"2021-12-06T01:53:00+00:00","dateModified":"2023-09-07T02:01:02+00:00","author":{"@id":"https:\/\/fadeu.urantiacos.cl\/en\/#\/schema\/person\/d203e2e84b1c40275eac77b3061a19a2"},"description":"La profesora ARQ UC dict\u00f3 la conferencia \"Mapocho 42K: El paisaje del r\u00edo como espacio memorable\" en el ciclo \"Confluir con r\u00edos. Conversaciones sobre cuerpos de agua, ciudades, comunidades y justicia ambiental\", organizado por la fundaci\u00f3n Enlace junto a la asociaci\u00f3n civil Ciudad Laboratorio, la Facultad de Arquitectura de la Universidad Central de Venezuela y la Universidad Sim\u00f3n Bol\u00edvar en Caracas.","breadcrumb":{"@id":"https:\/\/fadeu.urantiacos.cl\/en\/2021\/12\/05\/sandra-iturriaga-expuso-en-el-ciclo-internacional-confluir-con-rios\/#breadcrumb"},"inLanguage":"en-US","potentialAction":[{"@type":"ReadAction","target":["https:\/\/fadeu.urantiacos.cl\/en\/2021\/12\/05\/sandra-iturriaga-expuso-en-el-ciclo-internacional-confluir-con-rios\/"]}]},{"@type":"ImageObject","inLanguage":"en-US","@id":"https:\/\/fadeu.urantiacos.cl\/en\/2021\/12\/05\/sandra-iturriaga-expuso-en-el-ciclo-internacional-confluir-con-rios\/#primaryimage","url":"https:\/\/fadeu.urantiacos.cl\/wp-content\/uploads\/2023\/09\/WEB_01_Seminario_Confluir_con_rios_23_NOV_14.00-S._Iturriaga_1.jpg","contentUrl":"https:\/\/fadeu.urantiacos.cl\/wp-content\/uploads\/2023\/09\/WEB_01_Seminario_Confluir_con_rios_23_NOV_14.00-S._Iturriaga_1.jpg","width":350,"height":250},{"@type":"BreadcrumbList","@id":"https:\/\/fadeu.urantiacos.cl\/en\/2021\/12\/05\/sandra-iturriaga-expuso-en-el-ciclo-internacional-confluir-con-rios\/#breadcrumb","itemListElement":[{"@type":"ListItem","position":1,"name":"Portada","item":"https:\/\/fadeu.urantiacos.cl\/en\/"},{"@type":"ListItem","position":2,"name":"Sandra Iturriaga expuso en el ciclo internacional \u201cConfluir con r\u00edos\u201d"}]},{"@type":"WebSite","@id":"https:\/\/fadeu.urantiacos.cl\/en\/#website","url":"https:\/\/fadeu.urantiacos.cl\/en\/","name":"Facultad de Arquitectura, Dise\u00f1o y Estudios Urbanos","description":"Campus Lo Contador","potentialAction":[{"@type":"SearchAction","target":{"@type":"EntryPoint","urlTemplate":"https:\/\/fadeu.urantiacos.cl\/en\/?s={search_term_string}"},"query-input":{"@type":"PropertyValueSpecification","valueRequired":true,"valueName":"search_term_string"}}],"inLanguage":"en-US"},{"@type":"Person","@id":"https:\/\/fadeu.urantiacos.cl\/en\/#\/schema\/person\/d203e2e84b1c40275eac77b3061a19a2","name":"manadmin","image":{"@type":"ImageObject","inLanguage":"en-US","@id":"https:\/\/fadeu.urantiacos.cl\/en\/#\/schema\/person\/image\/","url":"https:\/\/secure.gravatar.com\/avatar\/4b1d8e3303b4a9d8968ac578947d8bc80d9aea359f388cdd4aac15cadc0e8447?s=96&d=mm&r=g","contentUrl":"https:\/\/secure.gravatar.com\/avatar\/4b1d8e3303b4a9d8968ac578947d8bc80d9aea359f388cdd4aac15cadc0e8447?s=96&d=mm&r=g","caption":"manadmin"},"sameAs":["https:\/\/fadeu.urantiacos.cl"]}]}},"_links":{"self":[{"href":"https:\/\/fadeu.urantiacos.cl\/en\/wp-json\/wp\/v2\/posts\/5849","targetHints":{"allow":["GET"]}}],"collection":[{"href":"https:\/\/fadeu.urantiacos.cl\/en\/wp-json\/wp\/v2\/posts"}],"about":[{"href":"https:\/\/fadeu.urantiacos.cl\/en\/wp-json\/wp\/v2\/types\/post"}],"author":[{"embeddable":true,"href":"https:\/\/fadeu.urantiacos.cl\/en\/wp-json\/wp\/v2\/users\/1"}],"replies":[{"embeddable":true,"href":"https:\/\/fadeu.urantiacos.cl\/en\/wp-json\/wp\/v2\/comments?post=5849"}],"version-history":[{"count":1,"href":"https:\/\/fadeu.urantiacos.cl\/en\/wp-json\/wp\/v2\/posts\/5849\/revisions"}],"predecessor-version":[{"id":5853,"href":"https:\/\/fadeu.urantiacos.cl\/en\/wp-json\/wp\/v2\/posts\/5849\/revisions\/5853"}],"wp:featuredmedia":[{"embeddable":true,"href":"https:\/\/fadeu.urantiacos.cl\/en\/wp-json\/wp\/v2\/media\/5850"}],"wp:attachment":[{"href":"https:\/\/fadeu.urantiacos.cl\/en\/wp-json\/wp\/v2\/media?parent=5849"}],"wp:term":[{"taxonomy":"category","embeddable":true,"href":"https:\/\/fadeu.urantiacos.cl\/en\/wp-json\/wp\/v2\/categories?post=5849"},{"taxonomy":"post_tag","embeddable":true,"href":"https:\/\/fadeu.urantiacos.cl\/en\/wp-json\/wp\/v2\/tags?post=5849"}],"curies":[{"name":"wp","href":"https:\/\/api.w.org\/{rel}","templated":true}]}}