{"id":5846,"date":"2021-12-05T22:51:00","date_gmt":"2021-12-06T01:51:00","guid":{"rendered":"https:\/\/fadeu.urantiacos.cl\/?p=5846"},"modified":"2023-09-06T22:52:59","modified_gmt":"2023-09-07T01:52:59","slug":"umberto-bonomo-represento-a-la-uc-en-seminario-internacional","status":"publish","type":"post","link":"https:\/\/fadeu.urantiacos.cl\/en\/2021\/12\/05\/umberto-bonomo-represento-a-la-uc-en-seminario-internacional\/","title":{"rendered":"Umberto Bonomo represent\u00f3 a la UC en seminario internacional"},"content":{"rendered":"\n<figure class=\"wp-block-image size-full\"><img decoding=\"async\" width=\"350\" height=\"250\" src=\"https:\/\/fadeu.urantiacos.cl\/wp-content\/uploads\/2023\/09\/web_Banner_Red_PHI_2021_small.jpg\" alt=\"\" class=\"wp-image-5847\" srcset=\"https:\/\/fadeu.urantiacos.cl\/wp-content\/uploads\/2023\/09\/web_Banner_Red_PHI_2021_small.jpg 350w, https:\/\/fadeu.urantiacos.cl\/wp-content\/uploads\/2023\/09\/web_Banner_Red_PHI_2021_small-300x214.jpg 300w\" sizes=\"(max-width: 350px) 100vw, 350px\" \/><\/figure>\n\n\n\n<p>El seminario internacional \u2014desarrollado entre los d\u00edas 23 y 25 de noviembre\u2014, fue organizado por la Universidad Polit\u00e9cnica de Madrid (UPM), en el contexto de la Red Internacional PHI (Patrimonio Hist\u00f3rico+Cultural Iberoamericano).<\/p>\n\n\n\n<p>Bonomo expuso sobre el caso de la UC en la secci\u00f3n \u201cLos desaf\u00edos en la gesti\u00f3n del patrimonio universitario iberoamericano\u201d, en un panel moderado por el arque\u00f3logo espa\u00f1ol Fernando Vela Cossio, junto a exponentes de Argentina, Brasil, Colombia, Bolivia e Italia.<\/p>\n\n\n\n<p>Sobre la Red Internacional PHI_<br>Esta red se ha desarrollado desde el a\u00f1o 2010 como resultado del acuerdo multilateral de ocho universidades iberoamericanas y europeas ante los desaf\u00edos de la sociedad moderna y con el objetivo de colaborar positivamente para el desarrollo de las comunidades.<br>Las reuniones y los seminarios internacionales que la red celebra anualmente desde su creaci\u00f3n<br>han contribuido al debate y al intercambio de experiencias en el campo de la conservaci\u00f3n, la<br>gesti\u00f3n y la intervenci\u00f3n en el patrimonio cultural, especialmente en su relaci\u00f3n con el desarrollo<br>sostenible y la cooperaci\u00f3n al desarrollo.<\/p>\n\n\n\n<p>Ver m\u00e1s sobre el evento y su programa en el siguiente&nbsp;<a href=\"https:\/\/phi.aq.upm.es\/static\/noticias.html\" target=\"_blank\" rel=\"noreferrer noopener\">link<\/a>&nbsp;<\/p>\n\n\n\n<p>Noticias<br>Contacto:&nbsp;<a href=\"mailto:redesarq@uc.cl\">redesarq@uc.cl<\/a>&nbsp;| +56 2 2354 7747<br>www.arquitectura.uc.cl<\/p>\n","protected":false},"excerpt":{"rendered":"<p>El profesor ARQ UC y director del Centro del Patrimonio Cultural UC expuso \u201cGesti\u00f3n y puesta en valor del patrimonio de la Pontificia Universidad Cat\u00f3lica de Chile\u201d \u2014en una sesi\u00f3n dedicada a los desaf\u00edos en la gesti\u00f3n del patrimonio universitario iberoamericano\u2014, en el seminario \u201cEl patrimonio cultural de las universidades\u201d, realizado en Madrid, Espa\u00f1a.<\/p>\n","protected":false},"author":1,"featured_media":5847,"comment_status":"open","ping_status":"open","sticky":false,"template":"","format":"standard","meta":{"_acf_changed":false,"footnotes":""},"categories":[1],"tags":[],"class_list":["post-5846","post","type-post","status-publish","format-standard","has-post-thumbnail","hentry","category-sin-categorizar"],"acf":[],"yoast_head":"<!-- This site is optimized with the Yoast SEO plugin v27.1.1 - https:\/\/yoast.com\/product\/yoast-seo-wordpress\/ -->\n<title>Umberto Bonomo represent\u00f3 a la UC en seminario internacional - Facultad de Arquitectura, Dise\u00f1o y Estudios Urbanos<\/title>\n<meta name=\"description\" content=\"El profesor ARQ UC y director del Centro del Patrimonio Cultural UC expuso \u201cGesti\u00f3n y puesta en valor del patrimonio de la Pontificia Universidad Cat\u00f3lica de Chile\u201d \u2014en una sesi\u00f3n dedicada a los desaf\u00edos en la gesti\u00f3n del patrimonio universitario iberoamericano\u2014, en el seminario \u201cEl patrimonio cultural de las universidades\u201d, realizado en Madrid, Espa\u00f1a.\" \/>\n<meta name=\"robots\" content=\"index, follow, max-snippet:-1, max-image-preview:large, max-video-preview:-1\" \/>\n<link rel=\"canonical\" href=\"https:\/\/fadeu.urantiacos.cl\/en\/2021\/12\/05\/umberto-bonomo-represento-a-la-uc-en-seminario-internacional\/\" \/>\n<meta property=\"og:locale\" content=\"en_US\" \/>\n<meta property=\"og:type\" content=\"article\" \/>\n<meta property=\"og:title\" content=\"Umberto Bonomo represent\u00f3 a la UC en seminario internacional - Facultad de Arquitectura, Dise\u00f1o y Estudios Urbanos\" \/>\n<meta property=\"og:description\" content=\"El profesor ARQ UC y director del Centro del Patrimonio Cultural UC expuso \u201cGesti\u00f3n y puesta en valor del patrimonio de la Pontificia Universidad Cat\u00f3lica de Chile\u201d \u2014en una sesi\u00f3n dedicada a los desaf\u00edos en la gesti\u00f3n del patrimonio universitario iberoamericano\u2014, en el seminario \u201cEl patrimonio cultural de las universidades\u201d, realizado en Madrid, Espa\u00f1a.\" \/>\n<meta property=\"og:url\" content=\"https:\/\/fadeu.urantiacos.cl\/en\/2021\/12\/05\/umberto-bonomo-represento-a-la-uc-en-seminario-internacional\/\" \/>\n<meta property=\"og:site_name\" content=\"Facultad de Arquitectura, Dise\u00f1o y Estudios Urbanos\" \/>\n<meta property=\"article:published_time\" content=\"2021-12-06T01:51:00+00:00\" \/>\n<meta property=\"article:modified_time\" content=\"2023-09-07T01:52:59+00:00\" \/>\n<meta property=\"og:image\" content=\"https:\/\/fadeu.urantiacos.cl\/wp-content\/uploads\/2023\/09\/web_Banner_Red_PHI_2021_small.jpg\" \/>\n\t<meta property=\"og:image:width\" content=\"350\" \/>\n\t<meta property=\"og:image:height\" content=\"250\" \/>\n\t<meta property=\"og:image:type\" content=\"image\/jpeg\" \/>\n<meta name=\"author\" content=\"manadmin\" \/>\n<meta name=\"twitter:card\" content=\"summary_large_image\" \/>\n<meta name=\"twitter:label1\" content=\"Written by\" \/>\n\t<meta name=\"twitter:data1\" content=\"manadmin\" \/>\n\t<meta name=\"twitter:label2\" content=\"Est. reading time\" \/>\n\t<meta name=\"twitter:data2\" content=\"1 minute\" \/>\n<script type=\"application\/ld+json\" class=\"yoast-schema-graph\">{\"@context\":\"https:\/\/schema.org\",\"@graph\":[{\"@type\":\"Article\",\"@id\":\"https:\/\/fadeu.urantiacos.cl\/en\/2021\/12\/05\/umberto-bonomo-represento-a-la-uc-en-seminario-internacional\/#article\",\"isPartOf\":{\"@id\":\"https:\/\/fadeu.urantiacos.cl\/en\/2021\/12\/05\/umberto-bonomo-represento-a-la-uc-en-seminario-internacional\/\"},\"author\":{\"name\":\"manadmin\",\"@id\":\"https:\/\/fadeu.urantiacos.cl\/en\/#\/schema\/person\/d203e2e84b1c40275eac77b3061a19a2\"},\"headline\":\"Umberto Bonomo represent\u00f3 a la UC en seminario internacional\",\"datePublished\":\"2021-12-06T01:51:00+00:00\",\"dateModified\":\"2023-09-07T01:52:59+00:00\",\"mainEntityOfPage\":{\"@id\":\"https:\/\/fadeu.urantiacos.cl\/en\/2021\/12\/05\/umberto-bonomo-represento-a-la-uc-en-seminario-internacional\/\"},\"wordCount\":214,\"commentCount\":0,\"image\":{\"@id\":\"https:\/\/fadeu.urantiacos.cl\/en\/2021\/12\/05\/umberto-bonomo-represento-a-la-uc-en-seminario-internacional\/#primaryimage\"},\"thumbnailUrl\":\"https:\/\/fadeu.urantiacos.cl\/wp-content\/uploads\/2023\/09\/web_Banner_Red_PHI_2021_small.jpg\",\"articleSection\":[\"Sin categorizar\"],\"inLanguage\":\"en-US\",\"potentialAction\":[{\"@type\":\"CommentAction\",\"name\":\"Comment\",\"target\":[\"https:\/\/fadeu.urantiacos.cl\/en\/2021\/12\/05\/umberto-bonomo-represento-a-la-uc-en-seminario-internacional\/#respond\"]}]},{\"@type\":\"WebPage\",\"@id\":\"https:\/\/fadeu.urantiacos.cl\/en\/2021\/12\/05\/umberto-bonomo-represento-a-la-uc-en-seminario-internacional\/\",\"url\":\"https:\/\/fadeu.urantiacos.cl\/en\/2021\/12\/05\/umberto-bonomo-represento-a-la-uc-en-seminario-internacional\/\",\"name\":\"Umberto Bonomo represent\u00f3 a la UC en seminario internacional - Facultad de Arquitectura, Dise\u00f1o y Estudios Urbanos\",\"isPartOf\":{\"@id\":\"https:\/\/fadeu.urantiacos.cl\/en\/#website\"},\"primaryImageOfPage\":{\"@id\":\"https:\/\/fadeu.urantiacos.cl\/en\/2021\/12\/05\/umberto-bonomo-represento-a-la-uc-en-seminario-internacional\/#primaryimage\"},\"image\":{\"@id\":\"https:\/\/fadeu.urantiacos.cl\/en\/2021\/12\/05\/umberto-bonomo-represento-a-la-uc-en-seminario-internacional\/#primaryimage\"},\"thumbnailUrl\":\"https:\/\/fadeu.urantiacos.cl\/wp-content\/uploads\/2023\/09\/web_Banner_Red_PHI_2021_small.jpg\",\"datePublished\":\"2021-12-06T01:51:00+00:00\",\"dateModified\":\"2023-09-07T01:52:59+00:00\",\"author\":{\"@id\":\"https:\/\/fadeu.urantiacos.cl\/en\/#\/schema\/person\/d203e2e84b1c40275eac77b3061a19a2\"},\"description\":\"El profesor ARQ UC y director del Centro del Patrimonio Cultural UC expuso \u201cGesti\u00f3n y puesta en valor del patrimonio de la Pontificia Universidad Cat\u00f3lica de Chile\u201d \u2014en una sesi\u00f3n dedicada a los desaf\u00edos en la gesti\u00f3n del patrimonio universitario iberoamericano\u2014, en el seminario \u201cEl patrimonio cultural de las universidades\u201d, realizado en Madrid, Espa\u00f1a.\",\"breadcrumb\":{\"@id\":\"https:\/\/fadeu.urantiacos.cl\/en\/2021\/12\/05\/umberto-bonomo-represento-a-la-uc-en-seminario-internacional\/#breadcrumb\"},\"inLanguage\":\"en-US\",\"potentialAction\":[{\"@type\":\"ReadAction\",\"target\":[\"https:\/\/fadeu.urantiacos.cl\/en\/2021\/12\/05\/umberto-bonomo-represento-a-la-uc-en-seminario-internacional\/\"]}]},{\"@type\":\"ImageObject\",\"inLanguage\":\"en-US\",\"@id\":\"https:\/\/fadeu.urantiacos.cl\/en\/2021\/12\/05\/umberto-bonomo-represento-a-la-uc-en-seminario-internacional\/#primaryimage\",\"url\":\"https:\/\/fadeu.urantiacos.cl\/wp-content\/uploads\/2023\/09\/web_Banner_Red_PHI_2021_small.jpg\",\"contentUrl\":\"https:\/\/fadeu.urantiacos.cl\/wp-content\/uploads\/2023\/09\/web_Banner_Red_PHI_2021_small.jpg\",\"width\":350,\"height\":250},{\"@type\":\"BreadcrumbList\",\"@id\":\"https:\/\/fadeu.urantiacos.cl\/en\/2021\/12\/05\/umberto-bonomo-represento-a-la-uc-en-seminario-internacional\/#breadcrumb\",\"itemListElement\":[{\"@type\":\"ListItem\",\"position\":1,\"name\":\"Portada\",\"item\":\"https:\/\/fadeu.urantiacos.cl\/en\/\"},{\"@type\":\"ListItem\",\"position\":2,\"name\":\"Umberto Bonomo represent\u00f3 a la UC en seminario internacional\"}]},{\"@type\":\"WebSite\",\"@id\":\"https:\/\/fadeu.urantiacos.cl\/en\/#website\",\"url\":\"https:\/\/fadeu.urantiacos.cl\/en\/\",\"name\":\"Facultad de Arquitectura, Dise\u00f1o y Estudios Urbanos\",\"description\":\"Campus Lo Contador\",\"potentialAction\":[{\"@type\":\"SearchAction\",\"target\":{\"@type\":\"EntryPoint\",\"urlTemplate\":\"https:\/\/fadeu.urantiacos.cl\/en\/?s={search_term_string}\"},\"query-input\":{\"@type\":\"PropertyValueSpecification\",\"valueRequired\":true,\"valueName\":\"search_term_string\"}}],\"inLanguage\":\"en-US\"},{\"@type\":\"Person\",\"@id\":\"https:\/\/fadeu.urantiacos.cl\/en\/#\/schema\/person\/d203e2e84b1c40275eac77b3061a19a2\",\"name\":\"manadmin\",\"image\":{\"@type\":\"ImageObject\",\"inLanguage\":\"en-US\",\"@id\":\"https:\/\/fadeu.urantiacos.cl\/en\/#\/schema\/person\/image\/\",\"url\":\"https:\/\/secure.gravatar.com\/avatar\/4b1d8e3303b4a9d8968ac578947d8bc80d9aea359f388cdd4aac15cadc0e8447?s=96&d=mm&r=g\",\"contentUrl\":\"https:\/\/secure.gravatar.com\/avatar\/4b1d8e3303b4a9d8968ac578947d8bc80d9aea359f388cdd4aac15cadc0e8447?s=96&d=mm&r=g\",\"caption\":\"manadmin\"},\"sameAs\":[\"https:\/\/fadeu.urantiacos.cl\"]}]}<\/script>\n<!-- \/ Yoast SEO plugin. -->","yoast_head_json":{"title":"Umberto Bonomo represent\u00f3 a la UC en seminario internacional - Facultad de Arquitectura, Dise\u00f1o y Estudios Urbanos","description":"El profesor ARQ UC y director del Centro del Patrimonio Cultural UC expuso \u201cGesti\u00f3n y puesta en valor del patrimonio de la Pontificia Universidad Cat\u00f3lica de Chile\u201d \u2014en una sesi\u00f3n dedicada a los desaf\u00edos en la gesti\u00f3n del patrimonio universitario iberoamericano\u2014, en el seminario \u201cEl patrimonio cultural de las universidades\u201d, realizado en Madrid, Espa\u00f1a.","robots":{"index":"index","follow":"follow","max-snippet":"max-snippet:-1","max-image-preview":"max-image-preview:large","max-video-preview":"max-video-preview:-1"},"canonical":"https:\/\/fadeu.urantiacos.cl\/en\/2021\/12\/05\/umberto-bonomo-represento-a-la-uc-en-seminario-internacional\/","og_locale":"en_US","og_type":"article","og_title":"Umberto Bonomo represent\u00f3 a la UC en seminario internacional - Facultad de Arquitectura, Dise\u00f1o y Estudios Urbanos","og_description":"El profesor ARQ UC y director del Centro del Patrimonio Cultural UC expuso \u201cGesti\u00f3n y puesta en valor del patrimonio de la Pontificia Universidad Cat\u00f3lica de Chile\u201d \u2014en una sesi\u00f3n dedicada a los desaf\u00edos en la gesti\u00f3n del patrimonio universitario iberoamericano\u2014, en el seminario \u201cEl patrimonio cultural de las universidades\u201d, realizado en Madrid, Espa\u00f1a.","og_url":"https:\/\/fadeu.urantiacos.cl\/en\/2021\/12\/05\/umberto-bonomo-represento-a-la-uc-en-seminario-internacional\/","og_site_name":"Facultad de Arquitectura, Dise\u00f1o y Estudios Urbanos","article_published_time":"2021-12-06T01:51:00+00:00","article_modified_time":"2023-09-07T01:52:59+00:00","og_image":[{"width":350,"height":250,"url":"https:\/\/fadeu.urantiacos.cl\/wp-content\/uploads\/2023\/09\/web_Banner_Red_PHI_2021_small.jpg","type":"image\/jpeg"}],"author":"manadmin","twitter_card":"summary_large_image","twitter_misc":{"Written by":"manadmin","Est. reading time":"1 minute"},"schema":{"@context":"https:\/\/schema.org","@graph":[{"@type":"Article","@id":"https:\/\/fadeu.urantiacos.cl\/en\/2021\/12\/05\/umberto-bonomo-represento-a-la-uc-en-seminario-internacional\/#article","isPartOf":{"@id":"https:\/\/fadeu.urantiacos.cl\/en\/2021\/12\/05\/umberto-bonomo-represento-a-la-uc-en-seminario-internacional\/"},"author":{"name":"manadmin","@id":"https:\/\/fadeu.urantiacos.cl\/en\/#\/schema\/person\/d203e2e84b1c40275eac77b3061a19a2"},"headline":"Umberto Bonomo represent\u00f3 a la UC en seminario internacional","datePublished":"2021-12-06T01:51:00+00:00","dateModified":"2023-09-07T01:52:59+00:00","mainEntityOfPage":{"@id":"https:\/\/fadeu.urantiacos.cl\/en\/2021\/12\/05\/umberto-bonomo-represento-a-la-uc-en-seminario-internacional\/"},"wordCount":214,"commentCount":0,"image":{"@id":"https:\/\/fadeu.urantiacos.cl\/en\/2021\/12\/05\/umberto-bonomo-represento-a-la-uc-en-seminario-internacional\/#primaryimage"},"thumbnailUrl":"https:\/\/fadeu.urantiacos.cl\/wp-content\/uploads\/2023\/09\/web_Banner_Red_PHI_2021_small.jpg","articleSection":["Sin categorizar"],"inLanguage":"en-US","potentialAction":[{"@type":"CommentAction","name":"Comment","target":["https:\/\/fadeu.urantiacos.cl\/en\/2021\/12\/05\/umberto-bonomo-represento-a-la-uc-en-seminario-internacional\/#respond"]}]},{"@type":"WebPage","@id":"https:\/\/fadeu.urantiacos.cl\/en\/2021\/12\/05\/umberto-bonomo-represento-a-la-uc-en-seminario-internacional\/","url":"https:\/\/fadeu.urantiacos.cl\/en\/2021\/12\/05\/umberto-bonomo-represento-a-la-uc-en-seminario-internacional\/","name":"Umberto Bonomo represent\u00f3 a la UC en seminario internacional - Facultad de Arquitectura, Dise\u00f1o y Estudios Urbanos","isPartOf":{"@id":"https:\/\/fadeu.urantiacos.cl\/en\/#website"},"primaryImageOfPage":{"@id":"https:\/\/fadeu.urantiacos.cl\/en\/2021\/12\/05\/umberto-bonomo-represento-a-la-uc-en-seminario-internacional\/#primaryimage"},"image":{"@id":"https:\/\/fadeu.urantiacos.cl\/en\/2021\/12\/05\/umberto-bonomo-represento-a-la-uc-en-seminario-internacional\/#primaryimage"},"thumbnailUrl":"https:\/\/fadeu.urantiacos.cl\/wp-content\/uploads\/2023\/09\/web_Banner_Red_PHI_2021_small.jpg","datePublished":"2021-12-06T01:51:00+00:00","dateModified":"2023-09-07T01:52:59+00:00","author":{"@id":"https:\/\/fadeu.urantiacos.cl\/en\/#\/schema\/person\/d203e2e84b1c40275eac77b3061a19a2"},"description":"El profesor ARQ UC y director del Centro del Patrimonio Cultural UC expuso \u201cGesti\u00f3n y puesta en valor del patrimonio de la Pontificia Universidad Cat\u00f3lica de Chile\u201d \u2014en una sesi\u00f3n dedicada a los desaf\u00edos en la gesti\u00f3n del patrimonio universitario iberoamericano\u2014, en el seminario \u201cEl patrimonio cultural de las universidades\u201d, realizado en Madrid, Espa\u00f1a.","breadcrumb":{"@id":"https:\/\/fadeu.urantiacos.cl\/en\/2021\/12\/05\/umberto-bonomo-represento-a-la-uc-en-seminario-internacional\/#breadcrumb"},"inLanguage":"en-US","potentialAction":[{"@type":"ReadAction","target":["https:\/\/fadeu.urantiacos.cl\/en\/2021\/12\/05\/umberto-bonomo-represento-a-la-uc-en-seminario-internacional\/"]}]},{"@type":"ImageObject","inLanguage":"en-US","@id":"https:\/\/fadeu.urantiacos.cl\/en\/2021\/12\/05\/umberto-bonomo-represento-a-la-uc-en-seminario-internacional\/#primaryimage","url":"https:\/\/fadeu.urantiacos.cl\/wp-content\/uploads\/2023\/09\/web_Banner_Red_PHI_2021_small.jpg","contentUrl":"https:\/\/fadeu.urantiacos.cl\/wp-content\/uploads\/2023\/09\/web_Banner_Red_PHI_2021_small.jpg","width":350,"height":250},{"@type":"BreadcrumbList","@id":"https:\/\/fadeu.urantiacos.cl\/en\/2021\/12\/05\/umberto-bonomo-represento-a-la-uc-en-seminario-internacional\/#breadcrumb","itemListElement":[{"@type":"ListItem","position":1,"name":"Portada","item":"https:\/\/fadeu.urantiacos.cl\/en\/"},{"@type":"ListItem","position":2,"name":"Umberto Bonomo represent\u00f3 a la UC en seminario internacional"}]},{"@type":"WebSite","@id":"https:\/\/fadeu.urantiacos.cl\/en\/#website","url":"https:\/\/fadeu.urantiacos.cl\/en\/","name":"Facultad de Arquitectura, Dise\u00f1o y Estudios Urbanos","description":"Campus Lo Contador","potentialAction":[{"@type":"SearchAction","target":{"@type":"EntryPoint","urlTemplate":"https:\/\/fadeu.urantiacos.cl\/en\/?s={search_term_string}"},"query-input":{"@type":"PropertyValueSpecification","valueRequired":true,"valueName":"search_term_string"}}],"inLanguage":"en-US"},{"@type":"Person","@id":"https:\/\/fadeu.urantiacos.cl\/en\/#\/schema\/person\/d203e2e84b1c40275eac77b3061a19a2","name":"manadmin","image":{"@type":"ImageObject","inLanguage":"en-US","@id":"https:\/\/fadeu.urantiacos.cl\/en\/#\/schema\/person\/image\/","url":"https:\/\/secure.gravatar.com\/avatar\/4b1d8e3303b4a9d8968ac578947d8bc80d9aea359f388cdd4aac15cadc0e8447?s=96&d=mm&r=g","contentUrl":"https:\/\/secure.gravatar.com\/avatar\/4b1d8e3303b4a9d8968ac578947d8bc80d9aea359f388cdd4aac15cadc0e8447?s=96&d=mm&r=g","caption":"manadmin"},"sameAs":["https:\/\/fadeu.urantiacos.cl"]}]}},"_links":{"self":[{"href":"https:\/\/fadeu.urantiacos.cl\/en\/wp-json\/wp\/v2\/posts\/5846","targetHints":{"allow":["GET"]}}],"collection":[{"href":"https:\/\/fadeu.urantiacos.cl\/en\/wp-json\/wp\/v2\/posts"}],"about":[{"href":"https:\/\/fadeu.urantiacos.cl\/en\/wp-json\/wp\/v2\/types\/post"}],"author":[{"embeddable":true,"href":"https:\/\/fadeu.urantiacos.cl\/en\/wp-json\/wp\/v2\/users\/1"}],"replies":[{"embeddable":true,"href":"https:\/\/fadeu.urantiacos.cl\/en\/wp-json\/wp\/v2\/comments?post=5846"}],"version-history":[{"count":1,"href":"https:\/\/fadeu.urantiacos.cl\/en\/wp-json\/wp\/v2\/posts\/5846\/revisions"}],"predecessor-version":[{"id":5848,"href":"https:\/\/fadeu.urantiacos.cl\/en\/wp-json\/wp\/v2\/posts\/5846\/revisions\/5848"}],"wp:featuredmedia":[{"embeddable":true,"href":"https:\/\/fadeu.urantiacos.cl\/en\/wp-json\/wp\/v2\/media\/5847"}],"wp:attachment":[{"href":"https:\/\/fadeu.urantiacos.cl\/en\/wp-json\/wp\/v2\/media?parent=5846"}],"wp:term":[{"taxonomy":"category","embeddable":true,"href":"https:\/\/fadeu.urantiacos.cl\/en\/wp-json\/wp\/v2\/categories?post=5846"},{"taxonomy":"post_tag","embeddable":true,"href":"https:\/\/fadeu.urantiacos.cl\/en\/wp-json\/wp\/v2\/tags?post=5846"}],"curies":[{"name":"wp","href":"https:\/\/api.w.org\/{rel}","templated":true}]}}