{"id":5835,"date":"2021-12-06T22:42:00","date_gmt":"2021-12-07T01:42:00","guid":{"rendered":"https:\/\/fadeu.urantiacos.cl\/?p=5835"},"modified":"2023-09-06T22:44:30","modified_gmt":"2023-09-07T01:44:30","slug":"unidades-academicas-fadeu-realizaron-ceremonias-presenciales-de-graduacion-tras-mas-de-un-ano-y-medio-de-pandemia","status":"publish","type":"post","link":"https:\/\/fadeu.urantiacos.cl\/en\/2021\/12\/06\/unidades-academicas-fadeu-realizaron-ceremonias-presenciales-de-graduacion-tras-mas-de-un-ano-y-medio-de-pandemia\/","title":{"rendered":"Unidades Acad\u00e9micas FADEU realizaron ceremonias presenciales de graduaci\u00f3n tras m\u00e1s de un a\u00f1o y medio de pandemia"},"content":{"rendered":"\n<figure class=\"wp-block-image size-full\"><img decoding=\"async\" width=\"350\" height=\"250\" src=\"https:\/\/fadeu.urantiacos.cl\/wp-content\/uploads\/2023\/09\/web_VA1_2526.jpg\" alt=\"\" class=\"wp-image-5836\" srcset=\"https:\/\/fadeu.urantiacos.cl\/wp-content\/uploads\/2023\/09\/web_VA1_2526.jpg 350w, https:\/\/fadeu.urantiacos.cl\/wp-content\/uploads\/2023\/09\/web_VA1_2526-300x214.jpg 300w\" sizes=\"(max-width: 350px) 100vw, 350px\" \/><\/figure>\n\n\n\n<p>En el caso de la escuela de Arquitectura, las ceremonias (fueron divididas en tres jornadas) reconocieron a 113 titulados de la promoci\u00f3n 2020 (divididos en dos instancias) y 92 titulados de la promoci\u00f3n 2021.<\/p>\n\n\n\n<p>Estos actos fueron encabezados por el decano de la Facultad de Arquitectura, Dise\u00f1o y Estudios Urbanos, Mario Ubilla y el director de la Escuela de Arquitectura, Luis Eduardo Bresciani, acompa\u00f1ados por autoridades FADEU UC, miembros del cuerpo docente de la propia escuela, y familiares de los graduados.<\/p>\n\n\n\n<p>En el caso de la escuela de Dise\u00f1o, m\u00e1s de 300 egresados, correspondientes a las generaciones 2020 y 2021, recibieron su licenciatura en Dise\u00f1o y el T\u00edtulo Profesional de Dise\u00f1ador UC, adem\u00e1s, 20 de ellos se graduaron del programa de Mag\u00edster en Dise\u00f1o Avanzado (MADA).<\/p>\n\n\n\n<p>Las ceremonias, realizadas durante los d\u00edas 18 y 19 de noviembre, fueron presididas por el Decano de la FADEU, Mario Ubilla. Adem\u00e1s, participaron de la ceremonia el director de la Escuela de Dise\u00f1o, Rodrigo Ram\u00edrez, el Subdirector Acad\u00e9mico Andr\u00e9s Villela y diferentes autoridades de la facultad.<\/p>\n\n\n\n<p>En el caso del Instituto de Estudios Urbanos y Territoriales, 9 planificadores urbanos, 25 estudiantes del Mag\u00edster en Desarrollo Urbano y 24 del Mag\u00edster en Asentamientos Humanos y Medio Ambiente fueron graduados en una emotiva ceremonia.<\/p>\n\n\n\n<p>La actividad fue presidida por el Secretario Acad\u00e9mico de la Facultad de Arquitectura, Dise\u00f1o y Estudios Urbanos, Felipe Encinas; la directora de Investigaci\u00f3n y Postgrado de la misma Facultad, Magdalena Vicu\u00f1a; y los acad\u00e9micos\/as del Instituto del Instituto de Estudios Urbanos y Territoriales (IEUT), encabezados por su director Luis Fuentes, y por el subdirector, Felipe Link.&nbsp;<\/p>\n\n\n\n<p>El balance de las ceremonias ha sido positivo y muy bien evaluado desde el Decanato FADEU. \u201cSiempre es importante la presencialidad, sobre todo en estas instancias en que los\/as estudiantes culminan su ciclo acad\u00e9mico y obtienen sus t\u00edtulos profesionales o sus grados acad\u00e9micos de Mag\u00edster\u201d, afirm\u00f3 el Decano Mario Ubilla.<\/p>\n\n\n\n<p>A lo anterior, Ubilla agreg\u00f3 que \u201choy es un d\u00eda para saludar a todos y todas quienes obtienen sus t\u00edtulos profesionales y graduados de mag\u00edster, y tambi\u00e9n a los seres queridos que les acompa\u00f1an, para premiar este esfuerzo y la culminaci\u00f3n del estudio de un nuevo saber\u201d.<\/p>\n\n\n\n<p>\u201cLa arquitectura, el dise\u00f1o, la planificaci\u00f3n y los estudios urbanos son claves para la sociedad en su conjunto, y son disciplinas importantes a la hora de encausar las distintas problem\u00e1ticas y necesidades que nos plantea una ciudadan\u00eda cada vez m\u00e1s consciente de las carencias y de lo urgente que es trabajar para mejorar la calidad de vida de las personas en todo el territorio nacional. Los ahora profesionales enfrentar\u00e1n un desaf\u00edo may\u00fasculo, cual es dar forma y fondo a esas demandas, y agradecemos que hayan elegido nuestra Universidad para su proceso de formaci\u00f3n\u201d, subray\u00f3.<\/p>\n\n\n\n<p>+ Revisa las ceremonias de graduaci\u00f3n en nuestro&nbsp;<a href=\"https:\/\/www.youtube.com\/channel\/UCEebNYKLk3Lmgs5I-jzd-1A\" target=\"_blank\" rel=\"noreferrer noopener\">canal YouTube<\/a><\/p>\n","protected":false},"excerpt":{"rendered":"<p>Tras el inicio de la pandemia, en marzo de 2020, y luego de m\u00e1s 21 meses de actividades online e h\u00edbridas, por primera vez las escuelas de Arquitectura, Dise\u00f1o y el Instituto de Estudios Urbanos y Territoriales llevaron a cabo sus respectivas ceremonias de graduaci\u00f3n de manera presencial, todas llevadas a cabo en el Patio de Madera del campus Lo Contador, ajustadas a todas las medidas de autocuidado emanadas desde la Autoridad Sanitaria y desde la Mesa COVID UC.<\/p>\n","protected":false},"author":1,"featured_media":5836,"comment_status":"open","ping_status":"open","sticky":false,"template":"","format":"standard","meta":{"_acf_changed":false,"footnotes":""},"categories":[1],"tags":[],"class_list":["post-5835","post","type-post","status-publish","format-standard","has-post-thumbnail","hentry","category-sin-categorizar"],"acf":[],"yoast_head":"<!-- This site is optimized with the Yoast SEO plugin v27.1.1 - https:\/\/yoast.com\/product\/yoast-seo-wordpress\/ -->\n<title>Unidades Acad\u00e9micas FADEU realizaron ceremonias presenciales de graduaci\u00f3n tras m\u00e1s de un a\u00f1o y medio de pandemia - Facultad de Arquitectura, Dise\u00f1o y Estudios Urbanos<\/title>\n<meta name=\"description\" content=\"Tras el inicio de la pandemia, en marzo de 2020, y luego de m\u00e1s 21 meses de actividades online e h\u00edbridas, por primera vez las escuelas de Arquitectura, Dise\u00f1o y el Instituto de Estudios Urbanos y Territoriales llevaron a cabo sus respectivas ceremonias de graduaci\u00f3n de manera presencial, todas llevadas a cabo en el Patio de Madera del campus Lo Contador, ajustadas a todas las medidas de autocuidado emanadas desde la Autoridad Sanitaria y desde la Mesa COVID UC.\" \/>\n<meta name=\"robots\" content=\"index, follow, max-snippet:-1, max-image-preview:large, max-video-preview:-1\" \/>\n<link rel=\"canonical\" href=\"https:\/\/fadeu.urantiacos.cl\/en\/2021\/12\/06\/unidades-academicas-fadeu-realizaron-ceremonias-presenciales-de-graduacion-tras-mas-de-un-ano-y-medio-de-pandemia\/\" \/>\n<meta property=\"og:locale\" content=\"en_US\" \/>\n<meta property=\"og:type\" content=\"article\" \/>\n<meta property=\"og:title\" content=\"Unidades Acad\u00e9micas FADEU realizaron ceremonias presenciales de graduaci\u00f3n tras m\u00e1s de un a\u00f1o y medio de pandemia - Facultad de Arquitectura, Dise\u00f1o y Estudios Urbanos\" \/>\n<meta property=\"og:description\" content=\"Tras el inicio de la pandemia, en marzo de 2020, y luego de m\u00e1s 21 meses de actividades online e h\u00edbridas, por primera vez las escuelas de Arquitectura, Dise\u00f1o y el Instituto de Estudios Urbanos y Territoriales llevaron a cabo sus respectivas ceremonias de graduaci\u00f3n de manera presencial, todas llevadas a cabo en el Patio de Madera del campus Lo Contador, ajustadas a todas las medidas de autocuidado emanadas desde la Autoridad Sanitaria y desde la Mesa COVID UC.\" \/>\n<meta property=\"og:url\" content=\"https:\/\/fadeu.urantiacos.cl\/en\/2021\/12\/06\/unidades-academicas-fadeu-realizaron-ceremonias-presenciales-de-graduacion-tras-mas-de-un-ano-y-medio-de-pandemia\/\" \/>\n<meta property=\"og:site_name\" content=\"Facultad de Arquitectura, Dise\u00f1o y Estudios Urbanos\" \/>\n<meta property=\"article:published_time\" content=\"2021-12-07T01:42:00+00:00\" \/>\n<meta property=\"article:modified_time\" content=\"2023-09-07T01:44:30+00:00\" \/>\n<meta property=\"og:image\" content=\"https:\/\/fadeu.urantiacos.cl\/wp-content\/uploads\/2023\/09\/web_VA1_2526.jpg\" \/>\n\t<meta property=\"og:image:width\" content=\"350\" \/>\n\t<meta property=\"og:image:height\" content=\"250\" \/>\n\t<meta property=\"og:image:type\" content=\"image\/jpeg\" \/>\n<meta name=\"author\" content=\"manadmin\" \/>\n<meta name=\"twitter:card\" content=\"summary_large_image\" \/>\n<meta name=\"twitter:label1\" content=\"Written by\" \/>\n\t<meta name=\"twitter:data1\" content=\"manadmin\" \/>\n\t<meta name=\"twitter:label2\" content=\"Est. reading time\" \/>\n\t<meta name=\"twitter:data2\" content=\"3 minutes\" \/>\n<script type=\"application\/ld+json\" class=\"yoast-schema-graph\">{\"@context\":\"https:\/\/schema.org\",\"@graph\":[{\"@type\":\"Article\",\"@id\":\"https:\/\/fadeu.urantiacos.cl\/en\/2021\/12\/06\/unidades-academicas-fadeu-realizaron-ceremonias-presenciales-de-graduacion-tras-mas-de-un-ano-y-medio-de-pandemia\/#article\",\"isPartOf\":{\"@id\":\"https:\/\/fadeu.urantiacos.cl\/en\/2021\/12\/06\/unidades-academicas-fadeu-realizaron-ceremonias-presenciales-de-graduacion-tras-mas-de-un-ano-y-medio-de-pandemia\/\"},\"author\":{\"name\":\"manadmin\",\"@id\":\"https:\/\/fadeu.urantiacos.cl\/en\/#\/schema\/person\/d203e2e84b1c40275eac77b3061a19a2\"},\"headline\":\"Unidades Acad\u00e9micas FADEU realizaron ceremonias presenciales de graduaci\u00f3n tras m\u00e1s de un a\u00f1o y medio de pandemia\",\"datePublished\":\"2021-12-07T01:42:00+00:00\",\"dateModified\":\"2023-09-07T01:44:30+00:00\",\"mainEntityOfPage\":{\"@id\":\"https:\/\/fadeu.urantiacos.cl\/en\/2021\/12\/06\/unidades-academicas-fadeu-realizaron-ceremonias-presenciales-de-graduacion-tras-mas-de-un-ano-y-medio-de-pandemia\/\"},\"wordCount\":521,\"commentCount\":0,\"image\":{\"@id\":\"https:\/\/fadeu.urantiacos.cl\/en\/2021\/12\/06\/unidades-academicas-fadeu-realizaron-ceremonias-presenciales-de-graduacion-tras-mas-de-un-ano-y-medio-de-pandemia\/#primaryimage\"},\"thumbnailUrl\":\"https:\/\/fadeu.urantiacos.cl\/wp-content\/uploads\/2023\/09\/web_VA1_2526.jpg\",\"articleSection\":[\"Sin categorizar\"],\"inLanguage\":\"en-US\",\"potentialAction\":[{\"@type\":\"CommentAction\",\"name\":\"Comment\",\"target\":[\"https:\/\/fadeu.urantiacos.cl\/en\/2021\/12\/06\/unidades-academicas-fadeu-realizaron-ceremonias-presenciales-de-graduacion-tras-mas-de-un-ano-y-medio-de-pandemia\/#respond\"]}]},{\"@type\":\"WebPage\",\"@id\":\"https:\/\/fadeu.urantiacos.cl\/en\/2021\/12\/06\/unidades-academicas-fadeu-realizaron-ceremonias-presenciales-de-graduacion-tras-mas-de-un-ano-y-medio-de-pandemia\/\",\"url\":\"https:\/\/fadeu.urantiacos.cl\/en\/2021\/12\/06\/unidades-academicas-fadeu-realizaron-ceremonias-presenciales-de-graduacion-tras-mas-de-un-ano-y-medio-de-pandemia\/\",\"name\":\"Unidades Acad\u00e9micas FADEU realizaron ceremonias presenciales de graduaci\u00f3n tras m\u00e1s de un a\u00f1o y medio de pandemia - Facultad de Arquitectura, Dise\u00f1o y Estudios Urbanos\",\"isPartOf\":{\"@id\":\"https:\/\/fadeu.urantiacos.cl\/en\/#website\"},\"primaryImageOfPage\":{\"@id\":\"https:\/\/fadeu.urantiacos.cl\/en\/2021\/12\/06\/unidades-academicas-fadeu-realizaron-ceremonias-presenciales-de-graduacion-tras-mas-de-un-ano-y-medio-de-pandemia\/#primaryimage\"},\"image\":{\"@id\":\"https:\/\/fadeu.urantiacos.cl\/en\/2021\/12\/06\/unidades-academicas-fadeu-realizaron-ceremonias-presenciales-de-graduacion-tras-mas-de-un-ano-y-medio-de-pandemia\/#primaryimage\"},\"thumbnailUrl\":\"https:\/\/fadeu.urantiacos.cl\/wp-content\/uploads\/2023\/09\/web_VA1_2526.jpg\",\"datePublished\":\"2021-12-07T01:42:00+00:00\",\"dateModified\":\"2023-09-07T01:44:30+00:00\",\"author\":{\"@id\":\"https:\/\/fadeu.urantiacos.cl\/en\/#\/schema\/person\/d203e2e84b1c40275eac77b3061a19a2\"},\"description\":\"Tras el inicio de la pandemia, en marzo de 2020, y luego de m\u00e1s 21 meses de actividades online e h\u00edbridas, por primera vez las escuelas de Arquitectura, Dise\u00f1o y el Instituto de Estudios Urbanos y Territoriales llevaron a cabo sus respectivas ceremonias de graduaci\u00f3n de manera presencial, todas llevadas a cabo en el Patio de Madera del campus Lo Contador, ajustadas a todas las medidas de autocuidado emanadas desde la Autoridad Sanitaria y desde la Mesa COVID UC.\",\"breadcrumb\":{\"@id\":\"https:\/\/fadeu.urantiacos.cl\/en\/2021\/12\/06\/unidades-academicas-fadeu-realizaron-ceremonias-presenciales-de-graduacion-tras-mas-de-un-ano-y-medio-de-pandemia\/#breadcrumb\"},\"inLanguage\":\"en-US\",\"potentialAction\":[{\"@type\":\"ReadAction\",\"target\":[\"https:\/\/fadeu.urantiacos.cl\/en\/2021\/12\/06\/unidades-academicas-fadeu-realizaron-ceremonias-presenciales-de-graduacion-tras-mas-de-un-ano-y-medio-de-pandemia\/\"]}]},{\"@type\":\"ImageObject\",\"inLanguage\":\"en-US\",\"@id\":\"https:\/\/fadeu.urantiacos.cl\/en\/2021\/12\/06\/unidades-academicas-fadeu-realizaron-ceremonias-presenciales-de-graduacion-tras-mas-de-un-ano-y-medio-de-pandemia\/#primaryimage\",\"url\":\"https:\/\/fadeu.urantiacos.cl\/wp-content\/uploads\/2023\/09\/web_VA1_2526.jpg\",\"contentUrl\":\"https:\/\/fadeu.urantiacos.cl\/wp-content\/uploads\/2023\/09\/web_VA1_2526.jpg\",\"width\":350,\"height\":250},{\"@type\":\"BreadcrumbList\",\"@id\":\"https:\/\/fadeu.urantiacos.cl\/en\/2021\/12\/06\/unidades-academicas-fadeu-realizaron-ceremonias-presenciales-de-graduacion-tras-mas-de-un-ano-y-medio-de-pandemia\/#breadcrumb\",\"itemListElement\":[{\"@type\":\"ListItem\",\"position\":1,\"name\":\"Portada\",\"item\":\"https:\/\/fadeu.urantiacos.cl\/en\/\"},{\"@type\":\"ListItem\",\"position\":2,\"name\":\"Unidades Acad\u00e9micas FADEU realizaron ceremonias presenciales de graduaci\u00f3n tras m\u00e1s de un a\u00f1o y medio de pandemia\"}]},{\"@type\":\"WebSite\",\"@id\":\"https:\/\/fadeu.urantiacos.cl\/en\/#website\",\"url\":\"https:\/\/fadeu.urantiacos.cl\/en\/\",\"name\":\"Facultad de Arquitectura, Dise\u00f1o y Estudios Urbanos\",\"description\":\"Campus Lo Contador\",\"potentialAction\":[{\"@type\":\"SearchAction\",\"target\":{\"@type\":\"EntryPoint\",\"urlTemplate\":\"https:\/\/fadeu.urantiacos.cl\/en\/?s={search_term_string}\"},\"query-input\":{\"@type\":\"PropertyValueSpecification\",\"valueRequired\":true,\"valueName\":\"search_term_string\"}}],\"inLanguage\":\"en-US\"},{\"@type\":\"Person\",\"@id\":\"https:\/\/fadeu.urantiacos.cl\/en\/#\/schema\/person\/d203e2e84b1c40275eac77b3061a19a2\",\"name\":\"manadmin\",\"image\":{\"@type\":\"ImageObject\",\"inLanguage\":\"en-US\",\"@id\":\"https:\/\/fadeu.urantiacos.cl\/en\/#\/schema\/person\/image\/\",\"url\":\"https:\/\/secure.gravatar.com\/avatar\/4b1d8e3303b4a9d8968ac578947d8bc80d9aea359f388cdd4aac15cadc0e8447?s=96&d=mm&r=g\",\"contentUrl\":\"https:\/\/secure.gravatar.com\/avatar\/4b1d8e3303b4a9d8968ac578947d8bc80d9aea359f388cdd4aac15cadc0e8447?s=96&d=mm&r=g\",\"caption\":\"manadmin\"},\"sameAs\":[\"https:\/\/fadeu.urantiacos.cl\"]}]}<\/script>\n<!-- \/ Yoast SEO plugin. -->","yoast_head_json":{"title":"Unidades Acad\u00e9micas FADEU realizaron ceremonias presenciales de graduaci\u00f3n tras m\u00e1s de un a\u00f1o y medio de pandemia - Facultad de Arquitectura, Dise\u00f1o y Estudios Urbanos","description":"Tras el inicio de la pandemia, en marzo de 2020, y luego de m\u00e1s 21 meses de actividades online e h\u00edbridas, por primera vez las escuelas de Arquitectura, Dise\u00f1o y el Instituto de Estudios Urbanos y Territoriales llevaron a cabo sus respectivas ceremonias de graduaci\u00f3n de manera presencial, todas llevadas a cabo en el Patio de Madera del campus Lo Contador, ajustadas a todas las medidas de autocuidado emanadas desde la Autoridad Sanitaria y desde la Mesa COVID UC.","robots":{"index":"index","follow":"follow","max-snippet":"max-snippet:-1","max-image-preview":"max-image-preview:large","max-video-preview":"max-video-preview:-1"},"canonical":"https:\/\/fadeu.urantiacos.cl\/en\/2021\/12\/06\/unidades-academicas-fadeu-realizaron-ceremonias-presenciales-de-graduacion-tras-mas-de-un-ano-y-medio-de-pandemia\/","og_locale":"en_US","og_type":"article","og_title":"Unidades Acad\u00e9micas FADEU realizaron ceremonias presenciales de graduaci\u00f3n tras m\u00e1s de un a\u00f1o y medio de pandemia - Facultad de Arquitectura, Dise\u00f1o y Estudios Urbanos","og_description":"Tras el inicio de la pandemia, en marzo de 2020, y luego de m\u00e1s 21 meses de actividades online e h\u00edbridas, por primera vez las escuelas de Arquitectura, Dise\u00f1o y el Instituto de Estudios Urbanos y Territoriales llevaron a cabo sus respectivas ceremonias de graduaci\u00f3n de manera presencial, todas llevadas a cabo en el Patio de Madera del campus Lo Contador, ajustadas a todas las medidas de autocuidado emanadas desde la Autoridad Sanitaria y desde la Mesa COVID UC.","og_url":"https:\/\/fadeu.urantiacos.cl\/en\/2021\/12\/06\/unidades-academicas-fadeu-realizaron-ceremonias-presenciales-de-graduacion-tras-mas-de-un-ano-y-medio-de-pandemia\/","og_site_name":"Facultad de Arquitectura, Dise\u00f1o y Estudios Urbanos","article_published_time":"2021-12-07T01:42:00+00:00","article_modified_time":"2023-09-07T01:44:30+00:00","og_image":[{"width":350,"height":250,"url":"https:\/\/fadeu.urantiacos.cl\/wp-content\/uploads\/2023\/09\/web_VA1_2526.jpg","type":"image\/jpeg"}],"author":"manadmin","twitter_card":"summary_large_image","twitter_misc":{"Written by":"manadmin","Est. reading time":"3 minutes"},"schema":{"@context":"https:\/\/schema.org","@graph":[{"@type":"Article","@id":"https:\/\/fadeu.urantiacos.cl\/en\/2021\/12\/06\/unidades-academicas-fadeu-realizaron-ceremonias-presenciales-de-graduacion-tras-mas-de-un-ano-y-medio-de-pandemia\/#article","isPartOf":{"@id":"https:\/\/fadeu.urantiacos.cl\/en\/2021\/12\/06\/unidades-academicas-fadeu-realizaron-ceremonias-presenciales-de-graduacion-tras-mas-de-un-ano-y-medio-de-pandemia\/"},"author":{"name":"manadmin","@id":"https:\/\/fadeu.urantiacos.cl\/en\/#\/schema\/person\/d203e2e84b1c40275eac77b3061a19a2"},"headline":"Unidades Acad\u00e9micas FADEU realizaron ceremonias presenciales de graduaci\u00f3n tras m\u00e1s de un a\u00f1o y medio de pandemia","datePublished":"2021-12-07T01:42:00+00:00","dateModified":"2023-09-07T01:44:30+00:00","mainEntityOfPage":{"@id":"https:\/\/fadeu.urantiacos.cl\/en\/2021\/12\/06\/unidades-academicas-fadeu-realizaron-ceremonias-presenciales-de-graduacion-tras-mas-de-un-ano-y-medio-de-pandemia\/"},"wordCount":521,"commentCount":0,"image":{"@id":"https:\/\/fadeu.urantiacos.cl\/en\/2021\/12\/06\/unidades-academicas-fadeu-realizaron-ceremonias-presenciales-de-graduacion-tras-mas-de-un-ano-y-medio-de-pandemia\/#primaryimage"},"thumbnailUrl":"https:\/\/fadeu.urantiacos.cl\/wp-content\/uploads\/2023\/09\/web_VA1_2526.jpg","articleSection":["Sin categorizar"],"inLanguage":"en-US","potentialAction":[{"@type":"CommentAction","name":"Comment","target":["https:\/\/fadeu.urantiacos.cl\/en\/2021\/12\/06\/unidades-academicas-fadeu-realizaron-ceremonias-presenciales-de-graduacion-tras-mas-de-un-ano-y-medio-de-pandemia\/#respond"]}]},{"@type":"WebPage","@id":"https:\/\/fadeu.urantiacos.cl\/en\/2021\/12\/06\/unidades-academicas-fadeu-realizaron-ceremonias-presenciales-de-graduacion-tras-mas-de-un-ano-y-medio-de-pandemia\/","url":"https:\/\/fadeu.urantiacos.cl\/en\/2021\/12\/06\/unidades-academicas-fadeu-realizaron-ceremonias-presenciales-de-graduacion-tras-mas-de-un-ano-y-medio-de-pandemia\/","name":"Unidades Acad\u00e9micas FADEU realizaron ceremonias presenciales de graduaci\u00f3n tras m\u00e1s de un a\u00f1o y medio de pandemia - Facultad de Arquitectura, Dise\u00f1o y Estudios Urbanos","isPartOf":{"@id":"https:\/\/fadeu.urantiacos.cl\/en\/#website"},"primaryImageOfPage":{"@id":"https:\/\/fadeu.urantiacos.cl\/en\/2021\/12\/06\/unidades-academicas-fadeu-realizaron-ceremonias-presenciales-de-graduacion-tras-mas-de-un-ano-y-medio-de-pandemia\/#primaryimage"},"image":{"@id":"https:\/\/fadeu.urantiacos.cl\/en\/2021\/12\/06\/unidades-academicas-fadeu-realizaron-ceremonias-presenciales-de-graduacion-tras-mas-de-un-ano-y-medio-de-pandemia\/#primaryimage"},"thumbnailUrl":"https:\/\/fadeu.urantiacos.cl\/wp-content\/uploads\/2023\/09\/web_VA1_2526.jpg","datePublished":"2021-12-07T01:42:00+00:00","dateModified":"2023-09-07T01:44:30+00:00","author":{"@id":"https:\/\/fadeu.urantiacos.cl\/en\/#\/schema\/person\/d203e2e84b1c40275eac77b3061a19a2"},"description":"Tras el inicio de la pandemia, en marzo de 2020, y luego de m\u00e1s 21 meses de actividades online e h\u00edbridas, por primera vez las escuelas de Arquitectura, Dise\u00f1o y el Instituto de Estudios Urbanos y Territoriales llevaron a cabo sus respectivas ceremonias de graduaci\u00f3n de manera presencial, todas llevadas a cabo en el Patio de Madera del campus Lo Contador, ajustadas a todas las medidas de autocuidado emanadas desde la Autoridad Sanitaria y desde la Mesa COVID UC.","breadcrumb":{"@id":"https:\/\/fadeu.urantiacos.cl\/en\/2021\/12\/06\/unidades-academicas-fadeu-realizaron-ceremonias-presenciales-de-graduacion-tras-mas-de-un-ano-y-medio-de-pandemia\/#breadcrumb"},"inLanguage":"en-US","potentialAction":[{"@type":"ReadAction","target":["https:\/\/fadeu.urantiacos.cl\/en\/2021\/12\/06\/unidades-academicas-fadeu-realizaron-ceremonias-presenciales-de-graduacion-tras-mas-de-un-ano-y-medio-de-pandemia\/"]}]},{"@type":"ImageObject","inLanguage":"en-US","@id":"https:\/\/fadeu.urantiacos.cl\/en\/2021\/12\/06\/unidades-academicas-fadeu-realizaron-ceremonias-presenciales-de-graduacion-tras-mas-de-un-ano-y-medio-de-pandemia\/#primaryimage","url":"https:\/\/fadeu.urantiacos.cl\/wp-content\/uploads\/2023\/09\/web_VA1_2526.jpg","contentUrl":"https:\/\/fadeu.urantiacos.cl\/wp-content\/uploads\/2023\/09\/web_VA1_2526.jpg","width":350,"height":250},{"@type":"BreadcrumbList","@id":"https:\/\/fadeu.urantiacos.cl\/en\/2021\/12\/06\/unidades-academicas-fadeu-realizaron-ceremonias-presenciales-de-graduacion-tras-mas-de-un-ano-y-medio-de-pandemia\/#breadcrumb","itemListElement":[{"@type":"ListItem","position":1,"name":"Portada","item":"https:\/\/fadeu.urantiacos.cl\/en\/"},{"@type":"ListItem","position":2,"name":"Unidades Acad\u00e9micas FADEU realizaron ceremonias presenciales de graduaci\u00f3n tras m\u00e1s de un a\u00f1o y medio de pandemia"}]},{"@type":"WebSite","@id":"https:\/\/fadeu.urantiacos.cl\/en\/#website","url":"https:\/\/fadeu.urantiacos.cl\/en\/","name":"Facultad de Arquitectura, Dise\u00f1o y Estudios Urbanos","description":"Campus Lo Contador","potentialAction":[{"@type":"SearchAction","target":{"@type":"EntryPoint","urlTemplate":"https:\/\/fadeu.urantiacos.cl\/en\/?s={search_term_string}"},"query-input":{"@type":"PropertyValueSpecification","valueRequired":true,"valueName":"search_term_string"}}],"inLanguage":"en-US"},{"@type":"Person","@id":"https:\/\/fadeu.urantiacos.cl\/en\/#\/schema\/person\/d203e2e84b1c40275eac77b3061a19a2","name":"manadmin","image":{"@type":"ImageObject","inLanguage":"en-US","@id":"https:\/\/fadeu.urantiacos.cl\/en\/#\/schema\/person\/image\/","url":"https:\/\/secure.gravatar.com\/avatar\/4b1d8e3303b4a9d8968ac578947d8bc80d9aea359f388cdd4aac15cadc0e8447?s=96&d=mm&r=g","contentUrl":"https:\/\/secure.gravatar.com\/avatar\/4b1d8e3303b4a9d8968ac578947d8bc80d9aea359f388cdd4aac15cadc0e8447?s=96&d=mm&r=g","caption":"manadmin"},"sameAs":["https:\/\/fadeu.urantiacos.cl"]}]}},"_links":{"self":[{"href":"https:\/\/fadeu.urantiacos.cl\/en\/wp-json\/wp\/v2\/posts\/5835","targetHints":{"allow":["GET"]}}],"collection":[{"href":"https:\/\/fadeu.urantiacos.cl\/en\/wp-json\/wp\/v2\/posts"}],"about":[{"href":"https:\/\/fadeu.urantiacos.cl\/en\/wp-json\/wp\/v2\/types\/post"}],"author":[{"embeddable":true,"href":"https:\/\/fadeu.urantiacos.cl\/en\/wp-json\/wp\/v2\/users\/1"}],"replies":[{"embeddable":true,"href":"https:\/\/fadeu.urantiacos.cl\/en\/wp-json\/wp\/v2\/comments?post=5835"}],"version-history":[{"count":1,"href":"https:\/\/fadeu.urantiacos.cl\/en\/wp-json\/wp\/v2\/posts\/5835\/revisions"}],"predecessor-version":[{"id":5837,"href":"https:\/\/fadeu.urantiacos.cl\/en\/wp-json\/wp\/v2\/posts\/5835\/revisions\/5837"}],"wp:featuredmedia":[{"embeddable":true,"href":"https:\/\/fadeu.urantiacos.cl\/en\/wp-json\/wp\/v2\/media\/5836"}],"wp:attachment":[{"href":"https:\/\/fadeu.urantiacos.cl\/en\/wp-json\/wp\/v2\/media?parent=5835"}],"wp:term":[{"taxonomy":"category","embeddable":true,"href":"https:\/\/fadeu.urantiacos.cl\/en\/wp-json\/wp\/v2\/categories?post=5835"},{"taxonomy":"post_tag","embeddable":true,"href":"https:\/\/fadeu.urantiacos.cl\/en\/wp-json\/wp\/v2\/tags?post=5835"}],"curies":[{"name":"wp","href":"https:\/\/api.w.org\/{rel}","templated":true}]}}