{"id":5820,"date":"2021-12-13T22:24:00","date_gmt":"2021-12-14T01:24:00","guid":{"rendered":"https:\/\/fadeu.urantiacos.cl\/?p=5820"},"modified":"2023-09-06T22:34:08","modified_gmt":"2023-09-07T01:34:08","slug":"arq-uc-participo-en-la-trienal-sur-del-mundo-2021","status":"publish","type":"post","link":"https:\/\/fadeu.urantiacos.cl\/en\/2021\/12\/13\/arq-uc-participo-en-la-trienal-sur-del-mundo-2021\/","title":{"rendered":"ARQ UC particip\u00f3 en la Trienal Sur del Mundo 2021"},"content":{"rendered":"\n<figure class=\"wp-block-image size-full\"><img decoding=\"async\" width=\"350\" height=\"250\" src=\"https:\/\/fadeu.urantiacos.cl\/wp-content\/uploads\/2023\/09\/Muestra_ARQ_UC_trienal_2021_web.jpg\" alt=\"\" class=\"wp-image-5822\" srcset=\"https:\/\/fadeu.urantiacos.cl\/wp-content\/uploads\/2023\/09\/Muestra_ARQ_UC_trienal_2021_web.jpg 350w, https:\/\/fadeu.urantiacos.cl\/wp-content\/uploads\/2023\/09\/Muestra_ARQ_UC_trienal_2021_web-300x214.jpg 300w\" sizes=\"(max-width: 350px) 100vw, 350px\" \/><\/figure>\n\n\n\n<p>Muestra universitaria_<br>La participaci\u00f3n ARQ UC en la muestra de universidades se titul\u00f3 &#8220;Una mirada al agua&#8221;, entendiendo la urgencia global y local en torno a esta tem\u00e1tica: estudios indican que el 76% de la superficie de nuestro pa\u00eds est\u00e1 afectada por la sequ\u00eda (Fundaci\u00f3n Chile, 2016) y se proyecta que hacia 2040 Chile ser\u00e1 el pa\u00eds con mayor estr\u00e9s h\u00eddrico en el continente americano (World Resource Institute, 2019). De esta forma, se presentaron en las dos l\u00e1minas de la trienal una composici\u00f3n que re\u00fane las investigaciones ARQ UC de los \u00faltimos cinco a\u00f1os relacionados de una u otra manera a este elemento, compartiendo as\u00ed con los visitantes de la trienal un repositorio accesible en formato online \u2014por medio de c\u00f3digos QR\u2014 de proyectos de investigaci\u00f3n docente, tesis de mag\u00edster y proyectos de t\u00edtulo.<\/p>\n\n\n\n<p>Muestra de proyectos de t\u00edtulo_<br>Reforzando la tem\u00e1tica del agua, fueron tres los proyectos de t\u00edtulo del \u00faltimo a\u00f1o que representaron a la escuela y que se presentaron con mayor profundidad en la muestra:<br>&#8211; \u201cLa Ant\u00e1rtica a la deriva. Un retorno al habitar itinerante en el continente blanco\u201d de Sof\u00eda Valenzuela | Profesores gu\u00eda: Arturo Lyon y Tom\u00e1s Tironi | Ver l\u00e1minas&nbsp;<a href=\"http:\/\/arquitectura.uc.cl\/images\/documents\/Proyecto_de_t%C3%ADtulo_trienal_Sof%C3%ADa_Valdivia.pdf\" target=\"_blank\" rel=\"noreferrer noopener\">aqu\u00ed<\/a>&nbsp;<br>&#8211; \u201cRevalorizaci\u00f3n de un paisaje tejido en la confluencia aguas abajo: Rutas y parque de agua en Isla de Maipo\u201d de Anibal Retamal | Profesora gu\u00eda: Sandra Iturriaga | Ver l\u00e1minas&nbsp;<a href=\"http:\/\/arquitectura.uc.cl\/images\/documents\/Proyecto_de_t%C3%ADtulo_trienal_Anibal_Retamal.pdf\" target=\"_blank\" rel=\"noreferrer noopener\">aqu\u00ed<\/a>&nbsp;<br>&#8211; \u201cArquitectura entre lo inmunol\u00f3gico y lo microsc\u00f3pico: La reconfiguraci\u00f3n del existenzminimun a trav\u00e9s del acto de cuidar en los salares de Atacama ante la crisis clim\u00e1tica\u201d de Florencia Galecio | Profesores gu\u00eda: Pedro Alonso, Javier Ruiz | Ver l\u00e1minas&nbsp;<a href=\"http:\/\/arquitectura.uc.cl\/images\/documents\/Proyecto_de_t%C3%ADtulo_trienal_Florencia_Galecio.pdf\" target=\"_blank\" rel=\"noreferrer noopener\">aqu\u00ed<\/a>&nbsp;<\/p>\n\n\n\n<p>Programa de conferencias_<br>Entre los profesores ARQ UC invitados al programa de conferencias de la trienal, estuvieron:<br>&#8211; Teodoro Fern\u00e1ndez con la charla &#8220;El espacio p\u00fablico como proceso. Proceso al espacio p\u00fablico&#8221; | Viernes 26 de noviembre de 2021 | Ver conferencia en el siguiente&nbsp;<a href=\"https:\/\/www.youtube.com\/watch?time_continue=1002&amp;v=hKR6f5ucpDw&amp;feature=emb_logo&amp;ab_channel=TrienalSurdelMundo2021%3ACiudadesHumanas\" target=\"_blank\" rel=\"noreferrer noopener\">link<\/a>&nbsp;<br>&#8211; Loreto Lyon y Alejandro Beals con la charla &#8220;Beal Lyons Arquitectos&#8221; | S\u00e1bado 27 de noviembre de 2021 | Ver conferencia en el siguiente&nbsp;<a href=\"https:\/\/www.youtube.com\/watch?v=2TRyRQtmMS8\" target=\"_blank\" rel=\"noreferrer noopener\">link<\/a>&nbsp;<br>&#8211; Jos\u00e9 Rosas con la charla \u201cRecomposici\u00f3n de la ciudad\u201d | Lunes 29 de noviembre de 2021 | Ver conferencia en el siguiente&nbsp;<a href=\"https:\/\/www.youtube.com\/watch?v=pz0sjlfqFe0&amp;ab_channel=TrienalSurdelMundo2021%3ACiudadesHumanas\" target=\"_blank\" rel=\"noreferrer noopener\">link<\/a>&nbsp;<\/p>\n\n\n\n<p>Sobre la trienal_<br>La Trienal de Arquitectura y Ciudad al Sur de Mundo busca generar un di\u00e1logo, movilizando el debate de la disciplina mediante diversas muestras y conversaciones. En su primera edici\u00f3n este 2021, el espacio de discusi\u00f3n se bas\u00f3 en temas involucrados en el desarrollo y desaf\u00edos de la ciudad intermedia, que por su escala, es \u201cmediadora\u201d en la organizaci\u00f3n espacial del sistema territorial en el que se inserta. Estas urbes deber\u00edan apuntar a cuidar una escala m\u00e1s humana y preocupada del bienestar cotidiano de sus habitantes, donde la arquitectura se muestra como una manifestaci\u00f3n cultural de la sociedad y c\u00f3mo esta construye el ambiente en que vive. La trienal cont\u00f3 con el apoyo del Fondart en la l\u00ednea de &#8220;Arquitectura&#8221;, bajo la modalidad de &#8220;Organizaci\u00f3n de Encuentros&#8221;.<br>Ver p\u00e1gina web de la trienal en el siguiente\u00a0<a rel=\"noreferrer noopener\" href=\"https:\/\/trienal.cl\/\" target=\"_blank\">link<\/a>\u00a0<\/p>\n\n\n\n<figure class=\"wp-block-image size-large\"><img decoding=\"async\" width=\"1024\" height=\"910\" src=\"https:\/\/fadeu.urantiacos.cl\/wp-content\/uploads\/2023\/09\/Muestra_ARQ_UC_trienal_2021-1024x910.jpg\" alt=\"\" class=\"wp-image-5823\" srcset=\"https:\/\/fadeu.urantiacos.cl\/wp-content\/uploads\/2023\/09\/Muestra_ARQ_UC_trienal_2021-1024x910.jpg 1024w, https:\/\/fadeu.urantiacos.cl\/wp-content\/uploads\/2023\/09\/Muestra_ARQ_UC_trienal_2021-300x267.jpg 300w, https:\/\/fadeu.urantiacos.cl\/wp-content\/uploads\/2023\/09\/Muestra_ARQ_UC_trienal_2021-768x683.jpg 768w, https:\/\/fadeu.urantiacos.cl\/wp-content\/uploads\/2023\/09\/Muestra_ARQ_UC_trienal_2021-1536x1365.jpg 1536w, https:\/\/fadeu.urantiacos.cl\/wp-content\/uploads\/2023\/09\/Muestra_ARQ_UC_trienal_2021-2048x1820.jpg 2048w, https:\/\/fadeu.urantiacos.cl\/wp-content\/uploads\/2023\/09\/Muestra_ARQ_UC_trienal_2021-scaled.jpg 1350w\" sizes=\"(max-width: 1024px) 100vw, 1024px\" \/><\/figure>\n\n\n\n<p>Descargar las l\u00e1minas de la muestra ARQ UC en la trienal&nbsp;<a href=\"http:\/\/arquitectura.uc.cl\/images\/documents\/Muestra_ARQ_UC_trienal_2021.pdf\" target=\"_blank\" rel=\"noreferrer noopener\">aqu\u00ed<\/a>&nbsp;<\/p>\n\n\n\n<p>Noticias<br>Contacto:&nbsp;<a href=\"mailto:redesarq@uc.cl\">redesarq@uc.cl<\/a>&nbsp;| +56 2 2354 7747<br>www.arquitectura.uc.cl<\/p>\n","protected":false},"excerpt":{"rendered":"<p>La edici\u00f3n inaugural del evento de arquitectura chileno se titul\u00f3 \u201cCiudades Humanas\u201d y se llev\u00f3 a cabo entre los d\u00edas 26 de noviembre y 04 de diciembre en las ruinas del Teatro del Liceo Enrique Molina Garmendia en la ciudad de Concepci\u00f3n. La Escuela de Arquitectura UC particip\u00f3 con una muestra y tres proyectos de t\u00edtulo, adem\u00e1s de las conferencias de diferentes profesores ARQ UC.<\/p>\n","protected":false},"author":1,"featured_media":5822,"comment_status":"open","ping_status":"open","sticky":false,"template":"","format":"standard","meta":{"_acf_changed":false,"footnotes":""},"categories":[1],"tags":[],"class_list":["post-5820","post","type-post","status-publish","format-standard","has-post-thumbnail","hentry","category-sin-categorizar"],"acf":[],"yoast_head":"<!-- This site is optimized with the Yoast SEO plugin v27.1.1 - https:\/\/yoast.com\/product\/yoast-seo-wordpress\/ -->\n<title>ARQ UC particip\u00f3 en la Trienal Sur del Mundo 2021 - Facultad de Arquitectura, Dise\u00f1o y Estudios Urbanos<\/title>\n<meta name=\"description\" content=\"La edici\u00f3n inaugural del evento de arquitectura chileno se titul\u00f3 \u201cCiudades Humanas\u201d y se llev\u00f3 a cabo entre los d\u00edas 26 de noviembre y 04 de diciembre en las ruinas del Teatro del Liceo Enrique Molina Garmendia en la ciudad de Concepci\u00f3n. La Escuela de Arquitectura UC particip\u00f3 con una muestra y tres proyectos de t\u00edtulo, adem\u00e1s de las conferencias de diferentes profesores ARQ UC.\" \/>\n<meta name=\"robots\" content=\"index, follow, max-snippet:-1, max-image-preview:large, max-video-preview:-1\" \/>\n<link rel=\"canonical\" href=\"https:\/\/fadeu.urantiacos.cl\/en\/2021\/12\/13\/arq-uc-participo-en-la-trienal-sur-del-mundo-2021\/\" \/>\n<meta property=\"og:locale\" content=\"en_US\" \/>\n<meta property=\"og:type\" content=\"article\" \/>\n<meta property=\"og:title\" content=\"ARQ UC particip\u00f3 en la Trienal Sur del Mundo 2021 - Facultad de Arquitectura, Dise\u00f1o y Estudios Urbanos\" \/>\n<meta property=\"og:description\" content=\"La edici\u00f3n inaugural del evento de arquitectura chileno se titul\u00f3 \u201cCiudades Humanas\u201d y se llev\u00f3 a cabo entre los d\u00edas 26 de noviembre y 04 de diciembre en las ruinas del Teatro del Liceo Enrique Molina Garmendia en la ciudad de Concepci\u00f3n. La Escuela de Arquitectura UC particip\u00f3 con una muestra y tres proyectos de t\u00edtulo, adem\u00e1s de las conferencias de diferentes profesores ARQ UC.\" \/>\n<meta property=\"og:url\" content=\"https:\/\/fadeu.urantiacos.cl\/en\/2021\/12\/13\/arq-uc-participo-en-la-trienal-sur-del-mundo-2021\/\" \/>\n<meta property=\"og:site_name\" content=\"Facultad de Arquitectura, Dise\u00f1o y Estudios Urbanos\" \/>\n<meta property=\"article:published_time\" content=\"2021-12-14T01:24:00+00:00\" \/>\n<meta property=\"article:modified_time\" content=\"2023-09-07T01:34:08+00:00\" \/>\n<meta property=\"og:image\" content=\"https:\/\/fadeu.urantiacos.cl\/wp-content\/uploads\/2023\/09\/Muestra_ARQ_UC_trienal_2021_web.jpg\" \/>\n\t<meta property=\"og:image:width\" content=\"350\" \/>\n\t<meta property=\"og:image:height\" content=\"250\" \/>\n\t<meta property=\"og:image:type\" content=\"image\/jpeg\" \/>\n<meta name=\"author\" content=\"manadmin\" \/>\n<meta name=\"twitter:card\" content=\"summary_large_image\" \/>\n<meta name=\"twitter:label1\" content=\"Written by\" \/>\n\t<meta name=\"twitter:data1\" content=\"manadmin\" \/>\n\t<meta name=\"twitter:label2\" content=\"Est. reading time\" \/>\n\t<meta name=\"twitter:data2\" content=\"3 minutes\" \/>\n<script type=\"application\/ld+json\" class=\"yoast-schema-graph\">{\"@context\":\"https:\/\/schema.org\",\"@graph\":[{\"@type\":\"Article\",\"@id\":\"https:\/\/fadeu.urantiacos.cl\/en\/2021\/12\/13\/arq-uc-participo-en-la-trienal-sur-del-mundo-2021\/#article\",\"isPartOf\":{\"@id\":\"https:\/\/fadeu.urantiacos.cl\/en\/2021\/12\/13\/arq-uc-participo-en-la-trienal-sur-del-mundo-2021\/\"},\"author\":{\"name\":\"manadmin\",\"@id\":\"https:\/\/fadeu.urantiacos.cl\/en\/#\/schema\/person\/d203e2e84b1c40275eac77b3061a19a2\"},\"headline\":\"ARQ UC particip\u00f3 en la Trienal Sur del Mundo 2021\",\"datePublished\":\"2021-12-14T01:24:00+00:00\",\"dateModified\":\"2023-09-07T01:34:08+00:00\",\"mainEntityOfPage\":{\"@id\":\"https:\/\/fadeu.urantiacos.cl\/en\/2021\/12\/13\/arq-uc-participo-en-la-trienal-sur-del-mundo-2021\/\"},\"wordCount\":581,\"commentCount\":0,\"image\":{\"@id\":\"https:\/\/fadeu.urantiacos.cl\/en\/2021\/12\/13\/arq-uc-participo-en-la-trienal-sur-del-mundo-2021\/#primaryimage\"},\"thumbnailUrl\":\"https:\/\/fadeu.urantiacos.cl\/wp-content\/uploads\/2023\/09\/Muestra_ARQ_UC_trienal_2021_web.jpg\",\"articleSection\":[\"Sin categorizar\"],\"inLanguage\":\"en-US\",\"potentialAction\":[{\"@type\":\"CommentAction\",\"name\":\"Comment\",\"target\":[\"https:\/\/fadeu.urantiacos.cl\/en\/2021\/12\/13\/arq-uc-participo-en-la-trienal-sur-del-mundo-2021\/#respond\"]}]},{\"@type\":\"WebPage\",\"@id\":\"https:\/\/fadeu.urantiacos.cl\/en\/2021\/12\/13\/arq-uc-participo-en-la-trienal-sur-del-mundo-2021\/\",\"url\":\"https:\/\/fadeu.urantiacos.cl\/en\/2021\/12\/13\/arq-uc-participo-en-la-trienal-sur-del-mundo-2021\/\",\"name\":\"ARQ UC particip\u00f3 en la Trienal Sur del Mundo 2021 - Facultad de Arquitectura, Dise\u00f1o y Estudios Urbanos\",\"isPartOf\":{\"@id\":\"https:\/\/fadeu.urantiacos.cl\/en\/#website\"},\"primaryImageOfPage\":{\"@id\":\"https:\/\/fadeu.urantiacos.cl\/en\/2021\/12\/13\/arq-uc-participo-en-la-trienal-sur-del-mundo-2021\/#primaryimage\"},\"image\":{\"@id\":\"https:\/\/fadeu.urantiacos.cl\/en\/2021\/12\/13\/arq-uc-participo-en-la-trienal-sur-del-mundo-2021\/#primaryimage\"},\"thumbnailUrl\":\"https:\/\/fadeu.urantiacos.cl\/wp-content\/uploads\/2023\/09\/Muestra_ARQ_UC_trienal_2021_web.jpg\",\"datePublished\":\"2021-12-14T01:24:00+00:00\",\"dateModified\":\"2023-09-07T01:34:08+00:00\",\"author\":{\"@id\":\"https:\/\/fadeu.urantiacos.cl\/en\/#\/schema\/person\/d203e2e84b1c40275eac77b3061a19a2\"},\"description\":\"La edici\u00f3n inaugural del evento de arquitectura chileno se titul\u00f3 \u201cCiudades Humanas\u201d y se llev\u00f3 a cabo entre los d\u00edas 26 de noviembre y 04 de diciembre en las ruinas del Teatro del Liceo Enrique Molina Garmendia en la ciudad de Concepci\u00f3n. La Escuela de Arquitectura UC particip\u00f3 con una muestra y tres proyectos de t\u00edtulo, adem\u00e1s de las conferencias de diferentes profesores ARQ UC.\",\"breadcrumb\":{\"@id\":\"https:\/\/fadeu.urantiacos.cl\/en\/2021\/12\/13\/arq-uc-participo-en-la-trienal-sur-del-mundo-2021\/#breadcrumb\"},\"inLanguage\":\"en-US\",\"potentialAction\":[{\"@type\":\"ReadAction\",\"target\":[\"https:\/\/fadeu.urantiacos.cl\/en\/2021\/12\/13\/arq-uc-participo-en-la-trienal-sur-del-mundo-2021\/\"]}]},{\"@type\":\"ImageObject\",\"inLanguage\":\"en-US\",\"@id\":\"https:\/\/fadeu.urantiacos.cl\/en\/2021\/12\/13\/arq-uc-participo-en-la-trienal-sur-del-mundo-2021\/#primaryimage\",\"url\":\"https:\/\/fadeu.urantiacos.cl\/wp-content\/uploads\/2023\/09\/Muestra_ARQ_UC_trienal_2021_web.jpg\",\"contentUrl\":\"https:\/\/fadeu.urantiacos.cl\/wp-content\/uploads\/2023\/09\/Muestra_ARQ_UC_trienal_2021_web.jpg\",\"width\":350,\"height\":250},{\"@type\":\"BreadcrumbList\",\"@id\":\"https:\/\/fadeu.urantiacos.cl\/en\/2021\/12\/13\/arq-uc-participo-en-la-trienal-sur-del-mundo-2021\/#breadcrumb\",\"itemListElement\":[{\"@type\":\"ListItem\",\"position\":1,\"name\":\"Portada\",\"item\":\"https:\/\/fadeu.urantiacos.cl\/en\/\"},{\"@type\":\"ListItem\",\"position\":2,\"name\":\"ARQ UC particip\u00f3 en la Trienal Sur del Mundo 2021\"}]},{\"@type\":\"WebSite\",\"@id\":\"https:\/\/fadeu.urantiacos.cl\/en\/#website\",\"url\":\"https:\/\/fadeu.urantiacos.cl\/en\/\",\"name\":\"Facultad de Arquitectura, Dise\u00f1o y Estudios Urbanos\",\"description\":\"Campus Lo Contador\",\"potentialAction\":[{\"@type\":\"SearchAction\",\"target\":{\"@type\":\"EntryPoint\",\"urlTemplate\":\"https:\/\/fadeu.urantiacos.cl\/en\/?s={search_term_string}\"},\"query-input\":{\"@type\":\"PropertyValueSpecification\",\"valueRequired\":true,\"valueName\":\"search_term_string\"}}],\"inLanguage\":\"en-US\"},{\"@type\":\"Person\",\"@id\":\"https:\/\/fadeu.urantiacos.cl\/en\/#\/schema\/person\/d203e2e84b1c40275eac77b3061a19a2\",\"name\":\"manadmin\",\"image\":{\"@type\":\"ImageObject\",\"inLanguage\":\"en-US\",\"@id\":\"https:\/\/fadeu.urantiacos.cl\/en\/#\/schema\/person\/image\/\",\"url\":\"https:\/\/secure.gravatar.com\/avatar\/4b1d8e3303b4a9d8968ac578947d8bc80d9aea359f388cdd4aac15cadc0e8447?s=96&d=mm&r=g\",\"contentUrl\":\"https:\/\/secure.gravatar.com\/avatar\/4b1d8e3303b4a9d8968ac578947d8bc80d9aea359f388cdd4aac15cadc0e8447?s=96&d=mm&r=g\",\"caption\":\"manadmin\"},\"sameAs\":[\"https:\/\/fadeu.urantiacos.cl\"]}]}<\/script>\n<!-- \/ Yoast SEO plugin. -->","yoast_head_json":{"title":"ARQ UC particip\u00f3 en la Trienal Sur del Mundo 2021 - Facultad de Arquitectura, Dise\u00f1o y Estudios Urbanos","description":"La edici\u00f3n inaugural del evento de arquitectura chileno se titul\u00f3 \u201cCiudades Humanas\u201d y se llev\u00f3 a cabo entre los d\u00edas 26 de noviembre y 04 de diciembre en las ruinas del Teatro del Liceo Enrique Molina Garmendia en la ciudad de Concepci\u00f3n. La Escuela de Arquitectura UC particip\u00f3 con una muestra y tres proyectos de t\u00edtulo, adem\u00e1s de las conferencias de diferentes profesores ARQ UC.","robots":{"index":"index","follow":"follow","max-snippet":"max-snippet:-1","max-image-preview":"max-image-preview:large","max-video-preview":"max-video-preview:-1"},"canonical":"https:\/\/fadeu.urantiacos.cl\/en\/2021\/12\/13\/arq-uc-participo-en-la-trienal-sur-del-mundo-2021\/","og_locale":"en_US","og_type":"article","og_title":"ARQ UC particip\u00f3 en la Trienal Sur del Mundo 2021 - Facultad de Arquitectura, Dise\u00f1o y Estudios Urbanos","og_description":"La edici\u00f3n inaugural del evento de arquitectura chileno se titul\u00f3 \u201cCiudades Humanas\u201d y se llev\u00f3 a cabo entre los d\u00edas 26 de noviembre y 04 de diciembre en las ruinas del Teatro del Liceo Enrique Molina Garmendia en la ciudad de Concepci\u00f3n. La Escuela de Arquitectura UC particip\u00f3 con una muestra y tres proyectos de t\u00edtulo, adem\u00e1s de las conferencias de diferentes profesores ARQ UC.","og_url":"https:\/\/fadeu.urantiacos.cl\/en\/2021\/12\/13\/arq-uc-participo-en-la-trienal-sur-del-mundo-2021\/","og_site_name":"Facultad de Arquitectura, Dise\u00f1o y Estudios Urbanos","article_published_time":"2021-12-14T01:24:00+00:00","article_modified_time":"2023-09-07T01:34:08+00:00","og_image":[{"width":350,"height":250,"url":"https:\/\/fadeu.urantiacos.cl\/wp-content\/uploads\/2023\/09\/Muestra_ARQ_UC_trienal_2021_web.jpg","type":"image\/jpeg"}],"author":"manadmin","twitter_card":"summary_large_image","twitter_misc":{"Written by":"manadmin","Est. reading time":"3 minutes"},"schema":{"@context":"https:\/\/schema.org","@graph":[{"@type":"Article","@id":"https:\/\/fadeu.urantiacos.cl\/en\/2021\/12\/13\/arq-uc-participo-en-la-trienal-sur-del-mundo-2021\/#article","isPartOf":{"@id":"https:\/\/fadeu.urantiacos.cl\/en\/2021\/12\/13\/arq-uc-participo-en-la-trienal-sur-del-mundo-2021\/"},"author":{"name":"manadmin","@id":"https:\/\/fadeu.urantiacos.cl\/en\/#\/schema\/person\/d203e2e84b1c40275eac77b3061a19a2"},"headline":"ARQ UC particip\u00f3 en la Trienal Sur del Mundo 2021","datePublished":"2021-12-14T01:24:00+00:00","dateModified":"2023-09-07T01:34:08+00:00","mainEntityOfPage":{"@id":"https:\/\/fadeu.urantiacos.cl\/en\/2021\/12\/13\/arq-uc-participo-en-la-trienal-sur-del-mundo-2021\/"},"wordCount":581,"commentCount":0,"image":{"@id":"https:\/\/fadeu.urantiacos.cl\/en\/2021\/12\/13\/arq-uc-participo-en-la-trienal-sur-del-mundo-2021\/#primaryimage"},"thumbnailUrl":"https:\/\/fadeu.urantiacos.cl\/wp-content\/uploads\/2023\/09\/Muestra_ARQ_UC_trienal_2021_web.jpg","articleSection":["Sin categorizar"],"inLanguage":"en-US","potentialAction":[{"@type":"CommentAction","name":"Comment","target":["https:\/\/fadeu.urantiacos.cl\/en\/2021\/12\/13\/arq-uc-participo-en-la-trienal-sur-del-mundo-2021\/#respond"]}]},{"@type":"WebPage","@id":"https:\/\/fadeu.urantiacos.cl\/en\/2021\/12\/13\/arq-uc-participo-en-la-trienal-sur-del-mundo-2021\/","url":"https:\/\/fadeu.urantiacos.cl\/en\/2021\/12\/13\/arq-uc-participo-en-la-trienal-sur-del-mundo-2021\/","name":"ARQ UC particip\u00f3 en la Trienal Sur del Mundo 2021 - Facultad de Arquitectura, Dise\u00f1o y Estudios Urbanos","isPartOf":{"@id":"https:\/\/fadeu.urantiacos.cl\/en\/#website"},"primaryImageOfPage":{"@id":"https:\/\/fadeu.urantiacos.cl\/en\/2021\/12\/13\/arq-uc-participo-en-la-trienal-sur-del-mundo-2021\/#primaryimage"},"image":{"@id":"https:\/\/fadeu.urantiacos.cl\/en\/2021\/12\/13\/arq-uc-participo-en-la-trienal-sur-del-mundo-2021\/#primaryimage"},"thumbnailUrl":"https:\/\/fadeu.urantiacos.cl\/wp-content\/uploads\/2023\/09\/Muestra_ARQ_UC_trienal_2021_web.jpg","datePublished":"2021-12-14T01:24:00+00:00","dateModified":"2023-09-07T01:34:08+00:00","author":{"@id":"https:\/\/fadeu.urantiacos.cl\/en\/#\/schema\/person\/d203e2e84b1c40275eac77b3061a19a2"},"description":"La edici\u00f3n inaugural del evento de arquitectura chileno se titul\u00f3 \u201cCiudades Humanas\u201d y se llev\u00f3 a cabo entre los d\u00edas 26 de noviembre y 04 de diciembre en las ruinas del Teatro del Liceo Enrique Molina Garmendia en la ciudad de Concepci\u00f3n. La Escuela de Arquitectura UC particip\u00f3 con una muestra y tres proyectos de t\u00edtulo, adem\u00e1s de las conferencias de diferentes profesores ARQ UC.","breadcrumb":{"@id":"https:\/\/fadeu.urantiacos.cl\/en\/2021\/12\/13\/arq-uc-participo-en-la-trienal-sur-del-mundo-2021\/#breadcrumb"},"inLanguage":"en-US","potentialAction":[{"@type":"ReadAction","target":["https:\/\/fadeu.urantiacos.cl\/en\/2021\/12\/13\/arq-uc-participo-en-la-trienal-sur-del-mundo-2021\/"]}]},{"@type":"ImageObject","inLanguage":"en-US","@id":"https:\/\/fadeu.urantiacos.cl\/en\/2021\/12\/13\/arq-uc-participo-en-la-trienal-sur-del-mundo-2021\/#primaryimage","url":"https:\/\/fadeu.urantiacos.cl\/wp-content\/uploads\/2023\/09\/Muestra_ARQ_UC_trienal_2021_web.jpg","contentUrl":"https:\/\/fadeu.urantiacos.cl\/wp-content\/uploads\/2023\/09\/Muestra_ARQ_UC_trienal_2021_web.jpg","width":350,"height":250},{"@type":"BreadcrumbList","@id":"https:\/\/fadeu.urantiacos.cl\/en\/2021\/12\/13\/arq-uc-participo-en-la-trienal-sur-del-mundo-2021\/#breadcrumb","itemListElement":[{"@type":"ListItem","position":1,"name":"Portada","item":"https:\/\/fadeu.urantiacos.cl\/en\/"},{"@type":"ListItem","position":2,"name":"ARQ UC particip\u00f3 en la Trienal Sur del Mundo 2021"}]},{"@type":"WebSite","@id":"https:\/\/fadeu.urantiacos.cl\/en\/#website","url":"https:\/\/fadeu.urantiacos.cl\/en\/","name":"Facultad de Arquitectura, Dise\u00f1o y Estudios Urbanos","description":"Campus Lo Contador","potentialAction":[{"@type":"SearchAction","target":{"@type":"EntryPoint","urlTemplate":"https:\/\/fadeu.urantiacos.cl\/en\/?s={search_term_string}"},"query-input":{"@type":"PropertyValueSpecification","valueRequired":true,"valueName":"search_term_string"}}],"inLanguage":"en-US"},{"@type":"Person","@id":"https:\/\/fadeu.urantiacos.cl\/en\/#\/schema\/person\/d203e2e84b1c40275eac77b3061a19a2","name":"manadmin","image":{"@type":"ImageObject","inLanguage":"en-US","@id":"https:\/\/fadeu.urantiacos.cl\/en\/#\/schema\/person\/image\/","url":"https:\/\/secure.gravatar.com\/avatar\/4b1d8e3303b4a9d8968ac578947d8bc80d9aea359f388cdd4aac15cadc0e8447?s=96&d=mm&r=g","contentUrl":"https:\/\/secure.gravatar.com\/avatar\/4b1d8e3303b4a9d8968ac578947d8bc80d9aea359f388cdd4aac15cadc0e8447?s=96&d=mm&r=g","caption":"manadmin"},"sameAs":["https:\/\/fadeu.urantiacos.cl"]}]}},"_links":{"self":[{"href":"https:\/\/fadeu.urantiacos.cl\/en\/wp-json\/wp\/v2\/posts\/5820","targetHints":{"allow":["GET"]}}],"collection":[{"href":"https:\/\/fadeu.urantiacos.cl\/en\/wp-json\/wp\/v2\/posts"}],"about":[{"href":"https:\/\/fadeu.urantiacos.cl\/en\/wp-json\/wp\/v2\/types\/post"}],"author":[{"embeddable":true,"href":"https:\/\/fadeu.urantiacos.cl\/en\/wp-json\/wp\/v2\/users\/1"}],"replies":[{"embeddable":true,"href":"https:\/\/fadeu.urantiacos.cl\/en\/wp-json\/wp\/v2\/comments?post=5820"}],"version-history":[{"count":1,"href":"https:\/\/fadeu.urantiacos.cl\/en\/wp-json\/wp\/v2\/posts\/5820\/revisions"}],"predecessor-version":[{"id":5824,"href":"https:\/\/fadeu.urantiacos.cl\/en\/wp-json\/wp\/v2\/posts\/5820\/revisions\/5824"}],"wp:featuredmedia":[{"embeddable":true,"href":"https:\/\/fadeu.urantiacos.cl\/en\/wp-json\/wp\/v2\/media\/5822"}],"wp:attachment":[{"href":"https:\/\/fadeu.urantiacos.cl\/en\/wp-json\/wp\/v2\/media?parent=5820"}],"wp:term":[{"taxonomy":"category","embeddable":true,"href":"https:\/\/fadeu.urantiacos.cl\/en\/wp-json\/wp\/v2\/categories?post=5820"},{"taxonomy":"post_tag","embeddable":true,"href":"https:\/\/fadeu.urantiacos.cl\/en\/wp-json\/wp\/v2\/tags?post=5820"}],"curies":[{"name":"wp","href":"https:\/\/api.w.org\/{rel}","templated":true}]}}