{"id":5814,"date":"2021-12-13T22:17:00","date_gmt":"2021-12-14T01:17:00","guid":{"rendered":"https:\/\/fadeu.urantiacos.cl\/?p=5814"},"modified":"2023-09-06T22:22:19","modified_gmt":"2023-09-07T01:22:19","slug":"taller-de-investigacion-arq-uc-colabora-con-la-coalicion-50l-home-con-sede-en-suiza","status":"publish","type":"post","link":"https:\/\/fadeu.urantiacos.cl\/en\/2021\/12\/13\/taller-de-investigacion-arq-uc-colabora-con-la-coalicion-50l-home-con-sede-en-suiza\/","title":{"rendered":"Taller de Investigaci\u00f3n ARQ UC colabora con la Coalici\u00f3n 50L Home con sede en Suiza"},"content":{"rendered":"\n<figure class=\"wp-block-image size-full\"><img decoding=\"async\" width=\"350\" height=\"250\" src=\"https:\/\/fadeu.urantiacos.cl\/wp-content\/uploads\/2023\/09\/WEB_22FBF713-F4FC-4387-B46F-F475CC72E899.jpg\" alt=\"\" class=\"wp-image-5816\" srcset=\"https:\/\/fadeu.urantiacos.cl\/wp-content\/uploads\/2023\/09\/WEB_22FBF713-F4FC-4387-B46F-F475CC72E899.jpg 350w, https:\/\/fadeu.urantiacos.cl\/wp-content\/uploads\/2023\/09\/WEB_22FBF713-F4FC-4387-B46F-F475CC72E899-300x214.jpg 300w\" sizes=\"(max-width: 350px) 100vw, 350px\" \/><\/figure>\n\n\n\n<p>Con el objetivo de explorar soluciones t\u00e9cnicas y arquitect\u00f3nicas para reducir a 50 litros diarios el consumo de agua por persona \u2014el promedio actual en Chile es de 170 litros\u2014, el curso tom\u00f3 como caso o referencia el desierto de Atacama, y en particular la Estaci\u00f3n de Alto Patache, para as\u00ed instalar diferentes prototipos de habitaci\u00f3n de bajo consumo de agua y energ\u00eda, estudiando su comportamiento en el lugar. Durante la visita, el equipo docente y los 14 estudiantes tuvieron una conversaci\u00f3n telem\u00e1tica con el director de la Coalici\u00f3n 50L Home, Braulio Eduardo Morera, plataforma pionera orientada a la acci\u00f3n que re\u00fane a organizaciones p\u00fablicas y privadas, investigadores y ciudadanos, entre otros, para abordar dos de los desaf\u00edos m\u00e1s urgentes a nivel global: la seguridad del agua y el cambio clim\u00e1tico.<\/p>\n\n\n\n<p>Entre los eventos en los que se encuentran los integrantes de esta iniciativa \u2014que agrupa a representantes del sector privado, del sector p\u00fablico y de la sociedad civil, y en la que se presentan las indagaciones, prototipos y pol\u00edticas p\u00fablicas, entre otras\u2014 est\u00e1n el Foro Econ\u00f3mico Mundial, el Grupo de Recursos H\u00eddricos 2030 y el Consejo Empresarial Mundial para el Desarrollo Sostenible (WBCSD).<\/p>\n\n\n\n<p>Los estudiantes tuvieron tambi\u00e9n una serie de charlas con invitados internacionales: Braulio Eduardo Morera, director 50L Home; Martin Shouler y Philioa Stanley, directores del Grupo de Agua de Arup de Londres; H\u00e9l\u00e8ne L. Cornils, directora de Desarrollo Avanzado para Cocinas y Ba\u00f1os de Kohler; y Paula Kehoe, directora Eficiencia H\u00eddrica en San Francisco Water, USA.<\/p>\n\n\n\n<p>Ver m\u00e1s sobre la Coalici\u00f3n 50L Home en el siguiente&nbsp;<a href=\"https:\/\/www.fundacionicl.org\/proyecto-50l-home\" target=\"_blank\" rel=\"noreferrer noopener\">link<\/a>&nbsp;<\/p>\n\n\n\n<figure class=\"wp-block-image size-large\"><img decoding=\"async\" width=\"1024\" height=\"768\" src=\"https:\/\/fadeu.urantiacos.cl\/wp-content\/uploads\/2023\/09\/22FBF713-F4FC-4387-B46F-F475CC72E899-1024x768.jpeg\" alt=\"\" class=\"wp-image-5817\" srcset=\"https:\/\/fadeu.urantiacos.cl\/wp-content\/uploads\/2023\/09\/22FBF713-F4FC-4387-B46F-F475CC72E899-1024x768.jpeg 1024w, https:\/\/fadeu.urantiacos.cl\/wp-content\/uploads\/2023\/09\/22FBF713-F4FC-4387-B46F-F475CC72E899-300x225.jpeg 300w, https:\/\/fadeu.urantiacos.cl\/wp-content\/uploads\/2023\/09\/22FBF713-F4FC-4387-B46F-F475CC72E899-768x576.jpeg 768w, https:\/\/fadeu.urantiacos.cl\/wp-content\/uploads\/2023\/09\/22FBF713-F4FC-4387-B46F-F475CC72E899-1536x1152.jpeg 1536w, https:\/\/fadeu.urantiacos.cl\/wp-content\/uploads\/2023\/09\/22FBF713-F4FC-4387-B46F-F475CC72E899-2048x1536.jpeg 2048w, https:\/\/fadeu.urantiacos.cl\/wp-content\/uploads\/2023\/09\/22FBF713-F4FC-4387-B46F-F475CC72E899-scaled.jpeg 1600w\" sizes=\"(max-width: 1024px) 100vw, 1024px\" \/><\/figure>\n\n\n\n<figure class=\"wp-block-image size-large\"><img decoding=\"async\" width=\"1024\" height=\"724\" src=\"https:\/\/fadeu.urantiacos.cl\/wp-content\/uploads\/2023\/09\/IMG_302210.12.21-1024x724.jpg\" alt=\"\" class=\"wp-image-5818\" srcset=\"https:\/\/fadeu.urantiacos.cl\/wp-content\/uploads\/2023\/09\/IMG_302210.12.21-1024x724.jpg 1024w, https:\/\/fadeu.urantiacos.cl\/wp-content\/uploads\/2023\/09\/IMG_302210.12.21-300x212.jpg 300w, https:\/\/fadeu.urantiacos.cl\/wp-content\/uploads\/2023\/09\/IMG_302210.12.21-768x543.jpg 768w, https:\/\/fadeu.urantiacos.cl\/wp-content\/uploads\/2023\/09\/IMG_302210.12.21-1536x1086.jpg 1536w, https:\/\/fadeu.urantiacos.cl\/wp-content\/uploads\/2023\/09\/IMG_302210.12.21.jpg 1600w\" sizes=\"(max-width: 1024px) 100vw, 1024px\" \/><\/figure>\n\n\n\n<p>Fotograf\u00edas del viaje y proyectos, cortes\u00eda Pedro Alonso<\/p>\n\n\n\n<p>Noticias<br>Contacto:&nbsp;<a href=\"mailto:redesarq@uc.cl\">redesarq@uc.cl<\/a>&nbsp;| +56 2 2354 7747<br>www.arquitectura.uc.cl<\/p>\n","protected":false},"excerpt":{"rendered":"<p>El taller \u201cLa casa de los 50 litros\u201d \u2014dirigido el profesor ARQ UC y jefe del Doctorado FADEU UC Pedro Alonso en colaboraci\u00f3n con Pablo Gubbins\u2014, cuenta con el apoyo de la plataforma global con base en Ginebra, Suiza, y realiz\u00f3 la primera visita al Centro del Desierto de Atacama (CDA) en Alto Patache en el marco de las investigaciones sobre el tema.<\/p>\n","protected":false},"author":1,"featured_media":5816,"comment_status":"open","ping_status":"open","sticky":false,"template":"","format":"standard","meta":{"_acf_changed":false,"footnotes":""},"categories":[1],"tags":[],"class_list":["post-5814","post","type-post","status-publish","format-standard","has-post-thumbnail","hentry","category-sin-categorizar"],"acf":[],"yoast_head":"<!-- This site is optimized with the Yoast SEO plugin v27.1.1 - https:\/\/yoast.com\/product\/yoast-seo-wordpress\/ -->\n<title>Taller de Investigaci\u00f3n ARQ UC colabora con la Coalici\u00f3n 50L Home con sede en Suiza - Facultad de Arquitectura, Dise\u00f1o y Estudios Urbanos<\/title>\n<meta name=\"description\" content=\"El taller \u201cLa casa de los 50 litros\u201d \u2014dirigido el profesor ARQ UC y jefe del Doctorado FADEU UC Pedro Alonso en colaboraci\u00f3n con Pablo Gubbins\u2014, cuenta con el apoyo de la plataforma global con base en Ginebra, Suiza, y realiz\u00f3 la primera visita al Centro del Desierto de Atacama (CDA) en Alto Patache en el marco de las investigaciones sobre el tema.\" \/>\n<meta name=\"robots\" content=\"index, follow, max-snippet:-1, max-image-preview:large, max-video-preview:-1\" \/>\n<link rel=\"canonical\" href=\"https:\/\/fadeu.urantiacos.cl\/en\/2021\/12\/13\/taller-de-investigacion-arq-uc-colabora-con-la-coalicion-50l-home-con-sede-en-suiza\/\" \/>\n<meta property=\"og:locale\" content=\"en_US\" \/>\n<meta property=\"og:type\" content=\"article\" \/>\n<meta property=\"og:title\" content=\"Taller de Investigaci\u00f3n ARQ UC colabora con la Coalici\u00f3n 50L Home con sede en Suiza - Facultad de Arquitectura, Dise\u00f1o y Estudios Urbanos\" \/>\n<meta property=\"og:description\" content=\"El taller \u201cLa casa de los 50 litros\u201d \u2014dirigido el profesor ARQ UC y jefe del Doctorado FADEU UC Pedro Alonso en colaboraci\u00f3n con Pablo Gubbins\u2014, cuenta con el apoyo de la plataforma global con base en Ginebra, Suiza, y realiz\u00f3 la primera visita al Centro del Desierto de Atacama (CDA) en Alto Patache en el marco de las investigaciones sobre el tema.\" \/>\n<meta property=\"og:url\" content=\"https:\/\/fadeu.urantiacos.cl\/en\/2021\/12\/13\/taller-de-investigacion-arq-uc-colabora-con-la-coalicion-50l-home-con-sede-en-suiza\/\" \/>\n<meta property=\"og:site_name\" content=\"Facultad de Arquitectura, Dise\u00f1o y Estudios Urbanos\" \/>\n<meta property=\"article:published_time\" content=\"2021-12-14T01:17:00+00:00\" \/>\n<meta property=\"article:modified_time\" content=\"2023-09-07T01:22:19+00:00\" \/>\n<meta property=\"og:image\" content=\"https:\/\/fadeu.urantiacos.cl\/wp-content\/uploads\/2023\/09\/WEB_22FBF713-F4FC-4387-B46F-F475CC72E899.jpg\" \/>\n\t<meta property=\"og:image:width\" content=\"350\" \/>\n\t<meta property=\"og:image:height\" content=\"250\" \/>\n\t<meta property=\"og:image:type\" content=\"image\/jpeg\" \/>\n<meta name=\"author\" content=\"manadmin\" \/>\n<meta name=\"twitter:card\" content=\"summary_large_image\" \/>\n<meta name=\"twitter:label1\" content=\"Written by\" \/>\n\t<meta name=\"twitter:data1\" content=\"manadmin\" \/>\n\t<meta name=\"twitter:label2\" content=\"Est. reading time\" \/>\n\t<meta name=\"twitter:data2\" content=\"2 minutes\" \/>\n<script type=\"application\/ld+json\" class=\"yoast-schema-graph\">{\"@context\":\"https:\/\/schema.org\",\"@graph\":[{\"@type\":\"Article\",\"@id\":\"https:\/\/fadeu.urantiacos.cl\/en\/2021\/12\/13\/taller-de-investigacion-arq-uc-colabora-con-la-coalicion-50l-home-con-sede-en-suiza\/#article\",\"isPartOf\":{\"@id\":\"https:\/\/fadeu.urantiacos.cl\/en\/2021\/12\/13\/taller-de-investigacion-arq-uc-colabora-con-la-coalicion-50l-home-con-sede-en-suiza\/\"},\"author\":{\"name\":\"manadmin\",\"@id\":\"https:\/\/fadeu.urantiacos.cl\/en\/#\/schema\/person\/d203e2e84b1c40275eac77b3061a19a2\"},\"headline\":\"Taller de Investigaci\u00f3n ARQ UC colabora con la Coalici\u00f3n 50L Home con sede en Suiza\",\"datePublished\":\"2021-12-14T01:17:00+00:00\",\"dateModified\":\"2023-09-07T01:22:19+00:00\",\"mainEntityOfPage\":{\"@id\":\"https:\/\/fadeu.urantiacos.cl\/en\/2021\/12\/13\/taller-de-investigacion-arq-uc-colabora-con-la-coalicion-50l-home-con-sede-en-suiza\/\"},\"wordCount\":322,\"commentCount\":0,\"image\":{\"@id\":\"https:\/\/fadeu.urantiacos.cl\/en\/2021\/12\/13\/taller-de-investigacion-arq-uc-colabora-con-la-coalicion-50l-home-con-sede-en-suiza\/#primaryimage\"},\"thumbnailUrl\":\"https:\/\/fadeu.urantiacos.cl\/wp-content\/uploads\/2023\/09\/WEB_22FBF713-F4FC-4387-B46F-F475CC72E899.jpg\",\"articleSection\":[\"Sin categorizar\"],\"inLanguage\":\"en-US\",\"potentialAction\":[{\"@type\":\"CommentAction\",\"name\":\"Comment\",\"target\":[\"https:\/\/fadeu.urantiacos.cl\/en\/2021\/12\/13\/taller-de-investigacion-arq-uc-colabora-con-la-coalicion-50l-home-con-sede-en-suiza\/#respond\"]}]},{\"@type\":\"WebPage\",\"@id\":\"https:\/\/fadeu.urantiacos.cl\/en\/2021\/12\/13\/taller-de-investigacion-arq-uc-colabora-con-la-coalicion-50l-home-con-sede-en-suiza\/\",\"url\":\"https:\/\/fadeu.urantiacos.cl\/en\/2021\/12\/13\/taller-de-investigacion-arq-uc-colabora-con-la-coalicion-50l-home-con-sede-en-suiza\/\",\"name\":\"Taller de Investigaci\u00f3n ARQ UC colabora con la Coalici\u00f3n 50L Home con sede en Suiza - Facultad de Arquitectura, Dise\u00f1o y Estudios Urbanos\",\"isPartOf\":{\"@id\":\"https:\/\/fadeu.urantiacos.cl\/en\/#website\"},\"primaryImageOfPage\":{\"@id\":\"https:\/\/fadeu.urantiacos.cl\/en\/2021\/12\/13\/taller-de-investigacion-arq-uc-colabora-con-la-coalicion-50l-home-con-sede-en-suiza\/#primaryimage\"},\"image\":{\"@id\":\"https:\/\/fadeu.urantiacos.cl\/en\/2021\/12\/13\/taller-de-investigacion-arq-uc-colabora-con-la-coalicion-50l-home-con-sede-en-suiza\/#primaryimage\"},\"thumbnailUrl\":\"https:\/\/fadeu.urantiacos.cl\/wp-content\/uploads\/2023\/09\/WEB_22FBF713-F4FC-4387-B46F-F475CC72E899.jpg\",\"datePublished\":\"2021-12-14T01:17:00+00:00\",\"dateModified\":\"2023-09-07T01:22:19+00:00\",\"author\":{\"@id\":\"https:\/\/fadeu.urantiacos.cl\/en\/#\/schema\/person\/d203e2e84b1c40275eac77b3061a19a2\"},\"description\":\"El taller \u201cLa casa de los 50 litros\u201d \u2014dirigido el profesor ARQ UC y jefe del Doctorado FADEU UC Pedro Alonso en colaboraci\u00f3n con Pablo Gubbins\u2014, cuenta con el apoyo de la plataforma global con base en Ginebra, Suiza, y realiz\u00f3 la primera visita al Centro del Desierto de Atacama (CDA) en Alto Patache en el marco de las investigaciones sobre el tema.\",\"breadcrumb\":{\"@id\":\"https:\/\/fadeu.urantiacos.cl\/en\/2021\/12\/13\/taller-de-investigacion-arq-uc-colabora-con-la-coalicion-50l-home-con-sede-en-suiza\/#breadcrumb\"},\"inLanguage\":\"en-US\",\"potentialAction\":[{\"@type\":\"ReadAction\",\"target\":[\"https:\/\/fadeu.urantiacos.cl\/en\/2021\/12\/13\/taller-de-investigacion-arq-uc-colabora-con-la-coalicion-50l-home-con-sede-en-suiza\/\"]}]},{\"@type\":\"ImageObject\",\"inLanguage\":\"en-US\",\"@id\":\"https:\/\/fadeu.urantiacos.cl\/en\/2021\/12\/13\/taller-de-investigacion-arq-uc-colabora-con-la-coalicion-50l-home-con-sede-en-suiza\/#primaryimage\",\"url\":\"https:\/\/fadeu.urantiacos.cl\/wp-content\/uploads\/2023\/09\/WEB_22FBF713-F4FC-4387-B46F-F475CC72E899.jpg\",\"contentUrl\":\"https:\/\/fadeu.urantiacos.cl\/wp-content\/uploads\/2023\/09\/WEB_22FBF713-F4FC-4387-B46F-F475CC72E899.jpg\",\"width\":350,\"height\":250},{\"@type\":\"BreadcrumbList\",\"@id\":\"https:\/\/fadeu.urantiacos.cl\/en\/2021\/12\/13\/taller-de-investigacion-arq-uc-colabora-con-la-coalicion-50l-home-con-sede-en-suiza\/#breadcrumb\",\"itemListElement\":[{\"@type\":\"ListItem\",\"position\":1,\"name\":\"Portada\",\"item\":\"https:\/\/fadeu.urantiacos.cl\/en\/\"},{\"@type\":\"ListItem\",\"position\":2,\"name\":\"Taller de Investigaci\u00f3n ARQ UC colabora con la Coalici\u00f3n 50L Home con sede en Suiza\"}]},{\"@type\":\"WebSite\",\"@id\":\"https:\/\/fadeu.urantiacos.cl\/en\/#website\",\"url\":\"https:\/\/fadeu.urantiacos.cl\/en\/\",\"name\":\"Facultad de Arquitectura, Dise\u00f1o y Estudios Urbanos\",\"description\":\"Campus Lo Contador\",\"potentialAction\":[{\"@type\":\"SearchAction\",\"target\":{\"@type\":\"EntryPoint\",\"urlTemplate\":\"https:\/\/fadeu.urantiacos.cl\/en\/?s={search_term_string}\"},\"query-input\":{\"@type\":\"PropertyValueSpecification\",\"valueRequired\":true,\"valueName\":\"search_term_string\"}}],\"inLanguage\":\"en-US\"},{\"@type\":\"Person\",\"@id\":\"https:\/\/fadeu.urantiacos.cl\/en\/#\/schema\/person\/d203e2e84b1c40275eac77b3061a19a2\",\"name\":\"manadmin\",\"image\":{\"@type\":\"ImageObject\",\"inLanguage\":\"en-US\",\"@id\":\"https:\/\/fadeu.urantiacos.cl\/en\/#\/schema\/person\/image\/\",\"url\":\"https:\/\/secure.gravatar.com\/avatar\/4b1d8e3303b4a9d8968ac578947d8bc80d9aea359f388cdd4aac15cadc0e8447?s=96&d=mm&r=g\",\"contentUrl\":\"https:\/\/secure.gravatar.com\/avatar\/4b1d8e3303b4a9d8968ac578947d8bc80d9aea359f388cdd4aac15cadc0e8447?s=96&d=mm&r=g\",\"caption\":\"manadmin\"},\"sameAs\":[\"https:\/\/fadeu.urantiacos.cl\"]}]}<\/script>\n<!-- \/ Yoast SEO plugin. -->","yoast_head_json":{"title":"Taller de Investigaci\u00f3n ARQ UC colabora con la Coalici\u00f3n 50L Home con sede en Suiza - Facultad de Arquitectura, Dise\u00f1o y Estudios Urbanos","description":"El taller \u201cLa casa de los 50 litros\u201d \u2014dirigido el profesor ARQ UC y jefe del Doctorado FADEU UC Pedro Alonso en colaboraci\u00f3n con Pablo Gubbins\u2014, cuenta con el apoyo de la plataforma global con base en Ginebra, Suiza, y realiz\u00f3 la primera visita al Centro del Desierto de Atacama (CDA) en Alto Patache en el marco de las investigaciones sobre el tema.","robots":{"index":"index","follow":"follow","max-snippet":"max-snippet:-1","max-image-preview":"max-image-preview:large","max-video-preview":"max-video-preview:-1"},"canonical":"https:\/\/fadeu.urantiacos.cl\/en\/2021\/12\/13\/taller-de-investigacion-arq-uc-colabora-con-la-coalicion-50l-home-con-sede-en-suiza\/","og_locale":"en_US","og_type":"article","og_title":"Taller de Investigaci\u00f3n ARQ UC colabora con la Coalici\u00f3n 50L Home con sede en Suiza - Facultad de Arquitectura, Dise\u00f1o y Estudios Urbanos","og_description":"El taller \u201cLa casa de los 50 litros\u201d \u2014dirigido el profesor ARQ UC y jefe del Doctorado FADEU UC Pedro Alonso en colaboraci\u00f3n con Pablo Gubbins\u2014, cuenta con el apoyo de la plataforma global con base en Ginebra, Suiza, y realiz\u00f3 la primera visita al Centro del Desierto de Atacama (CDA) en Alto Patache en el marco de las investigaciones sobre el tema.","og_url":"https:\/\/fadeu.urantiacos.cl\/en\/2021\/12\/13\/taller-de-investigacion-arq-uc-colabora-con-la-coalicion-50l-home-con-sede-en-suiza\/","og_site_name":"Facultad de Arquitectura, Dise\u00f1o y Estudios Urbanos","article_published_time":"2021-12-14T01:17:00+00:00","article_modified_time":"2023-09-07T01:22:19+00:00","og_image":[{"width":350,"height":250,"url":"https:\/\/fadeu.urantiacos.cl\/wp-content\/uploads\/2023\/09\/WEB_22FBF713-F4FC-4387-B46F-F475CC72E899.jpg","type":"image\/jpeg"}],"author":"manadmin","twitter_card":"summary_large_image","twitter_misc":{"Written by":"manadmin","Est. reading time":"2 minutes"},"schema":{"@context":"https:\/\/schema.org","@graph":[{"@type":"Article","@id":"https:\/\/fadeu.urantiacos.cl\/en\/2021\/12\/13\/taller-de-investigacion-arq-uc-colabora-con-la-coalicion-50l-home-con-sede-en-suiza\/#article","isPartOf":{"@id":"https:\/\/fadeu.urantiacos.cl\/en\/2021\/12\/13\/taller-de-investigacion-arq-uc-colabora-con-la-coalicion-50l-home-con-sede-en-suiza\/"},"author":{"name":"manadmin","@id":"https:\/\/fadeu.urantiacos.cl\/en\/#\/schema\/person\/d203e2e84b1c40275eac77b3061a19a2"},"headline":"Taller de Investigaci\u00f3n ARQ UC colabora con la Coalici\u00f3n 50L Home con sede en Suiza","datePublished":"2021-12-14T01:17:00+00:00","dateModified":"2023-09-07T01:22:19+00:00","mainEntityOfPage":{"@id":"https:\/\/fadeu.urantiacos.cl\/en\/2021\/12\/13\/taller-de-investigacion-arq-uc-colabora-con-la-coalicion-50l-home-con-sede-en-suiza\/"},"wordCount":322,"commentCount":0,"image":{"@id":"https:\/\/fadeu.urantiacos.cl\/en\/2021\/12\/13\/taller-de-investigacion-arq-uc-colabora-con-la-coalicion-50l-home-con-sede-en-suiza\/#primaryimage"},"thumbnailUrl":"https:\/\/fadeu.urantiacos.cl\/wp-content\/uploads\/2023\/09\/WEB_22FBF713-F4FC-4387-B46F-F475CC72E899.jpg","articleSection":["Sin categorizar"],"inLanguage":"en-US","potentialAction":[{"@type":"CommentAction","name":"Comment","target":["https:\/\/fadeu.urantiacos.cl\/en\/2021\/12\/13\/taller-de-investigacion-arq-uc-colabora-con-la-coalicion-50l-home-con-sede-en-suiza\/#respond"]}]},{"@type":"WebPage","@id":"https:\/\/fadeu.urantiacos.cl\/en\/2021\/12\/13\/taller-de-investigacion-arq-uc-colabora-con-la-coalicion-50l-home-con-sede-en-suiza\/","url":"https:\/\/fadeu.urantiacos.cl\/en\/2021\/12\/13\/taller-de-investigacion-arq-uc-colabora-con-la-coalicion-50l-home-con-sede-en-suiza\/","name":"Taller de Investigaci\u00f3n ARQ UC colabora con la Coalici\u00f3n 50L Home con sede en Suiza - Facultad de Arquitectura, Dise\u00f1o y Estudios Urbanos","isPartOf":{"@id":"https:\/\/fadeu.urantiacos.cl\/en\/#website"},"primaryImageOfPage":{"@id":"https:\/\/fadeu.urantiacos.cl\/en\/2021\/12\/13\/taller-de-investigacion-arq-uc-colabora-con-la-coalicion-50l-home-con-sede-en-suiza\/#primaryimage"},"image":{"@id":"https:\/\/fadeu.urantiacos.cl\/en\/2021\/12\/13\/taller-de-investigacion-arq-uc-colabora-con-la-coalicion-50l-home-con-sede-en-suiza\/#primaryimage"},"thumbnailUrl":"https:\/\/fadeu.urantiacos.cl\/wp-content\/uploads\/2023\/09\/WEB_22FBF713-F4FC-4387-B46F-F475CC72E899.jpg","datePublished":"2021-12-14T01:17:00+00:00","dateModified":"2023-09-07T01:22:19+00:00","author":{"@id":"https:\/\/fadeu.urantiacos.cl\/en\/#\/schema\/person\/d203e2e84b1c40275eac77b3061a19a2"},"description":"El taller \u201cLa casa de los 50 litros\u201d \u2014dirigido el profesor ARQ UC y jefe del Doctorado FADEU UC Pedro Alonso en colaboraci\u00f3n con Pablo Gubbins\u2014, cuenta con el apoyo de la plataforma global con base en Ginebra, Suiza, y realiz\u00f3 la primera visita al Centro del Desierto de Atacama (CDA) en Alto Patache en el marco de las investigaciones sobre el tema.","breadcrumb":{"@id":"https:\/\/fadeu.urantiacos.cl\/en\/2021\/12\/13\/taller-de-investigacion-arq-uc-colabora-con-la-coalicion-50l-home-con-sede-en-suiza\/#breadcrumb"},"inLanguage":"en-US","potentialAction":[{"@type":"ReadAction","target":["https:\/\/fadeu.urantiacos.cl\/en\/2021\/12\/13\/taller-de-investigacion-arq-uc-colabora-con-la-coalicion-50l-home-con-sede-en-suiza\/"]}]},{"@type":"ImageObject","inLanguage":"en-US","@id":"https:\/\/fadeu.urantiacos.cl\/en\/2021\/12\/13\/taller-de-investigacion-arq-uc-colabora-con-la-coalicion-50l-home-con-sede-en-suiza\/#primaryimage","url":"https:\/\/fadeu.urantiacos.cl\/wp-content\/uploads\/2023\/09\/WEB_22FBF713-F4FC-4387-B46F-F475CC72E899.jpg","contentUrl":"https:\/\/fadeu.urantiacos.cl\/wp-content\/uploads\/2023\/09\/WEB_22FBF713-F4FC-4387-B46F-F475CC72E899.jpg","width":350,"height":250},{"@type":"BreadcrumbList","@id":"https:\/\/fadeu.urantiacos.cl\/en\/2021\/12\/13\/taller-de-investigacion-arq-uc-colabora-con-la-coalicion-50l-home-con-sede-en-suiza\/#breadcrumb","itemListElement":[{"@type":"ListItem","position":1,"name":"Portada","item":"https:\/\/fadeu.urantiacos.cl\/en\/"},{"@type":"ListItem","position":2,"name":"Taller de Investigaci\u00f3n ARQ UC colabora con la Coalici\u00f3n 50L Home con sede en Suiza"}]},{"@type":"WebSite","@id":"https:\/\/fadeu.urantiacos.cl\/en\/#website","url":"https:\/\/fadeu.urantiacos.cl\/en\/","name":"Facultad de Arquitectura, Dise\u00f1o y Estudios Urbanos","description":"Campus Lo Contador","potentialAction":[{"@type":"SearchAction","target":{"@type":"EntryPoint","urlTemplate":"https:\/\/fadeu.urantiacos.cl\/en\/?s={search_term_string}"},"query-input":{"@type":"PropertyValueSpecification","valueRequired":true,"valueName":"search_term_string"}}],"inLanguage":"en-US"},{"@type":"Person","@id":"https:\/\/fadeu.urantiacos.cl\/en\/#\/schema\/person\/d203e2e84b1c40275eac77b3061a19a2","name":"manadmin","image":{"@type":"ImageObject","inLanguage":"en-US","@id":"https:\/\/fadeu.urantiacos.cl\/en\/#\/schema\/person\/image\/","url":"https:\/\/secure.gravatar.com\/avatar\/4b1d8e3303b4a9d8968ac578947d8bc80d9aea359f388cdd4aac15cadc0e8447?s=96&d=mm&r=g","contentUrl":"https:\/\/secure.gravatar.com\/avatar\/4b1d8e3303b4a9d8968ac578947d8bc80d9aea359f388cdd4aac15cadc0e8447?s=96&d=mm&r=g","caption":"manadmin"},"sameAs":["https:\/\/fadeu.urantiacos.cl"]}]}},"_links":{"self":[{"href":"https:\/\/fadeu.urantiacos.cl\/en\/wp-json\/wp\/v2\/posts\/5814","targetHints":{"allow":["GET"]}}],"collection":[{"href":"https:\/\/fadeu.urantiacos.cl\/en\/wp-json\/wp\/v2\/posts"}],"about":[{"href":"https:\/\/fadeu.urantiacos.cl\/en\/wp-json\/wp\/v2\/types\/post"}],"author":[{"embeddable":true,"href":"https:\/\/fadeu.urantiacos.cl\/en\/wp-json\/wp\/v2\/users\/1"}],"replies":[{"embeddable":true,"href":"https:\/\/fadeu.urantiacos.cl\/en\/wp-json\/wp\/v2\/comments?post=5814"}],"version-history":[{"count":1,"href":"https:\/\/fadeu.urantiacos.cl\/en\/wp-json\/wp\/v2\/posts\/5814\/revisions"}],"predecessor-version":[{"id":5819,"href":"https:\/\/fadeu.urantiacos.cl\/en\/wp-json\/wp\/v2\/posts\/5814\/revisions\/5819"}],"wp:featuredmedia":[{"embeddable":true,"href":"https:\/\/fadeu.urantiacos.cl\/en\/wp-json\/wp\/v2\/media\/5816"}],"wp:attachment":[{"href":"https:\/\/fadeu.urantiacos.cl\/en\/wp-json\/wp\/v2\/media?parent=5814"}],"wp:term":[{"taxonomy":"category","embeddable":true,"href":"https:\/\/fadeu.urantiacos.cl\/en\/wp-json\/wp\/v2\/categories?post=5814"},{"taxonomy":"post_tag","embeddable":true,"href":"https:\/\/fadeu.urantiacos.cl\/en\/wp-json\/wp\/v2\/tags?post=5814"}],"curies":[{"name":"wp","href":"https:\/\/api.w.org\/{rel}","templated":true}]}}