{"id":5808,"date":"2021-12-13T22:14:00","date_gmt":"2021-12-14T01:14:00","guid":{"rendered":"https:\/\/fadeu.urantiacos.cl\/?p=5808"},"modified":"2023-09-06T22:17:35","modified_gmt":"2023-09-07T01:17:35","slug":"max-nunez-gana-concurso-para-biblioteca-regional-de-los-rios","status":"publish","type":"post","link":"https:\/\/fadeu.urantiacos.cl\/en\/2021\/12\/13\/max-nunez-gana-concurso-para-biblioteca-regional-de-los-rios\/","title":{"rendered":"Max N\u00fa\u00f1ez gana concurso para Biblioteca Regional de Los R\u00edos"},"content":{"rendered":"\n<figure class=\"wp-block-image size-full\"><img decoding=\"async\" width=\"350\" height=\"250\" src=\"https:\/\/fadeu.urantiacos.cl\/wp-content\/uploads\/2023\/09\/WEB_Museo_Biblioteca_Los_Rios_Nunez1.jpg\" alt=\"\" class=\"wp-image-5809\" srcset=\"https:\/\/fadeu.urantiacos.cl\/wp-content\/uploads\/2023\/09\/WEB_Museo_Biblioteca_Los_Rios_Nunez1.jpg 350w, https:\/\/fadeu.urantiacos.cl\/wp-content\/uploads\/2023\/09\/WEB_Museo_Biblioteca_Los_Rios_Nunez1-300x214.jpg 300w\" sizes=\"(max-width: 350px) 100vw, 350px\" \/><\/figure>\n\n\n\n<p>La propuesta fue escogida por el jurado entre un total de 39 proyectos, en un concurso que buscaba \u2014bajo el concepto de Valdivia &#8220;ciudad humedal&#8221;\u2014 respetar la naturaleza fluvial de la ciudad. Tras el anuncio de los resultados, la ministra Consuelo Vald\u00e9s se\u00f1al\u00f3 que \u201cla propuesta de dise\u00f1o arquitect\u00f3nico de Max N\u00fa\u00f1ez y asociados es realmente un regalo para la comunidad que podr\u00e1 acceder a esta importante obra, pensada en las cualidades y caracter\u00edsticas de la ciudad. Con este proyecto seguimos consolidando el plan nacional de infraestructura patrimonial que nos ha permitido implementar nuevos y mejores inmuebles para el desarrollo cultural a lo largo de todo Chile\u201d (cita extra\u00edda de&nbsp;<a href=\"https:\/\/www.diariofutrono.cl\/noticia\/actualidad\/2021\/11\/nueva-biblioteca-regional-revisa-imagenes-del-proyecto-ganador\" target=\"_blank\" rel=\"noreferrer noopener\">Diario Futrono<\/a>).<\/p>\n\n\n\n<p>En esa misma l\u00ednea, y de acuerdo a lo se\u00f1alado por el diario&nbsp;El Mercurio, Max N\u00fa\u00f1ez sostuvo que el edificio tendr\u00e1 \u201cuna estrecha relaci\u00f3n con el Calle Calle, de modo de recuperar ese contacto que exist\u00eda entre los valdivianos y su r\u00edo\u201d. El equipo ganador de este concurso estuvo compuesto por el profesor ARQ UC Max N\u00fa\u00f1ez, el arquitecto Stefano Rolla, el ingeniero calculista Enzo Valladares, y las arquitectas del paisaje UC Paula Livingstone y Javiera Jadue.<\/p>\n\n\n\n<p>Ver m\u00e1s sobre el concurso en el siguiente&nbsp;<a href=\"https:\/\/www.patrimoniocultural.gob.cl\/concurso-los-rios\" target=\"_blank\" rel=\"noreferrer noopener\">link<\/a>&nbsp;<\/p>\n\n\n\n<figure class=\"wp-block-image size-full\"><img decoding=\"async\" width=\"800\" height=\"400\" src=\"https:\/\/fadeu.urantiacos.cl\/wp-content\/uploads\/2023\/09\/Museo_Biblioteca_Los_Rios_Nunez1.jpg\" alt=\"\" class=\"wp-image-5810\" srcset=\"https:\/\/fadeu.urantiacos.cl\/wp-content\/uploads\/2023\/09\/Museo_Biblioteca_Los_Rios_Nunez1.jpg 800w, https:\/\/fadeu.urantiacos.cl\/wp-content\/uploads\/2023\/09\/Museo_Biblioteca_Los_Rios_Nunez1-300x150.jpg 300w, https:\/\/fadeu.urantiacos.cl\/wp-content\/uploads\/2023\/09\/Museo_Biblioteca_Los_Rios_Nunez1-768x384.jpg 768w\" sizes=\"(max-width: 800px) 100vw, 800px\" \/><\/figure>\n\n\n\n<figure class=\"wp-block-image size-large\"><img decoding=\"async\" width=\"1024\" height=\"466\" src=\"https:\/\/fadeu.urantiacos.cl\/wp-content\/uploads\/2023\/09\/Museo_Biblioteca_Los_Rios_Nunez-1024x466.jpg\" alt=\"\" class=\"wp-image-5811\" srcset=\"https:\/\/fadeu.urantiacos.cl\/wp-content\/uploads\/2023\/09\/Museo_Biblioteca_Los_Rios_Nunez-1024x466.jpg 1024w, https:\/\/fadeu.urantiacos.cl\/wp-content\/uploads\/2023\/09\/Museo_Biblioteca_Los_Rios_Nunez-300x137.jpg 300w, https:\/\/fadeu.urantiacos.cl\/wp-content\/uploads\/2023\/09\/Museo_Biblioteca_Los_Rios_Nunez-768x350.jpg 768w, https:\/\/fadeu.urantiacos.cl\/wp-content\/uploads\/2023\/09\/Museo_Biblioteca_Los_Rios_Nunez.jpg 1280w\" sizes=\"(max-width: 1024px) 100vw, 1024px\" \/><\/figure>\n\n\n\n<figure class=\"wp-block-image size-large\"><img decoding=\"async\" width=\"1024\" height=\"478\" src=\"https:\/\/fadeu.urantiacos.cl\/wp-content\/uploads\/2023\/09\/Museo_Biblioteca_Los_Rios_Nunez3-1024x478.jpg\" alt=\"\" class=\"wp-image-5812\" srcset=\"https:\/\/fadeu.urantiacos.cl\/wp-content\/uploads\/2023\/09\/Museo_Biblioteca_Los_Rios_Nunez3-1024x478.jpg 1024w, https:\/\/fadeu.urantiacos.cl\/wp-content\/uploads\/2023\/09\/Museo_Biblioteca_Los_Rios_Nunez3-300x140.jpg 300w, https:\/\/fadeu.urantiacos.cl\/wp-content\/uploads\/2023\/09\/Museo_Biblioteca_Los_Rios_Nunez3-768x359.jpg 768w, https:\/\/fadeu.urantiacos.cl\/wp-content\/uploads\/2023\/09\/Museo_Biblioteca_Los_Rios_Nunez3.jpg 1280w\" sizes=\"(max-width: 1024px) 100vw, 1024px\" \/><\/figure>\n\n\n\n<p>Noticias<br>Contacto:&nbsp;<a href=\"mailto:redesarq@uc.cl\">redesarq@uc.cl<\/a>&nbsp;| +56 2 2354 7747<br>www.arquitectura.uc.cl<\/p>\n","protected":false},"excerpt":{"rendered":"<p>La oficina del profesor ARQ UC se adjudic\u00f3 el primer lugar en el concurso p\u00fablico para la nueva biblioteca, archivo y dep\u00f3sito de colecciones de Los R\u00edos, ubicada en la ciudad de Valdivia.<\/p>\n","protected":false},"author":1,"featured_media":5809,"comment_status":"open","ping_status":"open","sticky":false,"template":"","format":"standard","meta":{"_acf_changed":false,"footnotes":""},"categories":[1],"tags":[],"class_list":["post-5808","post","type-post","status-publish","format-standard","has-post-thumbnail","hentry","category-sin-categorizar"],"acf":[],"yoast_head":"<!-- This site is optimized with the Yoast SEO plugin v27.1.1 - https:\/\/yoast.com\/product\/yoast-seo-wordpress\/ -->\n<title>Max N\u00fa\u00f1ez gana concurso para Biblioteca Regional de Los R\u00edos - Facultad de Arquitectura, Dise\u00f1o y Estudios Urbanos<\/title>\n<meta name=\"description\" content=\"La oficina del profesor ARQ UC se adjudic\u00f3 el primer lugar en el concurso p\u00fablico para la nueva biblioteca, archivo y dep\u00f3sito de colecciones de Los R\u00edos, ubicada en la ciudad de Valdivia.\" \/>\n<meta name=\"robots\" content=\"index, follow, max-snippet:-1, max-image-preview:large, max-video-preview:-1\" \/>\n<link rel=\"canonical\" href=\"https:\/\/fadeu.urantiacos.cl\/en\/2021\/12\/13\/max-nunez-gana-concurso-para-biblioteca-regional-de-los-rios\/\" \/>\n<meta property=\"og:locale\" content=\"en_US\" \/>\n<meta property=\"og:type\" content=\"article\" \/>\n<meta property=\"og:title\" content=\"Max N\u00fa\u00f1ez gana concurso para Biblioteca Regional de Los R\u00edos - Facultad de Arquitectura, Dise\u00f1o y Estudios Urbanos\" \/>\n<meta property=\"og:description\" content=\"La oficina del profesor ARQ UC se adjudic\u00f3 el primer lugar en el concurso p\u00fablico para la nueva biblioteca, archivo y dep\u00f3sito de colecciones de Los R\u00edos, ubicada en la ciudad de Valdivia.\" \/>\n<meta property=\"og:url\" content=\"https:\/\/fadeu.urantiacos.cl\/en\/2021\/12\/13\/max-nunez-gana-concurso-para-biblioteca-regional-de-los-rios\/\" \/>\n<meta property=\"og:site_name\" content=\"Facultad de Arquitectura, Dise\u00f1o y Estudios Urbanos\" \/>\n<meta property=\"article:published_time\" content=\"2021-12-14T01:14:00+00:00\" \/>\n<meta property=\"article:modified_time\" content=\"2023-09-07T01:17:35+00:00\" \/>\n<meta property=\"og:image\" content=\"https:\/\/fadeu.urantiacos.cl\/wp-content\/uploads\/2023\/09\/WEB_Museo_Biblioteca_Los_Rios_Nunez1.jpg\" \/>\n\t<meta property=\"og:image:width\" content=\"350\" \/>\n\t<meta property=\"og:image:height\" content=\"250\" \/>\n\t<meta property=\"og:image:type\" content=\"image\/jpeg\" \/>\n<meta name=\"author\" content=\"manadmin\" \/>\n<meta name=\"twitter:card\" content=\"summary_large_image\" \/>\n<meta name=\"twitter:label1\" content=\"Written by\" \/>\n\t<meta name=\"twitter:data1\" content=\"manadmin\" \/>\n\t<meta name=\"twitter:label2\" content=\"Est. reading time\" \/>\n\t<meta name=\"twitter:data2\" content=\"1 minute\" \/>\n<script type=\"application\/ld+json\" class=\"yoast-schema-graph\">{\"@context\":\"https:\/\/schema.org\",\"@graph\":[{\"@type\":\"Article\",\"@id\":\"https:\/\/fadeu.urantiacos.cl\/en\/2021\/12\/13\/max-nunez-gana-concurso-para-biblioteca-regional-de-los-rios\/#article\",\"isPartOf\":{\"@id\":\"https:\/\/fadeu.urantiacos.cl\/en\/2021\/12\/13\/max-nunez-gana-concurso-para-biblioteca-regional-de-los-rios\/\"},\"author\":{\"name\":\"manadmin\",\"@id\":\"https:\/\/fadeu.urantiacos.cl\/en\/#\/schema\/person\/d203e2e84b1c40275eac77b3061a19a2\"},\"headline\":\"Max N\u00fa\u00f1ez gana concurso para Biblioteca Regional de Los R\u00edos\",\"datePublished\":\"2021-12-14T01:14:00+00:00\",\"dateModified\":\"2023-09-07T01:17:35+00:00\",\"mainEntityOfPage\":{\"@id\":\"https:\/\/fadeu.urantiacos.cl\/en\/2021\/12\/13\/max-nunez-gana-concurso-para-biblioteca-regional-de-los-rios\/\"},\"wordCount\":239,\"commentCount\":0,\"image\":{\"@id\":\"https:\/\/fadeu.urantiacos.cl\/en\/2021\/12\/13\/max-nunez-gana-concurso-para-biblioteca-regional-de-los-rios\/#primaryimage\"},\"thumbnailUrl\":\"https:\/\/fadeu.urantiacos.cl\/wp-content\/uploads\/2023\/09\/WEB_Museo_Biblioteca_Los_Rios_Nunez1.jpg\",\"articleSection\":[\"Sin categorizar\"],\"inLanguage\":\"en-US\",\"potentialAction\":[{\"@type\":\"CommentAction\",\"name\":\"Comment\",\"target\":[\"https:\/\/fadeu.urantiacos.cl\/en\/2021\/12\/13\/max-nunez-gana-concurso-para-biblioteca-regional-de-los-rios\/#respond\"]}]},{\"@type\":\"WebPage\",\"@id\":\"https:\/\/fadeu.urantiacos.cl\/en\/2021\/12\/13\/max-nunez-gana-concurso-para-biblioteca-regional-de-los-rios\/\",\"url\":\"https:\/\/fadeu.urantiacos.cl\/en\/2021\/12\/13\/max-nunez-gana-concurso-para-biblioteca-regional-de-los-rios\/\",\"name\":\"Max N\u00fa\u00f1ez gana concurso para Biblioteca Regional de Los R\u00edos - Facultad de Arquitectura, Dise\u00f1o y Estudios Urbanos\",\"isPartOf\":{\"@id\":\"https:\/\/fadeu.urantiacos.cl\/en\/#website\"},\"primaryImageOfPage\":{\"@id\":\"https:\/\/fadeu.urantiacos.cl\/en\/2021\/12\/13\/max-nunez-gana-concurso-para-biblioteca-regional-de-los-rios\/#primaryimage\"},\"image\":{\"@id\":\"https:\/\/fadeu.urantiacos.cl\/en\/2021\/12\/13\/max-nunez-gana-concurso-para-biblioteca-regional-de-los-rios\/#primaryimage\"},\"thumbnailUrl\":\"https:\/\/fadeu.urantiacos.cl\/wp-content\/uploads\/2023\/09\/WEB_Museo_Biblioteca_Los_Rios_Nunez1.jpg\",\"datePublished\":\"2021-12-14T01:14:00+00:00\",\"dateModified\":\"2023-09-07T01:17:35+00:00\",\"author\":{\"@id\":\"https:\/\/fadeu.urantiacos.cl\/en\/#\/schema\/person\/d203e2e84b1c40275eac77b3061a19a2\"},\"description\":\"La oficina del profesor ARQ UC se adjudic\u00f3 el primer lugar en el concurso p\u00fablico para la nueva biblioteca, archivo y dep\u00f3sito de colecciones de Los R\u00edos, ubicada en la ciudad de Valdivia.\",\"breadcrumb\":{\"@id\":\"https:\/\/fadeu.urantiacos.cl\/en\/2021\/12\/13\/max-nunez-gana-concurso-para-biblioteca-regional-de-los-rios\/#breadcrumb\"},\"inLanguage\":\"en-US\",\"potentialAction\":[{\"@type\":\"ReadAction\",\"target\":[\"https:\/\/fadeu.urantiacos.cl\/en\/2021\/12\/13\/max-nunez-gana-concurso-para-biblioteca-regional-de-los-rios\/\"]}]},{\"@type\":\"ImageObject\",\"inLanguage\":\"en-US\",\"@id\":\"https:\/\/fadeu.urantiacos.cl\/en\/2021\/12\/13\/max-nunez-gana-concurso-para-biblioteca-regional-de-los-rios\/#primaryimage\",\"url\":\"https:\/\/fadeu.urantiacos.cl\/wp-content\/uploads\/2023\/09\/WEB_Museo_Biblioteca_Los_Rios_Nunez1.jpg\",\"contentUrl\":\"https:\/\/fadeu.urantiacos.cl\/wp-content\/uploads\/2023\/09\/WEB_Museo_Biblioteca_Los_Rios_Nunez1.jpg\",\"width\":350,\"height\":250},{\"@type\":\"BreadcrumbList\",\"@id\":\"https:\/\/fadeu.urantiacos.cl\/en\/2021\/12\/13\/max-nunez-gana-concurso-para-biblioteca-regional-de-los-rios\/#breadcrumb\",\"itemListElement\":[{\"@type\":\"ListItem\",\"position\":1,\"name\":\"Portada\",\"item\":\"https:\/\/fadeu.urantiacos.cl\/en\/\"},{\"@type\":\"ListItem\",\"position\":2,\"name\":\"Max N\u00fa\u00f1ez gana concurso para Biblioteca Regional de Los R\u00edos\"}]},{\"@type\":\"WebSite\",\"@id\":\"https:\/\/fadeu.urantiacos.cl\/en\/#website\",\"url\":\"https:\/\/fadeu.urantiacos.cl\/en\/\",\"name\":\"Facultad de Arquitectura, Dise\u00f1o y Estudios Urbanos\",\"description\":\"Campus Lo Contador\",\"potentialAction\":[{\"@type\":\"SearchAction\",\"target\":{\"@type\":\"EntryPoint\",\"urlTemplate\":\"https:\/\/fadeu.urantiacos.cl\/en\/?s={search_term_string}\"},\"query-input\":{\"@type\":\"PropertyValueSpecification\",\"valueRequired\":true,\"valueName\":\"search_term_string\"}}],\"inLanguage\":\"en-US\"},{\"@type\":\"Person\",\"@id\":\"https:\/\/fadeu.urantiacos.cl\/en\/#\/schema\/person\/d203e2e84b1c40275eac77b3061a19a2\",\"name\":\"manadmin\",\"image\":{\"@type\":\"ImageObject\",\"inLanguage\":\"en-US\",\"@id\":\"https:\/\/fadeu.urantiacos.cl\/en\/#\/schema\/person\/image\/\",\"url\":\"https:\/\/secure.gravatar.com\/avatar\/4b1d8e3303b4a9d8968ac578947d8bc80d9aea359f388cdd4aac15cadc0e8447?s=96&d=mm&r=g\",\"contentUrl\":\"https:\/\/secure.gravatar.com\/avatar\/4b1d8e3303b4a9d8968ac578947d8bc80d9aea359f388cdd4aac15cadc0e8447?s=96&d=mm&r=g\",\"caption\":\"manadmin\"},\"sameAs\":[\"https:\/\/fadeu.urantiacos.cl\"]}]}<\/script>\n<!-- \/ Yoast SEO plugin. -->","yoast_head_json":{"title":"Max N\u00fa\u00f1ez gana concurso para Biblioteca Regional de Los R\u00edos - Facultad de Arquitectura, Dise\u00f1o y Estudios Urbanos","description":"La oficina del profesor ARQ UC se adjudic\u00f3 el primer lugar en el concurso p\u00fablico para la nueva biblioteca, archivo y dep\u00f3sito de colecciones de Los R\u00edos, ubicada en la ciudad de Valdivia.","robots":{"index":"index","follow":"follow","max-snippet":"max-snippet:-1","max-image-preview":"max-image-preview:large","max-video-preview":"max-video-preview:-1"},"canonical":"https:\/\/fadeu.urantiacos.cl\/en\/2021\/12\/13\/max-nunez-gana-concurso-para-biblioteca-regional-de-los-rios\/","og_locale":"en_US","og_type":"article","og_title":"Max N\u00fa\u00f1ez gana concurso para Biblioteca Regional de Los R\u00edos - Facultad de Arquitectura, Dise\u00f1o y Estudios Urbanos","og_description":"La oficina del profesor ARQ UC se adjudic\u00f3 el primer lugar en el concurso p\u00fablico para la nueva biblioteca, archivo y dep\u00f3sito de colecciones de Los R\u00edos, ubicada en la ciudad de Valdivia.","og_url":"https:\/\/fadeu.urantiacos.cl\/en\/2021\/12\/13\/max-nunez-gana-concurso-para-biblioteca-regional-de-los-rios\/","og_site_name":"Facultad de Arquitectura, Dise\u00f1o y Estudios Urbanos","article_published_time":"2021-12-14T01:14:00+00:00","article_modified_time":"2023-09-07T01:17:35+00:00","og_image":[{"width":350,"height":250,"url":"https:\/\/fadeu.urantiacos.cl\/wp-content\/uploads\/2023\/09\/WEB_Museo_Biblioteca_Los_Rios_Nunez1.jpg","type":"image\/jpeg"}],"author":"manadmin","twitter_card":"summary_large_image","twitter_misc":{"Written by":"manadmin","Est. reading time":"1 minute"},"schema":{"@context":"https:\/\/schema.org","@graph":[{"@type":"Article","@id":"https:\/\/fadeu.urantiacos.cl\/en\/2021\/12\/13\/max-nunez-gana-concurso-para-biblioteca-regional-de-los-rios\/#article","isPartOf":{"@id":"https:\/\/fadeu.urantiacos.cl\/en\/2021\/12\/13\/max-nunez-gana-concurso-para-biblioteca-regional-de-los-rios\/"},"author":{"name":"manadmin","@id":"https:\/\/fadeu.urantiacos.cl\/en\/#\/schema\/person\/d203e2e84b1c40275eac77b3061a19a2"},"headline":"Max N\u00fa\u00f1ez gana concurso para Biblioteca Regional de Los R\u00edos","datePublished":"2021-12-14T01:14:00+00:00","dateModified":"2023-09-07T01:17:35+00:00","mainEntityOfPage":{"@id":"https:\/\/fadeu.urantiacos.cl\/en\/2021\/12\/13\/max-nunez-gana-concurso-para-biblioteca-regional-de-los-rios\/"},"wordCount":239,"commentCount":0,"image":{"@id":"https:\/\/fadeu.urantiacos.cl\/en\/2021\/12\/13\/max-nunez-gana-concurso-para-biblioteca-regional-de-los-rios\/#primaryimage"},"thumbnailUrl":"https:\/\/fadeu.urantiacos.cl\/wp-content\/uploads\/2023\/09\/WEB_Museo_Biblioteca_Los_Rios_Nunez1.jpg","articleSection":["Sin categorizar"],"inLanguage":"en-US","potentialAction":[{"@type":"CommentAction","name":"Comment","target":["https:\/\/fadeu.urantiacos.cl\/en\/2021\/12\/13\/max-nunez-gana-concurso-para-biblioteca-regional-de-los-rios\/#respond"]}]},{"@type":"WebPage","@id":"https:\/\/fadeu.urantiacos.cl\/en\/2021\/12\/13\/max-nunez-gana-concurso-para-biblioteca-regional-de-los-rios\/","url":"https:\/\/fadeu.urantiacos.cl\/en\/2021\/12\/13\/max-nunez-gana-concurso-para-biblioteca-regional-de-los-rios\/","name":"Max N\u00fa\u00f1ez gana concurso para Biblioteca Regional de Los R\u00edos - Facultad de Arquitectura, Dise\u00f1o y Estudios Urbanos","isPartOf":{"@id":"https:\/\/fadeu.urantiacos.cl\/en\/#website"},"primaryImageOfPage":{"@id":"https:\/\/fadeu.urantiacos.cl\/en\/2021\/12\/13\/max-nunez-gana-concurso-para-biblioteca-regional-de-los-rios\/#primaryimage"},"image":{"@id":"https:\/\/fadeu.urantiacos.cl\/en\/2021\/12\/13\/max-nunez-gana-concurso-para-biblioteca-regional-de-los-rios\/#primaryimage"},"thumbnailUrl":"https:\/\/fadeu.urantiacos.cl\/wp-content\/uploads\/2023\/09\/WEB_Museo_Biblioteca_Los_Rios_Nunez1.jpg","datePublished":"2021-12-14T01:14:00+00:00","dateModified":"2023-09-07T01:17:35+00:00","author":{"@id":"https:\/\/fadeu.urantiacos.cl\/en\/#\/schema\/person\/d203e2e84b1c40275eac77b3061a19a2"},"description":"La oficina del profesor ARQ UC se adjudic\u00f3 el primer lugar en el concurso p\u00fablico para la nueva biblioteca, archivo y dep\u00f3sito de colecciones de Los R\u00edos, ubicada en la ciudad de Valdivia.","breadcrumb":{"@id":"https:\/\/fadeu.urantiacos.cl\/en\/2021\/12\/13\/max-nunez-gana-concurso-para-biblioteca-regional-de-los-rios\/#breadcrumb"},"inLanguage":"en-US","potentialAction":[{"@type":"ReadAction","target":["https:\/\/fadeu.urantiacos.cl\/en\/2021\/12\/13\/max-nunez-gana-concurso-para-biblioteca-regional-de-los-rios\/"]}]},{"@type":"ImageObject","inLanguage":"en-US","@id":"https:\/\/fadeu.urantiacos.cl\/en\/2021\/12\/13\/max-nunez-gana-concurso-para-biblioteca-regional-de-los-rios\/#primaryimage","url":"https:\/\/fadeu.urantiacos.cl\/wp-content\/uploads\/2023\/09\/WEB_Museo_Biblioteca_Los_Rios_Nunez1.jpg","contentUrl":"https:\/\/fadeu.urantiacos.cl\/wp-content\/uploads\/2023\/09\/WEB_Museo_Biblioteca_Los_Rios_Nunez1.jpg","width":350,"height":250},{"@type":"BreadcrumbList","@id":"https:\/\/fadeu.urantiacos.cl\/en\/2021\/12\/13\/max-nunez-gana-concurso-para-biblioteca-regional-de-los-rios\/#breadcrumb","itemListElement":[{"@type":"ListItem","position":1,"name":"Portada","item":"https:\/\/fadeu.urantiacos.cl\/en\/"},{"@type":"ListItem","position":2,"name":"Max N\u00fa\u00f1ez gana concurso para Biblioteca Regional de Los R\u00edos"}]},{"@type":"WebSite","@id":"https:\/\/fadeu.urantiacos.cl\/en\/#website","url":"https:\/\/fadeu.urantiacos.cl\/en\/","name":"Facultad de Arquitectura, Dise\u00f1o y Estudios Urbanos","description":"Campus Lo Contador","potentialAction":[{"@type":"SearchAction","target":{"@type":"EntryPoint","urlTemplate":"https:\/\/fadeu.urantiacos.cl\/en\/?s={search_term_string}"},"query-input":{"@type":"PropertyValueSpecification","valueRequired":true,"valueName":"search_term_string"}}],"inLanguage":"en-US"},{"@type":"Person","@id":"https:\/\/fadeu.urantiacos.cl\/en\/#\/schema\/person\/d203e2e84b1c40275eac77b3061a19a2","name":"manadmin","image":{"@type":"ImageObject","inLanguage":"en-US","@id":"https:\/\/fadeu.urantiacos.cl\/en\/#\/schema\/person\/image\/","url":"https:\/\/secure.gravatar.com\/avatar\/4b1d8e3303b4a9d8968ac578947d8bc80d9aea359f388cdd4aac15cadc0e8447?s=96&d=mm&r=g","contentUrl":"https:\/\/secure.gravatar.com\/avatar\/4b1d8e3303b4a9d8968ac578947d8bc80d9aea359f388cdd4aac15cadc0e8447?s=96&d=mm&r=g","caption":"manadmin"},"sameAs":["https:\/\/fadeu.urantiacos.cl"]}]}},"_links":{"self":[{"href":"https:\/\/fadeu.urantiacos.cl\/en\/wp-json\/wp\/v2\/posts\/5808","targetHints":{"allow":["GET"]}}],"collection":[{"href":"https:\/\/fadeu.urantiacos.cl\/en\/wp-json\/wp\/v2\/posts"}],"about":[{"href":"https:\/\/fadeu.urantiacos.cl\/en\/wp-json\/wp\/v2\/types\/post"}],"author":[{"embeddable":true,"href":"https:\/\/fadeu.urantiacos.cl\/en\/wp-json\/wp\/v2\/users\/1"}],"replies":[{"embeddable":true,"href":"https:\/\/fadeu.urantiacos.cl\/en\/wp-json\/wp\/v2\/comments?post=5808"}],"version-history":[{"count":1,"href":"https:\/\/fadeu.urantiacos.cl\/en\/wp-json\/wp\/v2\/posts\/5808\/revisions"}],"predecessor-version":[{"id":5813,"href":"https:\/\/fadeu.urantiacos.cl\/en\/wp-json\/wp\/v2\/posts\/5808\/revisions\/5813"}],"wp:featuredmedia":[{"embeddable":true,"href":"https:\/\/fadeu.urantiacos.cl\/en\/wp-json\/wp\/v2\/media\/5809"}],"wp:attachment":[{"href":"https:\/\/fadeu.urantiacos.cl\/en\/wp-json\/wp\/v2\/media?parent=5808"}],"wp:term":[{"taxonomy":"category","embeddable":true,"href":"https:\/\/fadeu.urantiacos.cl\/en\/wp-json\/wp\/v2\/categories?post=5808"},{"taxonomy":"post_tag","embeddable":true,"href":"https:\/\/fadeu.urantiacos.cl\/en\/wp-json\/wp\/v2\/tags?post=5808"}],"curies":[{"name":"wp","href":"https:\/\/api.w.org\/{rel}","templated":true}]}}